{"id":146883,"date":"2025-06-11T08:04:59","date_gmt":"2025-06-11T13:04:59","guid":{"rendered":"https:\/\/lospoliticosveracruz.com.mx\/?p=146883"},"modified":"2025-06-11T09:02:37","modified_gmt":"2025-06-11T14:02:37","slug":"146883","status":"publish","type":"post","link":"https:\/\/lospoliticosveracruz.com\/?p=146883","title":{"rendered":"SABADAZO A LA UV!"},"content":{"rendered":"\n\n\n<p><br><strong>Omar Z\u00fa\u00f1iga<\/strong><\/p>\n\n\n\n<p>De Primera Mano<\/p>\n\n\n\n<p>En medio del gran desaseo en que ha incurrido la Junta de Gobierno para el proceso de renovaci\u00f3n de la Rector\u00eda de la UV, con el pretexto del proceso de consulta a la comunidad universitaria en la pretendida&nbsp;\u201cpr\u00f3rroga\u201d, que no es m\u00e1s que un intento de asalto de&nbsp;<strong>Martincillo<\/strong>, se dio un nuevo albazo, que en este caso es el vulgar&nbsp;<strong><em>sabadazo<\/em><\/strong>&nbsp;que le daban a un borrach\u00edn cuando lo agarraban un viernes en la noche orinando en la calle.<\/p>\n\n\n\n<p>Resulta que el viernes pasado, el mismo d\u00eda en que se celebr\u00f3 el Consejo Universitario General que le dio la espalda a la pretensi\u00f3n del rectorcito, la No Honorable Junta de Gobierno, public\u00f3 en su p\u00e1gina web, el Plan de Trabajo 2025-2029 de&nbsp;<strong>Gerardo Mart\u00edn Aguilar<\/strong>.<\/p>\n\n\n\n<p>Un documento de 144 p\u00e1ginas, que s\u00f3lo las primeras diez son de pura paja&nbsp;y sin ganas de adentrarse.<\/p>\n\n\n\n<p>Consultado al respecto, un especialista en estas lides universitarias, nos dice que \u201csi bien es cierto no ilegal, tampoco es legal. Se trata de puro oportunismo pol\u00edtico\u201d.<\/p>\n\n\n\n<p>De acuerdo con&nbsp;<strong>Ra\u00fal Arias<\/strong>, \u201clo que deber\u00eda hacer ahora la Junta de Gobierno, ya que public\u00f3 el de Mart\u00edn, es convocar a todos los aspirantes y hacer una confronta p\u00fablica de cara a la comunidad universitaria, para de ah\u00ed sacar el mejor proyecto\u201d.<\/p>\n\n\n\n<p>Sin embargo, &nbsp;adem\u00e1s de que no lo har\u00e1, esta acci\u00f3n da una se\u00f1al m\u00e1s de que la mentada consulta y todo lo que est\u00e1 buscando articular como soporte a la pretendido Golpe de Estado no es m\u00e1s que puro teatro.<\/p>\n\n\n\n<p>Por si fuera poco, informaci\u00f3n&nbsp;<strong>De Primera Mano<\/strong>revela que en la consulta, adem\u00e1s de que siguen las presiones sobre los catedr\u00e1ticos, superiores jer\u00e1rquicos inscribieron a varios profesores sin su autorizaci\u00f3n, para que fueran a apoyar a Martincillo.<\/p>\n\n\n\n<p>En resumen, todo lo que sea procesos transparentes, es a lo que le tienen&nbsp;miedo,&nbsp;tanto Rector\u00eda como la Junta de Gobierno, sin embargo, luego del CUG y de la marcha de este lunes, la comunidad universitaria ha empezado a despertar de su letargo y toma conciencia de lo que est\u00e1 pasando en la UV.<\/p>\n\n\n\n<p>Parafraseando a los autoritarios:&nbsp;el resultado ya lo tenemos, s\u00f3lo falta el show;&nbsp;sin embargo, no ser\u00e1 nada f\u00e1cil para Martincillo y la Junta de Gobierno concretar este asalto a Rector\u00eda, por el contrario,&nbsp;como&nbsp;ser joven y no ser revolucionario, es una contradicci\u00f3n,&nbsp;la comunidad universitaria es joven, revolucionaria y empieza a crear conciencia. \u00a1Aguas!<\/p>\n\n\n\n<p>*****<\/p>\n\n\n\n<p>Con el conteo de votos de la elecci\u00f3n judicial, el OPLE ahora s\u00ed no sabe qu\u00e9 hacer.<\/p>\n\n\n\n<p>La famosa ca\u00edda del sistema, al parecer no fue tal, sino un ciberataque que hasta el momento no han dado c\u00f3mo solucionarlo, a grado tal de que posiblemente el sistema de captura no pueda ser ya utilizado.<\/p>\n\n\n\n<p>Expertos en inform\u00e1tica consultados, explican que, de acuerdo a lo que se conoce, dicho sistema registr\u00f3 en alg\u00fan momento&nbsp;la ma\u00f1ana&nbsp;hasta un mill\u00f3n de visitas por segundo, lo que hizo que colapsara.<\/p>\n\n\n\n<p>Humanamente, es imposible, a menos que se tratase de un proceso internacional, donde confluyan millones de personas al mismo tiempo&nbsp;y quiz\u00f1a ni as\u00ed.<\/p>\n\n\n\n<p>Ciertamente ha causado suspicacias, y el OPLE tiene ante s\u00ed el enorme reto, pero al mismo tiempo&nbsp;la&nbsp;gran oportunidad de transparentar este proceso, sin aferrarse a sistemas falibles, de cara a la sociedad que reclama transparencia, dentro de todo lo cuestionado&nbsp;<em>per s\u00e9<\/em>,&nbsp;que ha sido la elecci\u00f3n judicial.&nbsp;<\/p>\n\n\n\n<p>No hace falta una raya m\u00e1s al tigre, lo que se necesita es certeza y el OPLE, hasta ahora, no la ha dado.&nbsp;<\/p>\n\n\n\n<p>La presidenta&nbsp;<strong>Marisol Delgadillo<\/strong>&nbsp;debe dar un golpe sobre la mesa y poner orden, o salir a dar la cara y dar una explicaci\u00f3n cre\u00edble de lo que ha sucedido y no ha hecho&nbsp;ninguna de las dos.<\/p>\n\n\n\n<p>*****<\/p>\n\n\n\n<p>Para documentar el optimismo, algunos diputados que pidieron licencia para&nbsp;lanzarse a las campa\u00f1as por las alcald\u00edas, no perdieron el tiempo y decidieron volver a su curul y no perder m\u00e1s de sus respectivas quincenas, hayan ganado o perdido, aunque los derrotados regresaron antes.<\/p>\n\n\n\n<p>Est\u00e1n los casos de&nbsp;<strong>Roberto Francisco San Rom\u00e1n<\/strong>, alcalde electo de Tantoyuca, aunque&nbsp;acab\u00f3 con el cacizgo de los chapitos, volvi\u00f3&nbsp;a su curul a partir del s\u00e1bado pasado 7 de junio, con lo que rescata mediaquincena de sus emolumentos. \u00a1Ap\u00farese, que la casa pierde!<\/p>\n\n\n\n<p>Y quienes no esperaron, pero nada, son los diputados y candidatos perdedores&nbsp;<strong>Igor Roj\u00ed<\/strong>, en Orizaba e&nbsp;<strong>Indira Rosales San Rom\u00e1n<\/strong>, de Veracruz, que pidieron su regreso a partir del 3 de junio, es decir apenas dos d\u00edas despu\u00e9s de la elecci\u00f3n.<\/p>\n\n\n\n<p>*****<\/p>\n\n\n\n<p>Menci\u00f3n aparte merece la tambien candidata perdedora del PT&nbsp;en&nbsp;<strong>Isla<\/strong>,&nbsp;la diputada&nbsp;<strong>Janix Liliana Castro<\/strong>, quien adem\u00e1s de reintegrarse a partir del 5 de junio, anunci\u00f3 su renuncia al PT y su incorporaci\u00f3n a la bancada de Morena, que con ella sumar\u00edan 33 curules&nbsp;y el Partido del Trabajo se queda sin bancada. Uufffff.<\/p>\n\n\n\n<p>\u00a1Qu\u00e9 barbaridad!<\/p>\n\n\n\n<p>deprimera.mano2020@gmail.com<\/p>\n","protected":false},"excerpt":{"rendered":"<p>Omar Z\u00fa\u00f1iga De Primera Mano En medio del gran desaseo en que ha incurrido la Junta de Gobierno para el proceso de renovaci\u00f3n de la Rector\u00eda de la UV, con el pretexto del proceso de consulta a la comunidad universitaria en la pretendida&nbsp;\u201cpr\u00f3rroga\u201d, que no es m\u00e1s que un intento de asalto de&nbsp;Martincillo, se dio [&hellip;]<\/p>\n","protected":false},"author":2,"featured_media":141427,"comment_status":"closed","ping_status":"closed","sticky":false,"template":"","format":"standard","meta":{"tdm_status":"","tdm_grid_status":"","footnotes":""},"categories":[70],"tags":[],"class_list":{"0":"post-146883","1":"post","2":"type-post","3":"status-publish","4":"format-standard","5":"has-post-thumbnail","7":"category-de-opinion"},"yoast_head":"<!-- This site is optimized with the Yoast SEO plugin v27.4 - https:\/\/yoast.com\/product\/yoast-seo-wordpress\/ -->\n<title>SABADAZO A LA UV! - Los pol\u00edticos Veracruz<\/title>\n<meta name=\"robots\" content=\"index, follow, max-snippet:-1, max-image-preview:large, max-video-preview:-1\" \/>\n<link rel=\"canonical\" href=\"https:\/\/lospoliticosveracruz.com\/?p=146883\" \/>\n<meta property=\"og:locale\" content=\"es_ES\" \/>\n<meta property=\"og:type\" content=\"article\" \/>\n<meta property=\"og:title\" content=\"SABADAZO A LA UV! - Los pol\u00edticos Veracruz\" \/>\n<meta property=\"og:description\" content=\"Omar Z\u00fa\u00f1iga De Primera Mano En medio del gran desaseo en que ha incurrido la Junta de Gobierno para el proceso de renovaci\u00f3n de la Rector\u00eda de la UV, con el pretexto del proceso de consulta a la comunidad universitaria en la pretendida&nbsp;\u201cpr\u00f3rroga\u201d, que no es m\u00e1s que un intento de asalto de&nbsp;Martincillo, se dio [&hellip;]\" \/>\n<meta property=\"og:url\" content=\"https:\/\/lospoliticosveracruz.com\/?p=146883\" \/>\n<meta property=\"og:site_name\" content=\"Los pol\u00edticos Veracruz\" \/>\n<meta property=\"article:publisher\" content=\"https:\/\/www.facebook.com\/people\/Notimemes-de-los-Polticos\/61565672886568\/\" \/>\n<meta property=\"article:published_time\" content=\"2025-06-11T13:04:59+00:00\" \/>\n<meta property=\"article:modified_time\" content=\"2025-06-11T14:02:37+00:00\" \/>\n<meta property=\"og:image\" content=\"https:\/\/lospoliticosveracruz.com\/wp-content\/uploads\/2025\/04\/Omar-Zuniga.jpg\" \/>\n\t<meta property=\"og:image:width\" content=\"1250\" \/>\n\t<meta property=\"og:image:height\" content=\"667\" \/>\n\t<meta property=\"og:image:type\" content=\"image\/jpeg\" \/>\n<meta name=\"author\" content=\"Lo viste en Los Pol\u00edticos\" \/>\n<meta name=\"twitter:card\" content=\"summary_large_image\" \/>\n<meta name=\"twitter:creator\" content=\"@LosPoliticosVer\" \/>\n<meta name=\"twitter:site\" content=\"@LosPoliticosVer\" \/>\n<meta name=\"twitter:label1\" content=\"Escrito por\" \/>\n\t<meta name=\"twitter:data1\" content=\"Lo viste en Los Pol\u00edticos\" \/>\n\t<meta name=\"twitter:label2\" content=\"Tiempo de lectura\" \/>\n\t<meta name=\"twitter:data2\" content=\"5 minutos\" \/>\n<script type=\"application\/ld+json\" class=\"yoast-schema-graph\">{\"@context\":\"https:\\\/\\\/schema.org\",\"@graph\":[{\"@type\":\"Article\",\"@id\":\"https:\\\/\\\/lospoliticosveracruz.com\\\/?p=146883#article\",\"isPartOf\":{\"@id\":\"https:\\\/\\\/lospoliticosveracruz.com\\\/?p=146883\"},\"author\":{\"name\":\"Lo viste en Los Pol\u00edticos\",\"@id\":\"https:\\\/\\\/lospoliticosveracruz.com\\\/#\\\/schema\\\/person\\\/b8702bb0e538456e6efd07080bf2a4a2\"},\"headline\":\"SABADAZO A LA UV!\",\"datePublished\":\"2025-06-11T13:04:59+00:00\",\"dateModified\":\"2025-06-11T14:02:37+00:00\",\"mainEntityOfPage\":{\"@id\":\"https:\\\/\\\/lospoliticosveracruz.com\\\/?p=146883\"},\"wordCount\":921,\"publisher\":{\"@id\":\"https:\\\/\\\/lospoliticosveracruz.com\\\/#organization\"},\"image\":{\"@id\":\"https:\\\/\\\/lospoliticosveracruz.com\\\/?p=146883#primaryimage\"},\"thumbnailUrl\":\"https:\\\/\\\/lospoliticosveracruz.com\\\/wp-content\\\/uploads\\\/2025\\\/04\\\/Omar-Zuniga.jpg\",\"articleSection\":[\"De Opini\u00f3n\"],\"inLanguage\":\"es\"},{\"@type\":\"WebPage\",\"@id\":\"https:\\\/\\\/lospoliticosveracruz.com\\\/?p=146883\",\"url\":\"https:\\\/\\\/lospoliticosveracruz.com\\\/?p=146883\",\"name\":\"SABADAZO A LA UV! - Los pol\u00edticos Veracruz\",\"isPartOf\":{\"@id\":\"https:\\\/\\\/lospoliticosveracruz.com\\\/#website\"},\"primaryImageOfPage\":{\"@id\":\"https:\\\/\\\/lospoliticosveracruz.com\\\/?p=146883#primaryimage\"},\"image\":{\"@id\":\"https:\\\/\\\/lospoliticosveracruz.com\\\/?p=146883#primaryimage\"},\"thumbnailUrl\":\"https:\\\/\\\/lospoliticosveracruz.com\\\/wp-content\\\/uploads\\\/2025\\\/04\\\/Omar-Zuniga.jpg\",\"datePublished\":\"2025-06-11T13:04:59+00:00\",\"dateModified\":\"2025-06-11T14:02:37+00:00\",\"breadcrumb\":{\"@id\":\"https:\\\/\\\/lospoliticosveracruz.com\\\/?p=146883#breadcrumb\"},\"inLanguage\":\"es\",\"potentialAction\":[{\"@type\":\"ReadAction\",\"target\":[\"https:\\\/\\\/lospoliticosveracruz.com\\\/?p=146883\"]}]},{\"@type\":\"ImageObject\",\"inLanguage\":\"es\",\"@id\":\"https:\\\/\\\/lospoliticosveracruz.com\\\/?p=146883#primaryimage\",\"url\":\"https:\\\/\\\/lospoliticosveracruz.com\\\/wp-content\\\/uploads\\\/2025\\\/04\\\/Omar-Zuniga.jpg\",\"contentUrl\":\"https:\\\/\\\/lospoliticosveracruz.com\\\/wp-content\\\/uploads\\\/2025\\\/04\\\/Omar-Zuniga.jpg\",\"width\":1250,\"height\":667},{\"@type\":\"BreadcrumbList\",\"@id\":\"https:\\\/\\\/lospoliticosveracruz.com\\\/?p=146883#breadcrumb\",\"itemListElement\":[{\"@type\":\"ListItem\",\"position\":1,\"name\":\"Portada\",\"item\":\"https:\\\/\\\/lospoliticosveracruz.com\\\/\"},{\"@type\":\"ListItem\",\"position\":2,\"name\":\"SABADAZO A LA UV!\"}]},{\"@type\":\"WebSite\",\"@id\":\"https:\\\/\\\/lospoliticosveracruz.com\\\/#website\",\"url\":\"https:\\\/\\\/lospoliticosveracruz.com\\\/\",\"name\":\"Los pol\u00edticos Veracruz\",\"description\":\"\",\"publisher\":{\"@id\":\"https:\\\/\\\/lospoliticosveracruz.com\\\/#organization\"},\"potentialAction\":[{\"@type\":\"SearchAction\",\"target\":{\"@type\":\"EntryPoint\",\"urlTemplate\":\"https:\\\/\\\/lospoliticosveracruz.com\\\/?s={search_term_string}\"},\"query-input\":{\"@type\":\"PropertyValueSpecification\",\"valueRequired\":true,\"valueName\":\"search_term_string\"}}],\"inLanguage\":\"es\"},{\"@type\":\"Organization\",\"@id\":\"https:\\\/\\\/lospoliticosveracruz.com\\\/#organization\",\"name\":\"Los pol\u00edticos Veracruz\",\"url\":\"https:\\\/\\\/lospoliticosveracruz.com\\\/\",\"logo\":{\"@type\":\"ImageObject\",\"inLanguage\":\"es\",\"@id\":\"https:\\\/\\\/lospoliticosveracruz.com\\\/#\\\/schema\\\/logo\\\/image\\\/\",\"url\":\"https:\\\/\\\/lospoliticosveracruz.com\\\/wp-content\\\/uploads\\\/2025\\\/12\\\/Logo-Nuevo-LOS-POLITICOS-1.jpg\",\"contentUrl\":\"https:\\\/\\\/lospoliticosveracruz.com\\\/wp-content\\\/uploads\\\/2025\\\/12\\\/Logo-Nuevo-LOS-POLITICOS-1.jpg\",\"width\":260,\"height\":70,\"caption\":\"Los pol\u00edticos Veracruz\"},\"image\":{\"@id\":\"https:\\\/\\\/lospoliticosveracruz.com\\\/#\\\/schema\\\/logo\\\/image\\\/\"},\"sameAs\":[\"https:\\\/\\\/www.facebook.com\\\/people\\\/Notimemes-de-los-Polticos\\\/61565672886568\\\/\",\"https:\\\/\\\/x.com\\\/LosPoliticosVer\"]},{\"@type\":\"Person\",\"@id\":\"https:\\\/\\\/lospoliticosveracruz.com\\\/#\\\/schema\\\/person\\\/b8702bb0e538456e6efd07080bf2a4a2\",\"name\":\"Lo viste en Los Pol\u00edticos\",\"image\":{\"@type\":\"ImageObject\",\"inLanguage\":\"es\",\"@id\":\"https:\\\/\\\/secure.gravatar.com\\\/avatar\\\/3a8de04a2656d44082be478bd6c086daa447c4651605818287b9532d3d0bd435?s=96&d=mm&r=g\",\"url\":\"https:\\\/\\\/secure.gravatar.com\\\/avatar\\\/3a8de04a2656d44082be478bd6c086daa447c4651605818287b9532d3d0bd435?s=96&d=mm&r=g\",\"contentUrl\":\"https:\\\/\\\/secure.gravatar.com\\\/avatar\\\/3a8de04a2656d44082be478bd6c086daa447c4651605818287b9532d3d0bd435?s=96&d=mm&r=g\",\"caption\":\"Lo viste en Los Pol\u00edticos\"},\"url\":\"https:\\\/\\\/lospoliticosveracruz.com\\\/?author=2\"}]}<\/script>\n<!-- \/ Yoast SEO plugin. -->","yoast_head_json":{"title":"SABADAZO A LA UV! - Los pol\u00edticos Veracruz","robots":{"index":"index","follow":"follow","max-snippet":"max-snippet:-1","max-image-preview":"max-image-preview:large","max-video-preview":"max-video-preview:-1"},"canonical":"https:\/\/lospoliticosveracruz.com\/?p=146883","og_locale":"es_ES","og_type":"article","og_title":"SABADAZO A LA UV! - Los pol\u00edticos Veracruz","og_description":"Omar Z\u00fa\u00f1iga De Primera Mano En medio del gran desaseo en que ha incurrido la Junta de Gobierno para el proceso de renovaci\u00f3n de la Rector\u00eda de la UV, con el pretexto del proceso de consulta a la comunidad universitaria en la pretendida&nbsp;\u201cpr\u00f3rroga\u201d, que no es m\u00e1s que un intento de asalto de&nbsp;Martincillo, se dio [&hellip;]","og_url":"https:\/\/lospoliticosveracruz.com\/?p=146883","og_site_name":"Los pol\u00edticos Veracruz","article_publisher":"https:\/\/www.facebook.com\/people\/Notimemes-de-los-Polticos\/61565672886568\/","article_published_time":"2025-06-11T13:04:59+00:00","article_modified_time":"2025-06-11T14:02:37+00:00","og_image":[{"width":1250,"height":667,"url":"https:\/\/lospoliticosveracruz.com\/wp-content\/uploads\/2025\/04\/Omar-Zuniga.jpg","type":"image\/jpeg"}],"author":"Lo viste en Los Pol\u00edticos","twitter_card":"summary_large_image","twitter_creator":"@LosPoliticosVer","twitter_site":"@LosPoliticosVer","twitter_misc":{"Escrito por":"Lo viste en Los Pol\u00edticos","Tiempo de lectura":"5 minutos"},"schema":{"@context":"https:\/\/schema.org","@graph":[{"@type":"Article","@id":"https:\/\/lospoliticosveracruz.com\/?p=146883#article","isPartOf":{"@id":"https:\/\/lospoliticosveracruz.com\/?p=146883"},"author":{"name":"Lo viste en Los Pol\u00edticos","@id":"https:\/\/lospoliticosveracruz.com\/#\/schema\/person\/b8702bb0e538456e6efd07080bf2a4a2"},"headline":"SABADAZO A LA UV!","datePublished":"2025-06-11T13:04:59+00:00","dateModified":"2025-06-11T14:02:37+00:00","mainEntityOfPage":{"@id":"https:\/\/lospoliticosveracruz.com\/?p=146883"},"wordCount":921,"publisher":{"@id":"https:\/\/lospoliticosveracruz.com\/#organization"},"image":{"@id":"https:\/\/lospoliticosveracruz.com\/?p=146883#primaryimage"},"thumbnailUrl":"https:\/\/lospoliticosveracruz.com\/wp-content\/uploads\/2025\/04\/Omar-Zuniga.jpg","articleSection":["De Opini\u00f3n"],"inLanguage":"es"},{"@type":"WebPage","@id":"https:\/\/lospoliticosveracruz.com\/?p=146883","url":"https:\/\/lospoliticosveracruz.com\/?p=146883","name":"SABADAZO A LA UV! - Los pol\u00edticos Veracruz","isPartOf":{"@id":"https:\/\/lospoliticosveracruz.com\/#website"},"primaryImageOfPage":{"@id":"https:\/\/lospoliticosveracruz.com\/?p=146883#primaryimage"},"image":{"@id":"https:\/\/lospoliticosveracruz.com\/?p=146883#primaryimage"},"thumbnailUrl":"https:\/\/lospoliticosveracruz.com\/wp-content\/uploads\/2025\/04\/Omar-Zuniga.jpg","datePublished":"2025-06-11T13:04:59+00:00","dateModified":"2025-06-11T14:02:37+00:00","breadcrumb":{"@id":"https:\/\/lospoliticosveracruz.com\/?p=146883#breadcrumb"},"inLanguage":"es","potentialAction":[{"@type":"ReadAction","target":["https:\/\/lospoliticosveracruz.com\/?p=146883"]}]},{"@type":"ImageObject","inLanguage":"es","@id":"https:\/\/lospoliticosveracruz.com\/?p=146883#primaryimage","url":"https:\/\/lospoliticosveracruz.com\/wp-content\/uploads\/2025\/04\/Omar-Zuniga.jpg","contentUrl":"https:\/\/lospoliticosveracruz.com\/wp-content\/uploads\/2025\/04\/Omar-Zuniga.jpg","width":1250,"height":667},{"@type":"BreadcrumbList","@id":"https:\/\/lospoliticosveracruz.com\/?p=146883#breadcrumb","itemListElement":[{"@type":"ListItem","position":1,"name":"Portada","item":"https:\/\/lospoliticosveracruz.com\/"},{"@type":"ListItem","position":2,"name":"SABADAZO A LA UV!"}]},{"@type":"WebSite","@id":"https:\/\/lospoliticosveracruz.com\/#website","url":"https:\/\/lospoliticosveracruz.com\/","name":"Los pol\u00edticos Veracruz","description":"","publisher":{"@id":"https:\/\/lospoliticosveracruz.com\/#organization"},"potentialAction":[{"@type":"SearchAction","target":{"@type":"EntryPoint","urlTemplate":"https:\/\/lospoliticosveracruz.com\/?s={search_term_string}"},"query-input":{"@type":"PropertyValueSpecification","valueRequired":true,"valueName":"search_term_string"}}],"inLanguage":"es"},{"@type":"Organization","@id":"https:\/\/lospoliticosveracruz.com\/#organization","name":"Los pol\u00edticos Veracruz","url":"https:\/\/lospoliticosveracruz.com\/","logo":{"@type":"ImageObject","inLanguage":"es","@id":"https:\/\/lospoliticosveracruz.com\/#\/schema\/logo\/image\/","url":"https:\/\/lospoliticosveracruz.com\/wp-content\/uploads\/2025\/12\/Logo-Nuevo-LOS-POLITICOS-1.jpg","contentUrl":"https:\/\/lospoliticosveracruz.com\/wp-content\/uploads\/2025\/12\/Logo-Nuevo-LOS-POLITICOS-1.jpg","width":260,"height":70,"caption":"Los pol\u00edticos Veracruz"},"image":{"@id":"https:\/\/lospoliticosveracruz.com\/#\/schema\/logo\/image\/"},"sameAs":["https:\/\/www.facebook.com\/people\/Notimemes-de-los-Polticos\/61565672886568\/","https:\/\/x.com\/LosPoliticosVer"]},{"@type":"Person","@id":"https:\/\/lospoliticosveracruz.com\/#\/schema\/person\/b8702bb0e538456e6efd07080bf2a4a2","name":"Lo viste en Los Pol\u00edticos","image":{"@type":"ImageObject","inLanguage":"es","@id":"https:\/\/secure.gravatar.com\/avatar\/3a8de04a2656d44082be478bd6c086daa447c4651605818287b9532d3d0bd435?s=96&d=mm&r=g","url":"https:\/\/secure.gravatar.com\/avatar\/3a8de04a2656d44082be478bd6c086daa447c4651605818287b9532d3d0bd435?s=96&d=mm&r=g","contentUrl":"https:\/\/secure.gravatar.com\/avatar\/3a8de04a2656d44082be478bd6c086daa447c4651605818287b9532d3d0bd435?s=96&d=mm&r=g","caption":"Lo viste en Los Pol\u00edticos"},"url":"https:\/\/lospoliticosveracruz.com\/?author=2"}]}},"_links":{"self":[{"href":"https:\/\/lospoliticosveracruz.com\/index.php?rest_route=\/wp\/v2\/posts\/146883","targetHints":{"allow":["GET"]}}],"collection":[{"href":"https:\/\/lospoliticosveracruz.com\/index.php?rest_route=\/wp\/v2\/posts"}],"about":[{"href":"https:\/\/lospoliticosveracruz.com\/index.php?rest_route=\/wp\/v2\/types\/post"}],"author":[{"embeddable":true,"href":"https:\/\/lospoliticosveracruz.com\/index.php?rest_route=\/wp\/v2\/users\/2"}],"replies":[{"embeddable":true,"href":"https:\/\/lospoliticosveracruz.com\/index.php?rest_route=%2Fwp%2Fv2%2Fcomments&post=146883"}],"version-history":[{"count":2,"href":"https:\/\/lospoliticosveracruz.com\/index.php?rest_route=\/wp\/v2\/posts\/146883\/revisions"}],"predecessor-version":[{"id":146902,"href":"https:\/\/lospoliticosveracruz.com\/index.php?rest_route=\/wp\/v2\/posts\/146883\/revisions\/146902"}],"wp:featuredmedia":[{"embeddable":true,"href":"https:\/\/lospoliticosveracruz.com\/index.php?rest_route=\/wp\/v2\/media\/141427"}],"wp:attachment":[{"href":"https:\/\/lospoliticosveracruz.com\/index.php?rest_route=%2Fwp%2Fv2%2Fmedia&parent=146883"}],"wp:term":[{"taxonomy":"category","embeddable":true,"href":"https:\/\/lospoliticosveracruz.com\/index.php?rest_route=%2Fwp%2Fv2%2Fcategories&post=146883"},{"taxonomy":"post_tag","embeddable":true,"href":"https:\/\/lospoliticosveracruz.com\/index.php?rest_route=%2Fwp%2Fv2%2Ftags&post=146883"}],"curies":[{"name":"wp","href":"https:\/\/api.w.org\/{rel}","templated":true}]}}