{"id":146894,"date":"2025-06-10T11:24:00","date_gmt":"2025-06-10T16:24:00","guid":{"rendered":"https:\/\/lospoliticosveracruz.com.mx\/?p=146894"},"modified":"2025-06-11T08:27:44","modified_gmt":"2025-06-11T13:27:44","slug":"reajustes-legislativos","status":"publish","type":"post","link":"https:\/\/lospoliticosveracruz.com\/?p=146894","title":{"rendered":"REAJUSTES LEGISLATIVOS!"},"content":{"rendered":"\n\n\n<p><\/p>\n\n\n\n<p>Con motivo de la reincorporaci\u00f3n a las actividades legislativas de diputadas y diputados propietarios, el Pleno del Congreso de Veracruz aprob\u00f3, con 36 votos a favor, sin votos en contra ni abstenciones, el proyecto de punto de Acuerdo de la Junta de Coordinaci\u00f3n Pol\u00edtica (Jucopo) por el que propone reestructurar diversas comisiones permanentes y especiales de esta Soberan\u00eda.<\/p>\n\n\n\n<p>As\u00ed, la diputada Janix Liliana Castro Mu\u00f1oz fue designada presidenta de la Comisi\u00f3n Permanente de Poblaci\u00f3n y Atenci\u00f3n a Migrantes y vocal de las Comisiones Permanentes de Desarrollo Urbano, Ordenamiento Territorial, Vivienda y Fundo Legal y de Seguridad P\u00fablica.<\/p>\n\n\n\n<p>El Pleno aprob\u00f3 tambi\u00e9n la designaci\u00f3n de la legisladora Indira de Jes\u00fas Rosales San Rom\u00e1n como presidenta de la Comisi\u00f3n Permanente de Derechos de la Ni\u00f1ez, la Adolescencia y la Familia, secretaria de la Comisi\u00f3n Permanente de Poblaci\u00f3n y Atenci\u00f3n a Migrantes y vocal de la Comisi\u00f3n Permanente de Protecci\u00f3n Civil.<\/p>\n\n\n\n<p>La diputada Mar\u00eda Elena C\u00f3rdova Molina asume la secretar\u00eda de la Comisi\u00f3n Permanente de Seguridad Social y las vocal\u00edas de la Comisiones Permanentes de Ciencia y Tecnolog\u00eda y de L\u00edmites Territoriales Intermunicipales y de las Comisiones Especiales para el Seguimiento a la Agenda 2030 y los Objetivos de Desarrollo Sostenible y de Atenci\u00f3n a la Citricultura.<\/p>\n\n\n\n<p>Asimismo, la legisladora Bertha Rosal\u00eda Ahued Malpica ser\u00e1 presidenta de la Comisi\u00f3n Permanente de Atenci\u00f3n y Protecci\u00f3n de Periodistas, secretaria de la Comisi\u00f3n Permanente de Hacienda Municipal y vocal de la Comisi\u00f3n Permanente de Vigilancia.<\/p>\n\n\n\n<p>El Acuerdo aprobado tambi\u00e9n designa al diputado Daniel Cortina Mart\u00ednez presidente de la Comisi\u00f3n Permanente de Agua Potable y Saneamiento, en sustituci\u00f3n de la diputada Victoria Guti\u00e9rrez P\u00e9rez, secretario de la Comisi\u00f3n Permanente de Comunicaciones y vocal de la Comisi\u00f3n Permanente de Vigilancia.<\/p>\n\n\n\n<p>Adem\u00e1s, la legisladora Victoria Guti\u00e9rrez P\u00e9rez ser\u00e1 vocal de la Comisi\u00f3n Permanente de Transparencia, Acceso a la Informaci\u00f3n y Parlamento Abierto, en sustituci\u00f3n del diputado Miguel Guillermo Pintos Guill\u00e9n.<\/p>\n\n\n\n<p>En el mismo sentido, el diputado Rafael Gustavo Fararoni Maga\u00f1a fue designado presidente de la Comisi\u00f3n Permanente de L\u00edmites Territoriales Intermunicipales, secretario de la Comisi\u00f3n Permanente de Agua Potable y Saneamiento y vocal de la Comisi\u00f3n Permanente de Juventud, Deporte y Atletas con Discapacidad.<\/p>\n\n\n\n<p>La legisladora Ang\u00e9lica Pe\u00f1a Mart\u00ednez asume la presidencia de la Comisi\u00f3n Permanente de Pesca y Acuacultura, la secretar\u00eda de la Comisi\u00f3n Permanente de Medio Ambiente, Recursos Naturales y Cambio Clim\u00e1tico y las vocal\u00edas de la Comisi\u00f3n Permanente de Desarrollo Artesanal y de la Comisi\u00f3n Especial para el Seguimiento a la Agenda 2030 y los Objetivos de Desarrollo Sostenible.<\/p>\n\n\n\n<p>El Congreso aprob\u00f3 tambi\u00e9n que el diputado Alejandro Porras Mar\u00edn se desempe\u00f1e como presidente de la Comisi\u00f3n Permanente de Organizaci\u00f3n Pol\u00edtica y Procesos Electorales, en sustituci\u00f3n del diputado Luis Vicente Aguilar Castillo, y como vocal de la Comisi\u00f3n Permanente Instructora, y que el legislador Luis Vicente Aguilar Castillo sea vocal de la Comisi\u00f3n Permanente de Organizaci\u00f3n Pol\u00edtica y Procesos Electorales.<\/p>\n\n\n\n<p>A su vez, el diputado Igor Fidel Roj\u00ed L\u00f3pez fungir\u00e1 como presidente de la Comisi\u00f3n Permanente de Turismo, secretario de la Comisi\u00f3n Permanente de Desarrollo Metropolitano y vocal de la Comisi\u00f3n Permanente de Transporte, Tr\u00e1nsito y Vialidad.<\/p>\n\n\n\n<p>Por \u00faltimo, el legislador Roberto Francisco San Rom\u00e1n Solana fue designado presidente de la Comisi\u00f3n Permanente Instructora, secretario de la Comisi\u00f3n Permanente de Bienestar y Desarrollo Social y vocal de la Comisi\u00f3n Permanente de Agua Potable y Saneamiento.<\/p>\n\n\n\n<p>Con el voto aprobatorio que le otorg\u00f3 el Pleno de la LXVII Legislatura, el Acuerdo de la Jucopo surte efectos legales.<\/p>\n","protected":false},"excerpt":{"rendered":"<p>Con motivo de la reincorporaci\u00f3n a las actividades legislativas de diputadas y diputados propietarios, el Pleno del Congreso de Veracruz aprob\u00f3, con 36 votos a favor, sin votos en contra ni abstenciones, el proyecto de punto de Acuerdo de la Junta de Coordinaci\u00f3n Pol\u00edtica (Jucopo) por el que propone reestructurar diversas comisiones permanentes y especiales [&hellip;]<\/p>\n","protected":false},"author":2,"featured_media":146891,"comment_status":"closed","ping_status":"closed","sticky":false,"template":"","format":"standard","meta":{"tdm_status":"","tdm_grid_status":"","footnotes":""},"categories":[43718],"tags":[393],"class_list":{"0":"post-146894","1":"post","2":"type-post","3":"status-publish","4":"format-standard","5":"has-post-thumbnail","7":"category-elpalaciodeencanto","8":"tag-congreso-de-veracruz"},"yoast_head":"<!-- This site is optimized with the Yoast SEO plugin v27.4 - https:\/\/yoast.com\/product\/yoast-seo-wordpress\/ -->\n<title>REAJUSTES LEGISLATIVOS! - Los pol\u00edticos Veracruz<\/title>\n<meta name=\"robots\" content=\"index, follow, max-snippet:-1, max-image-preview:large, max-video-preview:-1\" \/>\n<link rel=\"canonical\" href=\"https:\/\/lospoliticosveracruz.com\/?p=146894\" \/>\n<meta property=\"og:locale\" content=\"es_ES\" \/>\n<meta property=\"og:type\" content=\"article\" \/>\n<meta property=\"og:title\" content=\"REAJUSTES LEGISLATIVOS! - Los pol\u00edticos Veracruz\" \/>\n<meta property=\"og:description\" content=\"Con motivo de la reincorporaci\u00f3n a las actividades legislativas de diputadas y diputados propietarios, el Pleno del Congreso de Veracruz aprob\u00f3, con 36 votos a favor, sin votos en contra ni abstenciones, el proyecto de punto de Acuerdo de la Junta de Coordinaci\u00f3n Pol\u00edtica (Jucopo) por el que propone reestructurar diversas comisiones permanentes y especiales [&hellip;]\" \/>\n<meta property=\"og:url\" content=\"https:\/\/lospoliticosveracruz.com\/?p=146894\" \/>\n<meta property=\"og:site_name\" content=\"Los pol\u00edticos Veracruz\" \/>\n<meta property=\"article:publisher\" content=\"https:\/\/www.facebook.com\/people\/Notimemes-de-los-Polticos\/61565672886568\/\" \/>\n<meta property=\"article:published_time\" content=\"2025-06-10T16:24:00+00:00\" \/>\n<meta property=\"article:modified_time\" content=\"2025-06-11T13:27:44+00:00\" \/>\n<meta property=\"og:image\" content=\"https:\/\/lospoliticosveracruz.com\/wp-content\/uploads\/2025\/06\/Tania.jpeg\" \/>\n\t<meta property=\"og:image:width\" content=\"600\" \/>\n\t<meta property=\"og:image:height\" content=\"320\" \/>\n\t<meta property=\"og:image:type\" content=\"image\/jpeg\" \/>\n<meta name=\"author\" content=\"Lo viste en Los Pol\u00edticos\" \/>\n<meta name=\"twitter:card\" content=\"summary_large_image\" \/>\n<meta name=\"twitter:creator\" content=\"@LosPoliticosVer\" \/>\n<meta name=\"twitter:site\" content=\"@LosPoliticosVer\" \/>\n<meta name=\"twitter:label1\" content=\"Escrito por\" \/>\n\t<meta name=\"twitter:data1\" content=\"Lo viste en Los Pol\u00edticos\" \/>\n\t<meta name=\"twitter:label2\" content=\"Tiempo de lectura\" \/>\n\t<meta name=\"twitter:data2\" content=\"3 minutos\" \/>\n<script type=\"application\/ld+json\" class=\"yoast-schema-graph\">{\"@context\":\"https:\\\/\\\/schema.org\",\"@graph\":[{\"@type\":\"Article\",\"@id\":\"https:\\\/\\\/lospoliticosveracruz.com\\\/?p=146894#article\",\"isPartOf\":{\"@id\":\"https:\\\/\\\/lospoliticosveracruz.com\\\/?p=146894\"},\"author\":{\"name\":\"Lo viste en Los Pol\u00edticos\",\"@id\":\"https:\\\/\\\/lospoliticosveracruz.com\\\/#\\\/schema\\\/person\\\/b8702bb0e538456e6efd07080bf2a4a2\"},\"headline\":\"REAJUSTES LEGISLATIVOS!\",\"datePublished\":\"2025-06-10T16:24:00+00:00\",\"dateModified\":\"2025-06-11T13:27:44+00:00\",\"mainEntityOfPage\":{\"@id\":\"https:\\\/\\\/lospoliticosveracruz.com\\\/?p=146894\"},\"wordCount\":652,\"publisher\":{\"@id\":\"https:\\\/\\\/lospoliticosveracruz.com\\\/#organization\"},\"image\":{\"@id\":\"https:\\\/\\\/lospoliticosveracruz.com\\\/?p=146894#primaryimage\"},\"thumbnailUrl\":\"https:\\\/\\\/lospoliticosveracruz.com\\\/wp-content\\\/uploads\\\/2025\\\/06\\\/Tania.jpeg\",\"keywords\":[\"Congreso de Veracruz\"],\"articleSection\":[\"EL PALACIO DE ENCANTO\"],\"inLanguage\":\"es\"},{\"@type\":\"WebPage\",\"@id\":\"https:\\\/\\\/lospoliticosveracruz.com\\\/?p=146894\",\"url\":\"https:\\\/\\\/lospoliticosveracruz.com\\\/?p=146894\",\"name\":\"REAJUSTES LEGISLATIVOS! - Los pol\u00edticos Veracruz\",\"isPartOf\":{\"@id\":\"https:\\\/\\\/lospoliticosveracruz.com\\\/#website\"},\"primaryImageOfPage\":{\"@id\":\"https:\\\/\\\/lospoliticosveracruz.com\\\/?p=146894#primaryimage\"},\"image\":{\"@id\":\"https:\\\/\\\/lospoliticosveracruz.com\\\/?p=146894#primaryimage\"},\"thumbnailUrl\":\"https:\\\/\\\/lospoliticosveracruz.com\\\/wp-content\\\/uploads\\\/2025\\\/06\\\/Tania.jpeg\",\"datePublished\":\"2025-06-10T16:24:00+00:00\",\"dateModified\":\"2025-06-11T13:27:44+00:00\",\"breadcrumb\":{\"@id\":\"https:\\\/\\\/lospoliticosveracruz.com\\\/?p=146894#breadcrumb\"},\"inLanguage\":\"es\",\"potentialAction\":[{\"@type\":\"ReadAction\",\"target\":[\"https:\\\/\\\/lospoliticosveracruz.com\\\/?p=146894\"]}]},{\"@type\":\"ImageObject\",\"inLanguage\":\"es\",\"@id\":\"https:\\\/\\\/lospoliticosveracruz.com\\\/?p=146894#primaryimage\",\"url\":\"https:\\\/\\\/lospoliticosveracruz.com\\\/wp-content\\\/uploads\\\/2025\\\/06\\\/Tania.jpeg\",\"contentUrl\":\"https:\\\/\\\/lospoliticosveracruz.com\\\/wp-content\\\/uploads\\\/2025\\\/06\\\/Tania.jpeg\",\"width\":600,\"height\":320},{\"@type\":\"BreadcrumbList\",\"@id\":\"https:\\\/\\\/lospoliticosveracruz.com\\\/?p=146894#breadcrumb\",\"itemListElement\":[{\"@type\":\"ListItem\",\"position\":1,\"name\":\"Portada\",\"item\":\"https:\\\/\\\/lospoliticosveracruz.com\\\/\"},{\"@type\":\"ListItem\",\"position\":2,\"name\":\"REAJUSTES LEGISLATIVOS!\"}]},{\"@type\":\"WebSite\",\"@id\":\"https:\\\/\\\/lospoliticosveracruz.com\\\/#website\",\"url\":\"https:\\\/\\\/lospoliticosveracruz.com\\\/\",\"name\":\"Los pol\u00edticos Veracruz\",\"description\":\"\",\"publisher\":{\"@id\":\"https:\\\/\\\/lospoliticosveracruz.com\\\/#organization\"},\"potentialAction\":[{\"@type\":\"SearchAction\",\"target\":{\"@type\":\"EntryPoint\",\"urlTemplate\":\"https:\\\/\\\/lospoliticosveracruz.com\\\/?s={search_term_string}\"},\"query-input\":{\"@type\":\"PropertyValueSpecification\",\"valueRequired\":true,\"valueName\":\"search_term_string\"}}],\"inLanguage\":\"es\"},{\"@type\":\"Organization\",\"@id\":\"https:\\\/\\\/lospoliticosveracruz.com\\\/#organization\",\"name\":\"Los pol\u00edticos Veracruz\",\"url\":\"https:\\\/\\\/lospoliticosveracruz.com\\\/\",\"logo\":{\"@type\":\"ImageObject\",\"inLanguage\":\"es\",\"@id\":\"https:\\\/\\\/lospoliticosveracruz.com\\\/#\\\/schema\\\/logo\\\/image\\\/\",\"url\":\"https:\\\/\\\/lospoliticosveracruz.com\\\/wp-content\\\/uploads\\\/2025\\\/12\\\/Logo-Nuevo-LOS-POLITICOS-1.jpg\",\"contentUrl\":\"https:\\\/\\\/lospoliticosveracruz.com\\\/wp-content\\\/uploads\\\/2025\\\/12\\\/Logo-Nuevo-LOS-POLITICOS-1.jpg\",\"width\":260,\"height\":70,\"caption\":\"Los pol\u00edticos Veracruz\"},\"image\":{\"@id\":\"https:\\\/\\\/lospoliticosveracruz.com\\\/#\\\/schema\\\/logo\\\/image\\\/\"},\"sameAs\":[\"https:\\\/\\\/www.facebook.com\\\/people\\\/Notimemes-de-los-Polticos\\\/61565672886568\\\/\",\"https:\\\/\\\/x.com\\\/LosPoliticosVer\"]},{\"@type\":\"Person\",\"@id\":\"https:\\\/\\\/lospoliticosveracruz.com\\\/#\\\/schema\\\/person\\\/b8702bb0e538456e6efd07080bf2a4a2\",\"name\":\"Lo viste en Los Pol\u00edticos\",\"image\":{\"@type\":\"ImageObject\",\"inLanguage\":\"es\",\"@id\":\"https:\\\/\\\/secure.gravatar.com\\\/avatar\\\/3a8de04a2656d44082be478bd6c086daa447c4651605818287b9532d3d0bd435?s=96&d=mm&r=g\",\"url\":\"https:\\\/\\\/secure.gravatar.com\\\/avatar\\\/3a8de04a2656d44082be478bd6c086daa447c4651605818287b9532d3d0bd435?s=96&d=mm&r=g\",\"contentUrl\":\"https:\\\/\\\/secure.gravatar.com\\\/avatar\\\/3a8de04a2656d44082be478bd6c086daa447c4651605818287b9532d3d0bd435?s=96&d=mm&r=g\",\"caption\":\"Lo viste en Los Pol\u00edticos\"},\"url\":\"https:\\\/\\\/lospoliticosveracruz.com\\\/?author=2\"}]}<\/script>\n<!-- \/ Yoast SEO plugin. -->","yoast_head_json":{"title":"REAJUSTES LEGISLATIVOS! - Los pol\u00edticos Veracruz","robots":{"index":"index","follow":"follow","max-snippet":"max-snippet:-1","max-image-preview":"max-image-preview:large","max-video-preview":"max-video-preview:-1"},"canonical":"https:\/\/lospoliticosveracruz.com\/?p=146894","og_locale":"es_ES","og_type":"article","og_title":"REAJUSTES LEGISLATIVOS! - Los pol\u00edticos Veracruz","og_description":"Con motivo de la reincorporaci\u00f3n a las actividades legislativas de diputadas y diputados propietarios, el Pleno del Congreso de Veracruz aprob\u00f3, con 36 votos a favor, sin votos en contra ni abstenciones, el proyecto de punto de Acuerdo de la Junta de Coordinaci\u00f3n Pol\u00edtica (Jucopo) por el que propone reestructurar diversas comisiones permanentes y especiales [&hellip;]","og_url":"https:\/\/lospoliticosveracruz.com\/?p=146894","og_site_name":"Los pol\u00edticos Veracruz","article_publisher":"https:\/\/www.facebook.com\/people\/Notimemes-de-los-Polticos\/61565672886568\/","article_published_time":"2025-06-10T16:24:00+00:00","article_modified_time":"2025-06-11T13:27:44+00:00","og_image":[{"width":600,"height":320,"url":"https:\/\/lospoliticosveracruz.com\/wp-content\/uploads\/2025\/06\/Tania.jpeg","type":"image\/jpeg"}],"author":"Lo viste en Los Pol\u00edticos","twitter_card":"summary_large_image","twitter_creator":"@LosPoliticosVer","twitter_site":"@LosPoliticosVer","twitter_misc":{"Escrito por":"Lo viste en Los Pol\u00edticos","Tiempo de lectura":"3 minutos"},"schema":{"@context":"https:\/\/schema.org","@graph":[{"@type":"Article","@id":"https:\/\/lospoliticosveracruz.com\/?p=146894#article","isPartOf":{"@id":"https:\/\/lospoliticosveracruz.com\/?p=146894"},"author":{"name":"Lo viste en Los Pol\u00edticos","@id":"https:\/\/lospoliticosveracruz.com\/#\/schema\/person\/b8702bb0e538456e6efd07080bf2a4a2"},"headline":"REAJUSTES LEGISLATIVOS!","datePublished":"2025-06-10T16:24:00+00:00","dateModified":"2025-06-11T13:27:44+00:00","mainEntityOfPage":{"@id":"https:\/\/lospoliticosveracruz.com\/?p=146894"},"wordCount":652,"publisher":{"@id":"https:\/\/lospoliticosveracruz.com\/#organization"},"image":{"@id":"https:\/\/lospoliticosveracruz.com\/?p=146894#primaryimage"},"thumbnailUrl":"https:\/\/lospoliticosveracruz.com\/wp-content\/uploads\/2025\/06\/Tania.jpeg","keywords":["Congreso de Veracruz"],"articleSection":["EL PALACIO DE ENCANTO"],"inLanguage":"es"},{"@type":"WebPage","@id":"https:\/\/lospoliticosveracruz.com\/?p=146894","url":"https:\/\/lospoliticosveracruz.com\/?p=146894","name":"REAJUSTES LEGISLATIVOS! - Los pol\u00edticos Veracruz","isPartOf":{"@id":"https:\/\/lospoliticosveracruz.com\/#website"},"primaryImageOfPage":{"@id":"https:\/\/lospoliticosveracruz.com\/?p=146894#primaryimage"},"image":{"@id":"https:\/\/lospoliticosveracruz.com\/?p=146894#primaryimage"},"thumbnailUrl":"https:\/\/lospoliticosveracruz.com\/wp-content\/uploads\/2025\/06\/Tania.jpeg","datePublished":"2025-06-10T16:24:00+00:00","dateModified":"2025-06-11T13:27:44+00:00","breadcrumb":{"@id":"https:\/\/lospoliticosveracruz.com\/?p=146894#breadcrumb"},"inLanguage":"es","potentialAction":[{"@type":"ReadAction","target":["https:\/\/lospoliticosveracruz.com\/?p=146894"]}]},{"@type":"ImageObject","inLanguage":"es","@id":"https:\/\/lospoliticosveracruz.com\/?p=146894#primaryimage","url":"https:\/\/lospoliticosveracruz.com\/wp-content\/uploads\/2025\/06\/Tania.jpeg","contentUrl":"https:\/\/lospoliticosveracruz.com\/wp-content\/uploads\/2025\/06\/Tania.jpeg","width":600,"height":320},{"@type":"BreadcrumbList","@id":"https:\/\/lospoliticosveracruz.com\/?p=146894#breadcrumb","itemListElement":[{"@type":"ListItem","position":1,"name":"Portada","item":"https:\/\/lospoliticosveracruz.com\/"},{"@type":"ListItem","position":2,"name":"REAJUSTES LEGISLATIVOS!"}]},{"@type":"WebSite","@id":"https:\/\/lospoliticosveracruz.com\/#website","url":"https:\/\/lospoliticosveracruz.com\/","name":"Los pol\u00edticos Veracruz","description":"","publisher":{"@id":"https:\/\/lospoliticosveracruz.com\/#organization"},"potentialAction":[{"@type":"SearchAction","target":{"@type":"EntryPoint","urlTemplate":"https:\/\/lospoliticosveracruz.com\/?s={search_term_string}"},"query-input":{"@type":"PropertyValueSpecification","valueRequired":true,"valueName":"search_term_string"}}],"inLanguage":"es"},{"@type":"Organization","@id":"https:\/\/lospoliticosveracruz.com\/#organization","name":"Los pol\u00edticos Veracruz","url":"https:\/\/lospoliticosveracruz.com\/","logo":{"@type":"ImageObject","inLanguage":"es","@id":"https:\/\/lospoliticosveracruz.com\/#\/schema\/logo\/image\/","url":"https:\/\/lospoliticosveracruz.com\/wp-content\/uploads\/2025\/12\/Logo-Nuevo-LOS-POLITICOS-1.jpg","contentUrl":"https:\/\/lospoliticosveracruz.com\/wp-content\/uploads\/2025\/12\/Logo-Nuevo-LOS-POLITICOS-1.jpg","width":260,"height":70,"caption":"Los pol\u00edticos Veracruz"},"image":{"@id":"https:\/\/lospoliticosveracruz.com\/#\/schema\/logo\/image\/"},"sameAs":["https:\/\/www.facebook.com\/people\/Notimemes-de-los-Polticos\/61565672886568\/","https:\/\/x.com\/LosPoliticosVer"]},{"@type":"Person","@id":"https:\/\/lospoliticosveracruz.com\/#\/schema\/person\/b8702bb0e538456e6efd07080bf2a4a2","name":"Lo viste en Los Pol\u00edticos","image":{"@type":"ImageObject","inLanguage":"es","@id":"https:\/\/secure.gravatar.com\/avatar\/3a8de04a2656d44082be478bd6c086daa447c4651605818287b9532d3d0bd435?s=96&d=mm&r=g","url":"https:\/\/secure.gravatar.com\/avatar\/3a8de04a2656d44082be478bd6c086daa447c4651605818287b9532d3d0bd435?s=96&d=mm&r=g","contentUrl":"https:\/\/secure.gravatar.com\/avatar\/3a8de04a2656d44082be478bd6c086daa447c4651605818287b9532d3d0bd435?s=96&d=mm&r=g","caption":"Lo viste en Los Pol\u00edticos"},"url":"https:\/\/lospoliticosveracruz.com\/?author=2"}]}},"_links":{"self":[{"href":"https:\/\/lospoliticosveracruz.com\/index.php?rest_route=\/wp\/v2\/posts\/146894","targetHints":{"allow":["GET"]}}],"collection":[{"href":"https:\/\/lospoliticosveracruz.com\/index.php?rest_route=\/wp\/v2\/posts"}],"about":[{"href":"https:\/\/lospoliticosveracruz.com\/index.php?rest_route=\/wp\/v2\/types\/post"}],"author":[{"embeddable":true,"href":"https:\/\/lospoliticosveracruz.com\/index.php?rest_route=\/wp\/v2\/users\/2"}],"replies":[{"embeddable":true,"href":"https:\/\/lospoliticosveracruz.com\/index.php?rest_route=%2Fwp%2Fv2%2Fcomments&post=146894"}],"version-history":[{"count":2,"href":"https:\/\/lospoliticosveracruz.com\/index.php?rest_route=\/wp\/v2\/posts\/146894\/revisions"}],"predecessor-version":[{"id":146897,"href":"https:\/\/lospoliticosveracruz.com\/index.php?rest_route=\/wp\/v2\/posts\/146894\/revisions\/146897"}],"wp:featuredmedia":[{"embeddable":true,"href":"https:\/\/lospoliticosveracruz.com\/index.php?rest_route=\/wp\/v2\/media\/146891"}],"wp:attachment":[{"href":"https:\/\/lospoliticosveracruz.com\/index.php?rest_route=%2Fwp%2Fv2%2Fmedia&parent=146894"}],"wp:term":[{"taxonomy":"category","embeddable":true,"href":"https:\/\/lospoliticosveracruz.com\/index.php?rest_route=%2Fwp%2Fv2%2Fcategories&post=146894"},{"taxonomy":"post_tag","embeddable":true,"href":"https:\/\/lospoliticosveracruz.com\/index.php?rest_route=%2Fwp%2Fv2%2Ftags&post=146894"}],"curies":[{"name":"wp","href":"https:\/\/api.w.org\/{rel}","templated":true}]}}