{"id":14695,"date":"2015-01-29T16:29:03","date_gmt":"2015-01-29T22:29:03","guid":{"rendered":"http:\/\/www.lospoliticosveracruz.com.mx\/?p=14695"},"modified":"2015-01-29T16:29:03","modified_gmt":"2015-01-29T22:29:03","slug":"cumplen-capricho-a-consejeros-electorales-del-iev","status":"publish","type":"post","link":"https:\/\/lospoliticosveracruz.com\/?p=14695","title":{"rendered":"Cumplen capricho a consejeros electorales del IEV"},"content":{"rendered":"<blockquote><p><a href=\"http:\/\/www.lospoliticosveracruz.com.mx\/wp-content\/uploads\/2015\/01\/Cosejeros-del-IEV-corruptos-se\u00f1ala-MORENA.jpg\"><img loading=\"lazy\" decoding=\"async\" class=\"alignnone size-medium wp-image-14696\" src=\"http:\/\/www.lospoliticosveracruz.com.mx\/wp-content\/uploads\/2015\/01\/Cosejeros-del-IEV-corruptos-se\u00f1ala-MORENA-300x168.jpg\" alt=\"Cosejeros del IEV corruptos, se\u00f1ala MORENA\" width=\"300\" height=\"168\" \/><\/a><\/p>\n<p>MORENA califica de \u00abcorruptos\u00bb a los tres consejeros que exigieron m\u00e1s de 4 millones de pesos para contratar a sus recomendados<\/p><\/blockquote>\n<p>AGENCIA COMUNICA NETWORKS<\/p>\n<p>Xalapa, Veracruz., 29 de enero de 2015.- La Secretar\u00eda Ejecutiva del Instituto Electoral Veracruzano (IEV) a cargo de V\u00edctor Hugo Moctezuma Lobato, cedi\u00f3 a la imposici\u00f3n que hicieron los consejeros electorales para aprobar el proyecto de redistribuci\u00f3n del presupuesto de 340 millones 500 mil pesos que ejercer\u00e1 dicho organismo este 2015; a cambio de su voto, recibir\u00e1n 4 millones 654 mil 750 pesos para contratar a 18 personas que estar\u00e1n exclusivamente a su servicio.<\/p>\n<p>Ante ello, el representante del Movimiento de Regeneraci\u00f3n Nacional (Morena), H\u00e9ctor Quintanar Garc\u00eda, calific\u00f3 de \u201ccorruptos\u201d a los consejeros electorales y consider\u00f3 que la sesi\u00f3n de este jueves fue un montaje y una simulaci\u00f3n porque al final, el reajuste presupuestal fue impuesto por Arcelia Guerrero Castro, Humberto Antonio Ram\u00edrez S\u00e1inz y Alfonso Ayala S\u00e1nchez.<\/p>\n<p>\u201cEl t\u00e9rmino de corrupci\u00f3n en el diccionario dice que es la aceptaci\u00f3n de un soborno, perversi\u00f3n o vicio que estropea moralmente, esa es una de sus definiciones; otra es, la alteraci\u00f3n de la forma o la estructura de algo, que creo que es la que queda aqu\u00ed en el instituto\u201d, puntualiz\u00f3 Quintanar Garc\u00eda.<\/p>\n<p>Sin que se entregara a los representantes de partido una copia de la nueva redistribuci\u00f3n presupuestal y sin precisar las cantidades exactas que se ejercer\u00e1n en cada partida, el Consejo General del IEV aprob\u00f3 con cuatro votos a favor y uno en contra, la \u201cpropuesta\u201d financiera que impusieron los consejeros Arcelia Guerrero, Humberto Ram\u00edrez y Alfonso Ayala, mismos que en un principio pretend\u00edan despedir a personal de base para que sus recomendados ocuparan algunas plazas.<\/p>\n<p>El proyecto de redistribuci\u00f3n de presupuesto para el ejercicio fiscal 2015 y la reprogramaci\u00f3n del Programa Operativo Anual del IEV que aprob\u00f3 el Consejo General, todav\u00eda ser\u00e1 reajustado por la Secretar\u00eda Ejecutiva para que este mismo viernes que vence el t\u00e9rmino legal se entregue a la Secretar\u00eda de Finanzas y Planeaci\u00f3n.<\/p>\n<p>La consejera presidente del Instituto Electoral Veracruzano, Carolina Viveros Garc\u00eda, admiti\u00f3 no tener claro cu\u00e1ntas plazas se autorizar\u00e1n a cada consejero y la fecha en que causar\u00e1n alta estos nuevos empleados, quienes percibir\u00e1n salarios de 9 mil 999 pesos, 12 mil 225 pesos y 19 mil 342 pesos.<\/p>\n<p>\u201cAcu\u00e9rdense que dijo el se\u00f1or secretario que, aprobado el presupuesto, ya podemos saber de cu\u00e1nto disponemos para que podamos tener la garant\u00eda de quienes, cu\u00e1ndo, a d\u00f3nde y c\u00f3mo (se contratar\u00e1 al personal que piden los consejeros)\u201d, precis\u00f3.<\/p>\n<p>Aunque Viveros Garc\u00eda asegur\u00f3 que ning\u00fan empleado ser\u00e1 despedido y tampoco se eliminar\u00e1n sus prestaciones laborales como vales de despensa y gratificaciones, la consejera presidente del IEV, no apoy\u00f3 la propuesta de los representantes de partido para que en lugar de contratar a los empleados que exigieron los consejeros, se incrementara el salario a los 161 trabajadores de base que desde 2008 no tienen un aumento de sueldo. COMUNICA NETWORKS<\/p>\n","protected":false},"excerpt":{"rendered":"<p>MORENA califica de \u00abcorruptos\u00bb a los tres consejeros que exigieron m\u00e1s de 4 millones de pesos para contratar a sus recomendados AGENCIA COMUNICA NETWORKS Xalapa, Veracruz., 29 de enero de 2015.- La Secretar\u00eda Ejecutiva del Instituto Electoral Veracruzano (IEV) a cargo de V\u00edctor Hugo Moctezuma Lobato, cedi\u00f3 a la imposici\u00f3n que hicieron los consejeros electorales [&hellip;]<\/p>\n","protected":false},"author":2,"featured_media":0,"comment_status":"open","ping_status":"open","sticky":false,"template":"","format":"standard","meta":{"tdm_status":"","tdm_grid_status":"","footnotes":""},"categories":[70],"tags":[1618,1614,1615,1616,1589,1026],"class_list":{"0":"post-14695","1":"post","2":"type-post","3":"status-publish","4":"format-standard","6":"category-de-opinion","7":"tag-carolina-viveros-garcia","8":"tag-consejeros-electorales","9":"tag-hector-quintanar-garcia","10":"tag-humberto-ramirez","11":"tag-instituto-electoral-veracruzano","12":"tag-morena"},"yoast_head":"<!-- This site is optimized with the Yoast SEO plugin v27.4 - https:\/\/yoast.com\/product\/yoast-seo-wordpress\/ -->\n<title>Cumplen capricho a consejeros electorales del IEV - Los pol\u00edticos Veracruz<\/title>\n<meta name=\"robots\" content=\"index, follow, max-snippet:-1, max-image-preview:large, max-video-preview:-1\" \/>\n<link rel=\"canonical\" href=\"https:\/\/lospoliticosveracruz.com\/?p=14695\" \/>\n<meta property=\"og:locale\" content=\"es_ES\" \/>\n<meta property=\"og:type\" content=\"article\" \/>\n<meta property=\"og:title\" content=\"Cumplen capricho a consejeros electorales del IEV - Los pol\u00edticos Veracruz\" \/>\n<meta property=\"og:description\" content=\"MORENA califica de \u00abcorruptos\u00bb a los tres consejeros que exigieron m\u00e1s de 4 millones de pesos para contratar a sus recomendados AGENCIA COMUNICA NETWORKS Xalapa, Veracruz., 29 de enero de 2015.- La Secretar\u00eda Ejecutiva del Instituto Electoral Veracruzano (IEV) a cargo de V\u00edctor Hugo Moctezuma Lobato, cedi\u00f3 a la imposici\u00f3n que hicieron los consejeros electorales [&hellip;]\" \/>\n<meta property=\"og:url\" content=\"https:\/\/lospoliticosveracruz.com\/?p=14695\" \/>\n<meta property=\"og:site_name\" content=\"Los pol\u00edticos Veracruz\" \/>\n<meta property=\"article:publisher\" content=\"https:\/\/www.facebook.com\/people\/Notimemes-de-los-Polticos\/61565672886568\/\" \/>\n<meta property=\"article:published_time\" content=\"2015-01-29T22:29:03+00:00\" \/>\n<meta property=\"og:image\" content=\"https:\/\/lospoliticosveracruz.com\/wp-content\/uploads\/2016\/07\/Logo-Dor.jpg\" \/>\n\t<meta property=\"og:image:width\" content=\"200\" \/>\n\t<meta property=\"og:image:height\" content=\"200\" \/>\n\t<meta property=\"og:image:type\" content=\"image\/jpeg\" \/>\n<meta name=\"author\" content=\"Lo viste en Los Pol\u00edticos\" \/>\n<meta name=\"twitter:card\" content=\"summary_large_image\" \/>\n<meta name=\"twitter:creator\" content=\"@LosPoliticosVer\" \/>\n<meta name=\"twitter:site\" content=\"@LosPoliticosVer\" \/>\n<meta name=\"twitter:label1\" content=\"Escrito por\" \/>\n\t<meta name=\"twitter:data1\" content=\"Lo viste en Los Pol\u00edticos\" \/>\n\t<meta name=\"twitter:label2\" content=\"Tiempo de lectura\" \/>\n\t<meta name=\"twitter:data2\" content=\"3 minutos\" \/>\n<script type=\"application\/ld+json\" class=\"yoast-schema-graph\">{\"@context\":\"https:\\\/\\\/schema.org\",\"@graph\":[{\"@type\":\"Article\",\"@id\":\"https:\\\/\\\/lospoliticosveracruz.com\\\/?p=14695#article\",\"isPartOf\":{\"@id\":\"https:\\\/\\\/lospoliticosveracruz.com\\\/?p=14695\"},\"author\":{\"name\":\"Lo viste en Los Pol\u00edticos\",\"@id\":\"https:\\\/\\\/lospoliticosveracruz.com\\\/#\\\/schema\\\/person\\\/b8702bb0e538456e6efd07080bf2a4a2\"},\"headline\":\"Cumplen capricho a consejeros electorales del IEV\",\"datePublished\":\"2015-01-29T22:29:03+00:00\",\"mainEntityOfPage\":{\"@id\":\"https:\\\/\\\/lospoliticosveracruz.com\\\/?p=14695\"},\"wordCount\":523,\"commentCount\":0,\"publisher\":{\"@id\":\"https:\\\/\\\/lospoliticosveracruz.com\\\/#organization\"},\"keywords\":[\"Carolina Viveros Garc\u00eda\",\"consejeros electorales\",\"H\u00e9ctor Quintanar Garc\u00eda\",\"Humberto Ram\u00edrez\",\"Instituto Electoral Veracruzano\",\"Morena\"],\"articleSection\":[\"De Opini\u00f3n\"],\"inLanguage\":\"es\",\"potentialAction\":[{\"@type\":\"CommentAction\",\"name\":\"Comment\",\"target\":[\"https:\\\/\\\/lospoliticosveracruz.com\\\/?p=14695#respond\"]}]},{\"@type\":\"WebPage\",\"@id\":\"https:\\\/\\\/lospoliticosveracruz.com\\\/?p=14695\",\"url\":\"https:\\\/\\\/lospoliticosveracruz.com\\\/?p=14695\",\"name\":\"Cumplen capricho a consejeros electorales del IEV - Los pol\u00edticos Veracruz\",\"isPartOf\":{\"@id\":\"https:\\\/\\\/lospoliticosveracruz.com\\\/#website\"},\"datePublished\":\"2015-01-29T22:29:03+00:00\",\"breadcrumb\":{\"@id\":\"https:\\\/\\\/lospoliticosveracruz.com\\\/?p=14695#breadcrumb\"},\"inLanguage\":\"es\",\"potentialAction\":[{\"@type\":\"ReadAction\",\"target\":[\"https:\\\/\\\/lospoliticosveracruz.com\\\/?p=14695\"]}]},{\"@type\":\"BreadcrumbList\",\"@id\":\"https:\\\/\\\/lospoliticosveracruz.com\\\/?p=14695#breadcrumb\",\"itemListElement\":[{\"@type\":\"ListItem\",\"position\":1,\"name\":\"Portada\",\"item\":\"https:\\\/\\\/lospoliticosveracruz.com\\\/\"},{\"@type\":\"ListItem\",\"position\":2,\"name\":\"Cumplen capricho a consejeros electorales del IEV\"}]},{\"@type\":\"WebSite\",\"@id\":\"https:\\\/\\\/lospoliticosveracruz.com\\\/#website\",\"url\":\"https:\\\/\\\/lospoliticosveracruz.com\\\/\",\"name\":\"Los pol\u00edticos Veracruz\",\"description\":\"\",\"publisher\":{\"@id\":\"https:\\\/\\\/lospoliticosveracruz.com\\\/#organization\"},\"potentialAction\":[{\"@type\":\"SearchAction\",\"target\":{\"@type\":\"EntryPoint\",\"urlTemplate\":\"https:\\\/\\\/lospoliticosveracruz.com\\\/?s={search_term_string}\"},\"query-input\":{\"@type\":\"PropertyValueSpecification\",\"valueRequired\":true,\"valueName\":\"search_term_string\"}}],\"inLanguage\":\"es\"},{\"@type\":\"Organization\",\"@id\":\"https:\\\/\\\/lospoliticosveracruz.com\\\/#organization\",\"name\":\"Los pol\u00edticos Veracruz\",\"url\":\"https:\\\/\\\/lospoliticosveracruz.com\\\/\",\"logo\":{\"@type\":\"ImageObject\",\"inLanguage\":\"es\",\"@id\":\"https:\\\/\\\/lospoliticosveracruz.com\\\/#\\\/schema\\\/logo\\\/image\\\/\",\"url\":\"https:\\\/\\\/lospoliticosveracruz.com\\\/wp-content\\\/uploads\\\/2025\\\/12\\\/Logo-Nuevo-LOS-POLITICOS-1.jpg\",\"contentUrl\":\"https:\\\/\\\/lospoliticosveracruz.com\\\/wp-content\\\/uploads\\\/2025\\\/12\\\/Logo-Nuevo-LOS-POLITICOS-1.jpg\",\"width\":260,\"height\":70,\"caption\":\"Los pol\u00edticos Veracruz\"},\"image\":{\"@id\":\"https:\\\/\\\/lospoliticosveracruz.com\\\/#\\\/schema\\\/logo\\\/image\\\/\"},\"sameAs\":[\"https:\\\/\\\/www.facebook.com\\\/people\\\/Notimemes-de-los-Polticos\\\/61565672886568\\\/\",\"https:\\\/\\\/x.com\\\/LosPoliticosVer\"]},{\"@type\":\"Person\",\"@id\":\"https:\\\/\\\/lospoliticosveracruz.com\\\/#\\\/schema\\\/person\\\/b8702bb0e538456e6efd07080bf2a4a2\",\"name\":\"Lo viste en Los Pol\u00edticos\",\"image\":{\"@type\":\"ImageObject\",\"inLanguage\":\"es\",\"@id\":\"https:\\\/\\\/secure.gravatar.com\\\/avatar\\\/3a8de04a2656d44082be478bd6c086daa447c4651605818287b9532d3d0bd435?s=96&d=mm&r=g\",\"url\":\"https:\\\/\\\/secure.gravatar.com\\\/avatar\\\/3a8de04a2656d44082be478bd6c086daa447c4651605818287b9532d3d0bd435?s=96&d=mm&r=g\",\"contentUrl\":\"https:\\\/\\\/secure.gravatar.com\\\/avatar\\\/3a8de04a2656d44082be478bd6c086daa447c4651605818287b9532d3d0bd435?s=96&d=mm&r=g\",\"caption\":\"Lo viste en Los Pol\u00edticos\"},\"url\":\"https:\\\/\\\/lospoliticosveracruz.com\\\/?author=2\"}]}<\/script>\n<!-- \/ Yoast SEO plugin. -->","yoast_head_json":{"title":"Cumplen capricho a consejeros electorales del IEV - Los pol\u00edticos Veracruz","robots":{"index":"index","follow":"follow","max-snippet":"max-snippet:-1","max-image-preview":"max-image-preview:large","max-video-preview":"max-video-preview:-1"},"canonical":"https:\/\/lospoliticosveracruz.com\/?p=14695","og_locale":"es_ES","og_type":"article","og_title":"Cumplen capricho a consejeros electorales del IEV - Los pol\u00edticos Veracruz","og_description":"MORENA califica de \u00abcorruptos\u00bb a los tres consejeros que exigieron m\u00e1s de 4 millones de pesos para contratar a sus recomendados AGENCIA COMUNICA NETWORKS Xalapa, Veracruz., 29 de enero de 2015.- La Secretar\u00eda Ejecutiva del Instituto Electoral Veracruzano (IEV) a cargo de V\u00edctor Hugo Moctezuma Lobato, cedi\u00f3 a la imposici\u00f3n que hicieron los consejeros electorales [&hellip;]","og_url":"https:\/\/lospoliticosveracruz.com\/?p=14695","og_site_name":"Los pol\u00edticos Veracruz","article_publisher":"https:\/\/www.facebook.com\/people\/Notimemes-de-los-Polticos\/61565672886568\/","article_published_time":"2015-01-29T22:29:03+00:00","og_image":[{"width":200,"height":200,"url":"https:\/\/lospoliticosveracruz.com\/wp-content\/uploads\/2016\/07\/Logo-Dor.jpg","type":"image\/jpeg"}],"author":"Lo viste en Los Pol\u00edticos","twitter_card":"summary_large_image","twitter_creator":"@LosPoliticosVer","twitter_site":"@LosPoliticosVer","twitter_misc":{"Escrito por":"Lo viste en Los Pol\u00edticos","Tiempo de lectura":"3 minutos"},"schema":{"@context":"https:\/\/schema.org","@graph":[{"@type":"Article","@id":"https:\/\/lospoliticosveracruz.com\/?p=14695#article","isPartOf":{"@id":"https:\/\/lospoliticosveracruz.com\/?p=14695"},"author":{"name":"Lo viste en Los Pol\u00edticos","@id":"https:\/\/lospoliticosveracruz.com\/#\/schema\/person\/b8702bb0e538456e6efd07080bf2a4a2"},"headline":"Cumplen capricho a consejeros electorales del IEV","datePublished":"2015-01-29T22:29:03+00:00","mainEntityOfPage":{"@id":"https:\/\/lospoliticosveracruz.com\/?p=14695"},"wordCount":523,"commentCount":0,"publisher":{"@id":"https:\/\/lospoliticosveracruz.com\/#organization"},"keywords":["Carolina Viveros Garc\u00eda","consejeros electorales","H\u00e9ctor Quintanar Garc\u00eda","Humberto Ram\u00edrez","Instituto Electoral Veracruzano","Morena"],"articleSection":["De Opini\u00f3n"],"inLanguage":"es","potentialAction":[{"@type":"CommentAction","name":"Comment","target":["https:\/\/lospoliticosveracruz.com\/?p=14695#respond"]}]},{"@type":"WebPage","@id":"https:\/\/lospoliticosveracruz.com\/?p=14695","url":"https:\/\/lospoliticosveracruz.com\/?p=14695","name":"Cumplen capricho a consejeros electorales del IEV - Los pol\u00edticos Veracruz","isPartOf":{"@id":"https:\/\/lospoliticosveracruz.com\/#website"},"datePublished":"2015-01-29T22:29:03+00:00","breadcrumb":{"@id":"https:\/\/lospoliticosveracruz.com\/?p=14695#breadcrumb"},"inLanguage":"es","potentialAction":[{"@type":"ReadAction","target":["https:\/\/lospoliticosveracruz.com\/?p=14695"]}]},{"@type":"BreadcrumbList","@id":"https:\/\/lospoliticosveracruz.com\/?p=14695#breadcrumb","itemListElement":[{"@type":"ListItem","position":1,"name":"Portada","item":"https:\/\/lospoliticosveracruz.com\/"},{"@type":"ListItem","position":2,"name":"Cumplen capricho a consejeros electorales del IEV"}]},{"@type":"WebSite","@id":"https:\/\/lospoliticosveracruz.com\/#website","url":"https:\/\/lospoliticosveracruz.com\/","name":"Los pol\u00edticos Veracruz","description":"","publisher":{"@id":"https:\/\/lospoliticosveracruz.com\/#organization"},"potentialAction":[{"@type":"SearchAction","target":{"@type":"EntryPoint","urlTemplate":"https:\/\/lospoliticosveracruz.com\/?s={search_term_string}"},"query-input":{"@type":"PropertyValueSpecification","valueRequired":true,"valueName":"search_term_string"}}],"inLanguage":"es"},{"@type":"Organization","@id":"https:\/\/lospoliticosveracruz.com\/#organization","name":"Los pol\u00edticos Veracruz","url":"https:\/\/lospoliticosveracruz.com\/","logo":{"@type":"ImageObject","inLanguage":"es","@id":"https:\/\/lospoliticosveracruz.com\/#\/schema\/logo\/image\/","url":"https:\/\/lospoliticosveracruz.com\/wp-content\/uploads\/2025\/12\/Logo-Nuevo-LOS-POLITICOS-1.jpg","contentUrl":"https:\/\/lospoliticosveracruz.com\/wp-content\/uploads\/2025\/12\/Logo-Nuevo-LOS-POLITICOS-1.jpg","width":260,"height":70,"caption":"Los pol\u00edticos Veracruz"},"image":{"@id":"https:\/\/lospoliticosveracruz.com\/#\/schema\/logo\/image\/"},"sameAs":["https:\/\/www.facebook.com\/people\/Notimemes-de-los-Polticos\/61565672886568\/","https:\/\/x.com\/LosPoliticosVer"]},{"@type":"Person","@id":"https:\/\/lospoliticosveracruz.com\/#\/schema\/person\/b8702bb0e538456e6efd07080bf2a4a2","name":"Lo viste en Los Pol\u00edticos","image":{"@type":"ImageObject","inLanguage":"es","@id":"https:\/\/secure.gravatar.com\/avatar\/3a8de04a2656d44082be478bd6c086daa447c4651605818287b9532d3d0bd435?s=96&d=mm&r=g","url":"https:\/\/secure.gravatar.com\/avatar\/3a8de04a2656d44082be478bd6c086daa447c4651605818287b9532d3d0bd435?s=96&d=mm&r=g","contentUrl":"https:\/\/secure.gravatar.com\/avatar\/3a8de04a2656d44082be478bd6c086daa447c4651605818287b9532d3d0bd435?s=96&d=mm&r=g","caption":"Lo viste en Los Pol\u00edticos"},"url":"https:\/\/lospoliticosveracruz.com\/?author=2"}]}},"_links":{"self":[{"href":"https:\/\/lospoliticosveracruz.com\/index.php?rest_route=\/wp\/v2\/posts\/14695","targetHints":{"allow":["GET"]}}],"collection":[{"href":"https:\/\/lospoliticosveracruz.com\/index.php?rest_route=\/wp\/v2\/posts"}],"about":[{"href":"https:\/\/lospoliticosveracruz.com\/index.php?rest_route=\/wp\/v2\/types\/post"}],"author":[{"embeddable":true,"href":"https:\/\/lospoliticosveracruz.com\/index.php?rest_route=\/wp\/v2\/users\/2"}],"replies":[{"embeddable":true,"href":"https:\/\/lospoliticosveracruz.com\/index.php?rest_route=%2Fwp%2Fv2%2Fcomments&post=14695"}],"version-history":[{"count":1,"href":"https:\/\/lospoliticosveracruz.com\/index.php?rest_route=\/wp\/v2\/posts\/14695\/revisions"}],"predecessor-version":[{"id":14697,"href":"https:\/\/lospoliticosveracruz.com\/index.php?rest_route=\/wp\/v2\/posts\/14695\/revisions\/14697"}],"wp:attachment":[{"href":"https:\/\/lospoliticosveracruz.com\/index.php?rest_route=%2Fwp%2Fv2%2Fmedia&parent=14695"}],"wp:term":[{"taxonomy":"category","embeddable":true,"href":"https:\/\/lospoliticosveracruz.com\/index.php?rest_route=%2Fwp%2Fv2%2Fcategories&post=14695"},{"taxonomy":"post_tag","embeddable":true,"href":"https:\/\/lospoliticosveracruz.com\/index.php?rest_route=%2Fwp%2Fv2%2Ftags&post=14695"}],"curies":[{"name":"wp","href":"https:\/\/api.w.org\/{rel}","templated":true}]}}