{"id":146971,"date":"2025-06-12T09:46:05","date_gmt":"2025-06-12T14:46:05","guid":{"rendered":"https:\/\/lospoliticosveracruz.com.mx\/?p=146971"},"modified":"2025-06-12T09:46:37","modified_gmt":"2025-06-12T14:46:37","slug":"sucesion-uv-11","status":"publish","type":"post","link":"https:\/\/lospoliticosveracruz.com\/?p=146971","title":{"rendered":"SUCESI\u00d3N UV (11)"},"content":{"rendered":"\n\n\n<p><strong>Sergio Gonz\u00e1lez Levet<br><\/strong><em>Sin tacto<\/em><\/p>\n\n\n\n<p>El lunes 2 de septiembre de 2013 tom\u00f3 posesi\u00f3n como la primera mujer Rectora de la UV la doctora Sara Ladr\u00f3n de Guevara Gonz\u00e1lez.<\/p>\n\n\n\n<p>Fue elegida por la Junta de Gobierno que presid\u00eda el prestigiado doctor Adalberto Tejeda Mart\u00ednez y en la que participaban reconocidos personajes de las ciencias y las humanidades de M\u00e9xico. Entre ellos, el doctor Jos\u00e9 Sarukh\u00e1n Kermez, el doctor Ricardo Corzo Ram\u00edrez, el doctor Alberto Olvera Rivera, el doctor Rolando Cordera Campos.<\/p>\n\n\n\n<p>&nbsp;Esa Junta fue hist\u00f3rica en dos sentidos. Primero, porque eligi\u00f3 a la primera mujer para el cargo, y segundo porque actu\u00f3 haciendo honor a la autonom\u00eda de la universidad, e hizo su elecci\u00f3n a un lado de las preferencias del Rector Ra\u00fal Arias Lovillo, quien se inclinaba por el proyecto del doctor Porfirio Carrillo Castilla, y las de algunos funcionarios del Gobierno del Estado que ve\u00edan con buenos ojos al doctor V\u00edctor Arredondo, que hab\u00eda sido un magn\u00edfico Rector de 1997 a 2004.<\/p>\n\n\n\n<p>&nbsp;La doctora Ladr\u00f3n de Guevara supo responder a la expectativa y al t\u00e9rmino de su periodo de cuatro a\u00f1os, dentro de la legalidad universitaria se inscribi\u00f3 en el proceso de sucesi\u00f3n y result\u00f3 reelecta por la Junta.<\/p>\n\n\n\n<p>&nbsp;La exrectora solicit\u00f3 a los miembros de Junta de Gobierno que la recibieran para escuchar su planteamiento respecto del actual proceso de sucesi\u00f3n. y ayer a las 2 de la tarde se present\u00f3 ante Juan Manuel Pinos Rodr\u00edguez, Jos\u00e9 de Jes\u00fas Franco L\u00f3pez y Haydee Zizumbo Ram\u00edrez.<\/p>\n\n\n\n<p>&nbsp;La postura de Sara Ladr\u00f3n de Guevara es firme en favor de la legalidad. Ella no tiene ning\u00fan inter\u00e9s en que quede alguna persona en particular como Rector, pero s\u00ed propone con firmeza que se siga el proceso que marca la legislaci\u00f3n universitaria.<\/p>\n\n\n\n<p>&nbsp;No fue a la Junta a hablar mal ni bien de nadie. Por el contrario, \u00fanicamente solicit\u00f3 que se expida la convocatoria para elegir a la nueva autoridad universitaria y que se sigan los pasos que marca la Ley, sin interpretaciones ni a\u00f1adidos de \u00faltima hora que ser\u00edan ilegales.<\/p>\n\n\n\n<p>&nbsp;Incluso, la eminente arque\u00f3loga se muestra de acuerdo en que participe el actual Rector, Mart\u00edn Aguilar, y si presenta un buen proyecto y convence a la comunidad universitaria que pueda ser reelecto, como fue su propio caso.<\/p>\n\n\n\n<p>&nbsp;Sara Ladr\u00f3n de Guevara sali\u00f3 satisfecha de la reuni\u00f3n con la Junta de Gobierno porque, comenta, hizo lo que su conciencia le dict\u00f3 para preservar la legalidad y para defender a capa y espada la autonom\u00eda de la Universidad Veracruzana, que es de lo que se trata.<\/p>\n\n\n\n<p>&nbsp;Junto a la arque\u00f3loga, los otros dos rectores de la autonom\u00eda se han pronunciado en contra de la pr\u00f3rroga y de las pretensiones de Mart\u00edn Aguilar de ser reelegido en autom\u00e1tico. Tambi\u00e9n se han manifestado en el mismo sentido m\u00e1s de 10 exmiembros de la Junta de Gobierno, los aspirantes a participar en el proceso de renovaci\u00f3n, y muchos acad\u00e9micos y alumnos.<\/p>\n\n\n\n<p>&nbsp;Tantas opiniones y pronunciamientos en contra de la pr\u00f3rroga, sumadas al empecinamiento del Rector y su gente de que se le otorgue el pase en autom\u00e1tico est\u00e1n polarizando la universidad a niveles que podr\u00edan representar un obst\u00e1culo para el buen desempe\u00f1o de la casa de estudios\u2026 y de su autonom\u00eda.<\/p>\n\n\n\n<p>sglevet@gmail.com<\/p>\n\n\n\n<pre class=\"wp-block-code\"><code><br><br><\/code><\/pre>\n","protected":false},"excerpt":{"rendered":"<p>Sergio Gonz\u00e1lez LevetSin tacto El lunes 2 de septiembre de 2013 tom\u00f3 posesi\u00f3n como la primera mujer Rectora de la UV la doctora Sara Ladr\u00f3n de Guevara Gonz\u00e1lez. Fue elegida por la Junta de Gobierno que presid\u00eda el prestigiado doctor Adalberto Tejeda Mart\u00ednez y en la que participaban reconocidos personajes de las ciencias y las [&hellip;]<\/p>\n","protected":false},"author":2,"featured_media":141432,"comment_status":"closed","ping_status":"closed","sticky":false,"template":"","format":"standard","meta":{"tdm_status":"","tdm_grid_status":"","footnotes":""},"categories":[70],"tags":[],"class_list":{"0":"post-146971","1":"post","2":"type-post","3":"status-publish","4":"format-standard","5":"has-post-thumbnail","7":"category-de-opinion"},"yoast_head":"<!-- This site is optimized with the Yoast SEO plugin v27.4 - https:\/\/yoast.com\/product\/yoast-seo-wordpress\/ -->\n<title>SUCESI\u00d3N UV (11) - Los pol\u00edticos Veracruz<\/title>\n<meta name=\"robots\" content=\"index, follow, max-snippet:-1, max-image-preview:large, max-video-preview:-1\" \/>\n<link rel=\"canonical\" href=\"https:\/\/lospoliticosveracruz.com\/?p=146971\" \/>\n<meta property=\"og:locale\" content=\"es_ES\" \/>\n<meta property=\"og:type\" content=\"article\" \/>\n<meta property=\"og:title\" content=\"SUCESI\u00d3N UV (11) - Los pol\u00edticos Veracruz\" \/>\n<meta property=\"og:description\" content=\"Sergio Gonz\u00e1lez LevetSin tacto El lunes 2 de septiembre de 2013 tom\u00f3 posesi\u00f3n como la primera mujer Rectora de la UV la doctora Sara Ladr\u00f3n de Guevara Gonz\u00e1lez. Fue elegida por la Junta de Gobierno que presid\u00eda el prestigiado doctor Adalberto Tejeda Mart\u00ednez y en la que participaban reconocidos personajes de las ciencias y las [&hellip;]\" \/>\n<meta property=\"og:url\" content=\"https:\/\/lospoliticosveracruz.com\/?p=146971\" \/>\n<meta property=\"og:site_name\" content=\"Los pol\u00edticos Veracruz\" \/>\n<meta property=\"article:publisher\" content=\"https:\/\/www.facebook.com\/people\/Notimemes-de-los-Polticos\/61565672886568\/\" \/>\n<meta property=\"article:published_time\" content=\"2025-06-12T14:46:05+00:00\" \/>\n<meta property=\"article:modified_time\" content=\"2025-06-12T14:46:37+00:00\" \/>\n<meta property=\"og:image\" content=\"https:\/\/lospoliticosveracruz.com\/wp-content\/uploads\/2025\/04\/Levet.jpg\" \/>\n\t<meta property=\"og:image:width\" content=\"1250\" \/>\n\t<meta property=\"og:image:height\" content=\"667\" \/>\n\t<meta property=\"og:image:type\" content=\"image\/jpeg\" \/>\n<meta name=\"author\" content=\"Lo viste en Los Pol\u00edticos\" \/>\n<meta name=\"twitter:card\" content=\"summary_large_image\" \/>\n<meta name=\"twitter:creator\" content=\"@LosPoliticosVer\" \/>\n<meta name=\"twitter:site\" content=\"@LosPoliticosVer\" \/>\n<meta name=\"twitter:label1\" content=\"Escrito por\" \/>\n\t<meta name=\"twitter:data1\" content=\"Lo viste en Los Pol\u00edticos\" \/>\n\t<meta name=\"twitter:label2\" content=\"Tiempo de lectura\" \/>\n\t<meta name=\"twitter:data2\" content=\"3 minutos\" \/>\n<script type=\"application\/ld+json\" class=\"yoast-schema-graph\">{\"@context\":\"https:\\\/\\\/schema.org\",\"@graph\":[{\"@type\":\"Article\",\"@id\":\"https:\\\/\\\/lospoliticosveracruz.com\\\/?p=146971#article\",\"isPartOf\":{\"@id\":\"https:\\\/\\\/lospoliticosveracruz.com\\\/?p=146971\"},\"author\":{\"name\":\"Lo viste en Los Pol\u00edticos\",\"@id\":\"https:\\\/\\\/lospoliticosveracruz.com\\\/#\\\/schema\\\/person\\\/b8702bb0e538456e6efd07080bf2a4a2\"},\"headline\":\"SUCESI\u00d3N UV (11)\",\"datePublished\":\"2025-06-12T14:46:05+00:00\",\"dateModified\":\"2025-06-12T14:46:37+00:00\",\"mainEntityOfPage\":{\"@id\":\"https:\\\/\\\/lospoliticosveracruz.com\\\/?p=146971\"},\"wordCount\":598,\"publisher\":{\"@id\":\"https:\\\/\\\/lospoliticosveracruz.com\\\/#organization\"},\"image\":{\"@id\":\"https:\\\/\\\/lospoliticosveracruz.com\\\/?p=146971#primaryimage\"},\"thumbnailUrl\":\"https:\\\/\\\/lospoliticosveracruz.com\\\/wp-content\\\/uploads\\\/2025\\\/04\\\/Levet-e1773931000156.jpg\",\"articleSection\":[\"De Opini\u00f3n\"],\"inLanguage\":\"es\"},{\"@type\":\"WebPage\",\"@id\":\"https:\\\/\\\/lospoliticosveracruz.com\\\/?p=146971\",\"url\":\"https:\\\/\\\/lospoliticosveracruz.com\\\/?p=146971\",\"name\":\"SUCESI\u00d3N UV (11) - Los pol\u00edticos Veracruz\",\"isPartOf\":{\"@id\":\"https:\\\/\\\/lospoliticosveracruz.com\\\/#website\"},\"primaryImageOfPage\":{\"@id\":\"https:\\\/\\\/lospoliticosveracruz.com\\\/?p=146971#primaryimage\"},\"image\":{\"@id\":\"https:\\\/\\\/lospoliticosveracruz.com\\\/?p=146971#primaryimage\"},\"thumbnailUrl\":\"https:\\\/\\\/lospoliticosveracruz.com\\\/wp-content\\\/uploads\\\/2025\\\/04\\\/Levet-e1773931000156.jpg\",\"datePublished\":\"2025-06-12T14:46:05+00:00\",\"dateModified\":\"2025-06-12T14:46:37+00:00\",\"breadcrumb\":{\"@id\":\"https:\\\/\\\/lospoliticosveracruz.com\\\/?p=146971#breadcrumb\"},\"inLanguage\":\"es\",\"potentialAction\":[{\"@type\":\"ReadAction\",\"target\":[\"https:\\\/\\\/lospoliticosveracruz.com\\\/?p=146971\"]}]},{\"@type\":\"ImageObject\",\"inLanguage\":\"es\",\"@id\":\"https:\\\/\\\/lospoliticosveracruz.com\\\/?p=146971#primaryimage\",\"url\":\"https:\\\/\\\/lospoliticosveracruz.com\\\/wp-content\\\/uploads\\\/2025\\\/04\\\/Levet-e1773931000156.jpg\",\"contentUrl\":\"https:\\\/\\\/lospoliticosveracruz.com\\\/wp-content\\\/uploads\\\/2025\\\/04\\\/Levet-e1773931000156.jpg\",\"width\":600,\"height\":320},{\"@type\":\"BreadcrumbList\",\"@id\":\"https:\\\/\\\/lospoliticosveracruz.com\\\/?p=146971#breadcrumb\",\"itemListElement\":[{\"@type\":\"ListItem\",\"position\":1,\"name\":\"Portada\",\"item\":\"https:\\\/\\\/lospoliticosveracruz.com\\\/\"},{\"@type\":\"ListItem\",\"position\":2,\"name\":\"SUCESI\u00d3N UV (11)\"}]},{\"@type\":\"WebSite\",\"@id\":\"https:\\\/\\\/lospoliticosveracruz.com\\\/#website\",\"url\":\"https:\\\/\\\/lospoliticosveracruz.com\\\/\",\"name\":\"Los pol\u00edticos Veracruz\",\"description\":\"\",\"publisher\":{\"@id\":\"https:\\\/\\\/lospoliticosveracruz.com\\\/#organization\"},\"potentialAction\":[{\"@type\":\"SearchAction\",\"target\":{\"@type\":\"EntryPoint\",\"urlTemplate\":\"https:\\\/\\\/lospoliticosveracruz.com\\\/?s={search_term_string}\"},\"query-input\":{\"@type\":\"PropertyValueSpecification\",\"valueRequired\":true,\"valueName\":\"search_term_string\"}}],\"inLanguage\":\"es\"},{\"@type\":\"Organization\",\"@id\":\"https:\\\/\\\/lospoliticosveracruz.com\\\/#organization\",\"name\":\"Los pol\u00edticos Veracruz\",\"url\":\"https:\\\/\\\/lospoliticosveracruz.com\\\/\",\"logo\":{\"@type\":\"ImageObject\",\"inLanguage\":\"es\",\"@id\":\"https:\\\/\\\/lospoliticosveracruz.com\\\/#\\\/schema\\\/logo\\\/image\\\/\",\"url\":\"https:\\\/\\\/lospoliticosveracruz.com\\\/wp-content\\\/uploads\\\/2025\\\/12\\\/Logo-Nuevo-LOS-POLITICOS-1.jpg\",\"contentUrl\":\"https:\\\/\\\/lospoliticosveracruz.com\\\/wp-content\\\/uploads\\\/2025\\\/12\\\/Logo-Nuevo-LOS-POLITICOS-1.jpg\",\"width\":260,\"height\":70,\"caption\":\"Los pol\u00edticos Veracruz\"},\"image\":{\"@id\":\"https:\\\/\\\/lospoliticosveracruz.com\\\/#\\\/schema\\\/logo\\\/image\\\/\"},\"sameAs\":[\"https:\\\/\\\/www.facebook.com\\\/people\\\/Notimemes-de-los-Polticos\\\/61565672886568\\\/\",\"https:\\\/\\\/x.com\\\/LosPoliticosVer\"]},{\"@type\":\"Person\",\"@id\":\"https:\\\/\\\/lospoliticosveracruz.com\\\/#\\\/schema\\\/person\\\/b8702bb0e538456e6efd07080bf2a4a2\",\"name\":\"Lo viste en Los Pol\u00edticos\",\"image\":{\"@type\":\"ImageObject\",\"inLanguage\":\"es\",\"@id\":\"https:\\\/\\\/secure.gravatar.com\\\/avatar\\\/3a8de04a2656d44082be478bd6c086daa447c4651605818287b9532d3d0bd435?s=96&d=mm&r=g\",\"url\":\"https:\\\/\\\/secure.gravatar.com\\\/avatar\\\/3a8de04a2656d44082be478bd6c086daa447c4651605818287b9532d3d0bd435?s=96&d=mm&r=g\",\"contentUrl\":\"https:\\\/\\\/secure.gravatar.com\\\/avatar\\\/3a8de04a2656d44082be478bd6c086daa447c4651605818287b9532d3d0bd435?s=96&d=mm&r=g\",\"caption\":\"Lo viste en Los Pol\u00edticos\"},\"url\":\"https:\\\/\\\/lospoliticosveracruz.com\\\/?author=2\"}]}<\/script>\n<!-- \/ Yoast SEO plugin. -->","yoast_head_json":{"title":"SUCESI\u00d3N UV (11) - Los pol\u00edticos Veracruz","robots":{"index":"index","follow":"follow","max-snippet":"max-snippet:-1","max-image-preview":"max-image-preview:large","max-video-preview":"max-video-preview:-1"},"canonical":"https:\/\/lospoliticosveracruz.com\/?p=146971","og_locale":"es_ES","og_type":"article","og_title":"SUCESI\u00d3N UV (11) - Los pol\u00edticos Veracruz","og_description":"Sergio Gonz\u00e1lez LevetSin tacto El lunes 2 de septiembre de 2013 tom\u00f3 posesi\u00f3n como la primera mujer Rectora de la UV la doctora Sara Ladr\u00f3n de Guevara Gonz\u00e1lez. Fue elegida por la Junta de Gobierno que presid\u00eda el prestigiado doctor Adalberto Tejeda Mart\u00ednez y en la que participaban reconocidos personajes de las ciencias y las [&hellip;]","og_url":"https:\/\/lospoliticosveracruz.com\/?p=146971","og_site_name":"Los pol\u00edticos Veracruz","article_publisher":"https:\/\/www.facebook.com\/people\/Notimemes-de-los-Polticos\/61565672886568\/","article_published_time":"2025-06-12T14:46:05+00:00","article_modified_time":"2025-06-12T14:46:37+00:00","og_image":[{"width":1250,"height":667,"url":"https:\/\/lospoliticosveracruz.com\/wp-content\/uploads\/2025\/04\/Levet.jpg","type":"image\/jpeg"}],"author":"Lo viste en Los Pol\u00edticos","twitter_card":"summary_large_image","twitter_creator":"@LosPoliticosVer","twitter_site":"@LosPoliticosVer","twitter_misc":{"Escrito por":"Lo viste en Los Pol\u00edticos","Tiempo de lectura":"3 minutos"},"schema":{"@context":"https:\/\/schema.org","@graph":[{"@type":"Article","@id":"https:\/\/lospoliticosveracruz.com\/?p=146971#article","isPartOf":{"@id":"https:\/\/lospoliticosveracruz.com\/?p=146971"},"author":{"name":"Lo viste en Los Pol\u00edticos","@id":"https:\/\/lospoliticosveracruz.com\/#\/schema\/person\/b8702bb0e538456e6efd07080bf2a4a2"},"headline":"SUCESI\u00d3N UV (11)","datePublished":"2025-06-12T14:46:05+00:00","dateModified":"2025-06-12T14:46:37+00:00","mainEntityOfPage":{"@id":"https:\/\/lospoliticosveracruz.com\/?p=146971"},"wordCount":598,"publisher":{"@id":"https:\/\/lospoliticosveracruz.com\/#organization"},"image":{"@id":"https:\/\/lospoliticosveracruz.com\/?p=146971#primaryimage"},"thumbnailUrl":"https:\/\/lospoliticosveracruz.com\/wp-content\/uploads\/2025\/04\/Levet-e1773931000156.jpg","articleSection":["De Opini\u00f3n"],"inLanguage":"es"},{"@type":"WebPage","@id":"https:\/\/lospoliticosveracruz.com\/?p=146971","url":"https:\/\/lospoliticosveracruz.com\/?p=146971","name":"SUCESI\u00d3N UV (11) - Los pol\u00edticos Veracruz","isPartOf":{"@id":"https:\/\/lospoliticosveracruz.com\/#website"},"primaryImageOfPage":{"@id":"https:\/\/lospoliticosveracruz.com\/?p=146971#primaryimage"},"image":{"@id":"https:\/\/lospoliticosveracruz.com\/?p=146971#primaryimage"},"thumbnailUrl":"https:\/\/lospoliticosveracruz.com\/wp-content\/uploads\/2025\/04\/Levet-e1773931000156.jpg","datePublished":"2025-06-12T14:46:05+00:00","dateModified":"2025-06-12T14:46:37+00:00","breadcrumb":{"@id":"https:\/\/lospoliticosveracruz.com\/?p=146971#breadcrumb"},"inLanguage":"es","potentialAction":[{"@type":"ReadAction","target":["https:\/\/lospoliticosveracruz.com\/?p=146971"]}]},{"@type":"ImageObject","inLanguage":"es","@id":"https:\/\/lospoliticosveracruz.com\/?p=146971#primaryimage","url":"https:\/\/lospoliticosveracruz.com\/wp-content\/uploads\/2025\/04\/Levet-e1773931000156.jpg","contentUrl":"https:\/\/lospoliticosveracruz.com\/wp-content\/uploads\/2025\/04\/Levet-e1773931000156.jpg","width":600,"height":320},{"@type":"BreadcrumbList","@id":"https:\/\/lospoliticosveracruz.com\/?p=146971#breadcrumb","itemListElement":[{"@type":"ListItem","position":1,"name":"Portada","item":"https:\/\/lospoliticosveracruz.com\/"},{"@type":"ListItem","position":2,"name":"SUCESI\u00d3N UV (11)"}]},{"@type":"WebSite","@id":"https:\/\/lospoliticosveracruz.com\/#website","url":"https:\/\/lospoliticosveracruz.com\/","name":"Los pol\u00edticos Veracruz","description":"","publisher":{"@id":"https:\/\/lospoliticosveracruz.com\/#organization"},"potentialAction":[{"@type":"SearchAction","target":{"@type":"EntryPoint","urlTemplate":"https:\/\/lospoliticosveracruz.com\/?s={search_term_string}"},"query-input":{"@type":"PropertyValueSpecification","valueRequired":true,"valueName":"search_term_string"}}],"inLanguage":"es"},{"@type":"Organization","@id":"https:\/\/lospoliticosveracruz.com\/#organization","name":"Los pol\u00edticos Veracruz","url":"https:\/\/lospoliticosveracruz.com\/","logo":{"@type":"ImageObject","inLanguage":"es","@id":"https:\/\/lospoliticosveracruz.com\/#\/schema\/logo\/image\/","url":"https:\/\/lospoliticosveracruz.com\/wp-content\/uploads\/2025\/12\/Logo-Nuevo-LOS-POLITICOS-1.jpg","contentUrl":"https:\/\/lospoliticosveracruz.com\/wp-content\/uploads\/2025\/12\/Logo-Nuevo-LOS-POLITICOS-1.jpg","width":260,"height":70,"caption":"Los pol\u00edticos Veracruz"},"image":{"@id":"https:\/\/lospoliticosveracruz.com\/#\/schema\/logo\/image\/"},"sameAs":["https:\/\/www.facebook.com\/people\/Notimemes-de-los-Polticos\/61565672886568\/","https:\/\/x.com\/LosPoliticosVer"]},{"@type":"Person","@id":"https:\/\/lospoliticosveracruz.com\/#\/schema\/person\/b8702bb0e538456e6efd07080bf2a4a2","name":"Lo viste en Los Pol\u00edticos","image":{"@type":"ImageObject","inLanguage":"es","@id":"https:\/\/secure.gravatar.com\/avatar\/3a8de04a2656d44082be478bd6c086daa447c4651605818287b9532d3d0bd435?s=96&d=mm&r=g","url":"https:\/\/secure.gravatar.com\/avatar\/3a8de04a2656d44082be478bd6c086daa447c4651605818287b9532d3d0bd435?s=96&d=mm&r=g","contentUrl":"https:\/\/secure.gravatar.com\/avatar\/3a8de04a2656d44082be478bd6c086daa447c4651605818287b9532d3d0bd435?s=96&d=mm&r=g","caption":"Lo viste en Los Pol\u00edticos"},"url":"https:\/\/lospoliticosveracruz.com\/?author=2"}]}},"_links":{"self":[{"href":"https:\/\/lospoliticosveracruz.com\/index.php?rest_route=\/wp\/v2\/posts\/146971","targetHints":{"allow":["GET"]}}],"collection":[{"href":"https:\/\/lospoliticosveracruz.com\/index.php?rest_route=\/wp\/v2\/posts"}],"about":[{"href":"https:\/\/lospoliticosveracruz.com\/index.php?rest_route=\/wp\/v2\/types\/post"}],"author":[{"embeddable":true,"href":"https:\/\/lospoliticosveracruz.com\/index.php?rest_route=\/wp\/v2\/users\/2"}],"replies":[{"embeddable":true,"href":"https:\/\/lospoliticosveracruz.com\/index.php?rest_route=%2Fwp%2Fv2%2Fcomments&post=146971"}],"version-history":[{"count":2,"href":"https:\/\/lospoliticosveracruz.com\/index.php?rest_route=\/wp\/v2\/posts\/146971\/revisions"}],"predecessor-version":[{"id":146973,"href":"https:\/\/lospoliticosveracruz.com\/index.php?rest_route=\/wp\/v2\/posts\/146971\/revisions\/146973"}],"wp:featuredmedia":[{"embeddable":true,"href":"https:\/\/lospoliticosveracruz.com\/index.php?rest_route=\/wp\/v2\/media\/141432"}],"wp:attachment":[{"href":"https:\/\/lospoliticosveracruz.com\/index.php?rest_route=%2Fwp%2Fv2%2Fmedia&parent=146971"}],"wp:term":[{"taxonomy":"category","embeddable":true,"href":"https:\/\/lospoliticosveracruz.com\/index.php?rest_route=%2Fwp%2Fv2%2Fcategories&post=146971"},{"taxonomy":"post_tag","embeddable":true,"href":"https:\/\/lospoliticosveracruz.com\/index.php?rest_route=%2Fwp%2Fv2%2Ftags&post=146971"}],"curies":[{"name":"wp","href":"https:\/\/api.w.org\/{rel}","templated":true}]}}