{"id":147013,"date":"2025-06-12T12:48:23","date_gmt":"2025-06-12T17:48:23","guid":{"rendered":"https:\/\/lospoliticosveracruz.com.mx\/?p=147013"},"modified":"2025-06-12T12:48:32","modified_gmt":"2025-06-12T17:48:32","slug":"hector-y-su-impossible-dream","status":"publish","type":"post","link":"https:\/\/lospoliticosveracruz.com\/?p=147013","title":{"rendered":"H\u00c9CTOR Y SU IMPOSSIBLE DREAM"},"content":{"rendered":"\n\n\n<p><strong>Bernardo Guti\u00e9rrez Parra<\/strong><\/p>\n\n\n\n<p><em>Desde el Caf\u00e9<br><\/em><br>Lo que en otros tiempos hubiera sido un notici\u00f3n de ocho columnas en toda la prensa estatal, apenas figur\u00f3 en algunos portales de noticias y en un peri\u00f3dico jarocho por dos razones: porque ya casi no hay diarios impresos y porque el protagonista ya no es el figur\u00f3n pol\u00edtico que fue.<\/p>\n\n\n\n<p>H\u00e9ctor Yunes Landa, diputado local del PRI, le dijo a la periodista Perla Sandoval que va a buscar la candidatura a la gubernatura en 2030 en lo que ser\u00eda su segundo intento. En 2016 compiti\u00f3 contra su primo hermano Miguel \u00c1ngel Yunes Linares, y pas\u00f3 a la historia como el primer candidato del tricolor derrotado en una contienda de ese nivel en Veracruz.<\/p>\n\n\n\n<p>Y para m\u00e1s; con la derrota de H\u00e9ctor comenz\u00f3 la debacle del PRI y ya se cumplieron nueve a\u00f1os de que nom\u00e1s no la puede ver llegar.<\/p>\n\n\n\n<p>\u00bfQu\u00e9 busca el legislador con este destape tan tempranero? Que la gente no lo olvide, mantenerse vigente, dar la nota (aunque no sea la de ocho) y que alg\u00fan columnista de medio pelo como este servidor se ocupe de \u00e9l.<\/p>\n\n\n\n<p>\u00bfQu\u00e9 posibilidades tiene de alcanzar la candidatura? A Perla le dijo textual: \u201cYo voy a ser candidato a gobernador, se lo digo en serio\u201d y habr\u00e1 que creerle.<\/p>\n\n\n\n<p>\u00bfPor qu\u00e9 partido? Pues imagino que por el PRI, porque no creo que Morena, el PAN o Movimiento Ciudadano se lo vayan a pelear. Y el chiquitaje menos, sobre todo cuando el PT y el PVEM lograron triunfos en solitario que jam\u00e1s imaginaron y ahora est\u00e1n en una posici\u00f3n diametralmente opuesta a la que tuvieron antes del 1 de junio.<\/p>\n\n\n\n<p>Pero pongamos las cosas en perspectiva.<\/p>\n\n\n\n<p>Un factor que quiz\u00e1 H\u00e9ctor no ha puesto en la balanza es el de la edad. En la actualidad tiene 66 a\u00f1os, para el 2030 tendr\u00e1 72 y en el hipot\u00e9tico caso de que llegue a la gubernatura y cubra toda la ruta saldr\u00e1 de 78 a\u00f1os.<\/p>\n\n\n\n<p>\u00dachale.<\/p>\n\n\n\n<p>Si logra la candidatura ser\u00e1 el candidato m\u00e1s longevo al menos en la historia reciente de Veracruz y nadie o casi nadie lo ver\u00e1 como un hombre con experiencia, sino como un viejo empecinado en gobernar un estado con cuatro millones (la mitad de su poblaci\u00f3n) de ni\u00f1os y j\u00f3venes.<\/p>\n\n\n\n<p>Es decir, la sola edad ser\u00e1 una carga para \u00e9l.<\/p>\n\n\n\n<p>En charla con un amigo de gremio me dijo que H\u00e9ctor quiere ser gobernador desde que fue subsecretario de Gobierno con Fidel Herrera, pero difiero. Yunes Landa quiere gobernar Veracruz desde que sali\u00f3 de la Universidad o quiz\u00e1 desde antes.<\/p>\n\n\n\n<p>Por lustros se ha preparado para ello pero no se le ha dado. Y a estas alturas del partido creo que debe despedirse de ese anhelo.<\/p>\n\n\n\n<p>En lo personal, no me queda duda que hubiera sido mejor gobernador que Duarte, Miguel \u00c1ngel y Cuitl\u00e1huac juntos, porque es m\u00e1s pol\u00edtico y pragm\u00e1tico que ellos y conoce como pocos los problemas de Veracruz y su manera de resolverlos. Pero eso quiz\u00e1 nunca lo sabremos.<\/p>\n\n\n\n<p>Fidel lo hizo a un lado porque no quiso a un buen sucesor sino a un c\u00f3mplice que le cuidara las espaldas y escogi\u00f3 a Javier Duarte; en 2016 perdi\u00f3 ante Yunes Linares por el efecto Duarte, considerado entonces el peor gobernador de Veracruz. Y en 2018 el PRI se decant\u00f3 por Jos\u00e9 Yunes, lo mismo que en el 2024.<\/p>\n\n\n\n<p>Pero ah\u00ed sigue, tozudo, buscando una nueva oportunidad y con el optimismo hasta el tope.<\/p>\n\n\n\n<p>Asegur\u00f3 ante Perla Sandoval que el escenario pol\u00edtico cambiar\u00e1 el pr\u00f3ximo sexenio y anticip\u00f3 un retroceso para Morena en Veracruz. \u201cEn el 30 el pr\u00f3ximo gobernador no va a ser de Morena, va a ser de otro partido. Del a\u00f1o pasado a este (los morenos) perdieron m\u00e1s de 700 mil votos\u2026 es impresionante\u201d.<\/p>\n\n\n\n<p>Tiene raz\u00f3n, Morena va en picada y se ve muy hacia arriba que gane en el 2030. Pero si piensa que ser\u00e1 el sucesor de Roc\u00edo Nahle abanderado por un partido como el PRI que se est\u00e1 cayendo a pedazos y por ese motivo dif\u00edcilmente ir\u00e1 en alianza, h\u00edjole\u2026<\/p>\n\n\n\n<p>De todas maneras, suerte, matador.<\/p>\n\n\n\n<p>bernardogup@hotmail.com<\/p>\n","protected":false},"excerpt":{"rendered":"<p>Bernardo Guti\u00e9rrez Parra Desde el Caf\u00e9Lo que en otros tiempos hubiera sido un notici\u00f3n de ocho columnas en toda la prensa estatal, apenas figur\u00f3 en algunos portales de noticias y en un peri\u00f3dico jarocho por dos razones: porque ya casi no hay diarios impresos y porque el protagonista ya no es el figur\u00f3n pol\u00edtico que [&hellip;]<\/p>\n","protected":false},"author":2,"featured_media":141479,"comment_status":"closed","ping_status":"closed","sticky":false,"template":"","format":"standard","meta":{"tdm_status":"","tdm_grid_status":"","footnotes":""},"categories":[70],"tags":[348,32168],"class_list":{"0":"post-147013","1":"post","2":"type-post","3":"status-publish","4":"format-standard","5":"has-post-thumbnail","7":"category-de-opinion","8":"tag-hector-yunes-landa","9":"tag-perla-sandoval"},"yoast_head":"<!-- This site is optimized with the Yoast SEO plugin v27.4 - https:\/\/yoast.com\/product\/yoast-seo-wordpress\/ -->\n<title>H\u00c9CTOR Y SU IMPOSSIBLE DREAM - Los pol\u00edticos Veracruz<\/title>\n<meta name=\"robots\" content=\"index, follow, max-snippet:-1, max-image-preview:large, max-video-preview:-1\" \/>\n<link rel=\"canonical\" href=\"https:\/\/lospoliticosveracruz.com\/?p=147013\" \/>\n<meta property=\"og:locale\" content=\"es_ES\" \/>\n<meta property=\"og:type\" content=\"article\" \/>\n<meta property=\"og:title\" content=\"H\u00c9CTOR Y SU IMPOSSIBLE DREAM - Los pol\u00edticos Veracruz\" \/>\n<meta property=\"og:description\" content=\"Bernardo Guti\u00e9rrez Parra Desde el Caf\u00e9Lo que en otros tiempos hubiera sido un notici\u00f3n de ocho columnas en toda la prensa estatal, apenas figur\u00f3 en algunos portales de noticias y en un peri\u00f3dico jarocho por dos razones: porque ya casi no hay diarios impresos y porque el protagonista ya no es el figur\u00f3n pol\u00edtico que [&hellip;]\" \/>\n<meta property=\"og:url\" content=\"https:\/\/lospoliticosveracruz.com\/?p=147013\" \/>\n<meta property=\"og:site_name\" content=\"Los pol\u00edticos Veracruz\" \/>\n<meta property=\"article:publisher\" content=\"https:\/\/www.facebook.com\/people\/Notimemes-de-los-Polticos\/61565672886568\/\" \/>\n<meta property=\"article:published_time\" content=\"2025-06-12T17:48:23+00:00\" \/>\n<meta property=\"article:modified_time\" content=\"2025-06-12T17:48:32+00:00\" \/>\n<meta property=\"og:image\" content=\"https:\/\/lospoliticosveracruz.com\/wp-content\/uploads\/2025\/04\/Bernardo-Gutierrez-Parra.jpg\" \/>\n\t<meta property=\"og:image:width\" content=\"1250\" \/>\n\t<meta property=\"og:image:height\" content=\"667\" \/>\n\t<meta property=\"og:image:type\" content=\"image\/jpeg\" \/>\n<meta name=\"author\" content=\"Lo viste en Los Pol\u00edticos\" \/>\n<meta name=\"twitter:card\" content=\"summary_large_image\" \/>\n<meta name=\"twitter:creator\" content=\"@LosPoliticosVer\" \/>\n<meta name=\"twitter:site\" content=\"@LosPoliticosVer\" \/>\n<meta name=\"twitter:label1\" content=\"Escrito por\" \/>\n\t<meta name=\"twitter:data1\" content=\"Lo viste en Los Pol\u00edticos\" \/>\n\t<meta name=\"twitter:label2\" content=\"Tiempo de lectura\" \/>\n\t<meta name=\"twitter:data2\" content=\"4 minutos\" \/>\n<script type=\"application\/ld+json\" class=\"yoast-schema-graph\">{\"@context\":\"https:\\\/\\\/schema.org\",\"@graph\":[{\"@type\":\"Article\",\"@id\":\"https:\\\/\\\/lospoliticosveracruz.com\\\/?p=147013#article\",\"isPartOf\":{\"@id\":\"https:\\\/\\\/lospoliticosveracruz.com\\\/?p=147013\"},\"author\":{\"name\":\"Lo viste en Los Pol\u00edticos\",\"@id\":\"https:\\\/\\\/lospoliticosveracruz.com\\\/#\\\/schema\\\/person\\\/b8702bb0e538456e6efd07080bf2a4a2\"},\"headline\":\"H\u00c9CTOR Y SU IMPOSSIBLE DREAM\",\"datePublished\":\"2025-06-12T17:48:23+00:00\",\"dateModified\":\"2025-06-12T17:48:32+00:00\",\"mainEntityOfPage\":{\"@id\":\"https:\\\/\\\/lospoliticosveracruz.com\\\/?p=147013\"},\"wordCount\":717,\"publisher\":{\"@id\":\"https:\\\/\\\/lospoliticosveracruz.com\\\/#organization\"},\"image\":{\"@id\":\"https:\\\/\\\/lospoliticosveracruz.com\\\/?p=147013#primaryimage\"},\"thumbnailUrl\":\"https:\\\/\\\/lospoliticosveracruz.com\\\/wp-content\\\/uploads\\\/2025\\\/04\\\/Bernardo-Gutierrez-Parra.jpg\",\"keywords\":[\"H\u00e9ctor Yunes Landa\",\"Perla Sandoval\"],\"articleSection\":[\"De Opini\u00f3n\"],\"inLanguage\":\"es\"},{\"@type\":\"WebPage\",\"@id\":\"https:\\\/\\\/lospoliticosveracruz.com\\\/?p=147013\",\"url\":\"https:\\\/\\\/lospoliticosveracruz.com\\\/?p=147013\",\"name\":\"H\u00c9CTOR Y SU IMPOSSIBLE DREAM - Los pol\u00edticos Veracruz\",\"isPartOf\":{\"@id\":\"https:\\\/\\\/lospoliticosveracruz.com\\\/#website\"},\"primaryImageOfPage\":{\"@id\":\"https:\\\/\\\/lospoliticosveracruz.com\\\/?p=147013#primaryimage\"},\"image\":{\"@id\":\"https:\\\/\\\/lospoliticosveracruz.com\\\/?p=147013#primaryimage\"},\"thumbnailUrl\":\"https:\\\/\\\/lospoliticosveracruz.com\\\/wp-content\\\/uploads\\\/2025\\\/04\\\/Bernardo-Gutierrez-Parra.jpg\",\"datePublished\":\"2025-06-12T17:48:23+00:00\",\"dateModified\":\"2025-06-12T17:48:32+00:00\",\"breadcrumb\":{\"@id\":\"https:\\\/\\\/lospoliticosveracruz.com\\\/?p=147013#breadcrumb\"},\"inLanguage\":\"es\",\"potentialAction\":[{\"@type\":\"ReadAction\",\"target\":[\"https:\\\/\\\/lospoliticosveracruz.com\\\/?p=147013\"]}]},{\"@type\":\"ImageObject\",\"inLanguage\":\"es\",\"@id\":\"https:\\\/\\\/lospoliticosveracruz.com\\\/?p=147013#primaryimage\",\"url\":\"https:\\\/\\\/lospoliticosveracruz.com\\\/wp-content\\\/uploads\\\/2025\\\/04\\\/Bernardo-Gutierrez-Parra.jpg\",\"contentUrl\":\"https:\\\/\\\/lospoliticosveracruz.com\\\/wp-content\\\/uploads\\\/2025\\\/04\\\/Bernardo-Gutierrez-Parra.jpg\",\"width\":1250,\"height\":667},{\"@type\":\"BreadcrumbList\",\"@id\":\"https:\\\/\\\/lospoliticosveracruz.com\\\/?p=147013#breadcrumb\",\"itemListElement\":[{\"@type\":\"ListItem\",\"position\":1,\"name\":\"Portada\",\"item\":\"https:\\\/\\\/lospoliticosveracruz.com\\\/\"},{\"@type\":\"ListItem\",\"position\":2,\"name\":\"H\u00c9CTOR Y SU IMPOSSIBLE DREAM\"}]},{\"@type\":\"WebSite\",\"@id\":\"https:\\\/\\\/lospoliticosveracruz.com\\\/#website\",\"url\":\"https:\\\/\\\/lospoliticosveracruz.com\\\/\",\"name\":\"Los pol\u00edticos Veracruz\",\"description\":\"\",\"publisher\":{\"@id\":\"https:\\\/\\\/lospoliticosveracruz.com\\\/#organization\"},\"potentialAction\":[{\"@type\":\"SearchAction\",\"target\":{\"@type\":\"EntryPoint\",\"urlTemplate\":\"https:\\\/\\\/lospoliticosveracruz.com\\\/?s={search_term_string}\"},\"query-input\":{\"@type\":\"PropertyValueSpecification\",\"valueRequired\":true,\"valueName\":\"search_term_string\"}}],\"inLanguage\":\"es\"},{\"@type\":\"Organization\",\"@id\":\"https:\\\/\\\/lospoliticosveracruz.com\\\/#organization\",\"name\":\"Los pol\u00edticos Veracruz\",\"url\":\"https:\\\/\\\/lospoliticosveracruz.com\\\/\",\"logo\":{\"@type\":\"ImageObject\",\"inLanguage\":\"es\",\"@id\":\"https:\\\/\\\/lospoliticosveracruz.com\\\/#\\\/schema\\\/logo\\\/image\\\/\",\"url\":\"https:\\\/\\\/lospoliticosveracruz.com\\\/wp-content\\\/uploads\\\/2025\\\/12\\\/Logo-Nuevo-LOS-POLITICOS-1.jpg\",\"contentUrl\":\"https:\\\/\\\/lospoliticosveracruz.com\\\/wp-content\\\/uploads\\\/2025\\\/12\\\/Logo-Nuevo-LOS-POLITICOS-1.jpg\",\"width\":260,\"height\":70,\"caption\":\"Los pol\u00edticos Veracruz\"},\"image\":{\"@id\":\"https:\\\/\\\/lospoliticosveracruz.com\\\/#\\\/schema\\\/logo\\\/image\\\/\"},\"sameAs\":[\"https:\\\/\\\/www.facebook.com\\\/people\\\/Notimemes-de-los-Polticos\\\/61565672886568\\\/\",\"https:\\\/\\\/x.com\\\/LosPoliticosVer\"]},{\"@type\":\"Person\",\"@id\":\"https:\\\/\\\/lospoliticosveracruz.com\\\/#\\\/schema\\\/person\\\/b8702bb0e538456e6efd07080bf2a4a2\",\"name\":\"Lo viste en Los Pol\u00edticos\",\"image\":{\"@type\":\"ImageObject\",\"inLanguage\":\"es\",\"@id\":\"https:\\\/\\\/secure.gravatar.com\\\/avatar\\\/3a8de04a2656d44082be478bd6c086daa447c4651605818287b9532d3d0bd435?s=96&d=mm&r=g\",\"url\":\"https:\\\/\\\/secure.gravatar.com\\\/avatar\\\/3a8de04a2656d44082be478bd6c086daa447c4651605818287b9532d3d0bd435?s=96&d=mm&r=g\",\"contentUrl\":\"https:\\\/\\\/secure.gravatar.com\\\/avatar\\\/3a8de04a2656d44082be478bd6c086daa447c4651605818287b9532d3d0bd435?s=96&d=mm&r=g\",\"caption\":\"Lo viste en Los Pol\u00edticos\"},\"url\":\"https:\\\/\\\/lospoliticosveracruz.com\\\/?author=2\"}]}<\/script>\n<!-- \/ Yoast SEO plugin. -->","yoast_head_json":{"title":"H\u00c9CTOR Y SU IMPOSSIBLE DREAM - Los pol\u00edticos Veracruz","robots":{"index":"index","follow":"follow","max-snippet":"max-snippet:-1","max-image-preview":"max-image-preview:large","max-video-preview":"max-video-preview:-1"},"canonical":"https:\/\/lospoliticosveracruz.com\/?p=147013","og_locale":"es_ES","og_type":"article","og_title":"H\u00c9CTOR Y SU IMPOSSIBLE DREAM - Los pol\u00edticos Veracruz","og_description":"Bernardo Guti\u00e9rrez Parra Desde el Caf\u00e9Lo que en otros tiempos hubiera sido un notici\u00f3n de ocho columnas en toda la prensa estatal, apenas figur\u00f3 en algunos portales de noticias y en un peri\u00f3dico jarocho por dos razones: porque ya casi no hay diarios impresos y porque el protagonista ya no es el figur\u00f3n pol\u00edtico que [&hellip;]","og_url":"https:\/\/lospoliticosveracruz.com\/?p=147013","og_site_name":"Los pol\u00edticos Veracruz","article_publisher":"https:\/\/www.facebook.com\/people\/Notimemes-de-los-Polticos\/61565672886568\/","article_published_time":"2025-06-12T17:48:23+00:00","article_modified_time":"2025-06-12T17:48:32+00:00","og_image":[{"width":1250,"height":667,"url":"https:\/\/lospoliticosveracruz.com\/wp-content\/uploads\/2025\/04\/Bernardo-Gutierrez-Parra.jpg","type":"image\/jpeg"}],"author":"Lo viste en Los Pol\u00edticos","twitter_card":"summary_large_image","twitter_creator":"@LosPoliticosVer","twitter_site":"@LosPoliticosVer","twitter_misc":{"Escrito por":"Lo viste en Los Pol\u00edticos","Tiempo de lectura":"4 minutos"},"schema":{"@context":"https:\/\/schema.org","@graph":[{"@type":"Article","@id":"https:\/\/lospoliticosveracruz.com\/?p=147013#article","isPartOf":{"@id":"https:\/\/lospoliticosveracruz.com\/?p=147013"},"author":{"name":"Lo viste en Los Pol\u00edticos","@id":"https:\/\/lospoliticosveracruz.com\/#\/schema\/person\/b8702bb0e538456e6efd07080bf2a4a2"},"headline":"H\u00c9CTOR Y SU IMPOSSIBLE DREAM","datePublished":"2025-06-12T17:48:23+00:00","dateModified":"2025-06-12T17:48:32+00:00","mainEntityOfPage":{"@id":"https:\/\/lospoliticosveracruz.com\/?p=147013"},"wordCount":717,"publisher":{"@id":"https:\/\/lospoliticosveracruz.com\/#organization"},"image":{"@id":"https:\/\/lospoliticosveracruz.com\/?p=147013#primaryimage"},"thumbnailUrl":"https:\/\/lospoliticosveracruz.com\/wp-content\/uploads\/2025\/04\/Bernardo-Gutierrez-Parra.jpg","keywords":["H\u00e9ctor Yunes Landa","Perla Sandoval"],"articleSection":["De Opini\u00f3n"],"inLanguage":"es"},{"@type":"WebPage","@id":"https:\/\/lospoliticosveracruz.com\/?p=147013","url":"https:\/\/lospoliticosveracruz.com\/?p=147013","name":"H\u00c9CTOR Y SU IMPOSSIBLE DREAM - Los pol\u00edticos Veracruz","isPartOf":{"@id":"https:\/\/lospoliticosveracruz.com\/#website"},"primaryImageOfPage":{"@id":"https:\/\/lospoliticosveracruz.com\/?p=147013#primaryimage"},"image":{"@id":"https:\/\/lospoliticosveracruz.com\/?p=147013#primaryimage"},"thumbnailUrl":"https:\/\/lospoliticosveracruz.com\/wp-content\/uploads\/2025\/04\/Bernardo-Gutierrez-Parra.jpg","datePublished":"2025-06-12T17:48:23+00:00","dateModified":"2025-06-12T17:48:32+00:00","breadcrumb":{"@id":"https:\/\/lospoliticosveracruz.com\/?p=147013#breadcrumb"},"inLanguage":"es","potentialAction":[{"@type":"ReadAction","target":["https:\/\/lospoliticosveracruz.com\/?p=147013"]}]},{"@type":"ImageObject","inLanguage":"es","@id":"https:\/\/lospoliticosveracruz.com\/?p=147013#primaryimage","url":"https:\/\/lospoliticosveracruz.com\/wp-content\/uploads\/2025\/04\/Bernardo-Gutierrez-Parra.jpg","contentUrl":"https:\/\/lospoliticosveracruz.com\/wp-content\/uploads\/2025\/04\/Bernardo-Gutierrez-Parra.jpg","width":1250,"height":667},{"@type":"BreadcrumbList","@id":"https:\/\/lospoliticosveracruz.com\/?p=147013#breadcrumb","itemListElement":[{"@type":"ListItem","position":1,"name":"Portada","item":"https:\/\/lospoliticosveracruz.com\/"},{"@type":"ListItem","position":2,"name":"H\u00c9CTOR Y SU IMPOSSIBLE DREAM"}]},{"@type":"WebSite","@id":"https:\/\/lospoliticosveracruz.com\/#website","url":"https:\/\/lospoliticosveracruz.com\/","name":"Los pol\u00edticos Veracruz","description":"","publisher":{"@id":"https:\/\/lospoliticosveracruz.com\/#organization"},"potentialAction":[{"@type":"SearchAction","target":{"@type":"EntryPoint","urlTemplate":"https:\/\/lospoliticosveracruz.com\/?s={search_term_string}"},"query-input":{"@type":"PropertyValueSpecification","valueRequired":true,"valueName":"search_term_string"}}],"inLanguage":"es"},{"@type":"Organization","@id":"https:\/\/lospoliticosveracruz.com\/#organization","name":"Los pol\u00edticos Veracruz","url":"https:\/\/lospoliticosveracruz.com\/","logo":{"@type":"ImageObject","inLanguage":"es","@id":"https:\/\/lospoliticosveracruz.com\/#\/schema\/logo\/image\/","url":"https:\/\/lospoliticosveracruz.com\/wp-content\/uploads\/2025\/12\/Logo-Nuevo-LOS-POLITICOS-1.jpg","contentUrl":"https:\/\/lospoliticosveracruz.com\/wp-content\/uploads\/2025\/12\/Logo-Nuevo-LOS-POLITICOS-1.jpg","width":260,"height":70,"caption":"Los pol\u00edticos Veracruz"},"image":{"@id":"https:\/\/lospoliticosveracruz.com\/#\/schema\/logo\/image\/"},"sameAs":["https:\/\/www.facebook.com\/people\/Notimemes-de-los-Polticos\/61565672886568\/","https:\/\/x.com\/LosPoliticosVer"]},{"@type":"Person","@id":"https:\/\/lospoliticosveracruz.com\/#\/schema\/person\/b8702bb0e538456e6efd07080bf2a4a2","name":"Lo viste en Los Pol\u00edticos","image":{"@type":"ImageObject","inLanguage":"es","@id":"https:\/\/secure.gravatar.com\/avatar\/3a8de04a2656d44082be478bd6c086daa447c4651605818287b9532d3d0bd435?s=96&d=mm&r=g","url":"https:\/\/secure.gravatar.com\/avatar\/3a8de04a2656d44082be478bd6c086daa447c4651605818287b9532d3d0bd435?s=96&d=mm&r=g","contentUrl":"https:\/\/secure.gravatar.com\/avatar\/3a8de04a2656d44082be478bd6c086daa447c4651605818287b9532d3d0bd435?s=96&d=mm&r=g","caption":"Lo viste en Los Pol\u00edticos"},"url":"https:\/\/lospoliticosveracruz.com\/?author=2"}]}},"_links":{"self":[{"href":"https:\/\/lospoliticosveracruz.com\/index.php?rest_route=\/wp\/v2\/posts\/147013","targetHints":{"allow":["GET"]}}],"collection":[{"href":"https:\/\/lospoliticosveracruz.com\/index.php?rest_route=\/wp\/v2\/posts"}],"about":[{"href":"https:\/\/lospoliticosveracruz.com\/index.php?rest_route=\/wp\/v2\/types\/post"}],"author":[{"embeddable":true,"href":"https:\/\/lospoliticosveracruz.com\/index.php?rest_route=\/wp\/v2\/users\/2"}],"replies":[{"embeddable":true,"href":"https:\/\/lospoliticosveracruz.com\/index.php?rest_route=%2Fwp%2Fv2%2Fcomments&post=147013"}],"version-history":[{"count":1,"href":"https:\/\/lospoliticosveracruz.com\/index.php?rest_route=\/wp\/v2\/posts\/147013\/revisions"}],"predecessor-version":[{"id":147014,"href":"https:\/\/lospoliticosveracruz.com\/index.php?rest_route=\/wp\/v2\/posts\/147013\/revisions\/147014"}],"wp:featuredmedia":[{"embeddable":true,"href":"https:\/\/lospoliticosveracruz.com\/index.php?rest_route=\/wp\/v2\/media\/141479"}],"wp:attachment":[{"href":"https:\/\/lospoliticosveracruz.com\/index.php?rest_route=%2Fwp%2Fv2%2Fmedia&parent=147013"}],"wp:term":[{"taxonomy":"category","embeddable":true,"href":"https:\/\/lospoliticosveracruz.com\/index.php?rest_route=%2Fwp%2Fv2%2Fcategories&post=147013"},{"taxonomy":"post_tag","embeddable":true,"href":"https:\/\/lospoliticosveracruz.com\/index.php?rest_route=%2Fwp%2Fv2%2Ftags&post=147013"}],"curies":[{"name":"wp","href":"https:\/\/api.w.org\/{rel}","templated":true}]}}