{"id":147017,"date":"2025-06-12T13:10:10","date_gmt":"2025-06-12T18:10:10","guid":{"rendered":"https:\/\/lospoliticosveracruz.com.mx\/?p=147017"},"modified":"2025-06-12T13:10:23","modified_gmt":"2025-06-12T18:10:23","slug":"ni-con-4-melones-pudo-el-charrito","status":"publish","type":"post","link":"https:\/\/lospoliticosveracruz.com\/?p=147017","title":{"rendered":"NI CON 4 MELONES PUDO EL CHARRITO"},"content":{"rendered":"\n\n\n<p><\/p>\n\n\n\n<p>La historia vuelve a repetirse para Everardo Soto Matla, conocido operador pol\u00edtico yunista y aspirante multiusos, quien nuevamente fue rechazado en las urnas por el electorado de su tierra natal. Esta vez, pese a su millonaria inversi\u00f3n y m\u00faltiples maniobras partidistas, perdi\u00f3 por segunda ocasi\u00f3n frente al priista Jos\u00e9 Luis Vargas Gonz\u00e1lez.<\/p>\n\n\n\n<p>El cap\u00edtulo m\u00e1s reciente de este drama pol\u00edtico tuvo lugar en el actual proceso electoral, donde Soto Matla presum\u00eda haber invertido cuatro millones de pesos en su campa\u00f1a. Sin embargo, esa cifra no bast\u00f3 para convencer a un electorado que ya lo conoce demasiado bien: perdi\u00f3 por 600 votos, casi el mismo margen que su hermana Isabel Soto Matla, derrotada tambi\u00e9n por Vargas en 2017.<\/p>\n\n\n\n<p>En aquel a\u00f1o, el propio Everardo impuso como candidata de Morena a Marcela Mendoza Velis, pero a media campa\u00f1a la envi\u00f3 a vacacionar a Puerto Vallarta, allanando el camino para su verdadera apuesta: su hermana Isabel. El resultado fue igual de desastroso: Morena obtuvo apenas 106 votos.<\/p>\n\n\n\n<p>Tras ese rev\u00e9s, Isabel Soto se refugi\u00f3 en Quimixtl\u00e1n, Puebla, como funcionaria del ayuntamiento panista encabezado por Armando Pimentel G\u00f3mez, compadre de Everardo, se\u00f1alado por sus nexos con el crimen organizado. En 2022, la polic\u00eda municipal fue intervenida por la Guardia Nacional y la FGE por usurpaci\u00f3n de funciones, mientras Pimentel se encontraba pr\u00f3fugo.<\/p>\n\n\n\n<p>Lejos de alejarse de la pol\u00edtica, Everardo recal\u00f3 en el Partido del Trabajo, donde fue recibido como figura estelar por los diputados Vicente Aguilar Aguilar y Ram\u00f3n D\u00edaz \u00c1vila. Pero tras la ruptura de la coalici\u00f3n, no dud\u00f3 en traicionarlos y apareci\u00f3 en las oficinas de Javier Herrera Borunda, negociando su postulaci\u00f3n con el PVEM y Morena.<\/p>\n\n\n\n<p>Aunque el diputado federal Adri\u00e1n Gonz\u00e1lez Naveda lo vet\u00f3 desde el inicio, otros actores como Ignacio \u201cNacho Gacho\u201d Luna \u2014presidente electo de Coatepec\u2014 le tendieron la mano, posiblemente bajo influencia de su antiguo jefe, Enrique Fern\u00e1ndez Peredo, conocido como \u201cLa Grandota\u201d, cuya administraci\u00f3n est\u00e1 manchada por el secuestro del esposo de una regidora de Movimiento Ciudadano.<\/p>\n\n\n\n<p>Hoy, la pregunta que se hacen muchos en Ixhuac\u00e1n es clara: \u00bfvolver\u00e1n las ma\u00f1as? Porque si algo ha dejado claro el pueblo es que, con charritos como Soto Matla, no se juega dos veces.<\/p>\n","protected":false},"excerpt":{"rendered":"<p>La historia vuelve a repetirse para Everardo Soto Matla, conocido operador pol\u00edtico yunista y aspirante multiusos, quien nuevamente fue rechazado en las urnas por el electorado de su tierra natal. Esta vez, pese a su millonaria inversi\u00f3n y m\u00faltiples maniobras partidistas, perdi\u00f3 por segunda ocasi\u00f3n frente al priista Jos\u00e9 Luis Vargas Gonz\u00e1lez. El cap\u00edtulo m\u00e1s [&hellip;]<\/p>\n","protected":false},"author":2,"featured_media":147011,"comment_status":"closed","ping_status":"closed","sticky":false,"template":"","format":"standard","meta":{"tdm_status":"","tdm_grid_status":"","footnotes":""},"categories":[74],"tags":[4822,20970,44118],"class_list":{"0":"post-147017","1":"post","2":"type-post","3":"status-publish","4":"format-standard","5":"has-post-thumbnail","7":"category-lavadero","8":"tag-everardo-soto-matla","9":"tag-jose-luis-vargas-gonzalez","10":"tag-ni-con-4-melones-pudo-el-charrito"},"yoast_head":"<!-- This site is optimized with the Yoast SEO plugin v27.4 - https:\/\/yoast.com\/product\/yoast-seo-wordpress\/ -->\n<title>NI CON 4 MELONES PUDO EL CHARRITO - Los pol\u00edticos Veracruz<\/title>\n<meta name=\"robots\" content=\"index, follow, max-snippet:-1, max-image-preview:large, max-video-preview:-1\" \/>\n<link rel=\"canonical\" href=\"https:\/\/lospoliticosveracruz.com\/?p=147017\" \/>\n<meta property=\"og:locale\" content=\"es_ES\" \/>\n<meta property=\"og:type\" content=\"article\" \/>\n<meta property=\"og:title\" content=\"NI CON 4 MELONES PUDO EL CHARRITO - Los pol\u00edticos Veracruz\" \/>\n<meta property=\"og:description\" content=\"La historia vuelve a repetirse para Everardo Soto Matla, conocido operador pol\u00edtico yunista y aspirante multiusos, quien nuevamente fue rechazado en las urnas por el electorado de su tierra natal. Esta vez, pese a su millonaria inversi\u00f3n y m\u00faltiples maniobras partidistas, perdi\u00f3 por segunda ocasi\u00f3n frente al priista Jos\u00e9 Luis Vargas Gonz\u00e1lez. El cap\u00edtulo m\u00e1s [&hellip;]\" \/>\n<meta property=\"og:url\" content=\"https:\/\/lospoliticosveracruz.com\/?p=147017\" \/>\n<meta property=\"og:site_name\" content=\"Los pol\u00edticos Veracruz\" \/>\n<meta property=\"article:publisher\" content=\"https:\/\/www.facebook.com\/people\/Notimemes-de-los-Polticos\/61565672886568\/\" \/>\n<meta property=\"article:published_time\" content=\"2025-06-12T18:10:10+00:00\" \/>\n<meta property=\"article:modified_time\" content=\"2025-06-12T18:10:23+00:00\" \/>\n<meta property=\"og:image\" content=\"https:\/\/lospoliticosveracruz.com\/wp-content\/uploads\/2025\/06\/Everardo-Soto-Matla.jpg\" \/>\n\t<meta property=\"og:image:width\" content=\"600\" \/>\n\t<meta property=\"og:image:height\" content=\"389\" \/>\n\t<meta property=\"og:image:type\" content=\"image\/jpeg\" \/>\n<meta name=\"author\" content=\"Lo viste en Los Pol\u00edticos\" \/>\n<meta name=\"twitter:card\" content=\"summary_large_image\" \/>\n<meta name=\"twitter:creator\" content=\"@LosPoliticosVer\" \/>\n<meta name=\"twitter:site\" content=\"@LosPoliticosVer\" \/>\n<meta name=\"twitter:label1\" content=\"Escrito por\" \/>\n\t<meta name=\"twitter:data1\" content=\"Lo viste en Los Pol\u00edticos\" \/>\n\t<meta name=\"twitter:label2\" content=\"Tiempo de lectura\" \/>\n\t<meta name=\"twitter:data2\" content=\"2 minutos\" \/>\n<script type=\"application\/ld+json\" class=\"yoast-schema-graph\">{\"@context\":\"https:\\\/\\\/schema.org\",\"@graph\":[{\"@type\":\"Article\",\"@id\":\"https:\\\/\\\/lospoliticosveracruz.com\\\/?p=147017#article\",\"isPartOf\":{\"@id\":\"https:\\\/\\\/lospoliticosveracruz.com\\\/?p=147017\"},\"author\":{\"name\":\"Lo viste en Los Pol\u00edticos\",\"@id\":\"https:\\\/\\\/lospoliticosveracruz.com\\\/#\\\/schema\\\/person\\\/b8702bb0e538456e6efd07080bf2a4a2\"},\"headline\":\"NI CON 4 MELONES PUDO EL CHARRITO\",\"datePublished\":\"2025-06-12T18:10:10+00:00\",\"dateModified\":\"2025-06-12T18:10:23+00:00\",\"mainEntityOfPage\":{\"@id\":\"https:\\\/\\\/lospoliticosveracruz.com\\\/?p=147017\"},\"wordCount\":399,\"publisher\":{\"@id\":\"https:\\\/\\\/lospoliticosveracruz.com\\\/#organization\"},\"image\":{\"@id\":\"https:\\\/\\\/lospoliticosveracruz.com\\\/?p=147017#primaryimage\"},\"thumbnailUrl\":\"https:\\\/\\\/lospoliticosveracruz.com\\\/wp-content\\\/uploads\\\/2025\\\/06\\\/Everardo-Soto-Matla.jpg\",\"keywords\":[\"Everardo Soto Matla\",\"Jos\u00e9 Luis Vargas Gonz\u00e1lez\",\"NI CON 4 MELONES PUDO EL CHARRITO\"],\"articleSection\":[\"Lavadero\"],\"inLanguage\":\"es\"},{\"@type\":\"WebPage\",\"@id\":\"https:\\\/\\\/lospoliticosveracruz.com\\\/?p=147017\",\"url\":\"https:\\\/\\\/lospoliticosveracruz.com\\\/?p=147017\",\"name\":\"NI CON 4 MELONES PUDO EL CHARRITO - Los pol\u00edticos Veracruz\",\"isPartOf\":{\"@id\":\"https:\\\/\\\/lospoliticosveracruz.com\\\/#website\"},\"primaryImageOfPage\":{\"@id\":\"https:\\\/\\\/lospoliticosveracruz.com\\\/?p=147017#primaryimage\"},\"image\":{\"@id\":\"https:\\\/\\\/lospoliticosveracruz.com\\\/?p=147017#primaryimage\"},\"thumbnailUrl\":\"https:\\\/\\\/lospoliticosveracruz.com\\\/wp-content\\\/uploads\\\/2025\\\/06\\\/Everardo-Soto-Matla.jpg\",\"datePublished\":\"2025-06-12T18:10:10+00:00\",\"dateModified\":\"2025-06-12T18:10:23+00:00\",\"breadcrumb\":{\"@id\":\"https:\\\/\\\/lospoliticosveracruz.com\\\/?p=147017#breadcrumb\"},\"inLanguage\":\"es\",\"potentialAction\":[{\"@type\":\"ReadAction\",\"target\":[\"https:\\\/\\\/lospoliticosveracruz.com\\\/?p=147017\"]}]},{\"@type\":\"ImageObject\",\"inLanguage\":\"es\",\"@id\":\"https:\\\/\\\/lospoliticosveracruz.com\\\/?p=147017#primaryimage\",\"url\":\"https:\\\/\\\/lospoliticosveracruz.com\\\/wp-content\\\/uploads\\\/2025\\\/06\\\/Everardo-Soto-Matla.jpg\",\"contentUrl\":\"https:\\\/\\\/lospoliticosveracruz.com\\\/wp-content\\\/uploads\\\/2025\\\/06\\\/Everardo-Soto-Matla.jpg\",\"width\":600,\"height\":389},{\"@type\":\"BreadcrumbList\",\"@id\":\"https:\\\/\\\/lospoliticosveracruz.com\\\/?p=147017#breadcrumb\",\"itemListElement\":[{\"@type\":\"ListItem\",\"position\":1,\"name\":\"Portada\",\"item\":\"https:\\\/\\\/lospoliticosveracruz.com\\\/\"},{\"@type\":\"ListItem\",\"position\":2,\"name\":\"NI CON 4 MELONES PUDO EL CHARRITO\"}]},{\"@type\":\"WebSite\",\"@id\":\"https:\\\/\\\/lospoliticosveracruz.com\\\/#website\",\"url\":\"https:\\\/\\\/lospoliticosveracruz.com\\\/\",\"name\":\"Los pol\u00edticos Veracruz\",\"description\":\"\",\"publisher\":{\"@id\":\"https:\\\/\\\/lospoliticosveracruz.com\\\/#organization\"},\"potentialAction\":[{\"@type\":\"SearchAction\",\"target\":{\"@type\":\"EntryPoint\",\"urlTemplate\":\"https:\\\/\\\/lospoliticosveracruz.com\\\/?s={search_term_string}\"},\"query-input\":{\"@type\":\"PropertyValueSpecification\",\"valueRequired\":true,\"valueName\":\"search_term_string\"}}],\"inLanguage\":\"es\"},{\"@type\":\"Organization\",\"@id\":\"https:\\\/\\\/lospoliticosveracruz.com\\\/#organization\",\"name\":\"Los pol\u00edticos Veracruz\",\"url\":\"https:\\\/\\\/lospoliticosveracruz.com\\\/\",\"logo\":{\"@type\":\"ImageObject\",\"inLanguage\":\"es\",\"@id\":\"https:\\\/\\\/lospoliticosveracruz.com\\\/#\\\/schema\\\/logo\\\/image\\\/\",\"url\":\"https:\\\/\\\/lospoliticosveracruz.com\\\/wp-content\\\/uploads\\\/2025\\\/12\\\/Logo-Nuevo-LOS-POLITICOS-1.jpg\",\"contentUrl\":\"https:\\\/\\\/lospoliticosveracruz.com\\\/wp-content\\\/uploads\\\/2025\\\/12\\\/Logo-Nuevo-LOS-POLITICOS-1.jpg\",\"width\":260,\"height\":70,\"caption\":\"Los pol\u00edticos Veracruz\"},\"image\":{\"@id\":\"https:\\\/\\\/lospoliticosveracruz.com\\\/#\\\/schema\\\/logo\\\/image\\\/\"},\"sameAs\":[\"https:\\\/\\\/www.facebook.com\\\/people\\\/Notimemes-de-los-Polticos\\\/61565672886568\\\/\",\"https:\\\/\\\/x.com\\\/LosPoliticosVer\"]},{\"@type\":\"Person\",\"@id\":\"https:\\\/\\\/lospoliticosveracruz.com\\\/#\\\/schema\\\/person\\\/b8702bb0e538456e6efd07080bf2a4a2\",\"name\":\"Lo viste en Los Pol\u00edticos\",\"image\":{\"@type\":\"ImageObject\",\"inLanguage\":\"es\",\"@id\":\"https:\\\/\\\/secure.gravatar.com\\\/avatar\\\/3a8de04a2656d44082be478bd6c086daa447c4651605818287b9532d3d0bd435?s=96&d=mm&r=g\",\"url\":\"https:\\\/\\\/secure.gravatar.com\\\/avatar\\\/3a8de04a2656d44082be478bd6c086daa447c4651605818287b9532d3d0bd435?s=96&d=mm&r=g\",\"contentUrl\":\"https:\\\/\\\/secure.gravatar.com\\\/avatar\\\/3a8de04a2656d44082be478bd6c086daa447c4651605818287b9532d3d0bd435?s=96&d=mm&r=g\",\"caption\":\"Lo viste en Los Pol\u00edticos\"},\"url\":\"https:\\\/\\\/lospoliticosveracruz.com\\\/?author=2\"}]}<\/script>\n<!-- \/ Yoast SEO plugin. -->","yoast_head_json":{"title":"NI CON 4 MELONES PUDO EL CHARRITO - Los pol\u00edticos Veracruz","robots":{"index":"index","follow":"follow","max-snippet":"max-snippet:-1","max-image-preview":"max-image-preview:large","max-video-preview":"max-video-preview:-1"},"canonical":"https:\/\/lospoliticosveracruz.com\/?p=147017","og_locale":"es_ES","og_type":"article","og_title":"NI CON 4 MELONES PUDO EL CHARRITO - Los pol\u00edticos Veracruz","og_description":"La historia vuelve a repetirse para Everardo Soto Matla, conocido operador pol\u00edtico yunista y aspirante multiusos, quien nuevamente fue rechazado en las urnas por el electorado de su tierra natal. Esta vez, pese a su millonaria inversi\u00f3n y m\u00faltiples maniobras partidistas, perdi\u00f3 por segunda ocasi\u00f3n frente al priista Jos\u00e9 Luis Vargas Gonz\u00e1lez. El cap\u00edtulo m\u00e1s [&hellip;]","og_url":"https:\/\/lospoliticosveracruz.com\/?p=147017","og_site_name":"Los pol\u00edticos Veracruz","article_publisher":"https:\/\/www.facebook.com\/people\/Notimemes-de-los-Polticos\/61565672886568\/","article_published_time":"2025-06-12T18:10:10+00:00","article_modified_time":"2025-06-12T18:10:23+00:00","og_image":[{"width":600,"height":389,"url":"https:\/\/lospoliticosveracruz.com\/wp-content\/uploads\/2025\/06\/Everardo-Soto-Matla.jpg","type":"image\/jpeg"}],"author":"Lo viste en Los Pol\u00edticos","twitter_card":"summary_large_image","twitter_creator":"@LosPoliticosVer","twitter_site":"@LosPoliticosVer","twitter_misc":{"Escrito por":"Lo viste en Los Pol\u00edticos","Tiempo de lectura":"2 minutos"},"schema":{"@context":"https:\/\/schema.org","@graph":[{"@type":"Article","@id":"https:\/\/lospoliticosveracruz.com\/?p=147017#article","isPartOf":{"@id":"https:\/\/lospoliticosveracruz.com\/?p=147017"},"author":{"name":"Lo viste en Los Pol\u00edticos","@id":"https:\/\/lospoliticosveracruz.com\/#\/schema\/person\/b8702bb0e538456e6efd07080bf2a4a2"},"headline":"NI CON 4 MELONES PUDO EL CHARRITO","datePublished":"2025-06-12T18:10:10+00:00","dateModified":"2025-06-12T18:10:23+00:00","mainEntityOfPage":{"@id":"https:\/\/lospoliticosveracruz.com\/?p=147017"},"wordCount":399,"publisher":{"@id":"https:\/\/lospoliticosveracruz.com\/#organization"},"image":{"@id":"https:\/\/lospoliticosveracruz.com\/?p=147017#primaryimage"},"thumbnailUrl":"https:\/\/lospoliticosveracruz.com\/wp-content\/uploads\/2025\/06\/Everardo-Soto-Matla.jpg","keywords":["Everardo Soto Matla","Jos\u00e9 Luis Vargas Gonz\u00e1lez","NI CON 4 MELONES PUDO EL CHARRITO"],"articleSection":["Lavadero"],"inLanguage":"es"},{"@type":"WebPage","@id":"https:\/\/lospoliticosveracruz.com\/?p=147017","url":"https:\/\/lospoliticosveracruz.com\/?p=147017","name":"NI CON 4 MELONES PUDO EL CHARRITO - Los pol\u00edticos Veracruz","isPartOf":{"@id":"https:\/\/lospoliticosveracruz.com\/#website"},"primaryImageOfPage":{"@id":"https:\/\/lospoliticosveracruz.com\/?p=147017#primaryimage"},"image":{"@id":"https:\/\/lospoliticosveracruz.com\/?p=147017#primaryimage"},"thumbnailUrl":"https:\/\/lospoliticosveracruz.com\/wp-content\/uploads\/2025\/06\/Everardo-Soto-Matla.jpg","datePublished":"2025-06-12T18:10:10+00:00","dateModified":"2025-06-12T18:10:23+00:00","breadcrumb":{"@id":"https:\/\/lospoliticosveracruz.com\/?p=147017#breadcrumb"},"inLanguage":"es","potentialAction":[{"@type":"ReadAction","target":["https:\/\/lospoliticosveracruz.com\/?p=147017"]}]},{"@type":"ImageObject","inLanguage":"es","@id":"https:\/\/lospoliticosveracruz.com\/?p=147017#primaryimage","url":"https:\/\/lospoliticosveracruz.com\/wp-content\/uploads\/2025\/06\/Everardo-Soto-Matla.jpg","contentUrl":"https:\/\/lospoliticosveracruz.com\/wp-content\/uploads\/2025\/06\/Everardo-Soto-Matla.jpg","width":600,"height":389},{"@type":"BreadcrumbList","@id":"https:\/\/lospoliticosveracruz.com\/?p=147017#breadcrumb","itemListElement":[{"@type":"ListItem","position":1,"name":"Portada","item":"https:\/\/lospoliticosveracruz.com\/"},{"@type":"ListItem","position":2,"name":"NI CON 4 MELONES PUDO EL CHARRITO"}]},{"@type":"WebSite","@id":"https:\/\/lospoliticosveracruz.com\/#website","url":"https:\/\/lospoliticosveracruz.com\/","name":"Los pol\u00edticos Veracruz","description":"","publisher":{"@id":"https:\/\/lospoliticosveracruz.com\/#organization"},"potentialAction":[{"@type":"SearchAction","target":{"@type":"EntryPoint","urlTemplate":"https:\/\/lospoliticosveracruz.com\/?s={search_term_string}"},"query-input":{"@type":"PropertyValueSpecification","valueRequired":true,"valueName":"search_term_string"}}],"inLanguage":"es"},{"@type":"Organization","@id":"https:\/\/lospoliticosveracruz.com\/#organization","name":"Los pol\u00edticos Veracruz","url":"https:\/\/lospoliticosveracruz.com\/","logo":{"@type":"ImageObject","inLanguage":"es","@id":"https:\/\/lospoliticosveracruz.com\/#\/schema\/logo\/image\/","url":"https:\/\/lospoliticosveracruz.com\/wp-content\/uploads\/2025\/12\/Logo-Nuevo-LOS-POLITICOS-1.jpg","contentUrl":"https:\/\/lospoliticosveracruz.com\/wp-content\/uploads\/2025\/12\/Logo-Nuevo-LOS-POLITICOS-1.jpg","width":260,"height":70,"caption":"Los pol\u00edticos Veracruz"},"image":{"@id":"https:\/\/lospoliticosveracruz.com\/#\/schema\/logo\/image\/"},"sameAs":["https:\/\/www.facebook.com\/people\/Notimemes-de-los-Polticos\/61565672886568\/","https:\/\/x.com\/LosPoliticosVer"]},{"@type":"Person","@id":"https:\/\/lospoliticosveracruz.com\/#\/schema\/person\/b8702bb0e538456e6efd07080bf2a4a2","name":"Lo viste en Los Pol\u00edticos","image":{"@type":"ImageObject","inLanguage":"es","@id":"https:\/\/secure.gravatar.com\/avatar\/3a8de04a2656d44082be478bd6c086daa447c4651605818287b9532d3d0bd435?s=96&d=mm&r=g","url":"https:\/\/secure.gravatar.com\/avatar\/3a8de04a2656d44082be478bd6c086daa447c4651605818287b9532d3d0bd435?s=96&d=mm&r=g","contentUrl":"https:\/\/secure.gravatar.com\/avatar\/3a8de04a2656d44082be478bd6c086daa447c4651605818287b9532d3d0bd435?s=96&d=mm&r=g","caption":"Lo viste en Los Pol\u00edticos"},"url":"https:\/\/lospoliticosveracruz.com\/?author=2"}]}},"_links":{"self":[{"href":"https:\/\/lospoliticosveracruz.com\/index.php?rest_route=\/wp\/v2\/posts\/147017","targetHints":{"allow":["GET"]}}],"collection":[{"href":"https:\/\/lospoliticosveracruz.com\/index.php?rest_route=\/wp\/v2\/posts"}],"about":[{"href":"https:\/\/lospoliticosveracruz.com\/index.php?rest_route=\/wp\/v2\/types\/post"}],"author":[{"embeddable":true,"href":"https:\/\/lospoliticosveracruz.com\/index.php?rest_route=\/wp\/v2\/users\/2"}],"replies":[{"embeddable":true,"href":"https:\/\/lospoliticosveracruz.com\/index.php?rest_route=%2Fwp%2Fv2%2Fcomments&post=147017"}],"version-history":[{"count":2,"href":"https:\/\/lospoliticosveracruz.com\/index.php?rest_route=\/wp\/v2\/posts\/147017\/revisions"}],"predecessor-version":[{"id":147019,"href":"https:\/\/lospoliticosveracruz.com\/index.php?rest_route=\/wp\/v2\/posts\/147017\/revisions\/147019"}],"wp:featuredmedia":[{"embeddable":true,"href":"https:\/\/lospoliticosveracruz.com\/index.php?rest_route=\/wp\/v2\/media\/147011"}],"wp:attachment":[{"href":"https:\/\/lospoliticosveracruz.com\/index.php?rest_route=%2Fwp%2Fv2%2Fmedia&parent=147017"}],"wp:term":[{"taxonomy":"category","embeddable":true,"href":"https:\/\/lospoliticosveracruz.com\/index.php?rest_route=%2Fwp%2Fv2%2Fcategories&post=147017"},{"taxonomy":"post_tag","embeddable":true,"href":"https:\/\/lospoliticosveracruz.com\/index.php?rest_route=%2Fwp%2Fv2%2Ftags&post=147017"}],"curies":[{"name":"wp","href":"https:\/\/api.w.org\/{rel}","templated":true}]}}