{"id":147062,"date":"2025-06-13T07:21:00","date_gmt":"2025-06-13T12:21:00","guid":{"rendered":"https:\/\/lospoliticosveracruz.com.mx\/?p=147062"},"modified":"2025-06-13T07:21:40","modified_gmt":"2025-06-13T12:21:40","slug":"ople-auditara-ople","status":"publish","type":"post","link":"https:\/\/lospoliticosveracruz.com\/?p=147062","title":{"rendered":"OPLE AUDITAR\u00c1 OPLE"},"content":{"rendered":"\n\n\n<p><br><strong>Fanny Y\u00e9pez<\/strong><br><em>La Columna<\/em><\/p>\n\n\n\n<p>La elecci\u00f3n de funcionarios del poder judicial en el estado de Veracruz, marcara historia en las p\u00e1ginas negras a nivel nacional por el desaseo y opacidad que se registr\u00f3 en la fase del c\u00f3mputo y escrutinio, que pesimamente desarroll\u00f3 el Organismo P\u00fablico Local Electoral, situaci\u00f3n que ha generado dudas y sospechas sobre una supuesta inclinaci\u00f3n de la balanza, para favorecer a algunos aspirantes.<br>Las inconsistencias sobre los resultados llego a tal grado que, el \u00e1rbitro al no contar con respuestas serias y aceptables, decidi\u00f3 suspender la p\u00e1gina oficial donde se estaban dando a conocer los resultados preliminares de la Elecci\u00f3n Judicial local de Veracruz, celebrada el 1 de junio pasado.<br>La p\u00e1gina oficial del PREP del OPLE fue suspendida de manera definitiva, despu\u00e9s de presentar errores durante 36 horas, desde su lanzamiento, ante ello la responsable de esta instituci\u00f3n electoral, Marisol Delgadillo Morales, consejera presidenta del Organismo P\u00fablico Local Electoral del Estado (OPLE), anunci\u00f3 que ahora un total de 24 millones de boletas ser\u00e1n contadas manualmente.<br>Todo esto genero un sinn\u00famero de comentarios negativos, donde se pone en duda la elecci\u00f3n para renovar 98 cargos del Poder Judicial local en Veracruz. Ahora se encuentra suspendida de manera definitiva, por una falla en el sistema de c\u00f3mputos distritales que ha despertado sospechas sobre la limpieza de los comicios.<br>Cabe recordar que el pasado lunes 9 de junio, el OPLE habilit\u00f3 un sitio en internet que promet\u00eda informar en tiempo real los resultados preliminares de la Elecci\u00f3n Judicial local de Veracruz, mediante la cual se votaron a 98 cargos: 16 magistraturas del Tribunal Superior de Justicia, 5 magistraturas del Tribunal de Disciplina judicial, 1 magistratura del Tribunal de Conciliaci\u00f3n y Arbitraje y 77 juezas y jueces de primera instancia.<br>Ahora el Organismo P\u00fablico Local Electoral (OPLE) de Veracruz informo que este viernes 13 de junio, se reanudar\u00e1 el proceso de escrutinio y c\u00f3mputo final correspondiente a la elecci\u00f3n extraordinaria del Poder Judicial. As\u00ed lo inform\u00f3 la consejera presidenta del organismo, Marisol Alicia Delgadillo Morales, durante una sesi\u00f3n permanente de vigilancia.<br>Durante la sesi\u00f3n, el Consejo General del OPLE aprob\u00f3 medidas extraordinarias para permitir que los 27 consejos municipales habilitados en la entidad retomen el c\u00f3mputo, esta vez sin utilizar el sistema inform\u00e1tico, debido a las fallas presentadas en d\u00edas anteriores.<br>Entre los acuerdos tomados destaca la anulaci\u00f3n de las actas levantadas en el conteo inicial que comenz\u00f3 el pasado lunes 9 de junio, estableciendo que todos los consejos \u2014incluido el de Papantla\u2014 deber\u00e1n reiniciar el escrutinio y c\u00f3mputo de manera manual, a m\u00e1s tardar el viernes 13.<br>En esta mara\u00f1a de sospechas y dudas, sobre la falta de transparencia en el OPLE Veracruz, ha surgido en esta aldea jarocha un viejo refr\u00e1n popular, \u00abhay que ser cochino, pero no trompudo\u00bb. Esta frase, que significa \u00abhay que ser aprovechado, pero no demasiado\u00bb, es com\u00fan en diferentes regiones de M\u00e9xico.<br>Ante la serie de irregularidades e inconsistencias el Organismo P\u00fablico Local Electoral (OPLE) de Veracruz llevar\u00e1 a cabo una auditor\u00eda integral al sistema de c\u00f3mputo empleado en la elecci\u00f3n judicial, luego de que se presentaran inconsistencias t\u00e9cnicas que motivaron la suspensi\u00f3n de los trabajos digitales. Otro error, porque esto serie ser juez y parte.<br>El Ople va auditar al OPLE, esto es una burla a la inteligencia de los ciudadanos, contrataron a un sastre para que le confeccione un traje a la medida. Esto causa risa. A quien pretenden enga\u00f1ar.<br>La auditor\u00eda estar\u00e1 a cargo de un ente externo con reconocido prestigio, cuya contrataci\u00f3n ser\u00e1 gestionada por la Secretar\u00eda Ejecutiva del organismo. El objetivo es esclarecer las causas que provocaron los errores registrados el pasado 9 de junio, fecha en que iniciaron las labores de c\u00f3mputo en los 26 consejos municipales habilitados.<br>Ante estas fallas, el Consejo General del OPLE determin\u00f3 suspender el uso del sistema digital y proceder con el escrutinio y c\u00f3mputo de forma manual. Para ello, se utilizar\u00e1n herramientas inform\u00e1ticas que permitan organizar y sistematizar la contabilizaci\u00f3n de los votos por candidatura.<br>Tambi\u00e9n se acord\u00f3 dejar sin efecto los datos previamente cargados en los consejos municipales y dar paso a un nuevo modelo operativo, que contempla el uso de hojas de trabajo auxiliares. Adem\u00e1s, se permitir\u00e1 a los consejos aumentar su personal y habilitar m\u00e1s puntos de escrutinio y captura para agilizar las labores.<br>Para muchos eso no fue un error, ni siquiera del equipo t\u00e9cnico, eso fue un robo de la manera m\u00e1s ingenua en estos tiempos. Cuando se le cay\u00f3 el sistema a Manuel Bartlet era el a\u00f1o 1988, hace 37 a\u00f1os, cuando los sistemas electr\u00f3nicos estaban reci\u00e9n destapados para estos trabajos, pero ahora un ni\u00f1o de 12 o 13 a\u00f1os podr\u00eda explicar que es lo que realmente pas\u00f3.<br>No es una exageraci\u00f3n, pero los ni\u00f1os y los j\u00f3venes nacieron con esa tecnolog\u00eda y la dominan de manera muy segura, as\u00ed es que no hace falta tener mucho conocimiento para ver, oler y sentir el aroma y sabor de fraude.<br>Se\u00f1ores consejeros preparen sus l\u00e1pices, libretas, \u00e1bacos, reglas y todo lo que sea necesario para rendir buenas cuentas,<\/p>\n","protected":false},"excerpt":{"rendered":"<p>Fanny Y\u00e9pezLa Columna La elecci\u00f3n de funcionarios del poder judicial en el estado de Veracruz, marcara historia en las p\u00e1ginas negras a nivel nacional por el desaseo y opacidad que se registr\u00f3 en la fase del c\u00f3mputo y escrutinio, que pesimamente desarroll\u00f3 el Organismo P\u00fablico Local Electoral, situaci\u00f3n que ha generado dudas y sospechas sobre [&hellip;]<\/p>\n","protected":false},"author":2,"featured_media":141383,"comment_status":"closed","ping_status":"closed","sticky":false,"template":"","format":"standard","meta":{"tdm_status":"","tdm_grid_status":"","footnotes":""},"categories":[70],"tags":[2178,12446,82,195],"class_list":{"0":"post-147062","1":"post","2":"type-post","3":"status-publish","4":"format-standard","5":"has-post-thumbnail","7":"category-de-opinion","8":"tag-fraude","9":"tag-ople-veracruz","10":"tag-poder-judicial","11":"tag-veracruz"},"yoast_head":"<!-- This site is optimized with the Yoast SEO plugin v27.4 - https:\/\/yoast.com\/product\/yoast-seo-wordpress\/ -->\n<title>OPLE AUDITAR\u00c1 OPLE - Los pol\u00edticos Veracruz<\/title>\n<meta name=\"robots\" content=\"index, follow, max-snippet:-1, max-image-preview:large, max-video-preview:-1\" \/>\n<link rel=\"canonical\" href=\"https:\/\/lospoliticosveracruz.com\/?p=147062\" \/>\n<meta property=\"og:locale\" content=\"es_ES\" \/>\n<meta property=\"og:type\" content=\"article\" \/>\n<meta property=\"og:title\" content=\"OPLE AUDITAR\u00c1 OPLE - Los pol\u00edticos Veracruz\" \/>\n<meta property=\"og:description\" content=\"Fanny Y\u00e9pezLa Columna La elecci\u00f3n de funcionarios del poder judicial en el estado de Veracruz, marcara historia en las p\u00e1ginas negras a nivel nacional por el desaseo y opacidad que se registr\u00f3 en la fase del c\u00f3mputo y escrutinio, que pesimamente desarroll\u00f3 el Organismo P\u00fablico Local Electoral, situaci\u00f3n que ha generado dudas y sospechas sobre [&hellip;]\" \/>\n<meta property=\"og:url\" content=\"https:\/\/lospoliticosveracruz.com\/?p=147062\" \/>\n<meta property=\"og:site_name\" content=\"Los pol\u00edticos Veracruz\" \/>\n<meta property=\"article:publisher\" content=\"https:\/\/www.facebook.com\/people\/Notimemes-de-los-Polticos\/61565672886568\/\" \/>\n<meta property=\"article:published_time\" content=\"2025-06-13T12:21:00+00:00\" \/>\n<meta property=\"article:modified_time\" content=\"2025-06-13T12:21:40+00:00\" \/>\n<meta property=\"og:image\" content=\"https:\/\/lospoliticosveracruz.com\/wp-content\/uploads\/2025\/04\/Fanny-Yepez-Luna-e1768657334923.jpg\" \/>\n\t<meta property=\"og:image:width\" content=\"600\" \/>\n\t<meta property=\"og:image:height\" content=\"320\" \/>\n\t<meta property=\"og:image:type\" content=\"image\/jpeg\" \/>\n<meta name=\"author\" content=\"Lo viste en Los Pol\u00edticos\" \/>\n<meta name=\"twitter:card\" content=\"summary_large_image\" \/>\n<meta name=\"twitter:creator\" content=\"@LosPoliticosVer\" \/>\n<meta name=\"twitter:site\" content=\"@LosPoliticosVer\" \/>\n<meta name=\"twitter:label1\" content=\"Escrito por\" \/>\n\t<meta name=\"twitter:data1\" content=\"Lo viste en Los Pol\u00edticos\" \/>\n\t<meta name=\"twitter:label2\" content=\"Tiempo de lectura\" \/>\n\t<meta name=\"twitter:data2\" content=\"4 minutos\" \/>\n<script type=\"application\/ld+json\" class=\"yoast-schema-graph\">{\"@context\":\"https:\\\/\\\/schema.org\",\"@graph\":[{\"@type\":\"Article\",\"@id\":\"https:\\\/\\\/lospoliticosveracruz.com\\\/?p=147062#article\",\"isPartOf\":{\"@id\":\"https:\\\/\\\/lospoliticosveracruz.com\\\/?p=147062\"},\"author\":{\"name\":\"Lo viste en Los Pol\u00edticos\",\"@id\":\"https:\\\/\\\/lospoliticosveracruz.com\\\/#\\\/schema\\\/person\\\/b8702bb0e538456e6efd07080bf2a4a2\"},\"headline\":\"OPLE AUDITAR\u00c1 OPLE\",\"datePublished\":\"2025-06-13T12:21:00+00:00\",\"dateModified\":\"2025-06-13T12:21:40+00:00\",\"mainEntityOfPage\":{\"@id\":\"https:\\\/\\\/lospoliticosveracruz.com\\\/?p=147062\"},\"wordCount\":895,\"publisher\":{\"@id\":\"https:\\\/\\\/lospoliticosveracruz.com\\\/#organization\"},\"image\":{\"@id\":\"https:\\\/\\\/lospoliticosveracruz.com\\\/?p=147062#primaryimage\"},\"thumbnailUrl\":\"https:\\\/\\\/lospoliticosveracruz.com\\\/wp-content\\\/uploads\\\/2025\\\/04\\\/Fanny-Yepez-Luna-e1768657334923.jpg\",\"keywords\":[\"Fraude\",\"OPLE Veracruz\",\"Poder Judicial\",\"Veracruz\"],\"articleSection\":[\"De Opini\u00f3n\"],\"inLanguage\":\"es\"},{\"@type\":\"WebPage\",\"@id\":\"https:\\\/\\\/lospoliticosveracruz.com\\\/?p=147062\",\"url\":\"https:\\\/\\\/lospoliticosveracruz.com\\\/?p=147062\",\"name\":\"OPLE AUDITAR\u00c1 OPLE - Los pol\u00edticos Veracruz\",\"isPartOf\":{\"@id\":\"https:\\\/\\\/lospoliticosveracruz.com\\\/#website\"},\"primaryImageOfPage\":{\"@id\":\"https:\\\/\\\/lospoliticosveracruz.com\\\/?p=147062#primaryimage\"},\"image\":{\"@id\":\"https:\\\/\\\/lospoliticosveracruz.com\\\/?p=147062#primaryimage\"},\"thumbnailUrl\":\"https:\\\/\\\/lospoliticosveracruz.com\\\/wp-content\\\/uploads\\\/2025\\\/04\\\/Fanny-Yepez-Luna-e1768657334923.jpg\",\"datePublished\":\"2025-06-13T12:21:00+00:00\",\"dateModified\":\"2025-06-13T12:21:40+00:00\",\"breadcrumb\":{\"@id\":\"https:\\\/\\\/lospoliticosveracruz.com\\\/?p=147062#breadcrumb\"},\"inLanguage\":\"es\",\"potentialAction\":[{\"@type\":\"ReadAction\",\"target\":[\"https:\\\/\\\/lospoliticosveracruz.com\\\/?p=147062\"]}]},{\"@type\":\"ImageObject\",\"inLanguage\":\"es\",\"@id\":\"https:\\\/\\\/lospoliticosveracruz.com\\\/?p=147062#primaryimage\",\"url\":\"https:\\\/\\\/lospoliticosveracruz.com\\\/wp-content\\\/uploads\\\/2025\\\/04\\\/Fanny-Yepez-Luna-e1768657334923.jpg\",\"contentUrl\":\"https:\\\/\\\/lospoliticosveracruz.com\\\/wp-content\\\/uploads\\\/2025\\\/04\\\/Fanny-Yepez-Luna-e1768657334923.jpg\",\"width\":600,\"height\":320},{\"@type\":\"BreadcrumbList\",\"@id\":\"https:\\\/\\\/lospoliticosveracruz.com\\\/?p=147062#breadcrumb\",\"itemListElement\":[{\"@type\":\"ListItem\",\"position\":1,\"name\":\"Portada\",\"item\":\"https:\\\/\\\/lospoliticosveracruz.com\\\/\"},{\"@type\":\"ListItem\",\"position\":2,\"name\":\"OPLE AUDITAR\u00c1 OPLE\"}]},{\"@type\":\"WebSite\",\"@id\":\"https:\\\/\\\/lospoliticosveracruz.com\\\/#website\",\"url\":\"https:\\\/\\\/lospoliticosveracruz.com\\\/\",\"name\":\"Los pol\u00edticos Veracruz\",\"description\":\"\",\"publisher\":{\"@id\":\"https:\\\/\\\/lospoliticosveracruz.com\\\/#organization\"},\"potentialAction\":[{\"@type\":\"SearchAction\",\"target\":{\"@type\":\"EntryPoint\",\"urlTemplate\":\"https:\\\/\\\/lospoliticosveracruz.com\\\/?s={search_term_string}\"},\"query-input\":{\"@type\":\"PropertyValueSpecification\",\"valueRequired\":true,\"valueName\":\"search_term_string\"}}],\"inLanguage\":\"es\"},{\"@type\":\"Organization\",\"@id\":\"https:\\\/\\\/lospoliticosveracruz.com\\\/#organization\",\"name\":\"Los pol\u00edticos Veracruz\",\"url\":\"https:\\\/\\\/lospoliticosveracruz.com\\\/\",\"logo\":{\"@type\":\"ImageObject\",\"inLanguage\":\"es\",\"@id\":\"https:\\\/\\\/lospoliticosveracruz.com\\\/#\\\/schema\\\/logo\\\/image\\\/\",\"url\":\"https:\\\/\\\/lospoliticosveracruz.com\\\/wp-content\\\/uploads\\\/2025\\\/12\\\/Logo-Nuevo-LOS-POLITICOS-1.jpg\",\"contentUrl\":\"https:\\\/\\\/lospoliticosveracruz.com\\\/wp-content\\\/uploads\\\/2025\\\/12\\\/Logo-Nuevo-LOS-POLITICOS-1.jpg\",\"width\":260,\"height\":70,\"caption\":\"Los pol\u00edticos Veracruz\"},\"image\":{\"@id\":\"https:\\\/\\\/lospoliticosveracruz.com\\\/#\\\/schema\\\/logo\\\/image\\\/\"},\"sameAs\":[\"https:\\\/\\\/www.facebook.com\\\/people\\\/Notimemes-de-los-Polticos\\\/61565672886568\\\/\",\"https:\\\/\\\/x.com\\\/LosPoliticosVer\"]},{\"@type\":\"Person\",\"@id\":\"https:\\\/\\\/lospoliticosveracruz.com\\\/#\\\/schema\\\/person\\\/b8702bb0e538456e6efd07080bf2a4a2\",\"name\":\"Lo viste en Los Pol\u00edticos\",\"image\":{\"@type\":\"ImageObject\",\"inLanguage\":\"es\",\"@id\":\"https:\\\/\\\/secure.gravatar.com\\\/avatar\\\/3a8de04a2656d44082be478bd6c086daa447c4651605818287b9532d3d0bd435?s=96&d=mm&r=g\",\"url\":\"https:\\\/\\\/secure.gravatar.com\\\/avatar\\\/3a8de04a2656d44082be478bd6c086daa447c4651605818287b9532d3d0bd435?s=96&d=mm&r=g\",\"contentUrl\":\"https:\\\/\\\/secure.gravatar.com\\\/avatar\\\/3a8de04a2656d44082be478bd6c086daa447c4651605818287b9532d3d0bd435?s=96&d=mm&r=g\",\"caption\":\"Lo viste en Los Pol\u00edticos\"},\"url\":\"https:\\\/\\\/lospoliticosveracruz.com\\\/?author=2\"}]}<\/script>\n<!-- \/ Yoast SEO plugin. -->","yoast_head_json":{"title":"OPLE AUDITAR\u00c1 OPLE - Los pol\u00edticos Veracruz","robots":{"index":"index","follow":"follow","max-snippet":"max-snippet:-1","max-image-preview":"max-image-preview:large","max-video-preview":"max-video-preview:-1"},"canonical":"https:\/\/lospoliticosveracruz.com\/?p=147062","og_locale":"es_ES","og_type":"article","og_title":"OPLE AUDITAR\u00c1 OPLE - Los pol\u00edticos Veracruz","og_description":"Fanny Y\u00e9pezLa Columna La elecci\u00f3n de funcionarios del poder judicial en el estado de Veracruz, marcara historia en las p\u00e1ginas negras a nivel nacional por el desaseo y opacidad que se registr\u00f3 en la fase del c\u00f3mputo y escrutinio, que pesimamente desarroll\u00f3 el Organismo P\u00fablico Local Electoral, situaci\u00f3n que ha generado dudas y sospechas sobre [&hellip;]","og_url":"https:\/\/lospoliticosveracruz.com\/?p=147062","og_site_name":"Los pol\u00edticos Veracruz","article_publisher":"https:\/\/www.facebook.com\/people\/Notimemes-de-los-Polticos\/61565672886568\/","article_published_time":"2025-06-13T12:21:00+00:00","article_modified_time":"2025-06-13T12:21:40+00:00","og_image":[{"width":600,"height":320,"url":"https:\/\/lospoliticosveracruz.com\/wp-content\/uploads\/2025\/04\/Fanny-Yepez-Luna-e1768657334923.jpg","type":"image\/jpeg"}],"author":"Lo viste en Los Pol\u00edticos","twitter_card":"summary_large_image","twitter_creator":"@LosPoliticosVer","twitter_site":"@LosPoliticosVer","twitter_misc":{"Escrito por":"Lo viste en Los Pol\u00edticos","Tiempo de lectura":"4 minutos"},"schema":{"@context":"https:\/\/schema.org","@graph":[{"@type":"Article","@id":"https:\/\/lospoliticosveracruz.com\/?p=147062#article","isPartOf":{"@id":"https:\/\/lospoliticosveracruz.com\/?p=147062"},"author":{"name":"Lo viste en Los Pol\u00edticos","@id":"https:\/\/lospoliticosveracruz.com\/#\/schema\/person\/b8702bb0e538456e6efd07080bf2a4a2"},"headline":"OPLE AUDITAR\u00c1 OPLE","datePublished":"2025-06-13T12:21:00+00:00","dateModified":"2025-06-13T12:21:40+00:00","mainEntityOfPage":{"@id":"https:\/\/lospoliticosveracruz.com\/?p=147062"},"wordCount":895,"publisher":{"@id":"https:\/\/lospoliticosveracruz.com\/#organization"},"image":{"@id":"https:\/\/lospoliticosveracruz.com\/?p=147062#primaryimage"},"thumbnailUrl":"https:\/\/lospoliticosveracruz.com\/wp-content\/uploads\/2025\/04\/Fanny-Yepez-Luna-e1768657334923.jpg","keywords":["Fraude","OPLE Veracruz","Poder Judicial","Veracruz"],"articleSection":["De Opini\u00f3n"],"inLanguage":"es"},{"@type":"WebPage","@id":"https:\/\/lospoliticosveracruz.com\/?p=147062","url":"https:\/\/lospoliticosveracruz.com\/?p=147062","name":"OPLE AUDITAR\u00c1 OPLE - Los pol\u00edticos Veracruz","isPartOf":{"@id":"https:\/\/lospoliticosveracruz.com\/#website"},"primaryImageOfPage":{"@id":"https:\/\/lospoliticosveracruz.com\/?p=147062#primaryimage"},"image":{"@id":"https:\/\/lospoliticosveracruz.com\/?p=147062#primaryimage"},"thumbnailUrl":"https:\/\/lospoliticosveracruz.com\/wp-content\/uploads\/2025\/04\/Fanny-Yepez-Luna-e1768657334923.jpg","datePublished":"2025-06-13T12:21:00+00:00","dateModified":"2025-06-13T12:21:40+00:00","breadcrumb":{"@id":"https:\/\/lospoliticosveracruz.com\/?p=147062#breadcrumb"},"inLanguage":"es","potentialAction":[{"@type":"ReadAction","target":["https:\/\/lospoliticosveracruz.com\/?p=147062"]}]},{"@type":"ImageObject","inLanguage":"es","@id":"https:\/\/lospoliticosveracruz.com\/?p=147062#primaryimage","url":"https:\/\/lospoliticosveracruz.com\/wp-content\/uploads\/2025\/04\/Fanny-Yepez-Luna-e1768657334923.jpg","contentUrl":"https:\/\/lospoliticosveracruz.com\/wp-content\/uploads\/2025\/04\/Fanny-Yepez-Luna-e1768657334923.jpg","width":600,"height":320},{"@type":"BreadcrumbList","@id":"https:\/\/lospoliticosveracruz.com\/?p=147062#breadcrumb","itemListElement":[{"@type":"ListItem","position":1,"name":"Portada","item":"https:\/\/lospoliticosveracruz.com\/"},{"@type":"ListItem","position":2,"name":"OPLE AUDITAR\u00c1 OPLE"}]},{"@type":"WebSite","@id":"https:\/\/lospoliticosveracruz.com\/#website","url":"https:\/\/lospoliticosveracruz.com\/","name":"Los pol\u00edticos Veracruz","description":"","publisher":{"@id":"https:\/\/lospoliticosveracruz.com\/#organization"},"potentialAction":[{"@type":"SearchAction","target":{"@type":"EntryPoint","urlTemplate":"https:\/\/lospoliticosveracruz.com\/?s={search_term_string}"},"query-input":{"@type":"PropertyValueSpecification","valueRequired":true,"valueName":"search_term_string"}}],"inLanguage":"es"},{"@type":"Organization","@id":"https:\/\/lospoliticosveracruz.com\/#organization","name":"Los pol\u00edticos Veracruz","url":"https:\/\/lospoliticosveracruz.com\/","logo":{"@type":"ImageObject","inLanguage":"es","@id":"https:\/\/lospoliticosveracruz.com\/#\/schema\/logo\/image\/","url":"https:\/\/lospoliticosveracruz.com\/wp-content\/uploads\/2025\/12\/Logo-Nuevo-LOS-POLITICOS-1.jpg","contentUrl":"https:\/\/lospoliticosveracruz.com\/wp-content\/uploads\/2025\/12\/Logo-Nuevo-LOS-POLITICOS-1.jpg","width":260,"height":70,"caption":"Los pol\u00edticos Veracruz"},"image":{"@id":"https:\/\/lospoliticosveracruz.com\/#\/schema\/logo\/image\/"},"sameAs":["https:\/\/www.facebook.com\/people\/Notimemes-de-los-Polticos\/61565672886568\/","https:\/\/x.com\/LosPoliticosVer"]},{"@type":"Person","@id":"https:\/\/lospoliticosveracruz.com\/#\/schema\/person\/b8702bb0e538456e6efd07080bf2a4a2","name":"Lo viste en Los Pol\u00edticos","image":{"@type":"ImageObject","inLanguage":"es","@id":"https:\/\/secure.gravatar.com\/avatar\/3a8de04a2656d44082be478bd6c086daa447c4651605818287b9532d3d0bd435?s=96&d=mm&r=g","url":"https:\/\/secure.gravatar.com\/avatar\/3a8de04a2656d44082be478bd6c086daa447c4651605818287b9532d3d0bd435?s=96&d=mm&r=g","contentUrl":"https:\/\/secure.gravatar.com\/avatar\/3a8de04a2656d44082be478bd6c086daa447c4651605818287b9532d3d0bd435?s=96&d=mm&r=g","caption":"Lo viste en Los Pol\u00edticos"},"url":"https:\/\/lospoliticosveracruz.com\/?author=2"}]}},"_links":{"self":[{"href":"https:\/\/lospoliticosveracruz.com\/index.php?rest_route=\/wp\/v2\/posts\/147062","targetHints":{"allow":["GET"]}}],"collection":[{"href":"https:\/\/lospoliticosveracruz.com\/index.php?rest_route=\/wp\/v2\/posts"}],"about":[{"href":"https:\/\/lospoliticosveracruz.com\/index.php?rest_route=\/wp\/v2\/types\/post"}],"author":[{"embeddable":true,"href":"https:\/\/lospoliticosveracruz.com\/index.php?rest_route=\/wp\/v2\/users\/2"}],"replies":[{"embeddable":true,"href":"https:\/\/lospoliticosveracruz.com\/index.php?rest_route=%2Fwp%2Fv2%2Fcomments&post=147062"}],"version-history":[{"count":2,"href":"https:\/\/lospoliticosveracruz.com\/index.php?rest_route=\/wp\/v2\/posts\/147062\/revisions"}],"predecessor-version":[{"id":147064,"href":"https:\/\/lospoliticosveracruz.com\/index.php?rest_route=\/wp\/v2\/posts\/147062\/revisions\/147064"}],"wp:featuredmedia":[{"embeddable":true,"href":"https:\/\/lospoliticosveracruz.com\/index.php?rest_route=\/wp\/v2\/media\/141383"}],"wp:attachment":[{"href":"https:\/\/lospoliticosveracruz.com\/index.php?rest_route=%2Fwp%2Fv2%2Fmedia&parent=147062"}],"wp:term":[{"taxonomy":"category","embeddable":true,"href":"https:\/\/lospoliticosveracruz.com\/index.php?rest_route=%2Fwp%2Fv2%2Fcategories&post=147062"},{"taxonomy":"post_tag","embeddable":true,"href":"https:\/\/lospoliticosveracruz.com\/index.php?rest_route=%2Fwp%2Fv2%2Ftags&post=147062"}],"curies":[{"name":"wp","href":"https:\/\/api.w.org\/{rel}","templated":true}]}}