{"id":147071,"date":"2025-06-13T09:28:12","date_gmt":"2025-06-13T14:28:12","guid":{"rendered":"https:\/\/lospoliticosveracruz.com.mx\/?p=147071"},"modified":"2025-06-13T09:28:28","modified_gmt":"2025-06-13T14:28:28","slug":"sucesion-uv-12","status":"publish","type":"post","link":"https:\/\/lospoliticosveracruz.com\/?p=147071","title":{"rendered":"SUCESI\u00d3N UV (12)"},"content":{"rendered":"\n<p><strong>\u00a0<\/strong><\/p>\n\n\n\n\n\n<p><strong>Sergio Gonz\u00e1lez Levet<\/strong><\/p>\n\n\n\n<p><em>Sin tacto<\/em><\/p>\n\n\n\n<p>Como anunci\u00f3 en el Consejo General Universitario, el doctor Rafael Vela Mart\u00ednez hizo p\u00fablico su libro n\u00famero 42: Universidad Veracruzana: Su pasado inmediato y sus retos actuales (Diagn\u00f3stico necesario).<\/p>\n\n\n\n<p>&nbsp;&nbsp;&nbsp;&nbsp; Se advierte desde el mismo t\u00edtulo que la obra es una revisi\u00f3n precisa sobre la actuaci\u00f3n del Rector Mart\u00edn Aguilar y su equipo de colaboradores en los casi cuatro a\u00f1os que llevan al frente de los destinos de nuestra casa de estudios.<\/p>\n\n\n\n<p>&nbsp;&nbsp;&nbsp;&nbsp; Rafael Vela Mart\u00ednez es un prestigiado universitario que ha dejado parte esencial de su fructuosa vida en las aulas y los centros de investigaci\u00f3n de nuestra m\u00e1xima casa de estudios. Es integrante del Sistema Nacional de Investigadores del Conahcyt, investigador acad\u00e9mico del Instituto de Investigaciones y Estudios Superiores Econ\u00f3micos y Sociales (IIESES-UV) y particip\u00f3 en la fundaci\u00f3n del Consejo Estatal de Poblaci\u00f3n, del Instituto de Administraci\u00f3n P\u00fablica y de El Colegio de Veracruz.<\/p>\n\n\n\n<p>&nbsp;&nbsp;&nbsp;&nbsp; Es y ha sido un leg\u00edtimo aspirante a ser Rector de su alma mater, y se propone participar en el proceso de selecci\u00f3n que marcan las leyes universitarias para sustituir al actual titular, una vez que la Junta de Gobierno emita a fin de mes la convocatoria para que se registren quienes cumplan con todos los requisitos que se\u00f1ala la normatividad vigente, como es el caso de Vela Mart\u00ednez.<\/p>\n\n\n\n<p>&nbsp;&nbsp;&nbsp;&nbsp; Los resultados de la investigaci\u00f3n que plasma en su libro el doctor Vela no son nada satisfactorios, porque ha tenido que presentar datos duros y hechos reales que determinan que la UV ha ido en ca\u00edda libre desde que Mart\u00edn Aguilar ocup\u00f3 la silla de Rector\u00eda.<\/p>\n\n\n\n<p>&nbsp;&nbsp;&nbsp;&nbsp; En el inicio del libro, el autor precisa que \u201cesta obra fue dictaminada a doble ciego por pares acad\u00e9micos expertos en el tema y aprobada para su publicaci\u00f3n\u201d. Con el fin de garantizar la objetividad y la realidad de lo que expone, Vela Mart\u00ednez ha puesto especial cuidado en utilizar fuentes comprobables y ciertas, en fundamentar con n\u00fameros precisos, emanados de autoridades gubernamentales y universitarias, los retrocesos y las fallas que va se\u00f1alando, Y junto a ello ha dejado someter a la revisi\u00f3n su trabajo para que los especialistas determinen la validez de sus conclusiones.<\/p>\n\n\n\n<p>&nbsp;&nbsp;&nbsp;&nbsp; Es un documento cr\u00edtico porque el periodo rectoral que ha estudiado no ha tenido avances significativos ni un uso transparente y eficaz del presupuesto asignado a la instituci\u00f3n (con la desgracia adicional de que la Rector\u00eda actual permiti\u00f3 que el Gobierno del Estado le dejara de aplicar m\u00e1s de mil millones de pesos que le correspond\u00edan, de acuerdo con la Ley de Veracruz).<\/p>\n\n\n\n<p>&nbsp;&nbsp;&nbsp;&nbsp; Leer esta obra acuciosa de Rafael Vela permite conocer de manera precisa el estado actual de la Universidad Veracruzana que, revela el estudio: \u201catraviesa una profunda crisis\u201d.<\/p>\n\n\n\n<p>&nbsp;&nbsp;&nbsp;&nbsp; Ante una ma\u00f1osa narrativa de la comunicaci\u00f3n universitaria oficial, que pretende hacer creer que Mart\u00edn Aguilar ha sido un rector magn\u00edfico y por eso merece ser reelegido por medio de un pase autom\u00e1tico ilegal, el estudio definitivo de Rafael Vela Mart\u00ednez pone las cosas en su lugar y revela la cat\u00e1strofe que ha padecido la Universidad Veracruzana.<\/p>\n\n\n\n<p>&nbsp;&nbsp;&nbsp;&nbsp; Hay que salvarla.<\/p>\n\n\n\n<p>[Esta interesante obra se puede descargar gratis en el portal <strong><em><a href=\"http:\/\/www.enfoqueveracruz.org\/\">www.enfoqueveracruz.org<\/a><\/em><\/strong>].<\/p>\n\n\n\n<p>sglevet@gmail.com<\/p>\n","protected":false},"excerpt":{"rendered":"<p>\u00a0 Sergio Gonz\u00e1lez Levet Sin tacto Como anunci\u00f3 en el Consejo General Universitario, el doctor Rafael Vela Mart\u00ednez hizo p\u00fablico su libro n\u00famero 42: Universidad Veracruzana: Su pasado inmediato y sus retos actuales (Diagn\u00f3stico necesario). &nbsp;&nbsp;&nbsp;&nbsp; Se advierte desde el mismo t\u00edtulo que la obra es una revisi\u00f3n precisa sobre la actuaci\u00f3n del Rector Mart\u00edn [&hellip;]<\/p>\n","protected":false},"author":2,"featured_media":141432,"comment_status":"closed","ping_status":"closed","sticky":false,"template":"","format":"standard","meta":{"tdm_status":"","tdm_grid_status":"","footnotes":""},"categories":[70],"tags":[8015,1282],"class_list":{"0":"post-147071","1":"post","2":"type-post","3":"status-publish","4":"format-standard","5":"has-post-thumbnail","7":"category-de-opinion","8":"tag-rafael-vela-martinez","9":"tag-sergio-gonzalez-levet"},"yoast_head":"<!-- This site is optimized with the Yoast SEO plugin v27.4 - https:\/\/yoast.com\/product\/yoast-seo-wordpress\/ -->\n<title>SUCESI\u00d3N UV (12) - Los pol\u00edticos Veracruz<\/title>\n<meta name=\"robots\" content=\"index, follow, max-snippet:-1, max-image-preview:large, max-video-preview:-1\" \/>\n<link rel=\"canonical\" href=\"https:\/\/lospoliticosveracruz.com\/?p=147071\" \/>\n<meta property=\"og:locale\" content=\"es_ES\" \/>\n<meta property=\"og:type\" content=\"article\" \/>\n<meta property=\"og:title\" content=\"SUCESI\u00d3N UV (12) - Los pol\u00edticos Veracruz\" \/>\n<meta property=\"og:description\" content=\"\u00a0 Sergio Gonz\u00e1lez Levet Sin tacto Como anunci\u00f3 en el Consejo General Universitario, el doctor Rafael Vela Mart\u00ednez hizo p\u00fablico su libro n\u00famero 42: Universidad Veracruzana: Su pasado inmediato y sus retos actuales (Diagn\u00f3stico necesario). &nbsp;&nbsp;&nbsp;&nbsp; Se advierte desde el mismo t\u00edtulo que la obra es una revisi\u00f3n precisa sobre la actuaci\u00f3n del Rector Mart\u00edn [&hellip;]\" \/>\n<meta property=\"og:url\" content=\"https:\/\/lospoliticosveracruz.com\/?p=147071\" \/>\n<meta property=\"og:site_name\" content=\"Los pol\u00edticos Veracruz\" \/>\n<meta property=\"article:publisher\" content=\"https:\/\/www.facebook.com\/people\/Notimemes-de-los-Polticos\/61565672886568\/\" \/>\n<meta property=\"article:published_time\" content=\"2025-06-13T14:28:12+00:00\" \/>\n<meta property=\"article:modified_time\" content=\"2025-06-13T14:28:28+00:00\" \/>\n<meta property=\"og:image\" content=\"https:\/\/lospoliticosveracruz.com\/wp-content\/uploads\/2025\/04\/Levet.jpg\" \/>\n\t<meta property=\"og:image:width\" content=\"1250\" \/>\n\t<meta property=\"og:image:height\" content=\"667\" \/>\n\t<meta property=\"og:image:type\" content=\"image\/jpeg\" \/>\n<meta name=\"author\" content=\"Lo viste en Los Pol\u00edticos\" \/>\n<meta name=\"twitter:card\" content=\"summary_large_image\" \/>\n<meta name=\"twitter:creator\" content=\"@LosPoliticosVer\" \/>\n<meta name=\"twitter:site\" content=\"@LosPoliticosVer\" \/>\n<meta name=\"twitter:label1\" content=\"Escrito por\" \/>\n\t<meta name=\"twitter:data1\" content=\"Lo viste en Los Pol\u00edticos\" \/>\n\t<meta name=\"twitter:label2\" content=\"Tiempo de lectura\" \/>\n\t<meta name=\"twitter:data2\" content=\"3 minutos\" \/>\n<script type=\"application\/ld+json\" class=\"yoast-schema-graph\">{\"@context\":\"https:\\\/\\\/schema.org\",\"@graph\":[{\"@type\":\"Article\",\"@id\":\"https:\\\/\\\/lospoliticosveracruz.com\\\/?p=147071#article\",\"isPartOf\":{\"@id\":\"https:\\\/\\\/lospoliticosveracruz.com\\\/?p=147071\"},\"author\":{\"name\":\"Lo viste en Los Pol\u00edticos\",\"@id\":\"https:\\\/\\\/lospoliticosveracruz.com\\\/#\\\/schema\\\/person\\\/b8702bb0e538456e6efd07080bf2a4a2\"},\"headline\":\"SUCESI\u00d3N UV (12)\",\"datePublished\":\"2025-06-13T14:28:12+00:00\",\"dateModified\":\"2025-06-13T14:28:28+00:00\",\"mainEntityOfPage\":{\"@id\":\"https:\\\/\\\/lospoliticosveracruz.com\\\/?p=147071\"},\"wordCount\":608,\"publisher\":{\"@id\":\"https:\\\/\\\/lospoliticosveracruz.com\\\/#organization\"},\"image\":{\"@id\":\"https:\\\/\\\/lospoliticosveracruz.com\\\/?p=147071#primaryimage\"},\"thumbnailUrl\":\"https:\\\/\\\/lospoliticosveracruz.com\\\/wp-content\\\/uploads\\\/2025\\\/04\\\/Levet-e1773931000156.jpg\",\"keywords\":[\"Rafael Vela Mart\u00ednez\",\"Sergio Gonz\u00e1lez Levet\"],\"articleSection\":[\"De Opini\u00f3n\"],\"inLanguage\":\"es\"},{\"@type\":\"WebPage\",\"@id\":\"https:\\\/\\\/lospoliticosveracruz.com\\\/?p=147071\",\"url\":\"https:\\\/\\\/lospoliticosveracruz.com\\\/?p=147071\",\"name\":\"SUCESI\u00d3N UV (12) - Los pol\u00edticos Veracruz\",\"isPartOf\":{\"@id\":\"https:\\\/\\\/lospoliticosveracruz.com\\\/#website\"},\"primaryImageOfPage\":{\"@id\":\"https:\\\/\\\/lospoliticosveracruz.com\\\/?p=147071#primaryimage\"},\"image\":{\"@id\":\"https:\\\/\\\/lospoliticosveracruz.com\\\/?p=147071#primaryimage\"},\"thumbnailUrl\":\"https:\\\/\\\/lospoliticosveracruz.com\\\/wp-content\\\/uploads\\\/2025\\\/04\\\/Levet-e1773931000156.jpg\",\"datePublished\":\"2025-06-13T14:28:12+00:00\",\"dateModified\":\"2025-06-13T14:28:28+00:00\",\"breadcrumb\":{\"@id\":\"https:\\\/\\\/lospoliticosveracruz.com\\\/?p=147071#breadcrumb\"},\"inLanguage\":\"es\",\"potentialAction\":[{\"@type\":\"ReadAction\",\"target\":[\"https:\\\/\\\/lospoliticosveracruz.com\\\/?p=147071\"]}]},{\"@type\":\"ImageObject\",\"inLanguage\":\"es\",\"@id\":\"https:\\\/\\\/lospoliticosveracruz.com\\\/?p=147071#primaryimage\",\"url\":\"https:\\\/\\\/lospoliticosveracruz.com\\\/wp-content\\\/uploads\\\/2025\\\/04\\\/Levet-e1773931000156.jpg\",\"contentUrl\":\"https:\\\/\\\/lospoliticosveracruz.com\\\/wp-content\\\/uploads\\\/2025\\\/04\\\/Levet-e1773931000156.jpg\",\"width\":600,\"height\":320},{\"@type\":\"BreadcrumbList\",\"@id\":\"https:\\\/\\\/lospoliticosveracruz.com\\\/?p=147071#breadcrumb\",\"itemListElement\":[{\"@type\":\"ListItem\",\"position\":1,\"name\":\"Portada\",\"item\":\"https:\\\/\\\/lospoliticosveracruz.com\\\/\"},{\"@type\":\"ListItem\",\"position\":2,\"name\":\"SUCESI\u00d3N UV (12)\"}]},{\"@type\":\"WebSite\",\"@id\":\"https:\\\/\\\/lospoliticosveracruz.com\\\/#website\",\"url\":\"https:\\\/\\\/lospoliticosveracruz.com\\\/\",\"name\":\"Los pol\u00edticos Veracruz\",\"description\":\"\",\"publisher\":{\"@id\":\"https:\\\/\\\/lospoliticosveracruz.com\\\/#organization\"},\"potentialAction\":[{\"@type\":\"SearchAction\",\"target\":{\"@type\":\"EntryPoint\",\"urlTemplate\":\"https:\\\/\\\/lospoliticosveracruz.com\\\/?s={search_term_string}\"},\"query-input\":{\"@type\":\"PropertyValueSpecification\",\"valueRequired\":true,\"valueName\":\"search_term_string\"}}],\"inLanguage\":\"es\"},{\"@type\":\"Organization\",\"@id\":\"https:\\\/\\\/lospoliticosveracruz.com\\\/#organization\",\"name\":\"Los pol\u00edticos Veracruz\",\"url\":\"https:\\\/\\\/lospoliticosveracruz.com\\\/\",\"logo\":{\"@type\":\"ImageObject\",\"inLanguage\":\"es\",\"@id\":\"https:\\\/\\\/lospoliticosveracruz.com\\\/#\\\/schema\\\/logo\\\/image\\\/\",\"url\":\"https:\\\/\\\/lospoliticosveracruz.com\\\/wp-content\\\/uploads\\\/2025\\\/12\\\/Logo-Nuevo-LOS-POLITICOS-1.jpg\",\"contentUrl\":\"https:\\\/\\\/lospoliticosveracruz.com\\\/wp-content\\\/uploads\\\/2025\\\/12\\\/Logo-Nuevo-LOS-POLITICOS-1.jpg\",\"width\":260,\"height\":70,\"caption\":\"Los pol\u00edticos Veracruz\"},\"image\":{\"@id\":\"https:\\\/\\\/lospoliticosveracruz.com\\\/#\\\/schema\\\/logo\\\/image\\\/\"},\"sameAs\":[\"https:\\\/\\\/www.facebook.com\\\/people\\\/Notimemes-de-los-Polticos\\\/61565672886568\\\/\",\"https:\\\/\\\/x.com\\\/LosPoliticosVer\"]},{\"@type\":\"Person\",\"@id\":\"https:\\\/\\\/lospoliticosveracruz.com\\\/#\\\/schema\\\/person\\\/b8702bb0e538456e6efd07080bf2a4a2\",\"name\":\"Lo viste en Los Pol\u00edticos\",\"image\":{\"@type\":\"ImageObject\",\"inLanguage\":\"es\",\"@id\":\"https:\\\/\\\/secure.gravatar.com\\\/avatar\\\/3a8de04a2656d44082be478bd6c086daa447c4651605818287b9532d3d0bd435?s=96&d=mm&r=g\",\"url\":\"https:\\\/\\\/secure.gravatar.com\\\/avatar\\\/3a8de04a2656d44082be478bd6c086daa447c4651605818287b9532d3d0bd435?s=96&d=mm&r=g\",\"contentUrl\":\"https:\\\/\\\/secure.gravatar.com\\\/avatar\\\/3a8de04a2656d44082be478bd6c086daa447c4651605818287b9532d3d0bd435?s=96&d=mm&r=g\",\"caption\":\"Lo viste en Los Pol\u00edticos\"},\"url\":\"https:\\\/\\\/lospoliticosveracruz.com\\\/?author=2\"}]}<\/script>\n<!-- \/ Yoast SEO plugin. -->","yoast_head_json":{"title":"SUCESI\u00d3N UV (12) - Los pol\u00edticos Veracruz","robots":{"index":"index","follow":"follow","max-snippet":"max-snippet:-1","max-image-preview":"max-image-preview:large","max-video-preview":"max-video-preview:-1"},"canonical":"https:\/\/lospoliticosveracruz.com\/?p=147071","og_locale":"es_ES","og_type":"article","og_title":"SUCESI\u00d3N UV (12) - Los pol\u00edticos Veracruz","og_description":"\u00a0 Sergio Gonz\u00e1lez Levet Sin tacto Como anunci\u00f3 en el Consejo General Universitario, el doctor Rafael Vela Mart\u00ednez hizo p\u00fablico su libro n\u00famero 42: Universidad Veracruzana: Su pasado inmediato y sus retos actuales (Diagn\u00f3stico necesario). &nbsp;&nbsp;&nbsp;&nbsp; Se advierte desde el mismo t\u00edtulo que la obra es una revisi\u00f3n precisa sobre la actuaci\u00f3n del Rector Mart\u00edn [&hellip;]","og_url":"https:\/\/lospoliticosveracruz.com\/?p=147071","og_site_name":"Los pol\u00edticos Veracruz","article_publisher":"https:\/\/www.facebook.com\/people\/Notimemes-de-los-Polticos\/61565672886568\/","article_published_time":"2025-06-13T14:28:12+00:00","article_modified_time":"2025-06-13T14:28:28+00:00","og_image":[{"width":1250,"height":667,"url":"https:\/\/lospoliticosveracruz.com\/wp-content\/uploads\/2025\/04\/Levet.jpg","type":"image\/jpeg"}],"author":"Lo viste en Los Pol\u00edticos","twitter_card":"summary_large_image","twitter_creator":"@LosPoliticosVer","twitter_site":"@LosPoliticosVer","twitter_misc":{"Escrito por":"Lo viste en Los Pol\u00edticos","Tiempo de lectura":"3 minutos"},"schema":{"@context":"https:\/\/schema.org","@graph":[{"@type":"Article","@id":"https:\/\/lospoliticosveracruz.com\/?p=147071#article","isPartOf":{"@id":"https:\/\/lospoliticosveracruz.com\/?p=147071"},"author":{"name":"Lo viste en Los Pol\u00edticos","@id":"https:\/\/lospoliticosveracruz.com\/#\/schema\/person\/b8702bb0e538456e6efd07080bf2a4a2"},"headline":"SUCESI\u00d3N UV (12)","datePublished":"2025-06-13T14:28:12+00:00","dateModified":"2025-06-13T14:28:28+00:00","mainEntityOfPage":{"@id":"https:\/\/lospoliticosveracruz.com\/?p=147071"},"wordCount":608,"publisher":{"@id":"https:\/\/lospoliticosveracruz.com\/#organization"},"image":{"@id":"https:\/\/lospoliticosveracruz.com\/?p=147071#primaryimage"},"thumbnailUrl":"https:\/\/lospoliticosveracruz.com\/wp-content\/uploads\/2025\/04\/Levet-e1773931000156.jpg","keywords":["Rafael Vela Mart\u00ednez","Sergio Gonz\u00e1lez Levet"],"articleSection":["De Opini\u00f3n"],"inLanguage":"es"},{"@type":"WebPage","@id":"https:\/\/lospoliticosveracruz.com\/?p=147071","url":"https:\/\/lospoliticosveracruz.com\/?p=147071","name":"SUCESI\u00d3N UV (12) - Los pol\u00edticos Veracruz","isPartOf":{"@id":"https:\/\/lospoliticosveracruz.com\/#website"},"primaryImageOfPage":{"@id":"https:\/\/lospoliticosveracruz.com\/?p=147071#primaryimage"},"image":{"@id":"https:\/\/lospoliticosveracruz.com\/?p=147071#primaryimage"},"thumbnailUrl":"https:\/\/lospoliticosveracruz.com\/wp-content\/uploads\/2025\/04\/Levet-e1773931000156.jpg","datePublished":"2025-06-13T14:28:12+00:00","dateModified":"2025-06-13T14:28:28+00:00","breadcrumb":{"@id":"https:\/\/lospoliticosveracruz.com\/?p=147071#breadcrumb"},"inLanguage":"es","potentialAction":[{"@type":"ReadAction","target":["https:\/\/lospoliticosveracruz.com\/?p=147071"]}]},{"@type":"ImageObject","inLanguage":"es","@id":"https:\/\/lospoliticosveracruz.com\/?p=147071#primaryimage","url":"https:\/\/lospoliticosveracruz.com\/wp-content\/uploads\/2025\/04\/Levet-e1773931000156.jpg","contentUrl":"https:\/\/lospoliticosveracruz.com\/wp-content\/uploads\/2025\/04\/Levet-e1773931000156.jpg","width":600,"height":320},{"@type":"BreadcrumbList","@id":"https:\/\/lospoliticosveracruz.com\/?p=147071#breadcrumb","itemListElement":[{"@type":"ListItem","position":1,"name":"Portada","item":"https:\/\/lospoliticosveracruz.com\/"},{"@type":"ListItem","position":2,"name":"SUCESI\u00d3N UV (12)"}]},{"@type":"WebSite","@id":"https:\/\/lospoliticosveracruz.com\/#website","url":"https:\/\/lospoliticosveracruz.com\/","name":"Los pol\u00edticos Veracruz","description":"","publisher":{"@id":"https:\/\/lospoliticosveracruz.com\/#organization"},"potentialAction":[{"@type":"SearchAction","target":{"@type":"EntryPoint","urlTemplate":"https:\/\/lospoliticosveracruz.com\/?s={search_term_string}"},"query-input":{"@type":"PropertyValueSpecification","valueRequired":true,"valueName":"search_term_string"}}],"inLanguage":"es"},{"@type":"Organization","@id":"https:\/\/lospoliticosveracruz.com\/#organization","name":"Los pol\u00edticos Veracruz","url":"https:\/\/lospoliticosveracruz.com\/","logo":{"@type":"ImageObject","inLanguage":"es","@id":"https:\/\/lospoliticosveracruz.com\/#\/schema\/logo\/image\/","url":"https:\/\/lospoliticosveracruz.com\/wp-content\/uploads\/2025\/12\/Logo-Nuevo-LOS-POLITICOS-1.jpg","contentUrl":"https:\/\/lospoliticosveracruz.com\/wp-content\/uploads\/2025\/12\/Logo-Nuevo-LOS-POLITICOS-1.jpg","width":260,"height":70,"caption":"Los pol\u00edticos Veracruz"},"image":{"@id":"https:\/\/lospoliticosveracruz.com\/#\/schema\/logo\/image\/"},"sameAs":["https:\/\/www.facebook.com\/people\/Notimemes-de-los-Polticos\/61565672886568\/","https:\/\/x.com\/LosPoliticosVer"]},{"@type":"Person","@id":"https:\/\/lospoliticosveracruz.com\/#\/schema\/person\/b8702bb0e538456e6efd07080bf2a4a2","name":"Lo viste en Los Pol\u00edticos","image":{"@type":"ImageObject","inLanguage":"es","@id":"https:\/\/secure.gravatar.com\/avatar\/3a8de04a2656d44082be478bd6c086daa447c4651605818287b9532d3d0bd435?s=96&d=mm&r=g","url":"https:\/\/secure.gravatar.com\/avatar\/3a8de04a2656d44082be478bd6c086daa447c4651605818287b9532d3d0bd435?s=96&d=mm&r=g","contentUrl":"https:\/\/secure.gravatar.com\/avatar\/3a8de04a2656d44082be478bd6c086daa447c4651605818287b9532d3d0bd435?s=96&d=mm&r=g","caption":"Lo viste en Los Pol\u00edticos"},"url":"https:\/\/lospoliticosveracruz.com\/?author=2"}]}},"_links":{"self":[{"href":"https:\/\/lospoliticosveracruz.com\/index.php?rest_route=\/wp\/v2\/posts\/147071","targetHints":{"allow":["GET"]}}],"collection":[{"href":"https:\/\/lospoliticosveracruz.com\/index.php?rest_route=\/wp\/v2\/posts"}],"about":[{"href":"https:\/\/lospoliticosveracruz.com\/index.php?rest_route=\/wp\/v2\/types\/post"}],"author":[{"embeddable":true,"href":"https:\/\/lospoliticosveracruz.com\/index.php?rest_route=\/wp\/v2\/users\/2"}],"replies":[{"embeddable":true,"href":"https:\/\/lospoliticosveracruz.com\/index.php?rest_route=%2Fwp%2Fv2%2Fcomments&post=147071"}],"version-history":[{"count":2,"href":"https:\/\/lospoliticosveracruz.com\/index.php?rest_route=\/wp\/v2\/posts\/147071\/revisions"}],"predecessor-version":[{"id":147073,"href":"https:\/\/lospoliticosveracruz.com\/index.php?rest_route=\/wp\/v2\/posts\/147071\/revisions\/147073"}],"wp:featuredmedia":[{"embeddable":true,"href":"https:\/\/lospoliticosveracruz.com\/index.php?rest_route=\/wp\/v2\/media\/141432"}],"wp:attachment":[{"href":"https:\/\/lospoliticosveracruz.com\/index.php?rest_route=%2Fwp%2Fv2%2Fmedia&parent=147071"}],"wp:term":[{"taxonomy":"category","embeddable":true,"href":"https:\/\/lospoliticosveracruz.com\/index.php?rest_route=%2Fwp%2Fv2%2Fcategories&post=147071"},{"taxonomy":"post_tag","embeddable":true,"href":"https:\/\/lospoliticosveracruz.com\/index.php?rest_route=%2Fwp%2Fv2%2Ftags&post=147071"}],"curies":[{"name":"wp","href":"https:\/\/api.w.org\/{rel}","templated":true}]}}