{"id":147074,"date":"2025-06-13T09:35:59","date_gmt":"2025-06-13T14:35:59","guid":{"rendered":"https:\/\/lospoliticosveracruz.com.mx\/?p=147074"},"modified":"2025-06-13T09:36:10","modified_gmt":"2025-06-13T14:36:10","slug":"el-programa-informatico-que-complico-la-eleccion-judicial","status":"publish","type":"post","link":"https:\/\/lospoliticosveracruz.com\/?p=147074","title":{"rendered":"EL PROGRAMA INFORM\u00c1TICO QUE COMPLIC\u00d3 LA ELECCI\u00d3N JUDICIAL"},"content":{"rendered":"\n\n\n<p><\/p>\n\n\n\n<p><strong>Alejandro Aguirre Guerrero<br><\/strong><em>Al respecto\u2026<br><\/em><\/p>\n\n\n\n<p>Vaya relevancia tom\u00f3 el conteo manual que se har\u00e1 (a la usanza tradicional), de los votos para la elecci\u00f3n extraordinaria judicial. Y es que cuando todo tendr\u00eda que haber fluido de manera acostumbrada, como en los comicios municipales, el sistema inform\u00e1tico mostr\u00f3 intermitencias y el \u00fanico escenario tuvo que ser prescindir de su uso.<\/p>\n\n\n\n<p>Y mientras los motivos por los cuales no dio el ancho la plataforma digital tendr\u00e1n que investigarse (a fondo y con las sanciones adecuadas), as\u00ed como por qu\u00e9 no se pudo comprar un sistema de hechura privada, el conteo de votos deber\u00e1 entregarse (a m\u00e1s tardar) el \u00faltimo d\u00eda de este mes.<\/p>\n\n\n\n<p>Tan accidentado fue el sistema inform\u00e1tico para detallar los avances del conteo judicial, que cuando apenas se hab\u00eda computado el 2 por ciento de los votos, la magistrada Rosalba Hern\u00e1ndez se proclamaba nueva presidenta del poder judicial de Veracruz.<\/p>\n\n\n\n<p>Y es que apenas con ese 2 por ciento asentado, la doctora originaria de Chicontepec ya contaba con m\u00e1s de 9 mil votos de ventaja sobre la actual presidenta del poder judicial, Lizbeth Aurelia Jim\u00e9nez, cuesti\u00f3n que t\u00e9cnicamente resultaba imposible (adem\u00e1s de incoherente).<\/p>\n\n\n\n<p>Por otro lado, m\u00e1s all\u00e1 de la parte t\u00e9cnica-inform\u00e1tica que habr\u00e1 de auditar el OPLE (o un \u00f3rgano externo), llama la atenci\u00f3n que el abogado mixteco, Hugo Aguilar Ortiz, quien habr\u00e1 de ser el nuevo titular de la SCJN, y la mencionada Rosalba Hern\u00e1ndez, hayan pasado pr\u00e1cticamente del anonimato a la fama al aglutinar miles de votos de un plumazo\u2026 es por dem\u00e1s curioso.<\/p>\n\n\n\n<p>Rosalba Hern\u00e1ndez tiene lazos antiguos con Hugo Aguilar Ortiz; un familiar suyo colabora con \u00e9l desde hace a\u00f1os; adem\u00e1s, ambos utilizaron la misma agencia de publicidad en campa\u00f1a, con propuestas parecidas, lo cual tambi\u00e9n podr\u00eda sugerir a un \u201cpatrocinador\u201d en com\u00fan.<\/p>\n\n\n\n<p>Habremos de ver qu\u00e9 ocurre a finales de mes, cuando el OPLE entregue el conteo final de los votos, pues en este \u201cvoto por voto, casilla por casilla\u201d no s\u00f3lo se juega la transparencia de la elecci\u00f3n judicial en Veracruz, sino la legitimidad de los que resulten finamente ganadores.<\/p>\n\n\n\n<p>X: @aaguirre_g<\/p>\n","protected":false},"excerpt":{"rendered":"<p>Alejandro Aguirre GuerreroAl respecto\u2026 Vaya relevancia tom\u00f3 el conteo manual que se har\u00e1 (a la usanza tradicional), de los votos para la elecci\u00f3n extraordinaria judicial. Y es que cuando todo tendr\u00eda que haber fluido de manera acostumbrada, como en los comicios municipales, el sistema inform\u00e1tico mostr\u00f3 intermitencias y el \u00fanico escenario tuvo que ser prescindir [&hellip;]<\/p>\n","protected":false},"author":2,"featured_media":141373,"comment_status":"closed","ping_status":"closed","sticky":false,"template":"","format":"standard","meta":{"tdm_status":"","tdm_grid_status":"","footnotes":""},"categories":[70],"tags":[],"class_list":{"0":"post-147074","1":"post","2":"type-post","3":"status-publish","4":"format-standard","5":"has-post-thumbnail","7":"category-de-opinion"},"yoast_head":"<!-- This site is optimized with the Yoast SEO plugin v27.4 - https:\/\/yoast.com\/product\/yoast-seo-wordpress\/ -->\n<title>EL PROGRAMA INFORM\u00c1TICO QUE COMPLIC\u00d3 LA ELECCI\u00d3N JUDICIAL - Los pol\u00edticos Veracruz<\/title>\n<meta name=\"robots\" content=\"index, follow, max-snippet:-1, max-image-preview:large, max-video-preview:-1\" \/>\n<link rel=\"canonical\" href=\"https:\/\/lospoliticosveracruz.com\/?p=147074\" \/>\n<meta property=\"og:locale\" content=\"es_ES\" \/>\n<meta property=\"og:type\" content=\"article\" \/>\n<meta property=\"og:title\" content=\"EL PROGRAMA INFORM\u00c1TICO QUE COMPLIC\u00d3 LA ELECCI\u00d3N JUDICIAL - Los pol\u00edticos Veracruz\" \/>\n<meta property=\"og:description\" content=\"Alejandro Aguirre GuerreroAl respecto\u2026 Vaya relevancia tom\u00f3 el conteo manual que se har\u00e1 (a la usanza tradicional), de los votos para la elecci\u00f3n extraordinaria judicial. Y es que cuando todo tendr\u00eda que haber fluido de manera acostumbrada, como en los comicios municipales, el sistema inform\u00e1tico mostr\u00f3 intermitencias y el \u00fanico escenario tuvo que ser prescindir [&hellip;]\" \/>\n<meta property=\"og:url\" content=\"https:\/\/lospoliticosveracruz.com\/?p=147074\" \/>\n<meta property=\"og:site_name\" content=\"Los pol\u00edticos Veracruz\" \/>\n<meta property=\"article:publisher\" content=\"https:\/\/www.facebook.com\/people\/Notimemes-de-los-Polticos\/61565672886568\/\" \/>\n<meta property=\"article:published_time\" content=\"2025-06-13T14:35:59+00:00\" \/>\n<meta property=\"article:modified_time\" content=\"2025-06-13T14:36:10+00:00\" \/>\n<meta property=\"og:image\" content=\"https:\/\/lospoliticosveracruz.com\/wp-content\/uploads\/2025\/04\/Alejandro-Aguirre-Guerrero.jpg\" \/>\n\t<meta property=\"og:image:width\" content=\"1250\" \/>\n\t<meta property=\"og:image:height\" content=\"667\" \/>\n\t<meta property=\"og:image:type\" content=\"image\/jpeg\" \/>\n<meta name=\"author\" content=\"Lo viste en Los Pol\u00edticos\" \/>\n<meta name=\"twitter:card\" content=\"summary_large_image\" \/>\n<meta name=\"twitter:creator\" content=\"@LosPoliticosVer\" \/>\n<meta name=\"twitter:site\" content=\"@LosPoliticosVer\" \/>\n<meta name=\"twitter:label1\" content=\"Escrito por\" \/>\n\t<meta name=\"twitter:data1\" content=\"Lo viste en Los Pol\u00edticos\" \/>\n\t<meta name=\"twitter:label2\" content=\"Tiempo de lectura\" \/>\n\t<meta name=\"twitter:data2\" content=\"2 minutos\" \/>\n<script type=\"application\/ld+json\" class=\"yoast-schema-graph\">{\"@context\":\"https:\\\/\\\/schema.org\",\"@graph\":[{\"@type\":\"Article\",\"@id\":\"https:\\\/\\\/lospoliticosveracruz.com\\\/?p=147074#article\",\"isPartOf\":{\"@id\":\"https:\\\/\\\/lospoliticosveracruz.com\\\/?p=147074\"},\"author\":{\"name\":\"Lo viste en Los Pol\u00edticos\",\"@id\":\"https:\\\/\\\/lospoliticosveracruz.com\\\/#\\\/schema\\\/person\\\/b8702bb0e538456e6efd07080bf2a4a2\"},\"headline\":\"EL PROGRAMA INFORM\u00c1TICO QUE COMPLIC\u00d3 LA ELECCI\u00d3N JUDICIAL\",\"datePublished\":\"2025-06-13T14:35:59+00:00\",\"dateModified\":\"2025-06-13T14:36:10+00:00\",\"mainEntityOfPage\":{\"@id\":\"https:\\\/\\\/lospoliticosveracruz.com\\\/?p=147074\"},\"wordCount\":387,\"publisher\":{\"@id\":\"https:\\\/\\\/lospoliticosveracruz.com\\\/#organization\"},\"image\":{\"@id\":\"https:\\\/\\\/lospoliticosveracruz.com\\\/?p=147074#primaryimage\"},\"thumbnailUrl\":\"https:\\\/\\\/lospoliticosveracruz.com\\\/wp-content\\\/uploads\\\/2025\\\/04\\\/Alejandro-Aguirre-Guerrero.jpg\",\"articleSection\":[\"De Opini\u00f3n\"],\"inLanguage\":\"es\"},{\"@type\":\"WebPage\",\"@id\":\"https:\\\/\\\/lospoliticosveracruz.com\\\/?p=147074\",\"url\":\"https:\\\/\\\/lospoliticosveracruz.com\\\/?p=147074\",\"name\":\"EL PROGRAMA INFORM\u00c1TICO QUE COMPLIC\u00d3 LA ELECCI\u00d3N JUDICIAL - Los pol\u00edticos Veracruz\",\"isPartOf\":{\"@id\":\"https:\\\/\\\/lospoliticosveracruz.com\\\/#website\"},\"primaryImageOfPage\":{\"@id\":\"https:\\\/\\\/lospoliticosveracruz.com\\\/?p=147074#primaryimage\"},\"image\":{\"@id\":\"https:\\\/\\\/lospoliticosveracruz.com\\\/?p=147074#primaryimage\"},\"thumbnailUrl\":\"https:\\\/\\\/lospoliticosveracruz.com\\\/wp-content\\\/uploads\\\/2025\\\/04\\\/Alejandro-Aguirre-Guerrero.jpg\",\"datePublished\":\"2025-06-13T14:35:59+00:00\",\"dateModified\":\"2025-06-13T14:36:10+00:00\",\"breadcrumb\":{\"@id\":\"https:\\\/\\\/lospoliticosveracruz.com\\\/?p=147074#breadcrumb\"},\"inLanguage\":\"es\",\"potentialAction\":[{\"@type\":\"ReadAction\",\"target\":[\"https:\\\/\\\/lospoliticosveracruz.com\\\/?p=147074\"]}]},{\"@type\":\"ImageObject\",\"inLanguage\":\"es\",\"@id\":\"https:\\\/\\\/lospoliticosveracruz.com\\\/?p=147074#primaryimage\",\"url\":\"https:\\\/\\\/lospoliticosveracruz.com\\\/wp-content\\\/uploads\\\/2025\\\/04\\\/Alejandro-Aguirre-Guerrero.jpg\",\"contentUrl\":\"https:\\\/\\\/lospoliticosveracruz.com\\\/wp-content\\\/uploads\\\/2025\\\/04\\\/Alejandro-Aguirre-Guerrero.jpg\",\"width\":1250,\"height\":667},{\"@type\":\"BreadcrumbList\",\"@id\":\"https:\\\/\\\/lospoliticosveracruz.com\\\/?p=147074#breadcrumb\",\"itemListElement\":[{\"@type\":\"ListItem\",\"position\":1,\"name\":\"Portada\",\"item\":\"https:\\\/\\\/lospoliticosveracruz.com\\\/\"},{\"@type\":\"ListItem\",\"position\":2,\"name\":\"EL PROGRAMA INFORM\u00c1TICO QUE COMPLIC\u00d3 LA ELECCI\u00d3N JUDICIAL\"}]},{\"@type\":\"WebSite\",\"@id\":\"https:\\\/\\\/lospoliticosveracruz.com\\\/#website\",\"url\":\"https:\\\/\\\/lospoliticosveracruz.com\\\/\",\"name\":\"Los pol\u00edticos Veracruz\",\"description\":\"\",\"publisher\":{\"@id\":\"https:\\\/\\\/lospoliticosveracruz.com\\\/#organization\"},\"potentialAction\":[{\"@type\":\"SearchAction\",\"target\":{\"@type\":\"EntryPoint\",\"urlTemplate\":\"https:\\\/\\\/lospoliticosveracruz.com\\\/?s={search_term_string}\"},\"query-input\":{\"@type\":\"PropertyValueSpecification\",\"valueRequired\":true,\"valueName\":\"search_term_string\"}}],\"inLanguage\":\"es\"},{\"@type\":\"Organization\",\"@id\":\"https:\\\/\\\/lospoliticosveracruz.com\\\/#organization\",\"name\":\"Los pol\u00edticos Veracruz\",\"url\":\"https:\\\/\\\/lospoliticosveracruz.com\\\/\",\"logo\":{\"@type\":\"ImageObject\",\"inLanguage\":\"es\",\"@id\":\"https:\\\/\\\/lospoliticosveracruz.com\\\/#\\\/schema\\\/logo\\\/image\\\/\",\"url\":\"https:\\\/\\\/lospoliticosveracruz.com\\\/wp-content\\\/uploads\\\/2025\\\/12\\\/Logo-Nuevo-LOS-POLITICOS-1.jpg\",\"contentUrl\":\"https:\\\/\\\/lospoliticosveracruz.com\\\/wp-content\\\/uploads\\\/2025\\\/12\\\/Logo-Nuevo-LOS-POLITICOS-1.jpg\",\"width\":260,\"height\":70,\"caption\":\"Los pol\u00edticos Veracruz\"},\"image\":{\"@id\":\"https:\\\/\\\/lospoliticosveracruz.com\\\/#\\\/schema\\\/logo\\\/image\\\/\"},\"sameAs\":[\"https:\\\/\\\/www.facebook.com\\\/people\\\/Notimemes-de-los-Polticos\\\/61565672886568\\\/\",\"https:\\\/\\\/x.com\\\/LosPoliticosVer\"]},{\"@type\":\"Person\",\"@id\":\"https:\\\/\\\/lospoliticosveracruz.com\\\/#\\\/schema\\\/person\\\/b8702bb0e538456e6efd07080bf2a4a2\",\"name\":\"Lo viste en Los Pol\u00edticos\",\"image\":{\"@type\":\"ImageObject\",\"inLanguage\":\"es\",\"@id\":\"https:\\\/\\\/secure.gravatar.com\\\/avatar\\\/3a8de04a2656d44082be478bd6c086daa447c4651605818287b9532d3d0bd435?s=96&d=mm&r=g\",\"url\":\"https:\\\/\\\/secure.gravatar.com\\\/avatar\\\/3a8de04a2656d44082be478bd6c086daa447c4651605818287b9532d3d0bd435?s=96&d=mm&r=g\",\"contentUrl\":\"https:\\\/\\\/secure.gravatar.com\\\/avatar\\\/3a8de04a2656d44082be478bd6c086daa447c4651605818287b9532d3d0bd435?s=96&d=mm&r=g\",\"caption\":\"Lo viste en Los Pol\u00edticos\"},\"url\":\"https:\\\/\\\/lospoliticosveracruz.com\\\/?author=2\"}]}<\/script>\n<!-- \/ Yoast SEO plugin. -->","yoast_head_json":{"title":"EL PROGRAMA INFORM\u00c1TICO QUE COMPLIC\u00d3 LA ELECCI\u00d3N JUDICIAL - Los pol\u00edticos Veracruz","robots":{"index":"index","follow":"follow","max-snippet":"max-snippet:-1","max-image-preview":"max-image-preview:large","max-video-preview":"max-video-preview:-1"},"canonical":"https:\/\/lospoliticosveracruz.com\/?p=147074","og_locale":"es_ES","og_type":"article","og_title":"EL PROGRAMA INFORM\u00c1TICO QUE COMPLIC\u00d3 LA ELECCI\u00d3N JUDICIAL - Los pol\u00edticos Veracruz","og_description":"Alejandro Aguirre GuerreroAl respecto\u2026 Vaya relevancia tom\u00f3 el conteo manual que se har\u00e1 (a la usanza tradicional), de los votos para la elecci\u00f3n extraordinaria judicial. Y es que cuando todo tendr\u00eda que haber fluido de manera acostumbrada, como en los comicios municipales, el sistema inform\u00e1tico mostr\u00f3 intermitencias y el \u00fanico escenario tuvo que ser prescindir [&hellip;]","og_url":"https:\/\/lospoliticosveracruz.com\/?p=147074","og_site_name":"Los pol\u00edticos Veracruz","article_publisher":"https:\/\/www.facebook.com\/people\/Notimemes-de-los-Polticos\/61565672886568\/","article_published_time":"2025-06-13T14:35:59+00:00","article_modified_time":"2025-06-13T14:36:10+00:00","og_image":[{"width":1250,"height":667,"url":"https:\/\/lospoliticosveracruz.com\/wp-content\/uploads\/2025\/04\/Alejandro-Aguirre-Guerrero.jpg","type":"image\/jpeg"}],"author":"Lo viste en Los Pol\u00edticos","twitter_card":"summary_large_image","twitter_creator":"@LosPoliticosVer","twitter_site":"@LosPoliticosVer","twitter_misc":{"Escrito por":"Lo viste en Los Pol\u00edticos","Tiempo de lectura":"2 minutos"},"schema":{"@context":"https:\/\/schema.org","@graph":[{"@type":"Article","@id":"https:\/\/lospoliticosveracruz.com\/?p=147074#article","isPartOf":{"@id":"https:\/\/lospoliticosveracruz.com\/?p=147074"},"author":{"name":"Lo viste en Los Pol\u00edticos","@id":"https:\/\/lospoliticosveracruz.com\/#\/schema\/person\/b8702bb0e538456e6efd07080bf2a4a2"},"headline":"EL PROGRAMA INFORM\u00c1TICO QUE COMPLIC\u00d3 LA ELECCI\u00d3N JUDICIAL","datePublished":"2025-06-13T14:35:59+00:00","dateModified":"2025-06-13T14:36:10+00:00","mainEntityOfPage":{"@id":"https:\/\/lospoliticosveracruz.com\/?p=147074"},"wordCount":387,"publisher":{"@id":"https:\/\/lospoliticosveracruz.com\/#organization"},"image":{"@id":"https:\/\/lospoliticosveracruz.com\/?p=147074#primaryimage"},"thumbnailUrl":"https:\/\/lospoliticosveracruz.com\/wp-content\/uploads\/2025\/04\/Alejandro-Aguirre-Guerrero.jpg","articleSection":["De Opini\u00f3n"],"inLanguage":"es"},{"@type":"WebPage","@id":"https:\/\/lospoliticosveracruz.com\/?p=147074","url":"https:\/\/lospoliticosveracruz.com\/?p=147074","name":"EL PROGRAMA INFORM\u00c1TICO QUE COMPLIC\u00d3 LA ELECCI\u00d3N JUDICIAL - Los pol\u00edticos Veracruz","isPartOf":{"@id":"https:\/\/lospoliticosveracruz.com\/#website"},"primaryImageOfPage":{"@id":"https:\/\/lospoliticosveracruz.com\/?p=147074#primaryimage"},"image":{"@id":"https:\/\/lospoliticosveracruz.com\/?p=147074#primaryimage"},"thumbnailUrl":"https:\/\/lospoliticosveracruz.com\/wp-content\/uploads\/2025\/04\/Alejandro-Aguirre-Guerrero.jpg","datePublished":"2025-06-13T14:35:59+00:00","dateModified":"2025-06-13T14:36:10+00:00","breadcrumb":{"@id":"https:\/\/lospoliticosveracruz.com\/?p=147074#breadcrumb"},"inLanguage":"es","potentialAction":[{"@type":"ReadAction","target":["https:\/\/lospoliticosveracruz.com\/?p=147074"]}]},{"@type":"ImageObject","inLanguage":"es","@id":"https:\/\/lospoliticosveracruz.com\/?p=147074#primaryimage","url":"https:\/\/lospoliticosveracruz.com\/wp-content\/uploads\/2025\/04\/Alejandro-Aguirre-Guerrero.jpg","contentUrl":"https:\/\/lospoliticosveracruz.com\/wp-content\/uploads\/2025\/04\/Alejandro-Aguirre-Guerrero.jpg","width":1250,"height":667},{"@type":"BreadcrumbList","@id":"https:\/\/lospoliticosveracruz.com\/?p=147074#breadcrumb","itemListElement":[{"@type":"ListItem","position":1,"name":"Portada","item":"https:\/\/lospoliticosveracruz.com\/"},{"@type":"ListItem","position":2,"name":"EL PROGRAMA INFORM\u00c1TICO QUE COMPLIC\u00d3 LA ELECCI\u00d3N JUDICIAL"}]},{"@type":"WebSite","@id":"https:\/\/lospoliticosveracruz.com\/#website","url":"https:\/\/lospoliticosveracruz.com\/","name":"Los pol\u00edticos Veracruz","description":"","publisher":{"@id":"https:\/\/lospoliticosveracruz.com\/#organization"},"potentialAction":[{"@type":"SearchAction","target":{"@type":"EntryPoint","urlTemplate":"https:\/\/lospoliticosveracruz.com\/?s={search_term_string}"},"query-input":{"@type":"PropertyValueSpecification","valueRequired":true,"valueName":"search_term_string"}}],"inLanguage":"es"},{"@type":"Organization","@id":"https:\/\/lospoliticosveracruz.com\/#organization","name":"Los pol\u00edticos Veracruz","url":"https:\/\/lospoliticosveracruz.com\/","logo":{"@type":"ImageObject","inLanguage":"es","@id":"https:\/\/lospoliticosveracruz.com\/#\/schema\/logo\/image\/","url":"https:\/\/lospoliticosveracruz.com\/wp-content\/uploads\/2025\/12\/Logo-Nuevo-LOS-POLITICOS-1.jpg","contentUrl":"https:\/\/lospoliticosveracruz.com\/wp-content\/uploads\/2025\/12\/Logo-Nuevo-LOS-POLITICOS-1.jpg","width":260,"height":70,"caption":"Los pol\u00edticos Veracruz"},"image":{"@id":"https:\/\/lospoliticosveracruz.com\/#\/schema\/logo\/image\/"},"sameAs":["https:\/\/www.facebook.com\/people\/Notimemes-de-los-Polticos\/61565672886568\/","https:\/\/x.com\/LosPoliticosVer"]},{"@type":"Person","@id":"https:\/\/lospoliticosveracruz.com\/#\/schema\/person\/b8702bb0e538456e6efd07080bf2a4a2","name":"Lo viste en Los Pol\u00edticos","image":{"@type":"ImageObject","inLanguage":"es","@id":"https:\/\/secure.gravatar.com\/avatar\/3a8de04a2656d44082be478bd6c086daa447c4651605818287b9532d3d0bd435?s=96&d=mm&r=g","url":"https:\/\/secure.gravatar.com\/avatar\/3a8de04a2656d44082be478bd6c086daa447c4651605818287b9532d3d0bd435?s=96&d=mm&r=g","contentUrl":"https:\/\/secure.gravatar.com\/avatar\/3a8de04a2656d44082be478bd6c086daa447c4651605818287b9532d3d0bd435?s=96&d=mm&r=g","caption":"Lo viste en Los Pol\u00edticos"},"url":"https:\/\/lospoliticosveracruz.com\/?author=2"}]}},"_links":{"self":[{"href":"https:\/\/lospoliticosveracruz.com\/index.php?rest_route=\/wp\/v2\/posts\/147074","targetHints":{"allow":["GET"]}}],"collection":[{"href":"https:\/\/lospoliticosveracruz.com\/index.php?rest_route=\/wp\/v2\/posts"}],"about":[{"href":"https:\/\/lospoliticosveracruz.com\/index.php?rest_route=\/wp\/v2\/types\/post"}],"author":[{"embeddable":true,"href":"https:\/\/lospoliticosveracruz.com\/index.php?rest_route=\/wp\/v2\/users\/2"}],"replies":[{"embeddable":true,"href":"https:\/\/lospoliticosveracruz.com\/index.php?rest_route=%2Fwp%2Fv2%2Fcomments&post=147074"}],"version-history":[{"count":2,"href":"https:\/\/lospoliticosveracruz.com\/index.php?rest_route=\/wp\/v2\/posts\/147074\/revisions"}],"predecessor-version":[{"id":147076,"href":"https:\/\/lospoliticosveracruz.com\/index.php?rest_route=\/wp\/v2\/posts\/147074\/revisions\/147076"}],"wp:featuredmedia":[{"embeddable":true,"href":"https:\/\/lospoliticosveracruz.com\/index.php?rest_route=\/wp\/v2\/media\/141373"}],"wp:attachment":[{"href":"https:\/\/lospoliticosveracruz.com\/index.php?rest_route=%2Fwp%2Fv2%2Fmedia&parent=147074"}],"wp:term":[{"taxonomy":"category","embeddable":true,"href":"https:\/\/lospoliticosveracruz.com\/index.php?rest_route=%2Fwp%2Fv2%2Fcategories&post=147074"},{"taxonomy":"post_tag","embeddable":true,"href":"https:\/\/lospoliticosveracruz.com\/index.php?rest_route=%2Fwp%2Fv2%2Ftags&post=147074"}],"curies":[{"name":"wp","href":"https:\/\/api.w.org\/{rel}","templated":true}]}}