{"id":147124,"date":"2025-06-14T09:05:44","date_gmt":"2025-06-14T14:05:44","guid":{"rendered":"https:\/\/lospoliticosveracruz.com.mx\/?p=147124"},"modified":"2025-06-14T09:05:59","modified_gmt":"2025-06-14T14:05:59","slug":"cheko-y-sus-expedientes","status":"publish","type":"post","link":"https:\/\/lospoliticosveracruz.com\/?p=147124","title":{"rendered":"CHEKO Y SUS EXPEDIENTES\u2026"},"content":{"rendered":"\n<p>Oved Contreras<\/p>\n\n\n\n<p>Secas Mecas<\/p>\n\n\n\n<p>No debe andar nada tranquilo el ex perredista Sergio Rodr\u00edguez Cort\u00e9s, tras conocerse que la Auditor\u00eda Superior de la Federaci\u00f3n ha observado al menos 15 expedientes de obra por parte de la Procuradur\u00eda Estatal de Medio Ambiente, de los ejercicios 2023 y 2024, con un presunto da\u00f1o patrimonial de alrededor de 480 millones de pesos.<\/p>\n\n\n\n<p>Lo curioso del dato es que la Procuradur\u00eda Estatal del Medio Ambiente, no tiene la facultad de ejecuci\u00f3n de obra p\u00fablica, y de entrada cualquier peso ejercido para este fin ya se considera como desv\u00edo de recursos y da\u00f1o patrimonial\u2026en el sexenio pasado, el entonces gobernador Cuitl\u00e1huac Garc\u00eda Jim\u00e9nez dio manga ancha a su primazo Eleazar Guerrero, subsecretario de Finanzas y Planeaci\u00f3n, y al procurador estatal del medio ambiente para que a trav\u00e9s de algunas adecuaciones superficiales a los estatutos de la procuradur\u00eda, se pudiera ejecutar obra p\u00fablica y aqu\u00ed comenz\u00f3 a dar resultados el plan.<\/p>\n\n\n\n<p>Entre los expedientes del Cheko Rodr\u00edguez que est\u00e1n bajo lupa est\u00e1n los rescates de la laguna Lagartos y la laguna de San Juli\u00e1n, dragados del R\u00edo Jalapa, y el rescate de humedales en Nautla entre otras obras delicadamente seleccionadas que fueron el platillo fuerte, para el dise\u00f1o de cat\u00e1logos de conceptos extraordinariamente inflados en sus vol\u00famenes y alcances y poder asentar tremendos desfalcos al erario a trav\u00e9s de la procuradur\u00eda estatal del medio ambiente.<\/p>\n\n\n\n<p>Fue un sexenio de la plenitud del pinche poder donde Sergio Rodr\u00edguez Cort\u00e9s goz\u00f3 de la protecci\u00f3n del gobernador, del secretario de gobierno, Patros\u00edsmico Cisneros, del secretario de Finanzas y de su gran amigo el entonces secretario de Educaci\u00f3n, el mu\u00f1ecote Zenyazen Escobar.<\/p>\n\n\n\n<p>La pesadilla no termina all\u00ed para Sergio Rodr\u00edguez\u2026para la auditor\u00eda del ejercicio 2022 del ORFIS, ya se ven\u00edan detectando sendas cifras de da\u00f1o patrimonial, y estaba probado que en esta entidad que, a quien menos respetaba y reportaba era a su cabeza de sector Secretar\u00eda de Desarrollo Municipal.<\/p>\n\n\n\n<p>El comentario adentro de Morena es si con m\u00e1s de 400 millones de da\u00f1o detectado a su paso por la PMA, con la traici\u00f3n pol\u00edtica hacia la gobernadora en varios municipios del estado, preguntan si volver\u00e1n a rescatarlo desde palacio de gobierno.<\/p>\n\n\n\n<p>LA LUPA SOBRE VERACRUZ\u2026el esc\u00e1ndalo por medicamentos oncol\u00f3gicos clonados lleg\u00f3 hasta la presidenta Claudia Sheinbaum, quien ayer en su tradicional ma\u00f1anera, demand\u00f3 a su Secretar\u00eda Anticorrupci\u00f3n y Buen Gobierno, revisar presuntas irregularidades en la adquisici\u00f3n de medicamentos oncol\u00f3gicos en Veracruz.<\/p>\n\n\n\n<p>\u201cS\u00ed, le ped\u00ed a Raquel Buenrostro que revisara, aunque viene pues de otra investigaci\u00f3n, pero ella va a revisar y poder dar m\u00e1s informaci\u00f3n\u201d, dijo Sheinbaum quien se mostr\u00f3 sorprendida durante \u201cla ma\u00f1anera del pueblo\u201d\u2026la mandataria fue cuestionada sobre denuncias de medicamentos presuntamente falsificados y contratos asignados a empresas irregulares.<\/p>\n\n\n\n<p>En mayo, la gobernadora Roc\u00edo Nahle confirm\u00f3 que la Contralor\u00eda General del Estado present\u00f3 una denuncia derivada de observaciones de la auditor\u00eda Superior de la Federaci\u00f3n (ASF) sobre un posible da\u00f1o patrimonial en la Secretar\u00eda de Salud estatal, durante la administraci\u00f3n del exgobernador Cuitl\u00e1huac Garc\u00eda.<\/p>\n\n\n\n<p>\u201cEl Contralor hizo la denuncia pertinente. Tenemos que darle seguimiento y, si hay da\u00f1o patrimonial, se tendr\u00e1 que llamar a rendir cuentas a quien fue Secretario de Salud, as\u00ed lo marca la propia auditor\u00eda\u201d, declar\u00f3 la t\u00eda\u2026la ASF observ\u00f3 irregularidades por m\u00e1s de mil 600 millones de pesos en contratos otorgados a empresas de reciente creaci\u00f3n, pero se gast\u00f3 a manos llenas y creyeron que no les llegar\u00eda la lumbre cerca.<\/p>\n\n\n\n<p>Los culpables tienen nombre y apellido en la Secretar\u00eda de Salud de Veracruz, el principal es el Administrador.<br>El que maneja los dineros y las compras en SESVER es un recomendado de AMLO, estuvo en su ayudant\u00eda: se trata de Jos\u00e9 David Rangel Zerme\u00f1o, Director de Administraci\u00f3n de la Sesver, es el principal se\u00f1alado por dicha compra, pidi\u00f3 el 20 por ciento de comisi\u00f3n a la empresa.<\/p>\n\n\n\n<p>YA SE ACAB\u00d3 LA SALIVA\u2026luego de seis meses de pura saliva, la gobernadora Roc\u00edo Nahle Garc\u00eda present\u00f3 el paquete de licitaciones que vendr\u00e1n en este segundo semestre del a\u00f1o para la regi\u00f3n norte del estado de Veracruz, a fin de fortalecer la infraestructura carretera, hidr\u00e1ulica, educativa y rural, priorizando la participaci\u00f3n de empresas veracruzanas para detonar el desarrollo regional.<\/p>\n\n\n\n<p>En la reuni\u00f3n con integrantes de la C\u00e1mara Mexicana de la Industria de la Construcci\u00f3n (CMIC), delegaci\u00f3n Veracruz Norte, destac\u00f3 que estas obras forman parte de la estrategia para mejorar la conectividad, elevar la calidad de vida y generar empleos en beneficio de las y los veracruzanos.<\/p>\n\n\n\n<p>Entre los proyectos inmediatos se incluyen la rehabilitaci\u00f3n de la carretera federal 127 en los tramos Tepetzintla\u2013Tantoyuca, Tempoal\u2013P\u00e1nuco y Tihuatl\u00e1n\u2013Potrero del Llano; la pavimentaci\u00f3n de los caminos Riviera\u2013Km 22, El Ramal\u2013Coyutla y el libramiento Fray Andr\u00e9s de Olmos\u2013Carretera 180, adem\u00e1s de trabajos de conservaci\u00f3n en 59 municipios.<\/p>\n\n\n\n<p>La t\u00eda Ch\u00edo anunci\u00f3 tambi\u00e9n el pago de 2 mil 800 millones de pesos al Servicio de Administraci\u00f3n Tributaria (SAT), correspondiente al tercer abono de un plan de reestructuraci\u00f3n de la deuda institucional que le heredaron anteriores gobiernos, y que contempla su liquidaci\u00f3n en un plazo de diez meses\u2026esta deuda, acumulada durante m\u00e1s de dos d\u00e9cadas con instancias como el SAT y el ISSSTE, creci\u00f3 por la falta de pagos oportunos.<\/p>\n","protected":false},"excerpt":{"rendered":"<p>Oved Contreras Secas Mecas No debe andar nada tranquilo el ex perredista Sergio Rodr\u00edguez Cort\u00e9s, tras conocerse que la Auditor\u00eda Superior de la Federaci\u00f3n ha observado al menos 15 expedientes de obra por parte de la Procuradur\u00eda Estatal de Medio Ambiente, de los ejercicios 2023 y 2024, con un presunto da\u00f1o patrimonial de alrededor de [&hellip;]<\/p>\n","protected":false},"author":2,"featured_media":141426,"comment_status":"closed","ping_status":"closed","sticky":false,"template":"","format":"standard","meta":{"tdm_status":"","tdm_grid_status":"","footnotes":""},"categories":[70],"tags":[1563,1026,3578,998,195],"class_list":{"0":"post-147124","1":"post","2":"type-post","3":"status-publish","4":"format-standard","5":"has-post-thumbnail","7":"category-de-opinion","8":"tag-cuitlahuac-garcia-jimenez","9":"tag-morena","10":"tag-rocio-nahle","11":"tag-sesver","12":"tag-veracruz"},"yoast_head":"<!-- This site is optimized with the Yoast SEO plugin v27.4 - https:\/\/yoast.com\/product\/yoast-seo-wordpress\/ -->\n<title>CHEKO Y SUS EXPEDIENTES\u2026 - Los pol\u00edticos Veracruz<\/title>\n<meta name=\"robots\" content=\"index, follow, max-snippet:-1, max-image-preview:large, max-video-preview:-1\" \/>\n<link rel=\"canonical\" href=\"https:\/\/lospoliticosveracruz.com\/?p=147124\" \/>\n<meta property=\"og:locale\" content=\"es_ES\" \/>\n<meta property=\"og:type\" content=\"article\" \/>\n<meta property=\"og:title\" content=\"CHEKO Y SUS EXPEDIENTES\u2026 - Los pol\u00edticos Veracruz\" \/>\n<meta property=\"og:description\" content=\"Oved Contreras Secas Mecas No debe andar nada tranquilo el ex perredista Sergio Rodr\u00edguez Cort\u00e9s, tras conocerse que la Auditor\u00eda Superior de la Federaci\u00f3n ha observado al menos 15 expedientes de obra por parte de la Procuradur\u00eda Estatal de Medio Ambiente, de los ejercicios 2023 y 2024, con un presunto da\u00f1o patrimonial de alrededor de [&hellip;]\" \/>\n<meta property=\"og:url\" content=\"https:\/\/lospoliticosveracruz.com\/?p=147124\" \/>\n<meta property=\"og:site_name\" content=\"Los pol\u00edticos Veracruz\" \/>\n<meta property=\"article:publisher\" content=\"https:\/\/www.facebook.com\/people\/Notimemes-de-los-Polticos\/61565672886568\/\" \/>\n<meta property=\"article:published_time\" content=\"2025-06-14T14:05:44+00:00\" \/>\n<meta property=\"article:modified_time\" content=\"2025-06-14T14:05:59+00:00\" \/>\n<meta property=\"og:image\" content=\"https:\/\/lospoliticosveracruz.com\/wp-content\/uploads\/2025\/04\/Oved-Contreras-e1768066319253.jpg\" \/>\n\t<meta property=\"og:image:width\" content=\"600\" \/>\n\t<meta property=\"og:image:height\" content=\"320\" \/>\n\t<meta property=\"og:image:type\" content=\"image\/jpeg\" \/>\n<meta name=\"author\" content=\"Lo viste en Los Pol\u00edticos\" \/>\n<meta name=\"twitter:card\" content=\"summary_large_image\" \/>\n<meta name=\"twitter:creator\" content=\"@LosPoliticosVer\" \/>\n<meta name=\"twitter:site\" content=\"@LosPoliticosVer\" \/>\n<meta name=\"twitter:label1\" content=\"Escrito por\" \/>\n\t<meta name=\"twitter:data1\" content=\"Lo viste en Los Pol\u00edticos\" \/>\n\t<meta name=\"twitter:label2\" content=\"Tiempo de lectura\" \/>\n\t<meta name=\"twitter:data2\" content=\"5 minutos\" \/>\n<script type=\"application\/ld+json\" class=\"yoast-schema-graph\">{\"@context\":\"https:\\\/\\\/schema.org\",\"@graph\":[{\"@type\":\"Article\",\"@id\":\"https:\\\/\\\/lospoliticosveracruz.com\\\/?p=147124#article\",\"isPartOf\":{\"@id\":\"https:\\\/\\\/lospoliticosveracruz.com\\\/?p=147124\"},\"author\":{\"name\":\"Lo viste en Los Pol\u00edticos\",\"@id\":\"https:\\\/\\\/lospoliticosveracruz.com\\\/#\\\/schema\\\/person\\\/b8702bb0e538456e6efd07080bf2a4a2\"},\"headline\":\"CHEKO Y SUS EXPEDIENTES\u2026\",\"datePublished\":\"2025-06-14T14:05:44+00:00\",\"dateModified\":\"2025-06-14T14:05:59+00:00\",\"mainEntityOfPage\":{\"@id\":\"https:\\\/\\\/lospoliticosveracruz.com\\\/?p=147124\"},\"wordCount\":964,\"publisher\":{\"@id\":\"https:\\\/\\\/lospoliticosveracruz.com\\\/#organization\"},\"image\":{\"@id\":\"https:\\\/\\\/lospoliticosveracruz.com\\\/?p=147124#primaryimage\"},\"thumbnailUrl\":\"https:\\\/\\\/lospoliticosveracruz.com\\\/wp-content\\\/uploads\\\/2025\\\/04\\\/Oved-Contreras-e1768066319253.jpg\",\"keywords\":[\"Cuitl\u00e1huac Garc\u00eda Jim\u00e9nez\",\"Morena\",\"Roc\u00edo Nahle\",\"Sesver\",\"Veracruz\"],\"articleSection\":[\"De Opini\u00f3n\"],\"inLanguage\":\"es\"},{\"@type\":\"WebPage\",\"@id\":\"https:\\\/\\\/lospoliticosveracruz.com\\\/?p=147124\",\"url\":\"https:\\\/\\\/lospoliticosveracruz.com\\\/?p=147124\",\"name\":\"CHEKO Y SUS EXPEDIENTES\u2026 - Los pol\u00edticos Veracruz\",\"isPartOf\":{\"@id\":\"https:\\\/\\\/lospoliticosveracruz.com\\\/#website\"},\"primaryImageOfPage\":{\"@id\":\"https:\\\/\\\/lospoliticosveracruz.com\\\/?p=147124#primaryimage\"},\"image\":{\"@id\":\"https:\\\/\\\/lospoliticosveracruz.com\\\/?p=147124#primaryimage\"},\"thumbnailUrl\":\"https:\\\/\\\/lospoliticosveracruz.com\\\/wp-content\\\/uploads\\\/2025\\\/04\\\/Oved-Contreras-e1768066319253.jpg\",\"datePublished\":\"2025-06-14T14:05:44+00:00\",\"dateModified\":\"2025-06-14T14:05:59+00:00\",\"breadcrumb\":{\"@id\":\"https:\\\/\\\/lospoliticosveracruz.com\\\/?p=147124#breadcrumb\"},\"inLanguage\":\"es\",\"potentialAction\":[{\"@type\":\"ReadAction\",\"target\":[\"https:\\\/\\\/lospoliticosveracruz.com\\\/?p=147124\"]}]},{\"@type\":\"ImageObject\",\"inLanguage\":\"es\",\"@id\":\"https:\\\/\\\/lospoliticosveracruz.com\\\/?p=147124#primaryimage\",\"url\":\"https:\\\/\\\/lospoliticosveracruz.com\\\/wp-content\\\/uploads\\\/2025\\\/04\\\/Oved-Contreras-e1768066319253.jpg\",\"contentUrl\":\"https:\\\/\\\/lospoliticosveracruz.com\\\/wp-content\\\/uploads\\\/2025\\\/04\\\/Oved-Contreras-e1768066319253.jpg\",\"width\":600,\"height\":320},{\"@type\":\"BreadcrumbList\",\"@id\":\"https:\\\/\\\/lospoliticosveracruz.com\\\/?p=147124#breadcrumb\",\"itemListElement\":[{\"@type\":\"ListItem\",\"position\":1,\"name\":\"Portada\",\"item\":\"https:\\\/\\\/lospoliticosveracruz.com\\\/\"},{\"@type\":\"ListItem\",\"position\":2,\"name\":\"CHEKO Y SUS EXPEDIENTES\u2026\"}]},{\"@type\":\"WebSite\",\"@id\":\"https:\\\/\\\/lospoliticosveracruz.com\\\/#website\",\"url\":\"https:\\\/\\\/lospoliticosveracruz.com\\\/\",\"name\":\"Los pol\u00edticos Veracruz\",\"description\":\"\",\"publisher\":{\"@id\":\"https:\\\/\\\/lospoliticosveracruz.com\\\/#organization\"},\"potentialAction\":[{\"@type\":\"SearchAction\",\"target\":{\"@type\":\"EntryPoint\",\"urlTemplate\":\"https:\\\/\\\/lospoliticosveracruz.com\\\/?s={search_term_string}\"},\"query-input\":{\"@type\":\"PropertyValueSpecification\",\"valueRequired\":true,\"valueName\":\"search_term_string\"}}],\"inLanguage\":\"es\"},{\"@type\":\"Organization\",\"@id\":\"https:\\\/\\\/lospoliticosveracruz.com\\\/#organization\",\"name\":\"Los pol\u00edticos Veracruz\",\"url\":\"https:\\\/\\\/lospoliticosveracruz.com\\\/\",\"logo\":{\"@type\":\"ImageObject\",\"inLanguage\":\"es\",\"@id\":\"https:\\\/\\\/lospoliticosveracruz.com\\\/#\\\/schema\\\/logo\\\/image\\\/\",\"url\":\"https:\\\/\\\/lospoliticosveracruz.com\\\/wp-content\\\/uploads\\\/2025\\\/12\\\/Logo-Nuevo-LOS-POLITICOS-1.jpg\",\"contentUrl\":\"https:\\\/\\\/lospoliticosveracruz.com\\\/wp-content\\\/uploads\\\/2025\\\/12\\\/Logo-Nuevo-LOS-POLITICOS-1.jpg\",\"width\":260,\"height\":70,\"caption\":\"Los pol\u00edticos Veracruz\"},\"image\":{\"@id\":\"https:\\\/\\\/lospoliticosveracruz.com\\\/#\\\/schema\\\/logo\\\/image\\\/\"},\"sameAs\":[\"https:\\\/\\\/www.facebook.com\\\/people\\\/Notimemes-de-los-Polticos\\\/61565672886568\\\/\",\"https:\\\/\\\/x.com\\\/LosPoliticosVer\"]},{\"@type\":\"Person\",\"@id\":\"https:\\\/\\\/lospoliticosveracruz.com\\\/#\\\/schema\\\/person\\\/b8702bb0e538456e6efd07080bf2a4a2\",\"name\":\"Lo viste en Los Pol\u00edticos\",\"image\":{\"@type\":\"ImageObject\",\"inLanguage\":\"es\",\"@id\":\"https:\\\/\\\/secure.gravatar.com\\\/avatar\\\/3a8de04a2656d44082be478bd6c086daa447c4651605818287b9532d3d0bd435?s=96&d=mm&r=g\",\"url\":\"https:\\\/\\\/secure.gravatar.com\\\/avatar\\\/3a8de04a2656d44082be478bd6c086daa447c4651605818287b9532d3d0bd435?s=96&d=mm&r=g\",\"contentUrl\":\"https:\\\/\\\/secure.gravatar.com\\\/avatar\\\/3a8de04a2656d44082be478bd6c086daa447c4651605818287b9532d3d0bd435?s=96&d=mm&r=g\",\"caption\":\"Lo viste en Los Pol\u00edticos\"},\"url\":\"https:\\\/\\\/lospoliticosveracruz.com\\\/?author=2\"}]}<\/script>\n<!-- \/ Yoast SEO plugin. -->","yoast_head_json":{"title":"CHEKO Y SUS EXPEDIENTES\u2026 - Los pol\u00edticos Veracruz","robots":{"index":"index","follow":"follow","max-snippet":"max-snippet:-1","max-image-preview":"max-image-preview:large","max-video-preview":"max-video-preview:-1"},"canonical":"https:\/\/lospoliticosveracruz.com\/?p=147124","og_locale":"es_ES","og_type":"article","og_title":"CHEKO Y SUS EXPEDIENTES\u2026 - Los pol\u00edticos Veracruz","og_description":"Oved Contreras Secas Mecas No debe andar nada tranquilo el ex perredista Sergio Rodr\u00edguez Cort\u00e9s, tras conocerse que la Auditor\u00eda Superior de la Federaci\u00f3n ha observado al menos 15 expedientes de obra por parte de la Procuradur\u00eda Estatal de Medio Ambiente, de los ejercicios 2023 y 2024, con un presunto da\u00f1o patrimonial de alrededor de [&hellip;]","og_url":"https:\/\/lospoliticosveracruz.com\/?p=147124","og_site_name":"Los pol\u00edticos Veracruz","article_publisher":"https:\/\/www.facebook.com\/people\/Notimemes-de-los-Polticos\/61565672886568\/","article_published_time":"2025-06-14T14:05:44+00:00","article_modified_time":"2025-06-14T14:05:59+00:00","og_image":[{"width":600,"height":320,"url":"https:\/\/lospoliticosveracruz.com\/wp-content\/uploads\/2025\/04\/Oved-Contreras-e1768066319253.jpg","type":"image\/jpeg"}],"author":"Lo viste en Los Pol\u00edticos","twitter_card":"summary_large_image","twitter_creator":"@LosPoliticosVer","twitter_site":"@LosPoliticosVer","twitter_misc":{"Escrito por":"Lo viste en Los Pol\u00edticos","Tiempo de lectura":"5 minutos"},"schema":{"@context":"https:\/\/schema.org","@graph":[{"@type":"Article","@id":"https:\/\/lospoliticosveracruz.com\/?p=147124#article","isPartOf":{"@id":"https:\/\/lospoliticosveracruz.com\/?p=147124"},"author":{"name":"Lo viste en Los Pol\u00edticos","@id":"https:\/\/lospoliticosveracruz.com\/#\/schema\/person\/b8702bb0e538456e6efd07080bf2a4a2"},"headline":"CHEKO Y SUS EXPEDIENTES\u2026","datePublished":"2025-06-14T14:05:44+00:00","dateModified":"2025-06-14T14:05:59+00:00","mainEntityOfPage":{"@id":"https:\/\/lospoliticosveracruz.com\/?p=147124"},"wordCount":964,"publisher":{"@id":"https:\/\/lospoliticosveracruz.com\/#organization"},"image":{"@id":"https:\/\/lospoliticosveracruz.com\/?p=147124#primaryimage"},"thumbnailUrl":"https:\/\/lospoliticosveracruz.com\/wp-content\/uploads\/2025\/04\/Oved-Contreras-e1768066319253.jpg","keywords":["Cuitl\u00e1huac Garc\u00eda Jim\u00e9nez","Morena","Roc\u00edo Nahle","Sesver","Veracruz"],"articleSection":["De Opini\u00f3n"],"inLanguage":"es"},{"@type":"WebPage","@id":"https:\/\/lospoliticosveracruz.com\/?p=147124","url":"https:\/\/lospoliticosveracruz.com\/?p=147124","name":"CHEKO Y SUS EXPEDIENTES\u2026 - Los pol\u00edticos Veracruz","isPartOf":{"@id":"https:\/\/lospoliticosveracruz.com\/#website"},"primaryImageOfPage":{"@id":"https:\/\/lospoliticosveracruz.com\/?p=147124#primaryimage"},"image":{"@id":"https:\/\/lospoliticosveracruz.com\/?p=147124#primaryimage"},"thumbnailUrl":"https:\/\/lospoliticosveracruz.com\/wp-content\/uploads\/2025\/04\/Oved-Contreras-e1768066319253.jpg","datePublished":"2025-06-14T14:05:44+00:00","dateModified":"2025-06-14T14:05:59+00:00","breadcrumb":{"@id":"https:\/\/lospoliticosveracruz.com\/?p=147124#breadcrumb"},"inLanguage":"es","potentialAction":[{"@type":"ReadAction","target":["https:\/\/lospoliticosveracruz.com\/?p=147124"]}]},{"@type":"ImageObject","inLanguage":"es","@id":"https:\/\/lospoliticosveracruz.com\/?p=147124#primaryimage","url":"https:\/\/lospoliticosveracruz.com\/wp-content\/uploads\/2025\/04\/Oved-Contreras-e1768066319253.jpg","contentUrl":"https:\/\/lospoliticosveracruz.com\/wp-content\/uploads\/2025\/04\/Oved-Contreras-e1768066319253.jpg","width":600,"height":320},{"@type":"BreadcrumbList","@id":"https:\/\/lospoliticosveracruz.com\/?p=147124#breadcrumb","itemListElement":[{"@type":"ListItem","position":1,"name":"Portada","item":"https:\/\/lospoliticosveracruz.com\/"},{"@type":"ListItem","position":2,"name":"CHEKO Y SUS EXPEDIENTES\u2026"}]},{"@type":"WebSite","@id":"https:\/\/lospoliticosveracruz.com\/#website","url":"https:\/\/lospoliticosveracruz.com\/","name":"Los pol\u00edticos Veracruz","description":"","publisher":{"@id":"https:\/\/lospoliticosveracruz.com\/#organization"},"potentialAction":[{"@type":"SearchAction","target":{"@type":"EntryPoint","urlTemplate":"https:\/\/lospoliticosveracruz.com\/?s={search_term_string}"},"query-input":{"@type":"PropertyValueSpecification","valueRequired":true,"valueName":"search_term_string"}}],"inLanguage":"es"},{"@type":"Organization","@id":"https:\/\/lospoliticosveracruz.com\/#organization","name":"Los pol\u00edticos Veracruz","url":"https:\/\/lospoliticosveracruz.com\/","logo":{"@type":"ImageObject","inLanguage":"es","@id":"https:\/\/lospoliticosveracruz.com\/#\/schema\/logo\/image\/","url":"https:\/\/lospoliticosveracruz.com\/wp-content\/uploads\/2025\/12\/Logo-Nuevo-LOS-POLITICOS-1.jpg","contentUrl":"https:\/\/lospoliticosveracruz.com\/wp-content\/uploads\/2025\/12\/Logo-Nuevo-LOS-POLITICOS-1.jpg","width":260,"height":70,"caption":"Los pol\u00edticos Veracruz"},"image":{"@id":"https:\/\/lospoliticosveracruz.com\/#\/schema\/logo\/image\/"},"sameAs":["https:\/\/www.facebook.com\/people\/Notimemes-de-los-Polticos\/61565672886568\/","https:\/\/x.com\/LosPoliticosVer"]},{"@type":"Person","@id":"https:\/\/lospoliticosveracruz.com\/#\/schema\/person\/b8702bb0e538456e6efd07080bf2a4a2","name":"Lo viste en Los Pol\u00edticos","image":{"@type":"ImageObject","inLanguage":"es","@id":"https:\/\/secure.gravatar.com\/avatar\/3a8de04a2656d44082be478bd6c086daa447c4651605818287b9532d3d0bd435?s=96&d=mm&r=g","url":"https:\/\/secure.gravatar.com\/avatar\/3a8de04a2656d44082be478bd6c086daa447c4651605818287b9532d3d0bd435?s=96&d=mm&r=g","contentUrl":"https:\/\/secure.gravatar.com\/avatar\/3a8de04a2656d44082be478bd6c086daa447c4651605818287b9532d3d0bd435?s=96&d=mm&r=g","caption":"Lo viste en Los Pol\u00edticos"},"url":"https:\/\/lospoliticosveracruz.com\/?author=2"}]}},"_links":{"self":[{"href":"https:\/\/lospoliticosveracruz.com\/index.php?rest_route=\/wp\/v2\/posts\/147124","targetHints":{"allow":["GET"]}}],"collection":[{"href":"https:\/\/lospoliticosveracruz.com\/index.php?rest_route=\/wp\/v2\/posts"}],"about":[{"href":"https:\/\/lospoliticosveracruz.com\/index.php?rest_route=\/wp\/v2\/types\/post"}],"author":[{"embeddable":true,"href":"https:\/\/lospoliticosveracruz.com\/index.php?rest_route=\/wp\/v2\/users\/2"}],"replies":[{"embeddable":true,"href":"https:\/\/lospoliticosveracruz.com\/index.php?rest_route=%2Fwp%2Fv2%2Fcomments&post=147124"}],"version-history":[{"count":1,"href":"https:\/\/lospoliticosveracruz.com\/index.php?rest_route=\/wp\/v2\/posts\/147124\/revisions"}],"predecessor-version":[{"id":147125,"href":"https:\/\/lospoliticosveracruz.com\/index.php?rest_route=\/wp\/v2\/posts\/147124\/revisions\/147125"}],"wp:featuredmedia":[{"embeddable":true,"href":"https:\/\/lospoliticosveracruz.com\/index.php?rest_route=\/wp\/v2\/media\/141426"}],"wp:attachment":[{"href":"https:\/\/lospoliticosveracruz.com\/index.php?rest_route=%2Fwp%2Fv2%2Fmedia&parent=147124"}],"wp:term":[{"taxonomy":"category","embeddable":true,"href":"https:\/\/lospoliticosveracruz.com\/index.php?rest_route=%2Fwp%2Fv2%2Fcategories&post=147124"},{"taxonomy":"post_tag","embeddable":true,"href":"https:\/\/lospoliticosveracruz.com\/index.php?rest_route=%2Fwp%2Fv2%2Ftags&post=147124"}],"curies":[{"name":"wp","href":"https:\/\/api.w.org\/{rel}","templated":true}]}}