{"id":147173,"date":"2025-06-16T09:59:32","date_gmt":"2025-06-16T14:59:32","guid":{"rendered":"https:\/\/lospoliticosveracruz.com.mx\/?p=147173"},"modified":"2025-06-16T09:59:46","modified_gmt":"2025-06-16T14:59:46","slug":"sucesion-uv-13","status":"publish","type":"post","link":"https:\/\/lospoliticosveracruz.com\/?p=147173","title":{"rendered":"SUCESI\u00d3N UV (13)"},"content":{"rendered":"\n<p><br><strong><a href=\"https:\/\/whatsapp.com\/channel\/0029Va8zRWlEKyZIP3Z1dF0e\">\u2002\u2002<strong>\u00danete a nuestro canal<\/strong><\/a><\/strong><\/p>\n\n\n\n<p>\u00a1<strong>LOS POL\u00cdTICOS VERACRUZ<\/strong>\u00a0ya est\u00e1 en WhatsApp!<\/p>\n\n\n\n<p><br><strong>Sergio Gonz\u00e1lez Levet<\/strong><br><em>Sin tacto<\/em><\/p>\n\n\n\n<p>Algunas fuentes confiables me dicen que parece que la doctora Jaqueline Jongitud Zamora fue quien concibi\u00f3 el falso atajo para que Mart\u00edn Aguilar repita como Rector de la Universidad Veracruzana sin contrincante enfrente. Cuando en el pasado Consejo Universitario, la mayor\u00eda de las reacciones fue de rechazo a la ambici\u00f3n reeleccionista de Mart\u00edn, Jongitud al principio se sinti\u00f3 culpable, pero pronto entendi\u00f3 que la ca\u00edda de Mart\u00edn en el desbarrancadero de la buscada pr\u00f3rroga, a quien m\u00e1s beneficiar\u00eda es a ella.<\/p>\n\n\n\n<pre class=\"wp-block-code\"><code> En adelante, compilar\u00e9 lo que me conf\u00edan mis fuentes:\n\n Hace diez a\u00f1os Jaqui -como le dicen sus amigos- ingres\u00f3 a la Junta de Gobierno como reemplazo de la doctora Violeta Pard\u00edo, quien renunci\u00f3 por problemas de salud. Poco a poco se fue empoderando y apoderando de la Junta, amparada en un par de libros de su autor\u00eda sobre \u00e9tica universitaria y su paso como Directora del Instituto de Investigaciones Jur\u00eddicas, a donde lleg\u00f3 tambi\u00e9n como reemplazo y no por el camino normal.\n\n Cuando Mart\u00edn asumi\u00f3 como Rector, Jaqui esper\u00f3 tres meses para incorporarse como Secretaria de Desarrollo Institucional, para cumplir con los tres a\u00f1os desde que sali\u00f3 de la Junta, como dicta la normatividad. Bajo su mando recayeron la vinculaci\u00f3n universitaria, la difusi\u00f3n cultural, la planeaci\u00f3n, la labor editorial, las tecnolog\u00edas de la informaci\u00f3n, la protecci\u00f3n civil y las obras y construcciones, que significan millonarias sumas, muchas veces infladas. Por ejemplo, el edificio de la Direcci\u00f3n de Posgrado result\u00f3 m\u00e1s caro que si la UV hubiera adquirido una residencia de lujo.\n\n Pero nadie le puede cuestionar a la se\u00f1ora Secretaria, pues de hacerlo se expone a rega\u00f1os e insultos. Como es de dominio p\u00fablico, una v\u00edctima se quej\u00f3 ante la Comisi\u00f3n Estatal de Derechos Humanos, la cual emiti\u00f3 una recomendaci\u00f3n a la UV, pero el Rector la desech\u00f3 porque iba dirigida a su funcionaria estrella, la personificaci\u00f3n y esencia misma de la \u00e9tica universitaria y la defensa de los derechos humanos.\n\n Ese talante autoritario y acomodaticio para defender la \u00e9tica y a la vez torcerla, no es nuevo en Jaqui. Durante el proceso para designaci\u00f3n rectoral hace ocho a\u00f1os, llegaron a las finales Ros\u00edo C\u00f3rdoba, Sara Ladr\u00f3n de Guevara y Jorge Manzo. Desde las primeras votaciones, Sara obtuvo los seis de nueve votos necesarios, pero la Presidente de la Junta, la doctora Jongitud, estaba encaprichada en impedir que repitiera Sara. \u00bfPor qu\u00e9? Porque en una de las marchas que encabez\u00f3 Sara contra el Gobierno de Javier Duarte, Jaqui pretendi\u00f3 tomar la palabra, pero de antemano se hab\u00eda acordado que a nombre de la Junta no hablar\u00eda ella sino Ricardo Corzo. El entripado que hizo Jaqui fue tan fuerte, que quiso vengarse dos a\u00f1os despu\u00e9s impidiendo la reelecci\u00f3n de Sara. Como no pudo, sali\u00f3 con la ocurrencia -\u00a1oh, doctora en Derecho!- de votar en contra. \u00bfEn contra de qu\u00e9 o de qui\u00e9n? \u00a1De Sara! Jaqui pudo votar por Ros\u00edo o por Jorge, pero no lo hizo porque lo \u00fanico que quer\u00eda era votar en contra de una persona, la que dignamente encabez\u00f3 como Rectora la defensa universitaria.\n\n Lo anterior ilustra la personalidad de la opci\u00f3n B del grupo de la Rector\u00eda si fracasara el plan de la pr\u00f3rroga martiniana.<\/code><\/pre>\n\n\n\n<p>sglevet@gmail.com<\/p>\n","protected":false},"excerpt":{"rendered":"<p>\u2002\u2002\u00danete a nuestro canal \u00a1LOS POL\u00cdTICOS VERACRUZ\u00a0ya est\u00e1 en WhatsApp! Sergio Gonz\u00e1lez LevetSin tacto Algunas fuentes confiables me dicen que parece que la doctora Jaqueline Jongitud Zamora fue quien concibi\u00f3 el falso atajo para que Mart\u00edn Aguilar repita como Rector de la Universidad Veracruzana sin contrincante enfrente. Cuando en el pasado Consejo Universitario, la mayor\u00eda [&hellip;]<\/p>\n","protected":false},"author":2,"featured_media":141432,"comment_status":"closed","ping_status":"closed","sticky":false,"template":"","format":"standard","meta":{"tdm_status":"","tdm_grid_status":"","footnotes":""},"categories":[70],"tags":[],"class_list":{"0":"post-147173","1":"post","2":"type-post","3":"status-publish","4":"format-standard","5":"has-post-thumbnail","7":"category-de-opinion"},"yoast_head":"<!-- This site is optimized with the Yoast SEO plugin v27.4 - https:\/\/yoast.com\/product\/yoast-seo-wordpress\/ -->\n<title>SUCESI\u00d3N UV (13) - Los pol\u00edticos Veracruz<\/title>\n<meta name=\"robots\" content=\"index, follow, max-snippet:-1, max-image-preview:large, max-video-preview:-1\" \/>\n<link rel=\"canonical\" href=\"https:\/\/lospoliticosveracruz.com\/?p=147173\" \/>\n<meta property=\"og:locale\" content=\"es_ES\" \/>\n<meta property=\"og:type\" content=\"article\" \/>\n<meta property=\"og:title\" content=\"SUCESI\u00d3N UV (13) - Los pol\u00edticos Veracruz\" \/>\n<meta property=\"og:description\" content=\"\u2002\u2002\u00danete a nuestro canal \u00a1LOS POL\u00cdTICOS VERACRUZ\u00a0ya est\u00e1 en WhatsApp! Sergio Gonz\u00e1lez LevetSin tacto Algunas fuentes confiables me dicen que parece que la doctora Jaqueline Jongitud Zamora fue quien concibi\u00f3 el falso atajo para que Mart\u00edn Aguilar repita como Rector de la Universidad Veracruzana sin contrincante enfrente. Cuando en el pasado Consejo Universitario, la mayor\u00eda [&hellip;]\" \/>\n<meta property=\"og:url\" content=\"https:\/\/lospoliticosveracruz.com\/?p=147173\" \/>\n<meta property=\"og:site_name\" content=\"Los pol\u00edticos Veracruz\" \/>\n<meta property=\"article:publisher\" content=\"https:\/\/www.facebook.com\/people\/Notimemes-de-los-Polticos\/61565672886568\/\" \/>\n<meta property=\"article:published_time\" content=\"2025-06-16T14:59:32+00:00\" \/>\n<meta property=\"article:modified_time\" content=\"2025-06-16T14:59:46+00:00\" \/>\n<meta property=\"og:image\" content=\"https:\/\/lospoliticosveracruz.com\/wp-content\/uploads\/2025\/04\/Levet.jpg\" \/>\n\t<meta property=\"og:image:width\" content=\"1250\" \/>\n\t<meta property=\"og:image:height\" content=\"667\" \/>\n\t<meta property=\"og:image:type\" content=\"image\/jpeg\" \/>\n<meta name=\"author\" content=\"Lo viste en Los Pol\u00edticos\" \/>\n<meta name=\"twitter:card\" content=\"summary_large_image\" \/>\n<meta name=\"twitter:creator\" content=\"@LosPoliticosVer\" \/>\n<meta name=\"twitter:site\" content=\"@LosPoliticosVer\" \/>\n<meta name=\"twitter:label1\" content=\"Escrito por\" \/>\n\t<meta name=\"twitter:data1\" content=\"Lo viste en Los Pol\u00edticos\" \/>\n\t<meta name=\"twitter:label2\" content=\"Tiempo de lectura\" \/>\n\t<meta name=\"twitter:data2\" content=\"3 minutos\" \/>\n<script type=\"application\/ld+json\" class=\"yoast-schema-graph\">{\"@context\":\"https:\\\/\\\/schema.org\",\"@graph\":[{\"@type\":\"Article\",\"@id\":\"https:\\\/\\\/lospoliticosveracruz.com\\\/?p=147173#article\",\"isPartOf\":{\"@id\":\"https:\\\/\\\/lospoliticosveracruz.com\\\/?p=147173\"},\"author\":{\"name\":\"Lo viste en Los Pol\u00edticos\",\"@id\":\"https:\\\/\\\/lospoliticosveracruz.com\\\/#\\\/schema\\\/person\\\/b8702bb0e538456e6efd07080bf2a4a2\"},\"headline\":\"SUCESI\u00d3N UV (13)\",\"datePublished\":\"2025-06-16T14:59:32+00:00\",\"dateModified\":\"2025-06-16T14:59:46+00:00\",\"mainEntityOfPage\":{\"@id\":\"https:\\\/\\\/lospoliticosveracruz.com\\\/?p=147173\"},\"wordCount\":114,\"publisher\":{\"@id\":\"https:\\\/\\\/lospoliticosveracruz.com\\\/#organization\"},\"image\":{\"@id\":\"https:\\\/\\\/lospoliticosveracruz.com\\\/?p=147173#primaryimage\"},\"thumbnailUrl\":\"https:\\\/\\\/lospoliticosveracruz.com\\\/wp-content\\\/uploads\\\/2025\\\/04\\\/Levet-e1773931000156.jpg\",\"articleSection\":[\"De Opini\u00f3n\"],\"inLanguage\":\"es\"},{\"@type\":\"WebPage\",\"@id\":\"https:\\\/\\\/lospoliticosveracruz.com\\\/?p=147173\",\"url\":\"https:\\\/\\\/lospoliticosveracruz.com\\\/?p=147173\",\"name\":\"SUCESI\u00d3N UV (13) - Los pol\u00edticos Veracruz\",\"isPartOf\":{\"@id\":\"https:\\\/\\\/lospoliticosveracruz.com\\\/#website\"},\"primaryImageOfPage\":{\"@id\":\"https:\\\/\\\/lospoliticosveracruz.com\\\/?p=147173#primaryimage\"},\"image\":{\"@id\":\"https:\\\/\\\/lospoliticosveracruz.com\\\/?p=147173#primaryimage\"},\"thumbnailUrl\":\"https:\\\/\\\/lospoliticosveracruz.com\\\/wp-content\\\/uploads\\\/2025\\\/04\\\/Levet-e1773931000156.jpg\",\"datePublished\":\"2025-06-16T14:59:32+00:00\",\"dateModified\":\"2025-06-16T14:59:46+00:00\",\"breadcrumb\":{\"@id\":\"https:\\\/\\\/lospoliticosveracruz.com\\\/?p=147173#breadcrumb\"},\"inLanguage\":\"es\",\"potentialAction\":[{\"@type\":\"ReadAction\",\"target\":[\"https:\\\/\\\/lospoliticosveracruz.com\\\/?p=147173\"]}]},{\"@type\":\"ImageObject\",\"inLanguage\":\"es\",\"@id\":\"https:\\\/\\\/lospoliticosveracruz.com\\\/?p=147173#primaryimage\",\"url\":\"https:\\\/\\\/lospoliticosveracruz.com\\\/wp-content\\\/uploads\\\/2025\\\/04\\\/Levet-e1773931000156.jpg\",\"contentUrl\":\"https:\\\/\\\/lospoliticosveracruz.com\\\/wp-content\\\/uploads\\\/2025\\\/04\\\/Levet-e1773931000156.jpg\",\"width\":600,\"height\":320},{\"@type\":\"BreadcrumbList\",\"@id\":\"https:\\\/\\\/lospoliticosveracruz.com\\\/?p=147173#breadcrumb\",\"itemListElement\":[{\"@type\":\"ListItem\",\"position\":1,\"name\":\"Portada\",\"item\":\"https:\\\/\\\/lospoliticosveracruz.com\\\/\"},{\"@type\":\"ListItem\",\"position\":2,\"name\":\"SUCESI\u00d3N UV (13)\"}]},{\"@type\":\"WebSite\",\"@id\":\"https:\\\/\\\/lospoliticosveracruz.com\\\/#website\",\"url\":\"https:\\\/\\\/lospoliticosveracruz.com\\\/\",\"name\":\"Los pol\u00edticos Veracruz\",\"description\":\"\",\"publisher\":{\"@id\":\"https:\\\/\\\/lospoliticosveracruz.com\\\/#organization\"},\"potentialAction\":[{\"@type\":\"SearchAction\",\"target\":{\"@type\":\"EntryPoint\",\"urlTemplate\":\"https:\\\/\\\/lospoliticosveracruz.com\\\/?s={search_term_string}\"},\"query-input\":{\"@type\":\"PropertyValueSpecification\",\"valueRequired\":true,\"valueName\":\"search_term_string\"}}],\"inLanguage\":\"es\"},{\"@type\":\"Organization\",\"@id\":\"https:\\\/\\\/lospoliticosveracruz.com\\\/#organization\",\"name\":\"Los pol\u00edticos Veracruz\",\"url\":\"https:\\\/\\\/lospoliticosveracruz.com\\\/\",\"logo\":{\"@type\":\"ImageObject\",\"inLanguage\":\"es\",\"@id\":\"https:\\\/\\\/lospoliticosveracruz.com\\\/#\\\/schema\\\/logo\\\/image\\\/\",\"url\":\"https:\\\/\\\/lospoliticosveracruz.com\\\/wp-content\\\/uploads\\\/2025\\\/12\\\/Logo-Nuevo-LOS-POLITICOS-1.jpg\",\"contentUrl\":\"https:\\\/\\\/lospoliticosveracruz.com\\\/wp-content\\\/uploads\\\/2025\\\/12\\\/Logo-Nuevo-LOS-POLITICOS-1.jpg\",\"width\":260,\"height\":70,\"caption\":\"Los pol\u00edticos Veracruz\"},\"image\":{\"@id\":\"https:\\\/\\\/lospoliticosveracruz.com\\\/#\\\/schema\\\/logo\\\/image\\\/\"},\"sameAs\":[\"https:\\\/\\\/www.facebook.com\\\/people\\\/Notimemes-de-los-Polticos\\\/61565672886568\\\/\",\"https:\\\/\\\/x.com\\\/LosPoliticosVer\"]},{\"@type\":\"Person\",\"@id\":\"https:\\\/\\\/lospoliticosveracruz.com\\\/#\\\/schema\\\/person\\\/b8702bb0e538456e6efd07080bf2a4a2\",\"name\":\"Lo viste en Los Pol\u00edticos\",\"image\":{\"@type\":\"ImageObject\",\"inLanguage\":\"es\",\"@id\":\"https:\\\/\\\/secure.gravatar.com\\\/avatar\\\/3a8de04a2656d44082be478bd6c086daa447c4651605818287b9532d3d0bd435?s=96&d=mm&r=g\",\"url\":\"https:\\\/\\\/secure.gravatar.com\\\/avatar\\\/3a8de04a2656d44082be478bd6c086daa447c4651605818287b9532d3d0bd435?s=96&d=mm&r=g\",\"contentUrl\":\"https:\\\/\\\/secure.gravatar.com\\\/avatar\\\/3a8de04a2656d44082be478bd6c086daa447c4651605818287b9532d3d0bd435?s=96&d=mm&r=g\",\"caption\":\"Lo viste en Los Pol\u00edticos\"},\"url\":\"https:\\\/\\\/lospoliticosveracruz.com\\\/?author=2\"}]}<\/script>\n<!-- \/ Yoast SEO plugin. -->","yoast_head_json":{"title":"SUCESI\u00d3N UV (13) - Los pol\u00edticos Veracruz","robots":{"index":"index","follow":"follow","max-snippet":"max-snippet:-1","max-image-preview":"max-image-preview:large","max-video-preview":"max-video-preview:-1"},"canonical":"https:\/\/lospoliticosveracruz.com\/?p=147173","og_locale":"es_ES","og_type":"article","og_title":"SUCESI\u00d3N UV (13) - Los pol\u00edticos Veracruz","og_description":"\u2002\u2002\u00danete a nuestro canal \u00a1LOS POL\u00cdTICOS VERACRUZ\u00a0ya est\u00e1 en WhatsApp! Sergio Gonz\u00e1lez LevetSin tacto Algunas fuentes confiables me dicen que parece que la doctora Jaqueline Jongitud Zamora fue quien concibi\u00f3 el falso atajo para que Mart\u00edn Aguilar repita como Rector de la Universidad Veracruzana sin contrincante enfrente. Cuando en el pasado Consejo Universitario, la mayor\u00eda [&hellip;]","og_url":"https:\/\/lospoliticosveracruz.com\/?p=147173","og_site_name":"Los pol\u00edticos Veracruz","article_publisher":"https:\/\/www.facebook.com\/people\/Notimemes-de-los-Polticos\/61565672886568\/","article_published_time":"2025-06-16T14:59:32+00:00","article_modified_time":"2025-06-16T14:59:46+00:00","og_image":[{"width":1250,"height":667,"url":"https:\/\/lospoliticosveracruz.com\/wp-content\/uploads\/2025\/04\/Levet.jpg","type":"image\/jpeg"}],"author":"Lo viste en Los Pol\u00edticos","twitter_card":"summary_large_image","twitter_creator":"@LosPoliticosVer","twitter_site":"@LosPoliticosVer","twitter_misc":{"Escrito por":"Lo viste en Los Pol\u00edticos","Tiempo de lectura":"3 minutos"},"schema":{"@context":"https:\/\/schema.org","@graph":[{"@type":"Article","@id":"https:\/\/lospoliticosveracruz.com\/?p=147173#article","isPartOf":{"@id":"https:\/\/lospoliticosveracruz.com\/?p=147173"},"author":{"name":"Lo viste en Los Pol\u00edticos","@id":"https:\/\/lospoliticosveracruz.com\/#\/schema\/person\/b8702bb0e538456e6efd07080bf2a4a2"},"headline":"SUCESI\u00d3N UV (13)","datePublished":"2025-06-16T14:59:32+00:00","dateModified":"2025-06-16T14:59:46+00:00","mainEntityOfPage":{"@id":"https:\/\/lospoliticosveracruz.com\/?p=147173"},"wordCount":114,"publisher":{"@id":"https:\/\/lospoliticosveracruz.com\/#organization"},"image":{"@id":"https:\/\/lospoliticosveracruz.com\/?p=147173#primaryimage"},"thumbnailUrl":"https:\/\/lospoliticosveracruz.com\/wp-content\/uploads\/2025\/04\/Levet-e1773931000156.jpg","articleSection":["De Opini\u00f3n"],"inLanguage":"es"},{"@type":"WebPage","@id":"https:\/\/lospoliticosveracruz.com\/?p=147173","url":"https:\/\/lospoliticosveracruz.com\/?p=147173","name":"SUCESI\u00d3N UV (13) - Los pol\u00edticos Veracruz","isPartOf":{"@id":"https:\/\/lospoliticosveracruz.com\/#website"},"primaryImageOfPage":{"@id":"https:\/\/lospoliticosveracruz.com\/?p=147173#primaryimage"},"image":{"@id":"https:\/\/lospoliticosveracruz.com\/?p=147173#primaryimage"},"thumbnailUrl":"https:\/\/lospoliticosveracruz.com\/wp-content\/uploads\/2025\/04\/Levet-e1773931000156.jpg","datePublished":"2025-06-16T14:59:32+00:00","dateModified":"2025-06-16T14:59:46+00:00","breadcrumb":{"@id":"https:\/\/lospoliticosveracruz.com\/?p=147173#breadcrumb"},"inLanguage":"es","potentialAction":[{"@type":"ReadAction","target":["https:\/\/lospoliticosveracruz.com\/?p=147173"]}]},{"@type":"ImageObject","inLanguage":"es","@id":"https:\/\/lospoliticosveracruz.com\/?p=147173#primaryimage","url":"https:\/\/lospoliticosveracruz.com\/wp-content\/uploads\/2025\/04\/Levet-e1773931000156.jpg","contentUrl":"https:\/\/lospoliticosveracruz.com\/wp-content\/uploads\/2025\/04\/Levet-e1773931000156.jpg","width":600,"height":320},{"@type":"BreadcrumbList","@id":"https:\/\/lospoliticosveracruz.com\/?p=147173#breadcrumb","itemListElement":[{"@type":"ListItem","position":1,"name":"Portada","item":"https:\/\/lospoliticosveracruz.com\/"},{"@type":"ListItem","position":2,"name":"SUCESI\u00d3N UV (13)"}]},{"@type":"WebSite","@id":"https:\/\/lospoliticosveracruz.com\/#website","url":"https:\/\/lospoliticosveracruz.com\/","name":"Los pol\u00edticos Veracruz","description":"","publisher":{"@id":"https:\/\/lospoliticosveracruz.com\/#organization"},"potentialAction":[{"@type":"SearchAction","target":{"@type":"EntryPoint","urlTemplate":"https:\/\/lospoliticosveracruz.com\/?s={search_term_string}"},"query-input":{"@type":"PropertyValueSpecification","valueRequired":true,"valueName":"search_term_string"}}],"inLanguage":"es"},{"@type":"Organization","@id":"https:\/\/lospoliticosveracruz.com\/#organization","name":"Los pol\u00edticos Veracruz","url":"https:\/\/lospoliticosveracruz.com\/","logo":{"@type":"ImageObject","inLanguage":"es","@id":"https:\/\/lospoliticosveracruz.com\/#\/schema\/logo\/image\/","url":"https:\/\/lospoliticosveracruz.com\/wp-content\/uploads\/2025\/12\/Logo-Nuevo-LOS-POLITICOS-1.jpg","contentUrl":"https:\/\/lospoliticosveracruz.com\/wp-content\/uploads\/2025\/12\/Logo-Nuevo-LOS-POLITICOS-1.jpg","width":260,"height":70,"caption":"Los pol\u00edticos Veracruz"},"image":{"@id":"https:\/\/lospoliticosveracruz.com\/#\/schema\/logo\/image\/"},"sameAs":["https:\/\/www.facebook.com\/people\/Notimemes-de-los-Polticos\/61565672886568\/","https:\/\/x.com\/LosPoliticosVer"]},{"@type":"Person","@id":"https:\/\/lospoliticosveracruz.com\/#\/schema\/person\/b8702bb0e538456e6efd07080bf2a4a2","name":"Lo viste en Los Pol\u00edticos","image":{"@type":"ImageObject","inLanguage":"es","@id":"https:\/\/secure.gravatar.com\/avatar\/3a8de04a2656d44082be478bd6c086daa447c4651605818287b9532d3d0bd435?s=96&d=mm&r=g","url":"https:\/\/secure.gravatar.com\/avatar\/3a8de04a2656d44082be478bd6c086daa447c4651605818287b9532d3d0bd435?s=96&d=mm&r=g","contentUrl":"https:\/\/secure.gravatar.com\/avatar\/3a8de04a2656d44082be478bd6c086daa447c4651605818287b9532d3d0bd435?s=96&d=mm&r=g","caption":"Lo viste en Los Pol\u00edticos"},"url":"https:\/\/lospoliticosveracruz.com\/?author=2"}]}},"_links":{"self":[{"href":"https:\/\/lospoliticosveracruz.com\/index.php?rest_route=\/wp\/v2\/posts\/147173","targetHints":{"allow":["GET"]}}],"collection":[{"href":"https:\/\/lospoliticosveracruz.com\/index.php?rest_route=\/wp\/v2\/posts"}],"about":[{"href":"https:\/\/lospoliticosveracruz.com\/index.php?rest_route=\/wp\/v2\/types\/post"}],"author":[{"embeddable":true,"href":"https:\/\/lospoliticosveracruz.com\/index.php?rest_route=\/wp\/v2\/users\/2"}],"replies":[{"embeddable":true,"href":"https:\/\/lospoliticosveracruz.com\/index.php?rest_route=%2Fwp%2Fv2%2Fcomments&post=147173"}],"version-history":[{"count":1,"href":"https:\/\/lospoliticosveracruz.com\/index.php?rest_route=\/wp\/v2\/posts\/147173\/revisions"}],"predecessor-version":[{"id":147174,"href":"https:\/\/lospoliticosveracruz.com\/index.php?rest_route=\/wp\/v2\/posts\/147173\/revisions\/147174"}],"wp:featuredmedia":[{"embeddable":true,"href":"https:\/\/lospoliticosveracruz.com\/index.php?rest_route=\/wp\/v2\/media\/141432"}],"wp:attachment":[{"href":"https:\/\/lospoliticosveracruz.com\/index.php?rest_route=%2Fwp%2Fv2%2Fmedia&parent=147173"}],"wp:term":[{"taxonomy":"category","embeddable":true,"href":"https:\/\/lospoliticosveracruz.com\/index.php?rest_route=%2Fwp%2Fv2%2Fcategories&post=147173"},{"taxonomy":"post_tag","embeddable":true,"href":"https:\/\/lospoliticosveracruz.com\/index.php?rest_route=%2Fwp%2Fv2%2Ftags&post=147173"}],"curies":[{"name":"wp","href":"https:\/\/api.w.org\/{rel}","templated":true}]}}