{"id":147353,"date":"2025-06-18T14:21:17","date_gmt":"2025-06-18T19:21:17","guid":{"rendered":"https:\/\/lospoliticosveracruz.com.mx\/?p=147353"},"modified":"2025-06-18T14:21:33","modified_gmt":"2025-06-18T19:21:33","slug":"la-eleccion-judicial","status":"publish","type":"post","link":"https:\/\/lospoliticosveracruz.com\/?p=147353","title":{"rendered":"LA ELECCI\u00d3N JUDICIAL"},"content":{"rendered":"\n<p><\/p>\n\n\n\n\n\n<p><br><strong>Mara Iliana Cruz Pastrana<\/strong><\/p>\n\n\n\n<p>La elecci\u00f3n judicial es un proceso fundamental en la administraci\u00f3n de justicia en cualquier pa\u00eds y M\u00e9xico no es la excepci\u00f3n. En nuestro Estado de Veracruz, esta elecci\u00f3n ha sido un tema de gran relevancia.<br>La elecci\u00f3n judicial es un proceso que permite a los ciudadanos elegir a juezas y jueces, magistrados y magistradas, ministras y ministros que ser\u00e1n quienes administrar\u00e1n justicia en su nombre. Este proceso es fundamental para garantizar que la justicia sea impartida de manera imparcial y transparente. En Veracruz, la elecci\u00f3n judicial ha sido un tema de gran debate y discusi\u00f3n, ya que se busca garantizar que las y los integrantes de los juzgados y tribunales sean elegidos de manera democr\u00e1tica y que respondan a las necesidades y expectativas de la ciudadan\u00eda.<br>Propuestas y Perspectivas que podr\u00edan ser consideradas para mejorar el funcionamiento y la eficiencia del Poder Judicial de Veracruz:<\/p>\n\n\n\n<ul class=\"wp-block-list\">\n<li>Incorporar tecnolog\u00edas como la inteligencia artificial, el \u201cblockchain\u201d que es una tecnolog\u00eda de registro distribuido que permite almacenamiento seguro de la informaci\u00f3n, una especie de libro digital que agrupa los datos en bloques y estos se encuentran enlazados criptogr\u00e1ficamente en una cadena inmutable a prueba de manipulaciones, lo que permitir\u00eda mejorar la eficiencia y la transparencia en la administraci\u00f3n de justicia.<\/li>\n\n\n\n<li>Ofrecer programas de capacitaci\u00f3n y formaci\u00f3n continua para todas y todos los juzgadores y para todo el personal del Poder Judicial, con el fin de mejorar su capacidad para resolver casos complejos y garantizar la justicia.<\/li>\n\n\n\n<li>Fomentar la participaci\u00f3n ciudadana en la administraci\u00f3n de justicia, a trav\u00e9s de mecanismos como la consulta p\u00fablica y la colaboraci\u00f3n con organizaciones de la sociedad civil.<\/li>\n\n\n\n<li>Implementar mecanismos de transparencia y rendici\u00f3n de cuentas para garantizar la confianza de la ciudadan\u00eda en el Poder Judicial.<\/li>\n\n\n\n<li>Implementar programas y servicios para garantizar el acceso a la justicia para todos los ciudadanos, especialmente para aquellos que se encuentran en situaci\u00f3n de vulnerabilidad.<\/li>\n\n\n\n<li>La colaboraci\u00f3n entre el Poder Judicial y otras instituciones, como la Fiscal\u00eda y la Polic\u00eda, podr\u00eda mejorar la eficacia en la persecuci\u00f3n del delito y la protecci\u00f3n de los derechos ciudadanos.<\/li>\n\n\n\n<li>La innovaci\u00f3n y la mejora continua en la administraci\u00f3n de justicia podr\u00edan permitir al Poder Judicial de Veracruz mantenerse a la vanguardia en la protecci\u00f3n de los derechos ciudadanos y la garant\u00eda de la justicia.<br>El Poder Judicial de Veracruz enfrenta desaf\u00edos y oportunidades importantes en el futuro. La colaboraci\u00f3n interinstitucional, la capacitaci\u00f3n y especializaci\u00f3n, y la innovaci\u00f3n y mejora continua tambi\u00e9n son fundamentales para garantizar la justicia y proteger los derechos de la ciudadan\u00eda.<\/li>\n<\/ul>\n","protected":false},"excerpt":{"rendered":"<p>Mara Iliana Cruz Pastrana La elecci\u00f3n judicial es un proceso fundamental en la administraci\u00f3n de justicia en cualquier pa\u00eds y M\u00e9xico no es la excepci\u00f3n. En nuestro Estado de Veracruz, esta elecci\u00f3n ha sido un tema de gran relevancia.La elecci\u00f3n judicial es un proceso que permite a los ciudadanos elegir a juezas y jueces, magistrados [&hellip;]<\/p>\n","protected":false},"author":2,"featured_media":141401,"comment_status":"closed","ping_status":"closed","sticky":false,"template":"","format":"standard","meta":{"tdm_status":"","tdm_grid_status":"","footnotes":""},"categories":[70],"tags":[42836],"class_list":{"0":"post-147353","1":"post","2":"type-post","3":"status-publish","4":"format-standard","5":"has-post-thumbnail","7":"category-de-opinion","8":"tag-mara-iliana-cruz-pastrana"},"yoast_head":"<!-- This site is optimized with the Yoast SEO plugin v27.4 - https:\/\/yoast.com\/product\/yoast-seo-wordpress\/ -->\n<title>LA ELECCI\u00d3N JUDICIAL - Los pol\u00edticos Veracruz<\/title>\n<meta name=\"robots\" content=\"index, follow, max-snippet:-1, max-image-preview:large, max-video-preview:-1\" \/>\n<link rel=\"canonical\" href=\"https:\/\/lospoliticosveracruz.com\/?p=147353\" \/>\n<meta property=\"og:locale\" content=\"es_ES\" \/>\n<meta property=\"og:type\" content=\"article\" \/>\n<meta property=\"og:title\" content=\"LA ELECCI\u00d3N JUDICIAL - Los pol\u00edticos Veracruz\" \/>\n<meta property=\"og:description\" content=\"Mara Iliana Cruz Pastrana La elecci\u00f3n judicial es un proceso fundamental en la administraci\u00f3n de justicia en cualquier pa\u00eds y M\u00e9xico no es la excepci\u00f3n. En nuestro Estado de Veracruz, esta elecci\u00f3n ha sido un tema de gran relevancia.La elecci\u00f3n judicial es un proceso que permite a los ciudadanos elegir a juezas y jueces, magistrados [&hellip;]\" \/>\n<meta property=\"og:url\" content=\"https:\/\/lospoliticosveracruz.com\/?p=147353\" \/>\n<meta property=\"og:site_name\" content=\"Los pol\u00edticos Veracruz\" \/>\n<meta property=\"article:publisher\" content=\"https:\/\/www.facebook.com\/people\/Notimemes-de-los-Polticos\/61565672886568\/\" \/>\n<meta property=\"article:published_time\" content=\"2025-06-18T19:21:17+00:00\" \/>\n<meta property=\"article:modified_time\" content=\"2025-06-18T19:21:33+00:00\" \/>\n<meta property=\"og:image\" content=\"https:\/\/lospoliticosveracruz.com\/wp-content\/uploads\/2025\/04\/Mara-Cruz-Pastrana.jpg\" \/>\n\t<meta property=\"og:image:width\" content=\"1250\" \/>\n\t<meta property=\"og:image:height\" content=\"667\" \/>\n\t<meta property=\"og:image:type\" content=\"image\/jpeg\" \/>\n<meta name=\"author\" content=\"Lo viste en Los Pol\u00edticos\" \/>\n<meta name=\"twitter:card\" content=\"summary_large_image\" \/>\n<meta name=\"twitter:creator\" content=\"@LosPoliticosVer\" \/>\n<meta name=\"twitter:site\" content=\"@LosPoliticosVer\" \/>\n<meta name=\"twitter:label1\" content=\"Escrito por\" \/>\n\t<meta name=\"twitter:data1\" content=\"Lo viste en Los Pol\u00edticos\" \/>\n\t<meta name=\"twitter:label2\" content=\"Tiempo de lectura\" \/>\n\t<meta name=\"twitter:data2\" content=\"2 minutos\" \/>\n<script type=\"application\/ld+json\" class=\"yoast-schema-graph\">{\"@context\":\"https:\\\/\\\/schema.org\",\"@graph\":[{\"@type\":\"Article\",\"@id\":\"https:\\\/\\\/lospoliticosveracruz.com\\\/?p=147353#article\",\"isPartOf\":{\"@id\":\"https:\\\/\\\/lospoliticosveracruz.com\\\/?p=147353\"},\"author\":{\"name\":\"Lo viste en Los Pol\u00edticos\",\"@id\":\"https:\\\/\\\/lospoliticosveracruz.com\\\/#\\\/schema\\\/person\\\/b8702bb0e538456e6efd07080bf2a4a2\"},\"headline\":\"LA ELECCI\u00d3N JUDICIAL\",\"datePublished\":\"2025-06-18T19:21:17+00:00\",\"dateModified\":\"2025-06-18T19:21:33+00:00\",\"mainEntityOfPage\":{\"@id\":\"https:\\\/\\\/lospoliticosveracruz.com\\\/?p=147353\"},\"wordCount\":474,\"publisher\":{\"@id\":\"https:\\\/\\\/lospoliticosveracruz.com\\\/#organization\"},\"image\":{\"@id\":\"https:\\\/\\\/lospoliticosveracruz.com\\\/?p=147353#primaryimage\"},\"thumbnailUrl\":\"https:\\\/\\\/lospoliticosveracruz.com\\\/wp-content\\\/uploads\\\/2025\\\/04\\\/Mara-Cruz-Pastrana.jpg\",\"keywords\":[\"Mara Iliana Cruz Pastrana\"],\"articleSection\":[\"De Opini\u00f3n\"],\"inLanguage\":\"es\"},{\"@type\":\"WebPage\",\"@id\":\"https:\\\/\\\/lospoliticosveracruz.com\\\/?p=147353\",\"url\":\"https:\\\/\\\/lospoliticosveracruz.com\\\/?p=147353\",\"name\":\"LA ELECCI\u00d3N JUDICIAL - Los pol\u00edticos Veracruz\",\"isPartOf\":{\"@id\":\"https:\\\/\\\/lospoliticosveracruz.com\\\/#website\"},\"primaryImageOfPage\":{\"@id\":\"https:\\\/\\\/lospoliticosveracruz.com\\\/?p=147353#primaryimage\"},\"image\":{\"@id\":\"https:\\\/\\\/lospoliticosveracruz.com\\\/?p=147353#primaryimage\"},\"thumbnailUrl\":\"https:\\\/\\\/lospoliticosveracruz.com\\\/wp-content\\\/uploads\\\/2025\\\/04\\\/Mara-Cruz-Pastrana.jpg\",\"datePublished\":\"2025-06-18T19:21:17+00:00\",\"dateModified\":\"2025-06-18T19:21:33+00:00\",\"breadcrumb\":{\"@id\":\"https:\\\/\\\/lospoliticosveracruz.com\\\/?p=147353#breadcrumb\"},\"inLanguage\":\"es\",\"potentialAction\":[{\"@type\":\"ReadAction\",\"target\":[\"https:\\\/\\\/lospoliticosveracruz.com\\\/?p=147353\"]}]},{\"@type\":\"ImageObject\",\"inLanguage\":\"es\",\"@id\":\"https:\\\/\\\/lospoliticosveracruz.com\\\/?p=147353#primaryimage\",\"url\":\"https:\\\/\\\/lospoliticosveracruz.com\\\/wp-content\\\/uploads\\\/2025\\\/04\\\/Mara-Cruz-Pastrana.jpg\",\"contentUrl\":\"https:\\\/\\\/lospoliticosveracruz.com\\\/wp-content\\\/uploads\\\/2025\\\/04\\\/Mara-Cruz-Pastrana.jpg\",\"width\":1250,\"height\":667},{\"@type\":\"BreadcrumbList\",\"@id\":\"https:\\\/\\\/lospoliticosveracruz.com\\\/?p=147353#breadcrumb\",\"itemListElement\":[{\"@type\":\"ListItem\",\"position\":1,\"name\":\"Portada\",\"item\":\"https:\\\/\\\/lospoliticosveracruz.com\\\/\"},{\"@type\":\"ListItem\",\"position\":2,\"name\":\"LA ELECCI\u00d3N JUDICIAL\"}]},{\"@type\":\"WebSite\",\"@id\":\"https:\\\/\\\/lospoliticosveracruz.com\\\/#website\",\"url\":\"https:\\\/\\\/lospoliticosveracruz.com\\\/\",\"name\":\"Los pol\u00edticos Veracruz\",\"description\":\"\",\"publisher\":{\"@id\":\"https:\\\/\\\/lospoliticosveracruz.com\\\/#organization\"},\"potentialAction\":[{\"@type\":\"SearchAction\",\"target\":{\"@type\":\"EntryPoint\",\"urlTemplate\":\"https:\\\/\\\/lospoliticosveracruz.com\\\/?s={search_term_string}\"},\"query-input\":{\"@type\":\"PropertyValueSpecification\",\"valueRequired\":true,\"valueName\":\"search_term_string\"}}],\"inLanguage\":\"es\"},{\"@type\":\"Organization\",\"@id\":\"https:\\\/\\\/lospoliticosveracruz.com\\\/#organization\",\"name\":\"Los pol\u00edticos Veracruz\",\"url\":\"https:\\\/\\\/lospoliticosveracruz.com\\\/\",\"logo\":{\"@type\":\"ImageObject\",\"inLanguage\":\"es\",\"@id\":\"https:\\\/\\\/lospoliticosveracruz.com\\\/#\\\/schema\\\/logo\\\/image\\\/\",\"url\":\"https:\\\/\\\/lospoliticosveracruz.com\\\/wp-content\\\/uploads\\\/2025\\\/12\\\/Logo-Nuevo-LOS-POLITICOS-1.jpg\",\"contentUrl\":\"https:\\\/\\\/lospoliticosveracruz.com\\\/wp-content\\\/uploads\\\/2025\\\/12\\\/Logo-Nuevo-LOS-POLITICOS-1.jpg\",\"width\":260,\"height\":70,\"caption\":\"Los pol\u00edticos Veracruz\"},\"image\":{\"@id\":\"https:\\\/\\\/lospoliticosveracruz.com\\\/#\\\/schema\\\/logo\\\/image\\\/\"},\"sameAs\":[\"https:\\\/\\\/www.facebook.com\\\/people\\\/Notimemes-de-los-Polticos\\\/61565672886568\\\/\",\"https:\\\/\\\/x.com\\\/LosPoliticosVer\"]},{\"@type\":\"Person\",\"@id\":\"https:\\\/\\\/lospoliticosveracruz.com\\\/#\\\/schema\\\/person\\\/b8702bb0e538456e6efd07080bf2a4a2\",\"name\":\"Lo viste en Los Pol\u00edticos\",\"image\":{\"@type\":\"ImageObject\",\"inLanguage\":\"es\",\"@id\":\"https:\\\/\\\/secure.gravatar.com\\\/avatar\\\/3a8de04a2656d44082be478bd6c086daa447c4651605818287b9532d3d0bd435?s=96&d=mm&r=g\",\"url\":\"https:\\\/\\\/secure.gravatar.com\\\/avatar\\\/3a8de04a2656d44082be478bd6c086daa447c4651605818287b9532d3d0bd435?s=96&d=mm&r=g\",\"contentUrl\":\"https:\\\/\\\/secure.gravatar.com\\\/avatar\\\/3a8de04a2656d44082be478bd6c086daa447c4651605818287b9532d3d0bd435?s=96&d=mm&r=g\",\"caption\":\"Lo viste en Los Pol\u00edticos\"},\"url\":\"https:\\\/\\\/lospoliticosveracruz.com\\\/?author=2\"}]}<\/script>\n<!-- \/ Yoast SEO plugin. -->","yoast_head_json":{"title":"LA ELECCI\u00d3N JUDICIAL - Los pol\u00edticos Veracruz","robots":{"index":"index","follow":"follow","max-snippet":"max-snippet:-1","max-image-preview":"max-image-preview:large","max-video-preview":"max-video-preview:-1"},"canonical":"https:\/\/lospoliticosveracruz.com\/?p=147353","og_locale":"es_ES","og_type":"article","og_title":"LA ELECCI\u00d3N JUDICIAL - Los pol\u00edticos Veracruz","og_description":"Mara Iliana Cruz Pastrana La elecci\u00f3n judicial es un proceso fundamental en la administraci\u00f3n de justicia en cualquier pa\u00eds y M\u00e9xico no es la excepci\u00f3n. En nuestro Estado de Veracruz, esta elecci\u00f3n ha sido un tema de gran relevancia.La elecci\u00f3n judicial es un proceso que permite a los ciudadanos elegir a juezas y jueces, magistrados [&hellip;]","og_url":"https:\/\/lospoliticosveracruz.com\/?p=147353","og_site_name":"Los pol\u00edticos Veracruz","article_publisher":"https:\/\/www.facebook.com\/people\/Notimemes-de-los-Polticos\/61565672886568\/","article_published_time":"2025-06-18T19:21:17+00:00","article_modified_time":"2025-06-18T19:21:33+00:00","og_image":[{"width":1250,"height":667,"url":"https:\/\/lospoliticosveracruz.com\/wp-content\/uploads\/2025\/04\/Mara-Cruz-Pastrana.jpg","type":"image\/jpeg"}],"author":"Lo viste en Los Pol\u00edticos","twitter_card":"summary_large_image","twitter_creator":"@LosPoliticosVer","twitter_site":"@LosPoliticosVer","twitter_misc":{"Escrito por":"Lo viste en Los Pol\u00edticos","Tiempo de lectura":"2 minutos"},"schema":{"@context":"https:\/\/schema.org","@graph":[{"@type":"Article","@id":"https:\/\/lospoliticosveracruz.com\/?p=147353#article","isPartOf":{"@id":"https:\/\/lospoliticosveracruz.com\/?p=147353"},"author":{"name":"Lo viste en Los Pol\u00edticos","@id":"https:\/\/lospoliticosveracruz.com\/#\/schema\/person\/b8702bb0e538456e6efd07080bf2a4a2"},"headline":"LA ELECCI\u00d3N JUDICIAL","datePublished":"2025-06-18T19:21:17+00:00","dateModified":"2025-06-18T19:21:33+00:00","mainEntityOfPage":{"@id":"https:\/\/lospoliticosveracruz.com\/?p=147353"},"wordCount":474,"publisher":{"@id":"https:\/\/lospoliticosveracruz.com\/#organization"},"image":{"@id":"https:\/\/lospoliticosveracruz.com\/?p=147353#primaryimage"},"thumbnailUrl":"https:\/\/lospoliticosveracruz.com\/wp-content\/uploads\/2025\/04\/Mara-Cruz-Pastrana.jpg","keywords":["Mara Iliana Cruz Pastrana"],"articleSection":["De Opini\u00f3n"],"inLanguage":"es"},{"@type":"WebPage","@id":"https:\/\/lospoliticosveracruz.com\/?p=147353","url":"https:\/\/lospoliticosveracruz.com\/?p=147353","name":"LA ELECCI\u00d3N JUDICIAL - Los pol\u00edticos Veracruz","isPartOf":{"@id":"https:\/\/lospoliticosveracruz.com\/#website"},"primaryImageOfPage":{"@id":"https:\/\/lospoliticosveracruz.com\/?p=147353#primaryimage"},"image":{"@id":"https:\/\/lospoliticosveracruz.com\/?p=147353#primaryimage"},"thumbnailUrl":"https:\/\/lospoliticosveracruz.com\/wp-content\/uploads\/2025\/04\/Mara-Cruz-Pastrana.jpg","datePublished":"2025-06-18T19:21:17+00:00","dateModified":"2025-06-18T19:21:33+00:00","breadcrumb":{"@id":"https:\/\/lospoliticosveracruz.com\/?p=147353#breadcrumb"},"inLanguage":"es","potentialAction":[{"@type":"ReadAction","target":["https:\/\/lospoliticosveracruz.com\/?p=147353"]}]},{"@type":"ImageObject","inLanguage":"es","@id":"https:\/\/lospoliticosveracruz.com\/?p=147353#primaryimage","url":"https:\/\/lospoliticosveracruz.com\/wp-content\/uploads\/2025\/04\/Mara-Cruz-Pastrana.jpg","contentUrl":"https:\/\/lospoliticosveracruz.com\/wp-content\/uploads\/2025\/04\/Mara-Cruz-Pastrana.jpg","width":1250,"height":667},{"@type":"BreadcrumbList","@id":"https:\/\/lospoliticosveracruz.com\/?p=147353#breadcrumb","itemListElement":[{"@type":"ListItem","position":1,"name":"Portada","item":"https:\/\/lospoliticosveracruz.com\/"},{"@type":"ListItem","position":2,"name":"LA ELECCI\u00d3N JUDICIAL"}]},{"@type":"WebSite","@id":"https:\/\/lospoliticosveracruz.com\/#website","url":"https:\/\/lospoliticosveracruz.com\/","name":"Los pol\u00edticos Veracruz","description":"","publisher":{"@id":"https:\/\/lospoliticosveracruz.com\/#organization"},"potentialAction":[{"@type":"SearchAction","target":{"@type":"EntryPoint","urlTemplate":"https:\/\/lospoliticosveracruz.com\/?s={search_term_string}"},"query-input":{"@type":"PropertyValueSpecification","valueRequired":true,"valueName":"search_term_string"}}],"inLanguage":"es"},{"@type":"Organization","@id":"https:\/\/lospoliticosveracruz.com\/#organization","name":"Los pol\u00edticos Veracruz","url":"https:\/\/lospoliticosveracruz.com\/","logo":{"@type":"ImageObject","inLanguage":"es","@id":"https:\/\/lospoliticosveracruz.com\/#\/schema\/logo\/image\/","url":"https:\/\/lospoliticosveracruz.com\/wp-content\/uploads\/2025\/12\/Logo-Nuevo-LOS-POLITICOS-1.jpg","contentUrl":"https:\/\/lospoliticosveracruz.com\/wp-content\/uploads\/2025\/12\/Logo-Nuevo-LOS-POLITICOS-1.jpg","width":260,"height":70,"caption":"Los pol\u00edticos Veracruz"},"image":{"@id":"https:\/\/lospoliticosveracruz.com\/#\/schema\/logo\/image\/"},"sameAs":["https:\/\/www.facebook.com\/people\/Notimemes-de-los-Polticos\/61565672886568\/","https:\/\/x.com\/LosPoliticosVer"]},{"@type":"Person","@id":"https:\/\/lospoliticosveracruz.com\/#\/schema\/person\/b8702bb0e538456e6efd07080bf2a4a2","name":"Lo viste en Los Pol\u00edticos","image":{"@type":"ImageObject","inLanguage":"es","@id":"https:\/\/secure.gravatar.com\/avatar\/3a8de04a2656d44082be478bd6c086daa447c4651605818287b9532d3d0bd435?s=96&d=mm&r=g","url":"https:\/\/secure.gravatar.com\/avatar\/3a8de04a2656d44082be478bd6c086daa447c4651605818287b9532d3d0bd435?s=96&d=mm&r=g","contentUrl":"https:\/\/secure.gravatar.com\/avatar\/3a8de04a2656d44082be478bd6c086daa447c4651605818287b9532d3d0bd435?s=96&d=mm&r=g","caption":"Lo viste en Los Pol\u00edticos"},"url":"https:\/\/lospoliticosveracruz.com\/?author=2"}]}},"_links":{"self":[{"href":"https:\/\/lospoliticosveracruz.com\/index.php?rest_route=\/wp\/v2\/posts\/147353","targetHints":{"allow":["GET"]}}],"collection":[{"href":"https:\/\/lospoliticosveracruz.com\/index.php?rest_route=\/wp\/v2\/posts"}],"about":[{"href":"https:\/\/lospoliticosveracruz.com\/index.php?rest_route=\/wp\/v2\/types\/post"}],"author":[{"embeddable":true,"href":"https:\/\/lospoliticosveracruz.com\/index.php?rest_route=\/wp\/v2\/users\/2"}],"replies":[{"embeddable":true,"href":"https:\/\/lospoliticosveracruz.com\/index.php?rest_route=%2Fwp%2Fv2%2Fcomments&post=147353"}],"version-history":[{"count":1,"href":"https:\/\/lospoliticosveracruz.com\/index.php?rest_route=\/wp\/v2\/posts\/147353\/revisions"}],"predecessor-version":[{"id":147354,"href":"https:\/\/lospoliticosveracruz.com\/index.php?rest_route=\/wp\/v2\/posts\/147353\/revisions\/147354"}],"wp:featuredmedia":[{"embeddable":true,"href":"https:\/\/lospoliticosveracruz.com\/index.php?rest_route=\/wp\/v2\/media\/141401"}],"wp:attachment":[{"href":"https:\/\/lospoliticosveracruz.com\/index.php?rest_route=%2Fwp%2Fv2%2Fmedia&parent=147353"}],"wp:term":[{"taxonomy":"category","embeddable":true,"href":"https:\/\/lospoliticosveracruz.com\/index.php?rest_route=%2Fwp%2Fv2%2Fcategories&post=147353"},{"taxonomy":"post_tag","embeddable":true,"href":"https:\/\/lospoliticosveracruz.com\/index.php?rest_route=%2Fwp%2Fv2%2Ftags&post=147353"}],"curies":[{"name":"wp","href":"https:\/\/api.w.org\/{rel}","templated":true}]}}