{"id":147409,"date":"2025-06-19T17:34:02","date_gmt":"2025-06-19T22:34:02","guid":{"rendered":"https:\/\/lospoliticosveracruz.com.mx\/?p=147409"},"modified":"2025-06-19T19:25:12","modified_gmt":"2025-06-20T00:25:12","slug":"coatepec-y-xico-a-lo-silvio-rodriguez","status":"publish","type":"post","link":"https:\/\/lospoliticosveracruz.com\/?p=147409","title":{"rendered":"COATEPEC Y XICO A LO SILVIO RODR\u00cdGUEZ"},"content":{"rendered":"\n\n\n<p><strong>Salvador Mu\u00f1oz<br><\/strong><em>Los Pol\u00edticos<\/em><\/p>\n\n\n\n<p>\u00bfQu\u00e9 tienen en com\u00fan Coatepec y Xico? Adem\u00e1s de ser Pueblos M\u00e1gicos, tienen algunas coincidencias pol\u00edticas curiosas.<br>Tanto Raymundo Andrade como Luis Yoval Maldonado contendieron por las presidencias municipales de Coatepec y Xico en las elecciones del 2017\u2026 el primero perdi\u00f3 contra Enrique Fern\u00e1ndez Peredo del PAN; el segundo, contra la molera Gloria Galv\u00e1n.<br>No es s\u00f3lo eso\u2026<br>Cuatro a\u00f1os despu\u00e9s, tanto Raymundo Andrade como Luis Yoval volvieron a contender por el mismo cargo en sus respectivos municipios, pero ahora s\u00ed ganaron\u2026<br>Quiere otra coincidencia m\u00e1s?<br>En esta reciente elecci\u00f3n, ni Raymundo Andrade ni Luis Yoval construyeron un proyecto en aras de darle continuidad a su gesti\u00f3n municipal\u2026 \u00bfacaso porque no se ven m\u00e1s all\u00e1 de su administraci\u00f3n?<br>Bueno, siendo sinceros, Raymundo Andrade, alcalde de Coatepec, estuvo siempre sujeto a los dict\u00e1menes de su jefe pol\u00edtico, Eric \u201cBola 8\u201d Cisneros. En cuanto el nativo de la Cuencalifornia de Cosamaloapan se desinfl\u00f3, cualquier aspiraci\u00f3n que tuviera Raymundo posterior al 2025, se extingui\u00f3\u2026<br>En el caso de Luis Yoval, cuentan los cronistas que cuando Morena se acerc\u00f3 a preguntarle de alg\u00fan proyecto, prospecto, gallo que impulsara, \u00e9ste respondi\u00f3: \u201c\u00bfA poco deb\u00eda de tener?\u201d<br>Como sea, pero hay un dato adicional que hace m\u00e1s coincidentes a estos dos alcaldes de Coatepec y Xico:<br>De 10 municipios que cuenta el distrito local de Coatepec, antes de las elecciones, seis estaban en manos de Morena (San Andr\u00e9s Tlalnelhuayocan, Banderilla, Acajete, Rafael Lucio, Coatepec y Xico); uno en el PT (Teocelo); dos en el PRI (Ixhuac\u00e1n de los Reyes y Ayahualulco) y MC ten\u00eda uno (Cosautl\u00e1n).<br>Pasadas las elecciones, Morena se qued\u00f3 con 4 municipios: Rafael Lucio, Ayahualulco, Coatepec y Xico.<br>Un par\u00e9ntesis: (Tanto Acajete como Rafael Lucio llegaron al poder v\u00eda RSP y luego chaquetearon para pasarse a Morena)<br>Luego entonces, se podr\u00eda decir que los \u00fanicos alcaldes morenos que dieron buenas cuentas en estas elecciones, fueron Raymundo Andrade y Yoval, para que de un modo u otro, estos dos Pueblos M\u00e1gicos sigan en manos del partido en el poder.<br>Pero si esto no fuera suficiente en las coincidencias entre estos dos alcaldes, les va la \u00faltima:<br>Raymundo en el 2021, gana con 14 mil y cacho de votos\u2026 hoy, Nacho Luna, alcalde electo de Coatepec, gana con 14 mil y cacho de votos\u2026<br>Luis Yoval, en el 2021, gana con 7 mil votos; hoy, con m\u00e1s de 8 mil votos gana Eduardo El Changuito Pozos.<br>Es decir, ambos alcaldes aplicaron la m\u00e1xima para cuando hay elecciones: Obtener m\u00e1s votos de los que se logr\u00f3 en la anterior elecci\u00f3n; o m\u00ednimo, mantenerlos.<br>Con esto, ya de plano uno ve haciendo un tr\u00edo a Silvio Rodr\u00edguez con Raymundo Andrade y Luis Yoval: Tantos siglos \/ tantos mundos \/ tanto espacio \/ Y coincidir\u2026<\/p>\n","protected":false},"excerpt":{"rendered":"<p>Salvador Mu\u00f1ozLos Pol\u00edticos \u00bfQu\u00e9 tienen en com\u00fan Coatepec y Xico? Adem\u00e1s de ser Pueblos M\u00e1gicos, tienen algunas coincidencias pol\u00edticas curiosas.Tanto Raymundo Andrade como Luis Yoval Maldonado contendieron por las presidencias municipales de Coatepec y Xico en las elecciones del 2017\u2026 el primero perdi\u00f3 contra Enrique Fern\u00e1ndez Peredo del PAN; el segundo, contra la molera Gloria [&hellip;]<\/p>\n","protected":false},"author":2,"featured_media":141805,"comment_status":"closed","ping_status":"closed","sticky":false,"template":"","format":"standard","meta":{"tdm_status":"","tdm_grid_status":"","footnotes":""},"categories":[70],"tags":[25099,330,13124,2646],"class_list":{"0":"post-147409","1":"post","2":"type-post","3":"status-publish","4":"format-standard","5":"has-post-thumbnail","7":"category-de-opinion","8":"tag-luis-yoval-maldonado","9":"tag-pueblos-magicos","10":"tag-raymundo-andrade","11":"tag-salvador-munoz"},"yoast_head":"<!-- This site is optimized with the Yoast SEO plugin v27.4 - https:\/\/yoast.com\/product\/yoast-seo-wordpress\/ -->\n<title>COATEPEC Y XICO A LO SILVIO RODR\u00cdGUEZ - Los pol\u00edticos Veracruz<\/title>\n<meta name=\"robots\" content=\"index, follow, max-snippet:-1, max-image-preview:large, max-video-preview:-1\" \/>\n<link rel=\"canonical\" href=\"https:\/\/lospoliticosveracruz.com\/?p=147409\" \/>\n<meta property=\"og:locale\" content=\"es_ES\" \/>\n<meta property=\"og:type\" content=\"article\" \/>\n<meta property=\"og:title\" content=\"COATEPEC Y XICO A LO SILVIO RODR\u00cdGUEZ - Los pol\u00edticos Veracruz\" \/>\n<meta property=\"og:description\" content=\"Salvador Mu\u00f1ozLos Pol\u00edticos \u00bfQu\u00e9 tienen en com\u00fan Coatepec y Xico? Adem\u00e1s de ser Pueblos M\u00e1gicos, tienen algunas coincidencias pol\u00edticas curiosas.Tanto Raymundo Andrade como Luis Yoval Maldonado contendieron por las presidencias municipales de Coatepec y Xico en las elecciones del 2017\u2026 el primero perdi\u00f3 contra Enrique Fern\u00e1ndez Peredo del PAN; el segundo, contra la molera Gloria [&hellip;]\" \/>\n<meta property=\"og:url\" content=\"https:\/\/lospoliticosveracruz.com\/?p=147409\" \/>\n<meta property=\"og:site_name\" content=\"Los pol\u00edticos Veracruz\" \/>\n<meta property=\"article:publisher\" content=\"https:\/\/www.facebook.com\/people\/Notimemes-de-los-Polticos\/61565672886568\/\" \/>\n<meta property=\"article:published_time\" content=\"2025-06-19T22:34:02+00:00\" \/>\n<meta property=\"article:modified_time\" content=\"2025-06-20T00:25:12+00:00\" \/>\n<meta property=\"og:image\" content=\"https:\/\/lospoliticosveracruz.com\/wp-content\/uploads\/2025\/04\/Chava-Munoz-1.jpg\" \/>\n\t<meta property=\"og:image:width\" content=\"1250\" \/>\n\t<meta property=\"og:image:height\" content=\"667\" \/>\n\t<meta property=\"og:image:type\" content=\"image\/jpeg\" \/>\n<meta name=\"author\" content=\"Lo viste en Los Pol\u00edticos\" \/>\n<meta name=\"twitter:card\" content=\"summary_large_image\" \/>\n<meta name=\"twitter:creator\" content=\"@LosPoliticosVer\" \/>\n<meta name=\"twitter:site\" content=\"@LosPoliticosVer\" \/>\n<meta name=\"twitter:label1\" content=\"Escrito por\" \/>\n\t<meta name=\"twitter:data1\" content=\"Lo viste en Los Pol\u00edticos\" \/>\n\t<meta name=\"twitter:label2\" content=\"Tiempo de lectura\" \/>\n\t<meta name=\"twitter:data2\" content=\"2 minutos\" \/>\n<script type=\"application\/ld+json\" class=\"yoast-schema-graph\">{\"@context\":\"https:\\\/\\\/schema.org\",\"@graph\":[{\"@type\":\"Article\",\"@id\":\"https:\\\/\\\/lospoliticosveracruz.com\\\/?p=147409#article\",\"isPartOf\":{\"@id\":\"https:\\\/\\\/lospoliticosveracruz.com\\\/?p=147409\"},\"author\":{\"name\":\"Lo viste en Los Pol\u00edticos\",\"@id\":\"https:\\\/\\\/lospoliticosveracruz.com\\\/#\\\/schema\\\/person\\\/b8702bb0e538456e6efd07080bf2a4a2\"},\"headline\":\"COATEPEC Y XICO A LO SILVIO RODR\u00cdGUEZ\",\"datePublished\":\"2025-06-19T22:34:02+00:00\",\"dateModified\":\"2025-06-20T00:25:12+00:00\",\"mainEntityOfPage\":{\"@id\":\"https:\\\/\\\/lospoliticosveracruz.com\\\/?p=147409\"},\"wordCount\":492,\"publisher\":{\"@id\":\"https:\\\/\\\/lospoliticosveracruz.com\\\/#organization\"},\"image\":{\"@id\":\"https:\\\/\\\/lospoliticosveracruz.com\\\/?p=147409#primaryimage\"},\"thumbnailUrl\":\"https:\\\/\\\/lospoliticosveracruz.com\\\/wp-content\\\/uploads\\\/2025\\\/04\\\/Chava-Munoz-1.jpg\",\"keywords\":[\"Luis Yoval Maldonado\",\"Pueblos M\u00e1gicos\",\"Raymundo Andrade\",\"Salvador Mu\u00f1oz\"],\"articleSection\":[\"De Opini\u00f3n\"],\"inLanguage\":\"es\"},{\"@type\":\"WebPage\",\"@id\":\"https:\\\/\\\/lospoliticosveracruz.com\\\/?p=147409\",\"url\":\"https:\\\/\\\/lospoliticosveracruz.com\\\/?p=147409\",\"name\":\"COATEPEC Y XICO A LO SILVIO RODR\u00cdGUEZ - Los pol\u00edticos Veracruz\",\"isPartOf\":{\"@id\":\"https:\\\/\\\/lospoliticosveracruz.com\\\/#website\"},\"primaryImageOfPage\":{\"@id\":\"https:\\\/\\\/lospoliticosveracruz.com\\\/?p=147409#primaryimage\"},\"image\":{\"@id\":\"https:\\\/\\\/lospoliticosveracruz.com\\\/?p=147409#primaryimage\"},\"thumbnailUrl\":\"https:\\\/\\\/lospoliticosveracruz.com\\\/wp-content\\\/uploads\\\/2025\\\/04\\\/Chava-Munoz-1.jpg\",\"datePublished\":\"2025-06-19T22:34:02+00:00\",\"dateModified\":\"2025-06-20T00:25:12+00:00\",\"breadcrumb\":{\"@id\":\"https:\\\/\\\/lospoliticosveracruz.com\\\/?p=147409#breadcrumb\"},\"inLanguage\":\"es\",\"potentialAction\":[{\"@type\":\"ReadAction\",\"target\":[\"https:\\\/\\\/lospoliticosveracruz.com\\\/?p=147409\"]}]},{\"@type\":\"ImageObject\",\"inLanguage\":\"es\",\"@id\":\"https:\\\/\\\/lospoliticosveracruz.com\\\/?p=147409#primaryimage\",\"url\":\"https:\\\/\\\/lospoliticosveracruz.com\\\/wp-content\\\/uploads\\\/2025\\\/04\\\/Chava-Munoz-1.jpg\",\"contentUrl\":\"https:\\\/\\\/lospoliticosveracruz.com\\\/wp-content\\\/uploads\\\/2025\\\/04\\\/Chava-Munoz-1.jpg\",\"width\":1250,\"height\":667},{\"@type\":\"BreadcrumbList\",\"@id\":\"https:\\\/\\\/lospoliticosveracruz.com\\\/?p=147409#breadcrumb\",\"itemListElement\":[{\"@type\":\"ListItem\",\"position\":1,\"name\":\"Portada\",\"item\":\"https:\\\/\\\/lospoliticosveracruz.com\\\/\"},{\"@type\":\"ListItem\",\"position\":2,\"name\":\"COATEPEC Y XICO A LO SILVIO RODR\u00cdGUEZ\"}]},{\"@type\":\"WebSite\",\"@id\":\"https:\\\/\\\/lospoliticosveracruz.com\\\/#website\",\"url\":\"https:\\\/\\\/lospoliticosveracruz.com\\\/\",\"name\":\"Los pol\u00edticos Veracruz\",\"description\":\"\",\"publisher\":{\"@id\":\"https:\\\/\\\/lospoliticosveracruz.com\\\/#organization\"},\"potentialAction\":[{\"@type\":\"SearchAction\",\"target\":{\"@type\":\"EntryPoint\",\"urlTemplate\":\"https:\\\/\\\/lospoliticosveracruz.com\\\/?s={search_term_string}\"},\"query-input\":{\"@type\":\"PropertyValueSpecification\",\"valueRequired\":true,\"valueName\":\"search_term_string\"}}],\"inLanguage\":\"es\"},{\"@type\":\"Organization\",\"@id\":\"https:\\\/\\\/lospoliticosveracruz.com\\\/#organization\",\"name\":\"Los pol\u00edticos Veracruz\",\"url\":\"https:\\\/\\\/lospoliticosveracruz.com\\\/\",\"logo\":{\"@type\":\"ImageObject\",\"inLanguage\":\"es\",\"@id\":\"https:\\\/\\\/lospoliticosveracruz.com\\\/#\\\/schema\\\/logo\\\/image\\\/\",\"url\":\"https:\\\/\\\/lospoliticosveracruz.com\\\/wp-content\\\/uploads\\\/2025\\\/12\\\/Logo-Nuevo-LOS-POLITICOS-1.jpg\",\"contentUrl\":\"https:\\\/\\\/lospoliticosveracruz.com\\\/wp-content\\\/uploads\\\/2025\\\/12\\\/Logo-Nuevo-LOS-POLITICOS-1.jpg\",\"width\":260,\"height\":70,\"caption\":\"Los pol\u00edticos Veracruz\"},\"image\":{\"@id\":\"https:\\\/\\\/lospoliticosveracruz.com\\\/#\\\/schema\\\/logo\\\/image\\\/\"},\"sameAs\":[\"https:\\\/\\\/www.facebook.com\\\/people\\\/Notimemes-de-los-Polticos\\\/61565672886568\\\/\",\"https:\\\/\\\/x.com\\\/LosPoliticosVer\"]},{\"@type\":\"Person\",\"@id\":\"https:\\\/\\\/lospoliticosveracruz.com\\\/#\\\/schema\\\/person\\\/b8702bb0e538456e6efd07080bf2a4a2\",\"name\":\"Lo viste en Los Pol\u00edticos\",\"image\":{\"@type\":\"ImageObject\",\"inLanguage\":\"es\",\"@id\":\"https:\\\/\\\/secure.gravatar.com\\\/avatar\\\/3a8de04a2656d44082be478bd6c086daa447c4651605818287b9532d3d0bd435?s=96&d=mm&r=g\",\"url\":\"https:\\\/\\\/secure.gravatar.com\\\/avatar\\\/3a8de04a2656d44082be478bd6c086daa447c4651605818287b9532d3d0bd435?s=96&d=mm&r=g\",\"contentUrl\":\"https:\\\/\\\/secure.gravatar.com\\\/avatar\\\/3a8de04a2656d44082be478bd6c086daa447c4651605818287b9532d3d0bd435?s=96&d=mm&r=g\",\"caption\":\"Lo viste en Los Pol\u00edticos\"},\"url\":\"https:\\\/\\\/lospoliticosveracruz.com\\\/?author=2\"}]}<\/script>\n<!-- \/ Yoast SEO plugin. -->","yoast_head_json":{"title":"COATEPEC Y XICO A LO SILVIO RODR\u00cdGUEZ - Los pol\u00edticos Veracruz","robots":{"index":"index","follow":"follow","max-snippet":"max-snippet:-1","max-image-preview":"max-image-preview:large","max-video-preview":"max-video-preview:-1"},"canonical":"https:\/\/lospoliticosveracruz.com\/?p=147409","og_locale":"es_ES","og_type":"article","og_title":"COATEPEC Y XICO A LO SILVIO RODR\u00cdGUEZ - Los pol\u00edticos Veracruz","og_description":"Salvador Mu\u00f1ozLos Pol\u00edticos \u00bfQu\u00e9 tienen en com\u00fan Coatepec y Xico? Adem\u00e1s de ser Pueblos M\u00e1gicos, tienen algunas coincidencias pol\u00edticas curiosas.Tanto Raymundo Andrade como Luis Yoval Maldonado contendieron por las presidencias municipales de Coatepec y Xico en las elecciones del 2017\u2026 el primero perdi\u00f3 contra Enrique Fern\u00e1ndez Peredo del PAN; el segundo, contra la molera Gloria [&hellip;]","og_url":"https:\/\/lospoliticosveracruz.com\/?p=147409","og_site_name":"Los pol\u00edticos Veracruz","article_publisher":"https:\/\/www.facebook.com\/people\/Notimemes-de-los-Polticos\/61565672886568\/","article_published_time":"2025-06-19T22:34:02+00:00","article_modified_time":"2025-06-20T00:25:12+00:00","og_image":[{"width":1250,"height":667,"url":"https:\/\/lospoliticosveracruz.com\/wp-content\/uploads\/2025\/04\/Chava-Munoz-1.jpg","type":"image\/jpeg"}],"author":"Lo viste en Los Pol\u00edticos","twitter_card":"summary_large_image","twitter_creator":"@LosPoliticosVer","twitter_site":"@LosPoliticosVer","twitter_misc":{"Escrito por":"Lo viste en Los Pol\u00edticos","Tiempo de lectura":"2 minutos"},"schema":{"@context":"https:\/\/schema.org","@graph":[{"@type":"Article","@id":"https:\/\/lospoliticosveracruz.com\/?p=147409#article","isPartOf":{"@id":"https:\/\/lospoliticosveracruz.com\/?p=147409"},"author":{"name":"Lo viste en Los Pol\u00edticos","@id":"https:\/\/lospoliticosveracruz.com\/#\/schema\/person\/b8702bb0e538456e6efd07080bf2a4a2"},"headline":"COATEPEC Y XICO A LO SILVIO RODR\u00cdGUEZ","datePublished":"2025-06-19T22:34:02+00:00","dateModified":"2025-06-20T00:25:12+00:00","mainEntityOfPage":{"@id":"https:\/\/lospoliticosveracruz.com\/?p=147409"},"wordCount":492,"publisher":{"@id":"https:\/\/lospoliticosveracruz.com\/#organization"},"image":{"@id":"https:\/\/lospoliticosveracruz.com\/?p=147409#primaryimage"},"thumbnailUrl":"https:\/\/lospoliticosveracruz.com\/wp-content\/uploads\/2025\/04\/Chava-Munoz-1.jpg","keywords":["Luis Yoval Maldonado","Pueblos M\u00e1gicos","Raymundo Andrade","Salvador Mu\u00f1oz"],"articleSection":["De Opini\u00f3n"],"inLanguage":"es"},{"@type":"WebPage","@id":"https:\/\/lospoliticosveracruz.com\/?p=147409","url":"https:\/\/lospoliticosveracruz.com\/?p=147409","name":"COATEPEC Y XICO A LO SILVIO RODR\u00cdGUEZ - Los pol\u00edticos Veracruz","isPartOf":{"@id":"https:\/\/lospoliticosveracruz.com\/#website"},"primaryImageOfPage":{"@id":"https:\/\/lospoliticosveracruz.com\/?p=147409#primaryimage"},"image":{"@id":"https:\/\/lospoliticosveracruz.com\/?p=147409#primaryimage"},"thumbnailUrl":"https:\/\/lospoliticosveracruz.com\/wp-content\/uploads\/2025\/04\/Chava-Munoz-1.jpg","datePublished":"2025-06-19T22:34:02+00:00","dateModified":"2025-06-20T00:25:12+00:00","breadcrumb":{"@id":"https:\/\/lospoliticosveracruz.com\/?p=147409#breadcrumb"},"inLanguage":"es","potentialAction":[{"@type":"ReadAction","target":["https:\/\/lospoliticosveracruz.com\/?p=147409"]}]},{"@type":"ImageObject","inLanguage":"es","@id":"https:\/\/lospoliticosveracruz.com\/?p=147409#primaryimage","url":"https:\/\/lospoliticosveracruz.com\/wp-content\/uploads\/2025\/04\/Chava-Munoz-1.jpg","contentUrl":"https:\/\/lospoliticosveracruz.com\/wp-content\/uploads\/2025\/04\/Chava-Munoz-1.jpg","width":1250,"height":667},{"@type":"BreadcrumbList","@id":"https:\/\/lospoliticosveracruz.com\/?p=147409#breadcrumb","itemListElement":[{"@type":"ListItem","position":1,"name":"Portada","item":"https:\/\/lospoliticosveracruz.com\/"},{"@type":"ListItem","position":2,"name":"COATEPEC Y XICO A LO SILVIO RODR\u00cdGUEZ"}]},{"@type":"WebSite","@id":"https:\/\/lospoliticosveracruz.com\/#website","url":"https:\/\/lospoliticosveracruz.com\/","name":"Los pol\u00edticos Veracruz","description":"","publisher":{"@id":"https:\/\/lospoliticosveracruz.com\/#organization"},"potentialAction":[{"@type":"SearchAction","target":{"@type":"EntryPoint","urlTemplate":"https:\/\/lospoliticosveracruz.com\/?s={search_term_string}"},"query-input":{"@type":"PropertyValueSpecification","valueRequired":true,"valueName":"search_term_string"}}],"inLanguage":"es"},{"@type":"Organization","@id":"https:\/\/lospoliticosveracruz.com\/#organization","name":"Los pol\u00edticos Veracruz","url":"https:\/\/lospoliticosveracruz.com\/","logo":{"@type":"ImageObject","inLanguage":"es","@id":"https:\/\/lospoliticosveracruz.com\/#\/schema\/logo\/image\/","url":"https:\/\/lospoliticosveracruz.com\/wp-content\/uploads\/2025\/12\/Logo-Nuevo-LOS-POLITICOS-1.jpg","contentUrl":"https:\/\/lospoliticosveracruz.com\/wp-content\/uploads\/2025\/12\/Logo-Nuevo-LOS-POLITICOS-1.jpg","width":260,"height":70,"caption":"Los pol\u00edticos Veracruz"},"image":{"@id":"https:\/\/lospoliticosveracruz.com\/#\/schema\/logo\/image\/"},"sameAs":["https:\/\/www.facebook.com\/people\/Notimemes-de-los-Polticos\/61565672886568\/","https:\/\/x.com\/LosPoliticosVer"]},{"@type":"Person","@id":"https:\/\/lospoliticosveracruz.com\/#\/schema\/person\/b8702bb0e538456e6efd07080bf2a4a2","name":"Lo viste en Los Pol\u00edticos","image":{"@type":"ImageObject","inLanguage":"es","@id":"https:\/\/secure.gravatar.com\/avatar\/3a8de04a2656d44082be478bd6c086daa447c4651605818287b9532d3d0bd435?s=96&d=mm&r=g","url":"https:\/\/secure.gravatar.com\/avatar\/3a8de04a2656d44082be478bd6c086daa447c4651605818287b9532d3d0bd435?s=96&d=mm&r=g","contentUrl":"https:\/\/secure.gravatar.com\/avatar\/3a8de04a2656d44082be478bd6c086daa447c4651605818287b9532d3d0bd435?s=96&d=mm&r=g","caption":"Lo viste en Los Pol\u00edticos"},"url":"https:\/\/lospoliticosveracruz.com\/?author=2"}]}},"_links":{"self":[{"href":"https:\/\/lospoliticosveracruz.com\/index.php?rest_route=\/wp\/v2\/posts\/147409","targetHints":{"allow":["GET"]}}],"collection":[{"href":"https:\/\/lospoliticosveracruz.com\/index.php?rest_route=\/wp\/v2\/posts"}],"about":[{"href":"https:\/\/lospoliticosveracruz.com\/index.php?rest_route=\/wp\/v2\/types\/post"}],"author":[{"embeddable":true,"href":"https:\/\/lospoliticosveracruz.com\/index.php?rest_route=\/wp\/v2\/users\/2"}],"replies":[{"embeddable":true,"href":"https:\/\/lospoliticosveracruz.com\/index.php?rest_route=%2Fwp%2Fv2%2Fcomments&post=147409"}],"version-history":[{"count":2,"href":"https:\/\/lospoliticosveracruz.com\/index.php?rest_route=\/wp\/v2\/posts\/147409\/revisions"}],"predecessor-version":[{"id":147457,"href":"https:\/\/lospoliticosveracruz.com\/index.php?rest_route=\/wp\/v2\/posts\/147409\/revisions\/147457"}],"wp:featuredmedia":[{"embeddable":true,"href":"https:\/\/lospoliticosveracruz.com\/index.php?rest_route=\/wp\/v2\/media\/141805"}],"wp:attachment":[{"href":"https:\/\/lospoliticosveracruz.com\/index.php?rest_route=%2Fwp%2Fv2%2Fmedia&parent=147409"}],"wp:term":[{"taxonomy":"category","embeddable":true,"href":"https:\/\/lospoliticosveracruz.com\/index.php?rest_route=%2Fwp%2Fv2%2Fcategories&post=147409"},{"taxonomy":"post_tag","embeddable":true,"href":"https:\/\/lospoliticosveracruz.com\/index.php?rest_route=%2Fwp%2Fv2%2Ftags&post=147409"}],"curies":[{"name":"wp","href":"https:\/\/api.w.org\/{rel}","templated":true}]}}