{"id":147425,"date":"2025-06-19T15:35:54","date_gmt":"2025-06-19T20:35:54","guid":{"rendered":"https:\/\/lospoliticosveracruz.com.mx\/?p=147425"},"modified":"2025-06-19T15:36:21","modified_gmt":"2025-06-19T20:36:21","slug":"la-moral-de-ahued-sin-tacha","status":"publish","type":"post","link":"https:\/\/lospoliticosveracruz.com\/?p=147425","title":{"rendered":"LA MORAL DE AHUED, SIN TACHA"},"content":{"rendered":"\n\n\n<p><strong>Inocencio Y\u00e1\u00f1ez Vicencio<\/strong><\/p>\n\n\n\n<p>Ten\u00eda raz\u00f3n Don Jes\u00fas Reyes Heroles, cuando dec\u00eda que era mejor ocuparse de los problemas que de las personas, sin embargo no conozco mejor remembranza de Mariano Otero, que la que el ilustre tuxpe\u00f1o le hizo. A veces hay que romper reglas.<br>Hace muchos a\u00f1os que no cruzo palabras con Ricardo, pero creo que el trato que he tenido con \u00e9l es suficiente para poder expresar que se autorregule correctamente. Tiene esas y muchas m\u00e1s cualidades.<br>Con pena advert\u00ed, cuando del Senado lo enviaron a la direcci\u00f3n de aduanas que lo hac\u00edan para sacarlo de la contienda por la gubernatura. Tambi\u00e9n manifest\u00e9 que su postulaci\u00f3n como alcalde de Xalapa por Morena, era una utilizaci\u00f3n, porque no ten\u00edan una figura competitiva. No se porque dijo que Morena es su proyecto, si est\u00e1 fuerza pol\u00edtica se declara de izquierda , sin que sepamos que Ahued tenga una ideolog\u00eda izquierdista.<br>Lo llevan ahora a la secretaria de gobierno, no por su perfil, sino en recompensa por lo que ha hecho a favor de los morenistas, pero un gobierno de complacencia ante el cr\u00edmen organizado no les importa que tenga o no el perfil para ser secretario de gobierno. Si Ricardo Ahued, tiene una reputaci\u00f3n muy bien ganada de no meterle manos al caj\u00f3n, lo obvio es que lo pusieran a manejar las finanzas, pero no, como el grupo gobernante trae una cultura patrimonialista, que reproduce la administraci\u00f3n dom\u00e9stica, donde la contrataci\u00f3n se realiza no en base a un perfil profesional sino en base a una relaci\u00f3n amo -esclavo, se privilegia la lealtad y sumisi\u00f3n a la capacidad, esperando que el subalterno acate y ejecute las \u00f3rdenes sin la menor objeci\u00f3n.<br>El prop\u00f3sito de poner a Ricardo en la secretaria de gobierno es pensando que como goza del respeto y la estimaci\u00f3n de una importante granja de ciudadanos de Xalapa, no van a voltear a exigirle a los encargados de la gobernabilidad que cumplan con su deber o al menos que no se le reclame airadamente. El problema es que sin duda alguna, Ricardo ha dilapidado su capital politico, al colocarlo de espaldas al principal problema que vivimos, que es la seguridad.<br>La gobernadora sabe, porque no creo que lo ignore, que si a Ricardo no le dieron el encargo de amarrar Poza Rica, Alvarado, Orizaba\u2026no se le puede culpar del fracaso electoral municipal, de la incertidumbre que vive la Universidad Veracruzana, de las protestas estudiantiles, m\u00e9dicas, laborales\u2026pero , cuando vemos que toda la entidad se ti\u00f1e de sangre y asesinan al director del reclusorio de Tuxpan, que le hab\u00edan amenazado, colocada mantas que le hac\u00edan conocer que atentar\u00edan contra su vida y no le dieron la protecci\u00f3n debida, la gente com\u00fan sabe que si un funcionario no goza de la m\u00e1s m\u00ednima protecci\u00f3n, menos los que no son funcionarios.<br>Esto no puede seguir. No obstante estamos convencidos que sea quien sea el secretario de gobierno en Veracruz, nada cambiar\u00e1 positivamente con Morena, porque el gobierno de la 4T se ha rendido ante el cr\u00edmen organizado.<br>Hoy poco queda de Ricardo Ahued. Lo quitar\u00e1n cuando crean que ya ni la poca imagen de hombre probo que le queda les sirve para contener las protestas a un gobierno que reparte abrazos a los criminales y que hoy mismo le descubren que en su patio tiene una refiner\u00eda clandestina.<br>Con una presidenta que ha destruido todos los contrapesos y las instancias de vigilancia y control, no puede esperar m\u00e1s pan y circo. Este d\u00eda los afectados por el hurac\u00e1n Erick, en lugar de recibir los apoyos del Fonden, reciben homil\u00edas. Una persona que habla tan mal que cuando empieza a serlo hasta mi lomito se aleja, nos quiere convencer que tuvo un \u00e9xito donde ni siquiera Trump, la recibi\u00f3, pero no s\u00f3lo con cuentas alegres sino con sus encuestas a modo, que nadie cree simplemente por los porcentajes tan altos que maneja. Los votos que llev\u00f3 a las urnas para sacar a sus jueces lo dicen todo y eso que no permitieron que los ciudadanos contaran.<br>Lejos de haber un indicio de que no vamos actualmente de la tiran\u00eda a un r\u00e9gimen de terror, las leyes de censura y represi\u00f3n en Tamaulipas, Campeche, Puebla, nos muestran que su letan\u00eda libertaria la echan abajo con sus golpes y difamaciones contra la prensa independiente. C\u00f3mo siempre. En una dictadura, quien se somete, no tiene problemas. Los problemas los tiene quien cr\u00edtica y saca a la luz las sinverg\u00fcenzadas de las autoridades y sus socios.<br>Es su columna de este d\u00eda, Raymundo Riva Palacio, lo expresa claramente: &#8216; criticar tiene costo, y puede tener castigo que destruyan profesional y econ\u00f3micamente a quien lo desaf\u00ede \u00ab.<br>Sabemos que en Veracruz, a un Ricardo, puesto de espaldas ante la inseguridad que vivimos, puede reemplazarlo un lun\u00e1tico que aceite la maquinar\u00eda de venganza de los morenistas, porque no crean que han concentrado los tres poderes en una solas manos, por mera ocurrencia, eso tiene el prop\u00f3sito de acabar con todo lo que se mueva en su contra.<\/p>\n","protected":false},"excerpt":{"rendered":"<p>Inocencio Y\u00e1\u00f1ez Vicencio Ten\u00eda raz\u00f3n Don Jes\u00fas Reyes Heroles, cuando dec\u00eda que era mejor ocuparse de los problemas que de las personas, sin embargo no conozco mejor remembranza de Mariano Otero, que la que el ilustre tuxpe\u00f1o le hizo. A veces hay que romper reglas.Hace muchos a\u00f1os que no cruzo palabras con Ricardo, pero creo [&hellip;]<\/p>\n","protected":false},"author":2,"featured_media":141387,"comment_status":"closed","ping_status":"closed","sticky":false,"template":"","format":"standard","meta":{"tdm_status":"","tdm_grid_status":"","footnotes":""},"categories":[70],"tags":[8256,1026,876,195],"class_list":{"0":"post-147425","1":"post","2":"type-post","3":"status-publish","4":"format-standard","5":"has-post-thumbnail","7":"category-de-opinion","8":"tag-inocencio-yanez-vicencio","9":"tag-morena","10":"tag-ricardo-ahued","11":"tag-veracruz"},"yoast_head":"<!-- This site is optimized with the Yoast SEO plugin v27.4 - https:\/\/yoast.com\/product\/yoast-seo-wordpress\/ -->\n<title>LA MORAL DE AHUED, SIN TACHA - Los pol\u00edticos Veracruz<\/title>\n<meta name=\"robots\" content=\"index, follow, max-snippet:-1, max-image-preview:large, max-video-preview:-1\" \/>\n<link rel=\"canonical\" href=\"https:\/\/lospoliticosveracruz.com\/?p=147425\" \/>\n<meta property=\"og:locale\" content=\"es_ES\" \/>\n<meta property=\"og:type\" content=\"article\" \/>\n<meta property=\"og:title\" content=\"LA MORAL DE AHUED, SIN TACHA - Los pol\u00edticos Veracruz\" \/>\n<meta property=\"og:description\" content=\"Inocencio Y\u00e1\u00f1ez Vicencio Ten\u00eda raz\u00f3n Don Jes\u00fas Reyes Heroles, cuando dec\u00eda que era mejor ocuparse de los problemas que de las personas, sin embargo no conozco mejor remembranza de Mariano Otero, que la que el ilustre tuxpe\u00f1o le hizo. A veces hay que romper reglas.Hace muchos a\u00f1os que no cruzo palabras con Ricardo, pero creo [&hellip;]\" \/>\n<meta property=\"og:url\" content=\"https:\/\/lospoliticosveracruz.com\/?p=147425\" \/>\n<meta property=\"og:site_name\" content=\"Los pol\u00edticos Veracruz\" \/>\n<meta property=\"article:publisher\" content=\"https:\/\/www.facebook.com\/people\/Notimemes-de-los-Polticos\/61565672886568\/\" \/>\n<meta property=\"article:published_time\" content=\"2025-06-19T20:35:54+00:00\" \/>\n<meta property=\"article:modified_time\" content=\"2025-06-19T20:36:21+00:00\" \/>\n<meta property=\"og:image\" content=\"https:\/\/lospoliticosveracruz.com\/wp-content\/uploads\/2025\/04\/Inocencio-Yanez-Vicencio.jpg\" \/>\n\t<meta property=\"og:image:width\" content=\"1250\" \/>\n\t<meta property=\"og:image:height\" content=\"667\" \/>\n\t<meta property=\"og:image:type\" content=\"image\/jpeg\" \/>\n<meta name=\"author\" content=\"Lo viste en Los Pol\u00edticos\" \/>\n<meta name=\"twitter:card\" content=\"summary_large_image\" \/>\n<meta name=\"twitter:creator\" content=\"@LosPoliticosVer\" \/>\n<meta name=\"twitter:site\" content=\"@LosPoliticosVer\" \/>\n<meta name=\"twitter:label1\" content=\"Escrito por\" \/>\n\t<meta name=\"twitter:data1\" content=\"Lo viste en Los Pol\u00edticos\" \/>\n\t<meta name=\"twitter:label2\" content=\"Tiempo de lectura\" \/>\n\t<meta name=\"twitter:data2\" content=\"4 minutos\" \/>\n<script type=\"application\/ld+json\" class=\"yoast-schema-graph\">{\"@context\":\"https:\\\/\\\/schema.org\",\"@graph\":[{\"@type\":\"Article\",\"@id\":\"https:\\\/\\\/lospoliticosveracruz.com\\\/?p=147425#article\",\"isPartOf\":{\"@id\":\"https:\\\/\\\/lospoliticosveracruz.com\\\/?p=147425\"},\"author\":{\"name\":\"Lo viste en Los Pol\u00edticos\",\"@id\":\"https:\\\/\\\/lospoliticosveracruz.com\\\/#\\\/schema\\\/person\\\/b8702bb0e538456e6efd07080bf2a4a2\"},\"headline\":\"LA MORAL DE AHUED, SIN TACHA\",\"datePublished\":\"2025-06-19T20:35:54+00:00\",\"dateModified\":\"2025-06-19T20:36:21+00:00\",\"mainEntityOfPage\":{\"@id\":\"https:\\\/\\\/lospoliticosveracruz.com\\\/?p=147425\"},\"wordCount\":900,\"publisher\":{\"@id\":\"https:\\\/\\\/lospoliticosveracruz.com\\\/#organization\"},\"image\":{\"@id\":\"https:\\\/\\\/lospoliticosveracruz.com\\\/?p=147425#primaryimage\"},\"thumbnailUrl\":\"https:\\\/\\\/lospoliticosveracruz.com\\\/wp-content\\\/uploads\\\/2025\\\/04\\\/Inocencio-Yanez-Vicencio.jpg\",\"keywords\":[\"Inocencio Y\u00e1\u00f1ez Vicencio\",\"Morena\",\"Ricardo Ahued\",\"Veracruz\"],\"articleSection\":[\"De Opini\u00f3n\"],\"inLanguage\":\"es\"},{\"@type\":\"WebPage\",\"@id\":\"https:\\\/\\\/lospoliticosveracruz.com\\\/?p=147425\",\"url\":\"https:\\\/\\\/lospoliticosveracruz.com\\\/?p=147425\",\"name\":\"LA MORAL DE AHUED, SIN TACHA - Los pol\u00edticos Veracruz\",\"isPartOf\":{\"@id\":\"https:\\\/\\\/lospoliticosveracruz.com\\\/#website\"},\"primaryImageOfPage\":{\"@id\":\"https:\\\/\\\/lospoliticosveracruz.com\\\/?p=147425#primaryimage\"},\"image\":{\"@id\":\"https:\\\/\\\/lospoliticosveracruz.com\\\/?p=147425#primaryimage\"},\"thumbnailUrl\":\"https:\\\/\\\/lospoliticosveracruz.com\\\/wp-content\\\/uploads\\\/2025\\\/04\\\/Inocencio-Yanez-Vicencio.jpg\",\"datePublished\":\"2025-06-19T20:35:54+00:00\",\"dateModified\":\"2025-06-19T20:36:21+00:00\",\"breadcrumb\":{\"@id\":\"https:\\\/\\\/lospoliticosveracruz.com\\\/?p=147425#breadcrumb\"},\"inLanguage\":\"es\",\"potentialAction\":[{\"@type\":\"ReadAction\",\"target\":[\"https:\\\/\\\/lospoliticosveracruz.com\\\/?p=147425\"]}]},{\"@type\":\"ImageObject\",\"inLanguage\":\"es\",\"@id\":\"https:\\\/\\\/lospoliticosveracruz.com\\\/?p=147425#primaryimage\",\"url\":\"https:\\\/\\\/lospoliticosveracruz.com\\\/wp-content\\\/uploads\\\/2025\\\/04\\\/Inocencio-Yanez-Vicencio.jpg\",\"contentUrl\":\"https:\\\/\\\/lospoliticosveracruz.com\\\/wp-content\\\/uploads\\\/2025\\\/04\\\/Inocencio-Yanez-Vicencio.jpg\",\"width\":1250,\"height\":667},{\"@type\":\"BreadcrumbList\",\"@id\":\"https:\\\/\\\/lospoliticosveracruz.com\\\/?p=147425#breadcrumb\",\"itemListElement\":[{\"@type\":\"ListItem\",\"position\":1,\"name\":\"Portada\",\"item\":\"https:\\\/\\\/lospoliticosveracruz.com\\\/\"},{\"@type\":\"ListItem\",\"position\":2,\"name\":\"LA MORAL DE AHUED, SIN TACHA\"}]},{\"@type\":\"WebSite\",\"@id\":\"https:\\\/\\\/lospoliticosveracruz.com\\\/#website\",\"url\":\"https:\\\/\\\/lospoliticosveracruz.com\\\/\",\"name\":\"Los pol\u00edticos Veracruz\",\"description\":\"\",\"publisher\":{\"@id\":\"https:\\\/\\\/lospoliticosveracruz.com\\\/#organization\"},\"potentialAction\":[{\"@type\":\"SearchAction\",\"target\":{\"@type\":\"EntryPoint\",\"urlTemplate\":\"https:\\\/\\\/lospoliticosveracruz.com\\\/?s={search_term_string}\"},\"query-input\":{\"@type\":\"PropertyValueSpecification\",\"valueRequired\":true,\"valueName\":\"search_term_string\"}}],\"inLanguage\":\"es\"},{\"@type\":\"Organization\",\"@id\":\"https:\\\/\\\/lospoliticosveracruz.com\\\/#organization\",\"name\":\"Los pol\u00edticos Veracruz\",\"url\":\"https:\\\/\\\/lospoliticosveracruz.com\\\/\",\"logo\":{\"@type\":\"ImageObject\",\"inLanguage\":\"es\",\"@id\":\"https:\\\/\\\/lospoliticosveracruz.com\\\/#\\\/schema\\\/logo\\\/image\\\/\",\"url\":\"https:\\\/\\\/lospoliticosveracruz.com\\\/wp-content\\\/uploads\\\/2025\\\/12\\\/Logo-Nuevo-LOS-POLITICOS-1.jpg\",\"contentUrl\":\"https:\\\/\\\/lospoliticosveracruz.com\\\/wp-content\\\/uploads\\\/2025\\\/12\\\/Logo-Nuevo-LOS-POLITICOS-1.jpg\",\"width\":260,\"height\":70,\"caption\":\"Los pol\u00edticos Veracruz\"},\"image\":{\"@id\":\"https:\\\/\\\/lospoliticosveracruz.com\\\/#\\\/schema\\\/logo\\\/image\\\/\"},\"sameAs\":[\"https:\\\/\\\/www.facebook.com\\\/people\\\/Notimemes-de-los-Polticos\\\/61565672886568\\\/\",\"https:\\\/\\\/x.com\\\/LosPoliticosVer\"]},{\"@type\":\"Person\",\"@id\":\"https:\\\/\\\/lospoliticosveracruz.com\\\/#\\\/schema\\\/person\\\/b8702bb0e538456e6efd07080bf2a4a2\",\"name\":\"Lo viste en Los Pol\u00edticos\",\"image\":{\"@type\":\"ImageObject\",\"inLanguage\":\"es\",\"@id\":\"https:\\\/\\\/secure.gravatar.com\\\/avatar\\\/3a8de04a2656d44082be478bd6c086daa447c4651605818287b9532d3d0bd435?s=96&d=mm&r=g\",\"url\":\"https:\\\/\\\/secure.gravatar.com\\\/avatar\\\/3a8de04a2656d44082be478bd6c086daa447c4651605818287b9532d3d0bd435?s=96&d=mm&r=g\",\"contentUrl\":\"https:\\\/\\\/secure.gravatar.com\\\/avatar\\\/3a8de04a2656d44082be478bd6c086daa447c4651605818287b9532d3d0bd435?s=96&d=mm&r=g\",\"caption\":\"Lo viste en Los Pol\u00edticos\"},\"url\":\"https:\\\/\\\/lospoliticosveracruz.com\\\/?author=2\"}]}<\/script>\n<!-- \/ Yoast SEO plugin. -->","yoast_head_json":{"title":"LA MORAL DE AHUED, SIN TACHA - Los pol\u00edticos Veracruz","robots":{"index":"index","follow":"follow","max-snippet":"max-snippet:-1","max-image-preview":"max-image-preview:large","max-video-preview":"max-video-preview:-1"},"canonical":"https:\/\/lospoliticosveracruz.com\/?p=147425","og_locale":"es_ES","og_type":"article","og_title":"LA MORAL DE AHUED, SIN TACHA - Los pol\u00edticos Veracruz","og_description":"Inocencio Y\u00e1\u00f1ez Vicencio Ten\u00eda raz\u00f3n Don Jes\u00fas Reyes Heroles, cuando dec\u00eda que era mejor ocuparse de los problemas que de las personas, sin embargo no conozco mejor remembranza de Mariano Otero, que la que el ilustre tuxpe\u00f1o le hizo. A veces hay que romper reglas.Hace muchos a\u00f1os que no cruzo palabras con Ricardo, pero creo [&hellip;]","og_url":"https:\/\/lospoliticosveracruz.com\/?p=147425","og_site_name":"Los pol\u00edticos Veracruz","article_publisher":"https:\/\/www.facebook.com\/people\/Notimemes-de-los-Polticos\/61565672886568\/","article_published_time":"2025-06-19T20:35:54+00:00","article_modified_time":"2025-06-19T20:36:21+00:00","og_image":[{"width":1250,"height":667,"url":"https:\/\/lospoliticosveracruz.com\/wp-content\/uploads\/2025\/04\/Inocencio-Yanez-Vicencio.jpg","type":"image\/jpeg"}],"author":"Lo viste en Los Pol\u00edticos","twitter_card":"summary_large_image","twitter_creator":"@LosPoliticosVer","twitter_site":"@LosPoliticosVer","twitter_misc":{"Escrito por":"Lo viste en Los Pol\u00edticos","Tiempo de lectura":"4 minutos"},"schema":{"@context":"https:\/\/schema.org","@graph":[{"@type":"Article","@id":"https:\/\/lospoliticosveracruz.com\/?p=147425#article","isPartOf":{"@id":"https:\/\/lospoliticosveracruz.com\/?p=147425"},"author":{"name":"Lo viste en Los Pol\u00edticos","@id":"https:\/\/lospoliticosveracruz.com\/#\/schema\/person\/b8702bb0e538456e6efd07080bf2a4a2"},"headline":"LA MORAL DE AHUED, SIN TACHA","datePublished":"2025-06-19T20:35:54+00:00","dateModified":"2025-06-19T20:36:21+00:00","mainEntityOfPage":{"@id":"https:\/\/lospoliticosveracruz.com\/?p=147425"},"wordCount":900,"publisher":{"@id":"https:\/\/lospoliticosveracruz.com\/#organization"},"image":{"@id":"https:\/\/lospoliticosveracruz.com\/?p=147425#primaryimage"},"thumbnailUrl":"https:\/\/lospoliticosveracruz.com\/wp-content\/uploads\/2025\/04\/Inocencio-Yanez-Vicencio.jpg","keywords":["Inocencio Y\u00e1\u00f1ez Vicencio","Morena","Ricardo Ahued","Veracruz"],"articleSection":["De Opini\u00f3n"],"inLanguage":"es"},{"@type":"WebPage","@id":"https:\/\/lospoliticosveracruz.com\/?p=147425","url":"https:\/\/lospoliticosveracruz.com\/?p=147425","name":"LA MORAL DE AHUED, SIN TACHA - Los pol\u00edticos Veracruz","isPartOf":{"@id":"https:\/\/lospoliticosveracruz.com\/#website"},"primaryImageOfPage":{"@id":"https:\/\/lospoliticosveracruz.com\/?p=147425#primaryimage"},"image":{"@id":"https:\/\/lospoliticosveracruz.com\/?p=147425#primaryimage"},"thumbnailUrl":"https:\/\/lospoliticosveracruz.com\/wp-content\/uploads\/2025\/04\/Inocencio-Yanez-Vicencio.jpg","datePublished":"2025-06-19T20:35:54+00:00","dateModified":"2025-06-19T20:36:21+00:00","breadcrumb":{"@id":"https:\/\/lospoliticosveracruz.com\/?p=147425#breadcrumb"},"inLanguage":"es","potentialAction":[{"@type":"ReadAction","target":["https:\/\/lospoliticosveracruz.com\/?p=147425"]}]},{"@type":"ImageObject","inLanguage":"es","@id":"https:\/\/lospoliticosveracruz.com\/?p=147425#primaryimage","url":"https:\/\/lospoliticosveracruz.com\/wp-content\/uploads\/2025\/04\/Inocencio-Yanez-Vicencio.jpg","contentUrl":"https:\/\/lospoliticosveracruz.com\/wp-content\/uploads\/2025\/04\/Inocencio-Yanez-Vicencio.jpg","width":1250,"height":667},{"@type":"BreadcrumbList","@id":"https:\/\/lospoliticosveracruz.com\/?p=147425#breadcrumb","itemListElement":[{"@type":"ListItem","position":1,"name":"Portada","item":"https:\/\/lospoliticosveracruz.com\/"},{"@type":"ListItem","position":2,"name":"LA MORAL DE AHUED, SIN TACHA"}]},{"@type":"WebSite","@id":"https:\/\/lospoliticosveracruz.com\/#website","url":"https:\/\/lospoliticosveracruz.com\/","name":"Los pol\u00edticos Veracruz","description":"","publisher":{"@id":"https:\/\/lospoliticosveracruz.com\/#organization"},"potentialAction":[{"@type":"SearchAction","target":{"@type":"EntryPoint","urlTemplate":"https:\/\/lospoliticosveracruz.com\/?s={search_term_string}"},"query-input":{"@type":"PropertyValueSpecification","valueRequired":true,"valueName":"search_term_string"}}],"inLanguage":"es"},{"@type":"Organization","@id":"https:\/\/lospoliticosveracruz.com\/#organization","name":"Los pol\u00edticos Veracruz","url":"https:\/\/lospoliticosveracruz.com\/","logo":{"@type":"ImageObject","inLanguage":"es","@id":"https:\/\/lospoliticosveracruz.com\/#\/schema\/logo\/image\/","url":"https:\/\/lospoliticosveracruz.com\/wp-content\/uploads\/2025\/12\/Logo-Nuevo-LOS-POLITICOS-1.jpg","contentUrl":"https:\/\/lospoliticosveracruz.com\/wp-content\/uploads\/2025\/12\/Logo-Nuevo-LOS-POLITICOS-1.jpg","width":260,"height":70,"caption":"Los pol\u00edticos Veracruz"},"image":{"@id":"https:\/\/lospoliticosveracruz.com\/#\/schema\/logo\/image\/"},"sameAs":["https:\/\/www.facebook.com\/people\/Notimemes-de-los-Polticos\/61565672886568\/","https:\/\/x.com\/LosPoliticosVer"]},{"@type":"Person","@id":"https:\/\/lospoliticosveracruz.com\/#\/schema\/person\/b8702bb0e538456e6efd07080bf2a4a2","name":"Lo viste en Los Pol\u00edticos","image":{"@type":"ImageObject","inLanguage":"es","@id":"https:\/\/secure.gravatar.com\/avatar\/3a8de04a2656d44082be478bd6c086daa447c4651605818287b9532d3d0bd435?s=96&d=mm&r=g","url":"https:\/\/secure.gravatar.com\/avatar\/3a8de04a2656d44082be478bd6c086daa447c4651605818287b9532d3d0bd435?s=96&d=mm&r=g","contentUrl":"https:\/\/secure.gravatar.com\/avatar\/3a8de04a2656d44082be478bd6c086daa447c4651605818287b9532d3d0bd435?s=96&d=mm&r=g","caption":"Lo viste en Los Pol\u00edticos"},"url":"https:\/\/lospoliticosveracruz.com\/?author=2"}]}},"_links":{"self":[{"href":"https:\/\/lospoliticosveracruz.com\/index.php?rest_route=\/wp\/v2\/posts\/147425","targetHints":{"allow":["GET"]}}],"collection":[{"href":"https:\/\/lospoliticosveracruz.com\/index.php?rest_route=\/wp\/v2\/posts"}],"about":[{"href":"https:\/\/lospoliticosveracruz.com\/index.php?rest_route=\/wp\/v2\/types\/post"}],"author":[{"embeddable":true,"href":"https:\/\/lospoliticosveracruz.com\/index.php?rest_route=\/wp\/v2\/users\/2"}],"replies":[{"embeddable":true,"href":"https:\/\/lospoliticosveracruz.com\/index.php?rest_route=%2Fwp%2Fv2%2Fcomments&post=147425"}],"version-history":[{"count":1,"href":"https:\/\/lospoliticosveracruz.com\/index.php?rest_route=\/wp\/v2\/posts\/147425\/revisions"}],"predecessor-version":[{"id":147426,"href":"https:\/\/lospoliticosveracruz.com\/index.php?rest_route=\/wp\/v2\/posts\/147425\/revisions\/147426"}],"wp:featuredmedia":[{"embeddable":true,"href":"https:\/\/lospoliticosveracruz.com\/index.php?rest_route=\/wp\/v2\/media\/141387"}],"wp:attachment":[{"href":"https:\/\/lospoliticosveracruz.com\/index.php?rest_route=%2Fwp%2Fv2%2Fmedia&parent=147425"}],"wp:term":[{"taxonomy":"category","embeddable":true,"href":"https:\/\/lospoliticosveracruz.com\/index.php?rest_route=%2Fwp%2Fv2%2Fcategories&post=147425"},{"taxonomy":"post_tag","embeddable":true,"href":"https:\/\/lospoliticosveracruz.com\/index.php?rest_route=%2Fwp%2Fv2%2Ftags&post=147425"}],"curies":[{"name":"wp","href":"https:\/\/api.w.org\/{rel}","templated":true}]}}