{"id":147434,"date":"2025-06-19T16:47:36","date_gmt":"2025-06-19T21:47:36","guid":{"rendered":"https:\/\/lospoliticosveracruz.com.mx\/?p=147434"},"modified":"2025-06-19T16:48:11","modified_gmt":"2025-06-19T21:48:11","slug":"propone-pan-comision-para-la-atencion-a-desaparicion-de-personas","status":"publish","type":"post","link":"https:\/\/lospoliticosveracruz.com\/?p=147434","title":{"rendered":"PROPONE PAN COMISI\u00d3N PARA LA ATENCI\u00d3N A DESAPARICI\u00d3N DE PERSONAS!"},"content":{"rendered":"\n\n\n<p>\u201cLa realidad que viven miles de familias de personas desaparecidas y la falta de respuesta oportuna de las autoridades, nos compromete a proponer la integraci\u00f3n de una Comisi\u00f3n Para la Atenci\u00f3n a la Desaparici\u00f3n de Personas en el Congreso\u201d, afirm\u00f3 la diputada panista Luz Alicia Delf\u00edn Rodr\u00edguez, luego de presentar esta iniciativa en coautor\u00eda con el diputado Enrique Cambranis Torres.<\/p>\n\n\n\n<p>Record\u00f3 que las y los Integrantes de los colectivos, particularmente del grupo \u201cBuscando a Nuestras y Nuestros Desaparecidos\u201d, han solicitado en anteriores legislaturas, la instalaci\u00f3n de la Comisi\u00f3n para atender la emergencia que enfrenta Veracruz.<\/p>\n\n\n\n<p>\u201cLas v\u00edctimas de desapariciones requieren que todas las autoridades y poderes desde el \u00e1mbito de nuestras competencias coadyuvemos en la b\u00fasqueda de la verdad y crear todos los mecanismos para la b\u00fasqueda inmediata y localizaci\u00f3n de personas desaparecidas\u201d, dijo.<\/p>\n\n\n\n<p>Delf\u00edn Rodr\u00edguez evalu\u00f3 la magnitud de la crisis de desaparici\u00f3n de personas en Veracruz y lament\u00f3 que en el gobierno anterior anunciaran un programa ambicioso para atender la crisis de desapariciones y que terminaran negando la creciente cifra desaparecidos que dejaron en la entidad.<\/p>\n\n\n\n<p>La legisladora insisti\u00f3 en que es imperativo que el Congreso se coordine con las instituciones y las organizaciones de b\u00fasqueda, asumiendo un papel activo en la fiscalizaci\u00f3n de las pol\u00edticas de b\u00fasqueda y atenci\u00f3n de v\u00edctimas.<\/p>\n\n\n\n<p>\u201cUna comisi\u00f3n permanente sobre desapariciones permitir\u00e1 coordinar, supervisar, vincular con las organizaciones civiles y autoridades; legislar para establecer pol\u00edticas p\u00fablicas que atiendan la b\u00fasqueda, localizaci\u00f3n, identificaci\u00f3n y atenci\u00f3n integral a las personas desaparecidas y sus familias\u201d, concluy\u00f3.<\/p>\n","protected":false},"excerpt":{"rendered":"<p>\u201cLa realidad que viven miles de familias de personas desaparecidas y la falta de respuesta oportuna de las autoridades, nos compromete a proponer la integraci\u00f3n de una Comisi\u00f3n Para la Atenci\u00f3n a la Desaparici\u00f3n de Personas en el Congreso\u201d, afirm\u00f3 la diputada panista Luz Alicia Delf\u00edn Rodr\u00edguez, luego de presentar esta iniciativa en coautor\u00eda con [&hellip;]<\/p>\n","protected":false},"author":2,"featured_media":147435,"comment_status":"closed","ping_status":"closed","sticky":false,"template":"","format":"standard","meta":{"tdm_status":"","tdm_grid_status":"","footnotes":""},"categories":[43718],"tags":[32003],"class_list":{"0":"post-147434","1":"post","2":"type-post","3":"status-publish","4":"format-standard","5":"has-post-thumbnail","7":"category-elpalaciodeencanto","8":"tag-luz-alicia-delfin-rodriguez"},"yoast_head":"<!-- This site is optimized with the Yoast SEO plugin v27.4 - https:\/\/yoast.com\/product\/yoast-seo-wordpress\/ -->\n<title>PROPONE PAN COMISI\u00d3N PARA LA ATENCI\u00d3N A DESAPARICI\u00d3N DE PERSONAS! - Los pol\u00edticos Veracruz<\/title>\n<meta name=\"robots\" content=\"index, follow, max-snippet:-1, max-image-preview:large, max-video-preview:-1\" \/>\n<link rel=\"canonical\" href=\"https:\/\/lospoliticosveracruz.com\/?p=147434\" \/>\n<meta property=\"og:locale\" content=\"es_ES\" \/>\n<meta property=\"og:type\" content=\"article\" \/>\n<meta property=\"og:title\" content=\"PROPONE PAN COMISI\u00d3N PARA LA ATENCI\u00d3N A DESAPARICI\u00d3N DE PERSONAS! - Los pol\u00edticos Veracruz\" \/>\n<meta property=\"og:description\" content=\"\u201cLa realidad que viven miles de familias de personas desaparecidas y la falta de respuesta oportuna de las autoridades, nos compromete a proponer la integraci\u00f3n de una Comisi\u00f3n Para la Atenci\u00f3n a la Desaparici\u00f3n de Personas en el Congreso\u201d, afirm\u00f3 la diputada panista Luz Alicia Delf\u00edn Rodr\u00edguez, luego de presentar esta iniciativa en coautor\u00eda con [&hellip;]\" \/>\n<meta property=\"og:url\" content=\"https:\/\/lospoliticosveracruz.com\/?p=147434\" \/>\n<meta property=\"og:site_name\" content=\"Los pol\u00edticos Veracruz\" \/>\n<meta property=\"article:publisher\" content=\"https:\/\/www.facebook.com\/people\/Notimemes-de-los-Polticos\/61565672886568\/\" \/>\n<meta property=\"article:published_time\" content=\"2025-06-19T21:47:36+00:00\" \/>\n<meta property=\"article:modified_time\" content=\"2025-06-19T21:48:11+00:00\" \/>\n<meta property=\"og:image\" content=\"https:\/\/lospoliticosveracruz.com\/wp-content\/uploads\/2025\/06\/WhatsApp-Image-2025-06-19-at-15.36.49-1.jpeg\" \/>\n\t<meta property=\"og:image:width\" content=\"600\" \/>\n\t<meta property=\"og:image:height\" content=\"320\" \/>\n\t<meta property=\"og:image:type\" content=\"image\/jpeg\" \/>\n<meta name=\"author\" content=\"Lo viste en Los Pol\u00edticos\" \/>\n<meta name=\"twitter:card\" content=\"summary_large_image\" \/>\n<meta name=\"twitter:creator\" content=\"@LosPoliticosVer\" \/>\n<meta name=\"twitter:site\" content=\"@LosPoliticosVer\" \/>\n<meta name=\"twitter:label1\" content=\"Escrito por\" \/>\n\t<meta name=\"twitter:data1\" content=\"Lo viste en Los Pol\u00edticos\" \/>\n\t<meta name=\"twitter:label2\" content=\"Tiempo de lectura\" \/>\n\t<meta name=\"twitter:data2\" content=\"1 minuto\" \/>\n<script type=\"application\/ld+json\" class=\"yoast-schema-graph\">{\"@context\":\"https:\\\/\\\/schema.org\",\"@graph\":[{\"@type\":\"Article\",\"@id\":\"https:\\\/\\\/lospoliticosveracruz.com\\\/?p=147434#article\",\"isPartOf\":{\"@id\":\"https:\\\/\\\/lospoliticosveracruz.com\\\/?p=147434\"},\"author\":{\"name\":\"Lo viste en Los Pol\u00edticos\",\"@id\":\"https:\\\/\\\/lospoliticosveracruz.com\\\/#\\\/schema\\\/person\\\/b8702bb0e538456e6efd07080bf2a4a2\"},\"headline\":\"PROPONE PAN COMISI\u00d3N PARA LA ATENCI\u00d3N A DESAPARICI\u00d3N DE PERSONAS!\",\"datePublished\":\"2025-06-19T21:47:36+00:00\",\"dateModified\":\"2025-06-19T21:48:11+00:00\",\"mainEntityOfPage\":{\"@id\":\"https:\\\/\\\/lospoliticosveracruz.com\\\/?p=147434\"},\"wordCount\":293,\"publisher\":{\"@id\":\"https:\\\/\\\/lospoliticosveracruz.com\\\/#organization\"},\"image\":{\"@id\":\"https:\\\/\\\/lospoliticosveracruz.com\\\/?p=147434#primaryimage\"},\"thumbnailUrl\":\"https:\\\/\\\/lospoliticosveracruz.com\\\/wp-content\\\/uploads\\\/2025\\\/06\\\/WhatsApp-Image-2025-06-19-at-15.36.49-1.jpeg\",\"keywords\":[\"Luz Alicia Delf\u00edn Rodr\u00edguez\"],\"articleSection\":[\"EL PALACIO DE ENCANTO\"],\"inLanguage\":\"es\"},{\"@type\":\"WebPage\",\"@id\":\"https:\\\/\\\/lospoliticosveracruz.com\\\/?p=147434\",\"url\":\"https:\\\/\\\/lospoliticosveracruz.com\\\/?p=147434\",\"name\":\"PROPONE PAN COMISI\u00d3N PARA LA ATENCI\u00d3N A DESAPARICI\u00d3N DE PERSONAS! - Los pol\u00edticos Veracruz\",\"isPartOf\":{\"@id\":\"https:\\\/\\\/lospoliticosveracruz.com\\\/#website\"},\"primaryImageOfPage\":{\"@id\":\"https:\\\/\\\/lospoliticosveracruz.com\\\/?p=147434#primaryimage\"},\"image\":{\"@id\":\"https:\\\/\\\/lospoliticosveracruz.com\\\/?p=147434#primaryimage\"},\"thumbnailUrl\":\"https:\\\/\\\/lospoliticosveracruz.com\\\/wp-content\\\/uploads\\\/2025\\\/06\\\/WhatsApp-Image-2025-06-19-at-15.36.49-1.jpeg\",\"datePublished\":\"2025-06-19T21:47:36+00:00\",\"dateModified\":\"2025-06-19T21:48:11+00:00\",\"breadcrumb\":{\"@id\":\"https:\\\/\\\/lospoliticosveracruz.com\\\/?p=147434#breadcrumb\"},\"inLanguage\":\"es\",\"potentialAction\":[{\"@type\":\"ReadAction\",\"target\":[\"https:\\\/\\\/lospoliticosveracruz.com\\\/?p=147434\"]}]},{\"@type\":\"ImageObject\",\"inLanguage\":\"es\",\"@id\":\"https:\\\/\\\/lospoliticosveracruz.com\\\/?p=147434#primaryimage\",\"url\":\"https:\\\/\\\/lospoliticosveracruz.com\\\/wp-content\\\/uploads\\\/2025\\\/06\\\/WhatsApp-Image-2025-06-19-at-15.36.49-1.jpeg\",\"contentUrl\":\"https:\\\/\\\/lospoliticosveracruz.com\\\/wp-content\\\/uploads\\\/2025\\\/06\\\/WhatsApp-Image-2025-06-19-at-15.36.49-1.jpeg\",\"width\":600,\"height\":320},{\"@type\":\"BreadcrumbList\",\"@id\":\"https:\\\/\\\/lospoliticosveracruz.com\\\/?p=147434#breadcrumb\",\"itemListElement\":[{\"@type\":\"ListItem\",\"position\":1,\"name\":\"Portada\",\"item\":\"https:\\\/\\\/lospoliticosveracruz.com\\\/\"},{\"@type\":\"ListItem\",\"position\":2,\"name\":\"PROPONE PAN COMISI\u00d3N PARA LA ATENCI\u00d3N A DESAPARICI\u00d3N DE PERSONAS!\"}]},{\"@type\":\"WebSite\",\"@id\":\"https:\\\/\\\/lospoliticosveracruz.com\\\/#website\",\"url\":\"https:\\\/\\\/lospoliticosveracruz.com\\\/\",\"name\":\"Los pol\u00edticos Veracruz\",\"description\":\"\",\"publisher\":{\"@id\":\"https:\\\/\\\/lospoliticosveracruz.com\\\/#organization\"},\"potentialAction\":[{\"@type\":\"SearchAction\",\"target\":{\"@type\":\"EntryPoint\",\"urlTemplate\":\"https:\\\/\\\/lospoliticosveracruz.com\\\/?s={search_term_string}\"},\"query-input\":{\"@type\":\"PropertyValueSpecification\",\"valueRequired\":true,\"valueName\":\"search_term_string\"}}],\"inLanguage\":\"es\"},{\"@type\":\"Organization\",\"@id\":\"https:\\\/\\\/lospoliticosveracruz.com\\\/#organization\",\"name\":\"Los pol\u00edticos Veracruz\",\"url\":\"https:\\\/\\\/lospoliticosveracruz.com\\\/\",\"logo\":{\"@type\":\"ImageObject\",\"inLanguage\":\"es\",\"@id\":\"https:\\\/\\\/lospoliticosveracruz.com\\\/#\\\/schema\\\/logo\\\/image\\\/\",\"url\":\"https:\\\/\\\/lospoliticosveracruz.com\\\/wp-content\\\/uploads\\\/2025\\\/12\\\/Logo-Nuevo-LOS-POLITICOS-1.jpg\",\"contentUrl\":\"https:\\\/\\\/lospoliticosveracruz.com\\\/wp-content\\\/uploads\\\/2025\\\/12\\\/Logo-Nuevo-LOS-POLITICOS-1.jpg\",\"width\":260,\"height\":70,\"caption\":\"Los pol\u00edticos Veracruz\"},\"image\":{\"@id\":\"https:\\\/\\\/lospoliticosveracruz.com\\\/#\\\/schema\\\/logo\\\/image\\\/\"},\"sameAs\":[\"https:\\\/\\\/www.facebook.com\\\/people\\\/Notimemes-de-los-Polticos\\\/61565672886568\\\/\",\"https:\\\/\\\/x.com\\\/LosPoliticosVer\"]},{\"@type\":\"Person\",\"@id\":\"https:\\\/\\\/lospoliticosveracruz.com\\\/#\\\/schema\\\/person\\\/b8702bb0e538456e6efd07080bf2a4a2\",\"name\":\"Lo viste en Los Pol\u00edticos\",\"image\":{\"@type\":\"ImageObject\",\"inLanguage\":\"es\",\"@id\":\"https:\\\/\\\/secure.gravatar.com\\\/avatar\\\/3a8de04a2656d44082be478bd6c086daa447c4651605818287b9532d3d0bd435?s=96&d=mm&r=g\",\"url\":\"https:\\\/\\\/secure.gravatar.com\\\/avatar\\\/3a8de04a2656d44082be478bd6c086daa447c4651605818287b9532d3d0bd435?s=96&d=mm&r=g\",\"contentUrl\":\"https:\\\/\\\/secure.gravatar.com\\\/avatar\\\/3a8de04a2656d44082be478bd6c086daa447c4651605818287b9532d3d0bd435?s=96&d=mm&r=g\",\"caption\":\"Lo viste en Los Pol\u00edticos\"},\"url\":\"https:\\\/\\\/lospoliticosveracruz.com\\\/?author=2\"}]}<\/script>\n<!-- \/ Yoast SEO plugin. -->","yoast_head_json":{"title":"PROPONE PAN COMISI\u00d3N PARA LA ATENCI\u00d3N A DESAPARICI\u00d3N DE PERSONAS! - Los pol\u00edticos Veracruz","robots":{"index":"index","follow":"follow","max-snippet":"max-snippet:-1","max-image-preview":"max-image-preview:large","max-video-preview":"max-video-preview:-1"},"canonical":"https:\/\/lospoliticosveracruz.com\/?p=147434","og_locale":"es_ES","og_type":"article","og_title":"PROPONE PAN COMISI\u00d3N PARA LA ATENCI\u00d3N A DESAPARICI\u00d3N DE PERSONAS! - Los pol\u00edticos Veracruz","og_description":"\u201cLa realidad que viven miles de familias de personas desaparecidas y la falta de respuesta oportuna de las autoridades, nos compromete a proponer la integraci\u00f3n de una Comisi\u00f3n Para la Atenci\u00f3n a la Desaparici\u00f3n de Personas en el Congreso\u201d, afirm\u00f3 la diputada panista Luz Alicia Delf\u00edn Rodr\u00edguez, luego de presentar esta iniciativa en coautor\u00eda con [&hellip;]","og_url":"https:\/\/lospoliticosveracruz.com\/?p=147434","og_site_name":"Los pol\u00edticos Veracruz","article_publisher":"https:\/\/www.facebook.com\/people\/Notimemes-de-los-Polticos\/61565672886568\/","article_published_time":"2025-06-19T21:47:36+00:00","article_modified_time":"2025-06-19T21:48:11+00:00","og_image":[{"width":600,"height":320,"url":"https:\/\/lospoliticosveracruz.com\/wp-content\/uploads\/2025\/06\/WhatsApp-Image-2025-06-19-at-15.36.49-1.jpeg","type":"image\/jpeg"}],"author":"Lo viste en Los Pol\u00edticos","twitter_card":"summary_large_image","twitter_creator":"@LosPoliticosVer","twitter_site":"@LosPoliticosVer","twitter_misc":{"Escrito por":"Lo viste en Los Pol\u00edticos","Tiempo de lectura":"1 minuto"},"schema":{"@context":"https:\/\/schema.org","@graph":[{"@type":"Article","@id":"https:\/\/lospoliticosveracruz.com\/?p=147434#article","isPartOf":{"@id":"https:\/\/lospoliticosveracruz.com\/?p=147434"},"author":{"name":"Lo viste en Los Pol\u00edticos","@id":"https:\/\/lospoliticosveracruz.com\/#\/schema\/person\/b8702bb0e538456e6efd07080bf2a4a2"},"headline":"PROPONE PAN COMISI\u00d3N PARA LA ATENCI\u00d3N A DESAPARICI\u00d3N DE PERSONAS!","datePublished":"2025-06-19T21:47:36+00:00","dateModified":"2025-06-19T21:48:11+00:00","mainEntityOfPage":{"@id":"https:\/\/lospoliticosveracruz.com\/?p=147434"},"wordCount":293,"publisher":{"@id":"https:\/\/lospoliticosveracruz.com\/#organization"},"image":{"@id":"https:\/\/lospoliticosveracruz.com\/?p=147434#primaryimage"},"thumbnailUrl":"https:\/\/lospoliticosveracruz.com\/wp-content\/uploads\/2025\/06\/WhatsApp-Image-2025-06-19-at-15.36.49-1.jpeg","keywords":["Luz Alicia Delf\u00edn Rodr\u00edguez"],"articleSection":["EL PALACIO DE ENCANTO"],"inLanguage":"es"},{"@type":"WebPage","@id":"https:\/\/lospoliticosveracruz.com\/?p=147434","url":"https:\/\/lospoliticosveracruz.com\/?p=147434","name":"PROPONE PAN COMISI\u00d3N PARA LA ATENCI\u00d3N A DESAPARICI\u00d3N DE PERSONAS! - Los pol\u00edticos Veracruz","isPartOf":{"@id":"https:\/\/lospoliticosveracruz.com\/#website"},"primaryImageOfPage":{"@id":"https:\/\/lospoliticosveracruz.com\/?p=147434#primaryimage"},"image":{"@id":"https:\/\/lospoliticosveracruz.com\/?p=147434#primaryimage"},"thumbnailUrl":"https:\/\/lospoliticosveracruz.com\/wp-content\/uploads\/2025\/06\/WhatsApp-Image-2025-06-19-at-15.36.49-1.jpeg","datePublished":"2025-06-19T21:47:36+00:00","dateModified":"2025-06-19T21:48:11+00:00","breadcrumb":{"@id":"https:\/\/lospoliticosveracruz.com\/?p=147434#breadcrumb"},"inLanguage":"es","potentialAction":[{"@type":"ReadAction","target":["https:\/\/lospoliticosveracruz.com\/?p=147434"]}]},{"@type":"ImageObject","inLanguage":"es","@id":"https:\/\/lospoliticosveracruz.com\/?p=147434#primaryimage","url":"https:\/\/lospoliticosveracruz.com\/wp-content\/uploads\/2025\/06\/WhatsApp-Image-2025-06-19-at-15.36.49-1.jpeg","contentUrl":"https:\/\/lospoliticosveracruz.com\/wp-content\/uploads\/2025\/06\/WhatsApp-Image-2025-06-19-at-15.36.49-1.jpeg","width":600,"height":320},{"@type":"BreadcrumbList","@id":"https:\/\/lospoliticosveracruz.com\/?p=147434#breadcrumb","itemListElement":[{"@type":"ListItem","position":1,"name":"Portada","item":"https:\/\/lospoliticosveracruz.com\/"},{"@type":"ListItem","position":2,"name":"PROPONE PAN COMISI\u00d3N PARA LA ATENCI\u00d3N A DESAPARICI\u00d3N DE PERSONAS!"}]},{"@type":"WebSite","@id":"https:\/\/lospoliticosveracruz.com\/#website","url":"https:\/\/lospoliticosveracruz.com\/","name":"Los pol\u00edticos Veracruz","description":"","publisher":{"@id":"https:\/\/lospoliticosveracruz.com\/#organization"},"potentialAction":[{"@type":"SearchAction","target":{"@type":"EntryPoint","urlTemplate":"https:\/\/lospoliticosveracruz.com\/?s={search_term_string}"},"query-input":{"@type":"PropertyValueSpecification","valueRequired":true,"valueName":"search_term_string"}}],"inLanguage":"es"},{"@type":"Organization","@id":"https:\/\/lospoliticosveracruz.com\/#organization","name":"Los pol\u00edticos Veracruz","url":"https:\/\/lospoliticosveracruz.com\/","logo":{"@type":"ImageObject","inLanguage":"es","@id":"https:\/\/lospoliticosveracruz.com\/#\/schema\/logo\/image\/","url":"https:\/\/lospoliticosveracruz.com\/wp-content\/uploads\/2025\/12\/Logo-Nuevo-LOS-POLITICOS-1.jpg","contentUrl":"https:\/\/lospoliticosveracruz.com\/wp-content\/uploads\/2025\/12\/Logo-Nuevo-LOS-POLITICOS-1.jpg","width":260,"height":70,"caption":"Los pol\u00edticos Veracruz"},"image":{"@id":"https:\/\/lospoliticosveracruz.com\/#\/schema\/logo\/image\/"},"sameAs":["https:\/\/www.facebook.com\/people\/Notimemes-de-los-Polticos\/61565672886568\/","https:\/\/x.com\/LosPoliticosVer"]},{"@type":"Person","@id":"https:\/\/lospoliticosveracruz.com\/#\/schema\/person\/b8702bb0e538456e6efd07080bf2a4a2","name":"Lo viste en Los Pol\u00edticos","image":{"@type":"ImageObject","inLanguage":"es","@id":"https:\/\/secure.gravatar.com\/avatar\/3a8de04a2656d44082be478bd6c086daa447c4651605818287b9532d3d0bd435?s=96&d=mm&r=g","url":"https:\/\/secure.gravatar.com\/avatar\/3a8de04a2656d44082be478bd6c086daa447c4651605818287b9532d3d0bd435?s=96&d=mm&r=g","contentUrl":"https:\/\/secure.gravatar.com\/avatar\/3a8de04a2656d44082be478bd6c086daa447c4651605818287b9532d3d0bd435?s=96&d=mm&r=g","caption":"Lo viste en Los Pol\u00edticos"},"url":"https:\/\/lospoliticosveracruz.com\/?author=2"}]}},"_links":{"self":[{"href":"https:\/\/lospoliticosveracruz.com\/index.php?rest_route=\/wp\/v2\/posts\/147434","targetHints":{"allow":["GET"]}}],"collection":[{"href":"https:\/\/lospoliticosveracruz.com\/index.php?rest_route=\/wp\/v2\/posts"}],"about":[{"href":"https:\/\/lospoliticosveracruz.com\/index.php?rest_route=\/wp\/v2\/types\/post"}],"author":[{"embeddable":true,"href":"https:\/\/lospoliticosveracruz.com\/index.php?rest_route=\/wp\/v2\/users\/2"}],"replies":[{"embeddable":true,"href":"https:\/\/lospoliticosveracruz.com\/index.php?rest_route=%2Fwp%2Fv2%2Fcomments&post=147434"}],"version-history":[{"count":2,"href":"https:\/\/lospoliticosveracruz.com\/index.php?rest_route=\/wp\/v2\/posts\/147434\/revisions"}],"predecessor-version":[{"id":147437,"href":"https:\/\/lospoliticosveracruz.com\/index.php?rest_route=\/wp\/v2\/posts\/147434\/revisions\/147437"}],"wp:featuredmedia":[{"embeddable":true,"href":"https:\/\/lospoliticosveracruz.com\/index.php?rest_route=\/wp\/v2\/media\/147435"}],"wp:attachment":[{"href":"https:\/\/lospoliticosveracruz.com\/index.php?rest_route=%2Fwp%2Fv2%2Fmedia&parent=147434"}],"wp:term":[{"taxonomy":"category","embeddable":true,"href":"https:\/\/lospoliticosveracruz.com\/index.php?rest_route=%2Fwp%2Fv2%2Fcategories&post=147434"},{"taxonomy":"post_tag","embeddable":true,"href":"https:\/\/lospoliticosveracruz.com\/index.php?rest_route=%2Fwp%2Fv2%2Ftags&post=147434"}],"curies":[{"name":"wp","href":"https:\/\/api.w.org\/{rel}","templated":true}]}}