{"id":147438,"date":"2025-06-19T17:28:35","date_gmt":"2025-06-19T22:28:35","guid":{"rendered":"https:\/\/lospoliticosveracruz.com.mx\/?p=147438"},"modified":"2025-06-19T17:28:57","modified_gmt":"2025-06-19T22:28:57","slug":"si-no-vota-el-40-no-vale","status":"publish","type":"post","link":"https:\/\/lospoliticosveracruz.com\/?p=147438","title":{"rendered":"SI NO VOTA EL 40%, NO VALE!"},"content":{"rendered":"\n<p><strong><a href=\"https:\/\/whatsapp.com\/channel\/0029Va8zRWlEKyZIP3Z1dF0e\">\u2002\u2002<strong>\u00danete a nuestro canal<\/strong><\/a><\/strong><\/p>\n\n\n\n<p>\u00a1<strong>LOS POL\u00cdTICOS VERACRUZ<\/strong>&nbsp;HUELE A GAS! est\u00e1 en WhatsApp!<\/p>\n\n\n\n<p>En una postura firme y cr\u00edtica frente al reciente proceso de elecci\u00f3n popular de ministros de la Suprema Corte de Justicia, la diputada Montserrat Ortega present\u00f3 una iniciativa de reforma constitucional que busca declarar inv\u00e1lidas dichas elecciones si no participa al menos el 40% de la lista nominal de electores.<\/p>\n\n\n\n<p>Durante su intervenci\u00f3n, la legisladora denunci\u00f3 una serie de irregularidades en el nuevo modelo de elecci\u00f3n directa impulsado por el gobierno federal, el cual \u2014sostuvo\u2014 ha significado el desmantelamiento del Poder Judicial y la p\u00e9rdida de independencia en la impartici\u00f3n de justicia.<\/p>\n\n\n\n<p>\u201cDesde que se propuso que la conformaci\u00f3n del Poder Judicial se har\u00eda por medio del voto popular, advertimos que esto representaba el desmantelamiento de las instituciones del Estado. La democracia directa, m\u00e1s que fortalecer, permiti\u00f3 la manipulaci\u00f3n del proceso por grupos ajenos a la legalidad\u201d, se\u00f1al\u00f3 ante el pleno.<\/p>\n\n\n\n<p>De acuerdo con la diputada, el proceso electoral estuvo plagado de irregularidades, como la entrega de \u201cacordeones\u201d con listas de candidatos afines al gobierno, \u201cEn lo que menos creen es en ese pueblo bueno y sabio, m\u00e1s bien creen en la rapi\u00f1a y sin decoro y cinismo imprimieron acordeones\u201d se\u00f1al\u00f3; a su vez el uso de programas sociales como mecanismo de presi\u00f3n hacia los votantes y una serie de pr\u00e1cticas que vulneraron la libertad y el secreto del voto.<\/p>\n\n\n\n<p>\u201cFue un fraude electoral de grandes proporciones. No hubo libertad ni secreto: se amenaz\u00f3 a la ciudadan\u00eda y se repartieron listas para condicionar el sufragio\u201d, denunci\u00f3. Asimismo, critic\u00f3 que, a pesar del intervencionismo gubernamental, apenas el 13% del padr\u00f3n electoral particip\u00f3, es decir el 87% de la poblaci\u00f3n se abstuvo de participar al que calific\u00f3 de gran fraude lo que consider\u00f3 una muestra del rechazo ciudadano.<\/p>\n\n\n\n<p>\u201cDe ninguna manera puedo estar de acuerdo en que se valide un proceso electoral plagado de irregularidades que rompe con los principios que rigen en materia electoral y que ha servido para imponer a los incondicionales de la 4t que de ning\u00fan modo garantizan ni imparcialidad ni justicia pronta y expedita para los justiciables el asunto es tan desastroso y tan vergonzante que se volvi\u00f3 un esc\u00e1ndalo internacional\u201d manifest\u00f3.<\/p>\n\n\n\n<p>La legisladora calific\u00f3 de desastrosa su reforma judicial \u201cFue desastroso como palomearon y excluyeron a gente preparada con su m\u00e9todo que acaba con la meritocracia y vuelve todo en un c\u00edrculo de T\u00f3mbola, luego para terminar de ama\u00f1ar un proceso y burlarse de la Democracia hicieron como seguro hac\u00edan muchos en la escuela para aventajar al m\u00e1s listo, usaron acordeones, y como no estaban muy cercanos los que ellos quer\u00edan que ganaran el primer lugar,&nbsp;&nbsp;en Veracruz hasta se cay\u00f3 el sistema de manera por dem\u00e1s descarada fuera de toda legalidad\u201d.<\/p>\n\n\n\n<p>La legisladora tambi\u00e9n cit\u00f3 el informe de la Misi\u00f3n de Observaci\u00f3n Electoral de la Organizaci\u00f3n de Estados Americanos (OEA), que document\u00f3 estas pr\u00e1cticas e hizo se\u00f1alamientos contundentes sobre la falta de transparencia, imparcialidad y legalidad en el proceso. Adem\u00e1s, record\u00f3 que tanto Naciones Unidas como la Comisi\u00f3n Interamericana de Derechos Humanos expresaron su preocupaci\u00f3n por la reforma judicial y su incompatibilidad con est\u00e1ndares internacionales de independencia judicial.<\/p>\n\n\n\n<p>En este contexto, la iniciativa presentada plantea que si en la elecci\u00f3n de ministros de la Suprema Corte no se alcanza el 40% de participaci\u00f3n ciudadana, el resultado sea declarado inv\u00e1lido y se convoque a una segunda vuelta. La propuesta, de aprobarse a nivel local, ser\u00eda turnada al Congreso de la Uni\u00f3n para su eventual discusi\u00f3n y aprobaci\u00f3n.<\/p>\n\n\n\n<p>\u201cNo m\u00e1s fraudes, no m\u00e1s imposiciones. Que la voluntad ciudadana no sea manipulada ni usada como instrumento de simulaci\u00f3n democr\u00e1tica\u201d, concluy\u00f3 la diputada.<\/p>\n","protected":false},"excerpt":{"rendered":"<p>\u2002\u2002\u00danete a nuestro canal \u00a1LOS POL\u00cdTICOS VERACRUZ&nbsp;HUELE A GAS! est\u00e1 en WhatsApp! En una postura firme y cr\u00edtica frente al reciente proceso de elecci\u00f3n popular de ministros de la Suprema Corte de Justicia, la diputada Montserrat Ortega present\u00f3 una iniciativa de reforma constitucional que busca declarar inv\u00e1lidas dichas elecciones si no participa al menos el [&hellip;]<\/p>\n","protected":false},"author":2,"featured_media":147439,"comment_status":"closed","ping_status":"closed","sticky":false,"template":"","format":"standard","meta":{"tdm_status":"","tdm_grid_status":"","footnotes":""},"categories":[43718],"tags":[13011],"class_list":{"0":"post-147438","1":"post","2":"type-post","3":"status-publish","4":"format-standard","5":"has-post-thumbnail","7":"category-elpalaciodeencanto","8":"tag-montserrat-ortega"},"yoast_head":"<!-- This site is optimized with the Yoast SEO plugin v27.4 - https:\/\/yoast.com\/product\/yoast-seo-wordpress\/ -->\n<title>SI NO VOTA EL 40%, NO VALE! - Los pol\u00edticos Veracruz<\/title>\n<meta name=\"robots\" content=\"index, follow, max-snippet:-1, max-image-preview:large, max-video-preview:-1\" \/>\n<link rel=\"canonical\" href=\"https:\/\/lospoliticosveracruz.com\/?p=147438\" \/>\n<meta property=\"og:locale\" content=\"es_ES\" \/>\n<meta property=\"og:type\" content=\"article\" \/>\n<meta property=\"og:title\" content=\"SI NO VOTA EL 40%, NO VALE! - Los pol\u00edticos Veracruz\" \/>\n<meta property=\"og:description\" content=\"\u2002\u2002\u00danete a nuestro canal \u00a1LOS POL\u00cdTICOS VERACRUZ&nbsp;HUELE A GAS! est\u00e1 en WhatsApp! En una postura firme y cr\u00edtica frente al reciente proceso de elecci\u00f3n popular de ministros de la Suprema Corte de Justicia, la diputada Montserrat Ortega present\u00f3 una iniciativa de reforma constitucional que busca declarar inv\u00e1lidas dichas elecciones si no participa al menos el [&hellip;]\" \/>\n<meta property=\"og:url\" content=\"https:\/\/lospoliticosveracruz.com\/?p=147438\" \/>\n<meta property=\"og:site_name\" content=\"Los pol\u00edticos Veracruz\" \/>\n<meta property=\"article:publisher\" content=\"https:\/\/www.facebook.com\/people\/Notimemes-de-los-Polticos\/61565672886568\/\" \/>\n<meta property=\"article:published_time\" content=\"2025-06-19T22:28:35+00:00\" \/>\n<meta property=\"article:modified_time\" content=\"2025-06-19T22:28:57+00:00\" \/>\n<meta property=\"og:image\" content=\"https:\/\/lospoliticosveracruz.com\/wp-content\/uploads\/2025\/06\/IMG_2678.jpeg\" \/>\n\t<meta property=\"og:image:width\" content=\"600\" \/>\n\t<meta property=\"og:image:height\" content=\"320\" \/>\n\t<meta property=\"og:image:type\" content=\"image\/jpeg\" \/>\n<meta name=\"author\" content=\"Lo viste en Los Pol\u00edticos\" \/>\n<meta name=\"twitter:card\" content=\"summary_large_image\" \/>\n<meta name=\"twitter:creator\" content=\"@LosPoliticosVer\" \/>\n<meta name=\"twitter:site\" content=\"@LosPoliticosVer\" \/>\n<meta name=\"twitter:label1\" content=\"Escrito por\" \/>\n\t<meta name=\"twitter:data1\" content=\"Lo viste en Los Pol\u00edticos\" \/>\n\t<meta name=\"twitter:label2\" content=\"Tiempo de lectura\" \/>\n\t<meta name=\"twitter:data2\" content=\"3 minutos\" \/>\n<script type=\"application\/ld+json\" class=\"yoast-schema-graph\">{\"@context\":\"https:\\\/\\\/schema.org\",\"@graph\":[{\"@type\":\"Article\",\"@id\":\"https:\\\/\\\/lospoliticosveracruz.com\\\/?p=147438#article\",\"isPartOf\":{\"@id\":\"https:\\\/\\\/lospoliticosveracruz.com\\\/?p=147438\"},\"author\":{\"name\":\"Lo viste en Los Pol\u00edticos\",\"@id\":\"https:\\\/\\\/lospoliticosveracruz.com\\\/#\\\/schema\\\/person\\\/b8702bb0e538456e6efd07080bf2a4a2\"},\"headline\":\"SI NO VOTA EL 40%, NO VALE!\",\"datePublished\":\"2025-06-19T22:28:35+00:00\",\"dateModified\":\"2025-06-19T22:28:57+00:00\",\"mainEntityOfPage\":{\"@id\":\"https:\\\/\\\/lospoliticosveracruz.com\\\/?p=147438\"},\"wordCount\":664,\"publisher\":{\"@id\":\"https:\\\/\\\/lospoliticosveracruz.com\\\/#organization\"},\"image\":{\"@id\":\"https:\\\/\\\/lospoliticosveracruz.com\\\/?p=147438#primaryimage\"},\"thumbnailUrl\":\"https:\\\/\\\/lospoliticosveracruz.com\\\/wp-content\\\/uploads\\\/2025\\\/06\\\/IMG_2678.jpeg\",\"keywords\":[\"Montserrat Ortega\"],\"articleSection\":[\"EL PALACIO DE ENCANTO\"],\"inLanguage\":\"es\"},{\"@type\":\"WebPage\",\"@id\":\"https:\\\/\\\/lospoliticosveracruz.com\\\/?p=147438\",\"url\":\"https:\\\/\\\/lospoliticosveracruz.com\\\/?p=147438\",\"name\":\"SI NO VOTA EL 40%, NO VALE! - Los pol\u00edticos Veracruz\",\"isPartOf\":{\"@id\":\"https:\\\/\\\/lospoliticosveracruz.com\\\/#website\"},\"primaryImageOfPage\":{\"@id\":\"https:\\\/\\\/lospoliticosveracruz.com\\\/?p=147438#primaryimage\"},\"image\":{\"@id\":\"https:\\\/\\\/lospoliticosveracruz.com\\\/?p=147438#primaryimage\"},\"thumbnailUrl\":\"https:\\\/\\\/lospoliticosveracruz.com\\\/wp-content\\\/uploads\\\/2025\\\/06\\\/IMG_2678.jpeg\",\"datePublished\":\"2025-06-19T22:28:35+00:00\",\"dateModified\":\"2025-06-19T22:28:57+00:00\",\"breadcrumb\":{\"@id\":\"https:\\\/\\\/lospoliticosveracruz.com\\\/?p=147438#breadcrumb\"},\"inLanguage\":\"es\",\"potentialAction\":[{\"@type\":\"ReadAction\",\"target\":[\"https:\\\/\\\/lospoliticosveracruz.com\\\/?p=147438\"]}]},{\"@type\":\"ImageObject\",\"inLanguage\":\"es\",\"@id\":\"https:\\\/\\\/lospoliticosveracruz.com\\\/?p=147438#primaryimage\",\"url\":\"https:\\\/\\\/lospoliticosveracruz.com\\\/wp-content\\\/uploads\\\/2025\\\/06\\\/IMG_2678.jpeg\",\"contentUrl\":\"https:\\\/\\\/lospoliticosveracruz.com\\\/wp-content\\\/uploads\\\/2025\\\/06\\\/IMG_2678.jpeg\",\"width\":600,\"height\":320},{\"@type\":\"BreadcrumbList\",\"@id\":\"https:\\\/\\\/lospoliticosveracruz.com\\\/?p=147438#breadcrumb\",\"itemListElement\":[{\"@type\":\"ListItem\",\"position\":1,\"name\":\"Portada\",\"item\":\"https:\\\/\\\/lospoliticosveracruz.com\\\/\"},{\"@type\":\"ListItem\",\"position\":2,\"name\":\"SI NO VOTA EL 40%, NO VALE!\"}]},{\"@type\":\"WebSite\",\"@id\":\"https:\\\/\\\/lospoliticosveracruz.com\\\/#website\",\"url\":\"https:\\\/\\\/lospoliticosveracruz.com\\\/\",\"name\":\"Los pol\u00edticos Veracruz\",\"description\":\"\",\"publisher\":{\"@id\":\"https:\\\/\\\/lospoliticosveracruz.com\\\/#organization\"},\"potentialAction\":[{\"@type\":\"SearchAction\",\"target\":{\"@type\":\"EntryPoint\",\"urlTemplate\":\"https:\\\/\\\/lospoliticosveracruz.com\\\/?s={search_term_string}\"},\"query-input\":{\"@type\":\"PropertyValueSpecification\",\"valueRequired\":true,\"valueName\":\"search_term_string\"}}],\"inLanguage\":\"es\"},{\"@type\":\"Organization\",\"@id\":\"https:\\\/\\\/lospoliticosveracruz.com\\\/#organization\",\"name\":\"Los pol\u00edticos Veracruz\",\"url\":\"https:\\\/\\\/lospoliticosveracruz.com\\\/\",\"logo\":{\"@type\":\"ImageObject\",\"inLanguage\":\"es\",\"@id\":\"https:\\\/\\\/lospoliticosveracruz.com\\\/#\\\/schema\\\/logo\\\/image\\\/\",\"url\":\"https:\\\/\\\/lospoliticosveracruz.com\\\/wp-content\\\/uploads\\\/2025\\\/12\\\/Logo-Nuevo-LOS-POLITICOS-1.jpg\",\"contentUrl\":\"https:\\\/\\\/lospoliticosveracruz.com\\\/wp-content\\\/uploads\\\/2025\\\/12\\\/Logo-Nuevo-LOS-POLITICOS-1.jpg\",\"width\":260,\"height\":70,\"caption\":\"Los pol\u00edticos Veracruz\"},\"image\":{\"@id\":\"https:\\\/\\\/lospoliticosveracruz.com\\\/#\\\/schema\\\/logo\\\/image\\\/\"},\"sameAs\":[\"https:\\\/\\\/www.facebook.com\\\/people\\\/Notimemes-de-los-Polticos\\\/61565672886568\\\/\",\"https:\\\/\\\/x.com\\\/LosPoliticosVer\"]},{\"@type\":\"Person\",\"@id\":\"https:\\\/\\\/lospoliticosveracruz.com\\\/#\\\/schema\\\/person\\\/b8702bb0e538456e6efd07080bf2a4a2\",\"name\":\"Lo viste en Los Pol\u00edticos\",\"image\":{\"@type\":\"ImageObject\",\"inLanguage\":\"es\",\"@id\":\"https:\\\/\\\/secure.gravatar.com\\\/avatar\\\/3a8de04a2656d44082be478bd6c086daa447c4651605818287b9532d3d0bd435?s=96&d=mm&r=g\",\"url\":\"https:\\\/\\\/secure.gravatar.com\\\/avatar\\\/3a8de04a2656d44082be478bd6c086daa447c4651605818287b9532d3d0bd435?s=96&d=mm&r=g\",\"contentUrl\":\"https:\\\/\\\/secure.gravatar.com\\\/avatar\\\/3a8de04a2656d44082be478bd6c086daa447c4651605818287b9532d3d0bd435?s=96&d=mm&r=g\",\"caption\":\"Lo viste en Los Pol\u00edticos\"},\"url\":\"https:\\\/\\\/lospoliticosveracruz.com\\\/?author=2\"}]}<\/script>\n<!-- \/ Yoast SEO plugin. -->","yoast_head_json":{"title":"SI NO VOTA EL 40%, NO VALE! - Los pol\u00edticos Veracruz","robots":{"index":"index","follow":"follow","max-snippet":"max-snippet:-1","max-image-preview":"max-image-preview:large","max-video-preview":"max-video-preview:-1"},"canonical":"https:\/\/lospoliticosveracruz.com\/?p=147438","og_locale":"es_ES","og_type":"article","og_title":"SI NO VOTA EL 40%, NO VALE! - Los pol\u00edticos Veracruz","og_description":"\u2002\u2002\u00danete a nuestro canal \u00a1LOS POL\u00cdTICOS VERACRUZ&nbsp;HUELE A GAS! est\u00e1 en WhatsApp! En una postura firme y cr\u00edtica frente al reciente proceso de elecci\u00f3n popular de ministros de la Suprema Corte de Justicia, la diputada Montserrat Ortega present\u00f3 una iniciativa de reforma constitucional que busca declarar inv\u00e1lidas dichas elecciones si no participa al menos el [&hellip;]","og_url":"https:\/\/lospoliticosveracruz.com\/?p=147438","og_site_name":"Los pol\u00edticos Veracruz","article_publisher":"https:\/\/www.facebook.com\/people\/Notimemes-de-los-Polticos\/61565672886568\/","article_published_time":"2025-06-19T22:28:35+00:00","article_modified_time":"2025-06-19T22:28:57+00:00","og_image":[{"width":600,"height":320,"url":"https:\/\/lospoliticosveracruz.com\/wp-content\/uploads\/2025\/06\/IMG_2678.jpeg","type":"image\/jpeg"}],"author":"Lo viste en Los Pol\u00edticos","twitter_card":"summary_large_image","twitter_creator":"@LosPoliticosVer","twitter_site":"@LosPoliticosVer","twitter_misc":{"Escrito por":"Lo viste en Los Pol\u00edticos","Tiempo de lectura":"3 minutos"},"schema":{"@context":"https:\/\/schema.org","@graph":[{"@type":"Article","@id":"https:\/\/lospoliticosveracruz.com\/?p=147438#article","isPartOf":{"@id":"https:\/\/lospoliticosveracruz.com\/?p=147438"},"author":{"name":"Lo viste en Los Pol\u00edticos","@id":"https:\/\/lospoliticosveracruz.com\/#\/schema\/person\/b8702bb0e538456e6efd07080bf2a4a2"},"headline":"SI NO VOTA EL 40%, NO VALE!","datePublished":"2025-06-19T22:28:35+00:00","dateModified":"2025-06-19T22:28:57+00:00","mainEntityOfPage":{"@id":"https:\/\/lospoliticosveracruz.com\/?p=147438"},"wordCount":664,"publisher":{"@id":"https:\/\/lospoliticosveracruz.com\/#organization"},"image":{"@id":"https:\/\/lospoliticosveracruz.com\/?p=147438#primaryimage"},"thumbnailUrl":"https:\/\/lospoliticosveracruz.com\/wp-content\/uploads\/2025\/06\/IMG_2678.jpeg","keywords":["Montserrat Ortega"],"articleSection":["EL PALACIO DE ENCANTO"],"inLanguage":"es"},{"@type":"WebPage","@id":"https:\/\/lospoliticosveracruz.com\/?p=147438","url":"https:\/\/lospoliticosveracruz.com\/?p=147438","name":"SI NO VOTA EL 40%, NO VALE! - Los pol\u00edticos Veracruz","isPartOf":{"@id":"https:\/\/lospoliticosveracruz.com\/#website"},"primaryImageOfPage":{"@id":"https:\/\/lospoliticosveracruz.com\/?p=147438#primaryimage"},"image":{"@id":"https:\/\/lospoliticosveracruz.com\/?p=147438#primaryimage"},"thumbnailUrl":"https:\/\/lospoliticosveracruz.com\/wp-content\/uploads\/2025\/06\/IMG_2678.jpeg","datePublished":"2025-06-19T22:28:35+00:00","dateModified":"2025-06-19T22:28:57+00:00","breadcrumb":{"@id":"https:\/\/lospoliticosveracruz.com\/?p=147438#breadcrumb"},"inLanguage":"es","potentialAction":[{"@type":"ReadAction","target":["https:\/\/lospoliticosveracruz.com\/?p=147438"]}]},{"@type":"ImageObject","inLanguage":"es","@id":"https:\/\/lospoliticosveracruz.com\/?p=147438#primaryimage","url":"https:\/\/lospoliticosveracruz.com\/wp-content\/uploads\/2025\/06\/IMG_2678.jpeg","contentUrl":"https:\/\/lospoliticosveracruz.com\/wp-content\/uploads\/2025\/06\/IMG_2678.jpeg","width":600,"height":320},{"@type":"BreadcrumbList","@id":"https:\/\/lospoliticosveracruz.com\/?p=147438#breadcrumb","itemListElement":[{"@type":"ListItem","position":1,"name":"Portada","item":"https:\/\/lospoliticosveracruz.com\/"},{"@type":"ListItem","position":2,"name":"SI NO VOTA EL 40%, NO VALE!"}]},{"@type":"WebSite","@id":"https:\/\/lospoliticosveracruz.com\/#website","url":"https:\/\/lospoliticosveracruz.com\/","name":"Los pol\u00edticos Veracruz","description":"","publisher":{"@id":"https:\/\/lospoliticosveracruz.com\/#organization"},"potentialAction":[{"@type":"SearchAction","target":{"@type":"EntryPoint","urlTemplate":"https:\/\/lospoliticosveracruz.com\/?s={search_term_string}"},"query-input":{"@type":"PropertyValueSpecification","valueRequired":true,"valueName":"search_term_string"}}],"inLanguage":"es"},{"@type":"Organization","@id":"https:\/\/lospoliticosveracruz.com\/#organization","name":"Los pol\u00edticos Veracruz","url":"https:\/\/lospoliticosveracruz.com\/","logo":{"@type":"ImageObject","inLanguage":"es","@id":"https:\/\/lospoliticosveracruz.com\/#\/schema\/logo\/image\/","url":"https:\/\/lospoliticosveracruz.com\/wp-content\/uploads\/2025\/12\/Logo-Nuevo-LOS-POLITICOS-1.jpg","contentUrl":"https:\/\/lospoliticosveracruz.com\/wp-content\/uploads\/2025\/12\/Logo-Nuevo-LOS-POLITICOS-1.jpg","width":260,"height":70,"caption":"Los pol\u00edticos Veracruz"},"image":{"@id":"https:\/\/lospoliticosveracruz.com\/#\/schema\/logo\/image\/"},"sameAs":["https:\/\/www.facebook.com\/people\/Notimemes-de-los-Polticos\/61565672886568\/","https:\/\/x.com\/LosPoliticosVer"]},{"@type":"Person","@id":"https:\/\/lospoliticosveracruz.com\/#\/schema\/person\/b8702bb0e538456e6efd07080bf2a4a2","name":"Lo viste en Los Pol\u00edticos","image":{"@type":"ImageObject","inLanguage":"es","@id":"https:\/\/secure.gravatar.com\/avatar\/3a8de04a2656d44082be478bd6c086daa447c4651605818287b9532d3d0bd435?s=96&d=mm&r=g","url":"https:\/\/secure.gravatar.com\/avatar\/3a8de04a2656d44082be478bd6c086daa447c4651605818287b9532d3d0bd435?s=96&d=mm&r=g","contentUrl":"https:\/\/secure.gravatar.com\/avatar\/3a8de04a2656d44082be478bd6c086daa447c4651605818287b9532d3d0bd435?s=96&d=mm&r=g","caption":"Lo viste en Los Pol\u00edticos"},"url":"https:\/\/lospoliticosveracruz.com\/?author=2"}]}},"_links":{"self":[{"href":"https:\/\/lospoliticosveracruz.com\/index.php?rest_route=\/wp\/v2\/posts\/147438","targetHints":{"allow":["GET"]}}],"collection":[{"href":"https:\/\/lospoliticosveracruz.com\/index.php?rest_route=\/wp\/v2\/posts"}],"about":[{"href":"https:\/\/lospoliticosveracruz.com\/index.php?rest_route=\/wp\/v2\/types\/post"}],"author":[{"embeddable":true,"href":"https:\/\/lospoliticosveracruz.com\/index.php?rest_route=\/wp\/v2\/users\/2"}],"replies":[{"embeddable":true,"href":"https:\/\/lospoliticosveracruz.com\/index.php?rest_route=%2Fwp%2Fv2%2Fcomments&post=147438"}],"version-history":[{"count":2,"href":"https:\/\/lospoliticosveracruz.com\/index.php?rest_route=\/wp\/v2\/posts\/147438\/revisions"}],"predecessor-version":[{"id":147441,"href":"https:\/\/lospoliticosveracruz.com\/index.php?rest_route=\/wp\/v2\/posts\/147438\/revisions\/147441"}],"wp:featuredmedia":[{"embeddable":true,"href":"https:\/\/lospoliticosveracruz.com\/index.php?rest_route=\/wp\/v2\/media\/147439"}],"wp:attachment":[{"href":"https:\/\/lospoliticosveracruz.com\/index.php?rest_route=%2Fwp%2Fv2%2Fmedia&parent=147438"}],"wp:term":[{"taxonomy":"category","embeddable":true,"href":"https:\/\/lospoliticosveracruz.com\/index.php?rest_route=%2Fwp%2Fv2%2Fcategories&post=147438"},{"taxonomy":"post_tag","embeddable":true,"href":"https:\/\/lospoliticosveracruz.com\/index.php?rest_route=%2Fwp%2Fv2%2Ftags&post=147438"}],"curies":[{"name":"wp","href":"https:\/\/api.w.org\/{rel}","templated":true}]}}