{"id":14754,"date":"2015-02-03T21:36:06","date_gmt":"2015-02-04T03:36:06","guid":{"rendered":"http:\/\/www.lospoliticosveracruz.com.mx\/?p=14754"},"modified":"2015-02-03T21:36:06","modified_gmt":"2015-02-04T03:36:06","slug":"la-cultura-mexicana-del-sadomasoquismo-y-el-poder","status":"publish","type":"post","link":"https:\/\/lospoliticosveracruz.com\/?p=14754","title":{"rendered":"La cultura mexicana del sadomasoquismo y el poder"},"content":{"rendered":"<p><a href=\"http:\/\/www.lospoliticosveracruz.com.mx\/wp-content\/uploads\/2015\/01\/pri.jpeg\"><img loading=\"lazy\" decoding=\"async\" class=\"alignnone size-medium wp-image-14490\" src=\"http:\/\/www.lospoliticosveracruz.com.mx\/wp-content\/uploads\/2015\/01\/pri-300x142.jpeg\" alt=\"pri\" width=\"300\" height=\"142\" \/><\/a><\/p>\n<p><strong>Jos\u00e9 Luis Ortega Vidal<\/strong><\/p>\n<p><em>Claroscuros<\/em><\/p>\n<p>El PRI es un partido pol\u00edtico.<br \/>\nEl priismo es una cultura pol\u00edtica.<br \/>\nLa cultura del priismo est\u00e1 ligada al poder, s\u00ed, pero tambi\u00e9n al retraso democr\u00e1tico; a la corrupci\u00f3n; a la impunidad; a la injusticia; a la falta de desarrollo; al abandono social como una pr\u00e1ctica de Estado; a la complicidad como una actitud individual y colectiva que permea nuestros actos cotidianos: tanto en lo p\u00fablico como en lo privado.<br \/>\nLa definici\u00f3n del priismo como un fen\u00f3meno cultural busca explicar c\u00f3mo un partido pol\u00edtico pudo instaurarse 70 a\u00f1os en el poder en M\u00e9xico, quedar fuera de \u00e9l durante dos sexenios y volver a su control: con el aval de la mayor\u00eda electoral y el fraude como un c\u00e1ncer del que nos quejamos pero del que todos \u2013en mayor o menor medida- tomamos parte.<br \/>\nM\u00e1s a\u00fan: \u00bfc\u00f3mo el partido de la dictadura perfecta ha vuelto al poder, es protagonista de los fracasos en seguridad, empleo, educaci\u00f3n, salud; goza de cabal desprestigio en el mundo y podr\u00eda ser el mayor receptor de votos en las elecciones del pr\u00f3ximo 7 de junio?<\/p>\n<p>El pasado 20 de enero del 2015 se dio a conocer esta informaci\u00f3n:<\/p>\n<p>\u201cLa competencia entre el Partido Revolucionario Institucional (PRI) y el Partido Acci\u00f3n Nacional (PAN), as\u00ed como entre el Partido de la Revoluci\u00f3n Democr\u00e1tica (PRD) y Morena, se empez\u00f3 a cerrar rumbo a las elecciones federales del 7 de junio, seg\u00fan la encuesta de enero de Parametr\u00eda y el diario El Financiero.<br \/>\nLa medici\u00f3n pone a la cabeza de la pr\u00f3xima competencia \u2014en la que se renovar\u00e1n las 500 curules de la C\u00e1mara de Diputados\u2014 al PRI, con 31% de la intenci\u00f3n de voto; le sigue el PAN, con 27%.<br \/>\nEl PRD se sit\u00faa en tercer lugar, con 12%, seguido de Morena y el Partido Verde Ecologista de M\u00e9xico (PVEM) \u2014aliado del PRI\u2014, con 10% cada uno, de acuerdo con el estudio que tiene un margen de error de +\/-2.8%.<br \/>\nEstos resultados muestran una disminuci\u00f3n en la preferencia para el PRI, partido que actualmente controla el 42.6% de la C\u00e1mara baja. El PRD tambi\u00e9n tendr\u00eda una menor bancada, pues hasta ahora cuenta con el 20.2% de los legisladores en San L\u00e1zaro.<br \/>\nEl PAN elevar\u00eda su presencia, pues hasta ahora el 22.8% de los diputados son panistas. Lo mismo el PVEM, que casi duplicar\u00eda su fracci\u00f3n desde el 5.6% que tiene en esta Legislatura.<br \/>\nEn el caso de Morena, ser\u00e1 la primera vez en que este nuevo partido participa en una elecci\u00f3n.<\/p>\n<p>http:\/\/mexico.cnn.com\/adnpolitico\/2015\/01\/20\/la-competencia-entre-partidos-se-cierra-rumbo-a-las-elecciones-encuesta<\/p>\n<p>(2)<br \/>\nA cuatro meses de las elecciones que definir\u00e1n la C\u00e1mara Baja del Congreso de la Uni\u00f3n y acompa\u00f1ar\u00e1 a Enrique Pe\u00f1a Nieto en la segunda parte de su sexenio, la encuesta de Parametr\u00eda y El Financiero dibuja una tendencia que puede cambiar: a favor o en contra del PRI, pero que dif\u00edcilmente le arrancar\u00e1 a dicho partido el primer lugar porque su c\u00f3mplice el PVEM \u2013con el 10 % de potenciales votos- en realidad es un partido sat\u00e9lite que nace del PRI, crece dentro del PRI y se al\u00eda cada proceso electoral con este partido o con el PAN; es decir con el ala derecha de la cultura priista o con la derecha formalmente constituida en el pa\u00eds.<\/p>\n<p>\u00bfPor qu\u00e9 ocurre esto?<br \/>\nHemos vivido cuatro meses de profundo dolor tras la masacre de Ayotzinapa; Enrique Pe\u00f1a Nieto tiene el m\u00e1s bajo nivel de aceptaci\u00f3n de un Presidente en la historia de M\u00e9xico; las Reformas Estructurales no responden a las expectativas generadas por los discursos oficiales; la presencia de un Comisionado en Michoac\u00e1n fue un fracaso; Guerrero, Oaxaca, Tamaulipas viven convulsos y son Estados fallidos; Veracruz sufre el incremento de las estad\u00edsticas de secuestros y las muertes violentas no frenan, as\u00ed como tampoco los asesinatos, amenazas y toda clase de agresiones \u2013incluyendo las laborales- a los periodistas jarochos.<br \/>\nCon todo esto, sin embargo, el PRI no luce como un partido d\u00e9bil que sufra la amenaza clara de perder las elecciones federales del 2015 o las 9 gubernaturas y 17 Legislaturas locales que estar\u00e1n en juego.<br \/>\nVeracruz nunca ha sido gobernado por un partido distinto al tricolor y de cara al 2016 nada garantiza que las cosas sigan igual pero al mismo tiempo nada indica, con certeza, que vayan a cambiar.<\/p>\n<p>(3)<br \/>\nUna de las posibles respuestas a estas interrogantes se ubica en la apreciaci\u00f3n del priismo m\u00e1s all\u00e1 del PRI.<br \/>\nPensar en un Estado antidemocr\u00e1tico manejado por un partido de profunda vocaci\u00f3n hacia la corrupci\u00f3n, no explica un fen\u00f3meno como el de la cultura pol\u00edtica mexicana.<br \/>\nLa sociedad civil que no reacciona a pesar de pagar las consecuencias de una atrocidad como la descrita l\u00edneas atr\u00e1s, es c\u00f3mplice necesariamente de esta circunstancia.<br \/>\nLo es con su indiferencia y lo es con sus actos.<br \/>\nAqu\u00ed, entonces, se inscribe el concepto del priismo como un fen\u00f3meno hist\u00f3rico mexicano.<br \/>\nLa de M\u00e9xico es una cultura pol\u00edtica de tendencia profundamente corrupta.<\/p>\n<p>(4)<br \/>\n\u00bfQu\u00e9 es el priismo?<br \/>\nEs muchas cosas y entre ellas es algo de sadomasoquismo pol\u00edtico.<\/p>\n","protected":false},"excerpt":{"rendered":"<p>Jos\u00e9 Luis Ortega Vidal Claroscuros El PRI es un partido pol\u00edtico. El priismo es una cultura pol\u00edtica. La cultura del priismo est\u00e1 ligada al poder, s\u00ed, pero tambi\u00e9n al retraso democr\u00e1tico; a la corrupci\u00f3n; a la impunidad; a la injusticia; a la falta de desarrollo; al abandono social como una pr\u00e1ctica de Estado; a la [&hellip;]<\/p>\n","protected":false},"author":2,"featured_media":0,"comment_status":"open","ping_status":"open","sticky":false,"template":"","format":"standard","meta":{"tdm_status":"","tdm_grid_status":"","footnotes":""},"categories":[70],"tags":[281,251],"class_list":{"0":"post-14754","1":"post","2":"type-post","3":"status-publish","4":"format-standard","6":"category-de-opinion","7":"tag-enrique-pena-nieto","8":"tag-pri"},"yoast_head":"<!-- This site is optimized with the Yoast SEO plugin v27.4 - https:\/\/yoast.com\/product\/yoast-seo-wordpress\/ -->\n<title>La cultura mexicana del sadomasoquismo y el poder - Los pol\u00edticos Veracruz<\/title>\n<meta name=\"robots\" content=\"index, follow, max-snippet:-1, max-image-preview:large, max-video-preview:-1\" \/>\n<link rel=\"canonical\" href=\"https:\/\/lospoliticosveracruz.com\/?p=14754\" \/>\n<meta property=\"og:locale\" content=\"es_ES\" \/>\n<meta property=\"og:type\" content=\"article\" \/>\n<meta property=\"og:title\" content=\"La cultura mexicana del sadomasoquismo y el poder - Los pol\u00edticos Veracruz\" \/>\n<meta property=\"og:description\" content=\"Jos\u00e9 Luis Ortega Vidal Claroscuros El PRI es un partido pol\u00edtico. El priismo es una cultura pol\u00edtica. La cultura del priismo est\u00e1 ligada al poder, s\u00ed, pero tambi\u00e9n al retraso democr\u00e1tico; a la corrupci\u00f3n; a la impunidad; a la injusticia; a la falta de desarrollo; al abandono social como una pr\u00e1ctica de Estado; a la [&hellip;]\" \/>\n<meta property=\"og:url\" content=\"https:\/\/lospoliticosveracruz.com\/?p=14754\" \/>\n<meta property=\"og:site_name\" content=\"Los pol\u00edticos Veracruz\" \/>\n<meta property=\"article:publisher\" content=\"https:\/\/www.facebook.com\/people\/Notimemes-de-los-Polticos\/61565672886568\/\" \/>\n<meta property=\"article:published_time\" content=\"2015-02-04T03:36:06+00:00\" \/>\n<meta property=\"og:image\" content=\"http:\/\/www.lospoliticosveracruz.com.mx\/wp-content\/uploads\/2015\/01\/pri-300x142.jpeg\" \/>\n<meta name=\"author\" content=\"Lo viste en Los Pol\u00edticos\" \/>\n<meta name=\"twitter:card\" content=\"summary_large_image\" \/>\n<meta name=\"twitter:creator\" content=\"@LosPoliticosVer\" \/>\n<meta name=\"twitter:site\" content=\"@LosPoliticosVer\" \/>\n<meta name=\"twitter:label1\" content=\"Escrito por\" \/>\n\t<meta name=\"twitter:data1\" content=\"Lo viste en Los Pol\u00edticos\" \/>\n\t<meta name=\"twitter:label2\" content=\"Tiempo de lectura\" \/>\n\t<meta name=\"twitter:data2\" content=\"4 minutos\" \/>\n<script type=\"application\/ld+json\" class=\"yoast-schema-graph\">{\"@context\":\"https:\\\/\\\/schema.org\",\"@graph\":[{\"@type\":\"Article\",\"@id\":\"https:\\\/\\\/lospoliticosveracruz.com\\\/?p=14754#article\",\"isPartOf\":{\"@id\":\"https:\\\/\\\/lospoliticosveracruz.com\\\/?p=14754\"},\"author\":{\"name\":\"Lo viste en Los Pol\u00edticos\",\"@id\":\"https:\\\/\\\/lospoliticosveracruz.com\\\/#\\\/schema\\\/person\\\/b8702bb0e538456e6efd07080bf2a4a2\"},\"headline\":\"La cultura mexicana del sadomasoquismo y el poder\",\"datePublished\":\"2015-02-04T03:36:06+00:00\",\"mainEntityOfPage\":{\"@id\":\"https:\\\/\\\/lospoliticosveracruz.com\\\/?p=14754\"},\"wordCount\":898,\"commentCount\":0,\"publisher\":{\"@id\":\"https:\\\/\\\/lospoliticosveracruz.com\\\/#organization\"},\"image\":{\"@id\":\"https:\\\/\\\/lospoliticosveracruz.com\\\/?p=14754#primaryimage\"},\"thumbnailUrl\":\"http:\\\/\\\/www.lospoliticosveracruz.com.mx\\\/wp-content\\\/uploads\\\/2015\\\/01\\\/pri-300x142.jpeg\",\"keywords\":[\"Enrique Pe\u00f1a Nieto\",\"PRI\"],\"articleSection\":[\"De Opini\u00f3n\"],\"inLanguage\":\"es\",\"potentialAction\":[{\"@type\":\"CommentAction\",\"name\":\"Comment\",\"target\":[\"https:\\\/\\\/lospoliticosveracruz.com\\\/?p=14754#respond\"]}]},{\"@type\":\"WebPage\",\"@id\":\"https:\\\/\\\/lospoliticosveracruz.com\\\/?p=14754\",\"url\":\"https:\\\/\\\/lospoliticosveracruz.com\\\/?p=14754\",\"name\":\"La cultura mexicana del sadomasoquismo y el poder - Los pol\u00edticos Veracruz\",\"isPartOf\":{\"@id\":\"https:\\\/\\\/lospoliticosveracruz.com\\\/#website\"},\"primaryImageOfPage\":{\"@id\":\"https:\\\/\\\/lospoliticosveracruz.com\\\/?p=14754#primaryimage\"},\"image\":{\"@id\":\"https:\\\/\\\/lospoliticosveracruz.com\\\/?p=14754#primaryimage\"},\"thumbnailUrl\":\"http:\\\/\\\/www.lospoliticosveracruz.com.mx\\\/wp-content\\\/uploads\\\/2015\\\/01\\\/pri-300x142.jpeg\",\"datePublished\":\"2015-02-04T03:36:06+00:00\",\"breadcrumb\":{\"@id\":\"https:\\\/\\\/lospoliticosveracruz.com\\\/?p=14754#breadcrumb\"},\"inLanguage\":\"es\",\"potentialAction\":[{\"@type\":\"ReadAction\",\"target\":[\"https:\\\/\\\/lospoliticosveracruz.com\\\/?p=14754\"]}]},{\"@type\":\"ImageObject\",\"inLanguage\":\"es\",\"@id\":\"https:\\\/\\\/lospoliticosveracruz.com\\\/?p=14754#primaryimage\",\"url\":\"http:\\\/\\\/www.lospoliticosveracruz.com.mx\\\/wp-content\\\/uploads\\\/2015\\\/01\\\/pri-300x142.jpeg\",\"contentUrl\":\"http:\\\/\\\/www.lospoliticosveracruz.com.mx\\\/wp-content\\\/uploads\\\/2015\\\/01\\\/pri-300x142.jpeg\"},{\"@type\":\"BreadcrumbList\",\"@id\":\"https:\\\/\\\/lospoliticosveracruz.com\\\/?p=14754#breadcrumb\",\"itemListElement\":[{\"@type\":\"ListItem\",\"position\":1,\"name\":\"Portada\",\"item\":\"https:\\\/\\\/lospoliticosveracruz.com\\\/\"},{\"@type\":\"ListItem\",\"position\":2,\"name\":\"La cultura mexicana del sadomasoquismo y el poder\"}]},{\"@type\":\"WebSite\",\"@id\":\"https:\\\/\\\/lospoliticosveracruz.com\\\/#website\",\"url\":\"https:\\\/\\\/lospoliticosveracruz.com\\\/\",\"name\":\"Los pol\u00edticos Veracruz\",\"description\":\"\",\"publisher\":{\"@id\":\"https:\\\/\\\/lospoliticosveracruz.com\\\/#organization\"},\"potentialAction\":[{\"@type\":\"SearchAction\",\"target\":{\"@type\":\"EntryPoint\",\"urlTemplate\":\"https:\\\/\\\/lospoliticosveracruz.com\\\/?s={search_term_string}\"},\"query-input\":{\"@type\":\"PropertyValueSpecification\",\"valueRequired\":true,\"valueName\":\"search_term_string\"}}],\"inLanguage\":\"es\"},{\"@type\":\"Organization\",\"@id\":\"https:\\\/\\\/lospoliticosveracruz.com\\\/#organization\",\"name\":\"Los pol\u00edticos Veracruz\",\"url\":\"https:\\\/\\\/lospoliticosveracruz.com\\\/\",\"logo\":{\"@type\":\"ImageObject\",\"inLanguage\":\"es\",\"@id\":\"https:\\\/\\\/lospoliticosveracruz.com\\\/#\\\/schema\\\/logo\\\/image\\\/\",\"url\":\"https:\\\/\\\/lospoliticosveracruz.com\\\/wp-content\\\/uploads\\\/2025\\\/12\\\/Logo-Nuevo-LOS-POLITICOS-1.jpg\",\"contentUrl\":\"https:\\\/\\\/lospoliticosveracruz.com\\\/wp-content\\\/uploads\\\/2025\\\/12\\\/Logo-Nuevo-LOS-POLITICOS-1.jpg\",\"width\":260,\"height\":70,\"caption\":\"Los pol\u00edticos Veracruz\"},\"image\":{\"@id\":\"https:\\\/\\\/lospoliticosveracruz.com\\\/#\\\/schema\\\/logo\\\/image\\\/\"},\"sameAs\":[\"https:\\\/\\\/www.facebook.com\\\/people\\\/Notimemes-de-los-Polticos\\\/61565672886568\\\/\",\"https:\\\/\\\/x.com\\\/LosPoliticosVer\"]},{\"@type\":\"Person\",\"@id\":\"https:\\\/\\\/lospoliticosveracruz.com\\\/#\\\/schema\\\/person\\\/b8702bb0e538456e6efd07080bf2a4a2\",\"name\":\"Lo viste en Los Pol\u00edticos\",\"image\":{\"@type\":\"ImageObject\",\"inLanguage\":\"es\",\"@id\":\"https:\\\/\\\/secure.gravatar.com\\\/avatar\\\/3a8de04a2656d44082be478bd6c086daa447c4651605818287b9532d3d0bd435?s=96&d=mm&r=g\",\"url\":\"https:\\\/\\\/secure.gravatar.com\\\/avatar\\\/3a8de04a2656d44082be478bd6c086daa447c4651605818287b9532d3d0bd435?s=96&d=mm&r=g\",\"contentUrl\":\"https:\\\/\\\/secure.gravatar.com\\\/avatar\\\/3a8de04a2656d44082be478bd6c086daa447c4651605818287b9532d3d0bd435?s=96&d=mm&r=g\",\"caption\":\"Lo viste en Los Pol\u00edticos\"},\"url\":\"https:\\\/\\\/lospoliticosveracruz.com\\\/?author=2\"}]}<\/script>\n<!-- \/ Yoast SEO plugin. -->","yoast_head_json":{"title":"La cultura mexicana del sadomasoquismo y el poder - Los pol\u00edticos Veracruz","robots":{"index":"index","follow":"follow","max-snippet":"max-snippet:-1","max-image-preview":"max-image-preview:large","max-video-preview":"max-video-preview:-1"},"canonical":"https:\/\/lospoliticosveracruz.com\/?p=14754","og_locale":"es_ES","og_type":"article","og_title":"La cultura mexicana del sadomasoquismo y el poder - Los pol\u00edticos Veracruz","og_description":"Jos\u00e9 Luis Ortega Vidal Claroscuros El PRI es un partido pol\u00edtico. El priismo es una cultura pol\u00edtica. La cultura del priismo est\u00e1 ligada al poder, s\u00ed, pero tambi\u00e9n al retraso democr\u00e1tico; a la corrupci\u00f3n; a la impunidad; a la injusticia; a la falta de desarrollo; al abandono social como una pr\u00e1ctica de Estado; a la [&hellip;]","og_url":"https:\/\/lospoliticosveracruz.com\/?p=14754","og_site_name":"Los pol\u00edticos Veracruz","article_publisher":"https:\/\/www.facebook.com\/people\/Notimemes-de-los-Polticos\/61565672886568\/","article_published_time":"2015-02-04T03:36:06+00:00","og_image":[{"url":"http:\/\/www.lospoliticosveracruz.com.mx\/wp-content\/uploads\/2015\/01\/pri-300x142.jpeg","type":"","width":"","height":""}],"author":"Lo viste en Los Pol\u00edticos","twitter_card":"summary_large_image","twitter_creator":"@LosPoliticosVer","twitter_site":"@LosPoliticosVer","twitter_misc":{"Escrito por":"Lo viste en Los Pol\u00edticos","Tiempo de lectura":"4 minutos"},"schema":{"@context":"https:\/\/schema.org","@graph":[{"@type":"Article","@id":"https:\/\/lospoliticosveracruz.com\/?p=14754#article","isPartOf":{"@id":"https:\/\/lospoliticosveracruz.com\/?p=14754"},"author":{"name":"Lo viste en Los Pol\u00edticos","@id":"https:\/\/lospoliticosveracruz.com\/#\/schema\/person\/b8702bb0e538456e6efd07080bf2a4a2"},"headline":"La cultura mexicana del sadomasoquismo y el poder","datePublished":"2015-02-04T03:36:06+00:00","mainEntityOfPage":{"@id":"https:\/\/lospoliticosveracruz.com\/?p=14754"},"wordCount":898,"commentCount":0,"publisher":{"@id":"https:\/\/lospoliticosveracruz.com\/#organization"},"image":{"@id":"https:\/\/lospoliticosveracruz.com\/?p=14754#primaryimage"},"thumbnailUrl":"http:\/\/www.lospoliticosveracruz.com.mx\/wp-content\/uploads\/2015\/01\/pri-300x142.jpeg","keywords":["Enrique Pe\u00f1a Nieto","PRI"],"articleSection":["De Opini\u00f3n"],"inLanguage":"es","potentialAction":[{"@type":"CommentAction","name":"Comment","target":["https:\/\/lospoliticosveracruz.com\/?p=14754#respond"]}]},{"@type":"WebPage","@id":"https:\/\/lospoliticosveracruz.com\/?p=14754","url":"https:\/\/lospoliticosveracruz.com\/?p=14754","name":"La cultura mexicana del sadomasoquismo y el poder - Los pol\u00edticos Veracruz","isPartOf":{"@id":"https:\/\/lospoliticosveracruz.com\/#website"},"primaryImageOfPage":{"@id":"https:\/\/lospoliticosveracruz.com\/?p=14754#primaryimage"},"image":{"@id":"https:\/\/lospoliticosveracruz.com\/?p=14754#primaryimage"},"thumbnailUrl":"http:\/\/www.lospoliticosveracruz.com.mx\/wp-content\/uploads\/2015\/01\/pri-300x142.jpeg","datePublished":"2015-02-04T03:36:06+00:00","breadcrumb":{"@id":"https:\/\/lospoliticosveracruz.com\/?p=14754#breadcrumb"},"inLanguage":"es","potentialAction":[{"@type":"ReadAction","target":["https:\/\/lospoliticosveracruz.com\/?p=14754"]}]},{"@type":"ImageObject","inLanguage":"es","@id":"https:\/\/lospoliticosveracruz.com\/?p=14754#primaryimage","url":"http:\/\/www.lospoliticosveracruz.com.mx\/wp-content\/uploads\/2015\/01\/pri-300x142.jpeg","contentUrl":"http:\/\/www.lospoliticosveracruz.com.mx\/wp-content\/uploads\/2015\/01\/pri-300x142.jpeg"},{"@type":"BreadcrumbList","@id":"https:\/\/lospoliticosveracruz.com\/?p=14754#breadcrumb","itemListElement":[{"@type":"ListItem","position":1,"name":"Portada","item":"https:\/\/lospoliticosveracruz.com\/"},{"@type":"ListItem","position":2,"name":"La cultura mexicana del sadomasoquismo y el poder"}]},{"@type":"WebSite","@id":"https:\/\/lospoliticosveracruz.com\/#website","url":"https:\/\/lospoliticosveracruz.com\/","name":"Los pol\u00edticos Veracruz","description":"","publisher":{"@id":"https:\/\/lospoliticosveracruz.com\/#organization"},"potentialAction":[{"@type":"SearchAction","target":{"@type":"EntryPoint","urlTemplate":"https:\/\/lospoliticosveracruz.com\/?s={search_term_string}"},"query-input":{"@type":"PropertyValueSpecification","valueRequired":true,"valueName":"search_term_string"}}],"inLanguage":"es"},{"@type":"Organization","@id":"https:\/\/lospoliticosveracruz.com\/#organization","name":"Los pol\u00edticos Veracruz","url":"https:\/\/lospoliticosveracruz.com\/","logo":{"@type":"ImageObject","inLanguage":"es","@id":"https:\/\/lospoliticosveracruz.com\/#\/schema\/logo\/image\/","url":"https:\/\/lospoliticosveracruz.com\/wp-content\/uploads\/2025\/12\/Logo-Nuevo-LOS-POLITICOS-1.jpg","contentUrl":"https:\/\/lospoliticosveracruz.com\/wp-content\/uploads\/2025\/12\/Logo-Nuevo-LOS-POLITICOS-1.jpg","width":260,"height":70,"caption":"Los pol\u00edticos Veracruz"},"image":{"@id":"https:\/\/lospoliticosveracruz.com\/#\/schema\/logo\/image\/"},"sameAs":["https:\/\/www.facebook.com\/people\/Notimemes-de-los-Polticos\/61565672886568\/","https:\/\/x.com\/LosPoliticosVer"]},{"@type":"Person","@id":"https:\/\/lospoliticosveracruz.com\/#\/schema\/person\/b8702bb0e538456e6efd07080bf2a4a2","name":"Lo viste en Los Pol\u00edticos","image":{"@type":"ImageObject","inLanguage":"es","@id":"https:\/\/secure.gravatar.com\/avatar\/3a8de04a2656d44082be478bd6c086daa447c4651605818287b9532d3d0bd435?s=96&d=mm&r=g","url":"https:\/\/secure.gravatar.com\/avatar\/3a8de04a2656d44082be478bd6c086daa447c4651605818287b9532d3d0bd435?s=96&d=mm&r=g","contentUrl":"https:\/\/secure.gravatar.com\/avatar\/3a8de04a2656d44082be478bd6c086daa447c4651605818287b9532d3d0bd435?s=96&d=mm&r=g","caption":"Lo viste en Los Pol\u00edticos"},"url":"https:\/\/lospoliticosveracruz.com\/?author=2"}]}},"_links":{"self":[{"href":"https:\/\/lospoliticosveracruz.com\/index.php?rest_route=\/wp\/v2\/posts\/14754","targetHints":{"allow":["GET"]}}],"collection":[{"href":"https:\/\/lospoliticosveracruz.com\/index.php?rest_route=\/wp\/v2\/posts"}],"about":[{"href":"https:\/\/lospoliticosveracruz.com\/index.php?rest_route=\/wp\/v2\/types\/post"}],"author":[{"embeddable":true,"href":"https:\/\/lospoliticosveracruz.com\/index.php?rest_route=\/wp\/v2\/users\/2"}],"replies":[{"embeddable":true,"href":"https:\/\/lospoliticosveracruz.com\/index.php?rest_route=%2Fwp%2Fv2%2Fcomments&post=14754"}],"version-history":[{"count":1,"href":"https:\/\/lospoliticosveracruz.com\/index.php?rest_route=\/wp\/v2\/posts\/14754\/revisions"}],"predecessor-version":[{"id":14755,"href":"https:\/\/lospoliticosveracruz.com\/index.php?rest_route=\/wp\/v2\/posts\/14754\/revisions\/14755"}],"wp:attachment":[{"href":"https:\/\/lospoliticosveracruz.com\/index.php?rest_route=%2Fwp%2Fv2%2Fmedia&parent=14754"}],"wp:term":[{"taxonomy":"category","embeddable":true,"href":"https:\/\/lospoliticosveracruz.com\/index.php?rest_route=%2Fwp%2Fv2%2Fcategories&post=14754"},{"taxonomy":"post_tag","embeddable":true,"href":"https:\/\/lospoliticosveracruz.com\/index.php?rest_route=%2Fwp%2Fv2%2Ftags&post=14754"}],"curies":[{"name":"wp","href":"https:\/\/api.w.org\/{rel}","templated":true}]}}