{"id":147550,"date":"2025-06-21T15:37:56","date_gmt":"2025-06-21T20:37:56","guid":{"rendered":"https:\/\/lospoliticosveracruz.com.mx\/?p=147550"},"modified":"2025-06-21T15:38:28","modified_gmt":"2025-06-21T20:38:28","slug":"hay-fut-hay-chamba","status":"publish","type":"post","link":"https:\/\/lospoliticosveracruz.com\/?p=147550","title":{"rendered":"HAY FUT, HAY CHAMBA!"},"content":{"rendered":"\n<p><\/p>\n\n\n\n<p><em>Veracruz: <\/em> \u201cLos veracruzanos estamos deseosos de que regrese el futbol, de revivir nuestros fines de semana familiares, acudiendo al estadio Luis \u2018Pirata\u2019 Fuente\u201d, expres\u00f3 la presidenta de la C\u00e1mara Nacional de la Industria Restaurantera y Alimentos Condimentados (CANIRAC) en Veracruz, Abigail Guzm\u00e1n Hern\u00e1ndez.<\/p>\n\n\n\n<p>Destac\u00f3 que la derrama econ\u00f3mica en el caso de la zona conurbada cuando hay juegos de futbol es muy significativa, \u201clo ve\u00edamos cuando estaba el futbol antes, hab\u00eda contrataci\u00f3n de personal, se incrementaba el trabajo en los restaurantes, los comercios se preparaban con personal extra para esos fines de semana de futbol, en donde la afluencia de visitantes era masiva\u201d.<\/p>\n\n\n\n<p>Con el futbol, cada 15 d\u00edas podemos tener fines de semana seguros para la venta y no estar esperando que venga un evento ocasional\u201d, indic\u00f3 la titular de la CANIRAC Veracruz.<\/p>\n\n\n\n<p>Guzm\u00e1n Hern\u00e1ndez fue contundente al se\u00f1alar que el impacto positivo en la econom\u00eda con el futbol profesional local es amplio, no solo para los restaurantes, sino tambi\u00e9n para hoteles, taxistas y diversos sectores productivos .<\/p>\n\n\n\n<p>Cuestionada sobre la pol\u00e9mica del nombre del equipo, ya que debido a restricciones legales no puede llamarse Tiburones y ahora ser\u00e1n los Piratas de Veracruz, expres\u00f3 \u201c lo he comentado con algunos compa\u00f1eros; estamos enfrascados mucho en el tema del nombre del equipo; y Tiburones no pueden ser, el proyecto inmediato son los Piratas de Veracruz y ser\u00e1n bienvenidos, lo realmente importante es que exista un equipo profesional de cuando menos la Liga de Expansi\u00f3n MX en Veracruz y que tengamos f\u00fatbol cada 15 d\u00edas durante ambos torneos.<\/p>\n\n\n\n<p>\u201cEs una l\u00e1stima que tengamos un nuevo estadio como el Luis \u2018Pirata\u2019 Fuente que qued\u00f3 muy bonito y seg\u00fan me dicen es ahora uno de los mejores del pa\u00eds y est\u00e9 sin equipo. En el caso del sector restaurantero, pues dependemos mucho de los fines de semana, de las fiestas, eventos, carnaval y el futbol es precisamente eso, una fiesta de los veracruzanos\u201d, dijo la entrevistada.<\/p>\n\n\n\n<p>La presidenta de la CANIRAC Veracruz extern\u00f3 un mensaje hacia los dirigentes de la federaci\u00f3n de futbol que est\u00e1n analizando la autorizaci\u00f3n del cambio de Celaya a Veracruz: \u201cQue nos vean a Veracruz con la importancia que tiene realmente, que nos den un lugar y la oportunidad como otros estados del pa\u00eds. Tenemos una gran afici\u00f3n, muy apasionada y con alma, por ello deben tomar en cuenta que los veracruzanos estamos deseosos de que regrese el futbol profesional\u201d enfatiz\u00f3, la representante del sector restaurantero en Veracruz-Boca del R\u00edo.<\/p>\n","protected":false},"excerpt":{"rendered":"<p>Veracruz: \u201cLos veracruzanos estamos deseosos de que regrese el futbol, de revivir nuestros fines de semana familiares, acudiendo al estadio Luis \u2018Pirata\u2019 Fuente\u201d, expres\u00f3 la presidenta de la C\u00e1mara Nacional de la Industria Restaurantera y Alimentos Condimentados (CANIRAC) en Veracruz, Abigail Guzm\u00e1n Hern\u00e1ndez. Destac\u00f3 que la derrama econ\u00f3mica en el caso de la zona conurbada [&hellip;]<\/p>\n","protected":false},"author":2,"featured_media":147551,"comment_status":"closed","ping_status":"closed","sticky":false,"template":"","format":"standard","meta":{"tdm_status":"","tdm_grid_status":"","footnotes":""},"categories":[40050],"tags":[7998,1026,195],"class_list":{"0":"post-147550","1":"post","2":"type-post","3":"status-publish","4":"format-standard","5":"has-post-thumbnail","7":"category-juega","8":"tag-canirac","9":"tag-morena","10":"tag-veracruz"},"yoast_head":"<!-- This site is optimized with the Yoast SEO plugin v27.4 - https:\/\/yoast.com\/product\/yoast-seo-wordpress\/ -->\n<title>HAY FUT, HAY CHAMBA! - Los pol\u00edticos Veracruz<\/title>\n<meta name=\"robots\" content=\"index, follow, max-snippet:-1, max-image-preview:large, max-video-preview:-1\" \/>\n<link rel=\"canonical\" href=\"https:\/\/lospoliticosveracruz.com\/?p=147550\" \/>\n<meta property=\"og:locale\" content=\"es_ES\" \/>\n<meta property=\"og:type\" content=\"article\" \/>\n<meta property=\"og:title\" content=\"HAY FUT, HAY CHAMBA! - Los pol\u00edticos Veracruz\" \/>\n<meta property=\"og:description\" content=\"Veracruz: \u201cLos veracruzanos estamos deseosos de que regrese el futbol, de revivir nuestros fines de semana familiares, acudiendo al estadio Luis \u2018Pirata\u2019 Fuente\u201d, expres\u00f3 la presidenta de la C\u00e1mara Nacional de la Industria Restaurantera y Alimentos Condimentados (CANIRAC) en Veracruz, Abigail Guzm\u00e1n Hern\u00e1ndez. Destac\u00f3 que la derrama econ\u00f3mica en el caso de la zona conurbada [&hellip;]\" \/>\n<meta property=\"og:url\" content=\"https:\/\/lospoliticosveracruz.com\/?p=147550\" \/>\n<meta property=\"og:site_name\" content=\"Los pol\u00edticos Veracruz\" \/>\n<meta property=\"article:publisher\" content=\"https:\/\/www.facebook.com\/people\/Notimemes-de-los-Polticos\/61565672886568\/\" \/>\n<meta property=\"article:published_time\" content=\"2025-06-21T20:37:56+00:00\" \/>\n<meta property=\"article:modified_time\" content=\"2025-06-21T20:38:28+00:00\" \/>\n<meta property=\"og:image\" content=\"https:\/\/lospoliticosveracruz.com\/wp-content\/uploads\/2025\/06\/82dd2a0a-45a9-4336-8939-683e11022ab8.jpeg\" \/>\n\t<meta property=\"og:image:width\" content=\"1024\" \/>\n\t<meta property=\"og:image:height\" content=\"651\" \/>\n\t<meta property=\"og:image:type\" content=\"image\/jpeg\" \/>\n<meta name=\"author\" content=\"Lo viste en Los Pol\u00edticos\" \/>\n<meta name=\"twitter:card\" content=\"summary_large_image\" \/>\n<meta name=\"twitter:creator\" content=\"@LosPoliticosVer\" \/>\n<meta name=\"twitter:site\" content=\"@LosPoliticosVer\" \/>\n<meta name=\"twitter:label1\" content=\"Escrito por\" \/>\n\t<meta name=\"twitter:data1\" content=\"Lo viste en Los Pol\u00edticos\" \/>\n\t<meta name=\"twitter:label2\" content=\"Tiempo de lectura\" \/>\n\t<meta name=\"twitter:data2\" content=\"2 minutos\" \/>\n<script type=\"application\/ld+json\" class=\"yoast-schema-graph\">{\"@context\":\"https:\\\/\\\/schema.org\",\"@graph\":[{\"@type\":\"Article\",\"@id\":\"https:\\\/\\\/lospoliticosveracruz.com\\\/?p=147550#article\",\"isPartOf\":{\"@id\":\"https:\\\/\\\/lospoliticosveracruz.com\\\/?p=147550\"},\"author\":{\"name\":\"Lo viste en Los Pol\u00edticos\",\"@id\":\"https:\\\/\\\/lospoliticosveracruz.com\\\/#\\\/schema\\\/person\\\/b8702bb0e538456e6efd07080bf2a4a2\"},\"headline\":\"HAY FUT, HAY CHAMBA!\",\"datePublished\":\"2025-06-21T20:37:56+00:00\",\"dateModified\":\"2025-06-21T20:38:28+00:00\",\"mainEntityOfPage\":{\"@id\":\"https:\\\/\\\/lospoliticosveracruz.com\\\/?p=147550\"},\"wordCount\":440,\"publisher\":{\"@id\":\"https:\\\/\\\/lospoliticosveracruz.com\\\/#organization\"},\"image\":{\"@id\":\"https:\\\/\\\/lospoliticosveracruz.com\\\/?p=147550#primaryimage\"},\"thumbnailUrl\":\"https:\\\/\\\/lospoliticosveracruz.com\\\/wp-content\\\/uploads\\\/2025\\\/06\\\/82dd2a0a-45a9-4336-8939-683e11022ab8.jpeg\",\"keywords\":[\"Canirac\",\"Morena\",\"Veracruz\"],\"articleSection\":[\"Juega!\"],\"inLanguage\":\"es\"},{\"@type\":\"WebPage\",\"@id\":\"https:\\\/\\\/lospoliticosveracruz.com\\\/?p=147550\",\"url\":\"https:\\\/\\\/lospoliticosveracruz.com\\\/?p=147550\",\"name\":\"HAY FUT, HAY CHAMBA! - Los pol\u00edticos Veracruz\",\"isPartOf\":{\"@id\":\"https:\\\/\\\/lospoliticosveracruz.com\\\/#website\"},\"primaryImageOfPage\":{\"@id\":\"https:\\\/\\\/lospoliticosveracruz.com\\\/?p=147550#primaryimage\"},\"image\":{\"@id\":\"https:\\\/\\\/lospoliticosveracruz.com\\\/?p=147550#primaryimage\"},\"thumbnailUrl\":\"https:\\\/\\\/lospoliticosveracruz.com\\\/wp-content\\\/uploads\\\/2025\\\/06\\\/82dd2a0a-45a9-4336-8939-683e11022ab8.jpeg\",\"datePublished\":\"2025-06-21T20:37:56+00:00\",\"dateModified\":\"2025-06-21T20:38:28+00:00\",\"breadcrumb\":{\"@id\":\"https:\\\/\\\/lospoliticosveracruz.com\\\/?p=147550#breadcrumb\"},\"inLanguage\":\"es\",\"potentialAction\":[{\"@type\":\"ReadAction\",\"target\":[\"https:\\\/\\\/lospoliticosveracruz.com\\\/?p=147550\"]}]},{\"@type\":\"ImageObject\",\"inLanguage\":\"es\",\"@id\":\"https:\\\/\\\/lospoliticosveracruz.com\\\/?p=147550#primaryimage\",\"url\":\"https:\\\/\\\/lospoliticosveracruz.com\\\/wp-content\\\/uploads\\\/2025\\\/06\\\/82dd2a0a-45a9-4336-8939-683e11022ab8.jpeg\",\"contentUrl\":\"https:\\\/\\\/lospoliticosveracruz.com\\\/wp-content\\\/uploads\\\/2025\\\/06\\\/82dd2a0a-45a9-4336-8939-683e11022ab8.jpeg\",\"width\":1024,\"height\":651},{\"@type\":\"BreadcrumbList\",\"@id\":\"https:\\\/\\\/lospoliticosveracruz.com\\\/?p=147550#breadcrumb\",\"itemListElement\":[{\"@type\":\"ListItem\",\"position\":1,\"name\":\"Portada\",\"item\":\"https:\\\/\\\/lospoliticosveracruz.com\\\/\"},{\"@type\":\"ListItem\",\"position\":2,\"name\":\"HAY FUT, HAY CHAMBA!\"}]},{\"@type\":\"WebSite\",\"@id\":\"https:\\\/\\\/lospoliticosveracruz.com\\\/#website\",\"url\":\"https:\\\/\\\/lospoliticosveracruz.com\\\/\",\"name\":\"Los pol\u00edticos Veracruz\",\"description\":\"\",\"publisher\":{\"@id\":\"https:\\\/\\\/lospoliticosveracruz.com\\\/#organization\"},\"potentialAction\":[{\"@type\":\"SearchAction\",\"target\":{\"@type\":\"EntryPoint\",\"urlTemplate\":\"https:\\\/\\\/lospoliticosveracruz.com\\\/?s={search_term_string}\"},\"query-input\":{\"@type\":\"PropertyValueSpecification\",\"valueRequired\":true,\"valueName\":\"search_term_string\"}}],\"inLanguage\":\"es\"},{\"@type\":\"Organization\",\"@id\":\"https:\\\/\\\/lospoliticosveracruz.com\\\/#organization\",\"name\":\"Los pol\u00edticos Veracruz\",\"url\":\"https:\\\/\\\/lospoliticosveracruz.com\\\/\",\"logo\":{\"@type\":\"ImageObject\",\"inLanguage\":\"es\",\"@id\":\"https:\\\/\\\/lospoliticosveracruz.com\\\/#\\\/schema\\\/logo\\\/image\\\/\",\"url\":\"https:\\\/\\\/lospoliticosveracruz.com\\\/wp-content\\\/uploads\\\/2025\\\/12\\\/Logo-Nuevo-LOS-POLITICOS-1.jpg\",\"contentUrl\":\"https:\\\/\\\/lospoliticosveracruz.com\\\/wp-content\\\/uploads\\\/2025\\\/12\\\/Logo-Nuevo-LOS-POLITICOS-1.jpg\",\"width\":260,\"height\":70,\"caption\":\"Los pol\u00edticos Veracruz\"},\"image\":{\"@id\":\"https:\\\/\\\/lospoliticosveracruz.com\\\/#\\\/schema\\\/logo\\\/image\\\/\"},\"sameAs\":[\"https:\\\/\\\/www.facebook.com\\\/people\\\/Notimemes-de-los-Polticos\\\/61565672886568\\\/\",\"https:\\\/\\\/x.com\\\/LosPoliticosVer\"]},{\"@type\":\"Person\",\"@id\":\"https:\\\/\\\/lospoliticosveracruz.com\\\/#\\\/schema\\\/person\\\/b8702bb0e538456e6efd07080bf2a4a2\",\"name\":\"Lo viste en Los Pol\u00edticos\",\"image\":{\"@type\":\"ImageObject\",\"inLanguage\":\"es\",\"@id\":\"https:\\\/\\\/secure.gravatar.com\\\/avatar\\\/3a8de04a2656d44082be478bd6c086daa447c4651605818287b9532d3d0bd435?s=96&d=mm&r=g\",\"url\":\"https:\\\/\\\/secure.gravatar.com\\\/avatar\\\/3a8de04a2656d44082be478bd6c086daa447c4651605818287b9532d3d0bd435?s=96&d=mm&r=g\",\"contentUrl\":\"https:\\\/\\\/secure.gravatar.com\\\/avatar\\\/3a8de04a2656d44082be478bd6c086daa447c4651605818287b9532d3d0bd435?s=96&d=mm&r=g\",\"caption\":\"Lo viste en Los Pol\u00edticos\"},\"url\":\"https:\\\/\\\/lospoliticosveracruz.com\\\/?author=2\"}]}<\/script>\n<!-- \/ Yoast SEO plugin. -->","yoast_head_json":{"title":"HAY FUT, HAY CHAMBA! - Los pol\u00edticos Veracruz","robots":{"index":"index","follow":"follow","max-snippet":"max-snippet:-1","max-image-preview":"max-image-preview:large","max-video-preview":"max-video-preview:-1"},"canonical":"https:\/\/lospoliticosveracruz.com\/?p=147550","og_locale":"es_ES","og_type":"article","og_title":"HAY FUT, HAY CHAMBA! - Los pol\u00edticos Veracruz","og_description":"Veracruz: \u201cLos veracruzanos estamos deseosos de que regrese el futbol, de revivir nuestros fines de semana familiares, acudiendo al estadio Luis \u2018Pirata\u2019 Fuente\u201d, expres\u00f3 la presidenta de la C\u00e1mara Nacional de la Industria Restaurantera y Alimentos Condimentados (CANIRAC) en Veracruz, Abigail Guzm\u00e1n Hern\u00e1ndez. Destac\u00f3 que la derrama econ\u00f3mica en el caso de la zona conurbada [&hellip;]","og_url":"https:\/\/lospoliticosveracruz.com\/?p=147550","og_site_name":"Los pol\u00edticos Veracruz","article_publisher":"https:\/\/www.facebook.com\/people\/Notimemes-de-los-Polticos\/61565672886568\/","article_published_time":"2025-06-21T20:37:56+00:00","article_modified_time":"2025-06-21T20:38:28+00:00","og_image":[{"width":1024,"height":651,"url":"https:\/\/lospoliticosveracruz.com\/wp-content\/uploads\/2025\/06\/82dd2a0a-45a9-4336-8939-683e11022ab8.jpeg","type":"image\/jpeg"}],"author":"Lo viste en Los Pol\u00edticos","twitter_card":"summary_large_image","twitter_creator":"@LosPoliticosVer","twitter_site":"@LosPoliticosVer","twitter_misc":{"Escrito por":"Lo viste en Los Pol\u00edticos","Tiempo de lectura":"2 minutos"},"schema":{"@context":"https:\/\/schema.org","@graph":[{"@type":"Article","@id":"https:\/\/lospoliticosveracruz.com\/?p=147550#article","isPartOf":{"@id":"https:\/\/lospoliticosveracruz.com\/?p=147550"},"author":{"name":"Lo viste en Los Pol\u00edticos","@id":"https:\/\/lospoliticosveracruz.com\/#\/schema\/person\/b8702bb0e538456e6efd07080bf2a4a2"},"headline":"HAY FUT, HAY CHAMBA!","datePublished":"2025-06-21T20:37:56+00:00","dateModified":"2025-06-21T20:38:28+00:00","mainEntityOfPage":{"@id":"https:\/\/lospoliticosveracruz.com\/?p=147550"},"wordCount":440,"publisher":{"@id":"https:\/\/lospoliticosveracruz.com\/#organization"},"image":{"@id":"https:\/\/lospoliticosveracruz.com\/?p=147550#primaryimage"},"thumbnailUrl":"https:\/\/lospoliticosveracruz.com\/wp-content\/uploads\/2025\/06\/82dd2a0a-45a9-4336-8939-683e11022ab8.jpeg","keywords":["Canirac","Morena","Veracruz"],"articleSection":["Juega!"],"inLanguage":"es"},{"@type":"WebPage","@id":"https:\/\/lospoliticosveracruz.com\/?p=147550","url":"https:\/\/lospoliticosveracruz.com\/?p=147550","name":"HAY FUT, HAY CHAMBA! - Los pol\u00edticos Veracruz","isPartOf":{"@id":"https:\/\/lospoliticosveracruz.com\/#website"},"primaryImageOfPage":{"@id":"https:\/\/lospoliticosveracruz.com\/?p=147550#primaryimage"},"image":{"@id":"https:\/\/lospoliticosveracruz.com\/?p=147550#primaryimage"},"thumbnailUrl":"https:\/\/lospoliticosveracruz.com\/wp-content\/uploads\/2025\/06\/82dd2a0a-45a9-4336-8939-683e11022ab8.jpeg","datePublished":"2025-06-21T20:37:56+00:00","dateModified":"2025-06-21T20:38:28+00:00","breadcrumb":{"@id":"https:\/\/lospoliticosveracruz.com\/?p=147550#breadcrumb"},"inLanguage":"es","potentialAction":[{"@type":"ReadAction","target":["https:\/\/lospoliticosveracruz.com\/?p=147550"]}]},{"@type":"ImageObject","inLanguage":"es","@id":"https:\/\/lospoliticosveracruz.com\/?p=147550#primaryimage","url":"https:\/\/lospoliticosveracruz.com\/wp-content\/uploads\/2025\/06\/82dd2a0a-45a9-4336-8939-683e11022ab8.jpeg","contentUrl":"https:\/\/lospoliticosveracruz.com\/wp-content\/uploads\/2025\/06\/82dd2a0a-45a9-4336-8939-683e11022ab8.jpeg","width":1024,"height":651},{"@type":"BreadcrumbList","@id":"https:\/\/lospoliticosveracruz.com\/?p=147550#breadcrumb","itemListElement":[{"@type":"ListItem","position":1,"name":"Portada","item":"https:\/\/lospoliticosveracruz.com\/"},{"@type":"ListItem","position":2,"name":"HAY FUT, HAY CHAMBA!"}]},{"@type":"WebSite","@id":"https:\/\/lospoliticosveracruz.com\/#website","url":"https:\/\/lospoliticosveracruz.com\/","name":"Los pol\u00edticos Veracruz","description":"","publisher":{"@id":"https:\/\/lospoliticosveracruz.com\/#organization"},"potentialAction":[{"@type":"SearchAction","target":{"@type":"EntryPoint","urlTemplate":"https:\/\/lospoliticosveracruz.com\/?s={search_term_string}"},"query-input":{"@type":"PropertyValueSpecification","valueRequired":true,"valueName":"search_term_string"}}],"inLanguage":"es"},{"@type":"Organization","@id":"https:\/\/lospoliticosveracruz.com\/#organization","name":"Los pol\u00edticos Veracruz","url":"https:\/\/lospoliticosveracruz.com\/","logo":{"@type":"ImageObject","inLanguage":"es","@id":"https:\/\/lospoliticosveracruz.com\/#\/schema\/logo\/image\/","url":"https:\/\/lospoliticosveracruz.com\/wp-content\/uploads\/2025\/12\/Logo-Nuevo-LOS-POLITICOS-1.jpg","contentUrl":"https:\/\/lospoliticosveracruz.com\/wp-content\/uploads\/2025\/12\/Logo-Nuevo-LOS-POLITICOS-1.jpg","width":260,"height":70,"caption":"Los pol\u00edticos Veracruz"},"image":{"@id":"https:\/\/lospoliticosveracruz.com\/#\/schema\/logo\/image\/"},"sameAs":["https:\/\/www.facebook.com\/people\/Notimemes-de-los-Polticos\/61565672886568\/","https:\/\/x.com\/LosPoliticosVer"]},{"@type":"Person","@id":"https:\/\/lospoliticosveracruz.com\/#\/schema\/person\/b8702bb0e538456e6efd07080bf2a4a2","name":"Lo viste en Los Pol\u00edticos","image":{"@type":"ImageObject","inLanguage":"es","@id":"https:\/\/secure.gravatar.com\/avatar\/3a8de04a2656d44082be478bd6c086daa447c4651605818287b9532d3d0bd435?s=96&d=mm&r=g","url":"https:\/\/secure.gravatar.com\/avatar\/3a8de04a2656d44082be478bd6c086daa447c4651605818287b9532d3d0bd435?s=96&d=mm&r=g","contentUrl":"https:\/\/secure.gravatar.com\/avatar\/3a8de04a2656d44082be478bd6c086daa447c4651605818287b9532d3d0bd435?s=96&d=mm&r=g","caption":"Lo viste en Los Pol\u00edticos"},"url":"https:\/\/lospoliticosveracruz.com\/?author=2"}]}},"_links":{"self":[{"href":"https:\/\/lospoliticosveracruz.com\/index.php?rest_route=\/wp\/v2\/posts\/147550","targetHints":{"allow":["GET"]}}],"collection":[{"href":"https:\/\/lospoliticosveracruz.com\/index.php?rest_route=\/wp\/v2\/posts"}],"about":[{"href":"https:\/\/lospoliticosveracruz.com\/index.php?rest_route=\/wp\/v2\/types\/post"}],"author":[{"embeddable":true,"href":"https:\/\/lospoliticosveracruz.com\/index.php?rest_route=\/wp\/v2\/users\/2"}],"replies":[{"embeddable":true,"href":"https:\/\/lospoliticosveracruz.com\/index.php?rest_route=%2Fwp%2Fv2%2Fcomments&post=147550"}],"version-history":[{"count":2,"href":"https:\/\/lospoliticosveracruz.com\/index.php?rest_route=\/wp\/v2\/posts\/147550\/revisions"}],"predecessor-version":[{"id":147553,"href":"https:\/\/lospoliticosveracruz.com\/index.php?rest_route=\/wp\/v2\/posts\/147550\/revisions\/147553"}],"wp:featuredmedia":[{"embeddable":true,"href":"https:\/\/lospoliticosveracruz.com\/index.php?rest_route=\/wp\/v2\/media\/147551"}],"wp:attachment":[{"href":"https:\/\/lospoliticosveracruz.com\/index.php?rest_route=%2Fwp%2Fv2%2Fmedia&parent=147550"}],"wp:term":[{"taxonomy":"category","embeddable":true,"href":"https:\/\/lospoliticosveracruz.com\/index.php?rest_route=%2Fwp%2Fv2%2Fcategories&post=147550"},{"taxonomy":"post_tag","embeddable":true,"href":"https:\/\/lospoliticosveracruz.com\/index.php?rest_route=%2Fwp%2Fv2%2Ftags&post=147550"}],"curies":[{"name":"wp","href":"https:\/\/api.w.org\/{rel}","templated":true}]}}