{"id":147565,"date":"2025-06-22T11:21:48","date_gmt":"2025-06-22T16:21:48","guid":{"rendered":"https:\/\/lospoliticosveracruz.com.mx\/?p=147565"},"modified":"2025-06-22T11:21:59","modified_gmt":"2025-06-22T16:21:59","slug":"veracruz-gran-plaza-futbolera","status":"publish","type":"post","link":"https:\/\/lospoliticosveracruz.com\/?p=147565","title":{"rendered":"VERACRUZ, GRAN PLAZA FUTBOLERA!"},"content":{"rendered":"\n\n\n<p>Boca del R\u00edo: \u201cEl futbol hace falta en Veracruz, el estadio \u201cPirata\u201d Fuente est\u00e1 espectacular, tenemos una gran afici\u00f3n y somos una de las mejores plazas, la Federaci\u00f3n (Mexicana de Futbol) lo sabe\u201d, expres\u00f3 el exfutbolista profesional rojiazul, Pascual \u201cPato\u201d Ram\u00edrez.<\/p>\n\n\n\n<p>\u201cYo jugu\u00e9 siete a\u00f1os aqu\u00ed en Veracruz y el estadio \u201cPirata\u201d Fuente fue mi segunda casa, aqu\u00ed viv\u00ed y vivimos con la afici\u00f3n momentos extraordinarios. S\u00ed hace falta el futbol profesional, porque si bien lo sabemos todos, es una plaza futbolera y no solamente aqu\u00ed del puerto, sino hablamos de que viene la gente de Coatza, de Alvarado, de Medell\u00edn, de Orizaba y de varias partes del estado\u201d.<\/p>\n\n\n\n<p>\u201cA las nuevas generaciones, sobre todo, les hace falta un equipo, con identidad para los chavos y que tengan un concepto para poder trascender deportivamente; para poder evolucionar ese talento. Hoy en d\u00eda hay una opci\u00f3n con los Piratas de Veracruz, Esperamos que venga el equipo de expansi\u00f3n porque entonces habr\u00eda cabida para mucho talento que tiene el estado\u201d, subray\u00f3 el \u201cPato\u201d Ram\u00edrez.<\/p>\n\n\n\n<p>Con el \u201cayuno\u201d de futbol profesional en Veracruz se est\u00e1n perdiendo muchas generaciones de esta experiencias y oportunidades, porque no hay opciones para que ese nuevo talento surja y se desarrolle en un escenario profesional.<\/p>\n\n\n\n<p>Aunado a lo anterior, en lo econ\u00f3mico, en lo comercial y en lo social, el futbol es muy importante en Veracruz-Boca del R\u00edo; desafortunadamente las fuentes de trabajo desaparecieron: \u201cel que vend\u00eda palomitas, el comercio afuera del estadio, \u00e9l de los volovanes, los restaurantes, los hoteles, en fin, toda esa cadenita\u201d, dijo quien fuera lateral derecho escualo.<\/p>\n\n\n\n<p>Pascual Ram\u00edrez finalmente expres\u00f3: el estadio \u201cPirata \u201cFuente fue mi segunda casa donde viv\u00ed y pas\u00e9 estos momentos espectaculares, fueron 8 a\u00f1os, desde el 90 al 98.<br>Siempre lo platico y digo, es una emoci\u00f3n cuando corean tu nombre, y ahora verlo tan moderno y nuevo pues es una l\u00e1stima que est\u00e9 sin equipo.<\/p>\n\n\n\n<p>Como futbolista en Veracruz, tienes un gran compromiso, pod\u00edas perder, pod\u00edas ganar, pero el esfuerzo, la entrega, esa no era negociable.<\/p>\n\n\n\n<p>Mi mensaje que le dar\u00eda a la Federaci\u00f3n es que permitan que haya f\u00fatbol aqu\u00ed en el en el puerto, porque esta es una gran plaza\u201d, coment\u00f3 finalmente el exjugador tambi\u00e9n del Atlante.<\/p>\n","protected":false},"excerpt":{"rendered":"<p>Boca del R\u00edo: \u201cEl futbol hace falta en Veracruz, el estadio \u201cPirata\u201d Fuente est\u00e1 espectacular, tenemos una gran afici\u00f3n y somos una de las mejores plazas, la Federaci\u00f3n (Mexicana de Futbol) lo sabe\u201d, expres\u00f3 el exfutbolista profesional rojiazul, Pascual \u201cPato\u201d Ram\u00edrez. \u201cYo jugu\u00e9 siete a\u00f1os aqu\u00ed en Veracruz y el estadio \u201cPirata\u201d Fuente fue mi [&hellip;]<\/p>\n","protected":false},"author":2,"featured_media":147566,"comment_status":"closed","ping_status":"closed","sticky":false,"template":"","format":"standard","meta":{"tdm_status":"","tdm_grid_status":"","footnotes":""},"categories":[40050],"tags":[44141],"class_list":{"0":"post-147565","1":"post","2":"type-post","3":"status-publish","4":"format-standard","5":"has-post-thumbnail","7":"category-juega","8":"tag-estadio-pirata-fuente-2"},"yoast_head":"<!-- This site is optimized with the Yoast SEO plugin v27.4 - https:\/\/yoast.com\/product\/yoast-seo-wordpress\/ -->\n<title>VERACRUZ, GRAN PLAZA FUTBOLERA! - Los pol\u00edticos Veracruz<\/title>\n<meta name=\"robots\" content=\"index, follow, max-snippet:-1, max-image-preview:large, max-video-preview:-1\" \/>\n<link rel=\"canonical\" href=\"https:\/\/lospoliticosveracruz.com\/?p=147565\" \/>\n<meta property=\"og:locale\" content=\"es_ES\" \/>\n<meta property=\"og:type\" content=\"article\" \/>\n<meta property=\"og:title\" content=\"VERACRUZ, GRAN PLAZA FUTBOLERA! - Los pol\u00edticos Veracruz\" \/>\n<meta property=\"og:description\" content=\"Boca del R\u00edo: \u201cEl futbol hace falta en Veracruz, el estadio \u201cPirata\u201d Fuente est\u00e1 espectacular, tenemos una gran afici\u00f3n y somos una de las mejores plazas, la Federaci\u00f3n (Mexicana de Futbol) lo sabe\u201d, expres\u00f3 el exfutbolista profesional rojiazul, Pascual \u201cPato\u201d Ram\u00edrez. \u201cYo jugu\u00e9 siete a\u00f1os aqu\u00ed en Veracruz y el estadio \u201cPirata\u201d Fuente fue mi [&hellip;]\" \/>\n<meta property=\"og:url\" content=\"https:\/\/lospoliticosveracruz.com\/?p=147565\" \/>\n<meta property=\"og:site_name\" content=\"Los pol\u00edticos Veracruz\" \/>\n<meta property=\"article:publisher\" content=\"https:\/\/www.facebook.com\/people\/Notimemes-de-los-Polticos\/61565672886568\/\" \/>\n<meta property=\"article:published_time\" content=\"2025-06-22T16:21:48+00:00\" \/>\n<meta property=\"article:modified_time\" content=\"2025-06-22T16:21:59+00:00\" \/>\n<meta property=\"og:image\" content=\"https:\/\/lospoliticosveracruz.com\/wp-content\/uploads\/2025\/06\/IMG_2867.jpeg\" \/>\n\t<meta property=\"og:image:width\" content=\"600\" \/>\n\t<meta property=\"og:image:height\" content=\"320\" \/>\n\t<meta property=\"og:image:type\" content=\"image\/jpeg\" \/>\n<meta name=\"author\" content=\"Lo viste en Los Pol\u00edticos\" \/>\n<meta name=\"twitter:card\" content=\"summary_large_image\" \/>\n<meta name=\"twitter:creator\" content=\"@LosPoliticosVer\" \/>\n<meta name=\"twitter:site\" content=\"@LosPoliticosVer\" \/>\n<meta name=\"twitter:label1\" content=\"Escrito por\" \/>\n\t<meta name=\"twitter:data1\" content=\"Lo viste en Los Pol\u00edticos\" \/>\n\t<meta name=\"twitter:label2\" content=\"Tiempo de lectura\" \/>\n\t<meta name=\"twitter:data2\" content=\"2 minutos\" \/>\n<script type=\"application\/ld+json\" class=\"yoast-schema-graph\">{\"@context\":\"https:\\\/\\\/schema.org\",\"@graph\":[{\"@type\":\"Article\",\"@id\":\"https:\\\/\\\/lospoliticosveracruz.com\\\/?p=147565#article\",\"isPartOf\":{\"@id\":\"https:\\\/\\\/lospoliticosveracruz.com\\\/?p=147565\"},\"author\":{\"name\":\"Lo viste en Los Pol\u00edticos\",\"@id\":\"https:\\\/\\\/lospoliticosveracruz.com\\\/#\\\/schema\\\/person\\\/b8702bb0e538456e6efd07080bf2a4a2\"},\"headline\":\"VERACRUZ, GRAN PLAZA FUTBOLERA!\",\"datePublished\":\"2025-06-22T16:21:48+00:00\",\"dateModified\":\"2025-06-22T16:21:59+00:00\",\"mainEntityOfPage\":{\"@id\":\"https:\\\/\\\/lospoliticosveracruz.com\\\/?p=147565\"},\"wordCount\":399,\"publisher\":{\"@id\":\"https:\\\/\\\/lospoliticosveracruz.com\\\/#organization\"},\"image\":{\"@id\":\"https:\\\/\\\/lospoliticosveracruz.com\\\/?p=147565#primaryimage\"},\"thumbnailUrl\":\"https:\\\/\\\/lospoliticosveracruz.com\\\/wp-content\\\/uploads\\\/2025\\\/06\\\/IMG_2867.jpeg\",\"keywords\":[\"estadio \u201cPirata\u201d Fuente\"],\"articleSection\":[\"Juega!\"],\"inLanguage\":\"es\"},{\"@type\":\"WebPage\",\"@id\":\"https:\\\/\\\/lospoliticosveracruz.com\\\/?p=147565\",\"url\":\"https:\\\/\\\/lospoliticosveracruz.com\\\/?p=147565\",\"name\":\"VERACRUZ, GRAN PLAZA FUTBOLERA! - Los pol\u00edticos Veracruz\",\"isPartOf\":{\"@id\":\"https:\\\/\\\/lospoliticosveracruz.com\\\/#website\"},\"primaryImageOfPage\":{\"@id\":\"https:\\\/\\\/lospoliticosveracruz.com\\\/?p=147565#primaryimage\"},\"image\":{\"@id\":\"https:\\\/\\\/lospoliticosveracruz.com\\\/?p=147565#primaryimage\"},\"thumbnailUrl\":\"https:\\\/\\\/lospoliticosveracruz.com\\\/wp-content\\\/uploads\\\/2025\\\/06\\\/IMG_2867.jpeg\",\"datePublished\":\"2025-06-22T16:21:48+00:00\",\"dateModified\":\"2025-06-22T16:21:59+00:00\",\"breadcrumb\":{\"@id\":\"https:\\\/\\\/lospoliticosveracruz.com\\\/?p=147565#breadcrumb\"},\"inLanguage\":\"es\",\"potentialAction\":[{\"@type\":\"ReadAction\",\"target\":[\"https:\\\/\\\/lospoliticosveracruz.com\\\/?p=147565\"]}]},{\"@type\":\"ImageObject\",\"inLanguage\":\"es\",\"@id\":\"https:\\\/\\\/lospoliticosveracruz.com\\\/?p=147565#primaryimage\",\"url\":\"https:\\\/\\\/lospoliticosveracruz.com\\\/wp-content\\\/uploads\\\/2025\\\/06\\\/IMG_2867.jpeg\",\"contentUrl\":\"https:\\\/\\\/lospoliticosveracruz.com\\\/wp-content\\\/uploads\\\/2025\\\/06\\\/IMG_2867.jpeg\",\"width\":600,\"height\":320},{\"@type\":\"BreadcrumbList\",\"@id\":\"https:\\\/\\\/lospoliticosveracruz.com\\\/?p=147565#breadcrumb\",\"itemListElement\":[{\"@type\":\"ListItem\",\"position\":1,\"name\":\"Portada\",\"item\":\"https:\\\/\\\/lospoliticosveracruz.com\\\/\"},{\"@type\":\"ListItem\",\"position\":2,\"name\":\"VERACRUZ, GRAN PLAZA FUTBOLERA!\"}]},{\"@type\":\"WebSite\",\"@id\":\"https:\\\/\\\/lospoliticosveracruz.com\\\/#website\",\"url\":\"https:\\\/\\\/lospoliticosveracruz.com\\\/\",\"name\":\"Los pol\u00edticos Veracruz\",\"description\":\"\",\"publisher\":{\"@id\":\"https:\\\/\\\/lospoliticosveracruz.com\\\/#organization\"},\"potentialAction\":[{\"@type\":\"SearchAction\",\"target\":{\"@type\":\"EntryPoint\",\"urlTemplate\":\"https:\\\/\\\/lospoliticosveracruz.com\\\/?s={search_term_string}\"},\"query-input\":{\"@type\":\"PropertyValueSpecification\",\"valueRequired\":true,\"valueName\":\"search_term_string\"}}],\"inLanguage\":\"es\"},{\"@type\":\"Organization\",\"@id\":\"https:\\\/\\\/lospoliticosveracruz.com\\\/#organization\",\"name\":\"Los pol\u00edticos Veracruz\",\"url\":\"https:\\\/\\\/lospoliticosveracruz.com\\\/\",\"logo\":{\"@type\":\"ImageObject\",\"inLanguage\":\"es\",\"@id\":\"https:\\\/\\\/lospoliticosveracruz.com\\\/#\\\/schema\\\/logo\\\/image\\\/\",\"url\":\"https:\\\/\\\/lospoliticosveracruz.com\\\/wp-content\\\/uploads\\\/2025\\\/12\\\/Logo-Nuevo-LOS-POLITICOS-1.jpg\",\"contentUrl\":\"https:\\\/\\\/lospoliticosveracruz.com\\\/wp-content\\\/uploads\\\/2025\\\/12\\\/Logo-Nuevo-LOS-POLITICOS-1.jpg\",\"width\":260,\"height\":70,\"caption\":\"Los pol\u00edticos Veracruz\"},\"image\":{\"@id\":\"https:\\\/\\\/lospoliticosveracruz.com\\\/#\\\/schema\\\/logo\\\/image\\\/\"},\"sameAs\":[\"https:\\\/\\\/www.facebook.com\\\/people\\\/Notimemes-de-los-Polticos\\\/61565672886568\\\/\",\"https:\\\/\\\/x.com\\\/LosPoliticosVer\"]},{\"@type\":\"Person\",\"@id\":\"https:\\\/\\\/lospoliticosveracruz.com\\\/#\\\/schema\\\/person\\\/b8702bb0e538456e6efd07080bf2a4a2\",\"name\":\"Lo viste en Los Pol\u00edticos\",\"image\":{\"@type\":\"ImageObject\",\"inLanguage\":\"es\",\"@id\":\"https:\\\/\\\/secure.gravatar.com\\\/avatar\\\/3a8de04a2656d44082be478bd6c086daa447c4651605818287b9532d3d0bd435?s=96&d=mm&r=g\",\"url\":\"https:\\\/\\\/secure.gravatar.com\\\/avatar\\\/3a8de04a2656d44082be478bd6c086daa447c4651605818287b9532d3d0bd435?s=96&d=mm&r=g\",\"contentUrl\":\"https:\\\/\\\/secure.gravatar.com\\\/avatar\\\/3a8de04a2656d44082be478bd6c086daa447c4651605818287b9532d3d0bd435?s=96&d=mm&r=g\",\"caption\":\"Lo viste en Los Pol\u00edticos\"},\"url\":\"https:\\\/\\\/lospoliticosveracruz.com\\\/?author=2\"}]}<\/script>\n<!-- \/ Yoast SEO plugin. -->","yoast_head_json":{"title":"VERACRUZ, GRAN PLAZA FUTBOLERA! - Los pol\u00edticos Veracruz","robots":{"index":"index","follow":"follow","max-snippet":"max-snippet:-1","max-image-preview":"max-image-preview:large","max-video-preview":"max-video-preview:-1"},"canonical":"https:\/\/lospoliticosveracruz.com\/?p=147565","og_locale":"es_ES","og_type":"article","og_title":"VERACRUZ, GRAN PLAZA FUTBOLERA! - Los pol\u00edticos Veracruz","og_description":"Boca del R\u00edo: \u201cEl futbol hace falta en Veracruz, el estadio \u201cPirata\u201d Fuente est\u00e1 espectacular, tenemos una gran afici\u00f3n y somos una de las mejores plazas, la Federaci\u00f3n (Mexicana de Futbol) lo sabe\u201d, expres\u00f3 el exfutbolista profesional rojiazul, Pascual \u201cPato\u201d Ram\u00edrez. \u201cYo jugu\u00e9 siete a\u00f1os aqu\u00ed en Veracruz y el estadio \u201cPirata\u201d Fuente fue mi [&hellip;]","og_url":"https:\/\/lospoliticosveracruz.com\/?p=147565","og_site_name":"Los pol\u00edticos Veracruz","article_publisher":"https:\/\/www.facebook.com\/people\/Notimemes-de-los-Polticos\/61565672886568\/","article_published_time":"2025-06-22T16:21:48+00:00","article_modified_time":"2025-06-22T16:21:59+00:00","og_image":[{"width":600,"height":320,"url":"https:\/\/lospoliticosveracruz.com\/wp-content\/uploads\/2025\/06\/IMG_2867.jpeg","type":"image\/jpeg"}],"author":"Lo viste en Los Pol\u00edticos","twitter_card":"summary_large_image","twitter_creator":"@LosPoliticosVer","twitter_site":"@LosPoliticosVer","twitter_misc":{"Escrito por":"Lo viste en Los Pol\u00edticos","Tiempo de lectura":"2 minutos"},"schema":{"@context":"https:\/\/schema.org","@graph":[{"@type":"Article","@id":"https:\/\/lospoliticosveracruz.com\/?p=147565#article","isPartOf":{"@id":"https:\/\/lospoliticosveracruz.com\/?p=147565"},"author":{"name":"Lo viste en Los Pol\u00edticos","@id":"https:\/\/lospoliticosveracruz.com\/#\/schema\/person\/b8702bb0e538456e6efd07080bf2a4a2"},"headline":"VERACRUZ, GRAN PLAZA FUTBOLERA!","datePublished":"2025-06-22T16:21:48+00:00","dateModified":"2025-06-22T16:21:59+00:00","mainEntityOfPage":{"@id":"https:\/\/lospoliticosveracruz.com\/?p=147565"},"wordCount":399,"publisher":{"@id":"https:\/\/lospoliticosveracruz.com\/#organization"},"image":{"@id":"https:\/\/lospoliticosveracruz.com\/?p=147565#primaryimage"},"thumbnailUrl":"https:\/\/lospoliticosveracruz.com\/wp-content\/uploads\/2025\/06\/IMG_2867.jpeg","keywords":["estadio \u201cPirata\u201d Fuente"],"articleSection":["Juega!"],"inLanguage":"es"},{"@type":"WebPage","@id":"https:\/\/lospoliticosveracruz.com\/?p=147565","url":"https:\/\/lospoliticosveracruz.com\/?p=147565","name":"VERACRUZ, GRAN PLAZA FUTBOLERA! - Los pol\u00edticos Veracruz","isPartOf":{"@id":"https:\/\/lospoliticosveracruz.com\/#website"},"primaryImageOfPage":{"@id":"https:\/\/lospoliticosveracruz.com\/?p=147565#primaryimage"},"image":{"@id":"https:\/\/lospoliticosveracruz.com\/?p=147565#primaryimage"},"thumbnailUrl":"https:\/\/lospoliticosveracruz.com\/wp-content\/uploads\/2025\/06\/IMG_2867.jpeg","datePublished":"2025-06-22T16:21:48+00:00","dateModified":"2025-06-22T16:21:59+00:00","breadcrumb":{"@id":"https:\/\/lospoliticosveracruz.com\/?p=147565#breadcrumb"},"inLanguage":"es","potentialAction":[{"@type":"ReadAction","target":["https:\/\/lospoliticosveracruz.com\/?p=147565"]}]},{"@type":"ImageObject","inLanguage":"es","@id":"https:\/\/lospoliticosveracruz.com\/?p=147565#primaryimage","url":"https:\/\/lospoliticosveracruz.com\/wp-content\/uploads\/2025\/06\/IMG_2867.jpeg","contentUrl":"https:\/\/lospoliticosveracruz.com\/wp-content\/uploads\/2025\/06\/IMG_2867.jpeg","width":600,"height":320},{"@type":"BreadcrumbList","@id":"https:\/\/lospoliticosveracruz.com\/?p=147565#breadcrumb","itemListElement":[{"@type":"ListItem","position":1,"name":"Portada","item":"https:\/\/lospoliticosveracruz.com\/"},{"@type":"ListItem","position":2,"name":"VERACRUZ, GRAN PLAZA FUTBOLERA!"}]},{"@type":"WebSite","@id":"https:\/\/lospoliticosveracruz.com\/#website","url":"https:\/\/lospoliticosveracruz.com\/","name":"Los pol\u00edticos Veracruz","description":"","publisher":{"@id":"https:\/\/lospoliticosveracruz.com\/#organization"},"potentialAction":[{"@type":"SearchAction","target":{"@type":"EntryPoint","urlTemplate":"https:\/\/lospoliticosveracruz.com\/?s={search_term_string}"},"query-input":{"@type":"PropertyValueSpecification","valueRequired":true,"valueName":"search_term_string"}}],"inLanguage":"es"},{"@type":"Organization","@id":"https:\/\/lospoliticosveracruz.com\/#organization","name":"Los pol\u00edticos Veracruz","url":"https:\/\/lospoliticosveracruz.com\/","logo":{"@type":"ImageObject","inLanguage":"es","@id":"https:\/\/lospoliticosveracruz.com\/#\/schema\/logo\/image\/","url":"https:\/\/lospoliticosveracruz.com\/wp-content\/uploads\/2025\/12\/Logo-Nuevo-LOS-POLITICOS-1.jpg","contentUrl":"https:\/\/lospoliticosveracruz.com\/wp-content\/uploads\/2025\/12\/Logo-Nuevo-LOS-POLITICOS-1.jpg","width":260,"height":70,"caption":"Los pol\u00edticos Veracruz"},"image":{"@id":"https:\/\/lospoliticosveracruz.com\/#\/schema\/logo\/image\/"},"sameAs":["https:\/\/www.facebook.com\/people\/Notimemes-de-los-Polticos\/61565672886568\/","https:\/\/x.com\/LosPoliticosVer"]},{"@type":"Person","@id":"https:\/\/lospoliticosveracruz.com\/#\/schema\/person\/b8702bb0e538456e6efd07080bf2a4a2","name":"Lo viste en Los Pol\u00edticos","image":{"@type":"ImageObject","inLanguage":"es","@id":"https:\/\/secure.gravatar.com\/avatar\/3a8de04a2656d44082be478bd6c086daa447c4651605818287b9532d3d0bd435?s=96&d=mm&r=g","url":"https:\/\/secure.gravatar.com\/avatar\/3a8de04a2656d44082be478bd6c086daa447c4651605818287b9532d3d0bd435?s=96&d=mm&r=g","contentUrl":"https:\/\/secure.gravatar.com\/avatar\/3a8de04a2656d44082be478bd6c086daa447c4651605818287b9532d3d0bd435?s=96&d=mm&r=g","caption":"Lo viste en Los Pol\u00edticos"},"url":"https:\/\/lospoliticosveracruz.com\/?author=2"}]}},"_links":{"self":[{"href":"https:\/\/lospoliticosveracruz.com\/index.php?rest_route=\/wp\/v2\/posts\/147565","targetHints":{"allow":["GET"]}}],"collection":[{"href":"https:\/\/lospoliticosveracruz.com\/index.php?rest_route=\/wp\/v2\/posts"}],"about":[{"href":"https:\/\/lospoliticosveracruz.com\/index.php?rest_route=\/wp\/v2\/types\/post"}],"author":[{"embeddable":true,"href":"https:\/\/lospoliticosveracruz.com\/index.php?rest_route=\/wp\/v2\/users\/2"}],"replies":[{"embeddable":true,"href":"https:\/\/lospoliticosveracruz.com\/index.php?rest_route=%2Fwp%2Fv2%2Fcomments&post=147565"}],"version-history":[{"count":1,"href":"https:\/\/lospoliticosveracruz.com\/index.php?rest_route=\/wp\/v2\/posts\/147565\/revisions"}],"predecessor-version":[{"id":147567,"href":"https:\/\/lospoliticosveracruz.com\/index.php?rest_route=\/wp\/v2\/posts\/147565\/revisions\/147567"}],"wp:featuredmedia":[{"embeddable":true,"href":"https:\/\/lospoliticosveracruz.com\/index.php?rest_route=\/wp\/v2\/media\/147566"}],"wp:attachment":[{"href":"https:\/\/lospoliticosveracruz.com\/index.php?rest_route=%2Fwp%2Fv2%2Fmedia&parent=147565"}],"wp:term":[{"taxonomy":"category","embeddable":true,"href":"https:\/\/lospoliticosveracruz.com\/index.php?rest_route=%2Fwp%2Fv2%2Fcategories&post=147565"},{"taxonomy":"post_tag","embeddable":true,"href":"https:\/\/lospoliticosveracruz.com\/index.php?rest_route=%2Fwp%2Fv2%2Ftags&post=147565"}],"curies":[{"name":"wp","href":"https:\/\/api.w.org\/{rel}","templated":true}]}}