{"id":147603,"date":"2025-06-23T06:47:39","date_gmt":"2025-06-23T11:47:39","guid":{"rendered":"https:\/\/lospoliticosveracruz.com.mx\/?p=147603"},"modified":"2025-06-23T06:49:12","modified_gmt":"2025-06-23T11:49:12","slug":"sale-a-flote","status":"publish","type":"post","link":"https:\/\/lospoliticosveracruz.com\/?p=147603","title":{"rendered":"SALE A FLOTE!"},"content":{"rendered":"\n\n\n<div class=\"wp-block-group is-nowrap is-layout-flex wp-container-core-group-is-layout-ad2f72ca wp-block-group-is-layout-flex\">\n<p><br><br><strong>Fanny Y\u00e9pez<\/strong><br><em>La Columna<\/em><\/p>\n\n\n\n<p><\/p>\n<\/div>\n\n\n\n<p>Las inundaciones en las ciudades de Veracruz, se est\u00e1n registrando principalmente por la combinaci\u00f3n de intensas lluvias, fen\u00f3menos meteorol\u00f3gicos como ciclones y tormentas tropicales, factores geogr\u00e1ficos y urban\u00edsticos que agravan el problema.<br>La topograf\u00eda, el desbordamiento de r\u00edos y arroyos, la p\u00e9rdida de vegetaci\u00f3n, la basura en las calles y la ocupaci\u00f3n de zonas inundables por construcciones tambi\u00e9n contribuyen a las inundaciones.<br>La entrega indiscriminada del cambio de uso de suelo a los ambiciosos y codiciosos desarrolladores, asentamientos humanos irregulares y p\u00e9simas obras hidr\u00e1ulicas son factores que han contribuido a que, en \u00e9poca de lluvias se generen inundaciones en zonas habitaciones y comerciales.<br>Estos deslaves han puesto al descubierto la gran corrupci\u00f3n en la edificaci\u00f3n de muros de contenci\u00f3n.<br>Por ejemplo, el muro de contenci\u00f3n ubicado en la lateral del puente Macuilt\u00e9petl con direcci\u00f3n de Banderilla a Xalapa, se derrumb\u00f3 la madrugada de este martes 17 de junio, a causa de las lluvias.<br>La agencia de noticias La Silla Rota, este s\u00e1bado publico respecto a este muro que se derrumb\u00f3, que seg\u00fan \u201cdatos del contrato XALDOP-97\/24-IR detalla que fue la empresa Pemarte SA de CV la que gan\u00f3 la asignaci\u00f3n. Seg\u00fan los datos contenidos en el documento oficial, el muro de contenci\u00f3n deb\u00eda ser edificado en 90 d\u00edas naturales.<br>La obra deb\u00eda empezar el 23 de septiembre del 2024 y deb\u00edan concluirse el 21 de diciembre de ese mismo a\u00f1o. La empresa se compromet\u00eda a la construcci\u00f3n de muros de contenci\u00f3n en prolongaci\u00f3n Ruiz Cortines y lateral izquierda del boulevard Xalapa-Banderilla, entre bajos del puente de la avenida M\u00e9xico y carril de incorporaci\u00f3n al boulevard Xalapa-Banderilla, en la colonia 21 de marzo.<br>El contrato detalla que la empresa Pemarte SA de CV recibir\u00eda un pago de 7 millones 797 mil pesos, de los cuales 1 mill\u00f3n 61 mil correspond\u00edan al IVA de la obra. El ayuntamiento le otorg\u00f3 un anticipo de 2 millones 309 mil pesos.<br>Pemarte pag\u00f3 una fianza de 2 millones de pesos y un equivalente al 10 por ciento del costo total de la obra, para efectos de garantizar el debido cumplimiento de todas las obligaciones establecidas.<br>El contrato fue firmado por el alcalde con licencia, Ricardo Ahued Bardahuil y por la s\u00edndica Cecilia Coronel Bricio, entre otros funcionarios municipales, as\u00ed como por Pedro Luis Medina Mart\u00ednez, representante legal de Pemarte SA de CV. Ahora mucho tiene que explicar al respecto el titular de la Segob.<br>Las im\u00e1genes de la inundaci\u00f3n suscitada en la plaza El Juguete, tambi\u00e9n revela la mala planeaci\u00f3n hidr\u00e1ulica del centro comercial, porque los propios ingenieros aseguran que la naturaleza tiene \u00abmemoria\u00bb, en el sentido de que sus sistemas y procesos est\u00e1n influenciados por experiencias pasadas y patrones que se han repetido a lo largo del tiempo.<br>Esta \u00abmemoria\u00bb no es literal, como la memoria humana, sino que se refiere a la forma en que los sistemas naturales se adaptan, evolucionan y recuerdan patrones a trav\u00e9s de la interacci\u00f3n entre sus componentes y el entorno. Las aguas pluviales buscan su cauce en forma natural. Y lo sucedido en la plaza el Juguete es un vivo ejemplo de ello.<br>Otro claro ejemplo es lo que sucedi\u00f3 en el fraccionamiento Rinc\u00f3n del \u00c1guila, donde se construy\u00f3 un complejo de apartamentos aqu\u00ed en Xalapa, ah\u00ed tambi\u00e9n se puso al descubierto la mala calidad de las obras.<br>Este s\u00e1bado, se realiz\u00f3 un recorrido de supervisi\u00f3n a los edificios para establecer las afectaciones que registraron estas edificaciones por las intensas lluvias.<br>Se pudo establecer que la Torre 2 presenta filtraciones de agua en techos y paredes en todos los niveles, as\u00ed como agrietamientos leves por acumulaci\u00f3n de humedad.<br>En tanto, el <em>Sal\u00f3n de Usos M\u00faltiples<\/em> se encuentra inundado, con afectaciones notables en el techo.<br>Torre 1 se reporta sin da\u00f1os internos de consideraci\u00f3n; sin embargo, se cay\u00f3 una barda colindante del fraccionamiento vecino El \u00c1nimo, a un costado.<br>Informaci\u00f3n importante*:<br>\u2002\u2002\u2002\u2002\u2002\u2002\u2022\u2002\u2002\u2002\u2002\u2002No hay luz ni internet por el momento.<br>\u2002\u2002\u2002\u2002\u2002\u2002\u2022\u2002\u2002\u2002\u2002\u2002Seguir\u00e1n las lluvias intensas, por lo que pedimos tomar precauciones y mantenerse informados por este medio y fuentes oficiales.<br>\u2002\u2002\u2002\u2002\u2002\u2002\u2022\u2002\u2002\u2002\u2002\u2002Las zonas m\u00e1s afectadas son los cl\u00fasteres exteriores y las plantas bajas de edificios sobre avenida \u00c9xito.<br>Factores urban\u00edsticos:<br>El crecimiento urbano desordenado, la ocupaci\u00f3n de zonas inundables y la falta de infraestructura adecuada para el manejo del agua pluvial, como sistemas de drenaje eficientes, tambi\u00e9n contribuyen a las inundaciones. Algunas zonas de Veracruz son particularmente vulnerables a inundaciones debido a su ubicaci\u00f3n geogr\u00e1fica o a la falta de planificaci\u00f3n urbana.<br>En resumen, las inundaciones en Veracruz son un problema complejo, una combinaci\u00f3n de factores naturales y humanos. Abordar este problema requiere medidas integrales que consideren la gesti\u00f3n de riesgos, la infraestructura adecuada, la prevenci\u00f3n de la contaminaci\u00f3n y la adaptaci\u00f3n al cambio clim\u00e1tico.<br>Las autoridades municipales y estatales son corresponsables de las inundaciones, porque entregaron de forma indiscriminada autorizaciones para el cambio de uso de suelo, sin analizar a profundidad los riesgos a que se expon\u00edan al edificar en zonas de riesgo. A ellos se les debe llamar a cuentas y abriles denuncias penales por poner en riesgo a la poblaci\u00f3n.<br>La pregunta que dejo en el aire \u00bfqui\u00e9n o qui\u00e9nes?\u2019 se har\u00e1n responsables de las indemnizaciones, que en forma justa se les debe entregar a los cond\u00f3minos afectados del fraccionamiento El Rinc\u00f3n del \u00c1guila, asentado en el municipio de Emiliano Zapata.<br>Por cierto, ante esta grave inundaci\u00f3n en esta zona residencial, \u00bfd\u00f3nde est\u00e1? el alcalde de Emiliano Zapata, Erikc Ruiz S\u00e1nchez, quien no se ha presentado en la zona afectada por las inundaciones.<\/p>\n","protected":false},"excerpt":{"rendered":"<p>Fanny Y\u00e9pezLa Columna Las inundaciones en las ciudades de Veracruz, se est\u00e1n registrando principalmente por la combinaci\u00f3n de intensas lluvias, fen\u00f3menos meteorol\u00f3gicos como ciclones y tormentas tropicales, factores geogr\u00e1ficos y urban\u00edsticos que agravan el problema.La topograf\u00eda, el desbordamiento de r\u00edos y arroyos, la p\u00e9rdida de vegetaci\u00f3n, la basura en las calles y la ocupaci\u00f3n de [&hellip;]<\/p>\n","protected":false},"author":2,"featured_media":141383,"comment_status":"closed","ping_status":"closed","sticky":false,"template":"","format":"standard","meta":{"tdm_status":"","tdm_grid_status":"","footnotes":""},"categories":[70],"tags":[469,28808,2632,44142,195,96],"class_list":{"0":"post-147603","1":"post","2":"type-post","3":"status-publish","4":"format-standard","5":"has-post-thumbnail","7":"category-de-opinion","8":"tag-emiliano-zapata","9":"tag-erick-ruiz","10":"tag-inundaciones","11":"tag-plaza-el-juguete","12":"tag-veracruz","13":"tag-xalapa"},"yoast_head":"<!-- This site is optimized with the Yoast SEO plugin v27.4 - https:\/\/yoast.com\/product\/yoast-seo-wordpress\/ -->\n<title>SALE A FLOTE! - Los pol\u00edticos Veracruz<\/title>\n<meta name=\"robots\" content=\"index, follow, max-snippet:-1, max-image-preview:large, max-video-preview:-1\" \/>\n<link rel=\"canonical\" href=\"https:\/\/lospoliticosveracruz.com\/?p=147603\" \/>\n<meta property=\"og:locale\" content=\"es_ES\" \/>\n<meta property=\"og:type\" content=\"article\" \/>\n<meta property=\"og:title\" content=\"SALE A FLOTE! - Los pol\u00edticos Veracruz\" \/>\n<meta property=\"og:description\" content=\"Fanny Y\u00e9pezLa Columna Las inundaciones en las ciudades de Veracruz, se est\u00e1n registrando principalmente por la combinaci\u00f3n de intensas lluvias, fen\u00f3menos meteorol\u00f3gicos como ciclones y tormentas tropicales, factores geogr\u00e1ficos y urban\u00edsticos que agravan el problema.La topograf\u00eda, el desbordamiento de r\u00edos y arroyos, la p\u00e9rdida de vegetaci\u00f3n, la basura en las calles y la ocupaci\u00f3n de [&hellip;]\" \/>\n<meta property=\"og:url\" content=\"https:\/\/lospoliticosveracruz.com\/?p=147603\" \/>\n<meta property=\"og:site_name\" content=\"Los pol\u00edticos Veracruz\" \/>\n<meta property=\"article:publisher\" content=\"https:\/\/www.facebook.com\/people\/Notimemes-de-los-Polticos\/61565672886568\/\" \/>\n<meta property=\"article:published_time\" content=\"2025-06-23T11:47:39+00:00\" \/>\n<meta property=\"article:modified_time\" content=\"2025-06-23T11:49:12+00:00\" \/>\n<meta property=\"og:image\" content=\"https:\/\/lospoliticosveracruz.com\/wp-content\/uploads\/2025\/04\/Fanny-Yepez-Luna-e1768657334923.jpg\" \/>\n\t<meta property=\"og:image:width\" content=\"600\" \/>\n\t<meta property=\"og:image:height\" content=\"320\" \/>\n\t<meta property=\"og:image:type\" content=\"image\/jpeg\" \/>\n<meta name=\"author\" content=\"Lo viste en Los Pol\u00edticos\" \/>\n<meta name=\"twitter:card\" content=\"summary_large_image\" \/>\n<meta name=\"twitter:creator\" content=\"@LosPoliticosVer\" \/>\n<meta name=\"twitter:site\" content=\"@LosPoliticosVer\" \/>\n<meta name=\"twitter:label1\" content=\"Escrito por\" \/>\n\t<meta name=\"twitter:data1\" content=\"Lo viste en Los Pol\u00edticos\" \/>\n\t<meta name=\"twitter:label2\" content=\"Tiempo de lectura\" \/>\n\t<meta name=\"twitter:data2\" content=\"5 minutos\" \/>\n<script type=\"application\/ld+json\" class=\"yoast-schema-graph\">{\"@context\":\"https:\\\/\\\/schema.org\",\"@graph\":[{\"@type\":\"Article\",\"@id\":\"https:\\\/\\\/lospoliticosveracruz.com\\\/?p=147603#article\",\"isPartOf\":{\"@id\":\"https:\\\/\\\/lospoliticosveracruz.com\\\/?p=147603\"},\"author\":{\"name\":\"Lo viste en Los Pol\u00edticos\",\"@id\":\"https:\\\/\\\/lospoliticosveracruz.com\\\/#\\\/schema\\\/person\\\/b8702bb0e538456e6efd07080bf2a4a2\"},\"headline\":\"SALE A FLOTE!\",\"datePublished\":\"2025-06-23T11:47:39+00:00\",\"dateModified\":\"2025-06-23T11:49:12+00:00\",\"mainEntityOfPage\":{\"@id\":\"https:\\\/\\\/lospoliticosveracruz.com\\\/?p=147603\"},\"wordCount\":991,\"publisher\":{\"@id\":\"https:\\\/\\\/lospoliticosveracruz.com\\\/#organization\"},\"image\":{\"@id\":\"https:\\\/\\\/lospoliticosveracruz.com\\\/?p=147603#primaryimage\"},\"thumbnailUrl\":\"https:\\\/\\\/lospoliticosveracruz.com\\\/wp-content\\\/uploads\\\/2025\\\/04\\\/Fanny-Yepez-Luna-e1768657334923.jpg\",\"keywords\":[\"Emiliano Zapata\",\"Erick Ruiz\",\"inundaciones\",\"Plaza El Juguete\",\"Veracruz\",\"Xalapa\"],\"articleSection\":[\"De Opini\u00f3n\"],\"inLanguage\":\"es\"},{\"@type\":\"WebPage\",\"@id\":\"https:\\\/\\\/lospoliticosveracruz.com\\\/?p=147603\",\"url\":\"https:\\\/\\\/lospoliticosveracruz.com\\\/?p=147603\",\"name\":\"SALE A FLOTE! - Los pol\u00edticos Veracruz\",\"isPartOf\":{\"@id\":\"https:\\\/\\\/lospoliticosveracruz.com\\\/#website\"},\"primaryImageOfPage\":{\"@id\":\"https:\\\/\\\/lospoliticosveracruz.com\\\/?p=147603#primaryimage\"},\"image\":{\"@id\":\"https:\\\/\\\/lospoliticosveracruz.com\\\/?p=147603#primaryimage\"},\"thumbnailUrl\":\"https:\\\/\\\/lospoliticosveracruz.com\\\/wp-content\\\/uploads\\\/2025\\\/04\\\/Fanny-Yepez-Luna-e1768657334923.jpg\",\"datePublished\":\"2025-06-23T11:47:39+00:00\",\"dateModified\":\"2025-06-23T11:49:12+00:00\",\"breadcrumb\":{\"@id\":\"https:\\\/\\\/lospoliticosveracruz.com\\\/?p=147603#breadcrumb\"},\"inLanguage\":\"es\",\"potentialAction\":[{\"@type\":\"ReadAction\",\"target\":[\"https:\\\/\\\/lospoliticosveracruz.com\\\/?p=147603\"]}]},{\"@type\":\"ImageObject\",\"inLanguage\":\"es\",\"@id\":\"https:\\\/\\\/lospoliticosveracruz.com\\\/?p=147603#primaryimage\",\"url\":\"https:\\\/\\\/lospoliticosveracruz.com\\\/wp-content\\\/uploads\\\/2025\\\/04\\\/Fanny-Yepez-Luna-e1768657334923.jpg\",\"contentUrl\":\"https:\\\/\\\/lospoliticosveracruz.com\\\/wp-content\\\/uploads\\\/2025\\\/04\\\/Fanny-Yepez-Luna-e1768657334923.jpg\",\"width\":600,\"height\":320},{\"@type\":\"BreadcrumbList\",\"@id\":\"https:\\\/\\\/lospoliticosveracruz.com\\\/?p=147603#breadcrumb\",\"itemListElement\":[{\"@type\":\"ListItem\",\"position\":1,\"name\":\"Portada\",\"item\":\"https:\\\/\\\/lospoliticosveracruz.com\\\/\"},{\"@type\":\"ListItem\",\"position\":2,\"name\":\"SALE A FLOTE!\"}]},{\"@type\":\"WebSite\",\"@id\":\"https:\\\/\\\/lospoliticosveracruz.com\\\/#website\",\"url\":\"https:\\\/\\\/lospoliticosveracruz.com\\\/\",\"name\":\"Los pol\u00edticos Veracruz\",\"description\":\"\",\"publisher\":{\"@id\":\"https:\\\/\\\/lospoliticosveracruz.com\\\/#organization\"},\"potentialAction\":[{\"@type\":\"SearchAction\",\"target\":{\"@type\":\"EntryPoint\",\"urlTemplate\":\"https:\\\/\\\/lospoliticosveracruz.com\\\/?s={search_term_string}\"},\"query-input\":{\"@type\":\"PropertyValueSpecification\",\"valueRequired\":true,\"valueName\":\"search_term_string\"}}],\"inLanguage\":\"es\"},{\"@type\":\"Organization\",\"@id\":\"https:\\\/\\\/lospoliticosveracruz.com\\\/#organization\",\"name\":\"Los pol\u00edticos Veracruz\",\"url\":\"https:\\\/\\\/lospoliticosveracruz.com\\\/\",\"logo\":{\"@type\":\"ImageObject\",\"inLanguage\":\"es\",\"@id\":\"https:\\\/\\\/lospoliticosveracruz.com\\\/#\\\/schema\\\/logo\\\/image\\\/\",\"url\":\"https:\\\/\\\/lospoliticosveracruz.com\\\/wp-content\\\/uploads\\\/2025\\\/12\\\/Logo-Nuevo-LOS-POLITICOS-1.jpg\",\"contentUrl\":\"https:\\\/\\\/lospoliticosveracruz.com\\\/wp-content\\\/uploads\\\/2025\\\/12\\\/Logo-Nuevo-LOS-POLITICOS-1.jpg\",\"width\":260,\"height\":70,\"caption\":\"Los pol\u00edticos Veracruz\"},\"image\":{\"@id\":\"https:\\\/\\\/lospoliticosveracruz.com\\\/#\\\/schema\\\/logo\\\/image\\\/\"},\"sameAs\":[\"https:\\\/\\\/www.facebook.com\\\/people\\\/Notimemes-de-los-Polticos\\\/61565672886568\\\/\",\"https:\\\/\\\/x.com\\\/LosPoliticosVer\"]},{\"@type\":\"Person\",\"@id\":\"https:\\\/\\\/lospoliticosveracruz.com\\\/#\\\/schema\\\/person\\\/b8702bb0e538456e6efd07080bf2a4a2\",\"name\":\"Lo viste en Los Pol\u00edticos\",\"image\":{\"@type\":\"ImageObject\",\"inLanguage\":\"es\",\"@id\":\"https:\\\/\\\/secure.gravatar.com\\\/avatar\\\/3a8de04a2656d44082be478bd6c086daa447c4651605818287b9532d3d0bd435?s=96&d=mm&r=g\",\"url\":\"https:\\\/\\\/secure.gravatar.com\\\/avatar\\\/3a8de04a2656d44082be478bd6c086daa447c4651605818287b9532d3d0bd435?s=96&d=mm&r=g\",\"contentUrl\":\"https:\\\/\\\/secure.gravatar.com\\\/avatar\\\/3a8de04a2656d44082be478bd6c086daa447c4651605818287b9532d3d0bd435?s=96&d=mm&r=g\",\"caption\":\"Lo viste en Los Pol\u00edticos\"},\"url\":\"https:\\\/\\\/lospoliticosveracruz.com\\\/?author=2\"}]}<\/script>\n<!-- \/ Yoast SEO plugin. -->","yoast_head_json":{"title":"SALE A FLOTE! - Los pol\u00edticos Veracruz","robots":{"index":"index","follow":"follow","max-snippet":"max-snippet:-1","max-image-preview":"max-image-preview:large","max-video-preview":"max-video-preview:-1"},"canonical":"https:\/\/lospoliticosveracruz.com\/?p=147603","og_locale":"es_ES","og_type":"article","og_title":"SALE A FLOTE! - Los pol\u00edticos Veracruz","og_description":"Fanny Y\u00e9pezLa Columna Las inundaciones en las ciudades de Veracruz, se est\u00e1n registrando principalmente por la combinaci\u00f3n de intensas lluvias, fen\u00f3menos meteorol\u00f3gicos como ciclones y tormentas tropicales, factores geogr\u00e1ficos y urban\u00edsticos que agravan el problema.La topograf\u00eda, el desbordamiento de r\u00edos y arroyos, la p\u00e9rdida de vegetaci\u00f3n, la basura en las calles y la ocupaci\u00f3n de [&hellip;]","og_url":"https:\/\/lospoliticosveracruz.com\/?p=147603","og_site_name":"Los pol\u00edticos Veracruz","article_publisher":"https:\/\/www.facebook.com\/people\/Notimemes-de-los-Polticos\/61565672886568\/","article_published_time":"2025-06-23T11:47:39+00:00","article_modified_time":"2025-06-23T11:49:12+00:00","og_image":[{"width":600,"height":320,"url":"https:\/\/lospoliticosveracruz.com\/wp-content\/uploads\/2025\/04\/Fanny-Yepez-Luna-e1768657334923.jpg","type":"image\/jpeg"}],"author":"Lo viste en Los Pol\u00edticos","twitter_card":"summary_large_image","twitter_creator":"@LosPoliticosVer","twitter_site":"@LosPoliticosVer","twitter_misc":{"Escrito por":"Lo viste en Los Pol\u00edticos","Tiempo de lectura":"5 minutos"},"schema":{"@context":"https:\/\/schema.org","@graph":[{"@type":"Article","@id":"https:\/\/lospoliticosveracruz.com\/?p=147603#article","isPartOf":{"@id":"https:\/\/lospoliticosveracruz.com\/?p=147603"},"author":{"name":"Lo viste en Los Pol\u00edticos","@id":"https:\/\/lospoliticosveracruz.com\/#\/schema\/person\/b8702bb0e538456e6efd07080bf2a4a2"},"headline":"SALE A FLOTE!","datePublished":"2025-06-23T11:47:39+00:00","dateModified":"2025-06-23T11:49:12+00:00","mainEntityOfPage":{"@id":"https:\/\/lospoliticosveracruz.com\/?p=147603"},"wordCount":991,"publisher":{"@id":"https:\/\/lospoliticosveracruz.com\/#organization"},"image":{"@id":"https:\/\/lospoliticosveracruz.com\/?p=147603#primaryimage"},"thumbnailUrl":"https:\/\/lospoliticosveracruz.com\/wp-content\/uploads\/2025\/04\/Fanny-Yepez-Luna-e1768657334923.jpg","keywords":["Emiliano Zapata","Erick Ruiz","inundaciones","Plaza El Juguete","Veracruz","Xalapa"],"articleSection":["De Opini\u00f3n"],"inLanguage":"es"},{"@type":"WebPage","@id":"https:\/\/lospoliticosveracruz.com\/?p=147603","url":"https:\/\/lospoliticosveracruz.com\/?p=147603","name":"SALE A FLOTE! - Los pol\u00edticos Veracruz","isPartOf":{"@id":"https:\/\/lospoliticosveracruz.com\/#website"},"primaryImageOfPage":{"@id":"https:\/\/lospoliticosveracruz.com\/?p=147603#primaryimage"},"image":{"@id":"https:\/\/lospoliticosveracruz.com\/?p=147603#primaryimage"},"thumbnailUrl":"https:\/\/lospoliticosveracruz.com\/wp-content\/uploads\/2025\/04\/Fanny-Yepez-Luna-e1768657334923.jpg","datePublished":"2025-06-23T11:47:39+00:00","dateModified":"2025-06-23T11:49:12+00:00","breadcrumb":{"@id":"https:\/\/lospoliticosveracruz.com\/?p=147603#breadcrumb"},"inLanguage":"es","potentialAction":[{"@type":"ReadAction","target":["https:\/\/lospoliticosveracruz.com\/?p=147603"]}]},{"@type":"ImageObject","inLanguage":"es","@id":"https:\/\/lospoliticosveracruz.com\/?p=147603#primaryimage","url":"https:\/\/lospoliticosveracruz.com\/wp-content\/uploads\/2025\/04\/Fanny-Yepez-Luna-e1768657334923.jpg","contentUrl":"https:\/\/lospoliticosveracruz.com\/wp-content\/uploads\/2025\/04\/Fanny-Yepez-Luna-e1768657334923.jpg","width":600,"height":320},{"@type":"BreadcrumbList","@id":"https:\/\/lospoliticosveracruz.com\/?p=147603#breadcrumb","itemListElement":[{"@type":"ListItem","position":1,"name":"Portada","item":"https:\/\/lospoliticosveracruz.com\/"},{"@type":"ListItem","position":2,"name":"SALE A FLOTE!"}]},{"@type":"WebSite","@id":"https:\/\/lospoliticosveracruz.com\/#website","url":"https:\/\/lospoliticosveracruz.com\/","name":"Los pol\u00edticos Veracruz","description":"","publisher":{"@id":"https:\/\/lospoliticosveracruz.com\/#organization"},"potentialAction":[{"@type":"SearchAction","target":{"@type":"EntryPoint","urlTemplate":"https:\/\/lospoliticosveracruz.com\/?s={search_term_string}"},"query-input":{"@type":"PropertyValueSpecification","valueRequired":true,"valueName":"search_term_string"}}],"inLanguage":"es"},{"@type":"Organization","@id":"https:\/\/lospoliticosveracruz.com\/#organization","name":"Los pol\u00edticos Veracruz","url":"https:\/\/lospoliticosveracruz.com\/","logo":{"@type":"ImageObject","inLanguage":"es","@id":"https:\/\/lospoliticosveracruz.com\/#\/schema\/logo\/image\/","url":"https:\/\/lospoliticosveracruz.com\/wp-content\/uploads\/2025\/12\/Logo-Nuevo-LOS-POLITICOS-1.jpg","contentUrl":"https:\/\/lospoliticosveracruz.com\/wp-content\/uploads\/2025\/12\/Logo-Nuevo-LOS-POLITICOS-1.jpg","width":260,"height":70,"caption":"Los pol\u00edticos Veracruz"},"image":{"@id":"https:\/\/lospoliticosveracruz.com\/#\/schema\/logo\/image\/"},"sameAs":["https:\/\/www.facebook.com\/people\/Notimemes-de-los-Polticos\/61565672886568\/","https:\/\/x.com\/LosPoliticosVer"]},{"@type":"Person","@id":"https:\/\/lospoliticosveracruz.com\/#\/schema\/person\/b8702bb0e538456e6efd07080bf2a4a2","name":"Lo viste en Los Pol\u00edticos","image":{"@type":"ImageObject","inLanguage":"es","@id":"https:\/\/secure.gravatar.com\/avatar\/3a8de04a2656d44082be478bd6c086daa447c4651605818287b9532d3d0bd435?s=96&d=mm&r=g","url":"https:\/\/secure.gravatar.com\/avatar\/3a8de04a2656d44082be478bd6c086daa447c4651605818287b9532d3d0bd435?s=96&d=mm&r=g","contentUrl":"https:\/\/secure.gravatar.com\/avatar\/3a8de04a2656d44082be478bd6c086daa447c4651605818287b9532d3d0bd435?s=96&d=mm&r=g","caption":"Lo viste en Los Pol\u00edticos"},"url":"https:\/\/lospoliticosveracruz.com\/?author=2"}]}},"_links":{"self":[{"href":"https:\/\/lospoliticosveracruz.com\/index.php?rest_route=\/wp\/v2\/posts\/147603","targetHints":{"allow":["GET"]}}],"collection":[{"href":"https:\/\/lospoliticosveracruz.com\/index.php?rest_route=\/wp\/v2\/posts"}],"about":[{"href":"https:\/\/lospoliticosveracruz.com\/index.php?rest_route=\/wp\/v2\/types\/post"}],"author":[{"embeddable":true,"href":"https:\/\/lospoliticosveracruz.com\/index.php?rest_route=\/wp\/v2\/users\/2"}],"replies":[{"embeddable":true,"href":"https:\/\/lospoliticosveracruz.com\/index.php?rest_route=%2Fwp%2Fv2%2Fcomments&post=147603"}],"version-history":[{"count":1,"href":"https:\/\/lospoliticosveracruz.com\/index.php?rest_route=\/wp\/v2\/posts\/147603\/revisions"}],"predecessor-version":[{"id":147604,"href":"https:\/\/lospoliticosveracruz.com\/index.php?rest_route=\/wp\/v2\/posts\/147603\/revisions\/147604"}],"wp:featuredmedia":[{"embeddable":true,"href":"https:\/\/lospoliticosveracruz.com\/index.php?rest_route=\/wp\/v2\/media\/141383"}],"wp:attachment":[{"href":"https:\/\/lospoliticosveracruz.com\/index.php?rest_route=%2Fwp%2Fv2%2Fmedia&parent=147603"}],"wp:term":[{"taxonomy":"category","embeddable":true,"href":"https:\/\/lospoliticosveracruz.com\/index.php?rest_route=%2Fwp%2Fv2%2Fcategories&post=147603"},{"taxonomy":"post_tag","embeddable":true,"href":"https:\/\/lospoliticosveracruz.com\/index.php?rest_route=%2Fwp%2Fv2%2Ftags&post=147603"}],"curies":[{"name":"wp","href":"https:\/\/api.w.org\/{rel}","templated":true}]}}