{"id":147631,"date":"2025-06-23T13:16:39","date_gmt":"2025-06-23T18:16:39","guid":{"rendered":"https:\/\/lospoliticosveracruz.com.mx\/?p=147631"},"modified":"2025-06-23T13:17:00","modified_gmt":"2025-06-23T18:17:00","slug":"coparmex-entra-a-la-cancha","status":"publish","type":"post","link":"https:\/\/lospoliticosveracruz.com\/?p=147631","title":{"rendered":"COPARMEX ENTRA A LA CANCHA!"},"content":{"rendered":"\n\n\n<p><\/p>\n\n\n\n<p>Veracruz: \u201cPedimos a los federativos del futbol que no haya alg\u00fan impedimento para que en la zona Veracruz-Boca del R\u00edo, todos los veracruzanos podamos disfrutar de este espect\u00e1culo deportivo pronto en el estadio Luis \u201cPirata\u201d Fuente; este deporte le da un impacto econ\u00f3mico muy positivo al estado\u201d, coment\u00f3 el presidente de la Confederaci\u00f3n Patronal de la Rep\u00fablica Mexicana (COPARMEX) en Veracruz, Adri\u00e1n Maynes Garc\u00eda.<\/p>\n\n\n\n<p>\u201cEs muy importante tener una actividad complementaria y el futbol nos brinda esa oportunidad, para nuestros socios como para todos los empresarios que tienen alg\u00fan negocio relacionado a la atenci\u00f3n, al servicio y el tema de turismo, comida, restaurantes y hoteles, en general todos los sectores somos beneficiados\u201d.<\/p>\n\n\n\n<p>El dirigente de la COPARMEX local fue enf\u00e1tico al destacar la importancia de una plaza como Veracruz en el \u00e1mbito futbol\u00edstico no tan solo en la entidad, sino a nivel nacional.<\/p>\n\n\n\n<p>\u201cQue la Federaci\u00f3n Mexicana de Futbol eval\u00fae que es una plaza importante, adem\u00e1s con un estadio muy moderno, grande y tradicional, reci\u00e9n remodelado. Entonces, creo que es un espacio que se puede aprovechar, por la gran afici\u00f3n al futbol con la que cuenta el estado de Veracruz\u201d, dijo Maynes Garc\u00eda.<\/p>\n\n\n\n<p>Cuestionado sobre qu\u00e9 es m\u00e1s relevante: el nombre del equipo o el contar con una franquicia de futbol profesional, el titular de COPARMEX Veracruz, se\u00f1al\u00f3: \u201ctener un esfuerzo adicional para para poder traer un equipo o poder tener f\u00fatbol profesional en Veracruz, pues es algo muy importante, en la parte econ\u00f3mica es muy atractivo, el proyecto de los Piratas de Veracruz brindar\u00eda esta posibilidad de terminar con el ayuno de futbol en el \u201cPirata\u201d Fuente\u201d.<\/p>\n\n\n\n<p>El futbol atrae a mucha gente, no nada m\u00e1s de la zona del puerto y Boca del R\u00edo, sino tambi\u00e9n de los ciudadanos de las ciudades cercanas. Entonces, eso ayuda tambi\u00e9n a detonar de alguna forma una actividad econ\u00f3mica que es muy importante y que pues al menos cuando se tenga ese escenario cada 15 d\u00edas hay movimiento de gente.<\/p>\n\n\n\n<p>Agreg\u00f3: \u201ccreo que s\u00ed ser\u00eda muy interesante que no haya alg\u00fan impedimento para que en la zona podamos disfrutar de este espect\u00e1culo. El futbol profesional atrae a la gente que le da un impacto econ\u00f3mico y sobre todo, socialmente beneficia en el desarrollo de la juventud\u201d, dijo Maynes Garc\u00eda. La COPARMEX como un sindicato patronal, siempre estar\u00e1 muy atento a estar cerca de las de las mejores actividades o relaciones para toda nuestra zona y comunidad empresarial\u201d, acot\u00f3 finalmente.<\/p>\n","protected":false},"excerpt":{"rendered":"<p>Veracruz: \u201cPedimos a los federativos del futbol que no haya alg\u00fan impedimento para que en la zona Veracruz-Boca del R\u00edo, todos los veracruzanos podamos disfrutar de este espect\u00e1culo deportivo pronto en el estadio Luis \u201cPirata\u201d Fuente; este deporte le da un impacto econ\u00f3mico muy positivo al estado\u201d, coment\u00f3 el presidente de la Confederaci\u00f3n Patronal de [&hellip;]<\/p>\n","protected":false},"author":2,"featured_media":147632,"comment_status":"closed","ping_status":"closed","sticky":false,"template":"","format":"standard","meta":{"tdm_status":"","tdm_grid_status":"","footnotes":""},"categories":[40050],"tags":[6293],"class_list":{"0":"post-147631","1":"post","2":"type-post","3":"status-publish","4":"format-standard","5":"has-post-thumbnail","7":"category-juega","8":"tag-coparmex"},"yoast_head":"<!-- This site is optimized with the Yoast SEO plugin v27.4 - https:\/\/yoast.com\/product\/yoast-seo-wordpress\/ -->\n<title>COPARMEX ENTRA A LA CANCHA! - Los pol\u00edticos Veracruz<\/title>\n<meta name=\"robots\" content=\"index, follow, max-snippet:-1, max-image-preview:large, max-video-preview:-1\" \/>\n<link rel=\"canonical\" href=\"https:\/\/lospoliticosveracruz.com\/?p=147631\" \/>\n<meta property=\"og:locale\" content=\"es_ES\" \/>\n<meta property=\"og:type\" content=\"article\" \/>\n<meta property=\"og:title\" content=\"COPARMEX ENTRA A LA CANCHA! - Los pol\u00edticos Veracruz\" \/>\n<meta property=\"og:description\" content=\"Veracruz: \u201cPedimos a los federativos del futbol que no haya alg\u00fan impedimento para que en la zona Veracruz-Boca del R\u00edo, todos los veracruzanos podamos disfrutar de este espect\u00e1culo deportivo pronto en el estadio Luis \u201cPirata\u201d Fuente; este deporte le da un impacto econ\u00f3mico muy positivo al estado\u201d, coment\u00f3 el presidente de la Confederaci\u00f3n Patronal de [&hellip;]\" \/>\n<meta property=\"og:url\" content=\"https:\/\/lospoliticosveracruz.com\/?p=147631\" \/>\n<meta property=\"og:site_name\" content=\"Los pol\u00edticos Veracruz\" \/>\n<meta property=\"article:publisher\" content=\"https:\/\/www.facebook.com\/people\/Notimemes-de-los-Polticos\/61565672886568\/\" \/>\n<meta property=\"article:published_time\" content=\"2025-06-23T18:16:39+00:00\" \/>\n<meta property=\"article:modified_time\" content=\"2025-06-23T18:17:00+00:00\" \/>\n<meta property=\"og:image\" content=\"https:\/\/lospoliticosveracruz.com\/wp-content\/uploads\/2025\/06\/Adrian-Maynes.jpg\" \/>\n\t<meta property=\"og:image:width\" content=\"600\" \/>\n\t<meta property=\"og:image:height\" content=\"320\" \/>\n\t<meta property=\"og:image:type\" content=\"image\/jpeg\" \/>\n<meta name=\"author\" content=\"Lo viste en Los Pol\u00edticos\" \/>\n<meta name=\"twitter:card\" content=\"summary_large_image\" \/>\n<meta name=\"twitter:creator\" content=\"@LosPoliticosVer\" \/>\n<meta name=\"twitter:site\" content=\"@LosPoliticosVer\" \/>\n<meta name=\"twitter:label1\" content=\"Escrito por\" \/>\n\t<meta name=\"twitter:data1\" content=\"Lo viste en Los Pol\u00edticos\" \/>\n\t<meta name=\"twitter:label2\" content=\"Tiempo de lectura\" \/>\n\t<meta name=\"twitter:data2\" content=\"2 minutos\" \/>\n<script type=\"application\/ld+json\" class=\"yoast-schema-graph\">{\"@context\":\"https:\\\/\\\/schema.org\",\"@graph\":[{\"@type\":\"Article\",\"@id\":\"https:\\\/\\\/lospoliticosveracruz.com\\\/?p=147631#article\",\"isPartOf\":{\"@id\":\"https:\\\/\\\/lospoliticosveracruz.com\\\/?p=147631\"},\"author\":{\"name\":\"Lo viste en Los Pol\u00edticos\",\"@id\":\"https:\\\/\\\/lospoliticosveracruz.com\\\/#\\\/schema\\\/person\\\/b8702bb0e538456e6efd07080bf2a4a2\"},\"headline\":\"COPARMEX ENTRA A LA CANCHA!\",\"datePublished\":\"2025-06-23T18:16:39+00:00\",\"dateModified\":\"2025-06-23T18:17:00+00:00\",\"mainEntityOfPage\":{\"@id\":\"https:\\\/\\\/lospoliticosveracruz.com\\\/?p=147631\"},\"wordCount\":445,\"publisher\":{\"@id\":\"https:\\\/\\\/lospoliticosveracruz.com\\\/#organization\"},\"image\":{\"@id\":\"https:\\\/\\\/lospoliticosveracruz.com\\\/?p=147631#primaryimage\"},\"thumbnailUrl\":\"https:\\\/\\\/lospoliticosveracruz.com\\\/wp-content\\\/uploads\\\/2025\\\/06\\\/Adrian-Maynes.jpg\",\"keywords\":[\"Coparmex\"],\"articleSection\":[\"Juega!\"],\"inLanguage\":\"es\"},{\"@type\":\"WebPage\",\"@id\":\"https:\\\/\\\/lospoliticosveracruz.com\\\/?p=147631\",\"url\":\"https:\\\/\\\/lospoliticosveracruz.com\\\/?p=147631\",\"name\":\"COPARMEX ENTRA A LA CANCHA! - Los pol\u00edticos Veracruz\",\"isPartOf\":{\"@id\":\"https:\\\/\\\/lospoliticosveracruz.com\\\/#website\"},\"primaryImageOfPage\":{\"@id\":\"https:\\\/\\\/lospoliticosveracruz.com\\\/?p=147631#primaryimage\"},\"image\":{\"@id\":\"https:\\\/\\\/lospoliticosveracruz.com\\\/?p=147631#primaryimage\"},\"thumbnailUrl\":\"https:\\\/\\\/lospoliticosveracruz.com\\\/wp-content\\\/uploads\\\/2025\\\/06\\\/Adrian-Maynes.jpg\",\"datePublished\":\"2025-06-23T18:16:39+00:00\",\"dateModified\":\"2025-06-23T18:17:00+00:00\",\"breadcrumb\":{\"@id\":\"https:\\\/\\\/lospoliticosveracruz.com\\\/?p=147631#breadcrumb\"},\"inLanguage\":\"es\",\"potentialAction\":[{\"@type\":\"ReadAction\",\"target\":[\"https:\\\/\\\/lospoliticosveracruz.com\\\/?p=147631\"]}]},{\"@type\":\"ImageObject\",\"inLanguage\":\"es\",\"@id\":\"https:\\\/\\\/lospoliticosveracruz.com\\\/?p=147631#primaryimage\",\"url\":\"https:\\\/\\\/lospoliticosveracruz.com\\\/wp-content\\\/uploads\\\/2025\\\/06\\\/Adrian-Maynes.jpg\",\"contentUrl\":\"https:\\\/\\\/lospoliticosveracruz.com\\\/wp-content\\\/uploads\\\/2025\\\/06\\\/Adrian-Maynes.jpg\",\"width\":600,\"height\":320},{\"@type\":\"BreadcrumbList\",\"@id\":\"https:\\\/\\\/lospoliticosveracruz.com\\\/?p=147631#breadcrumb\",\"itemListElement\":[{\"@type\":\"ListItem\",\"position\":1,\"name\":\"Portada\",\"item\":\"https:\\\/\\\/lospoliticosveracruz.com\\\/\"},{\"@type\":\"ListItem\",\"position\":2,\"name\":\"COPARMEX ENTRA A LA CANCHA!\"}]},{\"@type\":\"WebSite\",\"@id\":\"https:\\\/\\\/lospoliticosveracruz.com\\\/#website\",\"url\":\"https:\\\/\\\/lospoliticosveracruz.com\\\/\",\"name\":\"Los pol\u00edticos Veracruz\",\"description\":\"\",\"publisher\":{\"@id\":\"https:\\\/\\\/lospoliticosveracruz.com\\\/#organization\"},\"potentialAction\":[{\"@type\":\"SearchAction\",\"target\":{\"@type\":\"EntryPoint\",\"urlTemplate\":\"https:\\\/\\\/lospoliticosveracruz.com\\\/?s={search_term_string}\"},\"query-input\":{\"@type\":\"PropertyValueSpecification\",\"valueRequired\":true,\"valueName\":\"search_term_string\"}}],\"inLanguage\":\"es\"},{\"@type\":\"Organization\",\"@id\":\"https:\\\/\\\/lospoliticosveracruz.com\\\/#organization\",\"name\":\"Los pol\u00edticos Veracruz\",\"url\":\"https:\\\/\\\/lospoliticosveracruz.com\\\/\",\"logo\":{\"@type\":\"ImageObject\",\"inLanguage\":\"es\",\"@id\":\"https:\\\/\\\/lospoliticosveracruz.com\\\/#\\\/schema\\\/logo\\\/image\\\/\",\"url\":\"https:\\\/\\\/lospoliticosveracruz.com\\\/wp-content\\\/uploads\\\/2025\\\/12\\\/Logo-Nuevo-LOS-POLITICOS-1.jpg\",\"contentUrl\":\"https:\\\/\\\/lospoliticosveracruz.com\\\/wp-content\\\/uploads\\\/2025\\\/12\\\/Logo-Nuevo-LOS-POLITICOS-1.jpg\",\"width\":260,\"height\":70,\"caption\":\"Los pol\u00edticos Veracruz\"},\"image\":{\"@id\":\"https:\\\/\\\/lospoliticosveracruz.com\\\/#\\\/schema\\\/logo\\\/image\\\/\"},\"sameAs\":[\"https:\\\/\\\/www.facebook.com\\\/people\\\/Notimemes-de-los-Polticos\\\/61565672886568\\\/\",\"https:\\\/\\\/x.com\\\/LosPoliticosVer\"]},{\"@type\":\"Person\",\"@id\":\"https:\\\/\\\/lospoliticosveracruz.com\\\/#\\\/schema\\\/person\\\/b8702bb0e538456e6efd07080bf2a4a2\",\"name\":\"Lo viste en Los Pol\u00edticos\",\"image\":{\"@type\":\"ImageObject\",\"inLanguage\":\"es\",\"@id\":\"https:\\\/\\\/secure.gravatar.com\\\/avatar\\\/3a8de04a2656d44082be478bd6c086daa447c4651605818287b9532d3d0bd435?s=96&d=mm&r=g\",\"url\":\"https:\\\/\\\/secure.gravatar.com\\\/avatar\\\/3a8de04a2656d44082be478bd6c086daa447c4651605818287b9532d3d0bd435?s=96&d=mm&r=g\",\"contentUrl\":\"https:\\\/\\\/secure.gravatar.com\\\/avatar\\\/3a8de04a2656d44082be478bd6c086daa447c4651605818287b9532d3d0bd435?s=96&d=mm&r=g\",\"caption\":\"Lo viste en Los Pol\u00edticos\"},\"url\":\"https:\\\/\\\/lospoliticosveracruz.com\\\/?author=2\"}]}<\/script>\n<!-- \/ Yoast SEO plugin. -->","yoast_head_json":{"title":"COPARMEX ENTRA A LA CANCHA! - Los pol\u00edticos Veracruz","robots":{"index":"index","follow":"follow","max-snippet":"max-snippet:-1","max-image-preview":"max-image-preview:large","max-video-preview":"max-video-preview:-1"},"canonical":"https:\/\/lospoliticosveracruz.com\/?p=147631","og_locale":"es_ES","og_type":"article","og_title":"COPARMEX ENTRA A LA CANCHA! - Los pol\u00edticos Veracruz","og_description":"Veracruz: \u201cPedimos a los federativos del futbol que no haya alg\u00fan impedimento para que en la zona Veracruz-Boca del R\u00edo, todos los veracruzanos podamos disfrutar de este espect\u00e1culo deportivo pronto en el estadio Luis \u201cPirata\u201d Fuente; este deporte le da un impacto econ\u00f3mico muy positivo al estado\u201d, coment\u00f3 el presidente de la Confederaci\u00f3n Patronal de [&hellip;]","og_url":"https:\/\/lospoliticosveracruz.com\/?p=147631","og_site_name":"Los pol\u00edticos Veracruz","article_publisher":"https:\/\/www.facebook.com\/people\/Notimemes-de-los-Polticos\/61565672886568\/","article_published_time":"2025-06-23T18:16:39+00:00","article_modified_time":"2025-06-23T18:17:00+00:00","og_image":[{"width":600,"height":320,"url":"https:\/\/lospoliticosveracruz.com\/wp-content\/uploads\/2025\/06\/Adrian-Maynes.jpg","type":"image\/jpeg"}],"author":"Lo viste en Los Pol\u00edticos","twitter_card":"summary_large_image","twitter_creator":"@LosPoliticosVer","twitter_site":"@LosPoliticosVer","twitter_misc":{"Escrito por":"Lo viste en Los Pol\u00edticos","Tiempo de lectura":"2 minutos"},"schema":{"@context":"https:\/\/schema.org","@graph":[{"@type":"Article","@id":"https:\/\/lospoliticosveracruz.com\/?p=147631#article","isPartOf":{"@id":"https:\/\/lospoliticosveracruz.com\/?p=147631"},"author":{"name":"Lo viste en Los Pol\u00edticos","@id":"https:\/\/lospoliticosveracruz.com\/#\/schema\/person\/b8702bb0e538456e6efd07080bf2a4a2"},"headline":"COPARMEX ENTRA A LA CANCHA!","datePublished":"2025-06-23T18:16:39+00:00","dateModified":"2025-06-23T18:17:00+00:00","mainEntityOfPage":{"@id":"https:\/\/lospoliticosveracruz.com\/?p=147631"},"wordCount":445,"publisher":{"@id":"https:\/\/lospoliticosveracruz.com\/#organization"},"image":{"@id":"https:\/\/lospoliticosveracruz.com\/?p=147631#primaryimage"},"thumbnailUrl":"https:\/\/lospoliticosveracruz.com\/wp-content\/uploads\/2025\/06\/Adrian-Maynes.jpg","keywords":["Coparmex"],"articleSection":["Juega!"],"inLanguage":"es"},{"@type":"WebPage","@id":"https:\/\/lospoliticosveracruz.com\/?p=147631","url":"https:\/\/lospoliticosveracruz.com\/?p=147631","name":"COPARMEX ENTRA A LA CANCHA! - Los pol\u00edticos Veracruz","isPartOf":{"@id":"https:\/\/lospoliticosveracruz.com\/#website"},"primaryImageOfPage":{"@id":"https:\/\/lospoliticosveracruz.com\/?p=147631#primaryimage"},"image":{"@id":"https:\/\/lospoliticosveracruz.com\/?p=147631#primaryimage"},"thumbnailUrl":"https:\/\/lospoliticosveracruz.com\/wp-content\/uploads\/2025\/06\/Adrian-Maynes.jpg","datePublished":"2025-06-23T18:16:39+00:00","dateModified":"2025-06-23T18:17:00+00:00","breadcrumb":{"@id":"https:\/\/lospoliticosveracruz.com\/?p=147631#breadcrumb"},"inLanguage":"es","potentialAction":[{"@type":"ReadAction","target":["https:\/\/lospoliticosveracruz.com\/?p=147631"]}]},{"@type":"ImageObject","inLanguage":"es","@id":"https:\/\/lospoliticosveracruz.com\/?p=147631#primaryimage","url":"https:\/\/lospoliticosveracruz.com\/wp-content\/uploads\/2025\/06\/Adrian-Maynes.jpg","contentUrl":"https:\/\/lospoliticosveracruz.com\/wp-content\/uploads\/2025\/06\/Adrian-Maynes.jpg","width":600,"height":320},{"@type":"BreadcrumbList","@id":"https:\/\/lospoliticosveracruz.com\/?p=147631#breadcrumb","itemListElement":[{"@type":"ListItem","position":1,"name":"Portada","item":"https:\/\/lospoliticosveracruz.com\/"},{"@type":"ListItem","position":2,"name":"COPARMEX ENTRA A LA CANCHA!"}]},{"@type":"WebSite","@id":"https:\/\/lospoliticosveracruz.com\/#website","url":"https:\/\/lospoliticosveracruz.com\/","name":"Los pol\u00edticos Veracruz","description":"","publisher":{"@id":"https:\/\/lospoliticosveracruz.com\/#organization"},"potentialAction":[{"@type":"SearchAction","target":{"@type":"EntryPoint","urlTemplate":"https:\/\/lospoliticosveracruz.com\/?s={search_term_string}"},"query-input":{"@type":"PropertyValueSpecification","valueRequired":true,"valueName":"search_term_string"}}],"inLanguage":"es"},{"@type":"Organization","@id":"https:\/\/lospoliticosveracruz.com\/#organization","name":"Los pol\u00edticos Veracruz","url":"https:\/\/lospoliticosveracruz.com\/","logo":{"@type":"ImageObject","inLanguage":"es","@id":"https:\/\/lospoliticosveracruz.com\/#\/schema\/logo\/image\/","url":"https:\/\/lospoliticosveracruz.com\/wp-content\/uploads\/2025\/12\/Logo-Nuevo-LOS-POLITICOS-1.jpg","contentUrl":"https:\/\/lospoliticosveracruz.com\/wp-content\/uploads\/2025\/12\/Logo-Nuevo-LOS-POLITICOS-1.jpg","width":260,"height":70,"caption":"Los pol\u00edticos Veracruz"},"image":{"@id":"https:\/\/lospoliticosveracruz.com\/#\/schema\/logo\/image\/"},"sameAs":["https:\/\/www.facebook.com\/people\/Notimemes-de-los-Polticos\/61565672886568\/","https:\/\/x.com\/LosPoliticosVer"]},{"@type":"Person","@id":"https:\/\/lospoliticosveracruz.com\/#\/schema\/person\/b8702bb0e538456e6efd07080bf2a4a2","name":"Lo viste en Los Pol\u00edticos","image":{"@type":"ImageObject","inLanguage":"es","@id":"https:\/\/secure.gravatar.com\/avatar\/3a8de04a2656d44082be478bd6c086daa447c4651605818287b9532d3d0bd435?s=96&d=mm&r=g","url":"https:\/\/secure.gravatar.com\/avatar\/3a8de04a2656d44082be478bd6c086daa447c4651605818287b9532d3d0bd435?s=96&d=mm&r=g","contentUrl":"https:\/\/secure.gravatar.com\/avatar\/3a8de04a2656d44082be478bd6c086daa447c4651605818287b9532d3d0bd435?s=96&d=mm&r=g","caption":"Lo viste en Los Pol\u00edticos"},"url":"https:\/\/lospoliticosveracruz.com\/?author=2"}]}},"_links":{"self":[{"href":"https:\/\/lospoliticosveracruz.com\/index.php?rest_route=\/wp\/v2\/posts\/147631","targetHints":{"allow":["GET"]}}],"collection":[{"href":"https:\/\/lospoliticosveracruz.com\/index.php?rest_route=\/wp\/v2\/posts"}],"about":[{"href":"https:\/\/lospoliticosveracruz.com\/index.php?rest_route=\/wp\/v2\/types\/post"}],"author":[{"embeddable":true,"href":"https:\/\/lospoliticosveracruz.com\/index.php?rest_route=\/wp\/v2\/users\/2"}],"replies":[{"embeddable":true,"href":"https:\/\/lospoliticosveracruz.com\/index.php?rest_route=%2Fwp%2Fv2%2Fcomments&post=147631"}],"version-history":[{"count":2,"href":"https:\/\/lospoliticosveracruz.com\/index.php?rest_route=\/wp\/v2\/posts\/147631\/revisions"}],"predecessor-version":[{"id":147634,"href":"https:\/\/lospoliticosveracruz.com\/index.php?rest_route=\/wp\/v2\/posts\/147631\/revisions\/147634"}],"wp:featuredmedia":[{"embeddable":true,"href":"https:\/\/lospoliticosveracruz.com\/index.php?rest_route=\/wp\/v2\/media\/147632"}],"wp:attachment":[{"href":"https:\/\/lospoliticosveracruz.com\/index.php?rest_route=%2Fwp%2Fv2%2Fmedia&parent=147631"}],"wp:term":[{"taxonomy":"category","embeddable":true,"href":"https:\/\/lospoliticosveracruz.com\/index.php?rest_route=%2Fwp%2Fv2%2Fcategories&post=147631"},{"taxonomy":"post_tag","embeddable":true,"href":"https:\/\/lospoliticosveracruz.com\/index.php?rest_route=%2Fwp%2Fv2%2Ftags&post=147631"}],"curies":[{"name":"wp","href":"https:\/\/api.w.org\/{rel}","templated":true}]}}