{"id":147640,"date":"2025-06-23T18:38:56","date_gmt":"2025-06-23T23:38:56","guid":{"rendered":"https:\/\/lospoliticosveracruz.com.mx\/?p=147640"},"modified":"2025-06-23T18:39:20","modified_gmt":"2025-06-23T23:39:20","slug":"camino-a-un-estado-militar-policiaco-y-represor","status":"publish","type":"post","link":"https:\/\/lospoliticosveracruz.com\/?p=147640","title":{"rendered":"CAMINO A UN ESTADO MILITAR, POLICIACO Y REPRESOR!\u00a0"},"content":{"rendered":"\n<p>CDMX: Maryjose Gamboa, diputada federal y alcaldesa electa del PAN de Boca del R\u00edo, advirti\u00f3 que la agenda legislativa que el partido Morena y sus aliados pretenden impulsar y someter a votaci\u00f3n en el Congreso federal en estos d\u00edas convertir\u00eda al Estado mexicano en un Estado militar-policiaco y represor.&nbsp;<\/p>\n\n\n\n<p>\u201cPor ejemplo en materia de Seguridad P\u00fablica, Morena y sus aliados quieren desaparecer el car\u00e1cter civil que la Constituci\u00f3n le da a la Guardia Nacional y convertirla en un \u00f3rgano militar, faltando a todos los compromisos que el propio Morena y sus partidos aliados hab\u00edan acordado anteriormente. Es decir, se est\u00e1n echando para atr\u00e1s y se est\u00e1n convirtiendo en lo que tanto dicen combatir, en un partido que quiere someter a los mexicanos a todos sus caprichos y eso no lo podemos permitir ni tolerar\u201d, sentenci\u00f3.&nbsp;<\/p>\n\n\n\n<p>Maryjose Gamboa dijo que estas reformas buscan tambi\u00e9n que los elementos de la Guardia Nacional puedan tener las facultades legales de un Ministerio P\u00fablico y que puedan con ello actuar y realizar cateos e intervenciones telef\u00f3nicas, por citar algunos ejemplos, sin el aval y consentimiento de un Juez.&nbsp;<\/p>\n\n\n\n<p>\u201cEsto es muy peligroso para los ciudadanos que ya de por s\u00ed sufren del mal actuar de algunas corporaciones policiacas y esto no lo podemos permitir\u201d, se\u00f1al\u00f3.&nbsp;<\/p>\n\n\n\n<p>La diputada federal y alcaldesa electa de Boca del R\u00edo por el PAN asegur\u00f3 que los legisladores de su partido van a votar en contra de todas estas iniciativas que atentan en contra de la Constituci\u00f3n.<\/p>\n\n\n\n<p>\u201cNo vamos a dejar de hacer lo que nos corresponde que es luchar porque prevalezca la justicia y la libertad\u201d, afirm\u00f3.<\/p>\n\n\n\n<p>Maryjose Gamboa advirti\u00f3 que Morena y sus aliados quieren aprovechar estos d\u00edas en los que hay muchos temas de inter\u00e9s mundial, como la guerra en Oriente Medio, para tratar de aprobar estas reformas que atentan en contra de los derechos de los mexicanos.&nbsp;<\/p>\n\n\n\n<p>\u201cMiren por ejemplo hay otra reforma que Morena y sus aliados pretenden impulsar que busca que el gobierno pueda tumbar servidores, eliminar p\u00e1ginas web y portales digitales, as\u00ed como comentarios que los ciudadanos puedan escribir en las diferentes plataformas digitales. Es decir quieren crear todo un esquema de censura en las redes sociales y en las plataformas digitales, es una locura vaya esto que quieren hacer y en el PAN por supuesto que vamos a dar la batalla legislativa para impedirlo\u201d, concluy\u00f3.<\/p>\n","protected":false},"excerpt":{"rendered":"<p>CDMX: Maryjose Gamboa, diputada federal y alcaldesa electa del PAN de Boca del R\u00edo, advirti\u00f3 que la agenda legislativa que el partido Morena y sus aliados pretenden impulsar y someter a votaci\u00f3n en el Congreso federal en estos d\u00edas convertir\u00eda al Estado mexicano en un Estado militar-policiaco y represor.&nbsp; \u201cPor ejemplo en materia de Seguridad [&hellip;]<\/p>\n","protected":false},"author":2,"featured_media":147641,"comment_status":"closed","ping_status":"closed","sticky":false,"template":"","format":"standard","meta":{"tdm_status":"","tdm_grid_status":"","footnotes":""},"categories":[73],"tags":[],"class_list":{"0":"post-147640","1":"post","2":"type-post","3":"status-publish","4":"format-standard","5":"has-post-thumbnail","7":"category-de-boleto"},"yoast_head":"<!-- This site is optimized with the Yoast SEO plugin v27.4 - https:\/\/yoast.com\/product\/yoast-seo-wordpress\/ -->\n<title>CAMINO A UN ESTADO MILITAR, POLICIACO Y REPRESOR!\u00a0 - Los pol\u00edticos Veracruz<\/title>\n<meta name=\"robots\" content=\"index, follow, max-snippet:-1, max-image-preview:large, max-video-preview:-1\" \/>\n<link rel=\"canonical\" href=\"https:\/\/lospoliticosveracruz.com\/?p=147640\" \/>\n<meta property=\"og:locale\" content=\"es_ES\" \/>\n<meta property=\"og:type\" content=\"article\" \/>\n<meta property=\"og:title\" content=\"CAMINO A UN ESTADO MILITAR, POLICIACO Y REPRESOR!\u00a0 - Los pol\u00edticos Veracruz\" \/>\n<meta property=\"og:description\" content=\"CDMX: Maryjose Gamboa, diputada federal y alcaldesa electa del PAN de Boca del R\u00edo, advirti\u00f3 que la agenda legislativa que el partido Morena y sus aliados pretenden impulsar y someter a votaci\u00f3n en el Congreso federal en estos d\u00edas convertir\u00eda al Estado mexicano en un Estado militar-policiaco y represor.&nbsp; \u201cPor ejemplo en materia de Seguridad [&hellip;]\" \/>\n<meta property=\"og:url\" content=\"https:\/\/lospoliticosveracruz.com\/?p=147640\" \/>\n<meta property=\"og:site_name\" content=\"Los pol\u00edticos Veracruz\" \/>\n<meta property=\"article:publisher\" content=\"https:\/\/www.facebook.com\/people\/Notimemes-de-los-Polticos\/61565672886568\/\" \/>\n<meta property=\"article:published_time\" content=\"2025-06-23T23:38:56+00:00\" \/>\n<meta property=\"article:modified_time\" content=\"2025-06-23T23:39:20+00:00\" \/>\n<meta property=\"og:image\" content=\"https:\/\/lospoliticosveracruz.com\/wp-content\/uploads\/2025\/06\/IMG_2920.jpeg\" \/>\n\t<meta property=\"og:image:width\" content=\"600\" \/>\n\t<meta property=\"og:image:height\" content=\"320\" \/>\n\t<meta property=\"og:image:type\" content=\"image\/jpeg\" \/>\n<meta name=\"author\" content=\"Lo viste en Los Pol\u00edticos\" \/>\n<meta name=\"twitter:card\" content=\"summary_large_image\" \/>\n<meta name=\"twitter:creator\" content=\"@LosPoliticosVer\" \/>\n<meta name=\"twitter:site\" content=\"@LosPoliticosVer\" \/>\n<meta name=\"twitter:label1\" content=\"Escrito por\" \/>\n\t<meta name=\"twitter:data1\" content=\"Lo viste en Los Pol\u00edticos\" \/>\n\t<meta name=\"twitter:label2\" content=\"Tiempo de lectura\" \/>\n\t<meta name=\"twitter:data2\" content=\"2 minutos\" \/>\n<script type=\"application\/ld+json\" class=\"yoast-schema-graph\">{\"@context\":\"https:\\\/\\\/schema.org\",\"@graph\":[{\"@type\":\"Article\",\"@id\":\"https:\\\/\\\/lospoliticosveracruz.com\\\/?p=147640#article\",\"isPartOf\":{\"@id\":\"https:\\\/\\\/lospoliticosveracruz.com\\\/?p=147640\"},\"author\":{\"name\":\"Lo viste en Los Pol\u00edticos\",\"@id\":\"https:\\\/\\\/lospoliticosveracruz.com\\\/#\\\/schema\\\/person\\\/b8702bb0e538456e6efd07080bf2a4a2\"},\"headline\":\"CAMINO A UN ESTADO MILITAR, POLICIACO Y REPRESOR!\u00a0\",\"datePublished\":\"2025-06-23T23:38:56+00:00\",\"dateModified\":\"2025-06-23T23:39:20+00:00\",\"mainEntityOfPage\":{\"@id\":\"https:\\\/\\\/lospoliticosveracruz.com\\\/?p=147640\"},\"wordCount\":425,\"publisher\":{\"@id\":\"https:\\\/\\\/lospoliticosveracruz.com\\\/#organization\"},\"image\":{\"@id\":\"https:\\\/\\\/lospoliticosveracruz.com\\\/?p=147640#primaryimage\"},\"thumbnailUrl\":\"https:\\\/\\\/lospoliticosveracruz.com\\\/wp-content\\\/uploads\\\/2025\\\/06\\\/IMG_2920.jpeg\",\"articleSection\":[\"De Boleto\"],\"inLanguage\":\"es\"},{\"@type\":\"WebPage\",\"@id\":\"https:\\\/\\\/lospoliticosveracruz.com\\\/?p=147640\",\"url\":\"https:\\\/\\\/lospoliticosveracruz.com\\\/?p=147640\",\"name\":\"CAMINO A UN ESTADO MILITAR, POLICIACO Y REPRESOR!\u00a0 - Los pol\u00edticos Veracruz\",\"isPartOf\":{\"@id\":\"https:\\\/\\\/lospoliticosveracruz.com\\\/#website\"},\"primaryImageOfPage\":{\"@id\":\"https:\\\/\\\/lospoliticosveracruz.com\\\/?p=147640#primaryimage\"},\"image\":{\"@id\":\"https:\\\/\\\/lospoliticosveracruz.com\\\/?p=147640#primaryimage\"},\"thumbnailUrl\":\"https:\\\/\\\/lospoliticosveracruz.com\\\/wp-content\\\/uploads\\\/2025\\\/06\\\/IMG_2920.jpeg\",\"datePublished\":\"2025-06-23T23:38:56+00:00\",\"dateModified\":\"2025-06-23T23:39:20+00:00\",\"breadcrumb\":{\"@id\":\"https:\\\/\\\/lospoliticosveracruz.com\\\/?p=147640#breadcrumb\"},\"inLanguage\":\"es\",\"potentialAction\":[{\"@type\":\"ReadAction\",\"target\":[\"https:\\\/\\\/lospoliticosveracruz.com\\\/?p=147640\"]}]},{\"@type\":\"ImageObject\",\"inLanguage\":\"es\",\"@id\":\"https:\\\/\\\/lospoliticosveracruz.com\\\/?p=147640#primaryimage\",\"url\":\"https:\\\/\\\/lospoliticosveracruz.com\\\/wp-content\\\/uploads\\\/2025\\\/06\\\/IMG_2920.jpeg\",\"contentUrl\":\"https:\\\/\\\/lospoliticosveracruz.com\\\/wp-content\\\/uploads\\\/2025\\\/06\\\/IMG_2920.jpeg\",\"width\":600,\"height\":320},{\"@type\":\"BreadcrumbList\",\"@id\":\"https:\\\/\\\/lospoliticosveracruz.com\\\/?p=147640#breadcrumb\",\"itemListElement\":[{\"@type\":\"ListItem\",\"position\":1,\"name\":\"Portada\",\"item\":\"https:\\\/\\\/lospoliticosveracruz.com\\\/\"},{\"@type\":\"ListItem\",\"position\":2,\"name\":\"CAMINO A UN ESTADO MILITAR, POLICIACO Y REPRESOR!\u00a0\"}]},{\"@type\":\"WebSite\",\"@id\":\"https:\\\/\\\/lospoliticosveracruz.com\\\/#website\",\"url\":\"https:\\\/\\\/lospoliticosveracruz.com\\\/\",\"name\":\"Los pol\u00edticos Veracruz\",\"description\":\"\",\"publisher\":{\"@id\":\"https:\\\/\\\/lospoliticosveracruz.com\\\/#organization\"},\"potentialAction\":[{\"@type\":\"SearchAction\",\"target\":{\"@type\":\"EntryPoint\",\"urlTemplate\":\"https:\\\/\\\/lospoliticosveracruz.com\\\/?s={search_term_string}\"},\"query-input\":{\"@type\":\"PropertyValueSpecification\",\"valueRequired\":true,\"valueName\":\"search_term_string\"}}],\"inLanguage\":\"es\"},{\"@type\":\"Organization\",\"@id\":\"https:\\\/\\\/lospoliticosveracruz.com\\\/#organization\",\"name\":\"Los pol\u00edticos Veracruz\",\"url\":\"https:\\\/\\\/lospoliticosveracruz.com\\\/\",\"logo\":{\"@type\":\"ImageObject\",\"inLanguage\":\"es\",\"@id\":\"https:\\\/\\\/lospoliticosveracruz.com\\\/#\\\/schema\\\/logo\\\/image\\\/\",\"url\":\"https:\\\/\\\/lospoliticosveracruz.com\\\/wp-content\\\/uploads\\\/2025\\\/12\\\/Logo-Nuevo-LOS-POLITICOS-1.jpg\",\"contentUrl\":\"https:\\\/\\\/lospoliticosveracruz.com\\\/wp-content\\\/uploads\\\/2025\\\/12\\\/Logo-Nuevo-LOS-POLITICOS-1.jpg\",\"width\":260,\"height\":70,\"caption\":\"Los pol\u00edticos Veracruz\"},\"image\":{\"@id\":\"https:\\\/\\\/lospoliticosveracruz.com\\\/#\\\/schema\\\/logo\\\/image\\\/\"},\"sameAs\":[\"https:\\\/\\\/www.facebook.com\\\/people\\\/Notimemes-de-los-Polticos\\\/61565672886568\\\/\",\"https:\\\/\\\/x.com\\\/LosPoliticosVer\"]},{\"@type\":\"Person\",\"@id\":\"https:\\\/\\\/lospoliticosveracruz.com\\\/#\\\/schema\\\/person\\\/b8702bb0e538456e6efd07080bf2a4a2\",\"name\":\"Lo viste en Los Pol\u00edticos\",\"image\":{\"@type\":\"ImageObject\",\"inLanguage\":\"es\",\"@id\":\"https:\\\/\\\/secure.gravatar.com\\\/avatar\\\/3a8de04a2656d44082be478bd6c086daa447c4651605818287b9532d3d0bd435?s=96&d=mm&r=g\",\"url\":\"https:\\\/\\\/secure.gravatar.com\\\/avatar\\\/3a8de04a2656d44082be478bd6c086daa447c4651605818287b9532d3d0bd435?s=96&d=mm&r=g\",\"contentUrl\":\"https:\\\/\\\/secure.gravatar.com\\\/avatar\\\/3a8de04a2656d44082be478bd6c086daa447c4651605818287b9532d3d0bd435?s=96&d=mm&r=g\",\"caption\":\"Lo viste en Los Pol\u00edticos\"},\"url\":\"https:\\\/\\\/lospoliticosveracruz.com\\\/?author=2\"}]}<\/script>\n<!-- \/ Yoast SEO plugin. -->","yoast_head_json":{"title":"CAMINO A UN ESTADO MILITAR, POLICIACO Y REPRESOR!\u00a0 - Los pol\u00edticos Veracruz","robots":{"index":"index","follow":"follow","max-snippet":"max-snippet:-1","max-image-preview":"max-image-preview:large","max-video-preview":"max-video-preview:-1"},"canonical":"https:\/\/lospoliticosveracruz.com\/?p=147640","og_locale":"es_ES","og_type":"article","og_title":"CAMINO A UN ESTADO MILITAR, POLICIACO Y REPRESOR!\u00a0 - Los pol\u00edticos Veracruz","og_description":"CDMX: Maryjose Gamboa, diputada federal y alcaldesa electa del PAN de Boca del R\u00edo, advirti\u00f3 que la agenda legislativa que el partido Morena y sus aliados pretenden impulsar y someter a votaci\u00f3n en el Congreso federal en estos d\u00edas convertir\u00eda al Estado mexicano en un Estado militar-policiaco y represor.&nbsp; \u201cPor ejemplo en materia de Seguridad [&hellip;]","og_url":"https:\/\/lospoliticosveracruz.com\/?p=147640","og_site_name":"Los pol\u00edticos Veracruz","article_publisher":"https:\/\/www.facebook.com\/people\/Notimemes-de-los-Polticos\/61565672886568\/","article_published_time":"2025-06-23T23:38:56+00:00","article_modified_time":"2025-06-23T23:39:20+00:00","og_image":[{"width":600,"height":320,"url":"https:\/\/lospoliticosveracruz.com\/wp-content\/uploads\/2025\/06\/IMG_2920.jpeg","type":"image\/jpeg"}],"author":"Lo viste en Los Pol\u00edticos","twitter_card":"summary_large_image","twitter_creator":"@LosPoliticosVer","twitter_site":"@LosPoliticosVer","twitter_misc":{"Escrito por":"Lo viste en Los Pol\u00edticos","Tiempo de lectura":"2 minutos"},"schema":{"@context":"https:\/\/schema.org","@graph":[{"@type":"Article","@id":"https:\/\/lospoliticosveracruz.com\/?p=147640#article","isPartOf":{"@id":"https:\/\/lospoliticosveracruz.com\/?p=147640"},"author":{"name":"Lo viste en Los Pol\u00edticos","@id":"https:\/\/lospoliticosveracruz.com\/#\/schema\/person\/b8702bb0e538456e6efd07080bf2a4a2"},"headline":"CAMINO A UN ESTADO MILITAR, POLICIACO Y REPRESOR!\u00a0","datePublished":"2025-06-23T23:38:56+00:00","dateModified":"2025-06-23T23:39:20+00:00","mainEntityOfPage":{"@id":"https:\/\/lospoliticosveracruz.com\/?p=147640"},"wordCount":425,"publisher":{"@id":"https:\/\/lospoliticosveracruz.com\/#organization"},"image":{"@id":"https:\/\/lospoliticosveracruz.com\/?p=147640#primaryimage"},"thumbnailUrl":"https:\/\/lospoliticosveracruz.com\/wp-content\/uploads\/2025\/06\/IMG_2920.jpeg","articleSection":["De Boleto"],"inLanguage":"es"},{"@type":"WebPage","@id":"https:\/\/lospoliticosveracruz.com\/?p=147640","url":"https:\/\/lospoliticosveracruz.com\/?p=147640","name":"CAMINO A UN ESTADO MILITAR, POLICIACO Y REPRESOR!\u00a0 - Los pol\u00edticos Veracruz","isPartOf":{"@id":"https:\/\/lospoliticosveracruz.com\/#website"},"primaryImageOfPage":{"@id":"https:\/\/lospoliticosveracruz.com\/?p=147640#primaryimage"},"image":{"@id":"https:\/\/lospoliticosveracruz.com\/?p=147640#primaryimage"},"thumbnailUrl":"https:\/\/lospoliticosveracruz.com\/wp-content\/uploads\/2025\/06\/IMG_2920.jpeg","datePublished":"2025-06-23T23:38:56+00:00","dateModified":"2025-06-23T23:39:20+00:00","breadcrumb":{"@id":"https:\/\/lospoliticosveracruz.com\/?p=147640#breadcrumb"},"inLanguage":"es","potentialAction":[{"@type":"ReadAction","target":["https:\/\/lospoliticosveracruz.com\/?p=147640"]}]},{"@type":"ImageObject","inLanguage":"es","@id":"https:\/\/lospoliticosveracruz.com\/?p=147640#primaryimage","url":"https:\/\/lospoliticosveracruz.com\/wp-content\/uploads\/2025\/06\/IMG_2920.jpeg","contentUrl":"https:\/\/lospoliticosveracruz.com\/wp-content\/uploads\/2025\/06\/IMG_2920.jpeg","width":600,"height":320},{"@type":"BreadcrumbList","@id":"https:\/\/lospoliticosveracruz.com\/?p=147640#breadcrumb","itemListElement":[{"@type":"ListItem","position":1,"name":"Portada","item":"https:\/\/lospoliticosveracruz.com\/"},{"@type":"ListItem","position":2,"name":"CAMINO A UN ESTADO MILITAR, POLICIACO Y REPRESOR!\u00a0"}]},{"@type":"WebSite","@id":"https:\/\/lospoliticosveracruz.com\/#website","url":"https:\/\/lospoliticosveracruz.com\/","name":"Los pol\u00edticos Veracruz","description":"","publisher":{"@id":"https:\/\/lospoliticosveracruz.com\/#organization"},"potentialAction":[{"@type":"SearchAction","target":{"@type":"EntryPoint","urlTemplate":"https:\/\/lospoliticosveracruz.com\/?s={search_term_string}"},"query-input":{"@type":"PropertyValueSpecification","valueRequired":true,"valueName":"search_term_string"}}],"inLanguage":"es"},{"@type":"Organization","@id":"https:\/\/lospoliticosveracruz.com\/#organization","name":"Los pol\u00edticos Veracruz","url":"https:\/\/lospoliticosveracruz.com\/","logo":{"@type":"ImageObject","inLanguage":"es","@id":"https:\/\/lospoliticosveracruz.com\/#\/schema\/logo\/image\/","url":"https:\/\/lospoliticosveracruz.com\/wp-content\/uploads\/2025\/12\/Logo-Nuevo-LOS-POLITICOS-1.jpg","contentUrl":"https:\/\/lospoliticosveracruz.com\/wp-content\/uploads\/2025\/12\/Logo-Nuevo-LOS-POLITICOS-1.jpg","width":260,"height":70,"caption":"Los pol\u00edticos Veracruz"},"image":{"@id":"https:\/\/lospoliticosveracruz.com\/#\/schema\/logo\/image\/"},"sameAs":["https:\/\/www.facebook.com\/people\/Notimemes-de-los-Polticos\/61565672886568\/","https:\/\/x.com\/LosPoliticosVer"]},{"@type":"Person","@id":"https:\/\/lospoliticosveracruz.com\/#\/schema\/person\/b8702bb0e538456e6efd07080bf2a4a2","name":"Lo viste en Los Pol\u00edticos","image":{"@type":"ImageObject","inLanguage":"es","@id":"https:\/\/secure.gravatar.com\/avatar\/3a8de04a2656d44082be478bd6c086daa447c4651605818287b9532d3d0bd435?s=96&d=mm&r=g","url":"https:\/\/secure.gravatar.com\/avatar\/3a8de04a2656d44082be478bd6c086daa447c4651605818287b9532d3d0bd435?s=96&d=mm&r=g","contentUrl":"https:\/\/secure.gravatar.com\/avatar\/3a8de04a2656d44082be478bd6c086daa447c4651605818287b9532d3d0bd435?s=96&d=mm&r=g","caption":"Lo viste en Los Pol\u00edticos"},"url":"https:\/\/lospoliticosveracruz.com\/?author=2"}]}},"_links":{"self":[{"href":"https:\/\/lospoliticosveracruz.com\/index.php?rest_route=\/wp\/v2\/posts\/147640","targetHints":{"allow":["GET"]}}],"collection":[{"href":"https:\/\/lospoliticosveracruz.com\/index.php?rest_route=\/wp\/v2\/posts"}],"about":[{"href":"https:\/\/lospoliticosveracruz.com\/index.php?rest_route=\/wp\/v2\/types\/post"}],"author":[{"embeddable":true,"href":"https:\/\/lospoliticosveracruz.com\/index.php?rest_route=\/wp\/v2\/users\/2"}],"replies":[{"embeddable":true,"href":"https:\/\/lospoliticosveracruz.com\/index.php?rest_route=%2Fwp%2Fv2%2Fcomments&post=147640"}],"version-history":[{"count":2,"href":"https:\/\/lospoliticosveracruz.com\/index.php?rest_route=\/wp\/v2\/posts\/147640\/revisions"}],"predecessor-version":[{"id":147643,"href":"https:\/\/lospoliticosveracruz.com\/index.php?rest_route=\/wp\/v2\/posts\/147640\/revisions\/147643"}],"wp:featuredmedia":[{"embeddable":true,"href":"https:\/\/lospoliticosveracruz.com\/index.php?rest_route=\/wp\/v2\/media\/147641"}],"wp:attachment":[{"href":"https:\/\/lospoliticosveracruz.com\/index.php?rest_route=%2Fwp%2Fv2%2Fmedia&parent=147640"}],"wp:term":[{"taxonomy":"category","embeddable":true,"href":"https:\/\/lospoliticosveracruz.com\/index.php?rest_route=%2Fwp%2Fv2%2Fcategories&post=147640"},{"taxonomy":"post_tag","embeddable":true,"href":"https:\/\/lospoliticosveracruz.com\/index.php?rest_route=%2Fwp%2Fv2%2Ftags&post=147640"}],"curies":[{"name":"wp","href":"https:\/\/api.w.org\/{rel}","templated":true}]}}