{"id":147653,"date":"2025-06-23T22:59:23","date_gmt":"2025-06-24T03:59:23","guid":{"rendered":"https:\/\/lospoliticosveracruz.com.mx\/?p=147653"},"modified":"2025-06-23T22:59:35","modified_gmt":"2025-06-24T03:59:35","slug":"y-haganle-como-quieran-atte-martin-aguilar-sanchez","status":"publish","type":"post","link":"https:\/\/lospoliticosveracruz.com\/?p=147653","title":{"rendered":"\u201c\u2026 Y H\u00c1GANLE COMO QUIERAN\u201d. ATTE:\u00a0\u00a0MART\u00cdN AGUILAR S\u00c1NCHEZ"},"content":{"rendered":"\n<p><br><\/p>\n\n\n\n\n\n<p><strong>Bernardo Guti\u00e9rrez Parra<\/strong><\/p>\n\n\n\n<p><em>Desde el Caf\u00e9<\/em>&nbsp;<\/p>\n\n\n\n<p>\u00bfDe a c\u00f3mo ser\u00eda el billete con que le untaron las manos a los miembros de la Junta de Gobierno de la Universidad Veracruzana para que aprobaran, imagino que por unanimidad, la prorroga solicitada por Mart\u00edn Aguilar S\u00e1nchez, para seguir como rector de nuestra m\u00e1xima casa de estudios hasta el 31 de agosto del 2029?<\/p>\n\n\n\n<p>Ojo, es una pregunta y la hago con respeto a los siete catedr\u00e1ticos y catedr\u00e1ticas (de los nueve que hab\u00eda en la Junta); todos probos, honrados, honestos, sin m\u00e1cula y dignos de ocupar tan importante responsabilidad. Que nadie se confunda, de ninguna manera estoy asegurando que los billetearon; simplemente estoy preguntando si hubo dinero de por medio, porque su resoluci\u00f3n basada en una inefable \u201cconsulta\u201d, despide hediondez monetaria.&nbsp;<\/p>\n\n\n\n<p>La consulta fue tan sin chiste, que de las 86 mil personas que tiene la UV entre alumnos y personal acad\u00e9mico y administrativo, s\u00f3lo respondieron 2 mil 839, de los cuales el 59.7 por ciento apoy\u00f3 la pr\u00f3rroga y el 40.93 por ciento se manifest\u00f3 en contra.&nbsp;&nbsp;<\/p>\n\n\n\n<p>De entrada, la suma de los dos porcentajes da como resultado el 100.63 por ciento y no el 100 por ciento. Pero eso es peccata minuta.&nbsp;<\/p>\n\n\n\n<p>Lo sustantivo es la diferencia del 18.77 por ciento entre ambos porcentajes, ya que eso quiere decir en n\u00fameros redondos, que 1,500 dijeron s\u00ed a la pr\u00f3rroga y 1,300 dijeron no.&nbsp;&nbsp;<\/p>\n\n\n\n<p>Si se toma como base la cantidad de personas con que cuenta la UV, hay que reconocer que Mart\u00edn Aguilar gan\u00f3 por una abrumadora y aplastante minor\u00eda.&nbsp;<\/p>\n\n\n\n<p>El n\u00famero irrisorio de participantes \u00bfno era para que invalidaran la consulta? No, porque hay un antecedente parecido e inmediato.&nbsp;<\/p>\n\n\n\n<p>La reelecci\u00f3n de este sujeto fue una copia burda de la no menos burda elecci\u00f3n judicial, donde vot\u00f3 el 6 por ciento de un padr\u00f3n electoral de 99 millones de ciudadanos. Pero con eso bast\u00f3 para que decenas o cientos de incompetentes llegaran a ocupar \u201cdemocr\u00e1ticamente\u201d la totalidad del Poder Judicial.&nbsp;<\/p>\n\n\n\n<p>No hay que darle muchas vueltas para saber que los procesos electorales de la 4T son suig\u00e9neris, y han llevado a nuestro pa\u00eds a ser el \u00fanico en el mundo donde las minor\u00edas no s\u00f3lo ganan, sino que avasallan. Y ah\u00ed est\u00e1n esos dos ejemplos.<\/p>\n\n\n\n<p>No s\u00e9 de otro pa\u00eds donde se realicen elecciones para nombrar jueces, magistrados y ministros. Y menos s\u00e9 que hayan sido elegidos apenas por el 13 por ciento de los votantes. Tampoco s\u00e9 de unas autoridades universitarias que violando la ley de su universidad, reelijan a un rector que para colmo result\u00f3 un fiasco en su primer periodo.&nbsp;<\/p>\n\n\n\n<p>Pero qu\u00e9 caray, somos un ejemplo mundial de democracia.<\/p>\n\n\n\n<p>Contra viento y marea, contra la opini\u00f3n de la comunidad universitaria que lo que quiere es un rector (o rectora) de verdad y no un resabio del socialismo sesentero; contra la opini\u00f3n de varios sectores de la sociedad veracruzana; contra la opini\u00f3n de la gobernadora Roc\u00edo Nahle de que todo aspirante debe ce\u00f1irse a lo que dicen las leyes de la UV, Mart\u00edn Gerardo Aguilar S\u00e1nchez va como rector por cuatro a\u00f1os m\u00e1s y h\u00e1ganle como quieran.<\/p>\n\n\n\n<p>Felicidades a los siete integrantes de la Junta de Gobierno, Juan Manuel Pinos Rodr\u00edguez; Diana Folger P\u00e9rez Staples; Ernesto Isunza Vera; Mar\u00eda Adela Monreal G\u00f3mez; H\u00e9ctor V\u00e1zquez Leal; Jos\u00e9 de Jes\u00fas Franco L\u00f3pez y Alan Jes\u00fas Morgado Bustos: con su decisi\u00f3n tienen asegurado un lugar en la historia de la UV y de Veracruz. Aunque por respeto a sus mercedes, me reservo el derecho de decir el sitio donde la propia historia los acomodar\u00e1.&nbsp;<\/p>\n\n\n\n<p>bernardogup@hotmail.com<\/p>\n","protected":false},"excerpt":{"rendered":"<p>Bernardo Guti\u00e9rrez Parra Desde el Caf\u00e9&nbsp; \u00bfDe a c\u00f3mo ser\u00eda el billete con que le untaron las manos a los miembros de la Junta de Gobierno de la Universidad Veracruzana para que aprobaran, imagino que por unanimidad, la prorroga solicitada por Mart\u00edn Aguilar S\u00e1nchez, para seguir como rector de nuestra m\u00e1xima casa de estudios hasta [&hellip;]<\/p>\n","protected":false},"author":2,"featured_media":141479,"comment_status":"closed","ping_status":"closed","sticky":false,"template":"","format":"standard","meta":{"tdm_status":"","tdm_grid_status":"","footnotes":""},"categories":[70],"tags":[219],"class_list":{"0":"post-147653","1":"post","2":"type-post","3":"status-publish","4":"format-standard","5":"has-post-thumbnail","7":"category-de-opinion","8":"tag-universidad-veracruzana"},"yoast_head":"<!-- This site is optimized with the Yoast SEO plugin v27.4 - https:\/\/yoast.com\/product\/yoast-seo-wordpress\/ -->\n<title>\u201c\u2026 Y H\u00c1GANLE COMO QUIERAN\u201d. ATTE:\u00a0\u00a0MART\u00cdN AGUILAR S\u00c1NCHEZ - Los pol\u00edticos Veracruz<\/title>\n<meta name=\"robots\" content=\"index, follow, max-snippet:-1, max-image-preview:large, max-video-preview:-1\" \/>\n<link rel=\"canonical\" href=\"https:\/\/lospoliticosveracruz.com\/?p=147653\" \/>\n<meta property=\"og:locale\" content=\"es_ES\" \/>\n<meta property=\"og:type\" content=\"article\" \/>\n<meta property=\"og:title\" content=\"\u201c\u2026 Y H\u00c1GANLE COMO QUIERAN\u201d. ATTE:\u00a0\u00a0MART\u00cdN AGUILAR S\u00c1NCHEZ - Los pol\u00edticos Veracruz\" \/>\n<meta property=\"og:description\" content=\"Bernardo Guti\u00e9rrez Parra Desde el Caf\u00e9&nbsp; \u00bfDe a c\u00f3mo ser\u00eda el billete con que le untaron las manos a los miembros de la Junta de Gobierno de la Universidad Veracruzana para que aprobaran, imagino que por unanimidad, la prorroga solicitada por Mart\u00edn Aguilar S\u00e1nchez, para seguir como rector de nuestra m\u00e1xima casa de estudios hasta [&hellip;]\" \/>\n<meta property=\"og:url\" content=\"https:\/\/lospoliticosveracruz.com\/?p=147653\" \/>\n<meta property=\"og:site_name\" content=\"Los pol\u00edticos Veracruz\" \/>\n<meta property=\"article:publisher\" content=\"https:\/\/www.facebook.com\/people\/Notimemes-de-los-Polticos\/61565672886568\/\" \/>\n<meta property=\"article:published_time\" content=\"2025-06-24T03:59:23+00:00\" \/>\n<meta property=\"article:modified_time\" content=\"2025-06-24T03:59:35+00:00\" \/>\n<meta property=\"og:image\" content=\"https:\/\/lospoliticosveracruz.com\/wp-content\/uploads\/2025\/04\/Bernardo-Gutierrez-Parra.jpg\" \/>\n\t<meta property=\"og:image:width\" content=\"1250\" \/>\n\t<meta property=\"og:image:height\" content=\"667\" \/>\n\t<meta property=\"og:image:type\" content=\"image\/jpeg\" \/>\n<meta name=\"author\" content=\"Lo viste en Los Pol\u00edticos\" \/>\n<meta name=\"twitter:card\" content=\"summary_large_image\" \/>\n<meta name=\"twitter:creator\" content=\"@LosPoliticosVer\" \/>\n<meta name=\"twitter:site\" content=\"@LosPoliticosVer\" \/>\n<meta name=\"twitter:label1\" content=\"Escrito por\" \/>\n\t<meta name=\"twitter:data1\" content=\"Lo viste en Los Pol\u00edticos\" \/>\n\t<meta name=\"twitter:label2\" content=\"Tiempo de lectura\" \/>\n\t<meta name=\"twitter:data2\" content=\"3 minutos\" \/>\n<script type=\"application\/ld+json\" class=\"yoast-schema-graph\">{\"@context\":\"https:\\\/\\\/schema.org\",\"@graph\":[{\"@type\":\"Article\",\"@id\":\"https:\\\/\\\/lospoliticosveracruz.com\\\/?p=147653#article\",\"isPartOf\":{\"@id\":\"https:\\\/\\\/lospoliticosveracruz.com\\\/?p=147653\"},\"author\":{\"name\":\"Lo viste en Los Pol\u00edticos\",\"@id\":\"https:\\\/\\\/lospoliticosveracruz.com\\\/#\\\/schema\\\/person\\\/b8702bb0e538456e6efd07080bf2a4a2\"},\"headline\":\"\u201c\u2026 Y H\u00c1GANLE COMO QUIERAN\u201d. ATTE:\u00a0\u00a0MART\u00cdN AGUILAR S\u00c1NCHEZ\",\"datePublished\":\"2025-06-24T03:59:23+00:00\",\"dateModified\":\"2025-06-24T03:59:35+00:00\",\"mainEntityOfPage\":{\"@id\":\"https:\\\/\\\/lospoliticosveracruz.com\\\/?p=147653\"},\"wordCount\":654,\"publisher\":{\"@id\":\"https:\\\/\\\/lospoliticosveracruz.com\\\/#organization\"},\"image\":{\"@id\":\"https:\\\/\\\/lospoliticosveracruz.com\\\/?p=147653#primaryimage\"},\"thumbnailUrl\":\"https:\\\/\\\/lospoliticosveracruz.com\\\/wp-content\\\/uploads\\\/2025\\\/04\\\/Bernardo-Gutierrez-Parra.jpg\",\"keywords\":[\"Universidad Veracruzana\"],\"articleSection\":[\"De Opini\u00f3n\"],\"inLanguage\":\"es\"},{\"@type\":\"WebPage\",\"@id\":\"https:\\\/\\\/lospoliticosveracruz.com\\\/?p=147653\",\"url\":\"https:\\\/\\\/lospoliticosveracruz.com\\\/?p=147653\",\"name\":\"\u201c\u2026 Y H\u00c1GANLE COMO QUIERAN\u201d. ATTE:\u00a0\u00a0MART\u00cdN AGUILAR S\u00c1NCHEZ - Los pol\u00edticos Veracruz\",\"isPartOf\":{\"@id\":\"https:\\\/\\\/lospoliticosveracruz.com\\\/#website\"},\"primaryImageOfPage\":{\"@id\":\"https:\\\/\\\/lospoliticosveracruz.com\\\/?p=147653#primaryimage\"},\"image\":{\"@id\":\"https:\\\/\\\/lospoliticosveracruz.com\\\/?p=147653#primaryimage\"},\"thumbnailUrl\":\"https:\\\/\\\/lospoliticosveracruz.com\\\/wp-content\\\/uploads\\\/2025\\\/04\\\/Bernardo-Gutierrez-Parra.jpg\",\"datePublished\":\"2025-06-24T03:59:23+00:00\",\"dateModified\":\"2025-06-24T03:59:35+00:00\",\"breadcrumb\":{\"@id\":\"https:\\\/\\\/lospoliticosveracruz.com\\\/?p=147653#breadcrumb\"},\"inLanguage\":\"es\",\"potentialAction\":[{\"@type\":\"ReadAction\",\"target\":[\"https:\\\/\\\/lospoliticosveracruz.com\\\/?p=147653\"]}]},{\"@type\":\"ImageObject\",\"inLanguage\":\"es\",\"@id\":\"https:\\\/\\\/lospoliticosveracruz.com\\\/?p=147653#primaryimage\",\"url\":\"https:\\\/\\\/lospoliticosveracruz.com\\\/wp-content\\\/uploads\\\/2025\\\/04\\\/Bernardo-Gutierrez-Parra.jpg\",\"contentUrl\":\"https:\\\/\\\/lospoliticosveracruz.com\\\/wp-content\\\/uploads\\\/2025\\\/04\\\/Bernardo-Gutierrez-Parra.jpg\",\"width\":1250,\"height\":667},{\"@type\":\"BreadcrumbList\",\"@id\":\"https:\\\/\\\/lospoliticosveracruz.com\\\/?p=147653#breadcrumb\",\"itemListElement\":[{\"@type\":\"ListItem\",\"position\":1,\"name\":\"Portada\",\"item\":\"https:\\\/\\\/lospoliticosveracruz.com\\\/\"},{\"@type\":\"ListItem\",\"position\":2,\"name\":\"\u201c\u2026 Y H\u00c1GANLE COMO QUIERAN\u201d. ATTE:\u00a0\u00a0MART\u00cdN AGUILAR S\u00c1NCHEZ\"}]},{\"@type\":\"WebSite\",\"@id\":\"https:\\\/\\\/lospoliticosveracruz.com\\\/#website\",\"url\":\"https:\\\/\\\/lospoliticosveracruz.com\\\/\",\"name\":\"Los pol\u00edticos Veracruz\",\"description\":\"\",\"publisher\":{\"@id\":\"https:\\\/\\\/lospoliticosveracruz.com\\\/#organization\"},\"potentialAction\":[{\"@type\":\"SearchAction\",\"target\":{\"@type\":\"EntryPoint\",\"urlTemplate\":\"https:\\\/\\\/lospoliticosveracruz.com\\\/?s={search_term_string}\"},\"query-input\":{\"@type\":\"PropertyValueSpecification\",\"valueRequired\":true,\"valueName\":\"search_term_string\"}}],\"inLanguage\":\"es\"},{\"@type\":\"Organization\",\"@id\":\"https:\\\/\\\/lospoliticosveracruz.com\\\/#organization\",\"name\":\"Los pol\u00edticos Veracruz\",\"url\":\"https:\\\/\\\/lospoliticosveracruz.com\\\/\",\"logo\":{\"@type\":\"ImageObject\",\"inLanguage\":\"es\",\"@id\":\"https:\\\/\\\/lospoliticosveracruz.com\\\/#\\\/schema\\\/logo\\\/image\\\/\",\"url\":\"https:\\\/\\\/lospoliticosveracruz.com\\\/wp-content\\\/uploads\\\/2025\\\/12\\\/Logo-Nuevo-LOS-POLITICOS-1.jpg\",\"contentUrl\":\"https:\\\/\\\/lospoliticosveracruz.com\\\/wp-content\\\/uploads\\\/2025\\\/12\\\/Logo-Nuevo-LOS-POLITICOS-1.jpg\",\"width\":260,\"height\":70,\"caption\":\"Los pol\u00edticos Veracruz\"},\"image\":{\"@id\":\"https:\\\/\\\/lospoliticosveracruz.com\\\/#\\\/schema\\\/logo\\\/image\\\/\"},\"sameAs\":[\"https:\\\/\\\/www.facebook.com\\\/people\\\/Notimemes-de-los-Polticos\\\/61565672886568\\\/\",\"https:\\\/\\\/x.com\\\/LosPoliticosVer\"]},{\"@type\":\"Person\",\"@id\":\"https:\\\/\\\/lospoliticosveracruz.com\\\/#\\\/schema\\\/person\\\/b8702bb0e538456e6efd07080bf2a4a2\",\"name\":\"Lo viste en Los Pol\u00edticos\",\"image\":{\"@type\":\"ImageObject\",\"inLanguage\":\"es\",\"@id\":\"https:\\\/\\\/secure.gravatar.com\\\/avatar\\\/3a8de04a2656d44082be478bd6c086daa447c4651605818287b9532d3d0bd435?s=96&d=mm&r=g\",\"url\":\"https:\\\/\\\/secure.gravatar.com\\\/avatar\\\/3a8de04a2656d44082be478bd6c086daa447c4651605818287b9532d3d0bd435?s=96&d=mm&r=g\",\"contentUrl\":\"https:\\\/\\\/secure.gravatar.com\\\/avatar\\\/3a8de04a2656d44082be478bd6c086daa447c4651605818287b9532d3d0bd435?s=96&d=mm&r=g\",\"caption\":\"Lo viste en Los Pol\u00edticos\"},\"url\":\"https:\\\/\\\/lospoliticosveracruz.com\\\/?author=2\"}]}<\/script>\n<!-- \/ Yoast SEO plugin. -->","yoast_head_json":{"title":"\u201c\u2026 Y H\u00c1GANLE COMO QUIERAN\u201d. ATTE:\u00a0\u00a0MART\u00cdN AGUILAR S\u00c1NCHEZ - Los pol\u00edticos Veracruz","robots":{"index":"index","follow":"follow","max-snippet":"max-snippet:-1","max-image-preview":"max-image-preview:large","max-video-preview":"max-video-preview:-1"},"canonical":"https:\/\/lospoliticosveracruz.com\/?p=147653","og_locale":"es_ES","og_type":"article","og_title":"\u201c\u2026 Y H\u00c1GANLE COMO QUIERAN\u201d. ATTE:\u00a0\u00a0MART\u00cdN AGUILAR S\u00c1NCHEZ - Los pol\u00edticos Veracruz","og_description":"Bernardo Guti\u00e9rrez Parra Desde el Caf\u00e9&nbsp; \u00bfDe a c\u00f3mo ser\u00eda el billete con que le untaron las manos a los miembros de la Junta de Gobierno de la Universidad Veracruzana para que aprobaran, imagino que por unanimidad, la prorroga solicitada por Mart\u00edn Aguilar S\u00e1nchez, para seguir como rector de nuestra m\u00e1xima casa de estudios hasta [&hellip;]","og_url":"https:\/\/lospoliticosveracruz.com\/?p=147653","og_site_name":"Los pol\u00edticos Veracruz","article_publisher":"https:\/\/www.facebook.com\/people\/Notimemes-de-los-Polticos\/61565672886568\/","article_published_time":"2025-06-24T03:59:23+00:00","article_modified_time":"2025-06-24T03:59:35+00:00","og_image":[{"width":1250,"height":667,"url":"https:\/\/lospoliticosveracruz.com\/wp-content\/uploads\/2025\/04\/Bernardo-Gutierrez-Parra.jpg","type":"image\/jpeg"}],"author":"Lo viste en Los Pol\u00edticos","twitter_card":"summary_large_image","twitter_creator":"@LosPoliticosVer","twitter_site":"@LosPoliticosVer","twitter_misc":{"Escrito por":"Lo viste en Los Pol\u00edticos","Tiempo de lectura":"3 minutos"},"schema":{"@context":"https:\/\/schema.org","@graph":[{"@type":"Article","@id":"https:\/\/lospoliticosveracruz.com\/?p=147653#article","isPartOf":{"@id":"https:\/\/lospoliticosveracruz.com\/?p=147653"},"author":{"name":"Lo viste en Los Pol\u00edticos","@id":"https:\/\/lospoliticosveracruz.com\/#\/schema\/person\/b8702bb0e538456e6efd07080bf2a4a2"},"headline":"\u201c\u2026 Y H\u00c1GANLE COMO QUIERAN\u201d. ATTE:\u00a0\u00a0MART\u00cdN AGUILAR S\u00c1NCHEZ","datePublished":"2025-06-24T03:59:23+00:00","dateModified":"2025-06-24T03:59:35+00:00","mainEntityOfPage":{"@id":"https:\/\/lospoliticosveracruz.com\/?p=147653"},"wordCount":654,"publisher":{"@id":"https:\/\/lospoliticosveracruz.com\/#organization"},"image":{"@id":"https:\/\/lospoliticosveracruz.com\/?p=147653#primaryimage"},"thumbnailUrl":"https:\/\/lospoliticosveracruz.com\/wp-content\/uploads\/2025\/04\/Bernardo-Gutierrez-Parra.jpg","keywords":["Universidad Veracruzana"],"articleSection":["De Opini\u00f3n"],"inLanguage":"es"},{"@type":"WebPage","@id":"https:\/\/lospoliticosveracruz.com\/?p=147653","url":"https:\/\/lospoliticosveracruz.com\/?p=147653","name":"\u201c\u2026 Y H\u00c1GANLE COMO QUIERAN\u201d. ATTE:\u00a0\u00a0MART\u00cdN AGUILAR S\u00c1NCHEZ - Los pol\u00edticos Veracruz","isPartOf":{"@id":"https:\/\/lospoliticosveracruz.com\/#website"},"primaryImageOfPage":{"@id":"https:\/\/lospoliticosveracruz.com\/?p=147653#primaryimage"},"image":{"@id":"https:\/\/lospoliticosveracruz.com\/?p=147653#primaryimage"},"thumbnailUrl":"https:\/\/lospoliticosveracruz.com\/wp-content\/uploads\/2025\/04\/Bernardo-Gutierrez-Parra.jpg","datePublished":"2025-06-24T03:59:23+00:00","dateModified":"2025-06-24T03:59:35+00:00","breadcrumb":{"@id":"https:\/\/lospoliticosveracruz.com\/?p=147653#breadcrumb"},"inLanguage":"es","potentialAction":[{"@type":"ReadAction","target":["https:\/\/lospoliticosveracruz.com\/?p=147653"]}]},{"@type":"ImageObject","inLanguage":"es","@id":"https:\/\/lospoliticosveracruz.com\/?p=147653#primaryimage","url":"https:\/\/lospoliticosveracruz.com\/wp-content\/uploads\/2025\/04\/Bernardo-Gutierrez-Parra.jpg","contentUrl":"https:\/\/lospoliticosveracruz.com\/wp-content\/uploads\/2025\/04\/Bernardo-Gutierrez-Parra.jpg","width":1250,"height":667},{"@type":"BreadcrumbList","@id":"https:\/\/lospoliticosveracruz.com\/?p=147653#breadcrumb","itemListElement":[{"@type":"ListItem","position":1,"name":"Portada","item":"https:\/\/lospoliticosveracruz.com\/"},{"@type":"ListItem","position":2,"name":"\u201c\u2026 Y H\u00c1GANLE COMO QUIERAN\u201d. ATTE:\u00a0\u00a0MART\u00cdN AGUILAR S\u00c1NCHEZ"}]},{"@type":"WebSite","@id":"https:\/\/lospoliticosveracruz.com\/#website","url":"https:\/\/lospoliticosveracruz.com\/","name":"Los pol\u00edticos Veracruz","description":"","publisher":{"@id":"https:\/\/lospoliticosveracruz.com\/#organization"},"potentialAction":[{"@type":"SearchAction","target":{"@type":"EntryPoint","urlTemplate":"https:\/\/lospoliticosveracruz.com\/?s={search_term_string}"},"query-input":{"@type":"PropertyValueSpecification","valueRequired":true,"valueName":"search_term_string"}}],"inLanguage":"es"},{"@type":"Organization","@id":"https:\/\/lospoliticosveracruz.com\/#organization","name":"Los pol\u00edticos Veracruz","url":"https:\/\/lospoliticosveracruz.com\/","logo":{"@type":"ImageObject","inLanguage":"es","@id":"https:\/\/lospoliticosveracruz.com\/#\/schema\/logo\/image\/","url":"https:\/\/lospoliticosveracruz.com\/wp-content\/uploads\/2025\/12\/Logo-Nuevo-LOS-POLITICOS-1.jpg","contentUrl":"https:\/\/lospoliticosveracruz.com\/wp-content\/uploads\/2025\/12\/Logo-Nuevo-LOS-POLITICOS-1.jpg","width":260,"height":70,"caption":"Los pol\u00edticos Veracruz"},"image":{"@id":"https:\/\/lospoliticosveracruz.com\/#\/schema\/logo\/image\/"},"sameAs":["https:\/\/www.facebook.com\/people\/Notimemes-de-los-Polticos\/61565672886568\/","https:\/\/x.com\/LosPoliticosVer"]},{"@type":"Person","@id":"https:\/\/lospoliticosveracruz.com\/#\/schema\/person\/b8702bb0e538456e6efd07080bf2a4a2","name":"Lo viste en Los Pol\u00edticos","image":{"@type":"ImageObject","inLanguage":"es","@id":"https:\/\/secure.gravatar.com\/avatar\/3a8de04a2656d44082be478bd6c086daa447c4651605818287b9532d3d0bd435?s=96&d=mm&r=g","url":"https:\/\/secure.gravatar.com\/avatar\/3a8de04a2656d44082be478bd6c086daa447c4651605818287b9532d3d0bd435?s=96&d=mm&r=g","contentUrl":"https:\/\/secure.gravatar.com\/avatar\/3a8de04a2656d44082be478bd6c086daa447c4651605818287b9532d3d0bd435?s=96&d=mm&r=g","caption":"Lo viste en Los Pol\u00edticos"},"url":"https:\/\/lospoliticosveracruz.com\/?author=2"}]}},"_links":{"self":[{"href":"https:\/\/lospoliticosveracruz.com\/index.php?rest_route=\/wp\/v2\/posts\/147653","targetHints":{"allow":["GET"]}}],"collection":[{"href":"https:\/\/lospoliticosveracruz.com\/index.php?rest_route=\/wp\/v2\/posts"}],"about":[{"href":"https:\/\/lospoliticosveracruz.com\/index.php?rest_route=\/wp\/v2\/types\/post"}],"author":[{"embeddable":true,"href":"https:\/\/lospoliticosveracruz.com\/index.php?rest_route=\/wp\/v2\/users\/2"}],"replies":[{"embeddable":true,"href":"https:\/\/lospoliticosveracruz.com\/index.php?rest_route=%2Fwp%2Fv2%2Fcomments&post=147653"}],"version-history":[{"count":2,"href":"https:\/\/lospoliticosveracruz.com\/index.php?rest_route=\/wp\/v2\/posts\/147653\/revisions"}],"predecessor-version":[{"id":147655,"href":"https:\/\/lospoliticosveracruz.com\/index.php?rest_route=\/wp\/v2\/posts\/147653\/revisions\/147655"}],"wp:featuredmedia":[{"embeddable":true,"href":"https:\/\/lospoliticosveracruz.com\/index.php?rest_route=\/wp\/v2\/media\/141479"}],"wp:attachment":[{"href":"https:\/\/lospoliticosveracruz.com\/index.php?rest_route=%2Fwp%2Fv2%2Fmedia&parent=147653"}],"wp:term":[{"taxonomy":"category","embeddable":true,"href":"https:\/\/lospoliticosveracruz.com\/index.php?rest_route=%2Fwp%2Fv2%2Fcategories&post=147653"},{"taxonomy":"post_tag","embeddable":true,"href":"https:\/\/lospoliticosveracruz.com\/index.php?rest_route=%2Fwp%2Fv2%2Ftags&post=147653"}],"curies":[{"name":"wp","href":"https:\/\/api.w.org\/{rel}","templated":true}]}}