{"id":147656,"date":"2025-06-24T06:19:54","date_gmt":"2025-06-24T11:19:54","guid":{"rendered":"https:\/\/lospoliticosveracruz.com.mx\/?p=147656"},"modified":"2025-06-24T06:25:43","modified_gmt":"2025-06-24T11:25:43","slug":"el-pan-y-su-nueva-dirigencia-en-veracruz","status":"publish","type":"post","link":"https:\/\/lospoliticosveracruz.com\/?p=147656","title":{"rendered":"EL PAN Y SU NUEVA DIRIGENCIA EN VERACRUZ"},"content":{"rendered":"\n\n\n<div class=\"wp-block-group is-nowrap is-layout-flex wp-container-core-group-is-layout-ad2f72ca wp-block-group-is-layout-flex\">\n<p><br><strong>Ricardo Chua<\/strong><\/p>\n<\/div>\n\n\n\n<p><em>Sale y Vale<\/em><\/p>\n\n\n\n<p>EXCLUSIVA: Nos cuenta \u00abGarganta Profunda\u00bb que el pr\u00f3ximo presidente estatal del PAN, ahora que se de la salida anunciada de Federico Salom\u00f3n, ser\u00e1 para UNA MUJER.. El panismo en Veracruz tendr\u00e1 una l\u00edder estatal.. Y no hay vuelta de hoja.. Esto debido a que el comit\u00e9 nacional del blanquiazul, ha tomado la decisi\u00f3n que en Durango, se reelija el dirigente estatal por los buenos resultados que dio en su elecci\u00f3n local.. Motivo por el cual, a otros estados como Tamaulipas y Veracruz, que renuevan tambi\u00e9n CDE, le toca mujer.. As\u00ed que los \u00abazules\u00bb han decidido que en \u00abJarochilandia\u00bb los dirija una persona del sexo femenino..<\/p>\n\n\n\n<p>La mujer que quede a cargo del PAN en Veracruz, s\u00f3lo estar\u00e1 como presidenta estatal por s\u00f3lo dos a\u00f1os.. Ya que todo el comit\u00e9 estatal se tiene que renovar en el segundo semestre del 2027, despu\u00e9s de la elecci\u00f3n local y federal a diputados.. Y ya en el CEN del PAN se est\u00e1 comentando que las posibles candidatas a quedarse en el CDE son: Claudia Qui\u00f1ones, Mari Carmen Escudero, Rosario Guzm\u00e1n \u00c1viles, Judith Pineda, Nora Lagunes y Teresa Zuccolotto.. Esos son los nombres que se est\u00e1n barajando en las oficinas panistas de la CDMX.. Se comenta que Jorge Romero est\u00e1 revisando los perfiles y pidiendo consejos a la panista que m\u00e1s le tiene confianza en Veracruz: Maryjose Gamboa Torales..<\/p>\n\n\n\n<p>Ya que el mismo Romero en sus propias palabras como presidente nacional del PAN, ha comentado que: \u00abMaryjose es la cara del PAN en Veracruz\u00bb.. Lo cual quiere decir que muchas de las decisiones que puede tomar el CEN del PAN en temas que le competen en Veracruz, ser\u00edan consultadas primero a la alcaldesa electa de Boca del R\u00edo.. Lo cual da entender que ese nuevo Grupo \u00abBoca\u00bb tendr\u00e1 la \u00abvoz cantante\u00bb en el panismo veracruzano y su comit\u00e9 estatal.. Como en su momento lo tuvo el Grupo \u00abXalapa\u00bb cuando lo encabezaba Alejandro V\u00e1zquez Cuevas \u00abEl Pipo\u00bb.. Que a m\u00e1s de 20 a\u00f1os de haber tomado el control del PAN a\u00fan muchos de sus ex aliados lo siguen manejando.. Pero ya viene el cambio y otro grupo pol\u00edtico tomar\u00e1 el poder.. CONSUMATUM EST..<\/p>\n\n\n\n<p>VERACRUZ, NAHLE, AHUED Y LOS PROBLEMAS DE INGOBERNABILIDAD.. Al interior del mismo gobierno de Estado en Veracruz.. Ya son fuertes los rumores de la falta de operaci\u00f3n y control pol\u00edtico.. De que los funcionarios encargados de la paz p\u00fablica y de la gobernabilidad de la entidad, no est\u00e1n dando resultados.. Como sucede con la generaci\u00f3n de inversiones en la SEDECOP.. De que los conflictos no paran porque simplemente no los previenen y cuando les \u00abrevientan\u00bb, le echan la culpa a la gobernadora Roc\u00edo Nahle.. Pero hay dos responsables directos: Ricardo Ahued y Jos\u00e9 Manuel Pozos Castro, secretario y subsecretario de Gobierno.. Pero los dos no han resuelto los problemas a Nahle..<\/p>\n\n\n\n<p>Lo sucedido ayer en Xalapa, en Palacio de Gobierno, donde un grupo de preadolescentes les tom\u00f3 este edificio.. La oficina donde despachan la gobernadora y ellos dos.. Con una \u00abcuerda\u00bb humana rodearon ese lugar por el conflicto de la destituci\u00f3n del director de la Prepa \u00abJu\u00e1rez\u00bb en la capital del Estado.. Un problema que ya lleva semanas y nadie lo ha podido resolver.. Ni Claudia Tello, titular de la SEV, ni la Secretar\u00eda de Gobierno, que son los encargados de hacerlo.. Este grupo de j\u00f3venes, tomaron estas oficinas, algo que no se recuerda, que unos casi ni\u00f1os, hicieran alguna vez en la historia de Veracruz, una protesta de este tipo y tomar\u00e1n el Palacio de Gobierno..<\/p>\n\n\n\n<p>Obvio al ser algo nunca visto.. Dentro de la misma burocracia estatal se\u00f1alan que esto har\u00e1 que pueda terminar muy mal esta administraci\u00f3n, si es que estas cosas sigan sucediendo.. No hay semana que no haya un esc\u00e1ndalo pol\u00edtico, inseguridad e ingobernabilidad que no suceda en Veracruz y que toque al gobierno del Estado .. Ya hasta en las \u00abMa\u00f1anera\u00bb de la Presidenta Claudia Shienbaum, se tocan temas continuos sobre la entidad y el caso es que no es para hablar bien sino que son por conflictos o problemas.. Y hasta pareciera que hay una tendencia de que esto, se va a poner peor cada d\u00eda.. Algo tendr\u00e1 que hacer la gobernadora y su gabinete para que todo esto, no los empiece a rebasar..<\/p>\n\n\n\n<p>A lo mejor a Ricardo Ahued, como secretario de Gobierno, no le importa mucho el mote de \u00abConserje\u00bb.. Y todo lo que ha derivado de ello.. Pero se sabe que amigos y personas cercanas a \u00e9l, que le tienen afecto de muchos a\u00f1os, le han dicho que es mejor que se retire con decoro del cargo.. Ahora que a\u00fan puede.. Que puede \u00abrescatar\u00bb el prestigi\u00f3 que est\u00e1 perdiendo en esa oficina.. Pero que si se empe\u00f1a en continuar ah\u00ed, aguantando todo lo que ha soportado por la falta de operatividad pol\u00edtica y porque no lo dejan.. Y llega el mes de septiembre y no se ha movido \u00e9l del cargo, entonces, \u00e9l ir\u00e1 arriba de ese \u00abbarco\u00bb y ya nadie lo va a poder \u00abrescatar\u00bb.. Y ahora si \u00e9l ser\u00e1 el responsable del costo a su carrera pol\u00edtica..<\/p>\n\n\n\n<p>Las \u00abrafagas\u00bb en contra de su oficina en estas \u00faltimas semanas.. Han sido muy fuertes y luego vino el tema de que lo llamaron \u00abconserje\u00bb y \u00e9l no lo tom\u00f3 a mal.. Pero la opini\u00f3n p\u00fablica en Veracruz s\u00ed porque \u00absocavan\u00bb su cargo.. De ser el segundo hombre m\u00e1s poderoso del Estado.. Para el colmo, todav\u00eda a\u00fan no se quita ese \u00abgolpe\u00bb y en la \u00abMa\u00f1anera\u00bb de los lunes de Roc\u00edo Nahle.. Se le exhibe hablando de los trabajos de mantenimiento que hace en Palacio de Gobierno.. Cuando en Veracruz hay diversas crisis en la administraci\u00f3n estatal y pol\u00edticas y, pues, de eso no habla, es m\u00e1s sus mismos compa\u00f1eros de gabinete se\u00f1alan, en corto, que hasta \u00abbrilla\u00bb por su ausencia..<\/p>\n\n\n\n<p>REFLEXI\u00d3N.. El problema es que se\u00f1alan que Ricardo Ahued no se mete en nada.. No se meti\u00f3 en la elecci\u00f3n de alcaldes, Poder Judicial del Estado y menos con los conflictos en la Universidad Veracruz.. Y lo que temen ahora el equipo segundo y tercer nivel de Roc\u00edo Nahle, es que por no meterse, les pueden \u00abbrincar\u00bb con la renovaci\u00f3n de OPLE y la Fiscal\u00eda General del Estado.. Es decir, que de nuevo el grupo de Manuel Huerta-Ricardo Monreal-Ad\u00e1n Augusto L\u00f3pez y Los Yunes le ganen de nuevo, como ya les ganaron el Tribunal de Justicia del Estado y la reelecci\u00f3n del rector de la UV.. Algo que le tendr\u00eda que haber advertido a Roc\u00edo Nahle.. Por lo pronto, ya les ganaron \u00abterreno\u00bb y ya no tienen el control de todo el Estado.. AMEN<\/p>\n","protected":false},"excerpt":{"rendered":"<p>Ricardo Chua Sale y Vale EXCLUSIVA: Nos cuenta \u00abGarganta Profunda\u00bb que el pr\u00f3ximo presidente estatal del PAN, ahora que se de la salida anunciada de Federico Salom\u00f3n, ser\u00e1 para UNA MUJER.. El panismo en Veracruz tendr\u00e1 una l\u00edder estatal.. Y no hay vuelta de hoja.. Esto debido a que el comit\u00e9 nacional del blanquiazul, ha [&hellip;]<\/p>\n","protected":false},"author":2,"featured_media":141434,"comment_status":"closed","ping_status":"closed","sticky":false,"template":"","format":"standard","meta":{"tdm_status":"","tdm_grid_status":"","footnotes":""},"categories":[70],"tags":[13008,31409,27136,266,876,195],"class_list":{"0":"post-147656","1":"post","2":"type-post","3":"status-publish","4":"format-standard","5":"has-post-thumbnail","7":"category-de-opinion","8":"tag-federico-salomon-molina","9":"tag-jorge-romero","10":"tag-maryjose-gamboa-torales-2","11":"tag-pan","12":"tag-ricardo-ahued","13":"tag-veracruz"},"yoast_head":"<!-- This site is optimized with the Yoast SEO plugin v27.4 - https:\/\/yoast.com\/product\/yoast-seo-wordpress\/ -->\n<title>EL PAN Y SU NUEVA DIRIGENCIA EN VERACRUZ - Los pol\u00edticos Veracruz<\/title>\n<meta name=\"robots\" content=\"index, follow, max-snippet:-1, max-image-preview:large, max-video-preview:-1\" \/>\n<link rel=\"canonical\" href=\"https:\/\/lospoliticosveracruz.com\/?p=147656\" \/>\n<meta property=\"og:locale\" content=\"es_ES\" \/>\n<meta property=\"og:type\" content=\"article\" \/>\n<meta property=\"og:title\" content=\"EL PAN Y SU NUEVA DIRIGENCIA EN VERACRUZ - Los pol\u00edticos Veracruz\" \/>\n<meta property=\"og:description\" content=\"Ricardo Chua Sale y Vale EXCLUSIVA: Nos cuenta \u00abGarganta Profunda\u00bb que el pr\u00f3ximo presidente estatal del PAN, ahora que se de la salida anunciada de Federico Salom\u00f3n, ser\u00e1 para UNA MUJER.. El panismo en Veracruz tendr\u00e1 una l\u00edder estatal.. Y no hay vuelta de hoja.. Esto debido a que el comit\u00e9 nacional del blanquiazul, ha [&hellip;]\" \/>\n<meta property=\"og:url\" content=\"https:\/\/lospoliticosveracruz.com\/?p=147656\" \/>\n<meta property=\"og:site_name\" content=\"Los pol\u00edticos Veracruz\" \/>\n<meta property=\"article:publisher\" content=\"https:\/\/www.facebook.com\/people\/Notimemes-de-los-Polticos\/61565672886568\/\" \/>\n<meta property=\"article:published_time\" content=\"2025-06-24T11:19:54+00:00\" \/>\n<meta property=\"article:modified_time\" content=\"2025-06-24T11:25:43+00:00\" \/>\n<meta property=\"og:image\" content=\"https:\/\/lospoliticosveracruz.com\/wp-content\/uploads\/2025\/04\/Chua-e1761364658706.jpg\" \/>\n\t<meta property=\"og:image:width\" content=\"600\" \/>\n\t<meta property=\"og:image:height\" content=\"320\" \/>\n\t<meta property=\"og:image:type\" content=\"image\/jpeg\" \/>\n<meta name=\"author\" content=\"Lo viste en Los Pol\u00edticos\" \/>\n<meta name=\"twitter:card\" content=\"summary_large_image\" \/>\n<meta name=\"twitter:creator\" content=\"@LosPoliticosVer\" \/>\n<meta name=\"twitter:site\" content=\"@LosPoliticosVer\" \/>\n<meta name=\"twitter:label1\" content=\"Escrito por\" \/>\n\t<meta name=\"twitter:data1\" content=\"Lo viste en Los Pol\u00edticos\" \/>\n\t<meta name=\"twitter:label2\" content=\"Tiempo de lectura\" \/>\n\t<meta name=\"twitter:data2\" content=\"6 minutos\" \/>\n<script type=\"application\/ld+json\" class=\"yoast-schema-graph\">{\"@context\":\"https:\\\/\\\/schema.org\",\"@graph\":[{\"@type\":\"Article\",\"@id\":\"https:\\\/\\\/lospoliticosveracruz.com\\\/?p=147656#article\",\"isPartOf\":{\"@id\":\"https:\\\/\\\/lospoliticosveracruz.com\\\/?p=147656\"},\"author\":{\"name\":\"Lo viste en Los Pol\u00edticos\",\"@id\":\"https:\\\/\\\/lospoliticosveracruz.com\\\/#\\\/schema\\\/person\\\/b8702bb0e538456e6efd07080bf2a4a2\"},\"headline\":\"EL PAN Y SU NUEVA DIRIGENCIA EN VERACRUZ\",\"datePublished\":\"2025-06-24T11:19:54+00:00\",\"dateModified\":\"2025-06-24T11:25:43+00:00\",\"mainEntityOfPage\":{\"@id\":\"https:\\\/\\\/lospoliticosveracruz.com\\\/?p=147656\"},\"wordCount\":1179,\"publisher\":{\"@id\":\"https:\\\/\\\/lospoliticosveracruz.com\\\/#organization\"},\"image\":{\"@id\":\"https:\\\/\\\/lospoliticosveracruz.com\\\/?p=147656#primaryimage\"},\"thumbnailUrl\":\"https:\\\/\\\/lospoliticosveracruz.com\\\/wp-content\\\/uploads\\\/2025\\\/04\\\/Chua-e1761364658706.jpg\",\"keywords\":[\"Federico Salom\u00f3n Molina\",\"Jorge Romero\",\"Maryjose Gamboa Torales\",\"PAN\",\"Ricardo Ahued\",\"Veracruz\"],\"articleSection\":[\"De Opini\u00f3n\"],\"inLanguage\":\"es\"},{\"@type\":\"WebPage\",\"@id\":\"https:\\\/\\\/lospoliticosveracruz.com\\\/?p=147656\",\"url\":\"https:\\\/\\\/lospoliticosveracruz.com\\\/?p=147656\",\"name\":\"EL PAN Y SU NUEVA DIRIGENCIA EN VERACRUZ - Los pol\u00edticos Veracruz\",\"isPartOf\":{\"@id\":\"https:\\\/\\\/lospoliticosveracruz.com\\\/#website\"},\"primaryImageOfPage\":{\"@id\":\"https:\\\/\\\/lospoliticosveracruz.com\\\/?p=147656#primaryimage\"},\"image\":{\"@id\":\"https:\\\/\\\/lospoliticosveracruz.com\\\/?p=147656#primaryimage\"},\"thumbnailUrl\":\"https:\\\/\\\/lospoliticosveracruz.com\\\/wp-content\\\/uploads\\\/2025\\\/04\\\/Chua-e1761364658706.jpg\",\"datePublished\":\"2025-06-24T11:19:54+00:00\",\"dateModified\":\"2025-06-24T11:25:43+00:00\",\"breadcrumb\":{\"@id\":\"https:\\\/\\\/lospoliticosveracruz.com\\\/?p=147656#breadcrumb\"},\"inLanguage\":\"es\",\"potentialAction\":[{\"@type\":\"ReadAction\",\"target\":[\"https:\\\/\\\/lospoliticosveracruz.com\\\/?p=147656\"]}]},{\"@type\":\"ImageObject\",\"inLanguage\":\"es\",\"@id\":\"https:\\\/\\\/lospoliticosveracruz.com\\\/?p=147656#primaryimage\",\"url\":\"https:\\\/\\\/lospoliticosveracruz.com\\\/wp-content\\\/uploads\\\/2025\\\/04\\\/Chua-e1761364658706.jpg\",\"contentUrl\":\"https:\\\/\\\/lospoliticosveracruz.com\\\/wp-content\\\/uploads\\\/2025\\\/04\\\/Chua-e1761364658706.jpg\",\"width\":600,\"height\":320},{\"@type\":\"BreadcrumbList\",\"@id\":\"https:\\\/\\\/lospoliticosveracruz.com\\\/?p=147656#breadcrumb\",\"itemListElement\":[{\"@type\":\"ListItem\",\"position\":1,\"name\":\"Portada\",\"item\":\"https:\\\/\\\/lospoliticosveracruz.com\\\/\"},{\"@type\":\"ListItem\",\"position\":2,\"name\":\"EL PAN Y SU NUEVA DIRIGENCIA EN VERACRUZ\"}]},{\"@type\":\"WebSite\",\"@id\":\"https:\\\/\\\/lospoliticosveracruz.com\\\/#website\",\"url\":\"https:\\\/\\\/lospoliticosveracruz.com\\\/\",\"name\":\"Los pol\u00edticos Veracruz\",\"description\":\"\",\"publisher\":{\"@id\":\"https:\\\/\\\/lospoliticosveracruz.com\\\/#organization\"},\"potentialAction\":[{\"@type\":\"SearchAction\",\"target\":{\"@type\":\"EntryPoint\",\"urlTemplate\":\"https:\\\/\\\/lospoliticosveracruz.com\\\/?s={search_term_string}\"},\"query-input\":{\"@type\":\"PropertyValueSpecification\",\"valueRequired\":true,\"valueName\":\"search_term_string\"}}],\"inLanguage\":\"es\"},{\"@type\":\"Organization\",\"@id\":\"https:\\\/\\\/lospoliticosveracruz.com\\\/#organization\",\"name\":\"Los pol\u00edticos Veracruz\",\"url\":\"https:\\\/\\\/lospoliticosveracruz.com\\\/\",\"logo\":{\"@type\":\"ImageObject\",\"inLanguage\":\"es\",\"@id\":\"https:\\\/\\\/lospoliticosveracruz.com\\\/#\\\/schema\\\/logo\\\/image\\\/\",\"url\":\"https:\\\/\\\/lospoliticosveracruz.com\\\/wp-content\\\/uploads\\\/2025\\\/12\\\/Logo-Nuevo-LOS-POLITICOS-1.jpg\",\"contentUrl\":\"https:\\\/\\\/lospoliticosveracruz.com\\\/wp-content\\\/uploads\\\/2025\\\/12\\\/Logo-Nuevo-LOS-POLITICOS-1.jpg\",\"width\":260,\"height\":70,\"caption\":\"Los pol\u00edticos Veracruz\"},\"image\":{\"@id\":\"https:\\\/\\\/lospoliticosveracruz.com\\\/#\\\/schema\\\/logo\\\/image\\\/\"},\"sameAs\":[\"https:\\\/\\\/www.facebook.com\\\/people\\\/Notimemes-de-los-Polticos\\\/61565672886568\\\/\",\"https:\\\/\\\/x.com\\\/LosPoliticosVer\"]},{\"@type\":\"Person\",\"@id\":\"https:\\\/\\\/lospoliticosveracruz.com\\\/#\\\/schema\\\/person\\\/b8702bb0e538456e6efd07080bf2a4a2\",\"name\":\"Lo viste en Los Pol\u00edticos\",\"image\":{\"@type\":\"ImageObject\",\"inLanguage\":\"es\",\"@id\":\"https:\\\/\\\/secure.gravatar.com\\\/avatar\\\/3a8de04a2656d44082be478bd6c086daa447c4651605818287b9532d3d0bd435?s=96&d=mm&r=g\",\"url\":\"https:\\\/\\\/secure.gravatar.com\\\/avatar\\\/3a8de04a2656d44082be478bd6c086daa447c4651605818287b9532d3d0bd435?s=96&d=mm&r=g\",\"contentUrl\":\"https:\\\/\\\/secure.gravatar.com\\\/avatar\\\/3a8de04a2656d44082be478bd6c086daa447c4651605818287b9532d3d0bd435?s=96&d=mm&r=g\",\"caption\":\"Lo viste en Los Pol\u00edticos\"},\"url\":\"https:\\\/\\\/lospoliticosveracruz.com\\\/?author=2\"}]}<\/script>\n<!-- \/ Yoast SEO plugin. -->","yoast_head_json":{"title":"EL PAN Y SU NUEVA DIRIGENCIA EN VERACRUZ - Los pol\u00edticos Veracruz","robots":{"index":"index","follow":"follow","max-snippet":"max-snippet:-1","max-image-preview":"max-image-preview:large","max-video-preview":"max-video-preview:-1"},"canonical":"https:\/\/lospoliticosveracruz.com\/?p=147656","og_locale":"es_ES","og_type":"article","og_title":"EL PAN Y SU NUEVA DIRIGENCIA EN VERACRUZ - Los pol\u00edticos Veracruz","og_description":"Ricardo Chua Sale y Vale EXCLUSIVA: Nos cuenta \u00abGarganta Profunda\u00bb que el pr\u00f3ximo presidente estatal del PAN, ahora que se de la salida anunciada de Federico Salom\u00f3n, ser\u00e1 para UNA MUJER.. El panismo en Veracruz tendr\u00e1 una l\u00edder estatal.. Y no hay vuelta de hoja.. Esto debido a que el comit\u00e9 nacional del blanquiazul, ha [&hellip;]","og_url":"https:\/\/lospoliticosveracruz.com\/?p=147656","og_site_name":"Los pol\u00edticos Veracruz","article_publisher":"https:\/\/www.facebook.com\/people\/Notimemes-de-los-Polticos\/61565672886568\/","article_published_time":"2025-06-24T11:19:54+00:00","article_modified_time":"2025-06-24T11:25:43+00:00","og_image":[{"width":600,"height":320,"url":"https:\/\/lospoliticosveracruz.com\/wp-content\/uploads\/2025\/04\/Chua-e1761364658706.jpg","type":"image\/jpeg"}],"author":"Lo viste en Los Pol\u00edticos","twitter_card":"summary_large_image","twitter_creator":"@LosPoliticosVer","twitter_site":"@LosPoliticosVer","twitter_misc":{"Escrito por":"Lo viste en Los Pol\u00edticos","Tiempo de lectura":"6 minutos"},"schema":{"@context":"https:\/\/schema.org","@graph":[{"@type":"Article","@id":"https:\/\/lospoliticosveracruz.com\/?p=147656#article","isPartOf":{"@id":"https:\/\/lospoliticosveracruz.com\/?p=147656"},"author":{"name":"Lo viste en Los Pol\u00edticos","@id":"https:\/\/lospoliticosveracruz.com\/#\/schema\/person\/b8702bb0e538456e6efd07080bf2a4a2"},"headline":"EL PAN Y SU NUEVA DIRIGENCIA EN VERACRUZ","datePublished":"2025-06-24T11:19:54+00:00","dateModified":"2025-06-24T11:25:43+00:00","mainEntityOfPage":{"@id":"https:\/\/lospoliticosveracruz.com\/?p=147656"},"wordCount":1179,"publisher":{"@id":"https:\/\/lospoliticosveracruz.com\/#organization"},"image":{"@id":"https:\/\/lospoliticosveracruz.com\/?p=147656#primaryimage"},"thumbnailUrl":"https:\/\/lospoliticosveracruz.com\/wp-content\/uploads\/2025\/04\/Chua-e1761364658706.jpg","keywords":["Federico Salom\u00f3n Molina","Jorge Romero","Maryjose Gamboa Torales","PAN","Ricardo Ahued","Veracruz"],"articleSection":["De Opini\u00f3n"],"inLanguage":"es"},{"@type":"WebPage","@id":"https:\/\/lospoliticosveracruz.com\/?p=147656","url":"https:\/\/lospoliticosveracruz.com\/?p=147656","name":"EL PAN Y SU NUEVA DIRIGENCIA EN VERACRUZ - Los pol\u00edticos Veracruz","isPartOf":{"@id":"https:\/\/lospoliticosveracruz.com\/#website"},"primaryImageOfPage":{"@id":"https:\/\/lospoliticosveracruz.com\/?p=147656#primaryimage"},"image":{"@id":"https:\/\/lospoliticosveracruz.com\/?p=147656#primaryimage"},"thumbnailUrl":"https:\/\/lospoliticosveracruz.com\/wp-content\/uploads\/2025\/04\/Chua-e1761364658706.jpg","datePublished":"2025-06-24T11:19:54+00:00","dateModified":"2025-06-24T11:25:43+00:00","breadcrumb":{"@id":"https:\/\/lospoliticosveracruz.com\/?p=147656#breadcrumb"},"inLanguage":"es","potentialAction":[{"@type":"ReadAction","target":["https:\/\/lospoliticosveracruz.com\/?p=147656"]}]},{"@type":"ImageObject","inLanguage":"es","@id":"https:\/\/lospoliticosveracruz.com\/?p=147656#primaryimage","url":"https:\/\/lospoliticosveracruz.com\/wp-content\/uploads\/2025\/04\/Chua-e1761364658706.jpg","contentUrl":"https:\/\/lospoliticosveracruz.com\/wp-content\/uploads\/2025\/04\/Chua-e1761364658706.jpg","width":600,"height":320},{"@type":"BreadcrumbList","@id":"https:\/\/lospoliticosveracruz.com\/?p=147656#breadcrumb","itemListElement":[{"@type":"ListItem","position":1,"name":"Portada","item":"https:\/\/lospoliticosveracruz.com\/"},{"@type":"ListItem","position":2,"name":"EL PAN Y SU NUEVA DIRIGENCIA EN VERACRUZ"}]},{"@type":"WebSite","@id":"https:\/\/lospoliticosveracruz.com\/#website","url":"https:\/\/lospoliticosveracruz.com\/","name":"Los pol\u00edticos Veracruz","description":"","publisher":{"@id":"https:\/\/lospoliticosveracruz.com\/#organization"},"potentialAction":[{"@type":"SearchAction","target":{"@type":"EntryPoint","urlTemplate":"https:\/\/lospoliticosveracruz.com\/?s={search_term_string}"},"query-input":{"@type":"PropertyValueSpecification","valueRequired":true,"valueName":"search_term_string"}}],"inLanguage":"es"},{"@type":"Organization","@id":"https:\/\/lospoliticosveracruz.com\/#organization","name":"Los pol\u00edticos Veracruz","url":"https:\/\/lospoliticosveracruz.com\/","logo":{"@type":"ImageObject","inLanguage":"es","@id":"https:\/\/lospoliticosveracruz.com\/#\/schema\/logo\/image\/","url":"https:\/\/lospoliticosveracruz.com\/wp-content\/uploads\/2025\/12\/Logo-Nuevo-LOS-POLITICOS-1.jpg","contentUrl":"https:\/\/lospoliticosveracruz.com\/wp-content\/uploads\/2025\/12\/Logo-Nuevo-LOS-POLITICOS-1.jpg","width":260,"height":70,"caption":"Los pol\u00edticos Veracruz"},"image":{"@id":"https:\/\/lospoliticosveracruz.com\/#\/schema\/logo\/image\/"},"sameAs":["https:\/\/www.facebook.com\/people\/Notimemes-de-los-Polticos\/61565672886568\/","https:\/\/x.com\/LosPoliticosVer"]},{"@type":"Person","@id":"https:\/\/lospoliticosveracruz.com\/#\/schema\/person\/b8702bb0e538456e6efd07080bf2a4a2","name":"Lo viste en Los Pol\u00edticos","image":{"@type":"ImageObject","inLanguage":"es","@id":"https:\/\/secure.gravatar.com\/avatar\/3a8de04a2656d44082be478bd6c086daa447c4651605818287b9532d3d0bd435?s=96&d=mm&r=g","url":"https:\/\/secure.gravatar.com\/avatar\/3a8de04a2656d44082be478bd6c086daa447c4651605818287b9532d3d0bd435?s=96&d=mm&r=g","contentUrl":"https:\/\/secure.gravatar.com\/avatar\/3a8de04a2656d44082be478bd6c086daa447c4651605818287b9532d3d0bd435?s=96&d=mm&r=g","caption":"Lo viste en Los Pol\u00edticos"},"url":"https:\/\/lospoliticosveracruz.com\/?author=2"}]}},"_links":{"self":[{"href":"https:\/\/lospoliticosveracruz.com\/index.php?rest_route=\/wp\/v2\/posts\/147656","targetHints":{"allow":["GET"]}}],"collection":[{"href":"https:\/\/lospoliticosveracruz.com\/index.php?rest_route=\/wp\/v2\/posts"}],"about":[{"href":"https:\/\/lospoliticosveracruz.com\/index.php?rest_route=\/wp\/v2\/types\/post"}],"author":[{"embeddable":true,"href":"https:\/\/lospoliticosveracruz.com\/index.php?rest_route=\/wp\/v2\/users\/2"}],"replies":[{"embeddable":true,"href":"https:\/\/lospoliticosveracruz.com\/index.php?rest_route=%2Fwp%2Fv2%2Fcomments&post=147656"}],"version-history":[{"count":2,"href":"https:\/\/lospoliticosveracruz.com\/index.php?rest_route=\/wp\/v2\/posts\/147656\/revisions"}],"predecessor-version":[{"id":147659,"href":"https:\/\/lospoliticosveracruz.com\/index.php?rest_route=\/wp\/v2\/posts\/147656\/revisions\/147659"}],"wp:featuredmedia":[{"embeddable":true,"href":"https:\/\/lospoliticosveracruz.com\/index.php?rest_route=\/wp\/v2\/media\/141434"}],"wp:attachment":[{"href":"https:\/\/lospoliticosveracruz.com\/index.php?rest_route=%2Fwp%2Fv2%2Fmedia&parent=147656"}],"wp:term":[{"taxonomy":"category","embeddable":true,"href":"https:\/\/lospoliticosveracruz.com\/index.php?rest_route=%2Fwp%2Fv2%2Fcategories&post=147656"},{"taxonomy":"post_tag","embeddable":true,"href":"https:\/\/lospoliticosveracruz.com\/index.php?rest_route=%2Fwp%2Fv2%2Ftags&post=147656"}],"curies":[{"name":"wp","href":"https:\/\/api.w.org\/{rel}","templated":true}]}}