{"id":14770,"date":"2015-02-04T23:01:07","date_gmt":"2015-02-05T05:01:07","guid":{"rendered":"http:\/\/www.lospoliticosveracruz.com.mx\/?p=14770"},"modified":"2015-02-04T23:01:07","modified_gmt":"2015-02-05T05:01:07","slug":"los-avatares-del-escritor-sergio-pitol","status":"publish","type":"post","link":"https:\/\/lospoliticosveracruz.com\/?p=14770","title":{"rendered":"Los avatares del escritor Sergio Pitol"},"content":{"rendered":"<p><a href=\"http:\/\/www.lospoliticosveracruz.com.mx\/wp-content\/uploads\/2015\/02\/pitol1.jpg\"><img loading=\"lazy\" decoding=\"async\" class=\"alignnone size-medium wp-image-14772\" src=\"http:\/\/www.lospoliticosveracruz.com.mx\/wp-content\/uploads\/2015\/02\/pitol1-300x169.jpg\" alt=\"pitol\" width=\"300\" height=\"169\" \/><\/a><\/p>\n<p><strong>\u00c1lvaro Belin Andrade<\/strong><\/p>\n<p><em>Hora Libre<\/em><\/p>\n<p>&nbsp;<\/p>\n<p>No puedes hacer una tortilla sin romper un par de huevos. El refr\u00e1n espa\u00f1ol queda al pelo para hablar, con consternaci\u00f3n, pero tambi\u00e9n con indignaci\u00f3n, de las terribles circunstancias que est\u00e1 viviendo hace un tiempo nuestro \u00faltimo escritor de la generaci\u00f3n del 50, el veracruzano Sergio Pitol Domeneghi, que el pr\u00f3ximo 18 de marzo cumplir\u00e1 82 a\u00f1os gloriosos.<\/p>\n<p>Hospitalizado desde el lunes en un hospital privado de Xalapa, el autor de libros memorables como El arte de la fuga, Domar a la divina garza, Vals de Mefisto, El desfile del amor, El ta\u00f1ido de una flauta, La vida conyugal y El mago de Viena, por citar solo algunos de los que este periodista le ha le\u00eddo, enfrenta no solo los pesares de una enfermedad dilatada que le ha afectado el habla sino tambi\u00e9n la ambici\u00f3n desmedida de un familiar cercano.<\/p>\n<p>Apenas en 2005, hace casi 10 a\u00f1os, lo escuchamos \u2013gracias a una grabaci\u00f3n de la ceremonia\u2013 leer con dificultad su discurso en el paraninfo de la Universidad de Alcal\u00e1, donde recibi\u00f3 el Premio Miguel de Cervantes, considerado el Premio Nobel de las Letras espa\u00f1olas, que coron\u00f3 una cadena de reconocimientos como el Premio Nacional de Literatura (1983), el Premio Herralde de Novela (1984) y el Premio Juan Rulfo (1999), entre muchos otros.<\/p>\n<p>\u201cUno es los libros que ha le\u00eddo, la pintura que ha visto, la m\u00fasica escuchada y olvidada, las calles recorridas. Uno es su ni\u00f1ez, su familia, unos cuantos amigos, algunos amores, bastantes fastidios. Uno es una suma mermada por infinitas restas\u201d, escribi\u00f3 Pitol.<\/p>\n<p>Y mientras el mundo espera su inmortalidad, que las restas dejen de mermarlo, algunos quisieran hace tiempo que su vida hubiera concluido, para aprovechar sus bienes materiales, los derechos de autor, su extraordinaria biblioteca, la gloria que no les pertenece.<\/p>\n<p>Como si fuera personaje de una mala novela negra, un familiar cercano (cuyo nombre me reservo, aunque muchos pueden intuirlo), coludido con otras aves de rapi\u00f1a, ha tratado de que su salud se quebrante m\u00e1s r\u00e1pidamente y asumir, para su provecho, la tutor\u00eda interina de Sergio, un personaje del mundo y de los xalape\u00f1os, con quienes hace muchos a\u00f1os decidi\u00f3 convivir tras d\u00e9cadas de fuga en Europa.<\/p>\n<p>Por eso, aunque he sido cr\u00edtico de varias acciones de gobierno, no puedo sino congratularme porque el DIF estatal \u2013como ayer mismo lo hizo p\u00fablico\u2013 haya asumido desde noviembre pasado la tutor\u00eda interina de Sergio Pitol Demeneghi, en acato a la orden de la Juez Octava de Primera Instancia de lo Familiar, Mar\u00eda Concepci\u00f3n Andrade L\u00f3pez, mientras se lleva a cabo el juicio de interdicci\u00f3n, iniciado por la familia del escritor el pasado mes de octubre.<\/p>\n<p>\u201cDesde entonces, la instancia estatal ha constatado que reciba la atenci\u00f3n econ\u00f3mica, m\u00e9dica y todo lo que concierna a su persona f\u00edsica y emocional para que prevalezca su bienestar, inform\u00f3 la procuradora de la Defensa del Menor, la Familia y el Ind\u00edgena del DIF estatal, Adelina Trujillo Landa\u201d, reza el comunicado de prensa emitido en un momento en que la presi\u00f3n judicial de un familiar por apropiarse de sus bienes a\u00fan en vida se ha hecho pr\u00e1cticamente abrumadora.<\/p>\n<p>De esta manera se protege a nuestro querido Sergio Pitol de acciones legales desplegadas por un particular, en circunstancia en que por sus problemas de salud no puede defenderse. Solo he querido hacer esta reflexi\u00f3n y esperar la pronta recuperaci\u00f3n de su salud.<\/p>\n","protected":false},"excerpt":{"rendered":"<p>\u00c1lvaro Belin Andrade Hora Libre &nbsp; No puedes hacer una tortilla sin romper un par de huevos. El refr\u00e1n espa\u00f1ol queda al pelo para hablar, con consternaci\u00f3n, pero tambi\u00e9n con indignaci\u00f3n, de las terribles circunstancias que est\u00e1 viviendo hace un tiempo nuestro \u00faltimo escritor de la generaci\u00f3n del 50, el veracruzano Sergio Pitol Domeneghi, que [&hellip;]<\/p>\n","protected":false},"author":2,"featured_media":0,"comment_status":"open","ping_status":"open","sticky":false,"template":"","format":"standard","meta":{"tdm_status":"","tdm_grid_status":"","footnotes":""},"categories":[70],"tags":[1683],"class_list":{"0":"post-14770","1":"post","2":"type-post","3":"status-publish","4":"format-standard","6":"category-de-opinion","7":"tag-sergio-pitol-domeneghi"},"yoast_head":"<!-- This site is optimized with the Yoast SEO plugin v27.4 - https:\/\/yoast.com\/product\/yoast-seo-wordpress\/ -->\n<title>Los avatares del escritor Sergio Pitol - Los pol\u00edticos Veracruz<\/title>\n<meta name=\"robots\" content=\"index, follow, max-snippet:-1, max-image-preview:large, max-video-preview:-1\" \/>\n<link rel=\"canonical\" href=\"https:\/\/lospoliticosveracruz.com\/?p=14770\" \/>\n<meta property=\"og:locale\" content=\"es_ES\" \/>\n<meta property=\"og:type\" content=\"article\" \/>\n<meta property=\"og:title\" content=\"Los avatares del escritor Sergio Pitol - Los pol\u00edticos Veracruz\" \/>\n<meta property=\"og:description\" content=\"\u00c1lvaro Belin Andrade Hora Libre &nbsp; No puedes hacer una tortilla sin romper un par de huevos. El refr\u00e1n espa\u00f1ol queda al pelo para hablar, con consternaci\u00f3n, pero tambi\u00e9n con indignaci\u00f3n, de las terribles circunstancias que est\u00e1 viviendo hace un tiempo nuestro \u00faltimo escritor de la generaci\u00f3n del 50, el veracruzano Sergio Pitol Domeneghi, que [&hellip;]\" \/>\n<meta property=\"og:url\" content=\"https:\/\/lospoliticosveracruz.com\/?p=14770\" \/>\n<meta property=\"og:site_name\" content=\"Los pol\u00edticos Veracruz\" \/>\n<meta property=\"article:publisher\" content=\"https:\/\/www.facebook.com\/people\/Notimemes-de-los-Polticos\/61565672886568\/\" \/>\n<meta property=\"article:published_time\" content=\"2015-02-05T05:01:07+00:00\" \/>\n<meta property=\"og:image\" content=\"http:\/\/www.lospoliticosveracruz.com.mx\/wp-content\/uploads\/2015\/02\/pitol1-300x169.jpg\" \/>\n<meta name=\"author\" content=\"Lo viste en Los Pol\u00edticos\" \/>\n<meta name=\"twitter:card\" content=\"summary_large_image\" \/>\n<meta name=\"twitter:creator\" content=\"@LosPoliticosVer\" \/>\n<meta name=\"twitter:site\" content=\"@LosPoliticosVer\" \/>\n<meta name=\"twitter:label1\" content=\"Escrito por\" \/>\n\t<meta name=\"twitter:data1\" content=\"Lo viste en Los Pol\u00edticos\" \/>\n\t<meta name=\"twitter:label2\" content=\"Tiempo de lectura\" \/>\n\t<meta name=\"twitter:data2\" content=\"3 minutos\" \/>\n<script type=\"application\/ld+json\" class=\"yoast-schema-graph\">{\"@context\":\"https:\\\/\\\/schema.org\",\"@graph\":[{\"@type\":\"Article\",\"@id\":\"https:\\\/\\\/lospoliticosveracruz.com\\\/?p=14770#article\",\"isPartOf\":{\"@id\":\"https:\\\/\\\/lospoliticosveracruz.com\\\/?p=14770\"},\"author\":{\"name\":\"Lo viste en Los Pol\u00edticos\",\"@id\":\"https:\\\/\\\/lospoliticosveracruz.com\\\/#\\\/schema\\\/person\\\/b8702bb0e538456e6efd07080bf2a4a2\"},\"headline\":\"Los avatares del escritor Sergio Pitol\",\"datePublished\":\"2015-02-05T05:01:07+00:00\",\"mainEntityOfPage\":{\"@id\":\"https:\\\/\\\/lospoliticosveracruz.com\\\/?p=14770\"},\"wordCount\":605,\"commentCount\":0,\"publisher\":{\"@id\":\"https:\\\/\\\/lospoliticosveracruz.com\\\/#organization\"},\"image\":{\"@id\":\"https:\\\/\\\/lospoliticosveracruz.com\\\/?p=14770#primaryimage\"},\"thumbnailUrl\":\"http:\\\/\\\/www.lospoliticosveracruz.com.mx\\\/wp-content\\\/uploads\\\/2015\\\/02\\\/pitol1-300x169.jpg\",\"keywords\":[\"Sergio Pitol Domeneghi\"],\"articleSection\":[\"De Opini\u00f3n\"],\"inLanguage\":\"es\",\"potentialAction\":[{\"@type\":\"CommentAction\",\"name\":\"Comment\",\"target\":[\"https:\\\/\\\/lospoliticosveracruz.com\\\/?p=14770#respond\"]}]},{\"@type\":\"WebPage\",\"@id\":\"https:\\\/\\\/lospoliticosveracruz.com\\\/?p=14770\",\"url\":\"https:\\\/\\\/lospoliticosveracruz.com\\\/?p=14770\",\"name\":\"Los avatares del escritor Sergio Pitol - Los pol\u00edticos Veracruz\",\"isPartOf\":{\"@id\":\"https:\\\/\\\/lospoliticosveracruz.com\\\/#website\"},\"primaryImageOfPage\":{\"@id\":\"https:\\\/\\\/lospoliticosveracruz.com\\\/?p=14770#primaryimage\"},\"image\":{\"@id\":\"https:\\\/\\\/lospoliticosveracruz.com\\\/?p=14770#primaryimage\"},\"thumbnailUrl\":\"http:\\\/\\\/www.lospoliticosveracruz.com.mx\\\/wp-content\\\/uploads\\\/2015\\\/02\\\/pitol1-300x169.jpg\",\"datePublished\":\"2015-02-05T05:01:07+00:00\",\"breadcrumb\":{\"@id\":\"https:\\\/\\\/lospoliticosveracruz.com\\\/?p=14770#breadcrumb\"},\"inLanguage\":\"es\",\"potentialAction\":[{\"@type\":\"ReadAction\",\"target\":[\"https:\\\/\\\/lospoliticosveracruz.com\\\/?p=14770\"]}]},{\"@type\":\"ImageObject\",\"inLanguage\":\"es\",\"@id\":\"https:\\\/\\\/lospoliticosveracruz.com\\\/?p=14770#primaryimage\",\"url\":\"http:\\\/\\\/www.lospoliticosveracruz.com.mx\\\/wp-content\\\/uploads\\\/2015\\\/02\\\/pitol1-300x169.jpg\",\"contentUrl\":\"http:\\\/\\\/www.lospoliticosveracruz.com.mx\\\/wp-content\\\/uploads\\\/2015\\\/02\\\/pitol1-300x169.jpg\"},{\"@type\":\"BreadcrumbList\",\"@id\":\"https:\\\/\\\/lospoliticosveracruz.com\\\/?p=14770#breadcrumb\",\"itemListElement\":[{\"@type\":\"ListItem\",\"position\":1,\"name\":\"Portada\",\"item\":\"https:\\\/\\\/lospoliticosveracruz.com\\\/\"},{\"@type\":\"ListItem\",\"position\":2,\"name\":\"Los avatares del escritor Sergio Pitol\"}]},{\"@type\":\"WebSite\",\"@id\":\"https:\\\/\\\/lospoliticosveracruz.com\\\/#website\",\"url\":\"https:\\\/\\\/lospoliticosveracruz.com\\\/\",\"name\":\"Los pol\u00edticos Veracruz\",\"description\":\"\",\"publisher\":{\"@id\":\"https:\\\/\\\/lospoliticosveracruz.com\\\/#organization\"},\"potentialAction\":[{\"@type\":\"SearchAction\",\"target\":{\"@type\":\"EntryPoint\",\"urlTemplate\":\"https:\\\/\\\/lospoliticosveracruz.com\\\/?s={search_term_string}\"},\"query-input\":{\"@type\":\"PropertyValueSpecification\",\"valueRequired\":true,\"valueName\":\"search_term_string\"}}],\"inLanguage\":\"es\"},{\"@type\":\"Organization\",\"@id\":\"https:\\\/\\\/lospoliticosveracruz.com\\\/#organization\",\"name\":\"Los pol\u00edticos Veracruz\",\"url\":\"https:\\\/\\\/lospoliticosveracruz.com\\\/\",\"logo\":{\"@type\":\"ImageObject\",\"inLanguage\":\"es\",\"@id\":\"https:\\\/\\\/lospoliticosveracruz.com\\\/#\\\/schema\\\/logo\\\/image\\\/\",\"url\":\"https:\\\/\\\/lospoliticosveracruz.com\\\/wp-content\\\/uploads\\\/2025\\\/12\\\/Logo-Nuevo-LOS-POLITICOS-1.jpg\",\"contentUrl\":\"https:\\\/\\\/lospoliticosveracruz.com\\\/wp-content\\\/uploads\\\/2025\\\/12\\\/Logo-Nuevo-LOS-POLITICOS-1.jpg\",\"width\":260,\"height\":70,\"caption\":\"Los pol\u00edticos Veracruz\"},\"image\":{\"@id\":\"https:\\\/\\\/lospoliticosveracruz.com\\\/#\\\/schema\\\/logo\\\/image\\\/\"},\"sameAs\":[\"https:\\\/\\\/www.facebook.com\\\/people\\\/Notimemes-de-los-Polticos\\\/61565672886568\\\/\",\"https:\\\/\\\/x.com\\\/LosPoliticosVer\"]},{\"@type\":\"Person\",\"@id\":\"https:\\\/\\\/lospoliticosveracruz.com\\\/#\\\/schema\\\/person\\\/b8702bb0e538456e6efd07080bf2a4a2\",\"name\":\"Lo viste en Los Pol\u00edticos\",\"image\":{\"@type\":\"ImageObject\",\"inLanguage\":\"es\",\"@id\":\"https:\\\/\\\/secure.gravatar.com\\\/avatar\\\/3a8de04a2656d44082be478bd6c086daa447c4651605818287b9532d3d0bd435?s=96&d=mm&r=g\",\"url\":\"https:\\\/\\\/secure.gravatar.com\\\/avatar\\\/3a8de04a2656d44082be478bd6c086daa447c4651605818287b9532d3d0bd435?s=96&d=mm&r=g\",\"contentUrl\":\"https:\\\/\\\/secure.gravatar.com\\\/avatar\\\/3a8de04a2656d44082be478bd6c086daa447c4651605818287b9532d3d0bd435?s=96&d=mm&r=g\",\"caption\":\"Lo viste en Los Pol\u00edticos\"},\"url\":\"https:\\\/\\\/lospoliticosveracruz.com\\\/?author=2\"}]}<\/script>\n<!-- \/ Yoast SEO plugin. -->","yoast_head_json":{"title":"Los avatares del escritor Sergio Pitol - Los pol\u00edticos Veracruz","robots":{"index":"index","follow":"follow","max-snippet":"max-snippet:-1","max-image-preview":"max-image-preview:large","max-video-preview":"max-video-preview:-1"},"canonical":"https:\/\/lospoliticosveracruz.com\/?p=14770","og_locale":"es_ES","og_type":"article","og_title":"Los avatares del escritor Sergio Pitol - Los pol\u00edticos Veracruz","og_description":"\u00c1lvaro Belin Andrade Hora Libre &nbsp; No puedes hacer una tortilla sin romper un par de huevos. El refr\u00e1n espa\u00f1ol queda al pelo para hablar, con consternaci\u00f3n, pero tambi\u00e9n con indignaci\u00f3n, de las terribles circunstancias que est\u00e1 viviendo hace un tiempo nuestro \u00faltimo escritor de la generaci\u00f3n del 50, el veracruzano Sergio Pitol Domeneghi, que [&hellip;]","og_url":"https:\/\/lospoliticosveracruz.com\/?p=14770","og_site_name":"Los pol\u00edticos Veracruz","article_publisher":"https:\/\/www.facebook.com\/people\/Notimemes-de-los-Polticos\/61565672886568\/","article_published_time":"2015-02-05T05:01:07+00:00","og_image":[{"url":"http:\/\/www.lospoliticosveracruz.com.mx\/wp-content\/uploads\/2015\/02\/pitol1-300x169.jpg","type":"","width":"","height":""}],"author":"Lo viste en Los Pol\u00edticos","twitter_card":"summary_large_image","twitter_creator":"@LosPoliticosVer","twitter_site":"@LosPoliticosVer","twitter_misc":{"Escrito por":"Lo viste en Los Pol\u00edticos","Tiempo de lectura":"3 minutos"},"schema":{"@context":"https:\/\/schema.org","@graph":[{"@type":"Article","@id":"https:\/\/lospoliticosveracruz.com\/?p=14770#article","isPartOf":{"@id":"https:\/\/lospoliticosveracruz.com\/?p=14770"},"author":{"name":"Lo viste en Los Pol\u00edticos","@id":"https:\/\/lospoliticosveracruz.com\/#\/schema\/person\/b8702bb0e538456e6efd07080bf2a4a2"},"headline":"Los avatares del escritor Sergio Pitol","datePublished":"2015-02-05T05:01:07+00:00","mainEntityOfPage":{"@id":"https:\/\/lospoliticosveracruz.com\/?p=14770"},"wordCount":605,"commentCount":0,"publisher":{"@id":"https:\/\/lospoliticosveracruz.com\/#organization"},"image":{"@id":"https:\/\/lospoliticosveracruz.com\/?p=14770#primaryimage"},"thumbnailUrl":"http:\/\/www.lospoliticosveracruz.com.mx\/wp-content\/uploads\/2015\/02\/pitol1-300x169.jpg","keywords":["Sergio Pitol Domeneghi"],"articleSection":["De Opini\u00f3n"],"inLanguage":"es","potentialAction":[{"@type":"CommentAction","name":"Comment","target":["https:\/\/lospoliticosveracruz.com\/?p=14770#respond"]}]},{"@type":"WebPage","@id":"https:\/\/lospoliticosveracruz.com\/?p=14770","url":"https:\/\/lospoliticosveracruz.com\/?p=14770","name":"Los avatares del escritor Sergio Pitol - Los pol\u00edticos Veracruz","isPartOf":{"@id":"https:\/\/lospoliticosveracruz.com\/#website"},"primaryImageOfPage":{"@id":"https:\/\/lospoliticosveracruz.com\/?p=14770#primaryimage"},"image":{"@id":"https:\/\/lospoliticosveracruz.com\/?p=14770#primaryimage"},"thumbnailUrl":"http:\/\/www.lospoliticosveracruz.com.mx\/wp-content\/uploads\/2015\/02\/pitol1-300x169.jpg","datePublished":"2015-02-05T05:01:07+00:00","breadcrumb":{"@id":"https:\/\/lospoliticosveracruz.com\/?p=14770#breadcrumb"},"inLanguage":"es","potentialAction":[{"@type":"ReadAction","target":["https:\/\/lospoliticosveracruz.com\/?p=14770"]}]},{"@type":"ImageObject","inLanguage":"es","@id":"https:\/\/lospoliticosveracruz.com\/?p=14770#primaryimage","url":"http:\/\/www.lospoliticosveracruz.com.mx\/wp-content\/uploads\/2015\/02\/pitol1-300x169.jpg","contentUrl":"http:\/\/www.lospoliticosveracruz.com.mx\/wp-content\/uploads\/2015\/02\/pitol1-300x169.jpg"},{"@type":"BreadcrumbList","@id":"https:\/\/lospoliticosveracruz.com\/?p=14770#breadcrumb","itemListElement":[{"@type":"ListItem","position":1,"name":"Portada","item":"https:\/\/lospoliticosveracruz.com\/"},{"@type":"ListItem","position":2,"name":"Los avatares del escritor Sergio Pitol"}]},{"@type":"WebSite","@id":"https:\/\/lospoliticosveracruz.com\/#website","url":"https:\/\/lospoliticosveracruz.com\/","name":"Los pol\u00edticos Veracruz","description":"","publisher":{"@id":"https:\/\/lospoliticosveracruz.com\/#organization"},"potentialAction":[{"@type":"SearchAction","target":{"@type":"EntryPoint","urlTemplate":"https:\/\/lospoliticosveracruz.com\/?s={search_term_string}"},"query-input":{"@type":"PropertyValueSpecification","valueRequired":true,"valueName":"search_term_string"}}],"inLanguage":"es"},{"@type":"Organization","@id":"https:\/\/lospoliticosveracruz.com\/#organization","name":"Los pol\u00edticos Veracruz","url":"https:\/\/lospoliticosveracruz.com\/","logo":{"@type":"ImageObject","inLanguage":"es","@id":"https:\/\/lospoliticosveracruz.com\/#\/schema\/logo\/image\/","url":"https:\/\/lospoliticosveracruz.com\/wp-content\/uploads\/2025\/12\/Logo-Nuevo-LOS-POLITICOS-1.jpg","contentUrl":"https:\/\/lospoliticosveracruz.com\/wp-content\/uploads\/2025\/12\/Logo-Nuevo-LOS-POLITICOS-1.jpg","width":260,"height":70,"caption":"Los pol\u00edticos Veracruz"},"image":{"@id":"https:\/\/lospoliticosveracruz.com\/#\/schema\/logo\/image\/"},"sameAs":["https:\/\/www.facebook.com\/people\/Notimemes-de-los-Polticos\/61565672886568\/","https:\/\/x.com\/LosPoliticosVer"]},{"@type":"Person","@id":"https:\/\/lospoliticosveracruz.com\/#\/schema\/person\/b8702bb0e538456e6efd07080bf2a4a2","name":"Lo viste en Los Pol\u00edticos","image":{"@type":"ImageObject","inLanguage":"es","@id":"https:\/\/secure.gravatar.com\/avatar\/3a8de04a2656d44082be478bd6c086daa447c4651605818287b9532d3d0bd435?s=96&d=mm&r=g","url":"https:\/\/secure.gravatar.com\/avatar\/3a8de04a2656d44082be478bd6c086daa447c4651605818287b9532d3d0bd435?s=96&d=mm&r=g","contentUrl":"https:\/\/secure.gravatar.com\/avatar\/3a8de04a2656d44082be478bd6c086daa447c4651605818287b9532d3d0bd435?s=96&d=mm&r=g","caption":"Lo viste en Los Pol\u00edticos"},"url":"https:\/\/lospoliticosveracruz.com\/?author=2"}]}},"_links":{"self":[{"href":"https:\/\/lospoliticosveracruz.com\/index.php?rest_route=\/wp\/v2\/posts\/14770","targetHints":{"allow":["GET"]}}],"collection":[{"href":"https:\/\/lospoliticosveracruz.com\/index.php?rest_route=\/wp\/v2\/posts"}],"about":[{"href":"https:\/\/lospoliticosveracruz.com\/index.php?rest_route=\/wp\/v2\/types\/post"}],"author":[{"embeddable":true,"href":"https:\/\/lospoliticosveracruz.com\/index.php?rest_route=\/wp\/v2\/users\/2"}],"replies":[{"embeddable":true,"href":"https:\/\/lospoliticosveracruz.com\/index.php?rest_route=%2Fwp%2Fv2%2Fcomments&post=14770"}],"version-history":[{"count":2,"href":"https:\/\/lospoliticosveracruz.com\/index.php?rest_route=\/wp\/v2\/posts\/14770\/revisions"}],"predecessor-version":[{"id":14773,"href":"https:\/\/lospoliticosveracruz.com\/index.php?rest_route=\/wp\/v2\/posts\/14770\/revisions\/14773"}],"wp:attachment":[{"href":"https:\/\/lospoliticosveracruz.com\/index.php?rest_route=%2Fwp%2Fv2%2Fmedia&parent=14770"}],"wp:term":[{"taxonomy":"category","embeddable":true,"href":"https:\/\/lospoliticosveracruz.com\/index.php?rest_route=%2Fwp%2Fv2%2Fcategories&post=14770"},{"taxonomy":"post_tag","embeddable":true,"href":"https:\/\/lospoliticosveracruz.com\/index.php?rest_route=%2Fwp%2Fv2%2Ftags&post=14770"}],"curies":[{"name":"wp","href":"https:\/\/api.w.org\/{rel}","templated":true}]}}