{"id":147757,"date":"2025-06-25T08:00:07","date_gmt":"2025-06-25T13:00:07","guid":{"rendered":"https:\/\/lospoliticosveracruz.com.mx\/?p=147757"},"modified":"2025-06-25T08:00:45","modified_gmt":"2025-06-25T13:00:45","slug":"adios-a-marisol","status":"publish","type":"post","link":"https:\/\/lospoliticosveracruz.com\/?p=147757","title":{"rendered":"ADI\u00d3S A MARISOL\u2026"},"content":{"rendered":"\n\n\n<p><strong>Oved Contreras<\/strong><br><em>Secas Mecas<\/em><br><\/p>\n\n\n\n<p>Es cuesti\u00f3n de horas, nos dice una fuente del OPLE, all\u00e1 en Xalapa, para que do\u00f1a Marisol Alicia Delgadillo Morales termine de arreglar sus chivas y salga por pierna de la instituci\u00f3n electoral, luego del cochinero que provoc\u00f3 en la elecci\u00f3n judicial y en la de alcaldes, que a\u00fan tiene incendiados varias demarcaciones municipales.<br>\u00a0<br>La presidenta del Organismo P\u00fablico Local Electoral de Veracruz (OPLE) le ha quedado a deber a los veracruzanos en la organizaci\u00f3n del pasado proceso electoral del domingo 1 de junio. La mala organizaci\u00f3n, la ca\u00edda del sistema para el conteo de la elecci\u00f3n del Poder Judicial y la mara\u00f1a de intereses con diversas empresas, han sido severamente cuestionadas y son algunas de las razones de su inminente salida.<\/p>\n\n\n\n<p>El colapso del sistema de c\u00f3mputo en el OPLE Veracruz no fue casualidad, fue consecuencia directa de una presidencia incapaz y c\u00f3mplice. Marisol Alicia Delgadillo Morales no s\u00f3lo fue rebasada por la magnitud del proceso electoral, sino que protegi\u00f3 al responsable directo del desastre: Rafael Gonz\u00e1lez Ortiz, un improvisado director de Servicios Inform\u00e1ticos impuesto por cuotas pol\u00edticas y sostenido por el encubrimiento de la consejera electoral, Mabel Aseret Hern\u00e1ndez.<br>&nbsp;<br>Al momento de redactar estas l\u00edneas, una fuente del OPLE nos confirm\u00f3 que Rafael Gonz\u00e1lez Ortiz fue destituido, 23 d\u00edas despu\u00e9s del desaguisado, de la indolencia, de la irresponsabilidad en la que incurri\u00f3 este funcionario p\u00fablico. Con esa acci\u00f3n, la presidenta del organismo electoral piensa que se cura en salud, que limpia su cara, cuando el da\u00f1o, el error, ya tuvo sus consecuencias.<br>&nbsp;<br>A la incompetencia t\u00e9cnica se suma la corrupci\u00f3n administrativa. Amara Anaya Garc\u00eda, directora de Adquisiciones, ha operado con total impunidad el mayor n\u00famero de adjudicaciones directas en la historia reciente del \u00f3rgano. Sus tres proveedores consentidos han recibido contratos millonarios para todo tipo de servicios, desde guantes y convivios hasta urnas electr\u00f3nicas, todo con el aval de una presidenta que reserva informaci\u00f3n p\u00fablica para proteger a su red de intereses.<br>&nbsp;<br>Veracruz no merece una autoridad electoral secuestrada por la opacidad y el amiguismo. Por el bien del proceso democr\u00e1tico y de la instituci\u00f3n que hoy arrastra el descr\u00e9dito, Marisol Delgadillo debe renunciar ya. La ciudadan\u00eda exige rendici\u00f3n de cuentas, no discursos vac\u00edos.<\/p>\n\n\n\n<p>COBAEV, UN POLVOR\u00cdN\u2026se trae toda una pachanga la comadrita Claudia Tello en la Secretar\u00eda de Educaci\u00f3n de Veracruz, y aunque muchos hablan de que la gobernadora le tiene una fe ciega para mantenerla en el cargo, lo cierto es que la SEV es una de las dependencias que m\u00e1s dolores de cabeza le han dado a la t\u00eda Ch\u00edo en los primeros seis meses de gobierno.<br>&nbsp;<br>El Colegio de Bachilleres del Estado de Veracruz se volvi\u00f3 de repente un polvor\u00edn para la comadrita Tello. Ayer se supo que la noche del lunes destituyeron a Carla Rosas Mora, quien ven\u00eda fungiendo como directora General del Cobaev y que ayer se dio inicio al proceso de entrega de su oficina. Pepe Ortiz a trav\u00e9s de Versiones inform\u00f3 que el cese de Carla Rosas pudo haberse debido a la compra millonaria de seguros, cuando ya Sefiplan hab\u00eda anunciado las compras consolidadas desde enero.<br>&nbsp;<br>En lugar de Carla Rosas hab\u00edan colocado al ex carcelero Fidel Ronz\u00f3n Rodr\u00edguez, quien en su curriculum detalla que fue director del centro de readaptaci\u00f3n social de Duport Osti\u00f3n, en Coatzacoalcos, y se cuentan historias maquiav\u00e9licas como operaban los malosos desde el interior del penal. A Fidel Ronz\u00f3n lo identifican como parte del grupo pol\u00edtico del priista Marcelo Montiel, y que fue tesorero de los ayuntamientos de Agua Dulce y Puente Nacional. Aunque nos dicen que quien realmente lo coloca en Cobaev es el primer damo, don Pepe Pe\u00f1a,<br>&nbsp;<br>Sin embargo, Fidel Ronz\u00f3n apenas estuvo unas horas en el cargo porque por la noche se supo que la gobernadora dio la orden de echar atr\u00e1s cualquier movimiento en Cobaev y que en su lugar ser\u00eda nombrada Patricia Iris Viveros Acosta, quien se ven\u00eda desempe\u00f1ando como directora de Educaci\u00f3n Inicial y Preescolar de la SEV. Lo cierto es que la comadre Tello tuvo que restituir a Carla Rosas quien finalmente se mantiene como directora del Cobaev\u2026puros bandazos de la comadrita Tello: no hay que olvidar que por la Oficial\u00eda Mayor de la SEV ya pasaron tres.<\/p>\n\n\n\n<p>CAMBIOS EN PROGRAMA DE CARNAVAL\u2026debido a las condiciones meteorol\u00f3gicas que se han presentado en la regi\u00f3n y con el compromiso de garantizar la seguridad de todas y todos los asistentes, la alcaldesa de Veracruz, Paty Lobeira confirm\u00f3 que se han realizado ajustes en la programaci\u00f3n del Carnaval de Veracruz 2025.<br>&nbsp;<br>Destac\u00f3 que la coronaci\u00f3n de la reina, Adriana Fonseca, y de la corte real, as\u00ed como los conciertos masivos, planeados originalmente en la Macroplaza del Malec\u00f3n, se llevar\u00e1n a cabo en el World Trade Center. Asimismo, dio a conocer que los tradicionales desfiles de carros aleg\u00f3ricos que se realizan sobre el Bulevar Manuel \u00c1vila Camacho, iniciar\u00e1n a las 17:00 horas.<br>&nbsp;<br>La alcaldesa Paty Lobeira asegur\u00f3 que el Carnaval de Veracruz mantiene viva su esencia, alegr\u00eda y tradici\u00f3n, y agradeci\u00f3 la comprensi\u00f3n y entusiasmo de los veracruzanos, reiterando la invitaci\u00f3n para asistir a estas festividades. \u201cEsta fiesta vive en el coraz\u00f3n de cada veracruzano, agradecemos su comprensi\u00f3n, apoyo y su alegr\u00eda para vivir este Carnaval de Veracruz.<br>&nbsp;<\/p>\n","protected":false},"excerpt":{"rendered":"<p>Oved ContrerasSecas Mecas Es cuesti\u00f3n de horas, nos dice una fuente del OPLE, all\u00e1 en Xalapa, para que do\u00f1a Marisol Alicia Delgadillo Morales termine de arreglar sus chivas y salga por pierna de la instituci\u00f3n electoral, luego del cochinero que provoc\u00f3 en la elecci\u00f3n judicial y en la de alcaldes, que a\u00fan tiene incendiados varias [&hellip;]<\/p>\n","protected":false},"author":2,"featured_media":141426,"comment_status":"closed","ping_status":"closed","sticky":false,"template":"","format":"standard","meta":{"tdm_status":"","tdm_grid_status":"","footnotes":""},"categories":[70],"tags":[1563,34647,1026,12446,195],"class_list":{"0":"post-147757","1":"post","2":"type-post","3":"status-publish","4":"format-standard","5":"has-post-thumbnail","7":"category-de-opinion","8":"tag-cuitlahuac-garcia-jimenez","9":"tag-marisol-delgadillo-morales","10":"tag-morena","11":"tag-ople-veracruz","12":"tag-veracruz"},"yoast_head":"<!-- This site is optimized with the Yoast SEO plugin v27.4 - https:\/\/yoast.com\/product\/yoast-seo-wordpress\/ -->\n<title>ADI\u00d3S A MARISOL\u2026 - Los pol\u00edticos Veracruz<\/title>\n<meta name=\"robots\" content=\"index, follow, max-snippet:-1, max-image-preview:large, max-video-preview:-1\" \/>\n<link rel=\"canonical\" href=\"https:\/\/lospoliticosveracruz.com\/?p=147757\" \/>\n<meta property=\"og:locale\" content=\"es_ES\" \/>\n<meta property=\"og:type\" content=\"article\" \/>\n<meta property=\"og:title\" content=\"ADI\u00d3S A MARISOL\u2026 - Los pol\u00edticos Veracruz\" \/>\n<meta property=\"og:description\" content=\"Oved ContrerasSecas Mecas Es cuesti\u00f3n de horas, nos dice una fuente del OPLE, all\u00e1 en Xalapa, para que do\u00f1a Marisol Alicia Delgadillo Morales termine de arreglar sus chivas y salga por pierna de la instituci\u00f3n electoral, luego del cochinero que provoc\u00f3 en la elecci\u00f3n judicial y en la de alcaldes, que a\u00fan tiene incendiados varias [&hellip;]\" \/>\n<meta property=\"og:url\" content=\"https:\/\/lospoliticosveracruz.com\/?p=147757\" \/>\n<meta property=\"og:site_name\" content=\"Los pol\u00edticos Veracruz\" \/>\n<meta property=\"article:publisher\" content=\"https:\/\/www.facebook.com\/people\/Notimemes-de-los-Polticos\/61565672886568\/\" \/>\n<meta property=\"article:published_time\" content=\"2025-06-25T13:00:07+00:00\" \/>\n<meta property=\"article:modified_time\" content=\"2025-06-25T13:00:45+00:00\" \/>\n<meta property=\"og:image\" content=\"https:\/\/lospoliticosveracruz.com\/wp-content\/uploads\/2025\/04\/Oved-Contreras-e1768066319253.jpg\" \/>\n\t<meta property=\"og:image:width\" content=\"600\" \/>\n\t<meta property=\"og:image:height\" content=\"320\" \/>\n\t<meta property=\"og:image:type\" content=\"image\/jpeg\" \/>\n<meta name=\"author\" content=\"Lo viste en Los Pol\u00edticos\" \/>\n<meta name=\"twitter:card\" content=\"summary_large_image\" \/>\n<meta name=\"twitter:creator\" content=\"@LosPoliticosVer\" \/>\n<meta name=\"twitter:site\" content=\"@LosPoliticosVer\" \/>\n<meta name=\"twitter:label1\" content=\"Escrito por\" \/>\n\t<meta name=\"twitter:data1\" content=\"Lo viste en Los Pol\u00edticos\" \/>\n\t<meta name=\"twitter:label2\" content=\"Tiempo de lectura\" \/>\n\t<meta name=\"twitter:data2\" content=\"5 minutos\" \/>\n<script type=\"application\/ld+json\" class=\"yoast-schema-graph\">{\"@context\":\"https:\\\/\\\/schema.org\",\"@graph\":[{\"@type\":\"Article\",\"@id\":\"https:\\\/\\\/lospoliticosveracruz.com\\\/?p=147757#article\",\"isPartOf\":{\"@id\":\"https:\\\/\\\/lospoliticosveracruz.com\\\/?p=147757\"},\"author\":{\"name\":\"Lo viste en Los Pol\u00edticos\",\"@id\":\"https:\\\/\\\/lospoliticosveracruz.com\\\/#\\\/schema\\\/person\\\/b8702bb0e538456e6efd07080bf2a4a2\"},\"headline\":\"ADI\u00d3S A MARISOL\u2026\",\"datePublished\":\"2025-06-25T13:00:07+00:00\",\"dateModified\":\"2025-06-25T13:00:45+00:00\",\"mainEntityOfPage\":{\"@id\":\"https:\\\/\\\/lospoliticosveracruz.com\\\/?p=147757\"},\"wordCount\":962,\"publisher\":{\"@id\":\"https:\\\/\\\/lospoliticosveracruz.com\\\/#organization\"},\"image\":{\"@id\":\"https:\\\/\\\/lospoliticosveracruz.com\\\/?p=147757#primaryimage\"},\"thumbnailUrl\":\"https:\\\/\\\/lospoliticosveracruz.com\\\/wp-content\\\/uploads\\\/2025\\\/04\\\/Oved-Contreras-e1768066319253.jpg\",\"keywords\":[\"Cuitl\u00e1huac Garc\u00eda Jim\u00e9nez\",\"Marisol Delgadillo Morales\",\"Morena\",\"OPLE Veracruz\",\"Veracruz\"],\"articleSection\":[\"De Opini\u00f3n\"],\"inLanguage\":\"es\"},{\"@type\":\"WebPage\",\"@id\":\"https:\\\/\\\/lospoliticosveracruz.com\\\/?p=147757\",\"url\":\"https:\\\/\\\/lospoliticosveracruz.com\\\/?p=147757\",\"name\":\"ADI\u00d3S A MARISOL\u2026 - Los pol\u00edticos Veracruz\",\"isPartOf\":{\"@id\":\"https:\\\/\\\/lospoliticosveracruz.com\\\/#website\"},\"primaryImageOfPage\":{\"@id\":\"https:\\\/\\\/lospoliticosveracruz.com\\\/?p=147757#primaryimage\"},\"image\":{\"@id\":\"https:\\\/\\\/lospoliticosveracruz.com\\\/?p=147757#primaryimage\"},\"thumbnailUrl\":\"https:\\\/\\\/lospoliticosveracruz.com\\\/wp-content\\\/uploads\\\/2025\\\/04\\\/Oved-Contreras-e1768066319253.jpg\",\"datePublished\":\"2025-06-25T13:00:07+00:00\",\"dateModified\":\"2025-06-25T13:00:45+00:00\",\"breadcrumb\":{\"@id\":\"https:\\\/\\\/lospoliticosveracruz.com\\\/?p=147757#breadcrumb\"},\"inLanguage\":\"es\",\"potentialAction\":[{\"@type\":\"ReadAction\",\"target\":[\"https:\\\/\\\/lospoliticosveracruz.com\\\/?p=147757\"]}]},{\"@type\":\"ImageObject\",\"inLanguage\":\"es\",\"@id\":\"https:\\\/\\\/lospoliticosveracruz.com\\\/?p=147757#primaryimage\",\"url\":\"https:\\\/\\\/lospoliticosveracruz.com\\\/wp-content\\\/uploads\\\/2025\\\/04\\\/Oved-Contreras-e1768066319253.jpg\",\"contentUrl\":\"https:\\\/\\\/lospoliticosveracruz.com\\\/wp-content\\\/uploads\\\/2025\\\/04\\\/Oved-Contreras-e1768066319253.jpg\",\"width\":600,\"height\":320},{\"@type\":\"BreadcrumbList\",\"@id\":\"https:\\\/\\\/lospoliticosveracruz.com\\\/?p=147757#breadcrumb\",\"itemListElement\":[{\"@type\":\"ListItem\",\"position\":1,\"name\":\"Portada\",\"item\":\"https:\\\/\\\/lospoliticosveracruz.com\\\/\"},{\"@type\":\"ListItem\",\"position\":2,\"name\":\"ADI\u00d3S A MARISOL\u2026\"}]},{\"@type\":\"WebSite\",\"@id\":\"https:\\\/\\\/lospoliticosveracruz.com\\\/#website\",\"url\":\"https:\\\/\\\/lospoliticosveracruz.com\\\/\",\"name\":\"Los pol\u00edticos Veracruz\",\"description\":\"\",\"publisher\":{\"@id\":\"https:\\\/\\\/lospoliticosveracruz.com\\\/#organization\"},\"potentialAction\":[{\"@type\":\"SearchAction\",\"target\":{\"@type\":\"EntryPoint\",\"urlTemplate\":\"https:\\\/\\\/lospoliticosveracruz.com\\\/?s={search_term_string}\"},\"query-input\":{\"@type\":\"PropertyValueSpecification\",\"valueRequired\":true,\"valueName\":\"search_term_string\"}}],\"inLanguage\":\"es\"},{\"@type\":\"Organization\",\"@id\":\"https:\\\/\\\/lospoliticosveracruz.com\\\/#organization\",\"name\":\"Los pol\u00edticos Veracruz\",\"url\":\"https:\\\/\\\/lospoliticosveracruz.com\\\/\",\"logo\":{\"@type\":\"ImageObject\",\"inLanguage\":\"es\",\"@id\":\"https:\\\/\\\/lospoliticosveracruz.com\\\/#\\\/schema\\\/logo\\\/image\\\/\",\"url\":\"https:\\\/\\\/lospoliticosveracruz.com\\\/wp-content\\\/uploads\\\/2025\\\/12\\\/Logo-Nuevo-LOS-POLITICOS-1.jpg\",\"contentUrl\":\"https:\\\/\\\/lospoliticosveracruz.com\\\/wp-content\\\/uploads\\\/2025\\\/12\\\/Logo-Nuevo-LOS-POLITICOS-1.jpg\",\"width\":260,\"height\":70,\"caption\":\"Los pol\u00edticos Veracruz\"},\"image\":{\"@id\":\"https:\\\/\\\/lospoliticosveracruz.com\\\/#\\\/schema\\\/logo\\\/image\\\/\"},\"sameAs\":[\"https:\\\/\\\/www.facebook.com\\\/people\\\/Notimemes-de-los-Polticos\\\/61565672886568\\\/\",\"https:\\\/\\\/x.com\\\/LosPoliticosVer\"]},{\"@type\":\"Person\",\"@id\":\"https:\\\/\\\/lospoliticosveracruz.com\\\/#\\\/schema\\\/person\\\/b8702bb0e538456e6efd07080bf2a4a2\",\"name\":\"Lo viste en Los Pol\u00edticos\",\"image\":{\"@type\":\"ImageObject\",\"inLanguage\":\"es\",\"@id\":\"https:\\\/\\\/secure.gravatar.com\\\/avatar\\\/3a8de04a2656d44082be478bd6c086daa447c4651605818287b9532d3d0bd435?s=96&d=mm&r=g\",\"url\":\"https:\\\/\\\/secure.gravatar.com\\\/avatar\\\/3a8de04a2656d44082be478bd6c086daa447c4651605818287b9532d3d0bd435?s=96&d=mm&r=g\",\"contentUrl\":\"https:\\\/\\\/secure.gravatar.com\\\/avatar\\\/3a8de04a2656d44082be478bd6c086daa447c4651605818287b9532d3d0bd435?s=96&d=mm&r=g\",\"caption\":\"Lo viste en Los Pol\u00edticos\"},\"url\":\"https:\\\/\\\/lospoliticosveracruz.com\\\/?author=2\"}]}<\/script>\n<!-- \/ Yoast SEO plugin. -->","yoast_head_json":{"title":"ADI\u00d3S A MARISOL\u2026 - Los pol\u00edticos Veracruz","robots":{"index":"index","follow":"follow","max-snippet":"max-snippet:-1","max-image-preview":"max-image-preview:large","max-video-preview":"max-video-preview:-1"},"canonical":"https:\/\/lospoliticosveracruz.com\/?p=147757","og_locale":"es_ES","og_type":"article","og_title":"ADI\u00d3S A MARISOL\u2026 - Los pol\u00edticos Veracruz","og_description":"Oved ContrerasSecas Mecas Es cuesti\u00f3n de horas, nos dice una fuente del OPLE, all\u00e1 en Xalapa, para que do\u00f1a Marisol Alicia Delgadillo Morales termine de arreglar sus chivas y salga por pierna de la instituci\u00f3n electoral, luego del cochinero que provoc\u00f3 en la elecci\u00f3n judicial y en la de alcaldes, que a\u00fan tiene incendiados varias [&hellip;]","og_url":"https:\/\/lospoliticosveracruz.com\/?p=147757","og_site_name":"Los pol\u00edticos Veracruz","article_publisher":"https:\/\/www.facebook.com\/people\/Notimemes-de-los-Polticos\/61565672886568\/","article_published_time":"2025-06-25T13:00:07+00:00","article_modified_time":"2025-06-25T13:00:45+00:00","og_image":[{"width":600,"height":320,"url":"https:\/\/lospoliticosveracruz.com\/wp-content\/uploads\/2025\/04\/Oved-Contreras-e1768066319253.jpg","type":"image\/jpeg"}],"author":"Lo viste en Los Pol\u00edticos","twitter_card":"summary_large_image","twitter_creator":"@LosPoliticosVer","twitter_site":"@LosPoliticosVer","twitter_misc":{"Escrito por":"Lo viste en Los Pol\u00edticos","Tiempo de lectura":"5 minutos"},"schema":{"@context":"https:\/\/schema.org","@graph":[{"@type":"Article","@id":"https:\/\/lospoliticosveracruz.com\/?p=147757#article","isPartOf":{"@id":"https:\/\/lospoliticosveracruz.com\/?p=147757"},"author":{"name":"Lo viste en Los Pol\u00edticos","@id":"https:\/\/lospoliticosveracruz.com\/#\/schema\/person\/b8702bb0e538456e6efd07080bf2a4a2"},"headline":"ADI\u00d3S A MARISOL\u2026","datePublished":"2025-06-25T13:00:07+00:00","dateModified":"2025-06-25T13:00:45+00:00","mainEntityOfPage":{"@id":"https:\/\/lospoliticosveracruz.com\/?p=147757"},"wordCount":962,"publisher":{"@id":"https:\/\/lospoliticosveracruz.com\/#organization"},"image":{"@id":"https:\/\/lospoliticosveracruz.com\/?p=147757#primaryimage"},"thumbnailUrl":"https:\/\/lospoliticosveracruz.com\/wp-content\/uploads\/2025\/04\/Oved-Contreras-e1768066319253.jpg","keywords":["Cuitl\u00e1huac Garc\u00eda Jim\u00e9nez","Marisol Delgadillo Morales","Morena","OPLE Veracruz","Veracruz"],"articleSection":["De Opini\u00f3n"],"inLanguage":"es"},{"@type":"WebPage","@id":"https:\/\/lospoliticosveracruz.com\/?p=147757","url":"https:\/\/lospoliticosveracruz.com\/?p=147757","name":"ADI\u00d3S A MARISOL\u2026 - Los pol\u00edticos Veracruz","isPartOf":{"@id":"https:\/\/lospoliticosveracruz.com\/#website"},"primaryImageOfPage":{"@id":"https:\/\/lospoliticosveracruz.com\/?p=147757#primaryimage"},"image":{"@id":"https:\/\/lospoliticosveracruz.com\/?p=147757#primaryimage"},"thumbnailUrl":"https:\/\/lospoliticosveracruz.com\/wp-content\/uploads\/2025\/04\/Oved-Contreras-e1768066319253.jpg","datePublished":"2025-06-25T13:00:07+00:00","dateModified":"2025-06-25T13:00:45+00:00","breadcrumb":{"@id":"https:\/\/lospoliticosveracruz.com\/?p=147757#breadcrumb"},"inLanguage":"es","potentialAction":[{"@type":"ReadAction","target":["https:\/\/lospoliticosveracruz.com\/?p=147757"]}]},{"@type":"ImageObject","inLanguage":"es","@id":"https:\/\/lospoliticosveracruz.com\/?p=147757#primaryimage","url":"https:\/\/lospoliticosveracruz.com\/wp-content\/uploads\/2025\/04\/Oved-Contreras-e1768066319253.jpg","contentUrl":"https:\/\/lospoliticosveracruz.com\/wp-content\/uploads\/2025\/04\/Oved-Contreras-e1768066319253.jpg","width":600,"height":320},{"@type":"BreadcrumbList","@id":"https:\/\/lospoliticosveracruz.com\/?p=147757#breadcrumb","itemListElement":[{"@type":"ListItem","position":1,"name":"Portada","item":"https:\/\/lospoliticosveracruz.com\/"},{"@type":"ListItem","position":2,"name":"ADI\u00d3S A MARISOL\u2026"}]},{"@type":"WebSite","@id":"https:\/\/lospoliticosveracruz.com\/#website","url":"https:\/\/lospoliticosveracruz.com\/","name":"Los pol\u00edticos Veracruz","description":"","publisher":{"@id":"https:\/\/lospoliticosveracruz.com\/#organization"},"potentialAction":[{"@type":"SearchAction","target":{"@type":"EntryPoint","urlTemplate":"https:\/\/lospoliticosveracruz.com\/?s={search_term_string}"},"query-input":{"@type":"PropertyValueSpecification","valueRequired":true,"valueName":"search_term_string"}}],"inLanguage":"es"},{"@type":"Organization","@id":"https:\/\/lospoliticosveracruz.com\/#organization","name":"Los pol\u00edticos Veracruz","url":"https:\/\/lospoliticosveracruz.com\/","logo":{"@type":"ImageObject","inLanguage":"es","@id":"https:\/\/lospoliticosveracruz.com\/#\/schema\/logo\/image\/","url":"https:\/\/lospoliticosveracruz.com\/wp-content\/uploads\/2025\/12\/Logo-Nuevo-LOS-POLITICOS-1.jpg","contentUrl":"https:\/\/lospoliticosveracruz.com\/wp-content\/uploads\/2025\/12\/Logo-Nuevo-LOS-POLITICOS-1.jpg","width":260,"height":70,"caption":"Los pol\u00edticos Veracruz"},"image":{"@id":"https:\/\/lospoliticosveracruz.com\/#\/schema\/logo\/image\/"},"sameAs":["https:\/\/www.facebook.com\/people\/Notimemes-de-los-Polticos\/61565672886568\/","https:\/\/x.com\/LosPoliticosVer"]},{"@type":"Person","@id":"https:\/\/lospoliticosveracruz.com\/#\/schema\/person\/b8702bb0e538456e6efd07080bf2a4a2","name":"Lo viste en Los Pol\u00edticos","image":{"@type":"ImageObject","inLanguage":"es","@id":"https:\/\/secure.gravatar.com\/avatar\/3a8de04a2656d44082be478bd6c086daa447c4651605818287b9532d3d0bd435?s=96&d=mm&r=g","url":"https:\/\/secure.gravatar.com\/avatar\/3a8de04a2656d44082be478bd6c086daa447c4651605818287b9532d3d0bd435?s=96&d=mm&r=g","contentUrl":"https:\/\/secure.gravatar.com\/avatar\/3a8de04a2656d44082be478bd6c086daa447c4651605818287b9532d3d0bd435?s=96&d=mm&r=g","caption":"Lo viste en Los Pol\u00edticos"},"url":"https:\/\/lospoliticosveracruz.com\/?author=2"}]}},"_links":{"self":[{"href":"https:\/\/lospoliticosveracruz.com\/index.php?rest_route=\/wp\/v2\/posts\/147757","targetHints":{"allow":["GET"]}}],"collection":[{"href":"https:\/\/lospoliticosveracruz.com\/index.php?rest_route=\/wp\/v2\/posts"}],"about":[{"href":"https:\/\/lospoliticosveracruz.com\/index.php?rest_route=\/wp\/v2\/types\/post"}],"author":[{"embeddable":true,"href":"https:\/\/lospoliticosveracruz.com\/index.php?rest_route=\/wp\/v2\/users\/2"}],"replies":[{"embeddable":true,"href":"https:\/\/lospoliticosveracruz.com\/index.php?rest_route=%2Fwp%2Fv2%2Fcomments&post=147757"}],"version-history":[{"count":2,"href":"https:\/\/lospoliticosveracruz.com\/index.php?rest_route=\/wp\/v2\/posts\/147757\/revisions"}],"predecessor-version":[{"id":147760,"href":"https:\/\/lospoliticosveracruz.com\/index.php?rest_route=\/wp\/v2\/posts\/147757\/revisions\/147760"}],"wp:featuredmedia":[{"embeddable":true,"href":"https:\/\/lospoliticosveracruz.com\/index.php?rest_route=\/wp\/v2\/media\/141426"}],"wp:attachment":[{"href":"https:\/\/lospoliticosveracruz.com\/index.php?rest_route=%2Fwp%2Fv2%2Fmedia&parent=147757"}],"wp:term":[{"taxonomy":"category","embeddable":true,"href":"https:\/\/lospoliticosveracruz.com\/index.php?rest_route=%2Fwp%2Fv2%2Fcategories&post=147757"},{"taxonomy":"post_tag","embeddable":true,"href":"https:\/\/lospoliticosveracruz.com\/index.php?rest_route=%2Fwp%2Fv2%2Ftags&post=147757"}],"curies":[{"name":"wp","href":"https:\/\/api.w.org\/{rel}","templated":true}]}}