{"id":14778,"date":"2015-02-05T09:36:16","date_gmt":"2015-02-05T15:36:16","guid":{"rendered":"http:\/\/www.lospoliticosveracruz.com.mx\/?p=14778"},"modified":"2015-02-05T09:36:16","modified_gmt":"2015-02-05T15:36:16","slug":"sergio-pitol-denuncia-y-manipulacion","status":"publish","type":"post","link":"https:\/\/lospoliticosveracruz.com\/?p=14778","title":{"rendered":"Sergio Pitol, denuncia y manipulaci\u00f3n"},"content":{"rendered":"<p><a href=\"http:\/\/www.lospoliticosveracruz.com.mx\/wp-content\/uploads\/2015\/02\/Sergio-Pitos-Pruebas.jpg\"><img loading=\"lazy\" decoding=\"async\" class=\"alignnone size-medium wp-image-14779\" src=\"http:\/\/www.lospoliticosveracruz.com.mx\/wp-content\/uploads\/2015\/02\/Sergio-Pitos-Pruebas-225x300.jpg\" alt=\"Sergio Pitos Pruebas\" width=\"225\" height=\"300\" \/><\/a><\/p>\n<p><strong>Armando Ortiz<\/strong><\/p>\n<p><em>El Hijo Pr\u00f3digo<\/em><\/p>\n<p>&nbsp;<\/p>\n<p>El d\u00eda domingo 1 de febrero el escritor Sergio Pitol, Premio Cervantes de Literatura, entr\u00f3 al hospital Los \u00c1ngeles de Xalapa, Veracruz con un cuadro de sangrado intestinal que result\u00f3 ser una \u00falcera duodenal p\u00e9ptica. Ese mismo domingo, de manera irresponsable, las personas que lo ingresaron, lo sacaron del hospital y lo llevaron a su casa. El d\u00eda lunes se agrav\u00f3 su enfermedad por lo que tuvieron que ingresarlo nuevamente. Hasta el momento ah\u00ed permanece en situaci\u00f3n estable.<br \/>\nDesde hace unos meses el escritor Sergio Pitol es el centro de una serie de querellas en las que un grupo de personas, encabezadas por Rodolfo Mendoza Rosendo, director del Instituto Veracruzano de la Cultura, aseguran buscar el bienestar f\u00edsico y patrimonial del maestro Sergio Pitol. La amistad de ellos con el escritor de 81 a\u00f1os es de tiempo atr\u00e1s, por lo que la familia nunca dud\u00f3 de las buenas intenciones de estos, a los que ahora llaman una \u201ccamarilla\u201d.<br \/>\nHasta hace unos meses la relaci\u00f3n de la familia Demeneghi Colina, primos hermanos de Sergio Pitol, era cercana y cordial. Luis Demeneghi, cercano en sus afectos, hasta hace unos meses (fue Luis quien lo acompa\u00f1\u00f3 a Espa\u00f1a a recibir el Cervantes de Literatura), se encargaba de los asuntos financieros del escritor, contando por supuesto con la aprobaci\u00f3n del mismo Sergio y de la familia.<br \/>\nDespu\u00e9s de un viaje a Cuba a mediados de agosto de 2014, al cual acudi\u00f3 el maestro Pitol a un chequeo sobre su salud neuronal, y viendo los informes m\u00e9dicos, Luis se comunic\u00f3 v\u00eda correo electr\u00f3nico con sus hermanos para ponerlos al tanto de la situaci\u00f3n. En un correo de Gmail fechado el 15 de agosto de 2014 y dirigido a sus cuatro hermanos, primos de Sergio Pitol, Luis les informaba: \u201cLe\u00ed el informe de los m\u00e9dicos cubanos y solamente confirma lo que ya sab\u00edamos de antemano: el deterioro neuronal de Sergio es ya muy intenso y no hay forma de detenerlo y mucho menos revertirlo\u201d. En ese mismo mensaje Luis habla de lo que el chofer de Sergio Pitol, hombre de todas sus confianzas, le comenta: Sergio perd\u00eda por momentos los estados de lucidez.<br \/>\nAnte esa situaci\u00f3n Luis Demeneghi plante\u00f3 a sus hermanos una serie de medidas que habr\u00eda que tomar para salvaguardar la integridad f\u00edsica y patrimonial de Sergio Pitol. Debido a que en dos semanas Pitol habr\u00eda de ser atendido por un problema de cataratas en los ojos, Luis pondr\u00eda al cuidado del maestro a dos enfermeros. Para ese momento Luis ya comenta a sus cuatro hermanos, que \u201chay muchos oportunistas que seguramente est\u00e1n esperando aprovecharse de la condici\u00f3n de Sergio\u201d.<br \/>\nSobre esta misma situaci\u00f3n Luis Demeneghi habla con el doctor Mario L\u00f3pez G\u00f3mez, neur\u00f3logo que desde tiempo atr\u00e1s ha tratado a Sergio Pitol. Luis le comenta al doctor la situaci\u00f3n. El doctor receta a Sergio Pitol, entre otros medicamentos, Quetiapina \u201cmedia pastilla antes de dormir\u201d.<br \/>\nLas medidas que acuerdan los primos hermanos de Sergio Pitol, incluyendo los sobrinos, no caen muy bien entre los allegados al maestro, algunos de los cuales han estado lucrando con el nombre de \u00e9ste. Es por ello que, vali\u00e9ndose de la complicidad de ciertas autoridades, consiguen que Sergio Pitol acuse ante la Lic. Indira Contreras, agente 4\u00ba del ministerio p\u00fablico a su primo hermano Luis Rolando Demeneghi Colina, por \u201chechos constitutivos de delito\u201d. Cabe se\u00f1alar que Sergio Pitol tiene un diagn\u00f3stico de \u201cafasia primaria progresiva no fluente\u201d, enfermedad que le impide comunicarse verbalmente, incluso est\u00e1 imposibilitado para comunicarse por escrito. Esto qued\u00f3 confirmado posteriormente por una visita que una jueza hiciera en su domicilio en donde hizo constar lo siguiente: Sergio Pitol \u201cpresenta una discapacidad sensorial que le impide desenvolverse en la sociedad de manera plena y efectiva en igualdad de condiciones con los dem\u00e1s\u201d.<br \/>\nEn esa querella Sergio Pitol, inducido por las personas que lo acompa\u00f1aron, se\u00f1ala que la Quetiapina que le est\u00e1n suministrando por \u00f3rdenes de Luis Demeneghi puede provocarle un infarto al miocardio, por tal raz\u00f3n acus\u00f3 a su primo hermano de poner en \u201criesgo total la salud e integridad f\u00edsica del suscrito\u201d.<br \/>\nComo prueba de su dicho Sergio Pitol presenta una constancia emitida por el neur\u00f3logo Jos\u00e9 Luis Mart\u00ednez Caba\u00f1as. En esa constancia firmada el 1 de octubre de 2014, apenas un d\u00eda antes de suscribir la demanda contra su primo, el doctor indica lo siguiente: A quien corresponda: Sergio Pitol Demeneghi. 1 de octubre de 2014. No PNAL 2752 Universidad Veracruzana.<br \/>\n\u201cAl paciente se le conoce desde hace 3 meses, es subsecuente por presentar afasia motora. Sin embargo no existe limitaci\u00f3n f\u00edsica, y no ha presentado delirio alguno. Tampoco trastornos del talante emocional o del sue\u00f1o. Desde hace meses, he tomado control m\u00e9dico neurol\u00f3gico de \u00e9l, por retiro del servicio m\u00e9dico del neur\u00f3logo previo. Por lo que no est\u00e1 indicado el uso de Quetiapina, por el riesgo de infarto al miocardio, o somnolencia\u201d. (Despu\u00e9s de esta nota y en letra m\u00e1s peque\u00f1a se escribe) \u201cEl paciente presenta Afasia motora, pero est\u00e1 conciente, y tiene buen juicio, por lo que sabe decidir sobre \u00e9l, y sobre asuntos legales que se le involucren\u201d.<br \/>\nExiste una declaraci\u00f3n firmada ante notario p\u00fablico en donde Jos\u00e9 Luis Mart\u00ednez Caba\u00f1as reconoce la parte sustancial de su dictamen m\u00e9dico, pero advierte que a su dictamen m\u00e9dico se le agregaron los siguientes enunciados: \u201cEl paciente presenta Afasia motora, pero est\u00e1 conciente, y tiene buen juicio, por lo que sabe decidir sobre \u00e9l, y sobre asuntos legales que se le involucren\u201d.<br \/>\nSe anota en el punto III de dicho documento notarial que \u201cel compareciente manifiesta que el documento en comento est\u00e1 alterado\u201d, declarando que est\u00e1 dispuesto a comparecer ante la autoridad judicial para ratificar lo dicho.<br \/>\n\u00bfQui\u00e9n alter\u00f3 ese documento y con qu\u00e9 intenciones? \u00bfAcaso lo hizo un paciente diagnosticado con afasia primaria progresiva no fluente?<br \/>\nEl que acusa, Sergio Pitol, se\u00f1ala que de manera criminal se le est\u00e1 suministrando una medicina que le podr\u00eda provocar la muerte. Pero esa medicina la recet\u00f3 el doctor Mario L\u00f3pez G\u00f3mez quien el d\u00eda viernes 6 de febrero se presentar\u00e1 ante las instancias pertinentes a rendir su declaraci\u00f3n y a mostrar copia de la receta que expidi\u00f3.<br \/>\nEn el apartado 6 de la demanda que suscribe Sergio Pitol en contra de su primo hermano Luis Demeneghi Colina, alude a un \u201cpoder general para actos de administraci\u00f3n, pleitos y cobranzas, sobre todos los bienes del suscrito\u201d. Sergio Pitol \u201csuscribe\u201d en esa denuncia que Luis ha estado ejerciendo ese poder de forma arbitraria por lo que se encuentra en riesgo su patrimonio.<br \/>\nPitol \u201cse\u00f1ala\u201d que el notario Miguel Marenco S\u00e1nchez, ante quien se otorg\u00f3 dicho poder, se neg\u00f3 a entregarle dicho documento. Miguel Marenco ha tenido que explicar hasta en tres ocasiones a la autoridad que ese poder data de 1991 y era para que Luis Demeneghi se hiciera cargo de la compra de un terreno en La Pitaya, dado que Sergio part\u00eda al extranjero y se lo dej\u00f3 encargado al hombre de sus confianzas, es decir, su primo Luis. Miguel Marenco se ha cansado de decir que ese poder est\u00e1 extinto, que no tiene ya valor legal.<br \/>\nComo se puede dar uno cuenta, la acusaci\u00f3n de Sergio Pitol contra su primo hermano carece de pruebas. El poder que le preocupa a Sergio, que seg\u00fan posee su primo est\u00e1 extinto; el dictamen del neur\u00f3logo Jos\u00e9 Luis Caba\u00f1as est\u00e1 alterado; la Quetiapina s\u00ed fue recetada por un m\u00e9dico calificado, por lo que el supuesto intento de causar da\u00f1o por parte de Luis a su primo hermano, queda descartado.<br \/>\nSin embargo muchas preguntas quedan por contestar, pero una de ellas es la que m\u00e1s preocupa: \u00bfQui\u00e9n est\u00e1 detr\u00e1s de toda esta manipulaci\u00f3n?<br \/>\nLos familiares de Sergi Pitol acusan directamente a Rodolfo Mendoza Rosendo como el orquestador del montaje y la acusaci\u00f3n. Por supuesto Rodolfo Mendoza ha iniciado una campa\u00f1a para acusar y desprestigiar a Luis Demeneghi. Pero de momento la acusaci\u00f3n que hiciera Pitol en contra de su primo queda descartada.<\/p>\n<p>Armando Ortiz aortiz52@hotmail.com<\/p>\n<p><img loading=\"lazy\" decoding=\"async\" class=\"alignnone size-medium wp-image-14788\" src=\"http:\/\/www.lospoliticosveracruz.com.mx\/wp-content\/uploads\/2015\/02\/Sergio-Pitos-Pruebas10-225x300.jpg\" alt=\"Sergio Pitos Pruebas10\" width=\"225\" height=\"300\" \/><img loading=\"lazy\" decoding=\"async\" class=\"alignnone size-medium wp-image-14784\" src=\"http:\/\/www.lospoliticosveracruz.com.mx\/wp-content\/uploads\/2015\/02\/Sergio-Pitos-Pruebas6-225x300.jpg\" alt=\"Sergio Pitos Pruebas6\" width=\"225\" height=\"300\" \/><img loading=\"lazy\" decoding=\"async\" class=\"alignnone size-medium wp-image-14780\" src=\"http:\/\/www.lospoliticosveracruz.com.mx\/wp-content\/uploads\/2015\/02\/Sergio-Pitos-Pruebas2-225x300.jpg\" alt=\"Sergio Pitos Pruebas2\" width=\"225\" height=\"300\" \/><\/p>\n<p><img loading=\"lazy\" decoding=\"async\" class=\"alignnone size-medium wp-image-14783\" src=\"http:\/\/www.lospoliticosveracruz.com.mx\/wp-content\/uploads\/2015\/02\/Sergio-Pitos-Pruebas5-225x300.jpg\" alt=\"Sergio Pitos Pruebas5\" width=\"225\" height=\"300\" \/><img loading=\"lazy\" decoding=\"async\" class=\"alignnone size-medium wp-image-14781\" src=\"http:\/\/www.lospoliticosveracruz.com.mx\/wp-content\/uploads\/2015\/02\/Sergio-Pitos-Pruebas3-225x300.jpg\" alt=\"Sergio Pitos Pruebas3\" width=\"225\" height=\"300\" \/><img loading=\"lazy\" decoding=\"async\" class=\"alignnone size-medium wp-image-14787\" src=\"http:\/\/www.lospoliticosveracruz.com.mx\/wp-content\/uploads\/2015\/02\/Sergio-Pitos-Pruebas9-225x300.jpg\" alt=\"Sergio Pitos Pruebas9\" width=\"225\" height=\"300\" \/><\/p>\n<p>&nbsp;<\/p>\n<p>&nbsp;<\/p>\n<p>&nbsp;<\/p>\n","protected":false},"excerpt":{"rendered":"<p>Armando Ortiz El Hijo Pr\u00f3digo &nbsp; El d\u00eda domingo 1 de febrero el escritor Sergio Pitol, Premio Cervantes de Literatura, entr\u00f3 al hospital Los \u00c1ngeles de Xalapa, Veracruz con un cuadro de sangrado intestinal que result\u00f3 ser una \u00falcera duodenal p\u00e9ptica. Ese mismo domingo, de manera irresponsable, las personas que lo ingresaron, lo sacaron del [&hellip;]<\/p>\n","protected":false},"author":2,"featured_media":0,"comment_status":"open","ping_status":"open","sticky":false,"template":"","format":"standard","meta":{"tdm_status":"","tdm_grid_status":"","footnotes":""},"categories":[70],"tags":[1692,1690,1691,1695,1696,1693,1694,1345,1689],"class_list":{"0":"post-14778","1":"post","2":"type-post","3":"status-publish","4":"format-standard","6":"category-de-opinion","7":"tag-demeneghi-colina","8":"tag-denuncia-y-manipulacion","9":"tag-hospital-los-angeles","10":"tag-indira-contreras","11":"tag-jose-luis-martinez-cabanas","12":"tag-luis-demeneghi","13":"tag-mario-lopez-gomez","14":"tag-rodolfo-mendoza-rosendo","15":"tag-sergio-pitol"},"yoast_head":"<!-- This site is optimized with the Yoast SEO plugin v27.4 - https:\/\/yoast.com\/product\/yoast-seo-wordpress\/ -->\n<title>Sergio Pitol, denuncia y manipulaci\u00f3n - Los pol\u00edticos Veracruz<\/title>\n<meta name=\"robots\" content=\"index, follow, max-snippet:-1, max-image-preview:large, max-video-preview:-1\" \/>\n<link rel=\"canonical\" href=\"https:\/\/lospoliticosveracruz.com\/?p=14778\" \/>\n<meta property=\"og:locale\" content=\"es_ES\" \/>\n<meta property=\"og:type\" content=\"article\" \/>\n<meta property=\"og:title\" content=\"Sergio Pitol, denuncia y manipulaci\u00f3n - Los pol\u00edticos Veracruz\" \/>\n<meta property=\"og:description\" content=\"Armando Ortiz El Hijo Pr\u00f3digo &nbsp; El d\u00eda domingo 1 de febrero el escritor Sergio Pitol, Premio Cervantes de Literatura, entr\u00f3 al hospital Los \u00c1ngeles de Xalapa, Veracruz con un cuadro de sangrado intestinal que result\u00f3 ser una \u00falcera duodenal p\u00e9ptica. Ese mismo domingo, de manera irresponsable, las personas que lo ingresaron, lo sacaron del [&hellip;]\" \/>\n<meta property=\"og:url\" content=\"https:\/\/lospoliticosveracruz.com\/?p=14778\" \/>\n<meta property=\"og:site_name\" content=\"Los pol\u00edticos Veracruz\" \/>\n<meta property=\"article:publisher\" content=\"https:\/\/www.facebook.com\/people\/Notimemes-de-los-Polticos\/61565672886568\/\" \/>\n<meta property=\"article:published_time\" content=\"2015-02-05T15:36:16+00:00\" \/>\n<meta property=\"og:image\" content=\"http:\/\/www.lospoliticosveracruz.com.mx\/wp-content\/uploads\/2015\/02\/Sergio-Pitos-Pruebas-225x300.jpg\" \/>\n<meta name=\"author\" content=\"Lo viste en Los Pol\u00edticos\" \/>\n<meta name=\"twitter:card\" content=\"summary_large_image\" \/>\n<meta name=\"twitter:creator\" content=\"@LosPoliticosVer\" \/>\n<meta name=\"twitter:site\" content=\"@LosPoliticosVer\" \/>\n<meta name=\"twitter:label1\" content=\"Escrito por\" \/>\n\t<meta name=\"twitter:data1\" content=\"Lo viste en Los Pol\u00edticos\" \/>\n\t<meta name=\"twitter:label2\" content=\"Tiempo de lectura\" \/>\n\t<meta name=\"twitter:data2\" content=\"7 minutos\" \/>\n<script type=\"application\/ld+json\" class=\"yoast-schema-graph\">{\"@context\":\"https:\\\/\\\/schema.org\",\"@graph\":[{\"@type\":\"Article\",\"@id\":\"https:\\\/\\\/lospoliticosveracruz.com\\\/?p=14778#article\",\"isPartOf\":{\"@id\":\"https:\\\/\\\/lospoliticosveracruz.com\\\/?p=14778\"},\"author\":{\"name\":\"Lo viste en Los Pol\u00edticos\",\"@id\":\"https:\\\/\\\/lospoliticosveracruz.com\\\/#\\\/schema\\\/person\\\/b8702bb0e538456e6efd07080bf2a4a2\"},\"headline\":\"Sergio Pitol, denuncia y manipulaci\u00f3n\",\"datePublished\":\"2015-02-05T15:36:16+00:00\",\"mainEntityOfPage\":{\"@id\":\"https:\\\/\\\/lospoliticosveracruz.com\\\/?p=14778\"},\"wordCount\":1412,\"commentCount\":0,\"publisher\":{\"@id\":\"https:\\\/\\\/lospoliticosveracruz.com\\\/#organization\"},\"image\":{\"@id\":\"https:\\\/\\\/lospoliticosveracruz.com\\\/?p=14778#primaryimage\"},\"thumbnailUrl\":\"http:\\\/\\\/www.lospoliticosveracruz.com.mx\\\/wp-content\\\/uploads\\\/2015\\\/02\\\/Sergio-Pitos-Pruebas-225x300.jpg\",\"keywords\":[\"Demeneghi Colina\",\"denuncia y manipulaci\u00f3n\",\"hospital Los \u00c1ngeles\",\"Indira Contreras\",\"Jos\u00e9 Luis Mart\u00ednez Caba\u00f1as\",\"Luis Demeneghi\",\"Mario L\u00f3pez G\u00f3mez\",\"Rodolfo Mendoza Rosendo\",\"Sergio Pitol\"],\"articleSection\":[\"De Opini\u00f3n\"],\"inLanguage\":\"es\",\"potentialAction\":[{\"@type\":\"CommentAction\",\"name\":\"Comment\",\"target\":[\"https:\\\/\\\/lospoliticosveracruz.com\\\/?p=14778#respond\"]}]},{\"@type\":\"WebPage\",\"@id\":\"https:\\\/\\\/lospoliticosveracruz.com\\\/?p=14778\",\"url\":\"https:\\\/\\\/lospoliticosveracruz.com\\\/?p=14778\",\"name\":\"Sergio Pitol, denuncia y manipulaci\u00f3n - Los pol\u00edticos Veracruz\",\"isPartOf\":{\"@id\":\"https:\\\/\\\/lospoliticosveracruz.com\\\/#website\"},\"primaryImageOfPage\":{\"@id\":\"https:\\\/\\\/lospoliticosveracruz.com\\\/?p=14778#primaryimage\"},\"image\":{\"@id\":\"https:\\\/\\\/lospoliticosveracruz.com\\\/?p=14778#primaryimage\"},\"thumbnailUrl\":\"http:\\\/\\\/www.lospoliticosveracruz.com.mx\\\/wp-content\\\/uploads\\\/2015\\\/02\\\/Sergio-Pitos-Pruebas-225x300.jpg\",\"datePublished\":\"2015-02-05T15:36:16+00:00\",\"breadcrumb\":{\"@id\":\"https:\\\/\\\/lospoliticosveracruz.com\\\/?p=14778#breadcrumb\"},\"inLanguage\":\"es\",\"potentialAction\":[{\"@type\":\"ReadAction\",\"target\":[\"https:\\\/\\\/lospoliticosveracruz.com\\\/?p=14778\"]}]},{\"@type\":\"ImageObject\",\"inLanguage\":\"es\",\"@id\":\"https:\\\/\\\/lospoliticosveracruz.com\\\/?p=14778#primaryimage\",\"url\":\"http:\\\/\\\/www.lospoliticosveracruz.com.mx\\\/wp-content\\\/uploads\\\/2015\\\/02\\\/Sergio-Pitos-Pruebas-225x300.jpg\",\"contentUrl\":\"http:\\\/\\\/www.lospoliticosveracruz.com.mx\\\/wp-content\\\/uploads\\\/2015\\\/02\\\/Sergio-Pitos-Pruebas-225x300.jpg\"},{\"@type\":\"BreadcrumbList\",\"@id\":\"https:\\\/\\\/lospoliticosveracruz.com\\\/?p=14778#breadcrumb\",\"itemListElement\":[{\"@type\":\"ListItem\",\"position\":1,\"name\":\"Portada\",\"item\":\"https:\\\/\\\/lospoliticosveracruz.com\\\/\"},{\"@type\":\"ListItem\",\"position\":2,\"name\":\"Sergio Pitol, denuncia y manipulaci\u00f3n\"}]},{\"@type\":\"WebSite\",\"@id\":\"https:\\\/\\\/lospoliticosveracruz.com\\\/#website\",\"url\":\"https:\\\/\\\/lospoliticosveracruz.com\\\/\",\"name\":\"Los pol\u00edticos Veracruz\",\"description\":\"\",\"publisher\":{\"@id\":\"https:\\\/\\\/lospoliticosveracruz.com\\\/#organization\"},\"potentialAction\":[{\"@type\":\"SearchAction\",\"target\":{\"@type\":\"EntryPoint\",\"urlTemplate\":\"https:\\\/\\\/lospoliticosveracruz.com\\\/?s={search_term_string}\"},\"query-input\":{\"@type\":\"PropertyValueSpecification\",\"valueRequired\":true,\"valueName\":\"search_term_string\"}}],\"inLanguage\":\"es\"},{\"@type\":\"Organization\",\"@id\":\"https:\\\/\\\/lospoliticosveracruz.com\\\/#organization\",\"name\":\"Los pol\u00edticos Veracruz\",\"url\":\"https:\\\/\\\/lospoliticosveracruz.com\\\/\",\"logo\":{\"@type\":\"ImageObject\",\"inLanguage\":\"es\",\"@id\":\"https:\\\/\\\/lospoliticosveracruz.com\\\/#\\\/schema\\\/logo\\\/image\\\/\",\"url\":\"https:\\\/\\\/lospoliticosveracruz.com\\\/wp-content\\\/uploads\\\/2025\\\/12\\\/Logo-Nuevo-LOS-POLITICOS-1.jpg\",\"contentUrl\":\"https:\\\/\\\/lospoliticosveracruz.com\\\/wp-content\\\/uploads\\\/2025\\\/12\\\/Logo-Nuevo-LOS-POLITICOS-1.jpg\",\"width\":260,\"height\":70,\"caption\":\"Los pol\u00edticos Veracruz\"},\"image\":{\"@id\":\"https:\\\/\\\/lospoliticosveracruz.com\\\/#\\\/schema\\\/logo\\\/image\\\/\"},\"sameAs\":[\"https:\\\/\\\/www.facebook.com\\\/people\\\/Notimemes-de-los-Polticos\\\/61565672886568\\\/\",\"https:\\\/\\\/x.com\\\/LosPoliticosVer\"]},{\"@type\":\"Person\",\"@id\":\"https:\\\/\\\/lospoliticosveracruz.com\\\/#\\\/schema\\\/person\\\/b8702bb0e538456e6efd07080bf2a4a2\",\"name\":\"Lo viste en Los Pol\u00edticos\",\"image\":{\"@type\":\"ImageObject\",\"inLanguage\":\"es\",\"@id\":\"https:\\\/\\\/secure.gravatar.com\\\/avatar\\\/3a8de04a2656d44082be478bd6c086daa447c4651605818287b9532d3d0bd435?s=96&d=mm&r=g\",\"url\":\"https:\\\/\\\/secure.gravatar.com\\\/avatar\\\/3a8de04a2656d44082be478bd6c086daa447c4651605818287b9532d3d0bd435?s=96&d=mm&r=g\",\"contentUrl\":\"https:\\\/\\\/secure.gravatar.com\\\/avatar\\\/3a8de04a2656d44082be478bd6c086daa447c4651605818287b9532d3d0bd435?s=96&d=mm&r=g\",\"caption\":\"Lo viste en Los Pol\u00edticos\"},\"url\":\"https:\\\/\\\/lospoliticosveracruz.com\\\/?author=2\"}]}<\/script>\n<!-- \/ Yoast SEO plugin. -->","yoast_head_json":{"title":"Sergio Pitol, denuncia y manipulaci\u00f3n - Los pol\u00edticos Veracruz","robots":{"index":"index","follow":"follow","max-snippet":"max-snippet:-1","max-image-preview":"max-image-preview:large","max-video-preview":"max-video-preview:-1"},"canonical":"https:\/\/lospoliticosveracruz.com\/?p=14778","og_locale":"es_ES","og_type":"article","og_title":"Sergio Pitol, denuncia y manipulaci\u00f3n - Los pol\u00edticos Veracruz","og_description":"Armando Ortiz El Hijo Pr\u00f3digo &nbsp; El d\u00eda domingo 1 de febrero el escritor Sergio Pitol, Premio Cervantes de Literatura, entr\u00f3 al hospital Los \u00c1ngeles de Xalapa, Veracruz con un cuadro de sangrado intestinal que result\u00f3 ser una \u00falcera duodenal p\u00e9ptica. Ese mismo domingo, de manera irresponsable, las personas que lo ingresaron, lo sacaron del [&hellip;]","og_url":"https:\/\/lospoliticosveracruz.com\/?p=14778","og_site_name":"Los pol\u00edticos Veracruz","article_publisher":"https:\/\/www.facebook.com\/people\/Notimemes-de-los-Polticos\/61565672886568\/","article_published_time":"2015-02-05T15:36:16+00:00","og_image":[{"url":"http:\/\/www.lospoliticosveracruz.com.mx\/wp-content\/uploads\/2015\/02\/Sergio-Pitos-Pruebas-225x300.jpg","type":"","width":"","height":""}],"author":"Lo viste en Los Pol\u00edticos","twitter_card":"summary_large_image","twitter_creator":"@LosPoliticosVer","twitter_site":"@LosPoliticosVer","twitter_misc":{"Escrito por":"Lo viste en Los Pol\u00edticos","Tiempo de lectura":"7 minutos"},"schema":{"@context":"https:\/\/schema.org","@graph":[{"@type":"Article","@id":"https:\/\/lospoliticosveracruz.com\/?p=14778#article","isPartOf":{"@id":"https:\/\/lospoliticosveracruz.com\/?p=14778"},"author":{"name":"Lo viste en Los Pol\u00edticos","@id":"https:\/\/lospoliticosveracruz.com\/#\/schema\/person\/b8702bb0e538456e6efd07080bf2a4a2"},"headline":"Sergio Pitol, denuncia y manipulaci\u00f3n","datePublished":"2015-02-05T15:36:16+00:00","mainEntityOfPage":{"@id":"https:\/\/lospoliticosveracruz.com\/?p=14778"},"wordCount":1412,"commentCount":0,"publisher":{"@id":"https:\/\/lospoliticosveracruz.com\/#organization"},"image":{"@id":"https:\/\/lospoliticosveracruz.com\/?p=14778#primaryimage"},"thumbnailUrl":"http:\/\/www.lospoliticosveracruz.com.mx\/wp-content\/uploads\/2015\/02\/Sergio-Pitos-Pruebas-225x300.jpg","keywords":["Demeneghi Colina","denuncia y manipulaci\u00f3n","hospital Los \u00c1ngeles","Indira Contreras","Jos\u00e9 Luis Mart\u00ednez Caba\u00f1as","Luis Demeneghi","Mario L\u00f3pez G\u00f3mez","Rodolfo Mendoza Rosendo","Sergio Pitol"],"articleSection":["De Opini\u00f3n"],"inLanguage":"es","potentialAction":[{"@type":"CommentAction","name":"Comment","target":["https:\/\/lospoliticosveracruz.com\/?p=14778#respond"]}]},{"@type":"WebPage","@id":"https:\/\/lospoliticosveracruz.com\/?p=14778","url":"https:\/\/lospoliticosveracruz.com\/?p=14778","name":"Sergio Pitol, denuncia y manipulaci\u00f3n - Los pol\u00edticos Veracruz","isPartOf":{"@id":"https:\/\/lospoliticosveracruz.com\/#website"},"primaryImageOfPage":{"@id":"https:\/\/lospoliticosveracruz.com\/?p=14778#primaryimage"},"image":{"@id":"https:\/\/lospoliticosveracruz.com\/?p=14778#primaryimage"},"thumbnailUrl":"http:\/\/www.lospoliticosveracruz.com.mx\/wp-content\/uploads\/2015\/02\/Sergio-Pitos-Pruebas-225x300.jpg","datePublished":"2015-02-05T15:36:16+00:00","breadcrumb":{"@id":"https:\/\/lospoliticosveracruz.com\/?p=14778#breadcrumb"},"inLanguage":"es","potentialAction":[{"@type":"ReadAction","target":["https:\/\/lospoliticosveracruz.com\/?p=14778"]}]},{"@type":"ImageObject","inLanguage":"es","@id":"https:\/\/lospoliticosveracruz.com\/?p=14778#primaryimage","url":"http:\/\/www.lospoliticosveracruz.com.mx\/wp-content\/uploads\/2015\/02\/Sergio-Pitos-Pruebas-225x300.jpg","contentUrl":"http:\/\/www.lospoliticosveracruz.com.mx\/wp-content\/uploads\/2015\/02\/Sergio-Pitos-Pruebas-225x300.jpg"},{"@type":"BreadcrumbList","@id":"https:\/\/lospoliticosveracruz.com\/?p=14778#breadcrumb","itemListElement":[{"@type":"ListItem","position":1,"name":"Portada","item":"https:\/\/lospoliticosveracruz.com\/"},{"@type":"ListItem","position":2,"name":"Sergio Pitol, denuncia y manipulaci\u00f3n"}]},{"@type":"WebSite","@id":"https:\/\/lospoliticosveracruz.com\/#website","url":"https:\/\/lospoliticosveracruz.com\/","name":"Los pol\u00edticos Veracruz","description":"","publisher":{"@id":"https:\/\/lospoliticosveracruz.com\/#organization"},"potentialAction":[{"@type":"SearchAction","target":{"@type":"EntryPoint","urlTemplate":"https:\/\/lospoliticosveracruz.com\/?s={search_term_string}"},"query-input":{"@type":"PropertyValueSpecification","valueRequired":true,"valueName":"search_term_string"}}],"inLanguage":"es"},{"@type":"Organization","@id":"https:\/\/lospoliticosveracruz.com\/#organization","name":"Los pol\u00edticos Veracruz","url":"https:\/\/lospoliticosveracruz.com\/","logo":{"@type":"ImageObject","inLanguage":"es","@id":"https:\/\/lospoliticosveracruz.com\/#\/schema\/logo\/image\/","url":"https:\/\/lospoliticosveracruz.com\/wp-content\/uploads\/2025\/12\/Logo-Nuevo-LOS-POLITICOS-1.jpg","contentUrl":"https:\/\/lospoliticosveracruz.com\/wp-content\/uploads\/2025\/12\/Logo-Nuevo-LOS-POLITICOS-1.jpg","width":260,"height":70,"caption":"Los pol\u00edticos Veracruz"},"image":{"@id":"https:\/\/lospoliticosveracruz.com\/#\/schema\/logo\/image\/"},"sameAs":["https:\/\/www.facebook.com\/people\/Notimemes-de-los-Polticos\/61565672886568\/","https:\/\/x.com\/LosPoliticosVer"]},{"@type":"Person","@id":"https:\/\/lospoliticosveracruz.com\/#\/schema\/person\/b8702bb0e538456e6efd07080bf2a4a2","name":"Lo viste en Los Pol\u00edticos","image":{"@type":"ImageObject","inLanguage":"es","@id":"https:\/\/secure.gravatar.com\/avatar\/3a8de04a2656d44082be478bd6c086daa447c4651605818287b9532d3d0bd435?s=96&d=mm&r=g","url":"https:\/\/secure.gravatar.com\/avatar\/3a8de04a2656d44082be478bd6c086daa447c4651605818287b9532d3d0bd435?s=96&d=mm&r=g","contentUrl":"https:\/\/secure.gravatar.com\/avatar\/3a8de04a2656d44082be478bd6c086daa447c4651605818287b9532d3d0bd435?s=96&d=mm&r=g","caption":"Lo viste en Los Pol\u00edticos"},"url":"https:\/\/lospoliticosveracruz.com\/?author=2"}]}},"_links":{"self":[{"href":"https:\/\/lospoliticosveracruz.com\/index.php?rest_route=\/wp\/v2\/posts\/14778","targetHints":{"allow":["GET"]}}],"collection":[{"href":"https:\/\/lospoliticosveracruz.com\/index.php?rest_route=\/wp\/v2\/posts"}],"about":[{"href":"https:\/\/lospoliticosveracruz.com\/index.php?rest_route=\/wp\/v2\/types\/post"}],"author":[{"embeddable":true,"href":"https:\/\/lospoliticosveracruz.com\/index.php?rest_route=\/wp\/v2\/users\/2"}],"replies":[{"embeddable":true,"href":"https:\/\/lospoliticosveracruz.com\/index.php?rest_route=%2Fwp%2Fv2%2Fcomments&post=14778"}],"version-history":[{"count":2,"href":"https:\/\/lospoliticosveracruz.com\/index.php?rest_route=\/wp\/v2\/posts\/14778\/revisions"}],"predecessor-version":[{"id":14790,"href":"https:\/\/lospoliticosveracruz.com\/index.php?rest_route=\/wp\/v2\/posts\/14778\/revisions\/14790"}],"wp:attachment":[{"href":"https:\/\/lospoliticosveracruz.com\/index.php?rest_route=%2Fwp%2Fv2%2Fmedia&parent=14778"}],"wp:term":[{"taxonomy":"category","embeddable":true,"href":"https:\/\/lospoliticosveracruz.com\/index.php?rest_route=%2Fwp%2Fv2%2Fcategories&post=14778"},{"taxonomy":"post_tag","embeddable":true,"href":"https:\/\/lospoliticosveracruz.com\/index.php?rest_route=%2Fwp%2Fv2%2Ftags&post=14778"}],"curies":[{"name":"wp","href":"https:\/\/api.w.org\/{rel}","templated":true}]}}