{"id":147784,"date":"2025-06-25T12:42:13","date_gmt":"2025-06-25T17:42:13","guid":{"rendered":"https:\/\/lospoliticosveracruz.com.mx\/?p=147784"},"modified":"2025-06-25T12:42:39","modified_gmt":"2025-06-25T17:42:39","slug":"un-patetico-vodevil","status":"publish","type":"post","link":"https:\/\/lospoliticosveracruz.com\/?p=147784","title":{"rendered":"UN PAT\u00c9TICO VODEVIL"},"content":{"rendered":"\n\n\n<p><strong>Bernardo Guti\u00e9rrez Parra<\/strong><\/p>\n\n\n\n<p><em>Desde el Caf\u00e9<br><\/em><br>De Guadalupe Victoria que fue el primer gobernador de Veracruz en 1824 y dur\u00f3 cinco meses en el cargo, a Cuitl\u00e1huac Garc\u00eda, nuestra entidad ha tenido 127 gobernadores (incluyendo a los que repitieron en el cargo como Sebasti\u00e1n Camacho y C\u00e1ndido Aguilar). En sus biograf\u00edas poco o nada se habla de lo que hicieron por la educaci\u00f3n p\u00fablica a excepci\u00f3n de tres: Rafael Murillo Vidal, Rafael Hern\u00e1ndez Ochoa y Patricio Chirinos Calero\u2026 tres de 127.<\/p>\n\n\n\n<p>Veracruz es uno de los estados con los niveles educativos m\u00e1s bajos en un pa\u00eds donde la educaci\u00f3n importa poco, pero redit\u00faa mucho. Si en los sexenios priistas y el bienio panista la SEV se convirti\u00f3 en la caja chica de esos gobiernos, en el de Cuitl\u00e1huac Garc\u00eda la caja chica fue brutalmente saqueada y el presupuesto se convirti\u00f3 en combustible para las campa\u00f1as electorales de Morena.<\/p>\n\n\n\n<p>Uno de los ganones fue su anterior titular Zenyazen Escobar, que gast\u00f3 un incuantificable dineral en promover su imagen porque quer\u00eda ser gobernador. No lleg\u00f3, pero el desfalco ah\u00ed est\u00e1.<\/p>\n\n\n\n<p>La educaci\u00f3n en tiempos de la 4T tambi\u00e9n se ha convertido en pachanga y vodevil. Y para ejemplo el Colegio de Bachilleres de Veracruz (COBAEV) campus Xalapa.<\/p>\n\n\n\n<p>Resulta que el lunes a media noche y sin decir agua va, fue destituida la directora Carla Lizeth Rosas Mora, y el martes por la ma\u00f1ana su lugar fue ocupado por Fidel Ronz\u00f3n Rodr\u00edguez, ex tesorero en el ayuntamiento de Puente Nacional. Ajeno a lo que se le vendr\u00eda encima horas despu\u00e9s, Fidel se tom\u00f3 la foto con los miembros del sindicato del COBAEV encabezados por su lideresa Erika Ayala. (S\u00ed, exacto, aquella a la que Zenyazen le descubri\u00f3 un escuadr\u00f3n de aviadores entre los que se encontraba su hijo menor de edad que recib\u00eda sueldo como maestro).<\/p>\n\n\n\n<p>Esa foto fue su \u00fanico acto como director del COBAEV ya que un rato despu\u00e9s le comunicaron: \u201cCon la pena mi Fide pero te vas a tu casa\u201d \u201c\u00bfC\u00f3mo?\u201d \u201cComo lo oyes mi rey\u201d.<\/p>\n\n\n\n<p>La direcci\u00f3n del Colegio de Bachilleres recay\u00f3 en Patricia Iris Viveros Acosta que alcanz\u00f3 a cenar como directora, pero ya entrada la noche tambi\u00e9n fue cesada.<\/p>\n\n\n\n<p>M\u00e1s adelante trascendi\u00f3 que de all\u00e1 arriba alguien dijo que todo lo anterior hab\u00eda quedado sin efecto.<\/p>\n\n\n\n<p>\u00bfY\u2026? Pues que nadie sabe bien a bien lo que vendr\u00e1 hoy.<\/p>\n\n\n\n<p>Ronz\u00f3n lleg\u00f3 diciendo que el nombramiento se lo hab\u00eda otorgado la gobernadora Roc\u00edo Nahle, mientras que Patricia Iris dijo que a ella la hab\u00eda enviado la secretaria de la SEV, Claudia Tello.<\/p>\n\n\n\n<p>Como puede ser que no se coordinaran, puede que exista un distanciamiento entre ellas. Al final \u201cgan\u00f3\u201d la gobernadora porque el COBAEV es una instituci\u00f3n que no depende de la SEV, pero sigue sin director a pesar de que tuvo dos en menos de seis horas.<\/p>\n\n\n\n<p>Y va todo otra vez para atr\u00e1s.<\/p>\n\n\n\n<p>En el COBAEV se dijo que el cambio en la direcci\u00f3n no se hab\u00eda dado porque Carla Lizeth a\u00fan no terminaba de entregar su oficina, pero trascendi\u00f3 que fue cesada porque la Secretar\u00eda de Finanzas descubri\u00f3 que infl\u00f3 en 17 millones de pesos el presupuesto para un evento que realizar\u00eda el Colegio por dos d\u00edas y fue suspendido. Otra versi\u00f3n dice que su cese fue parte de una purga de Morena porque la madre de Carla, Esmeralda Mora Zamudio, que es alcaldesa de Nanchital, entreg\u00f3 p\u00e9simas cuentas al perder el municipio ante Movimiento Ciudadano.<\/p>\n\n\n\n<p>Sea como sea, lo que sucede en el COBAEV es un reflejo de lo que sucede con la educaci\u00f3n en Veracruz donde lo que importa es el dinero y el poder pol\u00edtico. Lo dem\u00e1s vale gorro.<\/p>\n\n\n\n<p>De ah\u00ed que existan en escuelas en riesgo de venirse abajo por falta de mantenimiento, de ah\u00ed que existan planteles descarapelados que dan la sensaci\u00f3n de abandono, de ah\u00ed la alta tasa de deserci\u00f3n escolar, de ah\u00ed que tiro por viaje los padres de familia bloqueen calles en demanda de maestros para las escuelas de sus hijos.<\/p>\n\n\n\n<p>Zenyazen que est\u00e1 catalogado como uno de los ex secretarios de la SEV m\u00e1s ricos del estado y es se\u00f1alado de ser el principal autor del desfalco en esa dependencia, ah\u00ed anda, protegido por el manto de impunidad y por la inmunidad que le da ser diputado federal.<\/p>\n\n\n\n<p>Erika Ayala, que es un ejemplo vivo del cacicazgo priista de otros tiempos donde la corrupci\u00f3n mandaba, ah\u00ed sigue, inamovible como lideresa de los trabajadores del COBAEV.<\/p>\n\n\n\n<p>\u00bfY la educaci\u00f3n p\u00fablica en Veracruz?<\/p>\n\n\n\n<p>A esa que se la lleve el diablo.<\/p>\n\n\n\n<p>Los primeros 30 a\u00f1os del IVES<\/p>\n\n\n\n<p>El pr\u00f3ximo 1 de septiembre la Universidad IVES (Instituto Veracruzano de Educaci\u00f3n Superior) de Xalapa, cumplir\u00e1 sus primeros 30 a\u00f1os formando profesionistas de excelencia, pero los festejos comenzaron la semana anterior con una conferencia de prensa ofrecida por el rector Carlos Luna G\u00f3mez, en la que dio a conocer la creaci\u00f3n de la c\u00e1tedra \u201cJes\u00fas Reyes Heroles\u201d y el programa de actividades que incluir\u00e1 una conferencia magistral a cargo del escritor, poeta y activista Javier Sicilia.<\/p>\n\n\n\n<p>En la serie de preguntas y respuestas sali\u00f3 a relucir el problema que enfrenta la Universidad Veracruzana con su rector Mart\u00edn Aguilar S\u00e1nchez y Carlos Luna dijo que de eso no hablar\u00eda, pero aprovech\u00f3 la pregunta para homenajear a la UV a la que calific\u00f3 como el alma mater de generaciones de veracruzanos. \u201cLa UV tiene grandes acad\u00e9micos y es un referente en Am\u00e9rica Latina. Como sociedad debemos procurar que cuente con todo lo necesario para seguir brillando\u201d.<\/p>\n\n\n\n<p>Y a rengl\u00f3n seguido agreg\u00f3: \u201cMe gustar\u00eda que en los pr\u00f3ximos meses y a\u00f1os la Universidad Veracruzana se acercara m\u00e1s a la universidad privada para emprender acciones conjuntas. La transformaci\u00f3n de la sociedad no se logra por separado\u201d.<\/p>\n\n\n\n<p>Fuera de la conferencia y cuando le ped\u00ed que ampliara m\u00e1s el tema me dijo: \u201cLa Universidad privada tiene que coadyuvar con la Universidad p\u00fablica, y al hablar de Universidad p\u00fablica no me refiero solamente a la Universidad Veracruzana. Est\u00e1n los Tecnol\u00f3gicos y en Veracruz tenemos la m\u00e1s grande cantidad de ellos, tanto Tecnol\u00f3gicos estatales como nacionales\u201d.<\/p>\n\n\n\n<p>Agreg\u00f3 que en Veracruz existen otros subsistemas que dan cobertura en todo el estado, tanto a los chicos de nivel b\u00e1sico como a los de nivel superior.<\/p>\n\n\n\n<p>\u201cLo que estoy proponiendo son mecanismos de colaboraci\u00f3n entre la educaci\u00f3n p\u00fablica y privada, para generar una pol\u00edtica p\u00fablica en materia de educaci\u00f3n que nos permita dar una mayor cobertura desde los niveles b\u00e1sicos, hasta los m\u00e1s avanzados. Esto es lo que tenemos que realizar\u201d.<\/p>\n\n\n\n<p>La propuesta es excelente lector, ahora s\u00f3lo falta llevarla a la pr\u00e1ctica.<\/p>\n\n\n\n<p>Mientras eso sucede, a t\u00edtulo personal felicito sincera y afectuosamente tanto al doctor Carlos Luna Escudero, fundador y rector em\u00e9rito del IVES, as\u00ed como al actual rector, Carlos Luna G\u00f3mez, que han hecho del Instituto Veracruzano de Educaci\u00f3n Superior, una de las universidades privadas de m\u00e1s prestigio en la entidad.<\/p>\n\n\n\n<p>bernardogup@hotmail.com<\/p>\n","protected":false},"excerpt":{"rendered":"<p>Bernardo Guti\u00e9rrez Parra Desde el Caf\u00e9De Guadalupe Victoria que fue el primer gobernador de Veracruz en 1824 y dur\u00f3 cinco meses en el cargo, a Cuitl\u00e1huac Garc\u00eda, nuestra entidad ha tenido 127 gobernadores (incluyendo a los que repitieron en el cargo como Sebasti\u00e1n Camacho y C\u00e1ndido Aguilar). En sus biograf\u00edas poco o nada se habla [&hellip;]<\/p>\n","protected":false},"author":2,"featured_media":141479,"comment_status":"closed","ping_status":"closed","sticky":false,"template":"","format":"standard","meta":{"tdm_status":"","tdm_grid_status":"","footnotes":""},"categories":[70],"tags":[34206],"class_list":{"0":"post-147784","1":"post","2":"type-post","3":"status-publish","4":"format-standard","5":"has-post-thumbnail","7":"category-de-opinion","8":"tag-bernardo-gutierrez-parra"},"yoast_head":"<!-- This site is optimized with the Yoast SEO plugin v27.4 - https:\/\/yoast.com\/product\/yoast-seo-wordpress\/ -->\n<title>UN PAT\u00c9TICO VODEVIL - Los pol\u00edticos Veracruz<\/title>\n<meta name=\"robots\" content=\"index, follow, max-snippet:-1, max-image-preview:large, max-video-preview:-1\" \/>\n<link rel=\"canonical\" href=\"https:\/\/lospoliticosveracruz.com\/?p=147784\" \/>\n<meta property=\"og:locale\" content=\"es_ES\" \/>\n<meta property=\"og:type\" content=\"article\" \/>\n<meta property=\"og:title\" content=\"UN PAT\u00c9TICO VODEVIL - Los pol\u00edticos Veracruz\" \/>\n<meta property=\"og:description\" content=\"Bernardo Guti\u00e9rrez Parra Desde el Caf\u00e9De Guadalupe Victoria que fue el primer gobernador de Veracruz en 1824 y dur\u00f3 cinco meses en el cargo, a Cuitl\u00e1huac Garc\u00eda, nuestra entidad ha tenido 127 gobernadores (incluyendo a los que repitieron en el cargo como Sebasti\u00e1n Camacho y C\u00e1ndido Aguilar). En sus biograf\u00edas poco o nada se habla [&hellip;]\" \/>\n<meta property=\"og:url\" content=\"https:\/\/lospoliticosveracruz.com\/?p=147784\" \/>\n<meta property=\"og:site_name\" content=\"Los pol\u00edticos Veracruz\" \/>\n<meta property=\"article:publisher\" content=\"https:\/\/www.facebook.com\/people\/Notimemes-de-los-Polticos\/61565672886568\/\" \/>\n<meta property=\"article:published_time\" content=\"2025-06-25T17:42:13+00:00\" \/>\n<meta property=\"article:modified_time\" content=\"2025-06-25T17:42:39+00:00\" \/>\n<meta property=\"og:image\" content=\"https:\/\/lospoliticosveracruz.com\/wp-content\/uploads\/2025\/04\/Bernardo-Gutierrez-Parra.jpg\" \/>\n\t<meta property=\"og:image:width\" content=\"1250\" \/>\n\t<meta property=\"og:image:height\" content=\"667\" \/>\n\t<meta property=\"og:image:type\" content=\"image\/jpeg\" \/>\n<meta name=\"author\" content=\"Lo viste en Los Pol\u00edticos\" \/>\n<meta name=\"twitter:card\" content=\"summary_large_image\" \/>\n<meta name=\"twitter:creator\" content=\"@LosPoliticosVer\" \/>\n<meta name=\"twitter:site\" content=\"@LosPoliticosVer\" \/>\n<meta name=\"twitter:label1\" content=\"Escrito por\" \/>\n\t<meta name=\"twitter:data1\" content=\"Lo viste en Los Pol\u00edticos\" \/>\n\t<meta name=\"twitter:label2\" content=\"Tiempo de lectura\" \/>\n\t<meta name=\"twitter:data2\" content=\"6 minutos\" \/>\n<script type=\"application\/ld+json\" class=\"yoast-schema-graph\">{\"@context\":\"https:\\\/\\\/schema.org\",\"@graph\":[{\"@type\":\"Article\",\"@id\":\"https:\\\/\\\/lospoliticosveracruz.com\\\/?p=147784#article\",\"isPartOf\":{\"@id\":\"https:\\\/\\\/lospoliticosveracruz.com\\\/?p=147784\"},\"author\":{\"name\":\"Lo viste en Los Pol\u00edticos\",\"@id\":\"https:\\\/\\\/lospoliticosveracruz.com\\\/#\\\/schema\\\/person\\\/b8702bb0e538456e6efd07080bf2a4a2\"},\"headline\":\"UN PAT\u00c9TICO VODEVIL\",\"datePublished\":\"2025-06-25T17:42:13+00:00\",\"dateModified\":\"2025-06-25T17:42:39+00:00\",\"mainEntityOfPage\":{\"@id\":\"https:\\\/\\\/lospoliticosveracruz.com\\\/?p=147784\"},\"wordCount\":1241,\"publisher\":{\"@id\":\"https:\\\/\\\/lospoliticosveracruz.com\\\/#organization\"},\"image\":{\"@id\":\"https:\\\/\\\/lospoliticosveracruz.com\\\/?p=147784#primaryimage\"},\"thumbnailUrl\":\"https:\\\/\\\/lospoliticosveracruz.com\\\/wp-content\\\/uploads\\\/2025\\\/04\\\/Bernardo-Gutierrez-Parra.jpg\",\"keywords\":[\"Bernardo Guti\u00e9rrez Parra\"],\"articleSection\":[\"De Opini\u00f3n\"],\"inLanguage\":\"es\"},{\"@type\":\"WebPage\",\"@id\":\"https:\\\/\\\/lospoliticosveracruz.com\\\/?p=147784\",\"url\":\"https:\\\/\\\/lospoliticosveracruz.com\\\/?p=147784\",\"name\":\"UN PAT\u00c9TICO VODEVIL - Los pol\u00edticos Veracruz\",\"isPartOf\":{\"@id\":\"https:\\\/\\\/lospoliticosveracruz.com\\\/#website\"},\"primaryImageOfPage\":{\"@id\":\"https:\\\/\\\/lospoliticosveracruz.com\\\/?p=147784#primaryimage\"},\"image\":{\"@id\":\"https:\\\/\\\/lospoliticosveracruz.com\\\/?p=147784#primaryimage\"},\"thumbnailUrl\":\"https:\\\/\\\/lospoliticosveracruz.com\\\/wp-content\\\/uploads\\\/2025\\\/04\\\/Bernardo-Gutierrez-Parra.jpg\",\"datePublished\":\"2025-06-25T17:42:13+00:00\",\"dateModified\":\"2025-06-25T17:42:39+00:00\",\"breadcrumb\":{\"@id\":\"https:\\\/\\\/lospoliticosveracruz.com\\\/?p=147784#breadcrumb\"},\"inLanguage\":\"es\",\"potentialAction\":[{\"@type\":\"ReadAction\",\"target\":[\"https:\\\/\\\/lospoliticosveracruz.com\\\/?p=147784\"]}]},{\"@type\":\"ImageObject\",\"inLanguage\":\"es\",\"@id\":\"https:\\\/\\\/lospoliticosveracruz.com\\\/?p=147784#primaryimage\",\"url\":\"https:\\\/\\\/lospoliticosveracruz.com\\\/wp-content\\\/uploads\\\/2025\\\/04\\\/Bernardo-Gutierrez-Parra.jpg\",\"contentUrl\":\"https:\\\/\\\/lospoliticosveracruz.com\\\/wp-content\\\/uploads\\\/2025\\\/04\\\/Bernardo-Gutierrez-Parra.jpg\",\"width\":1250,\"height\":667},{\"@type\":\"BreadcrumbList\",\"@id\":\"https:\\\/\\\/lospoliticosveracruz.com\\\/?p=147784#breadcrumb\",\"itemListElement\":[{\"@type\":\"ListItem\",\"position\":1,\"name\":\"Portada\",\"item\":\"https:\\\/\\\/lospoliticosveracruz.com\\\/\"},{\"@type\":\"ListItem\",\"position\":2,\"name\":\"UN PAT\u00c9TICO VODEVIL\"}]},{\"@type\":\"WebSite\",\"@id\":\"https:\\\/\\\/lospoliticosveracruz.com\\\/#website\",\"url\":\"https:\\\/\\\/lospoliticosveracruz.com\\\/\",\"name\":\"Los pol\u00edticos Veracruz\",\"description\":\"\",\"publisher\":{\"@id\":\"https:\\\/\\\/lospoliticosveracruz.com\\\/#organization\"},\"potentialAction\":[{\"@type\":\"SearchAction\",\"target\":{\"@type\":\"EntryPoint\",\"urlTemplate\":\"https:\\\/\\\/lospoliticosveracruz.com\\\/?s={search_term_string}\"},\"query-input\":{\"@type\":\"PropertyValueSpecification\",\"valueRequired\":true,\"valueName\":\"search_term_string\"}}],\"inLanguage\":\"es\"},{\"@type\":\"Organization\",\"@id\":\"https:\\\/\\\/lospoliticosveracruz.com\\\/#organization\",\"name\":\"Los pol\u00edticos Veracruz\",\"url\":\"https:\\\/\\\/lospoliticosveracruz.com\\\/\",\"logo\":{\"@type\":\"ImageObject\",\"inLanguage\":\"es\",\"@id\":\"https:\\\/\\\/lospoliticosveracruz.com\\\/#\\\/schema\\\/logo\\\/image\\\/\",\"url\":\"https:\\\/\\\/lospoliticosveracruz.com\\\/wp-content\\\/uploads\\\/2025\\\/12\\\/Logo-Nuevo-LOS-POLITICOS-1.jpg\",\"contentUrl\":\"https:\\\/\\\/lospoliticosveracruz.com\\\/wp-content\\\/uploads\\\/2025\\\/12\\\/Logo-Nuevo-LOS-POLITICOS-1.jpg\",\"width\":260,\"height\":70,\"caption\":\"Los pol\u00edticos Veracruz\"},\"image\":{\"@id\":\"https:\\\/\\\/lospoliticosveracruz.com\\\/#\\\/schema\\\/logo\\\/image\\\/\"},\"sameAs\":[\"https:\\\/\\\/www.facebook.com\\\/people\\\/Notimemes-de-los-Polticos\\\/61565672886568\\\/\",\"https:\\\/\\\/x.com\\\/LosPoliticosVer\"]},{\"@type\":\"Person\",\"@id\":\"https:\\\/\\\/lospoliticosveracruz.com\\\/#\\\/schema\\\/person\\\/b8702bb0e538456e6efd07080bf2a4a2\",\"name\":\"Lo viste en Los Pol\u00edticos\",\"image\":{\"@type\":\"ImageObject\",\"inLanguage\":\"es\",\"@id\":\"https:\\\/\\\/secure.gravatar.com\\\/avatar\\\/3a8de04a2656d44082be478bd6c086daa447c4651605818287b9532d3d0bd435?s=96&d=mm&r=g\",\"url\":\"https:\\\/\\\/secure.gravatar.com\\\/avatar\\\/3a8de04a2656d44082be478bd6c086daa447c4651605818287b9532d3d0bd435?s=96&d=mm&r=g\",\"contentUrl\":\"https:\\\/\\\/secure.gravatar.com\\\/avatar\\\/3a8de04a2656d44082be478bd6c086daa447c4651605818287b9532d3d0bd435?s=96&d=mm&r=g\",\"caption\":\"Lo viste en Los Pol\u00edticos\"},\"url\":\"https:\\\/\\\/lospoliticosveracruz.com\\\/?author=2\"}]}<\/script>\n<!-- \/ Yoast SEO plugin. -->","yoast_head_json":{"title":"UN PAT\u00c9TICO VODEVIL - Los pol\u00edticos Veracruz","robots":{"index":"index","follow":"follow","max-snippet":"max-snippet:-1","max-image-preview":"max-image-preview:large","max-video-preview":"max-video-preview:-1"},"canonical":"https:\/\/lospoliticosveracruz.com\/?p=147784","og_locale":"es_ES","og_type":"article","og_title":"UN PAT\u00c9TICO VODEVIL - Los pol\u00edticos Veracruz","og_description":"Bernardo Guti\u00e9rrez Parra Desde el Caf\u00e9De Guadalupe Victoria que fue el primer gobernador de Veracruz en 1824 y dur\u00f3 cinco meses en el cargo, a Cuitl\u00e1huac Garc\u00eda, nuestra entidad ha tenido 127 gobernadores (incluyendo a los que repitieron en el cargo como Sebasti\u00e1n Camacho y C\u00e1ndido Aguilar). En sus biograf\u00edas poco o nada se habla [&hellip;]","og_url":"https:\/\/lospoliticosveracruz.com\/?p=147784","og_site_name":"Los pol\u00edticos Veracruz","article_publisher":"https:\/\/www.facebook.com\/people\/Notimemes-de-los-Polticos\/61565672886568\/","article_published_time":"2025-06-25T17:42:13+00:00","article_modified_time":"2025-06-25T17:42:39+00:00","og_image":[{"width":1250,"height":667,"url":"https:\/\/lospoliticosveracruz.com\/wp-content\/uploads\/2025\/04\/Bernardo-Gutierrez-Parra.jpg","type":"image\/jpeg"}],"author":"Lo viste en Los Pol\u00edticos","twitter_card":"summary_large_image","twitter_creator":"@LosPoliticosVer","twitter_site":"@LosPoliticosVer","twitter_misc":{"Escrito por":"Lo viste en Los Pol\u00edticos","Tiempo de lectura":"6 minutos"},"schema":{"@context":"https:\/\/schema.org","@graph":[{"@type":"Article","@id":"https:\/\/lospoliticosveracruz.com\/?p=147784#article","isPartOf":{"@id":"https:\/\/lospoliticosveracruz.com\/?p=147784"},"author":{"name":"Lo viste en Los Pol\u00edticos","@id":"https:\/\/lospoliticosveracruz.com\/#\/schema\/person\/b8702bb0e538456e6efd07080bf2a4a2"},"headline":"UN PAT\u00c9TICO VODEVIL","datePublished":"2025-06-25T17:42:13+00:00","dateModified":"2025-06-25T17:42:39+00:00","mainEntityOfPage":{"@id":"https:\/\/lospoliticosveracruz.com\/?p=147784"},"wordCount":1241,"publisher":{"@id":"https:\/\/lospoliticosveracruz.com\/#organization"},"image":{"@id":"https:\/\/lospoliticosveracruz.com\/?p=147784#primaryimage"},"thumbnailUrl":"https:\/\/lospoliticosveracruz.com\/wp-content\/uploads\/2025\/04\/Bernardo-Gutierrez-Parra.jpg","keywords":["Bernardo Guti\u00e9rrez Parra"],"articleSection":["De Opini\u00f3n"],"inLanguage":"es"},{"@type":"WebPage","@id":"https:\/\/lospoliticosveracruz.com\/?p=147784","url":"https:\/\/lospoliticosveracruz.com\/?p=147784","name":"UN PAT\u00c9TICO VODEVIL - Los pol\u00edticos Veracruz","isPartOf":{"@id":"https:\/\/lospoliticosveracruz.com\/#website"},"primaryImageOfPage":{"@id":"https:\/\/lospoliticosveracruz.com\/?p=147784#primaryimage"},"image":{"@id":"https:\/\/lospoliticosveracruz.com\/?p=147784#primaryimage"},"thumbnailUrl":"https:\/\/lospoliticosveracruz.com\/wp-content\/uploads\/2025\/04\/Bernardo-Gutierrez-Parra.jpg","datePublished":"2025-06-25T17:42:13+00:00","dateModified":"2025-06-25T17:42:39+00:00","breadcrumb":{"@id":"https:\/\/lospoliticosveracruz.com\/?p=147784#breadcrumb"},"inLanguage":"es","potentialAction":[{"@type":"ReadAction","target":["https:\/\/lospoliticosveracruz.com\/?p=147784"]}]},{"@type":"ImageObject","inLanguage":"es","@id":"https:\/\/lospoliticosveracruz.com\/?p=147784#primaryimage","url":"https:\/\/lospoliticosveracruz.com\/wp-content\/uploads\/2025\/04\/Bernardo-Gutierrez-Parra.jpg","contentUrl":"https:\/\/lospoliticosveracruz.com\/wp-content\/uploads\/2025\/04\/Bernardo-Gutierrez-Parra.jpg","width":1250,"height":667},{"@type":"BreadcrumbList","@id":"https:\/\/lospoliticosveracruz.com\/?p=147784#breadcrumb","itemListElement":[{"@type":"ListItem","position":1,"name":"Portada","item":"https:\/\/lospoliticosveracruz.com\/"},{"@type":"ListItem","position":2,"name":"UN PAT\u00c9TICO VODEVIL"}]},{"@type":"WebSite","@id":"https:\/\/lospoliticosveracruz.com\/#website","url":"https:\/\/lospoliticosveracruz.com\/","name":"Los pol\u00edticos Veracruz","description":"","publisher":{"@id":"https:\/\/lospoliticosveracruz.com\/#organization"},"potentialAction":[{"@type":"SearchAction","target":{"@type":"EntryPoint","urlTemplate":"https:\/\/lospoliticosveracruz.com\/?s={search_term_string}"},"query-input":{"@type":"PropertyValueSpecification","valueRequired":true,"valueName":"search_term_string"}}],"inLanguage":"es"},{"@type":"Organization","@id":"https:\/\/lospoliticosveracruz.com\/#organization","name":"Los pol\u00edticos Veracruz","url":"https:\/\/lospoliticosveracruz.com\/","logo":{"@type":"ImageObject","inLanguage":"es","@id":"https:\/\/lospoliticosveracruz.com\/#\/schema\/logo\/image\/","url":"https:\/\/lospoliticosveracruz.com\/wp-content\/uploads\/2025\/12\/Logo-Nuevo-LOS-POLITICOS-1.jpg","contentUrl":"https:\/\/lospoliticosveracruz.com\/wp-content\/uploads\/2025\/12\/Logo-Nuevo-LOS-POLITICOS-1.jpg","width":260,"height":70,"caption":"Los pol\u00edticos Veracruz"},"image":{"@id":"https:\/\/lospoliticosveracruz.com\/#\/schema\/logo\/image\/"},"sameAs":["https:\/\/www.facebook.com\/people\/Notimemes-de-los-Polticos\/61565672886568\/","https:\/\/x.com\/LosPoliticosVer"]},{"@type":"Person","@id":"https:\/\/lospoliticosveracruz.com\/#\/schema\/person\/b8702bb0e538456e6efd07080bf2a4a2","name":"Lo viste en Los Pol\u00edticos","image":{"@type":"ImageObject","inLanguage":"es","@id":"https:\/\/secure.gravatar.com\/avatar\/3a8de04a2656d44082be478bd6c086daa447c4651605818287b9532d3d0bd435?s=96&d=mm&r=g","url":"https:\/\/secure.gravatar.com\/avatar\/3a8de04a2656d44082be478bd6c086daa447c4651605818287b9532d3d0bd435?s=96&d=mm&r=g","contentUrl":"https:\/\/secure.gravatar.com\/avatar\/3a8de04a2656d44082be478bd6c086daa447c4651605818287b9532d3d0bd435?s=96&d=mm&r=g","caption":"Lo viste en Los Pol\u00edticos"},"url":"https:\/\/lospoliticosveracruz.com\/?author=2"}]}},"_links":{"self":[{"href":"https:\/\/lospoliticosveracruz.com\/index.php?rest_route=\/wp\/v2\/posts\/147784","targetHints":{"allow":["GET"]}}],"collection":[{"href":"https:\/\/lospoliticosveracruz.com\/index.php?rest_route=\/wp\/v2\/posts"}],"about":[{"href":"https:\/\/lospoliticosveracruz.com\/index.php?rest_route=\/wp\/v2\/types\/post"}],"author":[{"embeddable":true,"href":"https:\/\/lospoliticosveracruz.com\/index.php?rest_route=\/wp\/v2\/users\/2"}],"replies":[{"embeddable":true,"href":"https:\/\/lospoliticosveracruz.com\/index.php?rest_route=%2Fwp%2Fv2%2Fcomments&post=147784"}],"version-history":[{"count":1,"href":"https:\/\/lospoliticosveracruz.com\/index.php?rest_route=\/wp\/v2\/posts\/147784\/revisions"}],"predecessor-version":[{"id":147787,"href":"https:\/\/lospoliticosveracruz.com\/index.php?rest_route=\/wp\/v2\/posts\/147784\/revisions\/147787"}],"wp:featuredmedia":[{"embeddable":true,"href":"https:\/\/lospoliticosveracruz.com\/index.php?rest_route=\/wp\/v2\/media\/141479"}],"wp:attachment":[{"href":"https:\/\/lospoliticosveracruz.com\/index.php?rest_route=%2Fwp%2Fv2%2Fmedia&parent=147784"}],"wp:term":[{"taxonomy":"category","embeddable":true,"href":"https:\/\/lospoliticosveracruz.com\/index.php?rest_route=%2Fwp%2Fv2%2Fcategories&post=147784"},{"taxonomy":"post_tag","embeddable":true,"href":"https:\/\/lospoliticosveracruz.com\/index.php?rest_route=%2Fwp%2Fv2%2Ftags&post=147784"}],"curies":[{"name":"wp","href":"https:\/\/api.w.org\/{rel}","templated":true}]}}