{"id":147790,"date":"2025-06-25T12:53:17","date_gmt":"2025-06-25T17:53:17","guid":{"rendered":"https:\/\/lospoliticosveracruz.com.mx\/?p=147790"},"modified":"2025-06-25T12:53:37","modified_gmt":"2025-06-25T17:53:37","slug":"la-uv-no-merece-una-reeleccion-a-modo","status":"publish","type":"post","link":"https:\/\/lospoliticosveracruz.com\/?p=147790","title":{"rendered":"LA UV NO MERECE UNA REELECCI\u00d3N A MODO!"},"content":{"rendered":"\n<p><strong>Maribel Ram\u00edrez Topete&nbsp;<\/strong><\/p>\n\n\n\n<p>Voy a escribir como egresada de la Universidad Veracruzana, la cual no es solo una instituci\u00f3n educativa: es un s\u00edmbolo de identidad, esfuerzo colectivo, pensamiento cr\u00edtico y compromiso social para quienes hemos tenido el privilegio de formarnos en sus aulas. Por ello, los acontecimientos recientes en torno a la posible reelecci\u00f3n del actual rector, Mart\u00edn Aguilar S\u00e1nchez, no pueden pasar desapercibidos ni ser tratados como un simple tr\u00e1mite administrativo. Se trata de una decisi\u00f3n que pone en juego la legalidad, la autonom\u00eda universitaria y la confianza de toda la comunidad veracruzana.<\/p>\n\n\n\n<p>La Ley Org\u00e1nica de la Universidad establece con claridad un requisito para ser rector: no haber cumplido 65 a\u00f1os al iniciar el nuevo periodo. Mart\u00edn Aguilar tiene 68. En cualquier estado de derecho, esa condici\u00f3n bastar\u00eda para impedir su reelecci\u00f3n. Sin embargo, con argumentos que parecen m\u00e1s construidos a conveniencia que con sustento legal, se ha planteado que ese requisito fue \u201celiminado\u201d desde 2019 con base en tratados internacionales sobre no discriminaci\u00f3n por edad. Pero una cosa es combatir la discriminaci\u00f3n, y otra muy distinta forzar una interpretaci\u00f3n jur\u00eddica para beneficiar a una persona en particular.<\/p>\n\n\n\n<p>Hoy, la Junta de Gobierno de la UV y el propio Consejo Universitario est\u00e1n ante una disyuntiva hist\u00f3rica: actuar con coherencia institucional o convertirse en c\u00f3mplices de un proceso opaco y cuestionado. Y es que no solo se trata del requisito de edad: tambi\u00e9n hay serias cr\u00edticas sobre la falta de transparencia, la manipulaci\u00f3n de tiempos y la ausencia de di\u00e1logo con la comunidad universitaria. Tan es as\u00ed que m\u00e1s de 80 acad\u00e9micos, as\u00ed como los exrectores Sara Ladr\u00f3n de Guevara, Ra\u00fal Arias Lovillo y V\u00edctor Arredondo, han manifestado p\u00fablicamente su preocupaci\u00f3n por lo que ya califican como un \u201calbazo\u201d.<\/p>\n\n\n\n<p>Hace unos d\u00edas, estudiantes, docentes y personal administrativo marcharon para exigir respeto a la legalidad. Lo hicieron con dignidad y con la esperanza de que su voz fuera escuchada. Es in\u00e9dito, y profundamente simb\u00f3lico, que un rector en funciones enfrente una movilizaci\u00f3n de esta magnitud. Eso habla de un profundo descontento, y tambi\u00e9n de la fortaleza moral de nuestra comunidad universitaria.<\/p>\n\n\n\n<p>Como egresada, como ciudadana y como mujer comprometida con el futuro de Veracruz, me duele ver c\u00f3mo se pone en riesgo la autonom\u00eda de una instituci\u00f3n que ha sido ejemplo de pensamiento libre. La alternancia es saludable. Renueva ideas, evita el estancamiento y previene la concentraci\u00f3n de poder. No se puede permitir que se normalicen las reelecciones disfrazadas de \u201ccontinuidad\u201d, sobre todo cuando contradicen la ley y el sentir de la mayor\u00eda.<\/p>\n\n\n\n<p>No podemos permitir que la Universidad Veracruzana sea reh\u00e9n de intereses personales o pol\u00edticos. La UV merece respeto, merece legalidad, merece rumbo. Hoy m\u00e1s que nunca, la comunidad universitaria y la sociedad veracruzana debemos alzar la voz. Porque cuando se pierde la legalidad en una universidad p\u00fablica, lo que sigue es la p\u00e9rdida del pensamiento cr\u00edtico, de la autonom\u00eda y, finalmente, de la libertad.<\/p>\n","protected":false},"excerpt":{"rendered":"<p>Maribel Ram\u00edrez Topete&nbsp; Voy a escribir como egresada de la Universidad Veracruzana, la cual no es solo una instituci\u00f3n educativa: es un s\u00edmbolo de identidad, esfuerzo colectivo, pensamiento cr\u00edtico y compromiso social para quienes hemos tenido el privilegio de formarnos en sus aulas. Por ello, los acontecimientos recientes en torno a la posible reelecci\u00f3n del [&hellip;]<\/p>\n","protected":false},"author":2,"featured_media":141402,"comment_status":"closed","ping_status":"closed","sticky":false,"template":"","format":"standard","meta":{"tdm_status":"","tdm_grid_status":"","footnotes":""},"categories":[70],"tags":[],"class_list":{"0":"post-147790","1":"post","2":"type-post","3":"status-publish","4":"format-standard","5":"has-post-thumbnail","7":"category-de-opinion"},"yoast_head":"<!-- This site is optimized with the Yoast SEO plugin v27.4 - https:\/\/yoast.com\/product\/yoast-seo-wordpress\/ -->\n<title>LA UV NO MERECE UNA REELECCI\u00d3N A MODO! - Los pol\u00edticos Veracruz<\/title>\n<meta name=\"robots\" content=\"index, follow, max-snippet:-1, max-image-preview:large, max-video-preview:-1\" \/>\n<link rel=\"canonical\" href=\"https:\/\/lospoliticosveracruz.com\/?p=147790\" \/>\n<meta property=\"og:locale\" content=\"es_ES\" \/>\n<meta property=\"og:type\" content=\"article\" \/>\n<meta property=\"og:title\" content=\"LA UV NO MERECE UNA REELECCI\u00d3N A MODO! - Los pol\u00edticos Veracruz\" \/>\n<meta property=\"og:description\" content=\"Maribel Ram\u00edrez Topete&nbsp; Voy a escribir como egresada de la Universidad Veracruzana, la cual no es solo una instituci\u00f3n educativa: es un s\u00edmbolo de identidad, esfuerzo colectivo, pensamiento cr\u00edtico y compromiso social para quienes hemos tenido el privilegio de formarnos en sus aulas. Por ello, los acontecimientos recientes en torno a la posible reelecci\u00f3n del [&hellip;]\" \/>\n<meta property=\"og:url\" content=\"https:\/\/lospoliticosveracruz.com\/?p=147790\" \/>\n<meta property=\"og:site_name\" content=\"Los pol\u00edticos Veracruz\" \/>\n<meta property=\"article:publisher\" content=\"https:\/\/www.facebook.com\/people\/Notimemes-de-los-Polticos\/61565672886568\/\" \/>\n<meta property=\"article:published_time\" content=\"2025-06-25T17:53:17+00:00\" \/>\n<meta property=\"article:modified_time\" content=\"2025-06-25T17:53:37+00:00\" \/>\n<meta property=\"og:image\" content=\"https:\/\/lospoliticosveracruz.com\/wp-content\/uploads\/2025\/04\/Maribel-Ramirez-Topete.jpg\" \/>\n\t<meta property=\"og:image:width\" content=\"1250\" \/>\n\t<meta property=\"og:image:height\" content=\"667\" \/>\n\t<meta property=\"og:image:type\" content=\"image\/jpeg\" \/>\n<meta name=\"author\" content=\"Lo viste en Los Pol\u00edticos\" \/>\n<meta name=\"twitter:card\" content=\"summary_large_image\" \/>\n<meta name=\"twitter:creator\" content=\"@LosPoliticosVer\" \/>\n<meta name=\"twitter:site\" content=\"@LosPoliticosVer\" \/>\n<meta name=\"twitter:label1\" content=\"Escrito por\" \/>\n\t<meta name=\"twitter:data1\" content=\"Lo viste en Los Pol\u00edticos\" \/>\n\t<meta name=\"twitter:label2\" content=\"Tiempo de lectura\" \/>\n\t<meta name=\"twitter:data2\" content=\"3 minutos\" \/>\n<script type=\"application\/ld+json\" class=\"yoast-schema-graph\">{\"@context\":\"https:\\\/\\\/schema.org\",\"@graph\":[{\"@type\":\"Article\",\"@id\":\"https:\\\/\\\/lospoliticosveracruz.com\\\/?p=147790#article\",\"isPartOf\":{\"@id\":\"https:\\\/\\\/lospoliticosveracruz.com\\\/?p=147790\"},\"author\":{\"name\":\"Lo viste en Los Pol\u00edticos\",\"@id\":\"https:\\\/\\\/lospoliticosveracruz.com\\\/#\\\/schema\\\/person\\\/b8702bb0e538456e6efd07080bf2a4a2\"},\"headline\":\"LA UV NO MERECE UNA REELECCI\u00d3N A MODO!\",\"datePublished\":\"2025-06-25T17:53:17+00:00\",\"dateModified\":\"2025-06-25T17:53:37+00:00\",\"mainEntityOfPage\":{\"@id\":\"https:\\\/\\\/lospoliticosveracruz.com\\\/?p=147790\"},\"wordCount\":545,\"publisher\":{\"@id\":\"https:\\\/\\\/lospoliticosveracruz.com\\\/#organization\"},\"image\":{\"@id\":\"https:\\\/\\\/lospoliticosveracruz.com\\\/?p=147790#primaryimage\"},\"thumbnailUrl\":\"https:\\\/\\\/lospoliticosveracruz.com\\\/wp-content\\\/uploads\\\/2025\\\/04\\\/Maribel-Ramirez-Topete.jpg\",\"articleSection\":[\"De Opini\u00f3n\"],\"inLanguage\":\"es\"},{\"@type\":\"WebPage\",\"@id\":\"https:\\\/\\\/lospoliticosveracruz.com\\\/?p=147790\",\"url\":\"https:\\\/\\\/lospoliticosveracruz.com\\\/?p=147790\",\"name\":\"LA UV NO MERECE UNA REELECCI\u00d3N A MODO! - Los pol\u00edticos Veracruz\",\"isPartOf\":{\"@id\":\"https:\\\/\\\/lospoliticosveracruz.com\\\/#website\"},\"primaryImageOfPage\":{\"@id\":\"https:\\\/\\\/lospoliticosveracruz.com\\\/?p=147790#primaryimage\"},\"image\":{\"@id\":\"https:\\\/\\\/lospoliticosveracruz.com\\\/?p=147790#primaryimage\"},\"thumbnailUrl\":\"https:\\\/\\\/lospoliticosveracruz.com\\\/wp-content\\\/uploads\\\/2025\\\/04\\\/Maribel-Ramirez-Topete.jpg\",\"datePublished\":\"2025-06-25T17:53:17+00:00\",\"dateModified\":\"2025-06-25T17:53:37+00:00\",\"breadcrumb\":{\"@id\":\"https:\\\/\\\/lospoliticosveracruz.com\\\/?p=147790#breadcrumb\"},\"inLanguage\":\"es\",\"potentialAction\":[{\"@type\":\"ReadAction\",\"target\":[\"https:\\\/\\\/lospoliticosveracruz.com\\\/?p=147790\"]}]},{\"@type\":\"ImageObject\",\"inLanguage\":\"es\",\"@id\":\"https:\\\/\\\/lospoliticosveracruz.com\\\/?p=147790#primaryimage\",\"url\":\"https:\\\/\\\/lospoliticosveracruz.com\\\/wp-content\\\/uploads\\\/2025\\\/04\\\/Maribel-Ramirez-Topete.jpg\",\"contentUrl\":\"https:\\\/\\\/lospoliticosveracruz.com\\\/wp-content\\\/uploads\\\/2025\\\/04\\\/Maribel-Ramirez-Topete.jpg\",\"width\":1250,\"height\":667},{\"@type\":\"BreadcrumbList\",\"@id\":\"https:\\\/\\\/lospoliticosveracruz.com\\\/?p=147790#breadcrumb\",\"itemListElement\":[{\"@type\":\"ListItem\",\"position\":1,\"name\":\"Portada\",\"item\":\"https:\\\/\\\/lospoliticosveracruz.com\\\/\"},{\"@type\":\"ListItem\",\"position\":2,\"name\":\"LA UV NO MERECE UNA REELECCI\u00d3N A MODO!\"}]},{\"@type\":\"WebSite\",\"@id\":\"https:\\\/\\\/lospoliticosveracruz.com\\\/#website\",\"url\":\"https:\\\/\\\/lospoliticosveracruz.com\\\/\",\"name\":\"Los pol\u00edticos Veracruz\",\"description\":\"\",\"publisher\":{\"@id\":\"https:\\\/\\\/lospoliticosveracruz.com\\\/#organization\"},\"potentialAction\":[{\"@type\":\"SearchAction\",\"target\":{\"@type\":\"EntryPoint\",\"urlTemplate\":\"https:\\\/\\\/lospoliticosveracruz.com\\\/?s={search_term_string}\"},\"query-input\":{\"@type\":\"PropertyValueSpecification\",\"valueRequired\":true,\"valueName\":\"search_term_string\"}}],\"inLanguage\":\"es\"},{\"@type\":\"Organization\",\"@id\":\"https:\\\/\\\/lospoliticosveracruz.com\\\/#organization\",\"name\":\"Los pol\u00edticos Veracruz\",\"url\":\"https:\\\/\\\/lospoliticosveracruz.com\\\/\",\"logo\":{\"@type\":\"ImageObject\",\"inLanguage\":\"es\",\"@id\":\"https:\\\/\\\/lospoliticosveracruz.com\\\/#\\\/schema\\\/logo\\\/image\\\/\",\"url\":\"https:\\\/\\\/lospoliticosveracruz.com\\\/wp-content\\\/uploads\\\/2025\\\/12\\\/Logo-Nuevo-LOS-POLITICOS-1.jpg\",\"contentUrl\":\"https:\\\/\\\/lospoliticosveracruz.com\\\/wp-content\\\/uploads\\\/2025\\\/12\\\/Logo-Nuevo-LOS-POLITICOS-1.jpg\",\"width\":260,\"height\":70,\"caption\":\"Los pol\u00edticos Veracruz\"},\"image\":{\"@id\":\"https:\\\/\\\/lospoliticosveracruz.com\\\/#\\\/schema\\\/logo\\\/image\\\/\"},\"sameAs\":[\"https:\\\/\\\/www.facebook.com\\\/people\\\/Notimemes-de-los-Polticos\\\/61565672886568\\\/\",\"https:\\\/\\\/x.com\\\/LosPoliticosVer\"]},{\"@type\":\"Person\",\"@id\":\"https:\\\/\\\/lospoliticosveracruz.com\\\/#\\\/schema\\\/person\\\/b8702bb0e538456e6efd07080bf2a4a2\",\"name\":\"Lo viste en Los Pol\u00edticos\",\"image\":{\"@type\":\"ImageObject\",\"inLanguage\":\"es\",\"@id\":\"https:\\\/\\\/secure.gravatar.com\\\/avatar\\\/3a8de04a2656d44082be478bd6c086daa447c4651605818287b9532d3d0bd435?s=96&d=mm&r=g\",\"url\":\"https:\\\/\\\/secure.gravatar.com\\\/avatar\\\/3a8de04a2656d44082be478bd6c086daa447c4651605818287b9532d3d0bd435?s=96&d=mm&r=g\",\"contentUrl\":\"https:\\\/\\\/secure.gravatar.com\\\/avatar\\\/3a8de04a2656d44082be478bd6c086daa447c4651605818287b9532d3d0bd435?s=96&d=mm&r=g\",\"caption\":\"Lo viste en Los Pol\u00edticos\"},\"url\":\"https:\\\/\\\/lospoliticosveracruz.com\\\/?author=2\"}]}<\/script>\n<!-- \/ Yoast SEO plugin. -->","yoast_head_json":{"title":"LA UV NO MERECE UNA REELECCI\u00d3N A MODO! - Los pol\u00edticos Veracruz","robots":{"index":"index","follow":"follow","max-snippet":"max-snippet:-1","max-image-preview":"max-image-preview:large","max-video-preview":"max-video-preview:-1"},"canonical":"https:\/\/lospoliticosveracruz.com\/?p=147790","og_locale":"es_ES","og_type":"article","og_title":"LA UV NO MERECE UNA REELECCI\u00d3N A MODO! - Los pol\u00edticos Veracruz","og_description":"Maribel Ram\u00edrez Topete&nbsp; Voy a escribir como egresada de la Universidad Veracruzana, la cual no es solo una instituci\u00f3n educativa: es un s\u00edmbolo de identidad, esfuerzo colectivo, pensamiento cr\u00edtico y compromiso social para quienes hemos tenido el privilegio de formarnos en sus aulas. Por ello, los acontecimientos recientes en torno a la posible reelecci\u00f3n del [&hellip;]","og_url":"https:\/\/lospoliticosveracruz.com\/?p=147790","og_site_name":"Los pol\u00edticos Veracruz","article_publisher":"https:\/\/www.facebook.com\/people\/Notimemes-de-los-Polticos\/61565672886568\/","article_published_time":"2025-06-25T17:53:17+00:00","article_modified_time":"2025-06-25T17:53:37+00:00","og_image":[{"width":1250,"height":667,"url":"https:\/\/lospoliticosveracruz.com\/wp-content\/uploads\/2025\/04\/Maribel-Ramirez-Topete.jpg","type":"image\/jpeg"}],"author":"Lo viste en Los Pol\u00edticos","twitter_card":"summary_large_image","twitter_creator":"@LosPoliticosVer","twitter_site":"@LosPoliticosVer","twitter_misc":{"Escrito por":"Lo viste en Los Pol\u00edticos","Tiempo de lectura":"3 minutos"},"schema":{"@context":"https:\/\/schema.org","@graph":[{"@type":"Article","@id":"https:\/\/lospoliticosveracruz.com\/?p=147790#article","isPartOf":{"@id":"https:\/\/lospoliticosveracruz.com\/?p=147790"},"author":{"name":"Lo viste en Los Pol\u00edticos","@id":"https:\/\/lospoliticosveracruz.com\/#\/schema\/person\/b8702bb0e538456e6efd07080bf2a4a2"},"headline":"LA UV NO MERECE UNA REELECCI\u00d3N A MODO!","datePublished":"2025-06-25T17:53:17+00:00","dateModified":"2025-06-25T17:53:37+00:00","mainEntityOfPage":{"@id":"https:\/\/lospoliticosveracruz.com\/?p=147790"},"wordCount":545,"publisher":{"@id":"https:\/\/lospoliticosveracruz.com\/#organization"},"image":{"@id":"https:\/\/lospoliticosveracruz.com\/?p=147790#primaryimage"},"thumbnailUrl":"https:\/\/lospoliticosveracruz.com\/wp-content\/uploads\/2025\/04\/Maribel-Ramirez-Topete.jpg","articleSection":["De Opini\u00f3n"],"inLanguage":"es"},{"@type":"WebPage","@id":"https:\/\/lospoliticosveracruz.com\/?p=147790","url":"https:\/\/lospoliticosveracruz.com\/?p=147790","name":"LA UV NO MERECE UNA REELECCI\u00d3N A MODO! - Los pol\u00edticos Veracruz","isPartOf":{"@id":"https:\/\/lospoliticosveracruz.com\/#website"},"primaryImageOfPage":{"@id":"https:\/\/lospoliticosveracruz.com\/?p=147790#primaryimage"},"image":{"@id":"https:\/\/lospoliticosveracruz.com\/?p=147790#primaryimage"},"thumbnailUrl":"https:\/\/lospoliticosveracruz.com\/wp-content\/uploads\/2025\/04\/Maribel-Ramirez-Topete.jpg","datePublished":"2025-06-25T17:53:17+00:00","dateModified":"2025-06-25T17:53:37+00:00","breadcrumb":{"@id":"https:\/\/lospoliticosveracruz.com\/?p=147790#breadcrumb"},"inLanguage":"es","potentialAction":[{"@type":"ReadAction","target":["https:\/\/lospoliticosveracruz.com\/?p=147790"]}]},{"@type":"ImageObject","inLanguage":"es","@id":"https:\/\/lospoliticosveracruz.com\/?p=147790#primaryimage","url":"https:\/\/lospoliticosveracruz.com\/wp-content\/uploads\/2025\/04\/Maribel-Ramirez-Topete.jpg","contentUrl":"https:\/\/lospoliticosveracruz.com\/wp-content\/uploads\/2025\/04\/Maribel-Ramirez-Topete.jpg","width":1250,"height":667},{"@type":"BreadcrumbList","@id":"https:\/\/lospoliticosveracruz.com\/?p=147790#breadcrumb","itemListElement":[{"@type":"ListItem","position":1,"name":"Portada","item":"https:\/\/lospoliticosveracruz.com\/"},{"@type":"ListItem","position":2,"name":"LA UV NO MERECE UNA REELECCI\u00d3N A MODO!"}]},{"@type":"WebSite","@id":"https:\/\/lospoliticosveracruz.com\/#website","url":"https:\/\/lospoliticosveracruz.com\/","name":"Los pol\u00edticos Veracruz","description":"","publisher":{"@id":"https:\/\/lospoliticosveracruz.com\/#organization"},"potentialAction":[{"@type":"SearchAction","target":{"@type":"EntryPoint","urlTemplate":"https:\/\/lospoliticosveracruz.com\/?s={search_term_string}"},"query-input":{"@type":"PropertyValueSpecification","valueRequired":true,"valueName":"search_term_string"}}],"inLanguage":"es"},{"@type":"Organization","@id":"https:\/\/lospoliticosveracruz.com\/#organization","name":"Los pol\u00edticos Veracruz","url":"https:\/\/lospoliticosveracruz.com\/","logo":{"@type":"ImageObject","inLanguage":"es","@id":"https:\/\/lospoliticosveracruz.com\/#\/schema\/logo\/image\/","url":"https:\/\/lospoliticosveracruz.com\/wp-content\/uploads\/2025\/12\/Logo-Nuevo-LOS-POLITICOS-1.jpg","contentUrl":"https:\/\/lospoliticosveracruz.com\/wp-content\/uploads\/2025\/12\/Logo-Nuevo-LOS-POLITICOS-1.jpg","width":260,"height":70,"caption":"Los pol\u00edticos Veracruz"},"image":{"@id":"https:\/\/lospoliticosveracruz.com\/#\/schema\/logo\/image\/"},"sameAs":["https:\/\/www.facebook.com\/people\/Notimemes-de-los-Polticos\/61565672886568\/","https:\/\/x.com\/LosPoliticosVer"]},{"@type":"Person","@id":"https:\/\/lospoliticosveracruz.com\/#\/schema\/person\/b8702bb0e538456e6efd07080bf2a4a2","name":"Lo viste en Los Pol\u00edticos","image":{"@type":"ImageObject","inLanguage":"es","@id":"https:\/\/secure.gravatar.com\/avatar\/3a8de04a2656d44082be478bd6c086daa447c4651605818287b9532d3d0bd435?s=96&d=mm&r=g","url":"https:\/\/secure.gravatar.com\/avatar\/3a8de04a2656d44082be478bd6c086daa447c4651605818287b9532d3d0bd435?s=96&d=mm&r=g","contentUrl":"https:\/\/secure.gravatar.com\/avatar\/3a8de04a2656d44082be478bd6c086daa447c4651605818287b9532d3d0bd435?s=96&d=mm&r=g","caption":"Lo viste en Los Pol\u00edticos"},"url":"https:\/\/lospoliticosveracruz.com\/?author=2"}]}},"_links":{"self":[{"href":"https:\/\/lospoliticosveracruz.com\/index.php?rest_route=\/wp\/v2\/posts\/147790","targetHints":{"allow":["GET"]}}],"collection":[{"href":"https:\/\/lospoliticosveracruz.com\/index.php?rest_route=\/wp\/v2\/posts"}],"about":[{"href":"https:\/\/lospoliticosveracruz.com\/index.php?rest_route=\/wp\/v2\/types\/post"}],"author":[{"embeddable":true,"href":"https:\/\/lospoliticosveracruz.com\/index.php?rest_route=\/wp\/v2\/users\/2"}],"replies":[{"embeddable":true,"href":"https:\/\/lospoliticosveracruz.com\/index.php?rest_route=%2Fwp%2Fv2%2Fcomments&post=147790"}],"version-history":[{"count":1,"href":"https:\/\/lospoliticosveracruz.com\/index.php?rest_route=\/wp\/v2\/posts\/147790\/revisions"}],"predecessor-version":[{"id":147791,"href":"https:\/\/lospoliticosveracruz.com\/index.php?rest_route=\/wp\/v2\/posts\/147790\/revisions\/147791"}],"wp:featuredmedia":[{"embeddable":true,"href":"https:\/\/lospoliticosveracruz.com\/index.php?rest_route=\/wp\/v2\/media\/141402"}],"wp:attachment":[{"href":"https:\/\/lospoliticosveracruz.com\/index.php?rest_route=%2Fwp%2Fv2%2Fmedia&parent=147790"}],"wp:term":[{"taxonomy":"category","embeddable":true,"href":"https:\/\/lospoliticosveracruz.com\/index.php?rest_route=%2Fwp%2Fv2%2Fcategories&post=147790"},{"taxonomy":"post_tag","embeddable":true,"href":"https:\/\/lospoliticosveracruz.com\/index.php?rest_route=%2Fwp%2Fv2%2Ftags&post=147790"}],"curies":[{"name":"wp","href":"https:\/\/api.w.org\/{rel}","templated":true}]}}