{"id":147795,"date":"2025-06-25T15:19:27","date_gmt":"2025-06-25T20:19:27","guid":{"rendered":"https:\/\/lospoliticosveracruz.com.mx\/?p=147795"},"modified":"2025-06-25T15:19:44","modified_gmt":"2025-06-25T20:19:44","slug":"morena-hace-lo-suyo-y-la-oposicion","status":"publish","type":"post","link":"https:\/\/lospoliticosveracruz.com\/?p=147795","title":{"rendered":"MORENA HACE LO SUYO \u00bfY LA OPOSICI\u00d3N?"},"content":{"rendered":"\n<p><\/p>\n\n\n\n<p><strong>Vicente Luna Hern\u00e1ndez<\/strong><\/p>\n\n\n\n<p>A\u00fan se recuerda la frase con la cual se etiquetaba a AMLO durante su campa\u00f1a en el 2006, esa frase buscaba desalentar a sus simpatizantes, la frase de \u201cun peligro para M\u00e9xico\u201d retumbaba en todos los medios de comunicaci\u00f3n, sin embargo, todos sabemos el desenlace de esa historia, con todo y la frase el candidato de la izquierda estuvo muy cerca de ganar la presidencia de la rep\u00fablica.<\/p>\n\n\n\n<p>Bajo las siglas de PRD y con el acompa\u00f1amiento de Convergencia hoy MC y del PT, compiti\u00f3 en el 2012 y se volvi\u00f3 a quedar en la orilla, sin embargo, las mayores bancadas en el Congreso de la Uni\u00f3n que tuvo la llamada izquierda en M\u00e9xico, &#8211; hasta ese momento -, fue con la candidatura de AMLO, lo cierto es que los dirigentes partidistas nacionales se quedaron con el dinero y el ex candidato presidencial se qued\u00f3 con las estructuras territoriales que durante muchos a\u00f1os fueron la base social del PRD y con esa importante estructura humana naci\u00f3 MORENA, estaba claro que las siglas de los partidos ten\u00edan due\u00f1os pero las bases sociales\u2026no.<\/p>\n\n\n\n<p>La realidad es que AMLO ten\u00eda un discurso muy bien estructurado, un discurso no para las elites empresariales ni pol\u00edticas, ni para los organismos econ\u00f3micos que inundan de cifras y datos incomprensibles a la mayor\u00eda del pueblo, siempre le ha hablado a los de abajo, a los desempleados, a los campesinos, a los obreros, a los j\u00f3venes sin oportunidades, al pueblo bueno y sabio, &#8211; mismo que pueblo que algunas veces ha demostrado no ser tan bueno ni tan sabio \u2013 pero un discurso donde dec\u00eda lo que en las plazas p\u00fablicas quer\u00edan escuchar.<\/p>\n\n\n\n<p>La base de su discurso fue acusar \u2013 con pruebas o sin ellas \u2013 a los partidos que hab\u00edan llegado a los Pinos \u2013 PRI y PAN \u2013 sin embargo, no tuvo ning\u00fan reparo en llenarse de l\u00edderes sociales, ex militantes y ex funcionarios p\u00fablicos\u2026del PRI y del PAN, y as\u00ed naci\u00f3 la nueva familia revolucionaria.<\/p>\n\n\n\n<p>Morena gano sus primeros esca\u00f1os en el Congreso de la Uni\u00f3n en el 2015 y el gobierno federal le sigui\u00f3 dando motivos suficientes a AMLO para seguir gritando en las plaza p\u00fablicas la corrupci\u00f3n que lastimaba a M\u00e9xico, los sinverg\u00fcenzas que ocupaban un cargo de elecci\u00f3n popular que robaban el erario p\u00fablico, solo se llenaban los bolsillos y no pensaban en el pueblo, a ese pueblo le hablo el l\u00edder social del nuevo partido pol\u00edtico, mientras entraban gobernadores y ex gobernadores \u2013 del PRI y del PAN \u2013 a la c\u00e1rcel o eran sujetos a un proceso penal, entraban a las filas de morena ex priistas y ex panistas\u2026\u00a1 qu\u00e9 bonita familia !<\/p>\n\n\n\n<p>Quien se preparaba para de nuevo \u2013 por tercera vez \u2013 buscar la presidencia de la rep\u00fablica en el 2018, quien presum\u00eda que la corrupci\u00f3n oficial se acabar\u00eda con su llegada, quien prometi\u00f3 darle paz y seguridad a M\u00e9xico y quien a todo aquel que lo apoyara lo limpiaba de los pecados cometidos durante su paso por la administraci\u00f3n p\u00fablica, tuvo la capacidad de endulzar el o\u00eddo al pueblo bueno y sabio\u2026y gan\u00f3.<\/p>\n\n\n\n<p>En el 2018 bajo las siglas de morena y cobijado por el PES y el PT el sue\u00f1o de tantos a\u00f1os acariciado se hizo realidad, llegaba a palacio nacional el l\u00edder social opositor m\u00e1s influyente de la vida moderna del pa\u00eds, llegaba al poder, aquel que sin rubor alguno, sin temor, se\u00f1al\u00f3 los excesos, arbitrariedades y corrupci\u00f3n del grupo en el poder, llegaba aquel que con su lenguaje sencillo y conectado con la gente enarbolaba a los de abajo y pon\u00eda en la mesa de discusi\u00f3n a las clases ma desprotegidas, un sol nac\u00eda en M\u00e9xico.<\/p>\n\n\n\n<p>Llegaron al poder todos aquellos que durante muchos a\u00f1os \u2013 bajo las siglas del PRD \u2013 enarbolaron las banderas de justicia social, aquellos que \u2013 desde su punto de vista \u2013 fueron v\u00edctimas de fraudes electorales, aquellos que ped\u00edan y exig\u00edan organismos electorales independientes del gobierno en turno, aquellos que exig\u00edan organismos aut\u00f3nomos que vigilaran el uso de los recursos p\u00fablicos, llegaban aquellos que ped\u00edan organismos de impartici\u00f3n de justica aut\u00f3nomos al poder presidencial y de los gobernadores, llegaban aquellos que exig\u00edan el respeto irrestricto a la libertad de expresi\u00f3n y m\u00e1s democracia en todos los \u00e1mbitos de la vida p\u00fablica, es cierto, ten\u00edan una historia que contar la mayor\u00eda de ellos y lleg\u00f3 al poder la oposici\u00f3n m\u00e1s combativa y organizada de M\u00e9xico.<\/p>\n\n\n\n<p>Despu\u00e9s del proceso electoral 2018 una tragedia se present\u00f3 en M\u00e9xico, no fue la llegada de AMLO al poder presidencial, se dej\u00f3 de o\u00edr la voz de los ciudadanos que no simpatizaban con la llamada 4 transformaci\u00f3n, se dej\u00f3 de o\u00edr la voz de diversos grupos sociales que fueron exhibidos y se\u00f1alados de corruptos en las conferencias ma\u00f1aneras, en el Congreso de la Uni\u00f3n se dej\u00f3 de ver a aquellos parlamentarios combativos, inteligentes, organizados, aquellos que con argumentos s\u00f3lidos exhib\u00edan los excesos y la corrupci\u00f3n de la clase gobernante, es cierto, los mariachis callaron.<\/p>\n\n\n\n<p>Hoy el grupo en el gobierno federal hace lo que hicieron los gobierno del PRI y del PAN, ejercer el poder, violar la constituci\u00f3n, no escuchar a las minor\u00edas, cometer excesos legislativos, cubrirse entre ellos en casos de corrupci\u00f3n se\u00f1alados y documentados, hoy hacen lo que prometieron que no har\u00edan, hoy al grupo en el poder una mayor\u00eda de votantes les dio un triunfo contundente en el 2024 \u2013 algo hizo bien AMLO &#8211; y han hecho uso de esas mayor\u00edas en el Congreso de la Uni\u00f3n donde la mayor\u00eda calificada est\u00e1 alineada con el partido oficial, \u00bfa qui\u00e9n acusar de esta situaci\u00f3n pol\u00edtica en el pa\u00eds?<\/p>\n\n\n\n<p>Morena prometi\u00f3 y considera que la 4T es lo mejor para M\u00e9xico, el proceso electoral 2024 les dio una legitimidad poca veces vista, sin embargo, considero que morena y el pa\u00eds, necesita una oposici\u00f3n pol\u00edtica, liderazgos sociales con credibilidad, en un pa\u00eds de 126 millones de habitantes no puede ni debe haber una voz \u00fanica por muy legitima que sea, M\u00e9xico necesita una oposici\u00f3n critica y organizada ante los posibles excesos en el ejercicio del poder de la elite gobernante, no, lo peor no es Morena en el gobierno, &#8211; lleg\u00f3 con votos de las mayor\u00edas de manera leg\u00edtima \u2013 lo peor es que no hay oposici\u00f3n pol\u00edtica, ni liderazgos sociales con credibilidad, no queremos gritones en las plazas p\u00fablicas ni en los recintos parlamentarios, no queremos aquellos que solo su carta de presentaci\u00f3n sea un apellido \u201cilustre\u201d, M\u00e9xico necesita instituciones pol\u00edticas y l\u00edderes sociales con credibilidad, l\u00edderes que no solo le apuesten a cuidar sus trayectorias pol\u00edticas o intereses econ\u00f3micos, l\u00edderes que asuman con dignidad la defensa \u2013 desde su punto de vista \u2013 de los intereses de todos los grupos sociales, que no tengan temor a decir las cosas como son, con respeto y sin estridencias.<\/p>\n\n\n\n<p>Hay una realidad que no se pueda ocultar, el problema no es que haya llegado al poder morena, lo peor es que no hay oposici\u00f3n, hoy se necesita \u201cPor el bien de todos primero mujeres y hombres con credibilidad y valor para ser ese contrapeso pol\u00edtico y social\u201d\u2026como lo hubo ayer.<\/p>\n\n\n\n<p>P.D.- Con el \u00e1nimo que la oposici\u00f3n al gobierno federal y a morena asuma sus responsabilidades y reconozca sus debilidades y fortalezas\u2026Escribir\u00e9 otro d\u00eda.<\/p>\n","protected":false},"excerpt":{"rendered":"<p>Vicente Luna Hern\u00e1ndez A\u00fan se recuerda la frase con la cual se etiquetaba a AMLO durante su campa\u00f1a en el 2006, esa frase buscaba desalentar a sus simpatizantes, la frase de \u201cun peligro para M\u00e9xico\u201d retumbaba en todos los medios de comunicaci\u00f3n, sin embargo, todos sabemos el desenlace de esa historia, con todo y la [&hellip;]<\/p>\n","protected":false},"author":2,"featured_media":141415,"comment_status":"closed","ping_status":"closed","sticky":false,"template":"","format":"standard","meta":{"tdm_status":"","tdm_grid_status":"","footnotes":""},"categories":[70],"tags":[],"class_list":{"0":"post-147795","1":"post","2":"type-post","3":"status-publish","4":"format-standard","5":"has-post-thumbnail","7":"category-de-opinion"},"yoast_head":"<!-- This site is optimized with the Yoast SEO plugin v27.4 - https:\/\/yoast.com\/product\/yoast-seo-wordpress\/ -->\n<title>MORENA HACE LO SUYO \u00bfY LA OPOSICI\u00d3N? - Los pol\u00edticos Veracruz<\/title>\n<meta name=\"robots\" content=\"index, follow, max-snippet:-1, max-image-preview:large, max-video-preview:-1\" \/>\n<link rel=\"canonical\" href=\"https:\/\/lospoliticosveracruz.com\/?p=147795\" \/>\n<meta property=\"og:locale\" content=\"es_ES\" \/>\n<meta property=\"og:type\" content=\"article\" \/>\n<meta property=\"og:title\" content=\"MORENA HACE LO SUYO \u00bfY LA OPOSICI\u00d3N? - Los pol\u00edticos Veracruz\" \/>\n<meta property=\"og:description\" content=\"Vicente Luna Hern\u00e1ndez A\u00fan se recuerda la frase con la cual se etiquetaba a AMLO durante su campa\u00f1a en el 2006, esa frase buscaba desalentar a sus simpatizantes, la frase de \u201cun peligro para M\u00e9xico\u201d retumbaba en todos los medios de comunicaci\u00f3n, sin embargo, todos sabemos el desenlace de esa historia, con todo y la [&hellip;]\" \/>\n<meta property=\"og:url\" content=\"https:\/\/lospoliticosveracruz.com\/?p=147795\" \/>\n<meta property=\"og:site_name\" content=\"Los pol\u00edticos Veracruz\" \/>\n<meta property=\"article:publisher\" content=\"https:\/\/www.facebook.com\/people\/Notimemes-de-los-Polticos\/61565672886568\/\" \/>\n<meta property=\"article:published_time\" content=\"2025-06-25T20:19:27+00:00\" \/>\n<meta property=\"article:modified_time\" content=\"2025-06-25T20:19:44+00:00\" \/>\n<meta property=\"og:image\" content=\"https:\/\/lospoliticosveracruz.com\/wp-content\/uploads\/2025\/04\/Vicente-Luna-Hernandez.jpg\" \/>\n\t<meta property=\"og:image:width\" content=\"1250\" \/>\n\t<meta property=\"og:image:height\" content=\"667\" \/>\n\t<meta property=\"og:image:type\" content=\"image\/jpeg\" \/>\n<meta name=\"author\" content=\"Lo viste en Los Pol\u00edticos\" \/>\n<meta name=\"twitter:card\" content=\"summary_large_image\" \/>\n<meta name=\"twitter:creator\" content=\"@LosPoliticosVer\" \/>\n<meta name=\"twitter:site\" content=\"@LosPoliticosVer\" \/>\n<meta name=\"twitter:label1\" content=\"Escrito por\" \/>\n\t<meta name=\"twitter:data1\" content=\"Lo viste en Los Pol\u00edticos\" \/>\n\t<meta name=\"twitter:label2\" content=\"Tiempo de lectura\" \/>\n\t<meta name=\"twitter:data2\" content=\"7 minutos\" \/>\n<script type=\"application\/ld+json\" class=\"yoast-schema-graph\">{\"@context\":\"https:\\\/\\\/schema.org\",\"@graph\":[{\"@type\":\"Article\",\"@id\":\"https:\\\/\\\/lospoliticosveracruz.com\\\/?p=147795#article\",\"isPartOf\":{\"@id\":\"https:\\\/\\\/lospoliticosveracruz.com\\\/?p=147795\"},\"author\":{\"name\":\"Lo viste en Los Pol\u00edticos\",\"@id\":\"https:\\\/\\\/lospoliticosveracruz.com\\\/#\\\/schema\\\/person\\\/b8702bb0e538456e6efd07080bf2a4a2\"},\"headline\":\"MORENA HACE LO SUYO \u00bfY LA OPOSICI\u00d3N?\",\"datePublished\":\"2025-06-25T20:19:27+00:00\",\"dateModified\":\"2025-06-25T20:19:44+00:00\",\"mainEntityOfPage\":{\"@id\":\"https:\\\/\\\/lospoliticosveracruz.com\\\/?p=147795\"},\"wordCount\":1322,\"publisher\":{\"@id\":\"https:\\\/\\\/lospoliticosveracruz.com\\\/#organization\"},\"image\":{\"@id\":\"https:\\\/\\\/lospoliticosveracruz.com\\\/?p=147795#primaryimage\"},\"thumbnailUrl\":\"https:\\\/\\\/lospoliticosveracruz.com\\\/wp-content\\\/uploads\\\/2025\\\/04\\\/Vicente-Luna-Hernandez.jpg\",\"articleSection\":[\"De Opini\u00f3n\"],\"inLanguage\":\"es\"},{\"@type\":\"WebPage\",\"@id\":\"https:\\\/\\\/lospoliticosveracruz.com\\\/?p=147795\",\"url\":\"https:\\\/\\\/lospoliticosveracruz.com\\\/?p=147795\",\"name\":\"MORENA HACE LO SUYO \u00bfY LA OPOSICI\u00d3N? - Los pol\u00edticos Veracruz\",\"isPartOf\":{\"@id\":\"https:\\\/\\\/lospoliticosveracruz.com\\\/#website\"},\"primaryImageOfPage\":{\"@id\":\"https:\\\/\\\/lospoliticosveracruz.com\\\/?p=147795#primaryimage\"},\"image\":{\"@id\":\"https:\\\/\\\/lospoliticosveracruz.com\\\/?p=147795#primaryimage\"},\"thumbnailUrl\":\"https:\\\/\\\/lospoliticosveracruz.com\\\/wp-content\\\/uploads\\\/2025\\\/04\\\/Vicente-Luna-Hernandez.jpg\",\"datePublished\":\"2025-06-25T20:19:27+00:00\",\"dateModified\":\"2025-06-25T20:19:44+00:00\",\"breadcrumb\":{\"@id\":\"https:\\\/\\\/lospoliticosveracruz.com\\\/?p=147795#breadcrumb\"},\"inLanguage\":\"es\",\"potentialAction\":[{\"@type\":\"ReadAction\",\"target\":[\"https:\\\/\\\/lospoliticosveracruz.com\\\/?p=147795\"]}]},{\"@type\":\"ImageObject\",\"inLanguage\":\"es\",\"@id\":\"https:\\\/\\\/lospoliticosveracruz.com\\\/?p=147795#primaryimage\",\"url\":\"https:\\\/\\\/lospoliticosveracruz.com\\\/wp-content\\\/uploads\\\/2025\\\/04\\\/Vicente-Luna-Hernandez.jpg\",\"contentUrl\":\"https:\\\/\\\/lospoliticosveracruz.com\\\/wp-content\\\/uploads\\\/2025\\\/04\\\/Vicente-Luna-Hernandez.jpg\",\"width\":1250,\"height\":667},{\"@type\":\"BreadcrumbList\",\"@id\":\"https:\\\/\\\/lospoliticosveracruz.com\\\/?p=147795#breadcrumb\",\"itemListElement\":[{\"@type\":\"ListItem\",\"position\":1,\"name\":\"Portada\",\"item\":\"https:\\\/\\\/lospoliticosveracruz.com\\\/\"},{\"@type\":\"ListItem\",\"position\":2,\"name\":\"MORENA HACE LO SUYO \u00bfY LA OPOSICI\u00d3N?\"}]},{\"@type\":\"WebSite\",\"@id\":\"https:\\\/\\\/lospoliticosveracruz.com\\\/#website\",\"url\":\"https:\\\/\\\/lospoliticosveracruz.com\\\/\",\"name\":\"Los pol\u00edticos Veracruz\",\"description\":\"\",\"publisher\":{\"@id\":\"https:\\\/\\\/lospoliticosveracruz.com\\\/#organization\"},\"potentialAction\":[{\"@type\":\"SearchAction\",\"target\":{\"@type\":\"EntryPoint\",\"urlTemplate\":\"https:\\\/\\\/lospoliticosveracruz.com\\\/?s={search_term_string}\"},\"query-input\":{\"@type\":\"PropertyValueSpecification\",\"valueRequired\":true,\"valueName\":\"search_term_string\"}}],\"inLanguage\":\"es\"},{\"@type\":\"Organization\",\"@id\":\"https:\\\/\\\/lospoliticosveracruz.com\\\/#organization\",\"name\":\"Los pol\u00edticos Veracruz\",\"url\":\"https:\\\/\\\/lospoliticosveracruz.com\\\/\",\"logo\":{\"@type\":\"ImageObject\",\"inLanguage\":\"es\",\"@id\":\"https:\\\/\\\/lospoliticosveracruz.com\\\/#\\\/schema\\\/logo\\\/image\\\/\",\"url\":\"https:\\\/\\\/lospoliticosveracruz.com\\\/wp-content\\\/uploads\\\/2025\\\/12\\\/Logo-Nuevo-LOS-POLITICOS-1.jpg\",\"contentUrl\":\"https:\\\/\\\/lospoliticosveracruz.com\\\/wp-content\\\/uploads\\\/2025\\\/12\\\/Logo-Nuevo-LOS-POLITICOS-1.jpg\",\"width\":260,\"height\":70,\"caption\":\"Los pol\u00edticos Veracruz\"},\"image\":{\"@id\":\"https:\\\/\\\/lospoliticosveracruz.com\\\/#\\\/schema\\\/logo\\\/image\\\/\"},\"sameAs\":[\"https:\\\/\\\/www.facebook.com\\\/people\\\/Notimemes-de-los-Polticos\\\/61565672886568\\\/\",\"https:\\\/\\\/x.com\\\/LosPoliticosVer\"]},{\"@type\":\"Person\",\"@id\":\"https:\\\/\\\/lospoliticosveracruz.com\\\/#\\\/schema\\\/person\\\/b8702bb0e538456e6efd07080bf2a4a2\",\"name\":\"Lo viste en Los Pol\u00edticos\",\"image\":{\"@type\":\"ImageObject\",\"inLanguage\":\"es\",\"@id\":\"https:\\\/\\\/secure.gravatar.com\\\/avatar\\\/3a8de04a2656d44082be478bd6c086daa447c4651605818287b9532d3d0bd435?s=96&d=mm&r=g\",\"url\":\"https:\\\/\\\/secure.gravatar.com\\\/avatar\\\/3a8de04a2656d44082be478bd6c086daa447c4651605818287b9532d3d0bd435?s=96&d=mm&r=g\",\"contentUrl\":\"https:\\\/\\\/secure.gravatar.com\\\/avatar\\\/3a8de04a2656d44082be478bd6c086daa447c4651605818287b9532d3d0bd435?s=96&d=mm&r=g\",\"caption\":\"Lo viste en Los Pol\u00edticos\"},\"url\":\"https:\\\/\\\/lospoliticosveracruz.com\\\/?author=2\"}]}<\/script>\n<!-- \/ Yoast SEO plugin. -->","yoast_head_json":{"title":"MORENA HACE LO SUYO \u00bfY LA OPOSICI\u00d3N? - Los pol\u00edticos Veracruz","robots":{"index":"index","follow":"follow","max-snippet":"max-snippet:-1","max-image-preview":"max-image-preview:large","max-video-preview":"max-video-preview:-1"},"canonical":"https:\/\/lospoliticosveracruz.com\/?p=147795","og_locale":"es_ES","og_type":"article","og_title":"MORENA HACE LO SUYO \u00bfY LA OPOSICI\u00d3N? - Los pol\u00edticos Veracruz","og_description":"Vicente Luna Hern\u00e1ndez A\u00fan se recuerda la frase con la cual se etiquetaba a AMLO durante su campa\u00f1a en el 2006, esa frase buscaba desalentar a sus simpatizantes, la frase de \u201cun peligro para M\u00e9xico\u201d retumbaba en todos los medios de comunicaci\u00f3n, sin embargo, todos sabemos el desenlace de esa historia, con todo y la [&hellip;]","og_url":"https:\/\/lospoliticosveracruz.com\/?p=147795","og_site_name":"Los pol\u00edticos Veracruz","article_publisher":"https:\/\/www.facebook.com\/people\/Notimemes-de-los-Polticos\/61565672886568\/","article_published_time":"2025-06-25T20:19:27+00:00","article_modified_time":"2025-06-25T20:19:44+00:00","og_image":[{"width":1250,"height":667,"url":"https:\/\/lospoliticosveracruz.com\/wp-content\/uploads\/2025\/04\/Vicente-Luna-Hernandez.jpg","type":"image\/jpeg"}],"author":"Lo viste en Los Pol\u00edticos","twitter_card":"summary_large_image","twitter_creator":"@LosPoliticosVer","twitter_site":"@LosPoliticosVer","twitter_misc":{"Escrito por":"Lo viste en Los Pol\u00edticos","Tiempo de lectura":"7 minutos"},"schema":{"@context":"https:\/\/schema.org","@graph":[{"@type":"Article","@id":"https:\/\/lospoliticosveracruz.com\/?p=147795#article","isPartOf":{"@id":"https:\/\/lospoliticosveracruz.com\/?p=147795"},"author":{"name":"Lo viste en Los Pol\u00edticos","@id":"https:\/\/lospoliticosveracruz.com\/#\/schema\/person\/b8702bb0e538456e6efd07080bf2a4a2"},"headline":"MORENA HACE LO SUYO \u00bfY LA OPOSICI\u00d3N?","datePublished":"2025-06-25T20:19:27+00:00","dateModified":"2025-06-25T20:19:44+00:00","mainEntityOfPage":{"@id":"https:\/\/lospoliticosveracruz.com\/?p=147795"},"wordCount":1322,"publisher":{"@id":"https:\/\/lospoliticosveracruz.com\/#organization"},"image":{"@id":"https:\/\/lospoliticosveracruz.com\/?p=147795#primaryimage"},"thumbnailUrl":"https:\/\/lospoliticosveracruz.com\/wp-content\/uploads\/2025\/04\/Vicente-Luna-Hernandez.jpg","articleSection":["De Opini\u00f3n"],"inLanguage":"es"},{"@type":"WebPage","@id":"https:\/\/lospoliticosveracruz.com\/?p=147795","url":"https:\/\/lospoliticosveracruz.com\/?p=147795","name":"MORENA HACE LO SUYO \u00bfY LA OPOSICI\u00d3N? - Los pol\u00edticos Veracruz","isPartOf":{"@id":"https:\/\/lospoliticosveracruz.com\/#website"},"primaryImageOfPage":{"@id":"https:\/\/lospoliticosveracruz.com\/?p=147795#primaryimage"},"image":{"@id":"https:\/\/lospoliticosveracruz.com\/?p=147795#primaryimage"},"thumbnailUrl":"https:\/\/lospoliticosveracruz.com\/wp-content\/uploads\/2025\/04\/Vicente-Luna-Hernandez.jpg","datePublished":"2025-06-25T20:19:27+00:00","dateModified":"2025-06-25T20:19:44+00:00","breadcrumb":{"@id":"https:\/\/lospoliticosveracruz.com\/?p=147795#breadcrumb"},"inLanguage":"es","potentialAction":[{"@type":"ReadAction","target":["https:\/\/lospoliticosveracruz.com\/?p=147795"]}]},{"@type":"ImageObject","inLanguage":"es","@id":"https:\/\/lospoliticosveracruz.com\/?p=147795#primaryimage","url":"https:\/\/lospoliticosveracruz.com\/wp-content\/uploads\/2025\/04\/Vicente-Luna-Hernandez.jpg","contentUrl":"https:\/\/lospoliticosveracruz.com\/wp-content\/uploads\/2025\/04\/Vicente-Luna-Hernandez.jpg","width":1250,"height":667},{"@type":"BreadcrumbList","@id":"https:\/\/lospoliticosveracruz.com\/?p=147795#breadcrumb","itemListElement":[{"@type":"ListItem","position":1,"name":"Portada","item":"https:\/\/lospoliticosveracruz.com\/"},{"@type":"ListItem","position":2,"name":"MORENA HACE LO SUYO \u00bfY LA OPOSICI\u00d3N?"}]},{"@type":"WebSite","@id":"https:\/\/lospoliticosveracruz.com\/#website","url":"https:\/\/lospoliticosveracruz.com\/","name":"Los pol\u00edticos Veracruz","description":"","publisher":{"@id":"https:\/\/lospoliticosveracruz.com\/#organization"},"potentialAction":[{"@type":"SearchAction","target":{"@type":"EntryPoint","urlTemplate":"https:\/\/lospoliticosveracruz.com\/?s={search_term_string}"},"query-input":{"@type":"PropertyValueSpecification","valueRequired":true,"valueName":"search_term_string"}}],"inLanguage":"es"},{"@type":"Organization","@id":"https:\/\/lospoliticosveracruz.com\/#organization","name":"Los pol\u00edticos Veracruz","url":"https:\/\/lospoliticosveracruz.com\/","logo":{"@type":"ImageObject","inLanguage":"es","@id":"https:\/\/lospoliticosveracruz.com\/#\/schema\/logo\/image\/","url":"https:\/\/lospoliticosveracruz.com\/wp-content\/uploads\/2025\/12\/Logo-Nuevo-LOS-POLITICOS-1.jpg","contentUrl":"https:\/\/lospoliticosveracruz.com\/wp-content\/uploads\/2025\/12\/Logo-Nuevo-LOS-POLITICOS-1.jpg","width":260,"height":70,"caption":"Los pol\u00edticos Veracruz"},"image":{"@id":"https:\/\/lospoliticosveracruz.com\/#\/schema\/logo\/image\/"},"sameAs":["https:\/\/www.facebook.com\/people\/Notimemes-de-los-Polticos\/61565672886568\/","https:\/\/x.com\/LosPoliticosVer"]},{"@type":"Person","@id":"https:\/\/lospoliticosveracruz.com\/#\/schema\/person\/b8702bb0e538456e6efd07080bf2a4a2","name":"Lo viste en Los Pol\u00edticos","image":{"@type":"ImageObject","inLanguage":"es","@id":"https:\/\/secure.gravatar.com\/avatar\/3a8de04a2656d44082be478bd6c086daa447c4651605818287b9532d3d0bd435?s=96&d=mm&r=g","url":"https:\/\/secure.gravatar.com\/avatar\/3a8de04a2656d44082be478bd6c086daa447c4651605818287b9532d3d0bd435?s=96&d=mm&r=g","contentUrl":"https:\/\/secure.gravatar.com\/avatar\/3a8de04a2656d44082be478bd6c086daa447c4651605818287b9532d3d0bd435?s=96&d=mm&r=g","caption":"Lo viste en Los Pol\u00edticos"},"url":"https:\/\/lospoliticosveracruz.com\/?author=2"}]}},"_links":{"self":[{"href":"https:\/\/lospoliticosveracruz.com\/index.php?rest_route=\/wp\/v2\/posts\/147795","targetHints":{"allow":["GET"]}}],"collection":[{"href":"https:\/\/lospoliticosveracruz.com\/index.php?rest_route=\/wp\/v2\/posts"}],"about":[{"href":"https:\/\/lospoliticosveracruz.com\/index.php?rest_route=\/wp\/v2\/types\/post"}],"author":[{"embeddable":true,"href":"https:\/\/lospoliticosveracruz.com\/index.php?rest_route=\/wp\/v2\/users\/2"}],"replies":[{"embeddable":true,"href":"https:\/\/lospoliticosveracruz.com\/index.php?rest_route=%2Fwp%2Fv2%2Fcomments&post=147795"}],"version-history":[{"count":1,"href":"https:\/\/lospoliticosveracruz.com\/index.php?rest_route=\/wp\/v2\/posts\/147795\/revisions"}],"predecessor-version":[{"id":147796,"href":"https:\/\/lospoliticosveracruz.com\/index.php?rest_route=\/wp\/v2\/posts\/147795\/revisions\/147796"}],"wp:featuredmedia":[{"embeddable":true,"href":"https:\/\/lospoliticosveracruz.com\/index.php?rest_route=\/wp\/v2\/media\/141415"}],"wp:attachment":[{"href":"https:\/\/lospoliticosveracruz.com\/index.php?rest_route=%2Fwp%2Fv2%2Fmedia&parent=147795"}],"wp:term":[{"taxonomy":"category","embeddable":true,"href":"https:\/\/lospoliticosveracruz.com\/index.php?rest_route=%2Fwp%2Fv2%2Fcategories&post=147795"},{"taxonomy":"post_tag","embeddable":true,"href":"https:\/\/lospoliticosveracruz.com\/index.php?rest_route=%2Fwp%2Fv2%2Ftags&post=147795"}],"curies":[{"name":"wp","href":"https:\/\/api.w.org\/{rel}","templated":true}]}}