{"id":147825,"date":"2025-06-26T05:57:19","date_gmt":"2025-06-26T10:57:19","guid":{"rendered":"https:\/\/lospoliticosveracruz.com.mx\/?p=147825"},"modified":"2025-06-26T05:57:44","modified_gmt":"2025-06-26T10:57:44","slug":"nahle-y-su-dificil-decision-sobre-su-gabinete-de-primera","status":"publish","type":"post","link":"https:\/\/lospoliticosveracruz.com\/?p=147825","title":{"rendered":"NAHLE Y SU DIF\u00cdCIL DECISI\u00d3N SOBRE SU GABINETE DE \u00abPRIMERA\u00bb"},"content":{"rendered":"\n\n\n<p><br><br><strong>Ricardo Chua<\/strong><\/p>\n\n\n\n<p><em>Sale y Vale<\/em><\/p>\n\n\n\n<p>\u00abGarganta Profunda\u00bb dio a conocer que tiene informaci\u00f3n confidencial.. Obtenida al interior de Palacio de Gobierno en Xalapa.. De que la gobernadora Roc\u00edo Nahle Garc\u00eda, a pesar de los conflictos de ingobernabilidad, inseguridad y sociales que se viven en distintos puntos de la entidad.. Ha tomado la decisi\u00f3n de NO REALIZAR CAMBIOS en su administraci\u00f3n estatal.. De esa manera, mantener en funciones a todo su famoso gabinete de \u00abPrimera\u00bb, pese a cr\u00edticas y protestas ciudadanas.. Simplemente NO SE VAN.. El \u00fanico cambio que tienen preparado para el mes de julio o agosto es en la Fiscal\u00eda General de Veracruz..<\/p>\n\n\n\n<p>Seg\u00fan datos recabados por \u00abGarganta Profunda\u00bb, se\u00f1ala que Nahle no hace esos cambios, no porque no quiera o porque est\u00e9 muy contenta con su actuaci\u00f3n en estos 7 meses que lleva de gobernadora.. Se debe principalmente a dos situaciones claras.. La primera es que es MUY PRONTO para hacerlo, ya que a pesar que pudo equivocarse con alg\u00fan perfil.. Reconocerlo ser\u00eda decir que err\u00f3.. Y la narrativa de los gobernantes de MORENA es que no se equivocan, entonces, m\u00e1s claro ni el agua.. La segunda y la que m\u00e1s le preocupa, es que NO TIENE un \u00ababanico\u00bb de opciones.. Es decir, no tiene cambios de \u00abPrimera\u00bb para sustituir a los que est\u00e1n.. A pesar de que medio gabinete no son formados en Veracruz..<\/p>\n\n\n\n<p>Esta misma informaci\u00f3n se\u00f1ala que uno de los temas trascendentes en este caso.. Es que Roc\u00edo Nahle no puede hacer cambios de sus funcionarios estatales y subir a personajes que est\u00e1n identificados con el Movimiento de la 4T.. Y no lo puede hacer porque ella sabe que si lo provoca, entonces, puede FORTALECER a sus ADVERSARIOS pol\u00edticos al interior de MORENA, los cuales muchos de ellos, ya est\u00e1n adentro.. Tanto en Veracruz como en CDMX.. Es decir, Los Yunes ex azules, Ad\u00e1n Augusto L\u00f3pez, Sergio Guti\u00e9rrez o la gente cercana a Ricardo Monreal.. As\u00ed que por ah\u00ed, no se dar\u00eda ning\u00fan tipo de cambio en su administraci\u00f3n en Veracruz.. Tiene muchos \u00abfrentes\u00bb abiertos..<\/p>\n\n\n\n<p>Motivo por el cual, la gobernadora en este momento, a pesar de ser muy pronto, NO TIENE NOMBRES para hacer alg\u00fan tipo de \u00abenroque\u00bb en su gabinete estatal.. Esto a pesar de que ella tiene conflictos al interior de su gobierno por los perfiles que tiene en distintas posiciones de su administraci\u00f3n.. S\u00f3lo es cuesti\u00f3n de revisarlos y ver el por qu\u00e9 de tantos problemas en 7 meses de gobierno.. En cambio, sus adversarios al interior de MORENA tienen listos a puros \u00abtiburones\u00bb y es ah\u00ed donde ella puede perder.. Por eso a Nahle, lo \u00fanico que le queda es GANAR TIEMPO, ya que es muy pronto para hacer cambios fuertes al interior de su gobierno.. ESO ES EVIDENTE..<\/p>\n\n\n\n<p>Por eso, como tampoco hay AGENDA POL\u00cdTICA que seguir y como ella marca la pauta en su administraci\u00f3n, se equivoque o no, dif\u00edcilmente en estos d\u00edas.. Se dar\u00e1n ENROQUES en su administraci\u00f3n en dependencias como Secretar\u00eda de Gobierno, Secretar\u00eda de Educaci\u00f3n, Secretar\u00eda de Seguridad P\u00fablica, Secretar\u00eda de Salud, Secretar\u00eda de Bienestar o Secretar\u00eda de Desarrollo Econ\u00f3mico y Portuario.. NADIE SE VA.. TODOS SE QUEDAN por ahora.. Adem\u00e1s tambi\u00e9n es una realidad que con tanto \u00abmovimiento\u00bb que ha tenido despu\u00e9s de la elecci\u00f3n a alcaldes en Veracruz.. La gobernadora est\u00e1 m\u00e1s que SATURADA.. Casi todas las semanas ha tenido conflictos que resolver.. AS\u00cd NO SE PUEDE..<\/p>\n\n\n\n<p>Raz\u00f3n por la cual, las \u00abfiltraciones\u00bb a \u00abGarganta Profunda\u00bb que el \u00fanico cambio que habr\u00e1 pronto en Veracruz.. En materia de la funci\u00f3n p\u00fablica o pol\u00edtica.. Ser\u00e1 en la Fiscal\u00eda General del Estado.. Donde se espera que a m\u00e1s tardar en el mes de agosto pueda presentarse la remoci\u00f3n de la actual fiscal, Ver\u00f3nica Hern\u00e1ndez Gadians.. Y colocar en este sitio al ex Presidente del extinto Instituto Veracruzano de Acceso a la Informaci\u00f3n, David Agust\u00edn Jim\u00e9nez Rojas.. Que despu\u00e9s de tanto anunciarlo, por fin podr\u00eda llegar a ser el nuevo Fiscal General de Veracruz.. Nombramiento que tendr\u00e1 que ser avalado por el Congreso del Estado.. De ah\u00ed en fuera, no se esperan otros movimientos.. Al menos, no por ahora..<\/p>\n\n\n\n<p>Tanto as\u00ed que hasta en la pol\u00edtica partidista, el propio presidente del comit\u00e9 estatal de MORENA, Esteban Ram\u00edrez Zepeta contra todo pron\u00f3stico y luego de ser uno de los personajes con m\u00e1s cr\u00edticas negativas dentro de la 4T.. TAMPOCO SE VA.. Se queda dentro de este organismo pol\u00edtico, por lo menos, hasta el 2027.. Cuando hayan pasado las elecciones intermedias para renovar la Legislatura Local en Veracruz.. Habr\u00e1 Zepeta para rato.. Dos a\u00f1os m\u00e1s.. El choapense trae la protecci\u00f3n de Roc\u00edo Nahle y, al menos, en este momento, con eso le basta para quedarse ah\u00ed y no \u00absaltar\u00bb al gabinete estatal o alg\u00fan otro cargo en el gobierno federal.. QUI\u00c9N LO DIR\u00cdA..<\/p>\n\n\n\n<p>Vamos, ni siquiera habr\u00e1 los \u00abenroques\u00bb en el gabinete estatal entre ellos mismos.. Es decir, Roc\u00edo Nahle no va ECHAR MANO del actual subsecretario de Gobierno, Jos\u00e9 Manuel Pozos Castro, para subirlo en lugar de Ricardo Ahued o mandarlo a la SEV para controlar los conflictos que vive Claudia Tello.. Y que ella vaya al Senado en CDMX a \u00aboxigenarse\u00bb un poco de Veracruz.. Pero no, Pozos se queda como el 3 y Tello Espinoza, se queda en la Secretar\u00eda de Educaci\u00f3n, porque Roc\u00edo Nahle sabe ya qui\u00e9n le est\u00e1 dando sus \u00abarrimones\u00bb pol\u00edticos y medi\u00e1ticos a la Senadora con licencia.. Por eso, no le hacen da\u00f1o y por m\u00e1s que sucedan problemas en la SEV.. No la mueve.. NADIE SE MUEVE POR AHORA..<\/p>\n\n\n\n<p>REFLEXI\u00d3N.. Roc\u00edo Nahle tiene que aguantar, soportar o como se dice en Veracruz, \u00abapechugar\u00bb todas las cr\u00edticas o protestas, que se puedan verter sobre su gabinete de \u00abPrimera\u00bb.. Ya que hacer cambios, a 7 meses, que tom\u00f3 el poder.. Es reconocer p\u00fablicamente que SE EQUIVOC\u00d3 al colocar a esos personajes en su administraci\u00f3n.. Y eso no puede ser porque entonces se podr\u00eda ver como una gobernadora, que no conoc\u00eda del todo la \u00abradiograf\u00eda\u00bb social y pol\u00edtica de Veracruz.. Que improvis\u00f3 al tomar el poder y que se bas\u00f3 en la pol\u00edtica obradorista de \u00ab90 por ciento lealtad y 10 por ciento eficacia\u00bb.. Ahora la pregunta es: \u00bfCu\u00e1nto podr\u00e1 aguantar as\u00ed?.. Sus enemigos de adentro son m\u00e1s peligrosos que los de afuera.. AMEN..<\/p>\n","protected":false},"excerpt":{"rendered":"<p>Ricardo Chua Sale y Vale \u00abGarganta Profunda\u00bb dio a conocer que tiene informaci\u00f3n confidencial.. Obtenida al interior de Palacio de Gobierno en Xalapa.. De que la gobernadora Roc\u00edo Nahle Garc\u00eda, a pesar de los conflictos de ingobernabilidad, inseguridad y sociales que se viven en distintos puntos de la entidad.. Ha tomado la decisi\u00f3n de NO [&hellip;]<\/p>\n","protected":false},"author":2,"featured_media":141434,"comment_status":"closed","ping_status":"closed","sticky":false,"template":"","format":"standard","meta":{"tdm_status":"","tdm_grid_status":"","footnotes":""},"categories":[70],"tags":[355,1026,3578,195],"class_list":{"0":"post-147825","1":"post","2":"type-post","3":"status-publish","4":"format-standard","5":"has-post-thumbnail","7":"category-de-opinion","8":"tag-gabinete","9":"tag-morena","10":"tag-rocio-nahle","11":"tag-veracruz"},"yoast_head":"<!-- This site is optimized with the Yoast SEO plugin v27.4 - https:\/\/yoast.com\/product\/yoast-seo-wordpress\/ -->\n<title>NAHLE Y SU DIF\u00cdCIL DECISI\u00d3N SOBRE SU GABINETE DE &quot;PRIMERA&quot; - Los pol\u00edticos Veracruz<\/title>\n<meta name=\"robots\" content=\"index, follow, max-snippet:-1, max-image-preview:large, max-video-preview:-1\" \/>\n<link rel=\"canonical\" href=\"https:\/\/lospoliticosveracruz.com\/?p=147825\" \/>\n<meta property=\"og:locale\" content=\"es_ES\" \/>\n<meta property=\"og:type\" content=\"article\" \/>\n<meta property=\"og:title\" content=\"NAHLE Y SU DIF\u00cdCIL DECISI\u00d3N SOBRE SU GABINETE DE &quot;PRIMERA&quot; - Los pol\u00edticos Veracruz\" \/>\n<meta property=\"og:description\" content=\"Ricardo Chua Sale y Vale \u00abGarganta Profunda\u00bb dio a conocer que tiene informaci\u00f3n confidencial.. Obtenida al interior de Palacio de Gobierno en Xalapa.. De que la gobernadora Roc\u00edo Nahle Garc\u00eda, a pesar de los conflictos de ingobernabilidad, inseguridad y sociales que se viven en distintos puntos de la entidad.. Ha tomado la decisi\u00f3n de NO [&hellip;]\" \/>\n<meta property=\"og:url\" content=\"https:\/\/lospoliticosveracruz.com\/?p=147825\" \/>\n<meta property=\"og:site_name\" content=\"Los pol\u00edticos Veracruz\" \/>\n<meta property=\"article:publisher\" content=\"https:\/\/www.facebook.com\/people\/Notimemes-de-los-Polticos\/61565672886568\/\" \/>\n<meta property=\"article:published_time\" content=\"2025-06-26T10:57:19+00:00\" \/>\n<meta property=\"article:modified_time\" content=\"2025-06-26T10:57:44+00:00\" \/>\n<meta property=\"og:image\" content=\"https:\/\/lospoliticosveracruz.com\/wp-content\/uploads\/2025\/04\/Chua-e1761364658706.jpg\" \/>\n\t<meta property=\"og:image:width\" content=\"600\" \/>\n\t<meta property=\"og:image:height\" content=\"320\" \/>\n\t<meta property=\"og:image:type\" content=\"image\/jpeg\" \/>\n<meta name=\"author\" content=\"Lo viste en Los Pol\u00edticos\" \/>\n<meta name=\"twitter:card\" content=\"summary_large_image\" \/>\n<meta name=\"twitter:creator\" content=\"@LosPoliticosVer\" \/>\n<meta name=\"twitter:site\" content=\"@LosPoliticosVer\" \/>\n<meta name=\"twitter:label1\" content=\"Escrito por\" \/>\n\t<meta name=\"twitter:data1\" content=\"Lo viste en Los Pol\u00edticos\" \/>\n\t<meta name=\"twitter:label2\" content=\"Tiempo de lectura\" \/>\n\t<meta name=\"twitter:data2\" content=\"6 minutos\" \/>\n<script type=\"application\/ld+json\" class=\"yoast-schema-graph\">{\"@context\":\"https:\\\/\\\/schema.org\",\"@graph\":[{\"@type\":\"Article\",\"@id\":\"https:\\\/\\\/lospoliticosveracruz.com\\\/?p=147825#article\",\"isPartOf\":{\"@id\":\"https:\\\/\\\/lospoliticosveracruz.com\\\/?p=147825\"},\"author\":{\"name\":\"Lo viste en Los Pol\u00edticos\",\"@id\":\"https:\\\/\\\/lospoliticosveracruz.com\\\/#\\\/schema\\\/person\\\/b8702bb0e538456e6efd07080bf2a4a2\"},\"headline\":\"NAHLE Y SU DIF\u00cdCIL DECISI\u00d3N SOBRE SU GABINETE DE \u00abPRIMERA\u00bb\",\"datePublished\":\"2025-06-26T10:57:19+00:00\",\"dateModified\":\"2025-06-26T10:57:44+00:00\",\"mainEntityOfPage\":{\"@id\":\"https:\\\/\\\/lospoliticosveracruz.com\\\/?p=147825\"},\"wordCount\":1145,\"publisher\":{\"@id\":\"https:\\\/\\\/lospoliticosveracruz.com\\\/#organization\"},\"image\":{\"@id\":\"https:\\\/\\\/lospoliticosveracruz.com\\\/?p=147825#primaryimage\"},\"thumbnailUrl\":\"https:\\\/\\\/lospoliticosveracruz.com\\\/wp-content\\\/uploads\\\/2025\\\/04\\\/Chua-e1761364658706.jpg\",\"keywords\":[\"Gabinete\",\"Morena\",\"Roc\u00edo Nahle\",\"Veracruz\"],\"articleSection\":[\"De Opini\u00f3n\"],\"inLanguage\":\"es\"},{\"@type\":\"WebPage\",\"@id\":\"https:\\\/\\\/lospoliticosveracruz.com\\\/?p=147825\",\"url\":\"https:\\\/\\\/lospoliticosveracruz.com\\\/?p=147825\",\"name\":\"NAHLE Y SU DIF\u00cdCIL DECISI\u00d3N SOBRE SU GABINETE DE \\\"PRIMERA\\\" - Los pol\u00edticos Veracruz\",\"isPartOf\":{\"@id\":\"https:\\\/\\\/lospoliticosveracruz.com\\\/#website\"},\"primaryImageOfPage\":{\"@id\":\"https:\\\/\\\/lospoliticosveracruz.com\\\/?p=147825#primaryimage\"},\"image\":{\"@id\":\"https:\\\/\\\/lospoliticosveracruz.com\\\/?p=147825#primaryimage\"},\"thumbnailUrl\":\"https:\\\/\\\/lospoliticosveracruz.com\\\/wp-content\\\/uploads\\\/2025\\\/04\\\/Chua-e1761364658706.jpg\",\"datePublished\":\"2025-06-26T10:57:19+00:00\",\"dateModified\":\"2025-06-26T10:57:44+00:00\",\"breadcrumb\":{\"@id\":\"https:\\\/\\\/lospoliticosveracruz.com\\\/?p=147825#breadcrumb\"},\"inLanguage\":\"es\",\"potentialAction\":[{\"@type\":\"ReadAction\",\"target\":[\"https:\\\/\\\/lospoliticosveracruz.com\\\/?p=147825\"]}]},{\"@type\":\"ImageObject\",\"inLanguage\":\"es\",\"@id\":\"https:\\\/\\\/lospoliticosveracruz.com\\\/?p=147825#primaryimage\",\"url\":\"https:\\\/\\\/lospoliticosveracruz.com\\\/wp-content\\\/uploads\\\/2025\\\/04\\\/Chua-e1761364658706.jpg\",\"contentUrl\":\"https:\\\/\\\/lospoliticosveracruz.com\\\/wp-content\\\/uploads\\\/2025\\\/04\\\/Chua-e1761364658706.jpg\",\"width\":600,\"height\":320},{\"@type\":\"BreadcrumbList\",\"@id\":\"https:\\\/\\\/lospoliticosveracruz.com\\\/?p=147825#breadcrumb\",\"itemListElement\":[{\"@type\":\"ListItem\",\"position\":1,\"name\":\"Portada\",\"item\":\"https:\\\/\\\/lospoliticosveracruz.com\\\/\"},{\"@type\":\"ListItem\",\"position\":2,\"name\":\"NAHLE Y SU DIF\u00cdCIL DECISI\u00d3N SOBRE SU GABINETE DE \u00abPRIMERA\u00bb\"}]},{\"@type\":\"WebSite\",\"@id\":\"https:\\\/\\\/lospoliticosveracruz.com\\\/#website\",\"url\":\"https:\\\/\\\/lospoliticosveracruz.com\\\/\",\"name\":\"Los pol\u00edticos Veracruz\",\"description\":\"\",\"publisher\":{\"@id\":\"https:\\\/\\\/lospoliticosveracruz.com\\\/#organization\"},\"potentialAction\":[{\"@type\":\"SearchAction\",\"target\":{\"@type\":\"EntryPoint\",\"urlTemplate\":\"https:\\\/\\\/lospoliticosveracruz.com\\\/?s={search_term_string}\"},\"query-input\":{\"@type\":\"PropertyValueSpecification\",\"valueRequired\":true,\"valueName\":\"search_term_string\"}}],\"inLanguage\":\"es\"},{\"@type\":\"Organization\",\"@id\":\"https:\\\/\\\/lospoliticosveracruz.com\\\/#organization\",\"name\":\"Los pol\u00edticos Veracruz\",\"url\":\"https:\\\/\\\/lospoliticosveracruz.com\\\/\",\"logo\":{\"@type\":\"ImageObject\",\"inLanguage\":\"es\",\"@id\":\"https:\\\/\\\/lospoliticosveracruz.com\\\/#\\\/schema\\\/logo\\\/image\\\/\",\"url\":\"https:\\\/\\\/lospoliticosveracruz.com\\\/wp-content\\\/uploads\\\/2025\\\/12\\\/Logo-Nuevo-LOS-POLITICOS-1.jpg\",\"contentUrl\":\"https:\\\/\\\/lospoliticosveracruz.com\\\/wp-content\\\/uploads\\\/2025\\\/12\\\/Logo-Nuevo-LOS-POLITICOS-1.jpg\",\"width\":260,\"height\":70,\"caption\":\"Los pol\u00edticos Veracruz\"},\"image\":{\"@id\":\"https:\\\/\\\/lospoliticosveracruz.com\\\/#\\\/schema\\\/logo\\\/image\\\/\"},\"sameAs\":[\"https:\\\/\\\/www.facebook.com\\\/people\\\/Notimemes-de-los-Polticos\\\/61565672886568\\\/\",\"https:\\\/\\\/x.com\\\/LosPoliticosVer\"]},{\"@type\":\"Person\",\"@id\":\"https:\\\/\\\/lospoliticosveracruz.com\\\/#\\\/schema\\\/person\\\/b8702bb0e538456e6efd07080bf2a4a2\",\"name\":\"Lo viste en Los Pol\u00edticos\",\"image\":{\"@type\":\"ImageObject\",\"inLanguage\":\"es\",\"@id\":\"https:\\\/\\\/secure.gravatar.com\\\/avatar\\\/3a8de04a2656d44082be478bd6c086daa447c4651605818287b9532d3d0bd435?s=96&d=mm&r=g\",\"url\":\"https:\\\/\\\/secure.gravatar.com\\\/avatar\\\/3a8de04a2656d44082be478bd6c086daa447c4651605818287b9532d3d0bd435?s=96&d=mm&r=g\",\"contentUrl\":\"https:\\\/\\\/secure.gravatar.com\\\/avatar\\\/3a8de04a2656d44082be478bd6c086daa447c4651605818287b9532d3d0bd435?s=96&d=mm&r=g\",\"caption\":\"Lo viste en Los Pol\u00edticos\"},\"url\":\"https:\\\/\\\/lospoliticosveracruz.com\\\/?author=2\"}]}<\/script>\n<!-- \/ Yoast SEO plugin. -->","yoast_head_json":{"title":"NAHLE Y SU DIF\u00cdCIL DECISI\u00d3N SOBRE SU GABINETE DE \"PRIMERA\" - Los pol\u00edticos Veracruz","robots":{"index":"index","follow":"follow","max-snippet":"max-snippet:-1","max-image-preview":"max-image-preview:large","max-video-preview":"max-video-preview:-1"},"canonical":"https:\/\/lospoliticosveracruz.com\/?p=147825","og_locale":"es_ES","og_type":"article","og_title":"NAHLE Y SU DIF\u00cdCIL DECISI\u00d3N SOBRE SU GABINETE DE \"PRIMERA\" - Los pol\u00edticos Veracruz","og_description":"Ricardo Chua Sale y Vale \u00abGarganta Profunda\u00bb dio a conocer que tiene informaci\u00f3n confidencial.. Obtenida al interior de Palacio de Gobierno en Xalapa.. De que la gobernadora Roc\u00edo Nahle Garc\u00eda, a pesar de los conflictos de ingobernabilidad, inseguridad y sociales que se viven en distintos puntos de la entidad.. Ha tomado la decisi\u00f3n de NO [&hellip;]","og_url":"https:\/\/lospoliticosveracruz.com\/?p=147825","og_site_name":"Los pol\u00edticos Veracruz","article_publisher":"https:\/\/www.facebook.com\/people\/Notimemes-de-los-Polticos\/61565672886568\/","article_published_time":"2025-06-26T10:57:19+00:00","article_modified_time":"2025-06-26T10:57:44+00:00","og_image":[{"width":600,"height":320,"url":"https:\/\/lospoliticosveracruz.com\/wp-content\/uploads\/2025\/04\/Chua-e1761364658706.jpg","type":"image\/jpeg"}],"author":"Lo viste en Los Pol\u00edticos","twitter_card":"summary_large_image","twitter_creator":"@LosPoliticosVer","twitter_site":"@LosPoliticosVer","twitter_misc":{"Escrito por":"Lo viste en Los Pol\u00edticos","Tiempo de lectura":"6 minutos"},"schema":{"@context":"https:\/\/schema.org","@graph":[{"@type":"Article","@id":"https:\/\/lospoliticosveracruz.com\/?p=147825#article","isPartOf":{"@id":"https:\/\/lospoliticosveracruz.com\/?p=147825"},"author":{"name":"Lo viste en Los Pol\u00edticos","@id":"https:\/\/lospoliticosveracruz.com\/#\/schema\/person\/b8702bb0e538456e6efd07080bf2a4a2"},"headline":"NAHLE Y SU DIF\u00cdCIL DECISI\u00d3N SOBRE SU GABINETE DE \u00abPRIMERA\u00bb","datePublished":"2025-06-26T10:57:19+00:00","dateModified":"2025-06-26T10:57:44+00:00","mainEntityOfPage":{"@id":"https:\/\/lospoliticosveracruz.com\/?p=147825"},"wordCount":1145,"publisher":{"@id":"https:\/\/lospoliticosveracruz.com\/#organization"},"image":{"@id":"https:\/\/lospoliticosveracruz.com\/?p=147825#primaryimage"},"thumbnailUrl":"https:\/\/lospoliticosveracruz.com\/wp-content\/uploads\/2025\/04\/Chua-e1761364658706.jpg","keywords":["Gabinete","Morena","Roc\u00edo Nahle","Veracruz"],"articleSection":["De Opini\u00f3n"],"inLanguage":"es"},{"@type":"WebPage","@id":"https:\/\/lospoliticosveracruz.com\/?p=147825","url":"https:\/\/lospoliticosveracruz.com\/?p=147825","name":"NAHLE Y SU DIF\u00cdCIL DECISI\u00d3N SOBRE SU GABINETE DE \"PRIMERA\" - Los pol\u00edticos Veracruz","isPartOf":{"@id":"https:\/\/lospoliticosveracruz.com\/#website"},"primaryImageOfPage":{"@id":"https:\/\/lospoliticosveracruz.com\/?p=147825#primaryimage"},"image":{"@id":"https:\/\/lospoliticosveracruz.com\/?p=147825#primaryimage"},"thumbnailUrl":"https:\/\/lospoliticosveracruz.com\/wp-content\/uploads\/2025\/04\/Chua-e1761364658706.jpg","datePublished":"2025-06-26T10:57:19+00:00","dateModified":"2025-06-26T10:57:44+00:00","breadcrumb":{"@id":"https:\/\/lospoliticosveracruz.com\/?p=147825#breadcrumb"},"inLanguage":"es","potentialAction":[{"@type":"ReadAction","target":["https:\/\/lospoliticosveracruz.com\/?p=147825"]}]},{"@type":"ImageObject","inLanguage":"es","@id":"https:\/\/lospoliticosveracruz.com\/?p=147825#primaryimage","url":"https:\/\/lospoliticosveracruz.com\/wp-content\/uploads\/2025\/04\/Chua-e1761364658706.jpg","contentUrl":"https:\/\/lospoliticosveracruz.com\/wp-content\/uploads\/2025\/04\/Chua-e1761364658706.jpg","width":600,"height":320},{"@type":"BreadcrumbList","@id":"https:\/\/lospoliticosveracruz.com\/?p=147825#breadcrumb","itemListElement":[{"@type":"ListItem","position":1,"name":"Portada","item":"https:\/\/lospoliticosveracruz.com\/"},{"@type":"ListItem","position":2,"name":"NAHLE Y SU DIF\u00cdCIL DECISI\u00d3N SOBRE SU GABINETE DE \u00abPRIMERA\u00bb"}]},{"@type":"WebSite","@id":"https:\/\/lospoliticosveracruz.com\/#website","url":"https:\/\/lospoliticosveracruz.com\/","name":"Los pol\u00edticos Veracruz","description":"","publisher":{"@id":"https:\/\/lospoliticosveracruz.com\/#organization"},"potentialAction":[{"@type":"SearchAction","target":{"@type":"EntryPoint","urlTemplate":"https:\/\/lospoliticosveracruz.com\/?s={search_term_string}"},"query-input":{"@type":"PropertyValueSpecification","valueRequired":true,"valueName":"search_term_string"}}],"inLanguage":"es"},{"@type":"Organization","@id":"https:\/\/lospoliticosveracruz.com\/#organization","name":"Los pol\u00edticos Veracruz","url":"https:\/\/lospoliticosveracruz.com\/","logo":{"@type":"ImageObject","inLanguage":"es","@id":"https:\/\/lospoliticosveracruz.com\/#\/schema\/logo\/image\/","url":"https:\/\/lospoliticosveracruz.com\/wp-content\/uploads\/2025\/12\/Logo-Nuevo-LOS-POLITICOS-1.jpg","contentUrl":"https:\/\/lospoliticosveracruz.com\/wp-content\/uploads\/2025\/12\/Logo-Nuevo-LOS-POLITICOS-1.jpg","width":260,"height":70,"caption":"Los pol\u00edticos Veracruz"},"image":{"@id":"https:\/\/lospoliticosveracruz.com\/#\/schema\/logo\/image\/"},"sameAs":["https:\/\/www.facebook.com\/people\/Notimemes-de-los-Polticos\/61565672886568\/","https:\/\/x.com\/LosPoliticosVer"]},{"@type":"Person","@id":"https:\/\/lospoliticosveracruz.com\/#\/schema\/person\/b8702bb0e538456e6efd07080bf2a4a2","name":"Lo viste en Los Pol\u00edticos","image":{"@type":"ImageObject","inLanguage":"es","@id":"https:\/\/secure.gravatar.com\/avatar\/3a8de04a2656d44082be478bd6c086daa447c4651605818287b9532d3d0bd435?s=96&d=mm&r=g","url":"https:\/\/secure.gravatar.com\/avatar\/3a8de04a2656d44082be478bd6c086daa447c4651605818287b9532d3d0bd435?s=96&d=mm&r=g","contentUrl":"https:\/\/secure.gravatar.com\/avatar\/3a8de04a2656d44082be478bd6c086daa447c4651605818287b9532d3d0bd435?s=96&d=mm&r=g","caption":"Lo viste en Los Pol\u00edticos"},"url":"https:\/\/lospoliticosveracruz.com\/?author=2"}]}},"_links":{"self":[{"href":"https:\/\/lospoliticosveracruz.com\/index.php?rest_route=\/wp\/v2\/posts\/147825","targetHints":{"allow":["GET"]}}],"collection":[{"href":"https:\/\/lospoliticosveracruz.com\/index.php?rest_route=\/wp\/v2\/posts"}],"about":[{"href":"https:\/\/lospoliticosveracruz.com\/index.php?rest_route=\/wp\/v2\/types\/post"}],"author":[{"embeddable":true,"href":"https:\/\/lospoliticosveracruz.com\/index.php?rest_route=\/wp\/v2\/users\/2"}],"replies":[{"embeddable":true,"href":"https:\/\/lospoliticosveracruz.com\/index.php?rest_route=%2Fwp%2Fv2%2Fcomments&post=147825"}],"version-history":[{"count":1,"href":"https:\/\/lospoliticosveracruz.com\/index.php?rest_route=\/wp\/v2\/posts\/147825\/revisions"}],"predecessor-version":[{"id":147826,"href":"https:\/\/lospoliticosveracruz.com\/index.php?rest_route=\/wp\/v2\/posts\/147825\/revisions\/147826"}],"wp:featuredmedia":[{"embeddable":true,"href":"https:\/\/lospoliticosveracruz.com\/index.php?rest_route=\/wp\/v2\/media\/141434"}],"wp:attachment":[{"href":"https:\/\/lospoliticosveracruz.com\/index.php?rest_route=%2Fwp%2Fv2%2Fmedia&parent=147825"}],"wp:term":[{"taxonomy":"category","embeddable":true,"href":"https:\/\/lospoliticosveracruz.com\/index.php?rest_route=%2Fwp%2Fv2%2Fcategories&post=147825"},{"taxonomy":"post_tag","embeddable":true,"href":"https:\/\/lospoliticosveracruz.com\/index.php?rest_route=%2Fwp%2Fv2%2Ftags&post=147825"}],"curies":[{"name":"wp","href":"https:\/\/api.w.org\/{rel}","templated":true}]}}