{"id":147827,"date":"2025-06-26T07:21:56","date_gmt":"2025-06-26T12:21:56","guid":{"rendered":"https:\/\/lospoliticosveracruz.com.mx\/?p=147827"},"modified":"2025-06-26T07:22:32","modified_gmt":"2025-06-26T12:22:32","slug":"el-plan-d","status":"publish","type":"post","link":"https:\/\/lospoliticosveracruz.com\/?p=147827","title":{"rendered":"EL PLAN D"},"content":{"rendered":"\n\n\n<p><br><strong>Fanny Y\u00e9pez<\/strong><br><em>La Columna<\/em><\/p>\n\n\n\n<p><br>Como parte del plan \u201cD\u201d los senadores y diputados federales de Morena, preparan sus bater\u00edas para defender y aprobar la iniciativa de reforma electoral, que har\u00e1 llegar a estas instituciones legislativas la Presidenta Claudia Sheinbaum Pardo, que tiene como principal objetivo la desaparici\u00f3n de los 200 diputados plurinominales y los fondos destinados hacia los partidos pol\u00edticos, denominados \u201cprerrogativas\u201d, y la eliminaci\u00f3n de los \u201cOples\u201d en cada estado.<br>Hay que reconocer que los 200 diputados por representaci\u00f3n proporcional, ser\u00e1 una de las grandes reformas que sigue pendiente y que, la presidenta Claudia Sheinbaum Pardo tendr\u00e1 que impulsar para desaparecer a los legisladores plurinominales, que muy poco aportan a la vida democr\u00e1tica del pa\u00eds, pero si significan un gasto oneroso con cargo a los contribuyentes.<br>Los plurinominales se han convertido en un bot\u00edn de las dirigencias partidistas y de las camarillas que controlan los partidos pol\u00edticos. Y son al mismo tiempo el \u00faltimo reducto de poder que les queda a algunos partidos que han sido abandonados por la mayor\u00eda de los votantes del pa\u00eds, como son los casos de PRI, PAN, Movimiento Ciudadano y dos tripulantes advenedizos y oportunistas que se suben al barco de Morena, para seguir medrando con el dinero de los contribuyentes, situaci\u00f3n en la que habr\u00eda que ubicar al Partido Verde Ecologista de M\u00e9xico y al Partido del Trabajo.<br>En cuanto a la figura de los diputados de partido o plurinominales, en 1972 se estableci\u00f3 como requisito para acreditar un diputado de partido que el candidato hubiese obtenido m\u00e1s del 1.5% de la votaci\u00f3n total, facilitando el acceso a las curules designadas como de representaci\u00f3n proporcional.<br>La Constituci\u00f3n Pol\u00edtica de 1917 determin\u00f3 un sistema de elecci\u00f3n directa, pues se eleg\u00eda un diputado propietario por cada 60 mil habitantes, no obstante, para mediados del siglo XX el poder y hegemon\u00eda pol\u00edtica que hab\u00eda alcanzado el PRI en el pa\u00eds, imped\u00eda que los partidos de oposici\u00f3n pudieran tener representaci\u00f3n dentro del Poder Legislativo.<\/p>\n\n\n\n<p>Por esa raz\u00f3n, el 22 de junio de 1963 se public\u00f3 la reforma al art\u00edculo 54 de la Constituci\u00f3n, con lo cual se estableci\u00f3 que todo partido pol\u00edtico que lograra obtener el 2.5% de la votaci\u00f3n total de las elecciones contar\u00eda con 5 diputados, uno m\u00e1s por cada 0.5% de votos obtenidos, hasta un m\u00e1ximo de 20 diputados. Fue as\u00ed como surgieron los plurinominales.<br>Posteriormente, en 1977 se reform\u00f3 el art\u00edculo 52 para establecer que la C\u00e1mara de Diputados deb\u00eda de estar integrada por 300 legisladores electos por la v\u00eda de la mayor\u00eda relativa, m\u00e1s otros cien por el principio de representaci\u00f3n proporcional.<br>Por los fuertes intereses econ\u00f3micos y pol\u00edticos que representan las diputaciones y las senadur\u00edas plurinominales, ser\u00e1 una tarea muy complicada para la presidenta Claudia Sheinbaum Pardo, llevar adelante la iniciativa que desde el 5 de febrero del 2024 envi\u00f3 a la C\u00e1mara de Diputados, el entonces presidente Andr\u00e9s Manuel L\u00f3pez Obrador.<br>En la conferencia ma\u00f1anera de este mi\u00e9rcoles, la presidenta Claudia Sheinbaum Pardo descart\u00f3 que la reforma a la ley electoral que prepara su gobierno, tenga la intenci\u00f3n de eliminar la autonom\u00eda del Instituto Nacional Electoral (INE), pero s\u00ed la forma en que son designados los legisladores plurinominales.<br>Adelant\u00f3 que un grupo de su gobierno ya inici\u00f3 los trabajos para plantear dicha reforma, aunque no dio fecha de presentaci\u00f3n. Lo que s\u00ed aclar\u00f3 es que no aplicar\u00e1 para las elecciones intermedias del 2027.<br>Se debe abrir la discusi\u00f3n sobre la Reforma Electoral: Alcalde Lujan<br>La dirigente nacional de Morena, Luisa Mar\u00eda Alcalde Lujan, consider\u00f3 que se debe abrir la discusi\u00f3n sobre una posible reforma electoral, para analizar las prerrogativas que reciben los partidos pol\u00edticos, la eliminaci\u00f3n de las plurinominales o la viabilidad de contar con OPLES en cada estado de la Rep\u00fablica.<\/p>\n\n\n\n<p>\u00abNo veo que el planteamiento est\u00e9 en el Instituto Nacional Electoral como tal, claro, porque entonces la oposici\u00f3n empieza con que el INE no se toca y a mentir. Si alguien ha luchado por la autonom\u00eda de la instituci\u00f3n electoral, ha sido Morena y en ese sentido, lo que hay que proteger es a una instituci\u00f3n aut\u00f3noma capaz de llevar a cabo las elecciones y que se respete el voto de la gente, eso no tiene discusi\u00f3n alguna.<br>\u00abLo que se ha venido planteando es el presupuesto de los partidos pol\u00edticos, los plurinominales, o incluso ver qu\u00e9 es mejor en t\u00e9rminos de costos, si una instituci\u00f3n electoral como el INE, que lleve a cabo todas las elecciones de todos los estados o si lo deseable es tener OPLES en cada una de las entidades\u00bb, argument\u00f3.<br>La comunicaci\u00f3n corporal de Roc\u00edo Nahle<br>Este mi\u00e9rcoles la gobernadora Roc\u00edo Nahle, estuvo en el municipio de Atzalan, para entregar apoyos a la palabra a los micro y peque\u00f1os empresarios que requieran iniciar un negocio y eso realmente es muy alentador, para esas familias que no tienen lo necesario para poder emprender.<br>De acuerdo a una entrevista que le hicieron los compa\u00f1eros reporteros de esa zona, la gobernadora dijo que este a\u00f1o se dispondr\u00e1 de cien millones de pesos para ofrecer esos apoyos y que el pr\u00f3ximo a\u00f1o ser\u00e1 el doble.<br>Lo extra\u00f1o de ese encuentro con las autoridades locales y algunos de sus secretarios del gabinete, fue que lleg\u00f3 saludo a dos caballeros y junto a ellos estaba la secretaria de Desarrollo Social, Margarita Santopietro y puede ser que, fue un descuido, fue un lapsus o no fue nada de eso, pero lo cierto es que, en ese orden de saludos, la titular de Sedesol fue omitida por Roc\u00edo Nahle.<br>Y dicen los que saben, que en pol\u00edtica lo que parece, es.<br>As\u00ed es que la lectura a ese gesto o a la comunicaci\u00f3n corporal dice mucho y cada qui\u00e9n podr\u00e1 dar su propia interpretaci\u00f3n.<br>Resulta extra\u00f1o porque se supone que la anfitriona del evento era la titular de Sedesol y, por supuesto el alcalde, pero algo pas\u00f3, algo est\u00e1 pasando o algo va a pasar.<\/p>\n","protected":false},"excerpt":{"rendered":"<p>Fanny Y\u00e9pezLa Columna Como parte del plan \u201cD\u201d los senadores y diputados federales de Morena, preparan sus bater\u00edas para defender y aprobar la iniciativa de reforma electoral, que har\u00e1 llegar a estas instituciones legislativas la Presidenta Claudia Sheinbaum Pardo, que tiene como principal objetivo la desaparici\u00f3n de los 200 diputados plurinominales y los fondos destinados [&hellip;]<\/p>\n","protected":false},"author":2,"featured_media":141383,"comment_status":"closed","ping_status":"closed","sticky":false,"template":"","format":"standard","meta":{"tdm_status":"","tdm_grid_status":"","footnotes":""},"categories":[70],"tags":[1026,1817,32288,3578,195],"class_list":{"0":"post-147827","1":"post","2":"type-post","3":"status-publish","4":"format-standard","5":"has-post-thumbnail","7":"category-de-opinion","8":"tag-morena","9":"tag-plurinominales","10":"tag-reformas-electorales","11":"tag-rocio-nahle","12":"tag-veracruz"},"yoast_head":"<!-- This site is optimized with the Yoast SEO plugin v27.4 - https:\/\/yoast.com\/product\/yoast-seo-wordpress\/ -->\n<title>EL PLAN D - Los pol\u00edticos Veracruz<\/title>\n<meta name=\"robots\" content=\"index, follow, max-snippet:-1, max-image-preview:large, max-video-preview:-1\" \/>\n<link rel=\"canonical\" href=\"https:\/\/lospoliticosveracruz.com\/?p=147827\" \/>\n<meta property=\"og:locale\" content=\"es_ES\" \/>\n<meta property=\"og:type\" content=\"article\" \/>\n<meta property=\"og:title\" content=\"EL PLAN D - Los pol\u00edticos Veracruz\" \/>\n<meta property=\"og:description\" content=\"Fanny Y\u00e9pezLa Columna Como parte del plan \u201cD\u201d los senadores y diputados federales de Morena, preparan sus bater\u00edas para defender y aprobar la iniciativa de reforma electoral, que har\u00e1 llegar a estas instituciones legislativas la Presidenta Claudia Sheinbaum Pardo, que tiene como principal objetivo la desaparici\u00f3n de los 200 diputados plurinominales y los fondos destinados [&hellip;]\" \/>\n<meta property=\"og:url\" content=\"https:\/\/lospoliticosveracruz.com\/?p=147827\" \/>\n<meta property=\"og:site_name\" content=\"Los pol\u00edticos Veracruz\" \/>\n<meta property=\"article:publisher\" content=\"https:\/\/www.facebook.com\/people\/Notimemes-de-los-Polticos\/61565672886568\/\" \/>\n<meta property=\"article:published_time\" content=\"2025-06-26T12:21:56+00:00\" \/>\n<meta property=\"article:modified_time\" content=\"2025-06-26T12:22:32+00:00\" \/>\n<meta property=\"og:image\" content=\"https:\/\/lospoliticosveracruz.com\/wp-content\/uploads\/2025\/04\/Fanny-Yepez-Luna-e1768657334923.jpg\" \/>\n\t<meta property=\"og:image:width\" content=\"600\" \/>\n\t<meta property=\"og:image:height\" content=\"320\" \/>\n\t<meta property=\"og:image:type\" content=\"image\/jpeg\" \/>\n<meta name=\"author\" content=\"Lo viste en Los Pol\u00edticos\" \/>\n<meta name=\"twitter:card\" content=\"summary_large_image\" \/>\n<meta name=\"twitter:creator\" content=\"@LosPoliticosVer\" \/>\n<meta name=\"twitter:site\" content=\"@LosPoliticosVer\" \/>\n<meta name=\"twitter:label1\" content=\"Escrito por\" \/>\n\t<meta name=\"twitter:data1\" content=\"Lo viste en Los Pol\u00edticos\" \/>\n\t<meta name=\"twitter:label2\" content=\"Tiempo de lectura\" \/>\n\t<meta name=\"twitter:data2\" content=\"5 minutos\" \/>\n<script type=\"application\/ld+json\" class=\"yoast-schema-graph\">{\"@context\":\"https:\\\/\\\/schema.org\",\"@graph\":[{\"@type\":\"Article\",\"@id\":\"https:\\\/\\\/lospoliticosveracruz.com\\\/?p=147827#article\",\"isPartOf\":{\"@id\":\"https:\\\/\\\/lospoliticosveracruz.com\\\/?p=147827\"},\"author\":{\"name\":\"Lo viste en Los Pol\u00edticos\",\"@id\":\"https:\\\/\\\/lospoliticosveracruz.com\\\/#\\\/schema\\\/person\\\/b8702bb0e538456e6efd07080bf2a4a2\"},\"headline\":\"EL PLAN D\",\"datePublished\":\"2025-06-26T12:21:56+00:00\",\"dateModified\":\"2025-06-26T12:22:32+00:00\",\"mainEntityOfPage\":{\"@id\":\"https:\\\/\\\/lospoliticosveracruz.com\\\/?p=147827\"},\"wordCount\":1052,\"publisher\":{\"@id\":\"https:\\\/\\\/lospoliticosveracruz.com\\\/#organization\"},\"image\":{\"@id\":\"https:\\\/\\\/lospoliticosveracruz.com\\\/?p=147827#primaryimage\"},\"thumbnailUrl\":\"https:\\\/\\\/lospoliticosveracruz.com\\\/wp-content\\\/uploads\\\/2025\\\/04\\\/Fanny-Yepez-Luna-e1768657334923.jpg\",\"keywords\":[\"Morena\",\"plurinominales\",\"reformas electorales\",\"Roc\u00edo Nahle\",\"Veracruz\"],\"articleSection\":[\"De Opini\u00f3n\"],\"inLanguage\":\"es\"},{\"@type\":\"WebPage\",\"@id\":\"https:\\\/\\\/lospoliticosveracruz.com\\\/?p=147827\",\"url\":\"https:\\\/\\\/lospoliticosveracruz.com\\\/?p=147827\",\"name\":\"EL PLAN D - Los pol\u00edticos Veracruz\",\"isPartOf\":{\"@id\":\"https:\\\/\\\/lospoliticosveracruz.com\\\/#website\"},\"primaryImageOfPage\":{\"@id\":\"https:\\\/\\\/lospoliticosveracruz.com\\\/?p=147827#primaryimage\"},\"image\":{\"@id\":\"https:\\\/\\\/lospoliticosveracruz.com\\\/?p=147827#primaryimage\"},\"thumbnailUrl\":\"https:\\\/\\\/lospoliticosveracruz.com\\\/wp-content\\\/uploads\\\/2025\\\/04\\\/Fanny-Yepez-Luna-e1768657334923.jpg\",\"datePublished\":\"2025-06-26T12:21:56+00:00\",\"dateModified\":\"2025-06-26T12:22:32+00:00\",\"breadcrumb\":{\"@id\":\"https:\\\/\\\/lospoliticosveracruz.com\\\/?p=147827#breadcrumb\"},\"inLanguage\":\"es\",\"potentialAction\":[{\"@type\":\"ReadAction\",\"target\":[\"https:\\\/\\\/lospoliticosveracruz.com\\\/?p=147827\"]}]},{\"@type\":\"ImageObject\",\"inLanguage\":\"es\",\"@id\":\"https:\\\/\\\/lospoliticosveracruz.com\\\/?p=147827#primaryimage\",\"url\":\"https:\\\/\\\/lospoliticosveracruz.com\\\/wp-content\\\/uploads\\\/2025\\\/04\\\/Fanny-Yepez-Luna-e1768657334923.jpg\",\"contentUrl\":\"https:\\\/\\\/lospoliticosveracruz.com\\\/wp-content\\\/uploads\\\/2025\\\/04\\\/Fanny-Yepez-Luna-e1768657334923.jpg\",\"width\":600,\"height\":320},{\"@type\":\"BreadcrumbList\",\"@id\":\"https:\\\/\\\/lospoliticosveracruz.com\\\/?p=147827#breadcrumb\",\"itemListElement\":[{\"@type\":\"ListItem\",\"position\":1,\"name\":\"Portada\",\"item\":\"https:\\\/\\\/lospoliticosveracruz.com\\\/\"},{\"@type\":\"ListItem\",\"position\":2,\"name\":\"EL PLAN D\"}]},{\"@type\":\"WebSite\",\"@id\":\"https:\\\/\\\/lospoliticosveracruz.com\\\/#website\",\"url\":\"https:\\\/\\\/lospoliticosveracruz.com\\\/\",\"name\":\"Los pol\u00edticos Veracruz\",\"description\":\"\",\"publisher\":{\"@id\":\"https:\\\/\\\/lospoliticosveracruz.com\\\/#organization\"},\"potentialAction\":[{\"@type\":\"SearchAction\",\"target\":{\"@type\":\"EntryPoint\",\"urlTemplate\":\"https:\\\/\\\/lospoliticosveracruz.com\\\/?s={search_term_string}\"},\"query-input\":{\"@type\":\"PropertyValueSpecification\",\"valueRequired\":true,\"valueName\":\"search_term_string\"}}],\"inLanguage\":\"es\"},{\"@type\":\"Organization\",\"@id\":\"https:\\\/\\\/lospoliticosveracruz.com\\\/#organization\",\"name\":\"Los pol\u00edticos Veracruz\",\"url\":\"https:\\\/\\\/lospoliticosveracruz.com\\\/\",\"logo\":{\"@type\":\"ImageObject\",\"inLanguage\":\"es\",\"@id\":\"https:\\\/\\\/lospoliticosveracruz.com\\\/#\\\/schema\\\/logo\\\/image\\\/\",\"url\":\"https:\\\/\\\/lospoliticosveracruz.com\\\/wp-content\\\/uploads\\\/2025\\\/12\\\/Logo-Nuevo-LOS-POLITICOS-1.jpg\",\"contentUrl\":\"https:\\\/\\\/lospoliticosveracruz.com\\\/wp-content\\\/uploads\\\/2025\\\/12\\\/Logo-Nuevo-LOS-POLITICOS-1.jpg\",\"width\":260,\"height\":70,\"caption\":\"Los pol\u00edticos Veracruz\"},\"image\":{\"@id\":\"https:\\\/\\\/lospoliticosveracruz.com\\\/#\\\/schema\\\/logo\\\/image\\\/\"},\"sameAs\":[\"https:\\\/\\\/www.facebook.com\\\/people\\\/Notimemes-de-los-Polticos\\\/61565672886568\\\/\",\"https:\\\/\\\/x.com\\\/LosPoliticosVer\"]},{\"@type\":\"Person\",\"@id\":\"https:\\\/\\\/lospoliticosveracruz.com\\\/#\\\/schema\\\/person\\\/b8702bb0e538456e6efd07080bf2a4a2\",\"name\":\"Lo viste en Los Pol\u00edticos\",\"image\":{\"@type\":\"ImageObject\",\"inLanguage\":\"es\",\"@id\":\"https:\\\/\\\/secure.gravatar.com\\\/avatar\\\/3a8de04a2656d44082be478bd6c086daa447c4651605818287b9532d3d0bd435?s=96&d=mm&r=g\",\"url\":\"https:\\\/\\\/secure.gravatar.com\\\/avatar\\\/3a8de04a2656d44082be478bd6c086daa447c4651605818287b9532d3d0bd435?s=96&d=mm&r=g\",\"contentUrl\":\"https:\\\/\\\/secure.gravatar.com\\\/avatar\\\/3a8de04a2656d44082be478bd6c086daa447c4651605818287b9532d3d0bd435?s=96&d=mm&r=g\",\"caption\":\"Lo viste en Los Pol\u00edticos\"},\"url\":\"https:\\\/\\\/lospoliticosveracruz.com\\\/?author=2\"}]}<\/script>\n<!-- \/ Yoast SEO plugin. -->","yoast_head_json":{"title":"EL PLAN D - Los pol\u00edticos Veracruz","robots":{"index":"index","follow":"follow","max-snippet":"max-snippet:-1","max-image-preview":"max-image-preview:large","max-video-preview":"max-video-preview:-1"},"canonical":"https:\/\/lospoliticosveracruz.com\/?p=147827","og_locale":"es_ES","og_type":"article","og_title":"EL PLAN D - Los pol\u00edticos Veracruz","og_description":"Fanny Y\u00e9pezLa Columna Como parte del plan \u201cD\u201d los senadores y diputados federales de Morena, preparan sus bater\u00edas para defender y aprobar la iniciativa de reforma electoral, que har\u00e1 llegar a estas instituciones legislativas la Presidenta Claudia Sheinbaum Pardo, que tiene como principal objetivo la desaparici\u00f3n de los 200 diputados plurinominales y los fondos destinados [&hellip;]","og_url":"https:\/\/lospoliticosveracruz.com\/?p=147827","og_site_name":"Los pol\u00edticos Veracruz","article_publisher":"https:\/\/www.facebook.com\/people\/Notimemes-de-los-Polticos\/61565672886568\/","article_published_time":"2025-06-26T12:21:56+00:00","article_modified_time":"2025-06-26T12:22:32+00:00","og_image":[{"width":600,"height":320,"url":"https:\/\/lospoliticosveracruz.com\/wp-content\/uploads\/2025\/04\/Fanny-Yepez-Luna-e1768657334923.jpg","type":"image\/jpeg"}],"author":"Lo viste en Los Pol\u00edticos","twitter_card":"summary_large_image","twitter_creator":"@LosPoliticosVer","twitter_site":"@LosPoliticosVer","twitter_misc":{"Escrito por":"Lo viste en Los Pol\u00edticos","Tiempo de lectura":"5 minutos"},"schema":{"@context":"https:\/\/schema.org","@graph":[{"@type":"Article","@id":"https:\/\/lospoliticosveracruz.com\/?p=147827#article","isPartOf":{"@id":"https:\/\/lospoliticosveracruz.com\/?p=147827"},"author":{"name":"Lo viste en Los Pol\u00edticos","@id":"https:\/\/lospoliticosveracruz.com\/#\/schema\/person\/b8702bb0e538456e6efd07080bf2a4a2"},"headline":"EL PLAN D","datePublished":"2025-06-26T12:21:56+00:00","dateModified":"2025-06-26T12:22:32+00:00","mainEntityOfPage":{"@id":"https:\/\/lospoliticosveracruz.com\/?p=147827"},"wordCount":1052,"publisher":{"@id":"https:\/\/lospoliticosveracruz.com\/#organization"},"image":{"@id":"https:\/\/lospoliticosveracruz.com\/?p=147827#primaryimage"},"thumbnailUrl":"https:\/\/lospoliticosveracruz.com\/wp-content\/uploads\/2025\/04\/Fanny-Yepez-Luna-e1768657334923.jpg","keywords":["Morena","plurinominales","reformas electorales","Roc\u00edo Nahle","Veracruz"],"articleSection":["De Opini\u00f3n"],"inLanguage":"es"},{"@type":"WebPage","@id":"https:\/\/lospoliticosveracruz.com\/?p=147827","url":"https:\/\/lospoliticosveracruz.com\/?p=147827","name":"EL PLAN D - Los pol\u00edticos Veracruz","isPartOf":{"@id":"https:\/\/lospoliticosveracruz.com\/#website"},"primaryImageOfPage":{"@id":"https:\/\/lospoliticosveracruz.com\/?p=147827#primaryimage"},"image":{"@id":"https:\/\/lospoliticosveracruz.com\/?p=147827#primaryimage"},"thumbnailUrl":"https:\/\/lospoliticosveracruz.com\/wp-content\/uploads\/2025\/04\/Fanny-Yepez-Luna-e1768657334923.jpg","datePublished":"2025-06-26T12:21:56+00:00","dateModified":"2025-06-26T12:22:32+00:00","breadcrumb":{"@id":"https:\/\/lospoliticosveracruz.com\/?p=147827#breadcrumb"},"inLanguage":"es","potentialAction":[{"@type":"ReadAction","target":["https:\/\/lospoliticosveracruz.com\/?p=147827"]}]},{"@type":"ImageObject","inLanguage":"es","@id":"https:\/\/lospoliticosveracruz.com\/?p=147827#primaryimage","url":"https:\/\/lospoliticosveracruz.com\/wp-content\/uploads\/2025\/04\/Fanny-Yepez-Luna-e1768657334923.jpg","contentUrl":"https:\/\/lospoliticosveracruz.com\/wp-content\/uploads\/2025\/04\/Fanny-Yepez-Luna-e1768657334923.jpg","width":600,"height":320},{"@type":"BreadcrumbList","@id":"https:\/\/lospoliticosveracruz.com\/?p=147827#breadcrumb","itemListElement":[{"@type":"ListItem","position":1,"name":"Portada","item":"https:\/\/lospoliticosveracruz.com\/"},{"@type":"ListItem","position":2,"name":"EL PLAN D"}]},{"@type":"WebSite","@id":"https:\/\/lospoliticosveracruz.com\/#website","url":"https:\/\/lospoliticosveracruz.com\/","name":"Los pol\u00edticos Veracruz","description":"","publisher":{"@id":"https:\/\/lospoliticosveracruz.com\/#organization"},"potentialAction":[{"@type":"SearchAction","target":{"@type":"EntryPoint","urlTemplate":"https:\/\/lospoliticosveracruz.com\/?s={search_term_string}"},"query-input":{"@type":"PropertyValueSpecification","valueRequired":true,"valueName":"search_term_string"}}],"inLanguage":"es"},{"@type":"Organization","@id":"https:\/\/lospoliticosveracruz.com\/#organization","name":"Los pol\u00edticos Veracruz","url":"https:\/\/lospoliticosveracruz.com\/","logo":{"@type":"ImageObject","inLanguage":"es","@id":"https:\/\/lospoliticosveracruz.com\/#\/schema\/logo\/image\/","url":"https:\/\/lospoliticosveracruz.com\/wp-content\/uploads\/2025\/12\/Logo-Nuevo-LOS-POLITICOS-1.jpg","contentUrl":"https:\/\/lospoliticosveracruz.com\/wp-content\/uploads\/2025\/12\/Logo-Nuevo-LOS-POLITICOS-1.jpg","width":260,"height":70,"caption":"Los pol\u00edticos Veracruz"},"image":{"@id":"https:\/\/lospoliticosveracruz.com\/#\/schema\/logo\/image\/"},"sameAs":["https:\/\/www.facebook.com\/people\/Notimemes-de-los-Polticos\/61565672886568\/","https:\/\/x.com\/LosPoliticosVer"]},{"@type":"Person","@id":"https:\/\/lospoliticosveracruz.com\/#\/schema\/person\/b8702bb0e538456e6efd07080bf2a4a2","name":"Lo viste en Los Pol\u00edticos","image":{"@type":"ImageObject","inLanguage":"es","@id":"https:\/\/secure.gravatar.com\/avatar\/3a8de04a2656d44082be478bd6c086daa447c4651605818287b9532d3d0bd435?s=96&d=mm&r=g","url":"https:\/\/secure.gravatar.com\/avatar\/3a8de04a2656d44082be478bd6c086daa447c4651605818287b9532d3d0bd435?s=96&d=mm&r=g","contentUrl":"https:\/\/secure.gravatar.com\/avatar\/3a8de04a2656d44082be478bd6c086daa447c4651605818287b9532d3d0bd435?s=96&d=mm&r=g","caption":"Lo viste en Los Pol\u00edticos"},"url":"https:\/\/lospoliticosveracruz.com\/?author=2"}]}},"_links":{"self":[{"href":"https:\/\/lospoliticosveracruz.com\/index.php?rest_route=\/wp\/v2\/posts\/147827","targetHints":{"allow":["GET"]}}],"collection":[{"href":"https:\/\/lospoliticosveracruz.com\/index.php?rest_route=\/wp\/v2\/posts"}],"about":[{"href":"https:\/\/lospoliticosveracruz.com\/index.php?rest_route=\/wp\/v2\/types\/post"}],"author":[{"embeddable":true,"href":"https:\/\/lospoliticosveracruz.com\/index.php?rest_route=\/wp\/v2\/users\/2"}],"replies":[{"embeddable":true,"href":"https:\/\/lospoliticosveracruz.com\/index.php?rest_route=%2Fwp%2Fv2%2Fcomments&post=147827"}],"version-history":[{"count":1,"href":"https:\/\/lospoliticosveracruz.com\/index.php?rest_route=\/wp\/v2\/posts\/147827\/revisions"}],"predecessor-version":[{"id":147828,"href":"https:\/\/lospoliticosveracruz.com\/index.php?rest_route=\/wp\/v2\/posts\/147827\/revisions\/147828"}],"wp:featuredmedia":[{"embeddable":true,"href":"https:\/\/lospoliticosveracruz.com\/index.php?rest_route=\/wp\/v2\/media\/141383"}],"wp:attachment":[{"href":"https:\/\/lospoliticosveracruz.com\/index.php?rest_route=%2Fwp%2Fv2%2Fmedia&parent=147827"}],"wp:term":[{"taxonomy":"category","embeddable":true,"href":"https:\/\/lospoliticosveracruz.com\/index.php?rest_route=%2Fwp%2Fv2%2Fcategories&post=147827"},{"taxonomy":"post_tag","embeddable":true,"href":"https:\/\/lospoliticosveracruz.com\/index.php?rest_route=%2Fwp%2Fv2%2Ftags&post=147827"}],"curies":[{"name":"wp","href":"https:\/\/api.w.org\/{rel}","templated":true}]}}