{"id":147829,"date":"2025-06-26T08:08:46","date_gmt":"2025-06-26T13:08:46","guid":{"rendered":"https:\/\/lospoliticosveracruz.com.mx\/?p=147829"},"modified":"2025-06-26T08:09:00","modified_gmt":"2025-06-26T13:09:00","slug":"es-la-realidad-sin-resignacion-ni-oportunismo","status":"publish","type":"post","link":"https:\/\/lospoliticosveracruz.com\/?p=147829","title":{"rendered":"ES LA REALIDAD SIN RESIGNACI\u00d3N NI OPORTUNISMO"},"content":{"rendered":"\n\n\n<p><br><strong>Uriel Flores Aguayo<\/strong><\/p>\n\n\n\n<p>Decir que lo que se ve es obvio o que los protagonistas por fin se mostrar\u00e1n tal como son, o acudir a condenas morales y deslizarse al insulto y la broma, son los pasos seguros de la impotencia y, con el tiempo, al oportunismo. Se est\u00e1 terminando de instalar un r\u00e9gimen nuevo o distinto, ll\u00e1menle restaurador o transformador. Es una realidad. Hay que aprender a convivir con \u00e9l. La teor\u00eda de la evoluci\u00f3n de Darwin dec\u00eda que sobreviv\u00eda el que se adaptaba a la evoluci\u00f3n, no el m\u00e1s fuerte. Guardando las proporciones eso estamos viviendo en M\u00e9xico en lo pol\u00edtico. Cada ciudadano, individual o colectivamente, debe decidir qu\u00e9 hacer en apoyo u oposici\u00f3n al proceso en curso. Ser realistas sin resignarse a nada y mucho menos caer en el oportunismo. La abstenci\u00f3n a todo no es sana, degrada a la sociedad y facilita la impunidad total. Son tiempos de repensar la libertad, la democracia, el pluralismo y la legalidad. Revisarlo todo y apuntar, comprometidamente, hacia la contenci\u00f3n de excesos, el impulso de ideas y acciones concretas, de causas justas y la consolidaci\u00f3n del papel ciudadano. El poder pol\u00edtico no cubre todos los \u00e1mbitos del Estado, no incide en lo cotidiano ni en la mayor\u00eda de espacios de la poblaci\u00f3n. La vida seguir\u00e1 con sus virtudes y problemas. Hay que tener claridad de lo que se debe y puede hacer. Y es mucho. El l\u00edmite de todo autoritarismo es la libertad del individuo, es m\u00e1s , de la individualidad misma. Las esferas pol\u00edticas pueden vivir y reproducirse sin problema, suele ser una burbuja , mientras la gente com\u00fan hace su vida. Como ya lo vimos hasta la saciedad en reg\u00edmenes estatistas su proyecto ideol\u00f3gico y cultural no se adapta a la condici\u00f3n humana y, por lo tanto, fracasan. Regresan a la democracia liberal o se encierran dictatorialmente. Pero es su tiempo, se lo ganaron y tienen derecho a intentar implantarlo. De su formaci\u00f3n, disciplina y buenas intenciones depende que logren salir adelante o no.<br>Por edad y haber puesto el alma militante en las mejores causas, pienso que hay tareas y desaf\u00edos que le corresponden a las nuevas generaciones, que por ahora no se ven, pero que no deben descartarse en un mediano plazo. No soy h\u00e9roe y mi idealismo es m\u00e1s que sensato; el romanticismo es concreto para ciertas personas y algunas causas. Ya no el de ayer. No tengo problema para apoyar a mi autoridad municipal, por perfil, asumiendo que cualquier af\u00e1n cr\u00edtico y constructivo llega a ese nivel. No tengo fuerzas para pensar en hacer algo a nivel estatal y nacional. Me asumo ciudadano con banderas sociales y convicciones colectivas. En eso no hay retroceso. Nada m\u00e1s. Ni marginaci\u00f3n ni oportunismo. Ser\u00e1n otros los que hagan algo mejor en las v\u00edas nuevas o viejas que encontrar\u00e1n.<br>Nuestra sociedad es d\u00e9bil, no defiende a la democracia, vive inercialmente y se vincula minoritariamente con la pol\u00edtica; vota y ya, poco por cierto. Las oposiciones est\u00e1n fuera de la lucha por el poder federal, su alcance es municipal. Los grupos organizados de la sociedad con tendencia democratizadora son muy reducidos y aspiran a ser pol\u00edticos en el sentido tradicional. Hay otras expresiones populares y ciudadanas que sostienen banderas sociales de las m\u00e1s diversas problem\u00e1ticas de la sociedad. Seguir\u00e1n existiendo con o sin reconocimiento oficial, porque son aut\u00e9nticas y no buscan poder.<br>Lamentablemente casi nadie apoya causas y compromisos concretos, la inmensa mayor\u00eda es observadora y est\u00e1 inactiva. Aplauden y animan a otros, los pocos que hacen algo, pero no se involucran m\u00e1s all\u00e1 de los buenos deseos y las redes sociales.<br>No estamos ante un conflicto moral, de buenos y malos. Es un cambio radical de r\u00e9gimen ante el que eres ciudadano o masa. Ser\u00eda preferible comportarse como ciudadanos. Eso es posible y necesario. Los que venimos de muy lejos en el terreno de las ideas revolucionarias o reformistas ya vimos mucho, ya enfrentamos sistemas cerrados y fuimos protagonistas de los cambios. Estas pel\u00edculas ya las vimos. Y aqu\u00ed estamos. No es recomendable desgarrarse las vestiduras ni hundirse en la impotencia lastimera y burlona. Las condenas morales y la exhibici\u00f3n de los \u201cmalos\u201des la receta segura a la frustraci\u00f3n.<br>Hay que hacer algo, lo que se pueda o quiera, peque\u00f1o, por las personas, algunas concretas, por ideas y por causas directas. Hay mucho terreno ciudadano. Ya en lo pol\u00edtico es diferente, es lo que hay. Hay partidocracia y casta pol\u00edtica. Cada quien opta por lo que le resulte aceptable. No hay ideolog\u00edas, pudiera abrirse un espacio para elaborar algo.<br>Aqu\u00ed estamos, vivos, sanos, rodeados de afectos y con ganas de ser \u00fatiles socialmente. Mantenemos intactas las convicciones y el compromiso con lo colectivo, tenemos ideas, somos cr\u00edticos y hacemos vida p\u00fablica. Con eso es suficiente, carta de presentaci\u00f3n y legitimidad, para intentar algo, para participar, para incidir en el debate p\u00fablico y las decisiones de autoridad.<br>Recadito: mal la pr\u00f3rroga del Rector de la UV.<\/p>\n","protected":false},"excerpt":{"rendered":"<p>Uriel Flores Aguayo Decir que lo que se ve es obvio o que los protagonistas por fin se mostrar\u00e1n tal como son, o acudir a condenas morales y deslizarse al insulto y la broma, son los pasos seguros de la impotencia y, con el tiempo, al oportunismo. Se est\u00e1 terminando de instalar un r\u00e9gimen nuevo [&hellip;]<\/p>\n","protected":false},"author":2,"featured_media":141430,"comment_status":"closed","ping_status":"closed","sticky":false,"template":"","format":"standard","meta":{"tdm_status":"","tdm_grid_status":"","footnotes":""},"categories":[70],"tags":[],"class_list":{"0":"post-147829","1":"post","2":"type-post","3":"status-publish","4":"format-standard","5":"has-post-thumbnail","7":"category-de-opinion"},"yoast_head":"<!-- This site is optimized with the Yoast SEO plugin v27.4 - https:\/\/yoast.com\/product\/yoast-seo-wordpress\/ -->\n<title>ES LA REALIDAD SIN RESIGNACI\u00d3N NI OPORTUNISMO - Los pol\u00edticos Veracruz<\/title>\n<meta name=\"robots\" content=\"index, follow, max-snippet:-1, max-image-preview:large, max-video-preview:-1\" \/>\n<link rel=\"canonical\" href=\"https:\/\/lospoliticosveracruz.com\/?p=147829\" \/>\n<meta property=\"og:locale\" content=\"es_ES\" \/>\n<meta property=\"og:type\" content=\"article\" \/>\n<meta property=\"og:title\" content=\"ES LA REALIDAD SIN RESIGNACI\u00d3N NI OPORTUNISMO - Los pol\u00edticos Veracruz\" \/>\n<meta property=\"og:description\" content=\"Uriel Flores Aguayo Decir que lo que se ve es obvio o que los protagonistas por fin se mostrar\u00e1n tal como son, o acudir a condenas morales y deslizarse al insulto y la broma, son los pasos seguros de la impotencia y, con el tiempo, al oportunismo. Se est\u00e1 terminando de instalar un r\u00e9gimen nuevo [&hellip;]\" \/>\n<meta property=\"og:url\" content=\"https:\/\/lospoliticosveracruz.com\/?p=147829\" \/>\n<meta property=\"og:site_name\" content=\"Los pol\u00edticos Veracruz\" \/>\n<meta property=\"article:publisher\" content=\"https:\/\/www.facebook.com\/people\/Notimemes-de-los-Polticos\/61565672886568\/\" \/>\n<meta property=\"article:published_time\" content=\"2025-06-26T13:08:46+00:00\" \/>\n<meta property=\"article:modified_time\" content=\"2025-06-26T13:09:00+00:00\" \/>\n<meta property=\"og:image\" content=\"https:\/\/lospoliticosveracruz.com\/wp-content\/uploads\/2025\/04\/Uriel-Flores.jpg\" \/>\n\t<meta property=\"og:image:width\" content=\"1250\" \/>\n\t<meta property=\"og:image:height\" content=\"667\" \/>\n\t<meta property=\"og:image:type\" content=\"image\/jpeg\" \/>\n<meta name=\"author\" content=\"Lo viste en Los Pol\u00edticos\" \/>\n<meta name=\"twitter:card\" content=\"summary_large_image\" \/>\n<meta name=\"twitter:creator\" content=\"@LosPoliticosVer\" \/>\n<meta name=\"twitter:site\" content=\"@LosPoliticosVer\" \/>\n<meta name=\"twitter:label1\" content=\"Escrito por\" \/>\n\t<meta name=\"twitter:data1\" content=\"Lo viste en Los Pol\u00edticos\" \/>\n\t<meta name=\"twitter:label2\" content=\"Tiempo de lectura\" \/>\n\t<meta name=\"twitter:data2\" content=\"4 minutos\" \/>\n<script type=\"application\/ld+json\" class=\"yoast-schema-graph\">{\"@context\":\"https:\\\/\\\/schema.org\",\"@graph\":[{\"@type\":\"Article\",\"@id\":\"https:\\\/\\\/lospoliticosveracruz.com\\\/?p=147829#article\",\"isPartOf\":{\"@id\":\"https:\\\/\\\/lospoliticosveracruz.com\\\/?p=147829\"},\"author\":{\"name\":\"Lo viste en Los Pol\u00edticos\",\"@id\":\"https:\\\/\\\/lospoliticosveracruz.com\\\/#\\\/schema\\\/person\\\/b8702bb0e538456e6efd07080bf2a4a2\"},\"headline\":\"ES LA REALIDAD SIN RESIGNACI\u00d3N NI OPORTUNISMO\",\"datePublished\":\"2025-06-26T13:08:46+00:00\",\"dateModified\":\"2025-06-26T13:09:00+00:00\",\"mainEntityOfPage\":{\"@id\":\"https:\\\/\\\/lospoliticosveracruz.com\\\/?p=147829\"},\"wordCount\":894,\"publisher\":{\"@id\":\"https:\\\/\\\/lospoliticosveracruz.com\\\/#organization\"},\"image\":{\"@id\":\"https:\\\/\\\/lospoliticosveracruz.com\\\/?p=147829#primaryimage\"},\"thumbnailUrl\":\"https:\\\/\\\/lospoliticosveracruz.com\\\/wp-content\\\/uploads\\\/2025\\\/04\\\/Uriel-Flores.jpg\",\"articleSection\":[\"De Opini\u00f3n\"],\"inLanguage\":\"es\"},{\"@type\":\"WebPage\",\"@id\":\"https:\\\/\\\/lospoliticosveracruz.com\\\/?p=147829\",\"url\":\"https:\\\/\\\/lospoliticosveracruz.com\\\/?p=147829\",\"name\":\"ES LA REALIDAD SIN RESIGNACI\u00d3N NI OPORTUNISMO - Los pol\u00edticos Veracruz\",\"isPartOf\":{\"@id\":\"https:\\\/\\\/lospoliticosveracruz.com\\\/#website\"},\"primaryImageOfPage\":{\"@id\":\"https:\\\/\\\/lospoliticosveracruz.com\\\/?p=147829#primaryimage\"},\"image\":{\"@id\":\"https:\\\/\\\/lospoliticosveracruz.com\\\/?p=147829#primaryimage\"},\"thumbnailUrl\":\"https:\\\/\\\/lospoliticosveracruz.com\\\/wp-content\\\/uploads\\\/2025\\\/04\\\/Uriel-Flores.jpg\",\"datePublished\":\"2025-06-26T13:08:46+00:00\",\"dateModified\":\"2025-06-26T13:09:00+00:00\",\"breadcrumb\":{\"@id\":\"https:\\\/\\\/lospoliticosveracruz.com\\\/?p=147829#breadcrumb\"},\"inLanguage\":\"es\",\"potentialAction\":[{\"@type\":\"ReadAction\",\"target\":[\"https:\\\/\\\/lospoliticosveracruz.com\\\/?p=147829\"]}]},{\"@type\":\"ImageObject\",\"inLanguage\":\"es\",\"@id\":\"https:\\\/\\\/lospoliticosveracruz.com\\\/?p=147829#primaryimage\",\"url\":\"https:\\\/\\\/lospoliticosveracruz.com\\\/wp-content\\\/uploads\\\/2025\\\/04\\\/Uriel-Flores.jpg\",\"contentUrl\":\"https:\\\/\\\/lospoliticosveracruz.com\\\/wp-content\\\/uploads\\\/2025\\\/04\\\/Uriel-Flores.jpg\",\"width\":1250,\"height\":667},{\"@type\":\"BreadcrumbList\",\"@id\":\"https:\\\/\\\/lospoliticosveracruz.com\\\/?p=147829#breadcrumb\",\"itemListElement\":[{\"@type\":\"ListItem\",\"position\":1,\"name\":\"Portada\",\"item\":\"https:\\\/\\\/lospoliticosveracruz.com\\\/\"},{\"@type\":\"ListItem\",\"position\":2,\"name\":\"ES LA REALIDAD SIN RESIGNACI\u00d3N NI OPORTUNISMO\"}]},{\"@type\":\"WebSite\",\"@id\":\"https:\\\/\\\/lospoliticosveracruz.com\\\/#website\",\"url\":\"https:\\\/\\\/lospoliticosveracruz.com\\\/\",\"name\":\"Los pol\u00edticos Veracruz\",\"description\":\"\",\"publisher\":{\"@id\":\"https:\\\/\\\/lospoliticosveracruz.com\\\/#organization\"},\"potentialAction\":[{\"@type\":\"SearchAction\",\"target\":{\"@type\":\"EntryPoint\",\"urlTemplate\":\"https:\\\/\\\/lospoliticosveracruz.com\\\/?s={search_term_string}\"},\"query-input\":{\"@type\":\"PropertyValueSpecification\",\"valueRequired\":true,\"valueName\":\"search_term_string\"}}],\"inLanguage\":\"es\"},{\"@type\":\"Organization\",\"@id\":\"https:\\\/\\\/lospoliticosveracruz.com\\\/#organization\",\"name\":\"Los pol\u00edticos Veracruz\",\"url\":\"https:\\\/\\\/lospoliticosveracruz.com\\\/\",\"logo\":{\"@type\":\"ImageObject\",\"inLanguage\":\"es\",\"@id\":\"https:\\\/\\\/lospoliticosveracruz.com\\\/#\\\/schema\\\/logo\\\/image\\\/\",\"url\":\"https:\\\/\\\/lospoliticosveracruz.com\\\/wp-content\\\/uploads\\\/2025\\\/12\\\/Logo-Nuevo-LOS-POLITICOS-1.jpg\",\"contentUrl\":\"https:\\\/\\\/lospoliticosveracruz.com\\\/wp-content\\\/uploads\\\/2025\\\/12\\\/Logo-Nuevo-LOS-POLITICOS-1.jpg\",\"width\":260,\"height\":70,\"caption\":\"Los pol\u00edticos Veracruz\"},\"image\":{\"@id\":\"https:\\\/\\\/lospoliticosveracruz.com\\\/#\\\/schema\\\/logo\\\/image\\\/\"},\"sameAs\":[\"https:\\\/\\\/www.facebook.com\\\/people\\\/Notimemes-de-los-Polticos\\\/61565672886568\\\/\",\"https:\\\/\\\/x.com\\\/LosPoliticosVer\"]},{\"@type\":\"Person\",\"@id\":\"https:\\\/\\\/lospoliticosveracruz.com\\\/#\\\/schema\\\/person\\\/b8702bb0e538456e6efd07080bf2a4a2\",\"name\":\"Lo viste en Los Pol\u00edticos\",\"image\":{\"@type\":\"ImageObject\",\"inLanguage\":\"es\",\"@id\":\"https:\\\/\\\/secure.gravatar.com\\\/avatar\\\/3a8de04a2656d44082be478bd6c086daa447c4651605818287b9532d3d0bd435?s=96&d=mm&r=g\",\"url\":\"https:\\\/\\\/secure.gravatar.com\\\/avatar\\\/3a8de04a2656d44082be478bd6c086daa447c4651605818287b9532d3d0bd435?s=96&d=mm&r=g\",\"contentUrl\":\"https:\\\/\\\/secure.gravatar.com\\\/avatar\\\/3a8de04a2656d44082be478bd6c086daa447c4651605818287b9532d3d0bd435?s=96&d=mm&r=g\",\"caption\":\"Lo viste en Los Pol\u00edticos\"},\"url\":\"https:\\\/\\\/lospoliticosveracruz.com\\\/?author=2\"}]}<\/script>\n<!-- \/ Yoast SEO plugin. -->","yoast_head_json":{"title":"ES LA REALIDAD SIN RESIGNACI\u00d3N NI OPORTUNISMO - Los pol\u00edticos Veracruz","robots":{"index":"index","follow":"follow","max-snippet":"max-snippet:-1","max-image-preview":"max-image-preview:large","max-video-preview":"max-video-preview:-1"},"canonical":"https:\/\/lospoliticosveracruz.com\/?p=147829","og_locale":"es_ES","og_type":"article","og_title":"ES LA REALIDAD SIN RESIGNACI\u00d3N NI OPORTUNISMO - Los pol\u00edticos Veracruz","og_description":"Uriel Flores Aguayo Decir que lo que se ve es obvio o que los protagonistas por fin se mostrar\u00e1n tal como son, o acudir a condenas morales y deslizarse al insulto y la broma, son los pasos seguros de la impotencia y, con el tiempo, al oportunismo. Se est\u00e1 terminando de instalar un r\u00e9gimen nuevo [&hellip;]","og_url":"https:\/\/lospoliticosveracruz.com\/?p=147829","og_site_name":"Los pol\u00edticos Veracruz","article_publisher":"https:\/\/www.facebook.com\/people\/Notimemes-de-los-Polticos\/61565672886568\/","article_published_time":"2025-06-26T13:08:46+00:00","article_modified_time":"2025-06-26T13:09:00+00:00","og_image":[{"width":1250,"height":667,"url":"https:\/\/lospoliticosveracruz.com\/wp-content\/uploads\/2025\/04\/Uriel-Flores.jpg","type":"image\/jpeg"}],"author":"Lo viste en Los Pol\u00edticos","twitter_card":"summary_large_image","twitter_creator":"@LosPoliticosVer","twitter_site":"@LosPoliticosVer","twitter_misc":{"Escrito por":"Lo viste en Los Pol\u00edticos","Tiempo de lectura":"4 minutos"},"schema":{"@context":"https:\/\/schema.org","@graph":[{"@type":"Article","@id":"https:\/\/lospoliticosveracruz.com\/?p=147829#article","isPartOf":{"@id":"https:\/\/lospoliticosveracruz.com\/?p=147829"},"author":{"name":"Lo viste en Los Pol\u00edticos","@id":"https:\/\/lospoliticosveracruz.com\/#\/schema\/person\/b8702bb0e538456e6efd07080bf2a4a2"},"headline":"ES LA REALIDAD SIN RESIGNACI\u00d3N NI OPORTUNISMO","datePublished":"2025-06-26T13:08:46+00:00","dateModified":"2025-06-26T13:09:00+00:00","mainEntityOfPage":{"@id":"https:\/\/lospoliticosveracruz.com\/?p=147829"},"wordCount":894,"publisher":{"@id":"https:\/\/lospoliticosveracruz.com\/#organization"},"image":{"@id":"https:\/\/lospoliticosveracruz.com\/?p=147829#primaryimage"},"thumbnailUrl":"https:\/\/lospoliticosveracruz.com\/wp-content\/uploads\/2025\/04\/Uriel-Flores.jpg","articleSection":["De Opini\u00f3n"],"inLanguage":"es"},{"@type":"WebPage","@id":"https:\/\/lospoliticosveracruz.com\/?p=147829","url":"https:\/\/lospoliticosveracruz.com\/?p=147829","name":"ES LA REALIDAD SIN RESIGNACI\u00d3N NI OPORTUNISMO - Los pol\u00edticos Veracruz","isPartOf":{"@id":"https:\/\/lospoliticosveracruz.com\/#website"},"primaryImageOfPage":{"@id":"https:\/\/lospoliticosveracruz.com\/?p=147829#primaryimage"},"image":{"@id":"https:\/\/lospoliticosveracruz.com\/?p=147829#primaryimage"},"thumbnailUrl":"https:\/\/lospoliticosveracruz.com\/wp-content\/uploads\/2025\/04\/Uriel-Flores.jpg","datePublished":"2025-06-26T13:08:46+00:00","dateModified":"2025-06-26T13:09:00+00:00","breadcrumb":{"@id":"https:\/\/lospoliticosveracruz.com\/?p=147829#breadcrumb"},"inLanguage":"es","potentialAction":[{"@type":"ReadAction","target":["https:\/\/lospoliticosveracruz.com\/?p=147829"]}]},{"@type":"ImageObject","inLanguage":"es","@id":"https:\/\/lospoliticosveracruz.com\/?p=147829#primaryimage","url":"https:\/\/lospoliticosveracruz.com\/wp-content\/uploads\/2025\/04\/Uriel-Flores.jpg","contentUrl":"https:\/\/lospoliticosveracruz.com\/wp-content\/uploads\/2025\/04\/Uriel-Flores.jpg","width":1250,"height":667},{"@type":"BreadcrumbList","@id":"https:\/\/lospoliticosveracruz.com\/?p=147829#breadcrumb","itemListElement":[{"@type":"ListItem","position":1,"name":"Portada","item":"https:\/\/lospoliticosveracruz.com\/"},{"@type":"ListItem","position":2,"name":"ES LA REALIDAD SIN RESIGNACI\u00d3N NI OPORTUNISMO"}]},{"@type":"WebSite","@id":"https:\/\/lospoliticosveracruz.com\/#website","url":"https:\/\/lospoliticosveracruz.com\/","name":"Los pol\u00edticos Veracruz","description":"","publisher":{"@id":"https:\/\/lospoliticosveracruz.com\/#organization"},"potentialAction":[{"@type":"SearchAction","target":{"@type":"EntryPoint","urlTemplate":"https:\/\/lospoliticosveracruz.com\/?s={search_term_string}"},"query-input":{"@type":"PropertyValueSpecification","valueRequired":true,"valueName":"search_term_string"}}],"inLanguage":"es"},{"@type":"Organization","@id":"https:\/\/lospoliticosveracruz.com\/#organization","name":"Los pol\u00edticos Veracruz","url":"https:\/\/lospoliticosveracruz.com\/","logo":{"@type":"ImageObject","inLanguage":"es","@id":"https:\/\/lospoliticosveracruz.com\/#\/schema\/logo\/image\/","url":"https:\/\/lospoliticosveracruz.com\/wp-content\/uploads\/2025\/12\/Logo-Nuevo-LOS-POLITICOS-1.jpg","contentUrl":"https:\/\/lospoliticosveracruz.com\/wp-content\/uploads\/2025\/12\/Logo-Nuevo-LOS-POLITICOS-1.jpg","width":260,"height":70,"caption":"Los pol\u00edticos Veracruz"},"image":{"@id":"https:\/\/lospoliticosveracruz.com\/#\/schema\/logo\/image\/"},"sameAs":["https:\/\/www.facebook.com\/people\/Notimemes-de-los-Polticos\/61565672886568\/","https:\/\/x.com\/LosPoliticosVer"]},{"@type":"Person","@id":"https:\/\/lospoliticosveracruz.com\/#\/schema\/person\/b8702bb0e538456e6efd07080bf2a4a2","name":"Lo viste en Los Pol\u00edticos","image":{"@type":"ImageObject","inLanguage":"es","@id":"https:\/\/secure.gravatar.com\/avatar\/3a8de04a2656d44082be478bd6c086daa447c4651605818287b9532d3d0bd435?s=96&d=mm&r=g","url":"https:\/\/secure.gravatar.com\/avatar\/3a8de04a2656d44082be478bd6c086daa447c4651605818287b9532d3d0bd435?s=96&d=mm&r=g","contentUrl":"https:\/\/secure.gravatar.com\/avatar\/3a8de04a2656d44082be478bd6c086daa447c4651605818287b9532d3d0bd435?s=96&d=mm&r=g","caption":"Lo viste en Los Pol\u00edticos"},"url":"https:\/\/lospoliticosveracruz.com\/?author=2"}]}},"_links":{"self":[{"href":"https:\/\/lospoliticosveracruz.com\/index.php?rest_route=\/wp\/v2\/posts\/147829","targetHints":{"allow":["GET"]}}],"collection":[{"href":"https:\/\/lospoliticosveracruz.com\/index.php?rest_route=\/wp\/v2\/posts"}],"about":[{"href":"https:\/\/lospoliticosveracruz.com\/index.php?rest_route=\/wp\/v2\/types\/post"}],"author":[{"embeddable":true,"href":"https:\/\/lospoliticosveracruz.com\/index.php?rest_route=\/wp\/v2\/users\/2"}],"replies":[{"embeddable":true,"href":"https:\/\/lospoliticosveracruz.com\/index.php?rest_route=%2Fwp%2Fv2%2Fcomments&post=147829"}],"version-history":[{"count":1,"href":"https:\/\/lospoliticosveracruz.com\/index.php?rest_route=\/wp\/v2\/posts\/147829\/revisions"}],"predecessor-version":[{"id":147830,"href":"https:\/\/lospoliticosveracruz.com\/index.php?rest_route=\/wp\/v2\/posts\/147829\/revisions\/147830"}],"wp:featuredmedia":[{"embeddable":true,"href":"https:\/\/lospoliticosveracruz.com\/index.php?rest_route=\/wp\/v2\/media\/141430"}],"wp:attachment":[{"href":"https:\/\/lospoliticosveracruz.com\/index.php?rest_route=%2Fwp%2Fv2%2Fmedia&parent=147829"}],"wp:term":[{"taxonomy":"category","embeddable":true,"href":"https:\/\/lospoliticosveracruz.com\/index.php?rest_route=%2Fwp%2Fv2%2Fcategories&post=147829"},{"taxonomy":"post_tag","embeddable":true,"href":"https:\/\/lospoliticosveracruz.com\/index.php?rest_route=%2Fwp%2Fv2%2Ftags&post=147829"}],"curies":[{"name":"wp","href":"https:\/\/api.w.org\/{rel}","templated":true}]}}