{"id":147831,"date":"2025-06-26T08:42:55","date_gmt":"2025-06-26T13:42:55","guid":{"rendered":"https:\/\/lospoliticosveracruz.com.mx\/?p=147831"},"modified":"2025-06-26T08:45:29","modified_gmt":"2025-06-26T13:45:29","slug":"las-herencias-municipales","status":"publish","type":"post","link":"https:\/\/lospoliticosveracruz.com\/?p=147831","title":{"rendered":"LAS HERENCIAS MUNICIPALES\u00a0"},"content":{"rendered":"\n\n\n<p><br><em><strong>Yamiri Rodr\u00edguez Madrid<\/strong><\/em><\/p>\n\n\n\n<p><em>La vuelta a Veracruz en un teclazo<\/em><\/p>\n\n\n\n<p>Hace cuatro a\u00f1os, cuando los hoy&nbsp;&nbsp;presidentes municipales salientes llegaron a los ayuntamientos, se dieron cuenta que muchos de sus antecesores se hab\u00edan llevado, literalmente, hasta los clips.&nbsp;&nbsp;&nbsp;Enero y febrero de 2022 vimos cantidad de videos en redes sociales denunciando en qu\u00e9 estado les dejaban instalaciones y, peor a\u00fan, las finanzas.<\/p>\n\n\n\n<p>Por ejemplo, en Cosautl\u00e1n de Carvajal, Jes\u00fas Antonio Valdivia Huerta, se alarm\u00f3 de los problemas financieros que le heredaron, entre estos el pago de casi 3 millones de pesos en laudos. Jos\u00e9 de Jes\u00fas Landa Hern\u00e1ndez, presidente municipal de Las Vigas, acus\u00f3 que le vaciaron las bodegas y le dejaron pura unidad chatarra, adem\u00e1s de que se llevaron las computadoras. En Teocelo, Isaac Alberto Anell Reyes dio a conocer en su momento que encontr\u00f3 las arcas p\u00fablicas sin un peso y un Ayuntamiento muy endeudado, hasta con la Conagua y con multas.&nbsp;<\/p>\n\n\n\n<p>Pero bien dicen que no hay nada nuevo bajo el sol. Esta es una historia que se repite cada cambio de cuatrienio, lo que nos hace dudar de que tan transparentes y serios son los procesos de entrega-recepci\u00f3n que llevan a cabo meses antes de entrar en funciones. Pero retomando otro dicho, cuando veas las barbas de tu vecino cortar, pon las tuyas remojar, los presidentes municipales electos deben elegir minuciosamente a su equipo de transici\u00f3n, con expertos en las \u00e1reas sensibles, para evitar llevarse sorpresas may\u00fasculas a partir del 1 de enero de 2026. De no hacerlo y poner en ese equipo clave a los amigos, a los compadres o a los que estuvieron caminando, podr\u00edan llevarse sorpresas.<\/p>\n\n\n\n<p>Lo cierto es que tanto peca el que mata la vaca, como el que le agarra la pata y el no denunciar a los antecesores, los hace tambi\u00e9n c\u00f3mplices.&nbsp;&nbsp;Cada cuatro a\u00f1os hay mucho ruido, pero pocas nueces, \u00bfo cu\u00e1ntos expresidentes municipales est\u00e1n tras las rejas por haberle metido la mano al caj\u00f3n? M\u00e1s se les complica cuando son del mismo partido\u2026<\/p>\n\n\n\n<p>As\u00ed que m\u00e1s vale que revisen todo con lupa, que hagan seguimiento, que est\u00e9n atentos para que el arranque sea lo menos convulso posible.<\/p>\n\n\n\n<p>@YamiriRodriguez<\/p>\n","protected":false},"excerpt":{"rendered":"<p>Yamiri Rodr\u00edguez Madrid La vuelta a Veracruz en un teclazo Hace cuatro a\u00f1os, cuando los hoy&nbsp;&nbsp;presidentes municipales salientes llegaron a los ayuntamientos, se dieron cuenta que muchos de sus antecesores se hab\u00edan llevado, literalmente, hasta los clips.&nbsp;&nbsp;&nbsp;Enero y febrero de 2022 vimos cantidad de videos en redes sociales denunciando en qu\u00e9 estado les dejaban instalaciones [&hellip;]<\/p>\n","protected":false},"author":2,"featured_media":141413,"comment_status":"closed","ping_status":"closed","sticky":false,"template":"","format":"standard","meta":{"tdm_status":"","tdm_grid_status":"","footnotes":""},"categories":[1],"tags":[],"class_list":{"0":"post-147831","1":"post","2":"type-post","3":"status-publish","4":"format-standard","5":"has-post-thumbnail","7":"category-sin-categoria"},"yoast_head":"<!-- This site is optimized with the Yoast SEO plugin v27.4 - https:\/\/yoast.com\/product\/yoast-seo-wordpress\/ -->\n<title>LAS HERENCIAS MUNICIPALES\u00a0 - Los pol\u00edticos Veracruz<\/title>\n<meta name=\"robots\" content=\"index, follow, max-snippet:-1, max-image-preview:large, max-video-preview:-1\" \/>\n<link rel=\"canonical\" href=\"https:\/\/lospoliticosveracruz.com\/?p=147831\" \/>\n<meta property=\"og:locale\" content=\"es_ES\" \/>\n<meta property=\"og:type\" content=\"article\" \/>\n<meta property=\"og:title\" content=\"LAS HERENCIAS MUNICIPALES\u00a0 - Los pol\u00edticos Veracruz\" \/>\n<meta property=\"og:description\" content=\"Yamiri Rodr\u00edguez Madrid La vuelta a Veracruz en un teclazo Hace cuatro a\u00f1os, cuando los hoy&nbsp;&nbsp;presidentes municipales salientes llegaron a los ayuntamientos, se dieron cuenta que muchos de sus antecesores se hab\u00edan llevado, literalmente, hasta los clips.&nbsp;&nbsp;&nbsp;Enero y febrero de 2022 vimos cantidad de videos en redes sociales denunciando en qu\u00e9 estado les dejaban instalaciones [&hellip;]\" \/>\n<meta property=\"og:url\" content=\"https:\/\/lospoliticosveracruz.com\/?p=147831\" \/>\n<meta property=\"og:site_name\" content=\"Los pol\u00edticos Veracruz\" \/>\n<meta property=\"article:publisher\" content=\"https:\/\/www.facebook.com\/people\/Notimemes-de-los-Polticos\/61565672886568\/\" \/>\n<meta property=\"article:published_time\" content=\"2025-06-26T13:42:55+00:00\" \/>\n<meta property=\"article:modified_time\" content=\"2025-06-26T13:45:29+00:00\" \/>\n<meta property=\"og:image\" content=\"https:\/\/lospoliticosveracruz.com\/wp-content\/uploads\/2025\/04\/Yamiri-Rodriguez-Madrid-e1768315710241.jpg\" \/>\n\t<meta property=\"og:image:width\" content=\"600\" \/>\n\t<meta property=\"og:image:height\" content=\"320\" \/>\n\t<meta property=\"og:image:type\" content=\"image\/jpeg\" \/>\n<meta name=\"author\" content=\"Lo viste en Los Pol\u00edticos\" \/>\n<meta name=\"twitter:card\" content=\"summary_large_image\" \/>\n<meta name=\"twitter:creator\" content=\"@LosPoliticosVer\" \/>\n<meta name=\"twitter:site\" content=\"@LosPoliticosVer\" \/>\n<meta name=\"twitter:label1\" content=\"Escrito por\" \/>\n\t<meta name=\"twitter:data1\" content=\"Lo viste en Los Pol\u00edticos\" \/>\n\t<meta name=\"twitter:label2\" content=\"Tiempo de lectura\" \/>\n\t<meta name=\"twitter:data2\" content=\"2 minutos\" \/>\n<script type=\"application\/ld+json\" class=\"yoast-schema-graph\">{\"@context\":\"https:\\\/\\\/schema.org\",\"@graph\":[{\"@type\":\"Article\",\"@id\":\"https:\\\/\\\/lospoliticosveracruz.com\\\/?p=147831#article\",\"isPartOf\":{\"@id\":\"https:\\\/\\\/lospoliticosveracruz.com\\\/?p=147831\"},\"author\":{\"name\":\"Lo viste en Los Pol\u00edticos\",\"@id\":\"https:\\\/\\\/lospoliticosveracruz.com\\\/#\\\/schema\\\/person\\\/b8702bb0e538456e6efd07080bf2a4a2\"},\"headline\":\"LAS HERENCIAS MUNICIPALES\u00a0\",\"datePublished\":\"2025-06-26T13:42:55+00:00\",\"dateModified\":\"2025-06-26T13:45:29+00:00\",\"mainEntityOfPage\":{\"@id\":\"https:\\\/\\\/lospoliticosveracruz.com\\\/?p=147831\"},\"wordCount\":390,\"publisher\":{\"@id\":\"https:\\\/\\\/lospoliticosveracruz.com\\\/#organization\"},\"image\":{\"@id\":\"https:\\\/\\\/lospoliticosveracruz.com\\\/?p=147831#primaryimage\"},\"thumbnailUrl\":\"https:\\\/\\\/lospoliticosveracruz.com\\\/wp-content\\\/uploads\\\/2025\\\/04\\\/Yamiri-Rodriguez-Madrid-e1768315710241.jpg\",\"inLanguage\":\"es\"},{\"@type\":\"WebPage\",\"@id\":\"https:\\\/\\\/lospoliticosveracruz.com\\\/?p=147831\",\"url\":\"https:\\\/\\\/lospoliticosveracruz.com\\\/?p=147831\",\"name\":\"LAS HERENCIAS MUNICIPALES\u00a0 - Los pol\u00edticos Veracruz\",\"isPartOf\":{\"@id\":\"https:\\\/\\\/lospoliticosveracruz.com\\\/#website\"},\"primaryImageOfPage\":{\"@id\":\"https:\\\/\\\/lospoliticosveracruz.com\\\/?p=147831#primaryimage\"},\"image\":{\"@id\":\"https:\\\/\\\/lospoliticosveracruz.com\\\/?p=147831#primaryimage\"},\"thumbnailUrl\":\"https:\\\/\\\/lospoliticosveracruz.com\\\/wp-content\\\/uploads\\\/2025\\\/04\\\/Yamiri-Rodriguez-Madrid-e1768315710241.jpg\",\"datePublished\":\"2025-06-26T13:42:55+00:00\",\"dateModified\":\"2025-06-26T13:45:29+00:00\",\"breadcrumb\":{\"@id\":\"https:\\\/\\\/lospoliticosveracruz.com\\\/?p=147831#breadcrumb\"},\"inLanguage\":\"es\",\"potentialAction\":[{\"@type\":\"ReadAction\",\"target\":[\"https:\\\/\\\/lospoliticosveracruz.com\\\/?p=147831\"]}]},{\"@type\":\"ImageObject\",\"inLanguage\":\"es\",\"@id\":\"https:\\\/\\\/lospoliticosveracruz.com\\\/?p=147831#primaryimage\",\"url\":\"https:\\\/\\\/lospoliticosveracruz.com\\\/wp-content\\\/uploads\\\/2025\\\/04\\\/Yamiri-Rodriguez-Madrid-e1768315710241.jpg\",\"contentUrl\":\"https:\\\/\\\/lospoliticosveracruz.com\\\/wp-content\\\/uploads\\\/2025\\\/04\\\/Yamiri-Rodriguez-Madrid-e1768315710241.jpg\",\"width\":600,\"height\":320},{\"@type\":\"BreadcrumbList\",\"@id\":\"https:\\\/\\\/lospoliticosveracruz.com\\\/?p=147831#breadcrumb\",\"itemListElement\":[{\"@type\":\"ListItem\",\"position\":1,\"name\":\"Portada\",\"item\":\"https:\\\/\\\/lospoliticosveracruz.com\\\/\"},{\"@type\":\"ListItem\",\"position\":2,\"name\":\"LAS HERENCIAS MUNICIPALES\u00a0\"}]},{\"@type\":\"WebSite\",\"@id\":\"https:\\\/\\\/lospoliticosveracruz.com\\\/#website\",\"url\":\"https:\\\/\\\/lospoliticosveracruz.com\\\/\",\"name\":\"Los pol\u00edticos Veracruz\",\"description\":\"\",\"publisher\":{\"@id\":\"https:\\\/\\\/lospoliticosveracruz.com\\\/#organization\"},\"potentialAction\":[{\"@type\":\"SearchAction\",\"target\":{\"@type\":\"EntryPoint\",\"urlTemplate\":\"https:\\\/\\\/lospoliticosveracruz.com\\\/?s={search_term_string}\"},\"query-input\":{\"@type\":\"PropertyValueSpecification\",\"valueRequired\":true,\"valueName\":\"search_term_string\"}}],\"inLanguage\":\"es\"},{\"@type\":\"Organization\",\"@id\":\"https:\\\/\\\/lospoliticosveracruz.com\\\/#organization\",\"name\":\"Los pol\u00edticos Veracruz\",\"url\":\"https:\\\/\\\/lospoliticosveracruz.com\\\/\",\"logo\":{\"@type\":\"ImageObject\",\"inLanguage\":\"es\",\"@id\":\"https:\\\/\\\/lospoliticosveracruz.com\\\/#\\\/schema\\\/logo\\\/image\\\/\",\"url\":\"https:\\\/\\\/lospoliticosveracruz.com\\\/wp-content\\\/uploads\\\/2025\\\/12\\\/Logo-Nuevo-LOS-POLITICOS-1.jpg\",\"contentUrl\":\"https:\\\/\\\/lospoliticosveracruz.com\\\/wp-content\\\/uploads\\\/2025\\\/12\\\/Logo-Nuevo-LOS-POLITICOS-1.jpg\",\"width\":260,\"height\":70,\"caption\":\"Los pol\u00edticos Veracruz\"},\"image\":{\"@id\":\"https:\\\/\\\/lospoliticosveracruz.com\\\/#\\\/schema\\\/logo\\\/image\\\/\"},\"sameAs\":[\"https:\\\/\\\/www.facebook.com\\\/people\\\/Notimemes-de-los-Polticos\\\/61565672886568\\\/\",\"https:\\\/\\\/x.com\\\/LosPoliticosVer\"]},{\"@type\":\"Person\",\"@id\":\"https:\\\/\\\/lospoliticosveracruz.com\\\/#\\\/schema\\\/person\\\/b8702bb0e538456e6efd07080bf2a4a2\",\"name\":\"Lo viste en Los Pol\u00edticos\",\"image\":{\"@type\":\"ImageObject\",\"inLanguage\":\"es\",\"@id\":\"https:\\\/\\\/secure.gravatar.com\\\/avatar\\\/3a8de04a2656d44082be478bd6c086daa447c4651605818287b9532d3d0bd435?s=96&d=mm&r=g\",\"url\":\"https:\\\/\\\/secure.gravatar.com\\\/avatar\\\/3a8de04a2656d44082be478bd6c086daa447c4651605818287b9532d3d0bd435?s=96&d=mm&r=g\",\"contentUrl\":\"https:\\\/\\\/secure.gravatar.com\\\/avatar\\\/3a8de04a2656d44082be478bd6c086daa447c4651605818287b9532d3d0bd435?s=96&d=mm&r=g\",\"caption\":\"Lo viste en Los Pol\u00edticos\"},\"url\":\"https:\\\/\\\/lospoliticosveracruz.com\\\/?author=2\"}]}<\/script>\n<!-- \/ Yoast SEO plugin. -->","yoast_head_json":{"title":"LAS HERENCIAS MUNICIPALES\u00a0 - Los pol\u00edticos Veracruz","robots":{"index":"index","follow":"follow","max-snippet":"max-snippet:-1","max-image-preview":"max-image-preview:large","max-video-preview":"max-video-preview:-1"},"canonical":"https:\/\/lospoliticosveracruz.com\/?p=147831","og_locale":"es_ES","og_type":"article","og_title":"LAS HERENCIAS MUNICIPALES\u00a0 - Los pol\u00edticos Veracruz","og_description":"Yamiri Rodr\u00edguez Madrid La vuelta a Veracruz en un teclazo Hace cuatro a\u00f1os, cuando los hoy&nbsp;&nbsp;presidentes municipales salientes llegaron a los ayuntamientos, se dieron cuenta que muchos de sus antecesores se hab\u00edan llevado, literalmente, hasta los clips.&nbsp;&nbsp;&nbsp;Enero y febrero de 2022 vimos cantidad de videos en redes sociales denunciando en qu\u00e9 estado les dejaban instalaciones [&hellip;]","og_url":"https:\/\/lospoliticosveracruz.com\/?p=147831","og_site_name":"Los pol\u00edticos Veracruz","article_publisher":"https:\/\/www.facebook.com\/people\/Notimemes-de-los-Polticos\/61565672886568\/","article_published_time":"2025-06-26T13:42:55+00:00","article_modified_time":"2025-06-26T13:45:29+00:00","og_image":[{"width":600,"height":320,"url":"https:\/\/lospoliticosveracruz.com\/wp-content\/uploads\/2025\/04\/Yamiri-Rodriguez-Madrid-e1768315710241.jpg","type":"image\/jpeg"}],"author":"Lo viste en Los Pol\u00edticos","twitter_card":"summary_large_image","twitter_creator":"@LosPoliticosVer","twitter_site":"@LosPoliticosVer","twitter_misc":{"Escrito por":"Lo viste en Los Pol\u00edticos","Tiempo de lectura":"2 minutos"},"schema":{"@context":"https:\/\/schema.org","@graph":[{"@type":"Article","@id":"https:\/\/lospoliticosveracruz.com\/?p=147831#article","isPartOf":{"@id":"https:\/\/lospoliticosveracruz.com\/?p=147831"},"author":{"name":"Lo viste en Los Pol\u00edticos","@id":"https:\/\/lospoliticosveracruz.com\/#\/schema\/person\/b8702bb0e538456e6efd07080bf2a4a2"},"headline":"LAS HERENCIAS MUNICIPALES\u00a0","datePublished":"2025-06-26T13:42:55+00:00","dateModified":"2025-06-26T13:45:29+00:00","mainEntityOfPage":{"@id":"https:\/\/lospoliticosveracruz.com\/?p=147831"},"wordCount":390,"publisher":{"@id":"https:\/\/lospoliticosveracruz.com\/#organization"},"image":{"@id":"https:\/\/lospoliticosveracruz.com\/?p=147831#primaryimage"},"thumbnailUrl":"https:\/\/lospoliticosveracruz.com\/wp-content\/uploads\/2025\/04\/Yamiri-Rodriguez-Madrid-e1768315710241.jpg","inLanguage":"es"},{"@type":"WebPage","@id":"https:\/\/lospoliticosveracruz.com\/?p=147831","url":"https:\/\/lospoliticosveracruz.com\/?p=147831","name":"LAS HERENCIAS MUNICIPALES\u00a0 - Los pol\u00edticos Veracruz","isPartOf":{"@id":"https:\/\/lospoliticosveracruz.com\/#website"},"primaryImageOfPage":{"@id":"https:\/\/lospoliticosveracruz.com\/?p=147831#primaryimage"},"image":{"@id":"https:\/\/lospoliticosveracruz.com\/?p=147831#primaryimage"},"thumbnailUrl":"https:\/\/lospoliticosveracruz.com\/wp-content\/uploads\/2025\/04\/Yamiri-Rodriguez-Madrid-e1768315710241.jpg","datePublished":"2025-06-26T13:42:55+00:00","dateModified":"2025-06-26T13:45:29+00:00","breadcrumb":{"@id":"https:\/\/lospoliticosveracruz.com\/?p=147831#breadcrumb"},"inLanguage":"es","potentialAction":[{"@type":"ReadAction","target":["https:\/\/lospoliticosveracruz.com\/?p=147831"]}]},{"@type":"ImageObject","inLanguage":"es","@id":"https:\/\/lospoliticosveracruz.com\/?p=147831#primaryimage","url":"https:\/\/lospoliticosveracruz.com\/wp-content\/uploads\/2025\/04\/Yamiri-Rodriguez-Madrid-e1768315710241.jpg","contentUrl":"https:\/\/lospoliticosveracruz.com\/wp-content\/uploads\/2025\/04\/Yamiri-Rodriguez-Madrid-e1768315710241.jpg","width":600,"height":320},{"@type":"BreadcrumbList","@id":"https:\/\/lospoliticosveracruz.com\/?p=147831#breadcrumb","itemListElement":[{"@type":"ListItem","position":1,"name":"Portada","item":"https:\/\/lospoliticosveracruz.com\/"},{"@type":"ListItem","position":2,"name":"LAS HERENCIAS MUNICIPALES\u00a0"}]},{"@type":"WebSite","@id":"https:\/\/lospoliticosveracruz.com\/#website","url":"https:\/\/lospoliticosveracruz.com\/","name":"Los pol\u00edticos Veracruz","description":"","publisher":{"@id":"https:\/\/lospoliticosveracruz.com\/#organization"},"potentialAction":[{"@type":"SearchAction","target":{"@type":"EntryPoint","urlTemplate":"https:\/\/lospoliticosveracruz.com\/?s={search_term_string}"},"query-input":{"@type":"PropertyValueSpecification","valueRequired":true,"valueName":"search_term_string"}}],"inLanguage":"es"},{"@type":"Organization","@id":"https:\/\/lospoliticosveracruz.com\/#organization","name":"Los pol\u00edticos Veracruz","url":"https:\/\/lospoliticosveracruz.com\/","logo":{"@type":"ImageObject","inLanguage":"es","@id":"https:\/\/lospoliticosveracruz.com\/#\/schema\/logo\/image\/","url":"https:\/\/lospoliticosveracruz.com\/wp-content\/uploads\/2025\/12\/Logo-Nuevo-LOS-POLITICOS-1.jpg","contentUrl":"https:\/\/lospoliticosveracruz.com\/wp-content\/uploads\/2025\/12\/Logo-Nuevo-LOS-POLITICOS-1.jpg","width":260,"height":70,"caption":"Los pol\u00edticos Veracruz"},"image":{"@id":"https:\/\/lospoliticosveracruz.com\/#\/schema\/logo\/image\/"},"sameAs":["https:\/\/www.facebook.com\/people\/Notimemes-de-los-Polticos\/61565672886568\/","https:\/\/x.com\/LosPoliticosVer"]},{"@type":"Person","@id":"https:\/\/lospoliticosveracruz.com\/#\/schema\/person\/b8702bb0e538456e6efd07080bf2a4a2","name":"Lo viste en Los Pol\u00edticos","image":{"@type":"ImageObject","inLanguage":"es","@id":"https:\/\/secure.gravatar.com\/avatar\/3a8de04a2656d44082be478bd6c086daa447c4651605818287b9532d3d0bd435?s=96&d=mm&r=g","url":"https:\/\/secure.gravatar.com\/avatar\/3a8de04a2656d44082be478bd6c086daa447c4651605818287b9532d3d0bd435?s=96&d=mm&r=g","contentUrl":"https:\/\/secure.gravatar.com\/avatar\/3a8de04a2656d44082be478bd6c086daa447c4651605818287b9532d3d0bd435?s=96&d=mm&r=g","caption":"Lo viste en Los Pol\u00edticos"},"url":"https:\/\/lospoliticosveracruz.com\/?author=2"}]}},"_links":{"self":[{"href":"https:\/\/lospoliticosveracruz.com\/index.php?rest_route=\/wp\/v2\/posts\/147831","targetHints":{"allow":["GET"]}}],"collection":[{"href":"https:\/\/lospoliticosveracruz.com\/index.php?rest_route=\/wp\/v2\/posts"}],"about":[{"href":"https:\/\/lospoliticosveracruz.com\/index.php?rest_route=\/wp\/v2\/types\/post"}],"author":[{"embeddable":true,"href":"https:\/\/lospoliticosveracruz.com\/index.php?rest_route=\/wp\/v2\/users\/2"}],"replies":[{"embeddable":true,"href":"https:\/\/lospoliticosveracruz.com\/index.php?rest_route=%2Fwp%2Fv2%2Fcomments&post=147831"}],"version-history":[{"count":1,"href":"https:\/\/lospoliticosveracruz.com\/index.php?rest_route=\/wp\/v2\/posts\/147831\/revisions"}],"predecessor-version":[{"id":147832,"href":"https:\/\/lospoliticosveracruz.com\/index.php?rest_route=\/wp\/v2\/posts\/147831\/revisions\/147832"}],"wp:featuredmedia":[{"embeddable":true,"href":"https:\/\/lospoliticosveracruz.com\/index.php?rest_route=\/wp\/v2\/media\/141413"}],"wp:attachment":[{"href":"https:\/\/lospoliticosveracruz.com\/index.php?rest_route=%2Fwp%2Fv2%2Fmedia&parent=147831"}],"wp:term":[{"taxonomy":"category","embeddable":true,"href":"https:\/\/lospoliticosveracruz.com\/index.php?rest_route=%2Fwp%2Fv2%2Fcategories&post=147831"},{"taxonomy":"post_tag","embeddable":true,"href":"https:\/\/lospoliticosveracruz.com\/index.php?rest_route=%2Fwp%2Fv2%2Ftags&post=147831"}],"curies":[{"name":"wp","href":"https:\/\/api.w.org\/{rel}","templated":true}]}}