{"id":147833,"date":"2025-06-26T09:27:16","date_gmt":"2025-06-26T14:27:16","guid":{"rendered":"https:\/\/lospoliticosveracruz.com.mx\/?p=147833"},"modified":"2025-06-26T11:07:42","modified_gmt":"2025-06-26T16:07:42","slug":"la-huela-del-carbono","status":"publish","type":"post","link":"https:\/\/lospoliticosveracruz.com\/?p=147833","title":{"rendered":"LA HUELLA DEL CARBONO"},"content":{"rendered":"\n\n\n<p><strong>Luis Alberto Romero<\/strong><\/p>\n\n\n\n<p><em>Hora cero<\/em><\/p>\n\n\n\n<p>En un mundo cada vez m\u00e1s afectado por el cambio clim\u00e1tico, el concepto de huella de carbono ha dejado de ser una noci\u00f3n t\u00e9cnica exclusiva de especialistas ambientales para convertirse en una m\u00e9trica cr\u00edtica que involucra a gobiernos, ciudadanos y, especialmente, al sector empresarial.<\/p>\n\n\n\n<p>La huella de carbono representa el total de gases de efecto invernadero (GEI) emitidos directa o indirectamente por una actividad humana, y su reducci\u00f3n es un componente esencial en la lucha global contra el calentamiento global.<\/p>\n\n\n\n<p>Las empresas, como actores importantes en la econom\u00eda y el desarrollo, no pueden mantenerse al margen de este tema. Su capacidad para transformar procesos productivos, innovar tecnol\u00f3gicamente y generar un impacto a gran escala las convierte en piezas fundamentales de cualquier estrategia de mitigaci\u00f3n clim\u00e1tica.<\/p>\n\n\n\n<p>Afortunadamente, algunas compa\u00f1\u00edas est\u00e1n asumiendo este rol con la seriedad que exige la situaci\u00f3n; un ejemplo concreto en M\u00e9xico es Altosano Granjas Carroll, cuya experiencia merece destacarse como modelo de responsabilidad ambiental y social.<\/p>\n\n\n\n<p>Esta empresa, que opera en los estados de Puebla y Veracruz, ha dado pasos significativos para reducir su huella de carbono. Su compromiso va m\u00e1s all\u00e1 de cumplir con la legislaci\u00f3n vigente, como lo demuestra la elaboraci\u00f3n anual de su inventario de emisiones en concordancia con el Registro Nacional de Emisiones (RENE) y su alineaci\u00f3n con est\u00e1ndares internacionales como el Pacto Global de las Naciones Unidas.<\/p>\n\n\n\n<p>Estas acciones no solo abonan a la transparencia y la rendici\u00f3n de cuentas, sino que permiten definir estrategias claras para disminuir su impacto ambiental.<\/p>\n\n\n\n<p>Entre sus medidas destacadas se encuentra el uso de biodigestores para tratar aguas residuales y capturar metano, un potente GEI, transform\u00e1ndolo en biog\u00e1s para generaci\u00f3n de energ\u00eda. Esta soluci\u00f3n es ejemplar porque convierte un residuo en un recurso, disminuyendo simult\u00e1neamente la contaminaci\u00f3n del agua, la emisi\u00f3n de gases nocivos y el uso de combustibles f\u00f3siles.<\/p>\n\n\n\n<p>Pero el compromiso de Altosano Granjas Carroll no se queda ah\u00ed. La empresa tambi\u00e9n ha adoptado una serie de medidas complementarias como la modernizaci\u00f3n de sus sistemas de tratamiento de agua, la transici\u00f3n a iluminaci\u00f3n LED, el uso de motores de alta eficiencia, veh\u00edculos h\u00edbridos, y el cumplimiento de normas EURO en su transporte pesado.<\/p>\n\n\n\n<p>Estas pr\u00e1cticas se traducen en un impacto concreto: evitar la emisi\u00f3n de aproximadamente 95,000 toneladas de CO\u2082 equivalente al a\u00f1o, una cifra que da cuenta del potencial transformador de las decisiones empresariales bien encaminadas.<\/p>\n\n\n\n<p>La sustentabilidad empresarial no solo es una exigencia \u00e9tica y ambiental, sino tambi\u00e9n una estrategia inteligente de negocios. Invertir en eficiencia energ\u00e9tica, tecnolog\u00edas limpias y procesos sostenibles reduce costos a largo plazo, mejora la reputaci\u00f3n corporativa y abre puertas a nuevos mercados, especialmente aquellos que exigen certificaciones verdes o compromisos clim\u00e1ticos.<\/p>\n\n\n\n<p>Sin embargo, es fundamental que estas iniciativas no se queden en acciones aisladas o en la l\u00f3gica del \u201cgreenwashing\u201d. La clave est\u00e1 en la continuidad, la sistematizaci\u00f3n de esfuerzos y la integraci\u00f3n del compromiso ambiental en la cultura organizacional de la empresa. En este sentido, Altosano Granjas Carroll parece entender que la sustentabilidad no es una moda ni un accesorio, sino parte esencial del futuro de cualquier compa\u00f1\u00eda con visi\u00f3n.<\/p>\n\n\n\n<p>Reducir la huella de carbono no es una opci\u00f3n, es una necesidad urgente. Y en esta tarea, las empresas tienen la responsabilidad \u2014y la oportunidad\u2014 de ser agentes de cambio. Altosano Granjas Carroll ofrece un ejemplo claro de c\u00f3mo es posible producir, generar valor y al mismo tiempo contribuir a un entorno m\u00e1s sano y equilibrado.<\/p>\n\n\n\n<p>Ojal\u00e1 m\u00e1s empresas tuvieran el mismo compromiso.<\/p>\n\n\n\n<p>@luisromero85<\/p>\n","protected":false},"excerpt":{"rendered":"<p>Luis Alberto Romero Hora cero En un mundo cada vez m\u00e1s afectado por el cambio clim\u00e1tico, el concepto de huella de carbono ha dejado de ser una noci\u00f3n t\u00e9cnica exclusiva de especialistas ambientales para convertirse en una m\u00e9trica cr\u00edtica que involucra a gobiernos, ciudadanos y, especialmente, al sector empresarial. La huella de carbono representa el [&hellip;]<\/p>\n","protected":false},"author":2,"featured_media":141436,"comment_status":"closed","ping_status":"closed","sticky":false,"template":"","format":"standard","meta":{"tdm_status":"","tdm_grid_status":"","footnotes":""},"categories":[70],"tags":[],"class_list":{"0":"post-147833","1":"post","2":"type-post","3":"status-publish","4":"format-standard","5":"has-post-thumbnail","7":"category-de-opinion"},"yoast_head":"<!-- This site is optimized with the Yoast SEO plugin v27.4 - https:\/\/yoast.com\/product\/yoast-seo-wordpress\/ -->\n<title>LA HUELLA DEL CARBONO - Los pol\u00edticos Veracruz<\/title>\n<meta name=\"robots\" content=\"index, follow, max-snippet:-1, max-image-preview:large, max-video-preview:-1\" \/>\n<link rel=\"canonical\" href=\"https:\/\/lospoliticosveracruz.com\/?p=147833\" \/>\n<meta property=\"og:locale\" content=\"es_ES\" \/>\n<meta property=\"og:type\" content=\"article\" \/>\n<meta property=\"og:title\" content=\"LA HUELLA DEL CARBONO - Los pol\u00edticos Veracruz\" \/>\n<meta property=\"og:description\" content=\"Luis Alberto Romero Hora cero En un mundo cada vez m\u00e1s afectado por el cambio clim\u00e1tico, el concepto de huella de carbono ha dejado de ser una noci\u00f3n t\u00e9cnica exclusiva de especialistas ambientales para convertirse en una m\u00e9trica cr\u00edtica que involucra a gobiernos, ciudadanos y, especialmente, al sector empresarial. La huella de carbono representa el [&hellip;]\" \/>\n<meta property=\"og:url\" content=\"https:\/\/lospoliticosveracruz.com\/?p=147833\" \/>\n<meta property=\"og:site_name\" content=\"Los pol\u00edticos Veracruz\" \/>\n<meta property=\"article:publisher\" content=\"https:\/\/www.facebook.com\/people\/Notimemes-de-los-Polticos\/61565672886568\/\" \/>\n<meta property=\"article:published_time\" content=\"2025-06-26T14:27:16+00:00\" \/>\n<meta property=\"article:modified_time\" content=\"2025-06-26T16:07:42+00:00\" \/>\n<meta property=\"og:image\" content=\"https:\/\/lospoliticosveracruz.com\/wp-content\/uploads\/2025\/04\/Luis-Romero-1.jpg\" \/>\n\t<meta property=\"og:image:width\" content=\"1250\" \/>\n\t<meta property=\"og:image:height\" content=\"667\" \/>\n\t<meta property=\"og:image:type\" content=\"image\/jpeg\" \/>\n<meta name=\"author\" content=\"Lo viste en Los Pol\u00edticos\" \/>\n<meta name=\"twitter:card\" content=\"summary_large_image\" \/>\n<meta name=\"twitter:creator\" content=\"@LosPoliticosVer\" \/>\n<meta name=\"twitter:site\" content=\"@LosPoliticosVer\" \/>\n<meta name=\"twitter:label1\" content=\"Escrito por\" \/>\n\t<meta name=\"twitter:data1\" content=\"Lo viste en Los Pol\u00edticos\" \/>\n\t<meta name=\"twitter:label2\" content=\"Tiempo de lectura\" \/>\n\t<meta name=\"twitter:data2\" content=\"3 minutos\" \/>\n<script type=\"application\/ld+json\" class=\"yoast-schema-graph\">{\"@context\":\"https:\\\/\\\/schema.org\",\"@graph\":[{\"@type\":\"Article\",\"@id\":\"https:\\\/\\\/lospoliticosveracruz.com\\\/?p=147833#article\",\"isPartOf\":{\"@id\":\"https:\\\/\\\/lospoliticosveracruz.com\\\/?p=147833\"},\"author\":{\"name\":\"Lo viste en Los Pol\u00edticos\",\"@id\":\"https:\\\/\\\/lospoliticosveracruz.com\\\/#\\\/schema\\\/person\\\/b8702bb0e538456e6efd07080bf2a4a2\"},\"headline\":\"LA HUELLA DEL CARBONO\",\"datePublished\":\"2025-06-26T14:27:16+00:00\",\"dateModified\":\"2025-06-26T16:07:42+00:00\",\"mainEntityOfPage\":{\"@id\":\"https:\\\/\\\/lospoliticosveracruz.com\\\/?p=147833\"},\"wordCount\":639,\"publisher\":{\"@id\":\"https:\\\/\\\/lospoliticosveracruz.com\\\/#organization\"},\"image\":{\"@id\":\"https:\\\/\\\/lospoliticosveracruz.com\\\/?p=147833#primaryimage\"},\"thumbnailUrl\":\"https:\\\/\\\/lospoliticosveracruz.com\\\/wp-content\\\/uploads\\\/2025\\\/04\\\/Luis-Romero-1.jpg\",\"articleSection\":[\"De Opini\u00f3n\"],\"inLanguage\":\"es\"},{\"@type\":\"WebPage\",\"@id\":\"https:\\\/\\\/lospoliticosveracruz.com\\\/?p=147833\",\"url\":\"https:\\\/\\\/lospoliticosveracruz.com\\\/?p=147833\",\"name\":\"LA HUELLA DEL CARBONO - Los pol\u00edticos Veracruz\",\"isPartOf\":{\"@id\":\"https:\\\/\\\/lospoliticosveracruz.com\\\/#website\"},\"primaryImageOfPage\":{\"@id\":\"https:\\\/\\\/lospoliticosveracruz.com\\\/?p=147833#primaryimage\"},\"image\":{\"@id\":\"https:\\\/\\\/lospoliticosveracruz.com\\\/?p=147833#primaryimage\"},\"thumbnailUrl\":\"https:\\\/\\\/lospoliticosveracruz.com\\\/wp-content\\\/uploads\\\/2025\\\/04\\\/Luis-Romero-1.jpg\",\"datePublished\":\"2025-06-26T14:27:16+00:00\",\"dateModified\":\"2025-06-26T16:07:42+00:00\",\"breadcrumb\":{\"@id\":\"https:\\\/\\\/lospoliticosveracruz.com\\\/?p=147833#breadcrumb\"},\"inLanguage\":\"es\",\"potentialAction\":[{\"@type\":\"ReadAction\",\"target\":[\"https:\\\/\\\/lospoliticosveracruz.com\\\/?p=147833\"]}]},{\"@type\":\"ImageObject\",\"inLanguage\":\"es\",\"@id\":\"https:\\\/\\\/lospoliticosveracruz.com\\\/?p=147833#primaryimage\",\"url\":\"https:\\\/\\\/lospoliticosveracruz.com\\\/wp-content\\\/uploads\\\/2025\\\/04\\\/Luis-Romero-1.jpg\",\"contentUrl\":\"https:\\\/\\\/lospoliticosveracruz.com\\\/wp-content\\\/uploads\\\/2025\\\/04\\\/Luis-Romero-1.jpg\",\"width\":1250,\"height\":667},{\"@type\":\"BreadcrumbList\",\"@id\":\"https:\\\/\\\/lospoliticosveracruz.com\\\/?p=147833#breadcrumb\",\"itemListElement\":[{\"@type\":\"ListItem\",\"position\":1,\"name\":\"Portada\",\"item\":\"https:\\\/\\\/lospoliticosveracruz.com\\\/\"},{\"@type\":\"ListItem\",\"position\":2,\"name\":\"LA HUELLA DEL CARBONO\"}]},{\"@type\":\"WebSite\",\"@id\":\"https:\\\/\\\/lospoliticosveracruz.com\\\/#website\",\"url\":\"https:\\\/\\\/lospoliticosveracruz.com\\\/\",\"name\":\"Los pol\u00edticos Veracruz\",\"description\":\"\",\"publisher\":{\"@id\":\"https:\\\/\\\/lospoliticosveracruz.com\\\/#organization\"},\"potentialAction\":[{\"@type\":\"SearchAction\",\"target\":{\"@type\":\"EntryPoint\",\"urlTemplate\":\"https:\\\/\\\/lospoliticosveracruz.com\\\/?s={search_term_string}\"},\"query-input\":{\"@type\":\"PropertyValueSpecification\",\"valueRequired\":true,\"valueName\":\"search_term_string\"}}],\"inLanguage\":\"es\"},{\"@type\":\"Organization\",\"@id\":\"https:\\\/\\\/lospoliticosveracruz.com\\\/#organization\",\"name\":\"Los pol\u00edticos Veracruz\",\"url\":\"https:\\\/\\\/lospoliticosveracruz.com\\\/\",\"logo\":{\"@type\":\"ImageObject\",\"inLanguage\":\"es\",\"@id\":\"https:\\\/\\\/lospoliticosveracruz.com\\\/#\\\/schema\\\/logo\\\/image\\\/\",\"url\":\"https:\\\/\\\/lospoliticosveracruz.com\\\/wp-content\\\/uploads\\\/2025\\\/12\\\/Logo-Nuevo-LOS-POLITICOS-1.jpg\",\"contentUrl\":\"https:\\\/\\\/lospoliticosveracruz.com\\\/wp-content\\\/uploads\\\/2025\\\/12\\\/Logo-Nuevo-LOS-POLITICOS-1.jpg\",\"width\":260,\"height\":70,\"caption\":\"Los pol\u00edticos Veracruz\"},\"image\":{\"@id\":\"https:\\\/\\\/lospoliticosveracruz.com\\\/#\\\/schema\\\/logo\\\/image\\\/\"},\"sameAs\":[\"https:\\\/\\\/www.facebook.com\\\/people\\\/Notimemes-de-los-Polticos\\\/61565672886568\\\/\",\"https:\\\/\\\/x.com\\\/LosPoliticosVer\"]},{\"@type\":\"Person\",\"@id\":\"https:\\\/\\\/lospoliticosveracruz.com\\\/#\\\/schema\\\/person\\\/b8702bb0e538456e6efd07080bf2a4a2\",\"name\":\"Lo viste en Los Pol\u00edticos\",\"image\":{\"@type\":\"ImageObject\",\"inLanguage\":\"es\",\"@id\":\"https:\\\/\\\/secure.gravatar.com\\\/avatar\\\/3a8de04a2656d44082be478bd6c086daa447c4651605818287b9532d3d0bd435?s=96&d=mm&r=g\",\"url\":\"https:\\\/\\\/secure.gravatar.com\\\/avatar\\\/3a8de04a2656d44082be478bd6c086daa447c4651605818287b9532d3d0bd435?s=96&d=mm&r=g\",\"contentUrl\":\"https:\\\/\\\/secure.gravatar.com\\\/avatar\\\/3a8de04a2656d44082be478bd6c086daa447c4651605818287b9532d3d0bd435?s=96&d=mm&r=g\",\"caption\":\"Lo viste en Los Pol\u00edticos\"},\"url\":\"https:\\\/\\\/lospoliticosveracruz.com\\\/?author=2\"}]}<\/script>\n<!-- \/ Yoast SEO plugin. -->","yoast_head_json":{"title":"LA HUELLA DEL CARBONO - Los pol\u00edticos Veracruz","robots":{"index":"index","follow":"follow","max-snippet":"max-snippet:-1","max-image-preview":"max-image-preview:large","max-video-preview":"max-video-preview:-1"},"canonical":"https:\/\/lospoliticosveracruz.com\/?p=147833","og_locale":"es_ES","og_type":"article","og_title":"LA HUELLA DEL CARBONO - Los pol\u00edticos Veracruz","og_description":"Luis Alberto Romero Hora cero En un mundo cada vez m\u00e1s afectado por el cambio clim\u00e1tico, el concepto de huella de carbono ha dejado de ser una noci\u00f3n t\u00e9cnica exclusiva de especialistas ambientales para convertirse en una m\u00e9trica cr\u00edtica que involucra a gobiernos, ciudadanos y, especialmente, al sector empresarial. La huella de carbono representa el [&hellip;]","og_url":"https:\/\/lospoliticosveracruz.com\/?p=147833","og_site_name":"Los pol\u00edticos Veracruz","article_publisher":"https:\/\/www.facebook.com\/people\/Notimemes-de-los-Polticos\/61565672886568\/","article_published_time":"2025-06-26T14:27:16+00:00","article_modified_time":"2025-06-26T16:07:42+00:00","og_image":[{"width":1250,"height":667,"url":"https:\/\/lospoliticosveracruz.com\/wp-content\/uploads\/2025\/04\/Luis-Romero-1.jpg","type":"image\/jpeg"}],"author":"Lo viste en Los Pol\u00edticos","twitter_card":"summary_large_image","twitter_creator":"@LosPoliticosVer","twitter_site":"@LosPoliticosVer","twitter_misc":{"Escrito por":"Lo viste en Los Pol\u00edticos","Tiempo de lectura":"3 minutos"},"schema":{"@context":"https:\/\/schema.org","@graph":[{"@type":"Article","@id":"https:\/\/lospoliticosveracruz.com\/?p=147833#article","isPartOf":{"@id":"https:\/\/lospoliticosveracruz.com\/?p=147833"},"author":{"name":"Lo viste en Los Pol\u00edticos","@id":"https:\/\/lospoliticosveracruz.com\/#\/schema\/person\/b8702bb0e538456e6efd07080bf2a4a2"},"headline":"LA HUELLA DEL CARBONO","datePublished":"2025-06-26T14:27:16+00:00","dateModified":"2025-06-26T16:07:42+00:00","mainEntityOfPage":{"@id":"https:\/\/lospoliticosveracruz.com\/?p=147833"},"wordCount":639,"publisher":{"@id":"https:\/\/lospoliticosveracruz.com\/#organization"},"image":{"@id":"https:\/\/lospoliticosveracruz.com\/?p=147833#primaryimage"},"thumbnailUrl":"https:\/\/lospoliticosveracruz.com\/wp-content\/uploads\/2025\/04\/Luis-Romero-1.jpg","articleSection":["De Opini\u00f3n"],"inLanguage":"es"},{"@type":"WebPage","@id":"https:\/\/lospoliticosveracruz.com\/?p=147833","url":"https:\/\/lospoliticosveracruz.com\/?p=147833","name":"LA HUELLA DEL CARBONO - Los pol\u00edticos Veracruz","isPartOf":{"@id":"https:\/\/lospoliticosveracruz.com\/#website"},"primaryImageOfPage":{"@id":"https:\/\/lospoliticosveracruz.com\/?p=147833#primaryimage"},"image":{"@id":"https:\/\/lospoliticosveracruz.com\/?p=147833#primaryimage"},"thumbnailUrl":"https:\/\/lospoliticosveracruz.com\/wp-content\/uploads\/2025\/04\/Luis-Romero-1.jpg","datePublished":"2025-06-26T14:27:16+00:00","dateModified":"2025-06-26T16:07:42+00:00","breadcrumb":{"@id":"https:\/\/lospoliticosveracruz.com\/?p=147833#breadcrumb"},"inLanguage":"es","potentialAction":[{"@type":"ReadAction","target":["https:\/\/lospoliticosveracruz.com\/?p=147833"]}]},{"@type":"ImageObject","inLanguage":"es","@id":"https:\/\/lospoliticosveracruz.com\/?p=147833#primaryimage","url":"https:\/\/lospoliticosveracruz.com\/wp-content\/uploads\/2025\/04\/Luis-Romero-1.jpg","contentUrl":"https:\/\/lospoliticosveracruz.com\/wp-content\/uploads\/2025\/04\/Luis-Romero-1.jpg","width":1250,"height":667},{"@type":"BreadcrumbList","@id":"https:\/\/lospoliticosveracruz.com\/?p=147833#breadcrumb","itemListElement":[{"@type":"ListItem","position":1,"name":"Portada","item":"https:\/\/lospoliticosveracruz.com\/"},{"@type":"ListItem","position":2,"name":"LA HUELLA DEL CARBONO"}]},{"@type":"WebSite","@id":"https:\/\/lospoliticosveracruz.com\/#website","url":"https:\/\/lospoliticosveracruz.com\/","name":"Los pol\u00edticos Veracruz","description":"","publisher":{"@id":"https:\/\/lospoliticosveracruz.com\/#organization"},"potentialAction":[{"@type":"SearchAction","target":{"@type":"EntryPoint","urlTemplate":"https:\/\/lospoliticosveracruz.com\/?s={search_term_string}"},"query-input":{"@type":"PropertyValueSpecification","valueRequired":true,"valueName":"search_term_string"}}],"inLanguage":"es"},{"@type":"Organization","@id":"https:\/\/lospoliticosveracruz.com\/#organization","name":"Los pol\u00edticos Veracruz","url":"https:\/\/lospoliticosveracruz.com\/","logo":{"@type":"ImageObject","inLanguage":"es","@id":"https:\/\/lospoliticosveracruz.com\/#\/schema\/logo\/image\/","url":"https:\/\/lospoliticosveracruz.com\/wp-content\/uploads\/2025\/12\/Logo-Nuevo-LOS-POLITICOS-1.jpg","contentUrl":"https:\/\/lospoliticosveracruz.com\/wp-content\/uploads\/2025\/12\/Logo-Nuevo-LOS-POLITICOS-1.jpg","width":260,"height":70,"caption":"Los pol\u00edticos Veracruz"},"image":{"@id":"https:\/\/lospoliticosveracruz.com\/#\/schema\/logo\/image\/"},"sameAs":["https:\/\/www.facebook.com\/people\/Notimemes-de-los-Polticos\/61565672886568\/","https:\/\/x.com\/LosPoliticosVer"]},{"@type":"Person","@id":"https:\/\/lospoliticosveracruz.com\/#\/schema\/person\/b8702bb0e538456e6efd07080bf2a4a2","name":"Lo viste en Los Pol\u00edticos","image":{"@type":"ImageObject","inLanguage":"es","@id":"https:\/\/secure.gravatar.com\/avatar\/3a8de04a2656d44082be478bd6c086daa447c4651605818287b9532d3d0bd435?s=96&d=mm&r=g","url":"https:\/\/secure.gravatar.com\/avatar\/3a8de04a2656d44082be478bd6c086daa447c4651605818287b9532d3d0bd435?s=96&d=mm&r=g","contentUrl":"https:\/\/secure.gravatar.com\/avatar\/3a8de04a2656d44082be478bd6c086daa447c4651605818287b9532d3d0bd435?s=96&d=mm&r=g","caption":"Lo viste en Los Pol\u00edticos"},"url":"https:\/\/lospoliticosveracruz.com\/?author=2"}]}},"_links":{"self":[{"href":"https:\/\/lospoliticosveracruz.com\/index.php?rest_route=\/wp\/v2\/posts\/147833","targetHints":{"allow":["GET"]}}],"collection":[{"href":"https:\/\/lospoliticosveracruz.com\/index.php?rest_route=\/wp\/v2\/posts"}],"about":[{"href":"https:\/\/lospoliticosveracruz.com\/index.php?rest_route=\/wp\/v2\/types\/post"}],"author":[{"embeddable":true,"href":"https:\/\/lospoliticosveracruz.com\/index.php?rest_route=\/wp\/v2\/users\/2"}],"replies":[{"embeddable":true,"href":"https:\/\/lospoliticosveracruz.com\/index.php?rest_route=%2Fwp%2Fv2%2Fcomments&post=147833"}],"version-history":[{"count":2,"href":"https:\/\/lospoliticosveracruz.com\/index.php?rest_route=\/wp\/v2\/posts\/147833\/revisions"}],"predecessor-version":[{"id":147840,"href":"https:\/\/lospoliticosveracruz.com\/index.php?rest_route=\/wp\/v2\/posts\/147833\/revisions\/147840"}],"wp:featuredmedia":[{"embeddable":true,"href":"https:\/\/lospoliticosveracruz.com\/index.php?rest_route=\/wp\/v2\/media\/141436"}],"wp:attachment":[{"href":"https:\/\/lospoliticosveracruz.com\/index.php?rest_route=%2Fwp%2Fv2%2Fmedia&parent=147833"}],"wp:term":[{"taxonomy":"category","embeddable":true,"href":"https:\/\/lospoliticosveracruz.com\/index.php?rest_route=%2Fwp%2Fv2%2Fcategories&post=147833"},{"taxonomy":"post_tag","embeddable":true,"href":"https:\/\/lospoliticosveracruz.com\/index.php?rest_route=%2Fwp%2Fv2%2Ftags&post=147833"}],"curies":[{"name":"wp","href":"https:\/\/api.w.org\/{rel}","templated":true}]}}