{"id":147838,"date":"2025-06-26T09:56:38","date_gmt":"2025-06-26T14:56:38","guid":{"rendered":"https:\/\/lospoliticosveracruz.com.mx\/?p=147838"},"modified":"2025-06-26T09:56:54","modified_gmt":"2025-06-26T14:56:54","slug":"falta-campana-de-promocion-turistica-ii","status":"publish","type":"post","link":"https:\/\/lospoliticosveracruz.com\/?p=147838","title":{"rendered":"FALTA CAMPA\u00d1A DE PROMOCI\u00d3N TUR\u00cdSTICA II"},"content":{"rendered":"\n\n\n<p><br><strong>Francisco Tito Barqu\u00edn<\/strong><\/p>\n\n\n\n<p><em>Turism\u00f3logo<\/em><\/p>\n\n\n\n<p>Tal y como lo coment\u00e9 en la Primera Parte en varias platicas sostenidas con personas que sufren de alguna discapacidad, declaran de lo importante que es, que las dependencias de gobierno en sus tres niveles Municipal, Estatal y Federal hagan campa\u00f1as de promoci\u00f3n junto con los Prestadores de Servicios Tur\u00edsticos y difundan dentro de sus destinos&nbsp;&nbsp;tur\u00edsticos las instalaciones y los servicios para el Turismo de Inclusi\u00f3n y Accesibilidad, debiendo&nbsp;&nbsp;tener en cuenta aspectos importantes como deben ser las Instalaciones adecuadas.<\/p>\n\n\n\n<p>Para seguir poniendo a \u00abVeracruz de Moda\u00bb como son los deseos de la Se\u00f1ora Gobernadora Roc\u00edo Nahle, se deben de intensificar campa\u00f1as de promoci\u00f3n, difusi\u00f3n, como tambi\u00e9n de sensibilizaci\u00f3n, para poder as\u00ed dar a conocer el derecho<\/p>\n\n\n\n<p>al Turismo Accesible y promover la participaci\u00f3n de las personas que tienen alguna discapacidad,. Veracruz requiere urgentemente hacer sus campa\u00f1as debidamente bien dise\u00f1adas en diferentes formatos.<\/p>\n\n\n\n<p>La se\u00f1alizaci\u00f3n se divide por categor\u00edas, seg\u00fan tipo de la discapacidad como ejemplos para personas con discapacitados Visual (Braille, Alto Relieve, Podo t\u00e1ctil y Ac\u00fastica) para la Motriz se\u00f1ales en (Rampas, Calles y Elevadores), para la Auditiva (S\u00edmbolo Internacional de la sordera, Bucle Magn\u00e9tico y Tel\u00e9fono con Amplificador) y puedan as\u00ed identificar y disfrutar de los sitios que son atractivos tur\u00edsticos, de inter\u00e9s cultural, natural hist\u00f3rico, actividades de recreo, aventura, entre otros.<\/p>\n\n\n\n<p>Que no se quede solo en palabras, el acceso para todas las personas a las infraestructuras, productos y servicios tur\u00edsticos, debe estar en el centro de cualquier pol\u00edtica de Turismo responsable y sostenible, la accesibilidad no se&nbsp;<\/p>\n\n\n\n<p>refiere solo a los derechos humanos, tambi\u00e9n es una oportunidad de negocio para los destinos y prestadores de servicios tur\u00edsticos dedicados a la \u00abIndustria sin Chimeneas\u00bb siendo los Hoteles, Restaurants, Cafeter\u00edas, Bares, Centros Nocturnos,&nbsp;&nbsp;Casinos, Transportes en todas y cada una de sus modalidades, Agencias de Viajes, Gu\u00edas de Turistas, Arrendadoras de Autos, M\u00f3dulos de Informaci\u00f3n, Parques Tem\u00e1ticos, Playas, Aeropuertos, como todos Sitios de Inter\u00e9s<\/p>\n\n\n\n<p>y de atractivo Tur\u00edstico e Hist\u00f3rico.<\/p>\n\n\n\n<p>De acuerdo a la ONU Turismo (antes Organizaci\u00f3n Mundial de Turismo) .. .&nbsp;&nbsp;.&nbsp;&nbsp;.&nbsp;&nbsp;\u00abEl Turismo Accesible involucra la colaboraci\u00f3n entre Estado, prestadores de servicios tur\u00edsticos y turistas, que permite a las personas con necesidades especiales de acceso (movilidad, visi\u00f3n, audici\u00f3n y cognici\u00f3n) transitar libremente, con igualdad y dignidad pues gozan de los mismos derechos a oportunidades para viajar\u00bb.<\/p>\n","protected":false},"excerpt":{"rendered":"<p>Francisco Tito Barqu\u00edn Turism\u00f3logo Tal y como lo coment\u00e9 en la Primera Parte en varias platicas sostenidas con personas que sufren de alguna discapacidad, declaran de lo importante que es, que las dependencias de gobierno en sus tres niveles Municipal, Estatal y Federal hagan campa\u00f1as de promoci\u00f3n junto con los Prestadores de Servicios Tur\u00edsticos y [&hellip;]<\/p>\n","protected":false},"author":2,"featured_media":141385,"comment_status":"closed","ping_status":"closed","sticky":false,"template":"","format":"standard","meta":{"tdm_status":"","tdm_grid_status":"","footnotes":""},"categories":[75],"tags":[21276],"class_list":{"0":"post-147838","1":"post","2":"type-post","3":"status-publish","4":"format-standard","5":"has-post-thumbnail","7":"category-cine-libros-y-mas","8":"tag-francisco-tito-barquin"},"yoast_head":"<!-- This site is optimized with the Yoast SEO plugin v27.4 - https:\/\/yoast.com\/product\/yoast-seo-wordpress\/ -->\n<title>FALTA CAMPA\u00d1A DE PROMOCI\u00d3N TUR\u00cdSTICA II - Los pol\u00edticos Veracruz<\/title>\n<meta name=\"robots\" content=\"index, follow, max-snippet:-1, max-image-preview:large, max-video-preview:-1\" \/>\n<link rel=\"canonical\" href=\"https:\/\/lospoliticosveracruz.com\/?p=147838\" \/>\n<meta property=\"og:locale\" content=\"es_ES\" \/>\n<meta property=\"og:type\" content=\"article\" \/>\n<meta property=\"og:title\" content=\"FALTA CAMPA\u00d1A DE PROMOCI\u00d3N TUR\u00cdSTICA II - Los pol\u00edticos Veracruz\" \/>\n<meta property=\"og:description\" content=\"Francisco Tito Barqu\u00edn Turism\u00f3logo Tal y como lo coment\u00e9 en la Primera Parte en varias platicas sostenidas con personas que sufren de alguna discapacidad, declaran de lo importante que es, que las dependencias de gobierno en sus tres niveles Municipal, Estatal y Federal hagan campa\u00f1as de promoci\u00f3n junto con los Prestadores de Servicios Tur\u00edsticos y [&hellip;]\" \/>\n<meta property=\"og:url\" content=\"https:\/\/lospoliticosveracruz.com\/?p=147838\" \/>\n<meta property=\"og:site_name\" content=\"Los pol\u00edticos Veracruz\" \/>\n<meta property=\"article:publisher\" content=\"https:\/\/www.facebook.com\/people\/Notimemes-de-los-Polticos\/61565672886568\/\" \/>\n<meta property=\"article:published_time\" content=\"2025-06-26T14:56:38+00:00\" \/>\n<meta property=\"article:modified_time\" content=\"2025-06-26T14:56:54+00:00\" \/>\n<meta property=\"og:image\" content=\"https:\/\/lospoliticosveracruz.com\/wp-content\/uploads\/2025\/04\/Francisco-Tito-Barquin.jpg\" \/>\n\t<meta property=\"og:image:width\" content=\"1250\" \/>\n\t<meta property=\"og:image:height\" content=\"667\" \/>\n\t<meta property=\"og:image:type\" content=\"image\/jpeg\" \/>\n<meta name=\"author\" content=\"Lo viste en Los Pol\u00edticos\" \/>\n<meta name=\"twitter:card\" content=\"summary_large_image\" \/>\n<meta name=\"twitter:creator\" content=\"@LosPoliticosVer\" \/>\n<meta name=\"twitter:site\" content=\"@LosPoliticosVer\" \/>\n<meta name=\"twitter:label1\" content=\"Escrito por\" \/>\n\t<meta name=\"twitter:data1\" content=\"Lo viste en Los Pol\u00edticos\" \/>\n\t<meta name=\"twitter:label2\" content=\"Tiempo de lectura\" \/>\n\t<meta name=\"twitter:data2\" content=\"2 minutos\" \/>\n<script type=\"application\/ld+json\" class=\"yoast-schema-graph\">{\"@context\":\"https:\\\/\\\/schema.org\",\"@graph\":[{\"@type\":\"Article\",\"@id\":\"https:\\\/\\\/lospoliticosveracruz.com\\\/?p=147838#article\",\"isPartOf\":{\"@id\":\"https:\\\/\\\/lospoliticosveracruz.com\\\/?p=147838\"},\"author\":{\"name\":\"Lo viste en Los Pol\u00edticos\",\"@id\":\"https:\\\/\\\/lospoliticosveracruz.com\\\/#\\\/schema\\\/person\\\/b8702bb0e538456e6efd07080bf2a4a2\"},\"headline\":\"FALTA CAMPA\u00d1A DE PROMOCI\u00d3N TUR\u00cdSTICA II\",\"datePublished\":\"2025-06-26T14:56:38+00:00\",\"dateModified\":\"2025-06-26T14:56:54+00:00\",\"mainEntityOfPage\":{\"@id\":\"https:\\\/\\\/lospoliticosveracruz.com\\\/?p=147838\"},\"wordCount\":454,\"publisher\":{\"@id\":\"https:\\\/\\\/lospoliticosveracruz.com\\\/#organization\"},\"image\":{\"@id\":\"https:\\\/\\\/lospoliticosveracruz.com\\\/?p=147838#primaryimage\"},\"thumbnailUrl\":\"https:\\\/\\\/lospoliticosveracruz.com\\\/wp-content\\\/uploads\\\/2025\\\/04\\\/Francisco-Tito-Barquin-e1770983005528.jpg\",\"keywords\":[\"Francisco Tito Barqu\u00edn\"],\"articleSection\":[\"Cine, Libros y m\u00e1s\"],\"inLanguage\":\"es\"},{\"@type\":\"WebPage\",\"@id\":\"https:\\\/\\\/lospoliticosveracruz.com\\\/?p=147838\",\"url\":\"https:\\\/\\\/lospoliticosveracruz.com\\\/?p=147838\",\"name\":\"FALTA CAMPA\u00d1A DE PROMOCI\u00d3N TUR\u00cdSTICA II - Los pol\u00edticos Veracruz\",\"isPartOf\":{\"@id\":\"https:\\\/\\\/lospoliticosveracruz.com\\\/#website\"},\"primaryImageOfPage\":{\"@id\":\"https:\\\/\\\/lospoliticosveracruz.com\\\/?p=147838#primaryimage\"},\"image\":{\"@id\":\"https:\\\/\\\/lospoliticosveracruz.com\\\/?p=147838#primaryimage\"},\"thumbnailUrl\":\"https:\\\/\\\/lospoliticosveracruz.com\\\/wp-content\\\/uploads\\\/2025\\\/04\\\/Francisco-Tito-Barquin-e1770983005528.jpg\",\"datePublished\":\"2025-06-26T14:56:38+00:00\",\"dateModified\":\"2025-06-26T14:56:54+00:00\",\"breadcrumb\":{\"@id\":\"https:\\\/\\\/lospoliticosveracruz.com\\\/?p=147838#breadcrumb\"},\"inLanguage\":\"es\",\"potentialAction\":[{\"@type\":\"ReadAction\",\"target\":[\"https:\\\/\\\/lospoliticosveracruz.com\\\/?p=147838\"]}]},{\"@type\":\"ImageObject\",\"inLanguage\":\"es\",\"@id\":\"https:\\\/\\\/lospoliticosveracruz.com\\\/?p=147838#primaryimage\",\"url\":\"https:\\\/\\\/lospoliticosveracruz.com\\\/wp-content\\\/uploads\\\/2025\\\/04\\\/Francisco-Tito-Barquin-e1770983005528.jpg\",\"contentUrl\":\"https:\\\/\\\/lospoliticosveracruz.com\\\/wp-content\\\/uploads\\\/2025\\\/04\\\/Francisco-Tito-Barquin-e1770983005528.jpg\",\"width\":600,\"height\":320},{\"@type\":\"BreadcrumbList\",\"@id\":\"https:\\\/\\\/lospoliticosveracruz.com\\\/?p=147838#breadcrumb\",\"itemListElement\":[{\"@type\":\"ListItem\",\"position\":1,\"name\":\"Portada\",\"item\":\"https:\\\/\\\/lospoliticosveracruz.com\\\/\"},{\"@type\":\"ListItem\",\"position\":2,\"name\":\"FALTA CAMPA\u00d1A DE PROMOCI\u00d3N TUR\u00cdSTICA II\"}]},{\"@type\":\"WebSite\",\"@id\":\"https:\\\/\\\/lospoliticosveracruz.com\\\/#website\",\"url\":\"https:\\\/\\\/lospoliticosveracruz.com\\\/\",\"name\":\"Los pol\u00edticos Veracruz\",\"description\":\"\",\"publisher\":{\"@id\":\"https:\\\/\\\/lospoliticosveracruz.com\\\/#organization\"},\"potentialAction\":[{\"@type\":\"SearchAction\",\"target\":{\"@type\":\"EntryPoint\",\"urlTemplate\":\"https:\\\/\\\/lospoliticosveracruz.com\\\/?s={search_term_string}\"},\"query-input\":{\"@type\":\"PropertyValueSpecification\",\"valueRequired\":true,\"valueName\":\"search_term_string\"}}],\"inLanguage\":\"es\"},{\"@type\":\"Organization\",\"@id\":\"https:\\\/\\\/lospoliticosveracruz.com\\\/#organization\",\"name\":\"Los pol\u00edticos Veracruz\",\"url\":\"https:\\\/\\\/lospoliticosveracruz.com\\\/\",\"logo\":{\"@type\":\"ImageObject\",\"inLanguage\":\"es\",\"@id\":\"https:\\\/\\\/lospoliticosveracruz.com\\\/#\\\/schema\\\/logo\\\/image\\\/\",\"url\":\"https:\\\/\\\/lospoliticosveracruz.com\\\/wp-content\\\/uploads\\\/2025\\\/12\\\/Logo-Nuevo-LOS-POLITICOS-1.jpg\",\"contentUrl\":\"https:\\\/\\\/lospoliticosveracruz.com\\\/wp-content\\\/uploads\\\/2025\\\/12\\\/Logo-Nuevo-LOS-POLITICOS-1.jpg\",\"width\":260,\"height\":70,\"caption\":\"Los pol\u00edticos Veracruz\"},\"image\":{\"@id\":\"https:\\\/\\\/lospoliticosveracruz.com\\\/#\\\/schema\\\/logo\\\/image\\\/\"},\"sameAs\":[\"https:\\\/\\\/www.facebook.com\\\/people\\\/Notimemes-de-los-Polticos\\\/61565672886568\\\/\",\"https:\\\/\\\/x.com\\\/LosPoliticosVer\"]},{\"@type\":\"Person\",\"@id\":\"https:\\\/\\\/lospoliticosveracruz.com\\\/#\\\/schema\\\/person\\\/b8702bb0e538456e6efd07080bf2a4a2\",\"name\":\"Lo viste en Los Pol\u00edticos\",\"image\":{\"@type\":\"ImageObject\",\"inLanguage\":\"es\",\"@id\":\"https:\\\/\\\/secure.gravatar.com\\\/avatar\\\/3a8de04a2656d44082be478bd6c086daa447c4651605818287b9532d3d0bd435?s=96&d=mm&r=g\",\"url\":\"https:\\\/\\\/secure.gravatar.com\\\/avatar\\\/3a8de04a2656d44082be478bd6c086daa447c4651605818287b9532d3d0bd435?s=96&d=mm&r=g\",\"contentUrl\":\"https:\\\/\\\/secure.gravatar.com\\\/avatar\\\/3a8de04a2656d44082be478bd6c086daa447c4651605818287b9532d3d0bd435?s=96&d=mm&r=g\",\"caption\":\"Lo viste en Los Pol\u00edticos\"},\"url\":\"https:\\\/\\\/lospoliticosveracruz.com\\\/?author=2\"}]}<\/script>\n<!-- \/ Yoast SEO plugin. -->","yoast_head_json":{"title":"FALTA CAMPA\u00d1A DE PROMOCI\u00d3N TUR\u00cdSTICA II - Los pol\u00edticos Veracruz","robots":{"index":"index","follow":"follow","max-snippet":"max-snippet:-1","max-image-preview":"max-image-preview:large","max-video-preview":"max-video-preview:-1"},"canonical":"https:\/\/lospoliticosveracruz.com\/?p=147838","og_locale":"es_ES","og_type":"article","og_title":"FALTA CAMPA\u00d1A DE PROMOCI\u00d3N TUR\u00cdSTICA II - Los pol\u00edticos Veracruz","og_description":"Francisco Tito Barqu\u00edn Turism\u00f3logo Tal y como lo coment\u00e9 en la Primera Parte en varias platicas sostenidas con personas que sufren de alguna discapacidad, declaran de lo importante que es, que las dependencias de gobierno en sus tres niveles Municipal, Estatal y Federal hagan campa\u00f1as de promoci\u00f3n junto con los Prestadores de Servicios Tur\u00edsticos y [&hellip;]","og_url":"https:\/\/lospoliticosveracruz.com\/?p=147838","og_site_name":"Los pol\u00edticos Veracruz","article_publisher":"https:\/\/www.facebook.com\/people\/Notimemes-de-los-Polticos\/61565672886568\/","article_published_time":"2025-06-26T14:56:38+00:00","article_modified_time":"2025-06-26T14:56:54+00:00","og_image":[{"width":1250,"height":667,"url":"https:\/\/lospoliticosveracruz.com\/wp-content\/uploads\/2025\/04\/Francisco-Tito-Barquin.jpg","type":"image\/jpeg"}],"author":"Lo viste en Los Pol\u00edticos","twitter_card":"summary_large_image","twitter_creator":"@LosPoliticosVer","twitter_site":"@LosPoliticosVer","twitter_misc":{"Escrito por":"Lo viste en Los Pol\u00edticos","Tiempo de lectura":"2 minutos"},"schema":{"@context":"https:\/\/schema.org","@graph":[{"@type":"Article","@id":"https:\/\/lospoliticosveracruz.com\/?p=147838#article","isPartOf":{"@id":"https:\/\/lospoliticosveracruz.com\/?p=147838"},"author":{"name":"Lo viste en Los Pol\u00edticos","@id":"https:\/\/lospoliticosveracruz.com\/#\/schema\/person\/b8702bb0e538456e6efd07080bf2a4a2"},"headline":"FALTA CAMPA\u00d1A DE PROMOCI\u00d3N TUR\u00cdSTICA II","datePublished":"2025-06-26T14:56:38+00:00","dateModified":"2025-06-26T14:56:54+00:00","mainEntityOfPage":{"@id":"https:\/\/lospoliticosveracruz.com\/?p=147838"},"wordCount":454,"publisher":{"@id":"https:\/\/lospoliticosveracruz.com\/#organization"},"image":{"@id":"https:\/\/lospoliticosveracruz.com\/?p=147838#primaryimage"},"thumbnailUrl":"https:\/\/lospoliticosveracruz.com\/wp-content\/uploads\/2025\/04\/Francisco-Tito-Barquin-e1770983005528.jpg","keywords":["Francisco Tito Barqu\u00edn"],"articleSection":["Cine, Libros y m\u00e1s"],"inLanguage":"es"},{"@type":"WebPage","@id":"https:\/\/lospoliticosveracruz.com\/?p=147838","url":"https:\/\/lospoliticosveracruz.com\/?p=147838","name":"FALTA CAMPA\u00d1A DE PROMOCI\u00d3N TUR\u00cdSTICA II - Los pol\u00edticos Veracruz","isPartOf":{"@id":"https:\/\/lospoliticosveracruz.com\/#website"},"primaryImageOfPage":{"@id":"https:\/\/lospoliticosveracruz.com\/?p=147838#primaryimage"},"image":{"@id":"https:\/\/lospoliticosveracruz.com\/?p=147838#primaryimage"},"thumbnailUrl":"https:\/\/lospoliticosveracruz.com\/wp-content\/uploads\/2025\/04\/Francisco-Tito-Barquin-e1770983005528.jpg","datePublished":"2025-06-26T14:56:38+00:00","dateModified":"2025-06-26T14:56:54+00:00","breadcrumb":{"@id":"https:\/\/lospoliticosveracruz.com\/?p=147838#breadcrumb"},"inLanguage":"es","potentialAction":[{"@type":"ReadAction","target":["https:\/\/lospoliticosveracruz.com\/?p=147838"]}]},{"@type":"ImageObject","inLanguage":"es","@id":"https:\/\/lospoliticosveracruz.com\/?p=147838#primaryimage","url":"https:\/\/lospoliticosveracruz.com\/wp-content\/uploads\/2025\/04\/Francisco-Tito-Barquin-e1770983005528.jpg","contentUrl":"https:\/\/lospoliticosveracruz.com\/wp-content\/uploads\/2025\/04\/Francisco-Tito-Barquin-e1770983005528.jpg","width":600,"height":320},{"@type":"BreadcrumbList","@id":"https:\/\/lospoliticosveracruz.com\/?p=147838#breadcrumb","itemListElement":[{"@type":"ListItem","position":1,"name":"Portada","item":"https:\/\/lospoliticosveracruz.com\/"},{"@type":"ListItem","position":2,"name":"FALTA CAMPA\u00d1A DE PROMOCI\u00d3N TUR\u00cdSTICA II"}]},{"@type":"WebSite","@id":"https:\/\/lospoliticosveracruz.com\/#website","url":"https:\/\/lospoliticosveracruz.com\/","name":"Los pol\u00edticos Veracruz","description":"","publisher":{"@id":"https:\/\/lospoliticosveracruz.com\/#organization"},"potentialAction":[{"@type":"SearchAction","target":{"@type":"EntryPoint","urlTemplate":"https:\/\/lospoliticosveracruz.com\/?s={search_term_string}"},"query-input":{"@type":"PropertyValueSpecification","valueRequired":true,"valueName":"search_term_string"}}],"inLanguage":"es"},{"@type":"Organization","@id":"https:\/\/lospoliticosveracruz.com\/#organization","name":"Los pol\u00edticos Veracruz","url":"https:\/\/lospoliticosveracruz.com\/","logo":{"@type":"ImageObject","inLanguage":"es","@id":"https:\/\/lospoliticosveracruz.com\/#\/schema\/logo\/image\/","url":"https:\/\/lospoliticosveracruz.com\/wp-content\/uploads\/2025\/12\/Logo-Nuevo-LOS-POLITICOS-1.jpg","contentUrl":"https:\/\/lospoliticosveracruz.com\/wp-content\/uploads\/2025\/12\/Logo-Nuevo-LOS-POLITICOS-1.jpg","width":260,"height":70,"caption":"Los pol\u00edticos Veracruz"},"image":{"@id":"https:\/\/lospoliticosveracruz.com\/#\/schema\/logo\/image\/"},"sameAs":["https:\/\/www.facebook.com\/people\/Notimemes-de-los-Polticos\/61565672886568\/","https:\/\/x.com\/LosPoliticosVer"]},{"@type":"Person","@id":"https:\/\/lospoliticosveracruz.com\/#\/schema\/person\/b8702bb0e538456e6efd07080bf2a4a2","name":"Lo viste en Los Pol\u00edticos","image":{"@type":"ImageObject","inLanguage":"es","@id":"https:\/\/secure.gravatar.com\/avatar\/3a8de04a2656d44082be478bd6c086daa447c4651605818287b9532d3d0bd435?s=96&d=mm&r=g","url":"https:\/\/secure.gravatar.com\/avatar\/3a8de04a2656d44082be478bd6c086daa447c4651605818287b9532d3d0bd435?s=96&d=mm&r=g","contentUrl":"https:\/\/secure.gravatar.com\/avatar\/3a8de04a2656d44082be478bd6c086daa447c4651605818287b9532d3d0bd435?s=96&d=mm&r=g","caption":"Lo viste en Los Pol\u00edticos"},"url":"https:\/\/lospoliticosveracruz.com\/?author=2"}]}},"_links":{"self":[{"href":"https:\/\/lospoliticosveracruz.com\/index.php?rest_route=\/wp\/v2\/posts\/147838","targetHints":{"allow":["GET"]}}],"collection":[{"href":"https:\/\/lospoliticosveracruz.com\/index.php?rest_route=\/wp\/v2\/posts"}],"about":[{"href":"https:\/\/lospoliticosveracruz.com\/index.php?rest_route=\/wp\/v2\/types\/post"}],"author":[{"embeddable":true,"href":"https:\/\/lospoliticosveracruz.com\/index.php?rest_route=\/wp\/v2\/users\/2"}],"replies":[{"embeddable":true,"href":"https:\/\/lospoliticosveracruz.com\/index.php?rest_route=%2Fwp%2Fv2%2Fcomments&post=147838"}],"version-history":[{"count":1,"href":"https:\/\/lospoliticosveracruz.com\/index.php?rest_route=\/wp\/v2\/posts\/147838\/revisions"}],"predecessor-version":[{"id":147839,"href":"https:\/\/lospoliticosveracruz.com\/index.php?rest_route=\/wp\/v2\/posts\/147838\/revisions\/147839"}],"wp:featuredmedia":[{"embeddable":true,"href":"https:\/\/lospoliticosveracruz.com\/index.php?rest_route=\/wp\/v2\/media\/141385"}],"wp:attachment":[{"href":"https:\/\/lospoliticosveracruz.com\/index.php?rest_route=%2Fwp%2Fv2%2Fmedia&parent=147838"}],"wp:term":[{"taxonomy":"category","embeddable":true,"href":"https:\/\/lospoliticosveracruz.com\/index.php?rest_route=%2Fwp%2Fv2%2Fcategories&post=147838"},{"taxonomy":"post_tag","embeddable":true,"href":"https:\/\/lospoliticosveracruz.com\/index.php?rest_route=%2Fwp%2Fv2%2Ftags&post=147838"}],"curies":[{"name":"wp","href":"https:\/\/api.w.org\/{rel}","templated":true}]}}