{"id":147873,"date":"2025-06-26T19:47:46","date_gmt":"2025-06-27T00:47:46","guid":{"rendered":"https:\/\/lospoliticosveracruz.com.mx\/?p=147873"},"modified":"2025-06-26T19:50:43","modified_gmt":"2025-06-27T00:50:43","slug":"busquen-las-causas-y-no-los-culpables","status":"publish","type":"post","link":"https:\/\/lospoliticosveracruz.com\/?p=147873","title":{"rendered":"BUSQUEN LAS CAUSAS Y NO LOS CULPABLES"},"content":{"rendered":"\n\n\n<p><br><strong>Manuel Huerta Ladr\u00f3n de Guevara<\/strong>*<\/p>\n\n\n\n<p>La democracia, como la vida, no se mide s\u00f3lo por cu\u00e1ntos trofeos llevas en las manos, sino por cu\u00e1ntos corazones conservas en la causa. Las recientes elecciones municipales en Veracruz nos dejan una lecci\u00f3n clara y urgente: no basta con obtener el mayor n\u00famero de alcald\u00edas si en el camino se pierde la conexi\u00f3n con la esperanza popular, con la ra\u00edz misma que dio vida al movimiento.<\/p>\n\n\n\n<p>El pueblo habl\u00f3&nbsp;y lo hizo de manera compleja, matizada, incluso contradictoria; aunque la coalici\u00f3n que integramos \u2014Morena y el Partido Verde\u2014 logr\u00f3 posicionarse&nbsp;como la que m\u00e1s municipios gan\u00f3&nbsp;con 60 en total,&nbsp;de acuerdo con datos del&nbsp;PREP, el an\u00e1lisis honesto nos obliga a mirar m\u00e1s all\u00e1 del n\u00famero. Morena, como fuerza individual, apenas obtuvo 11 presidencias municipales&nbsp;y en t\u00e9rminos de votos directos apenas rebas\u00f3 el 3.8%. Estos datos no son para presumir, sino para reflexionar con humildad.<\/p>\n\n\n\n<p>S\u00ed, se impuso una coalici\u00f3n, pero el&nbsp;voto no fue un cheque en blanco; es m\u00e1s, fue&nbsp;en muchos casos&nbsp;un llamado de atenci\u00f3n; la gente nos dijo que no basta con tener el poder, que se necesita ejercerlo con congruencia, cercan\u00eda y resultados. Vimos c\u00f3mo nuevas fuerzas pol\u00edticas como Movimiento Ciudadano se colocaron como segunda fuerza en el Estado, ganando 41 municipios y mostrando un m\u00fasculo que no puede ser subestimado;&nbsp;tambi\u00e9n el Partido del Trabajo, actuando por su cuenta, obtuvo 28 ayuntamientos. \u00bfQu\u00e9 nos dice esto?&nbsp;que la pluralidad lleg\u00f3 para quedarse y que la hegemon\u00eda, si no se sustenta en principios y acci\u00f3n de base, se desmorona.<\/p>\n\n\n\n<p>Hoy m\u00e1s que nunca es necesario volver al territorio, al tianguis, a la comunidad, a laasamblea. Lo hemos dicho antes,&nbsp;el pueblo es sabio, pero tambi\u00e9n impaciente cuando siente que no se le escucha; y&nbsp;en este proceso, muchas comunidades votaron con un reclamo contenido, con la memoria fresca de promesas incumplidas, de autoridades que dejaron de mirar de frente a quienes les dieron el cargo.<\/p>\n\n\n\n<p>El mensaje es claro,&nbsp;no hay transformaci\u00f3n verdadera si no se vive desde abajo. No hay Cuarta&nbsp;Transformaci\u00f3n sin autocr\u00edtica, necesitamos revisar qu\u00e9 est\u00e1 fallando en nuestras formas de organizaci\u00f3n local, en la selecci\u00f3n de candidaturas&nbsp;y&nbsp;en la rendici\u00f3n de cuentas. \u00bfD\u00f3nde qued\u00f3 la honestidad,&nbsp;la austeridad, la cercan\u00eda? \u00bfPor qu\u00e9 muchas alcald\u00edas perdidas estaban antes en manos de Morena y no supimos retener la confianza?<\/p>\n\n\n\n<p>Esto no es una derrota total, pero s\u00ed es una alerta profunda; ganar en las cifras sin conservar el alma del movimiento es una victoria hueca. Por eso, hago un llamado a todas y todos los compa\u00f1eros de lucha, dentro y fuera del partido, para que asumamos esta coyuntura con la seriedad que merece; la transformaci\u00f3n no puede convertirse en rutina ni en burocracia.<\/p>\n\n\n\n<p>Desde el Senado seguir\u00e9 levantando la voz por el pueblo veracruzano, pero tambi\u00e9n asumo con firmeza la necesidad de transformar desde adentro, de reconstruir el v\u00ednculo con la ciudadan\u00eda, de escuchar incluso cuando duela. No llegamos aqu\u00ed para acomodarnos en el poder, sino para&nbsp;transformarlo en&nbsp;herramienta de justicia.<\/p>\n\n\n\n<p><a><\/a>Porque la historia no la escriben los que ganan m\u00e1s municipios, sino los que logran que el pueblo viva mejor.<\/p>\n\n\n\n<p><br>*Senador del Pueblo<\/p>\n","protected":false},"excerpt":{"rendered":"<p>Manuel Huerta Ladr\u00f3n de Guevara* La democracia, como la vida, no se mide s\u00f3lo por cu\u00e1ntos trofeos llevas en las manos, sino por cu\u00e1ntos corazones conservas en la causa. Las recientes elecciones municipales en Veracruz nos dejan una lecci\u00f3n clara y urgente: no basta con obtener el mayor n\u00famero de alcald\u00edas si en el camino [&hellip;]<\/p>\n","protected":false},"author":2,"featured_media":134709,"comment_status":"closed","ping_status":"closed","sticky":false,"template":"","format":"standard","meta":{"tdm_status":"","tdm_grid_status":"","footnotes":""},"categories":[70],"tags":[12744,1850,1026,195],"class_list":{"0":"post-147873","1":"post","2":"type-post","3":"status-publish","4":"format-standard","5":"has-post-thumbnail","7":"category-de-opinion","8":"tag-cuarta-transformacion","9":"tag-manuel-huerta-ladron-de-guevara","10":"tag-morena","11":"tag-veracruz"},"yoast_head":"<!-- This site is optimized with the Yoast SEO plugin v27.4 - https:\/\/yoast.com\/product\/yoast-seo-wordpress\/ -->\n<title>BUSQUEN LAS CAUSAS Y NO LOS CULPABLES - Los pol\u00edticos Veracruz<\/title>\n<meta name=\"robots\" content=\"index, follow, max-snippet:-1, max-image-preview:large, max-video-preview:-1\" \/>\n<link rel=\"canonical\" href=\"https:\/\/lospoliticosveracruz.com\/?p=147873\" \/>\n<meta property=\"og:locale\" content=\"es_ES\" \/>\n<meta property=\"og:type\" content=\"article\" \/>\n<meta property=\"og:title\" content=\"BUSQUEN LAS CAUSAS Y NO LOS CULPABLES - Los pol\u00edticos Veracruz\" \/>\n<meta property=\"og:description\" content=\"Manuel Huerta Ladr\u00f3n de Guevara* La democracia, como la vida, no se mide s\u00f3lo por cu\u00e1ntos trofeos llevas en las manos, sino por cu\u00e1ntos corazones conservas en la causa. Las recientes elecciones municipales en Veracruz nos dejan una lecci\u00f3n clara y urgente: no basta con obtener el mayor n\u00famero de alcald\u00edas si en el camino [&hellip;]\" \/>\n<meta property=\"og:url\" content=\"https:\/\/lospoliticosveracruz.com\/?p=147873\" \/>\n<meta property=\"og:site_name\" content=\"Los pol\u00edticos Veracruz\" \/>\n<meta property=\"article:publisher\" content=\"https:\/\/www.facebook.com\/people\/Notimemes-de-los-Polticos\/61565672886568\/\" \/>\n<meta property=\"article:published_time\" content=\"2025-06-27T00:47:46+00:00\" \/>\n<meta property=\"article:modified_time\" content=\"2025-06-27T00:50:43+00:00\" \/>\n<meta property=\"og:image\" content=\"https:\/\/lospoliticosveracruz.com\/wp-content\/uploads\/2024\/12\/Huerta-fin-de-ano.jpg\" \/>\n\t<meta property=\"og:image:width\" content=\"600\" \/>\n\t<meta property=\"og:image:height\" content=\"320\" \/>\n\t<meta property=\"og:image:type\" content=\"image\/jpeg\" \/>\n<meta name=\"author\" content=\"Lo viste en Los Pol\u00edticos\" \/>\n<meta name=\"twitter:card\" content=\"summary_large_image\" \/>\n<meta name=\"twitter:creator\" content=\"@LosPoliticosVer\" \/>\n<meta name=\"twitter:site\" content=\"@LosPoliticosVer\" \/>\n<meta name=\"twitter:label1\" content=\"Escrito por\" \/>\n\t<meta name=\"twitter:data1\" content=\"Lo viste en Los Pol\u00edticos\" \/>\n\t<meta name=\"twitter:label2\" content=\"Tiempo de lectura\" \/>\n\t<meta name=\"twitter:data2\" content=\"3 minutos\" \/>\n<script type=\"application\/ld+json\" class=\"yoast-schema-graph\">{\"@context\":\"https:\\\/\\\/schema.org\",\"@graph\":[{\"@type\":\"Article\",\"@id\":\"https:\\\/\\\/lospoliticosveracruz.com\\\/?p=147873#article\",\"isPartOf\":{\"@id\":\"https:\\\/\\\/lospoliticosveracruz.com\\\/?p=147873\"},\"author\":{\"name\":\"Lo viste en Los Pol\u00edticos\",\"@id\":\"https:\\\/\\\/lospoliticosveracruz.com\\\/#\\\/schema\\\/person\\\/b8702bb0e538456e6efd07080bf2a4a2\"},\"headline\":\"BUSQUEN LAS CAUSAS Y NO LOS CULPABLES\",\"datePublished\":\"2025-06-27T00:47:46+00:00\",\"dateModified\":\"2025-06-27T00:50:43+00:00\",\"mainEntityOfPage\":{\"@id\":\"https:\\\/\\\/lospoliticosveracruz.com\\\/?p=147873\"},\"wordCount\":596,\"publisher\":{\"@id\":\"https:\\\/\\\/lospoliticosveracruz.com\\\/#organization\"},\"image\":{\"@id\":\"https:\\\/\\\/lospoliticosveracruz.com\\\/?p=147873#primaryimage\"},\"thumbnailUrl\":\"https:\\\/\\\/lospoliticosveracruz.com\\\/wp-content\\\/uploads\\\/2024\\\/12\\\/Huerta-fin-de-ano.jpg\",\"keywords\":[\"Cuarta Transformaci\u00f3n\",\"Manuel Huerta Ladr\u00f3n de Guevara\",\"Morena\",\"Veracruz\"],\"articleSection\":[\"De Opini\u00f3n\"],\"inLanguage\":\"es\"},{\"@type\":\"WebPage\",\"@id\":\"https:\\\/\\\/lospoliticosveracruz.com\\\/?p=147873\",\"url\":\"https:\\\/\\\/lospoliticosveracruz.com\\\/?p=147873\",\"name\":\"BUSQUEN LAS CAUSAS Y NO LOS CULPABLES - Los pol\u00edticos Veracruz\",\"isPartOf\":{\"@id\":\"https:\\\/\\\/lospoliticosveracruz.com\\\/#website\"},\"primaryImageOfPage\":{\"@id\":\"https:\\\/\\\/lospoliticosveracruz.com\\\/?p=147873#primaryimage\"},\"image\":{\"@id\":\"https:\\\/\\\/lospoliticosveracruz.com\\\/?p=147873#primaryimage\"},\"thumbnailUrl\":\"https:\\\/\\\/lospoliticosveracruz.com\\\/wp-content\\\/uploads\\\/2024\\\/12\\\/Huerta-fin-de-ano.jpg\",\"datePublished\":\"2025-06-27T00:47:46+00:00\",\"dateModified\":\"2025-06-27T00:50:43+00:00\",\"breadcrumb\":{\"@id\":\"https:\\\/\\\/lospoliticosveracruz.com\\\/?p=147873#breadcrumb\"},\"inLanguage\":\"es\",\"potentialAction\":[{\"@type\":\"ReadAction\",\"target\":[\"https:\\\/\\\/lospoliticosveracruz.com\\\/?p=147873\"]}]},{\"@type\":\"ImageObject\",\"inLanguage\":\"es\",\"@id\":\"https:\\\/\\\/lospoliticosveracruz.com\\\/?p=147873#primaryimage\",\"url\":\"https:\\\/\\\/lospoliticosveracruz.com\\\/wp-content\\\/uploads\\\/2024\\\/12\\\/Huerta-fin-de-ano.jpg\",\"contentUrl\":\"https:\\\/\\\/lospoliticosveracruz.com\\\/wp-content\\\/uploads\\\/2024\\\/12\\\/Huerta-fin-de-ano.jpg\",\"width\":600,\"height\":320},{\"@type\":\"BreadcrumbList\",\"@id\":\"https:\\\/\\\/lospoliticosveracruz.com\\\/?p=147873#breadcrumb\",\"itemListElement\":[{\"@type\":\"ListItem\",\"position\":1,\"name\":\"Portada\",\"item\":\"https:\\\/\\\/lospoliticosveracruz.com\\\/\"},{\"@type\":\"ListItem\",\"position\":2,\"name\":\"BUSQUEN LAS CAUSAS Y NO LOS CULPABLES\"}]},{\"@type\":\"WebSite\",\"@id\":\"https:\\\/\\\/lospoliticosveracruz.com\\\/#website\",\"url\":\"https:\\\/\\\/lospoliticosveracruz.com\\\/\",\"name\":\"Los pol\u00edticos Veracruz\",\"description\":\"\",\"publisher\":{\"@id\":\"https:\\\/\\\/lospoliticosveracruz.com\\\/#organization\"},\"potentialAction\":[{\"@type\":\"SearchAction\",\"target\":{\"@type\":\"EntryPoint\",\"urlTemplate\":\"https:\\\/\\\/lospoliticosveracruz.com\\\/?s={search_term_string}\"},\"query-input\":{\"@type\":\"PropertyValueSpecification\",\"valueRequired\":true,\"valueName\":\"search_term_string\"}}],\"inLanguage\":\"es\"},{\"@type\":\"Organization\",\"@id\":\"https:\\\/\\\/lospoliticosveracruz.com\\\/#organization\",\"name\":\"Los pol\u00edticos Veracruz\",\"url\":\"https:\\\/\\\/lospoliticosveracruz.com\\\/\",\"logo\":{\"@type\":\"ImageObject\",\"inLanguage\":\"es\",\"@id\":\"https:\\\/\\\/lospoliticosveracruz.com\\\/#\\\/schema\\\/logo\\\/image\\\/\",\"url\":\"https:\\\/\\\/lospoliticosveracruz.com\\\/wp-content\\\/uploads\\\/2025\\\/12\\\/Logo-Nuevo-LOS-POLITICOS-1.jpg\",\"contentUrl\":\"https:\\\/\\\/lospoliticosveracruz.com\\\/wp-content\\\/uploads\\\/2025\\\/12\\\/Logo-Nuevo-LOS-POLITICOS-1.jpg\",\"width\":260,\"height\":70,\"caption\":\"Los pol\u00edticos Veracruz\"},\"image\":{\"@id\":\"https:\\\/\\\/lospoliticosveracruz.com\\\/#\\\/schema\\\/logo\\\/image\\\/\"},\"sameAs\":[\"https:\\\/\\\/www.facebook.com\\\/people\\\/Notimemes-de-los-Polticos\\\/61565672886568\\\/\",\"https:\\\/\\\/x.com\\\/LosPoliticosVer\"]},{\"@type\":\"Person\",\"@id\":\"https:\\\/\\\/lospoliticosveracruz.com\\\/#\\\/schema\\\/person\\\/b8702bb0e538456e6efd07080bf2a4a2\",\"name\":\"Lo viste en Los Pol\u00edticos\",\"image\":{\"@type\":\"ImageObject\",\"inLanguage\":\"es\",\"@id\":\"https:\\\/\\\/secure.gravatar.com\\\/avatar\\\/3a8de04a2656d44082be478bd6c086daa447c4651605818287b9532d3d0bd435?s=96&d=mm&r=g\",\"url\":\"https:\\\/\\\/secure.gravatar.com\\\/avatar\\\/3a8de04a2656d44082be478bd6c086daa447c4651605818287b9532d3d0bd435?s=96&d=mm&r=g\",\"contentUrl\":\"https:\\\/\\\/secure.gravatar.com\\\/avatar\\\/3a8de04a2656d44082be478bd6c086daa447c4651605818287b9532d3d0bd435?s=96&d=mm&r=g\",\"caption\":\"Lo viste en Los Pol\u00edticos\"},\"url\":\"https:\\\/\\\/lospoliticosveracruz.com\\\/?author=2\"}]}<\/script>\n<!-- \/ Yoast SEO plugin. -->","yoast_head_json":{"title":"BUSQUEN LAS CAUSAS Y NO LOS CULPABLES - Los pol\u00edticos Veracruz","robots":{"index":"index","follow":"follow","max-snippet":"max-snippet:-1","max-image-preview":"max-image-preview:large","max-video-preview":"max-video-preview:-1"},"canonical":"https:\/\/lospoliticosveracruz.com\/?p=147873","og_locale":"es_ES","og_type":"article","og_title":"BUSQUEN LAS CAUSAS Y NO LOS CULPABLES - Los pol\u00edticos Veracruz","og_description":"Manuel Huerta Ladr\u00f3n de Guevara* La democracia, como la vida, no se mide s\u00f3lo por cu\u00e1ntos trofeos llevas en las manos, sino por cu\u00e1ntos corazones conservas en la causa. Las recientes elecciones municipales en Veracruz nos dejan una lecci\u00f3n clara y urgente: no basta con obtener el mayor n\u00famero de alcald\u00edas si en el camino [&hellip;]","og_url":"https:\/\/lospoliticosveracruz.com\/?p=147873","og_site_name":"Los pol\u00edticos Veracruz","article_publisher":"https:\/\/www.facebook.com\/people\/Notimemes-de-los-Polticos\/61565672886568\/","article_published_time":"2025-06-27T00:47:46+00:00","article_modified_time":"2025-06-27T00:50:43+00:00","og_image":[{"width":600,"height":320,"url":"https:\/\/lospoliticosveracruz.com\/wp-content\/uploads\/2024\/12\/Huerta-fin-de-ano.jpg","type":"image\/jpeg"}],"author":"Lo viste en Los Pol\u00edticos","twitter_card":"summary_large_image","twitter_creator":"@LosPoliticosVer","twitter_site":"@LosPoliticosVer","twitter_misc":{"Escrito por":"Lo viste en Los Pol\u00edticos","Tiempo de lectura":"3 minutos"},"schema":{"@context":"https:\/\/schema.org","@graph":[{"@type":"Article","@id":"https:\/\/lospoliticosveracruz.com\/?p=147873#article","isPartOf":{"@id":"https:\/\/lospoliticosveracruz.com\/?p=147873"},"author":{"name":"Lo viste en Los Pol\u00edticos","@id":"https:\/\/lospoliticosveracruz.com\/#\/schema\/person\/b8702bb0e538456e6efd07080bf2a4a2"},"headline":"BUSQUEN LAS CAUSAS Y NO LOS CULPABLES","datePublished":"2025-06-27T00:47:46+00:00","dateModified":"2025-06-27T00:50:43+00:00","mainEntityOfPage":{"@id":"https:\/\/lospoliticosveracruz.com\/?p=147873"},"wordCount":596,"publisher":{"@id":"https:\/\/lospoliticosveracruz.com\/#organization"},"image":{"@id":"https:\/\/lospoliticosveracruz.com\/?p=147873#primaryimage"},"thumbnailUrl":"https:\/\/lospoliticosveracruz.com\/wp-content\/uploads\/2024\/12\/Huerta-fin-de-ano.jpg","keywords":["Cuarta Transformaci\u00f3n","Manuel Huerta Ladr\u00f3n de Guevara","Morena","Veracruz"],"articleSection":["De Opini\u00f3n"],"inLanguage":"es"},{"@type":"WebPage","@id":"https:\/\/lospoliticosveracruz.com\/?p=147873","url":"https:\/\/lospoliticosveracruz.com\/?p=147873","name":"BUSQUEN LAS CAUSAS Y NO LOS CULPABLES - Los pol\u00edticos Veracruz","isPartOf":{"@id":"https:\/\/lospoliticosveracruz.com\/#website"},"primaryImageOfPage":{"@id":"https:\/\/lospoliticosveracruz.com\/?p=147873#primaryimage"},"image":{"@id":"https:\/\/lospoliticosveracruz.com\/?p=147873#primaryimage"},"thumbnailUrl":"https:\/\/lospoliticosveracruz.com\/wp-content\/uploads\/2024\/12\/Huerta-fin-de-ano.jpg","datePublished":"2025-06-27T00:47:46+00:00","dateModified":"2025-06-27T00:50:43+00:00","breadcrumb":{"@id":"https:\/\/lospoliticosveracruz.com\/?p=147873#breadcrumb"},"inLanguage":"es","potentialAction":[{"@type":"ReadAction","target":["https:\/\/lospoliticosveracruz.com\/?p=147873"]}]},{"@type":"ImageObject","inLanguage":"es","@id":"https:\/\/lospoliticosveracruz.com\/?p=147873#primaryimage","url":"https:\/\/lospoliticosveracruz.com\/wp-content\/uploads\/2024\/12\/Huerta-fin-de-ano.jpg","contentUrl":"https:\/\/lospoliticosveracruz.com\/wp-content\/uploads\/2024\/12\/Huerta-fin-de-ano.jpg","width":600,"height":320},{"@type":"BreadcrumbList","@id":"https:\/\/lospoliticosveracruz.com\/?p=147873#breadcrumb","itemListElement":[{"@type":"ListItem","position":1,"name":"Portada","item":"https:\/\/lospoliticosveracruz.com\/"},{"@type":"ListItem","position":2,"name":"BUSQUEN LAS CAUSAS Y NO LOS CULPABLES"}]},{"@type":"WebSite","@id":"https:\/\/lospoliticosveracruz.com\/#website","url":"https:\/\/lospoliticosveracruz.com\/","name":"Los pol\u00edticos Veracruz","description":"","publisher":{"@id":"https:\/\/lospoliticosveracruz.com\/#organization"},"potentialAction":[{"@type":"SearchAction","target":{"@type":"EntryPoint","urlTemplate":"https:\/\/lospoliticosveracruz.com\/?s={search_term_string}"},"query-input":{"@type":"PropertyValueSpecification","valueRequired":true,"valueName":"search_term_string"}}],"inLanguage":"es"},{"@type":"Organization","@id":"https:\/\/lospoliticosveracruz.com\/#organization","name":"Los pol\u00edticos Veracruz","url":"https:\/\/lospoliticosveracruz.com\/","logo":{"@type":"ImageObject","inLanguage":"es","@id":"https:\/\/lospoliticosveracruz.com\/#\/schema\/logo\/image\/","url":"https:\/\/lospoliticosveracruz.com\/wp-content\/uploads\/2025\/12\/Logo-Nuevo-LOS-POLITICOS-1.jpg","contentUrl":"https:\/\/lospoliticosveracruz.com\/wp-content\/uploads\/2025\/12\/Logo-Nuevo-LOS-POLITICOS-1.jpg","width":260,"height":70,"caption":"Los pol\u00edticos Veracruz"},"image":{"@id":"https:\/\/lospoliticosveracruz.com\/#\/schema\/logo\/image\/"},"sameAs":["https:\/\/www.facebook.com\/people\/Notimemes-de-los-Polticos\/61565672886568\/","https:\/\/x.com\/LosPoliticosVer"]},{"@type":"Person","@id":"https:\/\/lospoliticosveracruz.com\/#\/schema\/person\/b8702bb0e538456e6efd07080bf2a4a2","name":"Lo viste en Los Pol\u00edticos","image":{"@type":"ImageObject","inLanguage":"es","@id":"https:\/\/secure.gravatar.com\/avatar\/3a8de04a2656d44082be478bd6c086daa447c4651605818287b9532d3d0bd435?s=96&d=mm&r=g","url":"https:\/\/secure.gravatar.com\/avatar\/3a8de04a2656d44082be478bd6c086daa447c4651605818287b9532d3d0bd435?s=96&d=mm&r=g","contentUrl":"https:\/\/secure.gravatar.com\/avatar\/3a8de04a2656d44082be478bd6c086daa447c4651605818287b9532d3d0bd435?s=96&d=mm&r=g","caption":"Lo viste en Los Pol\u00edticos"},"url":"https:\/\/lospoliticosveracruz.com\/?author=2"}]}},"_links":{"self":[{"href":"https:\/\/lospoliticosveracruz.com\/index.php?rest_route=\/wp\/v2\/posts\/147873","targetHints":{"allow":["GET"]}}],"collection":[{"href":"https:\/\/lospoliticosveracruz.com\/index.php?rest_route=\/wp\/v2\/posts"}],"about":[{"href":"https:\/\/lospoliticosveracruz.com\/index.php?rest_route=\/wp\/v2\/types\/post"}],"author":[{"embeddable":true,"href":"https:\/\/lospoliticosveracruz.com\/index.php?rest_route=\/wp\/v2\/users\/2"}],"replies":[{"embeddable":true,"href":"https:\/\/lospoliticosveracruz.com\/index.php?rest_route=%2Fwp%2Fv2%2Fcomments&post=147873"}],"version-history":[{"count":1,"href":"https:\/\/lospoliticosveracruz.com\/index.php?rest_route=\/wp\/v2\/posts\/147873\/revisions"}],"predecessor-version":[{"id":147874,"href":"https:\/\/lospoliticosveracruz.com\/index.php?rest_route=\/wp\/v2\/posts\/147873\/revisions\/147874"}],"wp:featuredmedia":[{"embeddable":true,"href":"https:\/\/lospoliticosveracruz.com\/index.php?rest_route=\/wp\/v2\/media\/134709"}],"wp:attachment":[{"href":"https:\/\/lospoliticosveracruz.com\/index.php?rest_route=%2Fwp%2Fv2%2Fmedia&parent=147873"}],"wp:term":[{"taxonomy":"category","embeddable":true,"href":"https:\/\/lospoliticosveracruz.com\/index.php?rest_route=%2Fwp%2Fv2%2Fcategories&post=147873"},{"taxonomy":"post_tag","embeddable":true,"href":"https:\/\/lospoliticosveracruz.com\/index.php?rest_route=%2Fwp%2Fv2%2Ftags&post=147873"}],"curies":[{"name":"wp","href":"https:\/\/api.w.org\/{rel}","templated":true}]}}