{"id":14793,"date":"2015-02-05T23:11:34","date_gmt":"2015-02-06T05:11:34","guid":{"rendered":"http:\/\/www.lospoliticosveracruz.com.mx\/?p=14793"},"modified":"2015-02-05T23:11:34","modified_gmt":"2015-02-06T05:11:34","slug":"preocupante-flagelo","status":"publish","type":"post","link":"https:\/\/lospoliticosveracruz.com\/?p=14793","title":{"rendered":"Preocupante flagelo"},"content":{"rendered":"<p><a href=\"http:\/\/www.lospoliticosveracruz.com.mx\/wp-content\/uploads\/2015\/02\/Trata-de-personas.jpg\"><img loading=\"lazy\" decoding=\"async\" class=\"alignnone size-medium wp-image-14795\" src=\"http:\/\/www.lospoliticosveracruz.com.mx\/wp-content\/uploads\/2015\/02\/Trata-de-personas-300x143.jpg\" alt=\"Trata-de-personas\" width=\"300\" height=\"143\" \/><\/a><\/p>\n<p><strong>Ricardo V\u00e1zquez Salazar<\/strong><\/p>\n<p><em>Esfera Pol\u00edtica<\/em><\/p>\n<p>&nbsp;<\/p>\n<p>Es innegable que la violencia e inseguridad contin\u00faa haciendo estragos no \u00fanicamente en Michoac\u00e1n y Guerrero, tambi\u00e9n en Tamaulipas y Veracruz. Ejecuciones, secuestros, desapariciones, siguen siendo noticia diaria. La confirmaci\u00f3n por la PGR del asesinato del periodista Mois\u00e9s S\u00e1nchez Cerezo, es muy lamentable. El descubrimiento de fosas clandestinas no es privativo del Estado de Guerrero. En la colonia Veracruz del puerto de Coatzacoalcos han localizado los restos de seis personas en una fosa clandestina, hallazgo que ha generado entre la poblaci\u00f3n mayor nerviosismo y temor.<\/p>\n<p>Uno de los terribles flagelos de la inseguridad que destruyen la vida de un ser humano y devastan la de sus familias, son las v\u00edctimas de trata de personas. Ni\u00f1as, adolescentes y j\u00f3venes principalmente, son afectadas por secuestro o rapto para ser sometidas a la explotaci\u00f3n sexual; considerada la esclavitud del siglo XXI. Actividad que no s\u00f3lo ha resurgido a lo largo y ancho de nuestro pa\u00eds y de los cinco continentes en los \u00faltimos a\u00f1os, sino que ha adoptado nuevas formas y se ha diversificado y enraizado en distintas sociedades. Fen\u00f3menos como la pornograf\u00eda infantil, el comercio de personas con fines laborales o de turismo sexual, han generado un proceso de oferta y demanda de seres humanos que, hoy d\u00eda, producen enormes ganancias en el mundo.<\/p>\n<p>Rosi Orozco estuvo este martes en C\u00f3rdoba, se\u00f1al\u00f3 que en el a\u00f1o 2014, m\u00e1s de 70 mil ni\u00f1os y ni\u00f1as mexicanos fueron v\u00edctimas de explotaci\u00f3n sexual, dato que consider\u00f3 sumamente alarmante por el hecho de que en los \u00faltimos siete a\u00f1os, \u00fanicamente se han rescatado aproximadamente a 200 v\u00edctimas, entre las que se identificaron algunas veracruzanas; datos del DIF Nacional. Orozco vino a participar en el foro \u00abPrevenci\u00f3n de la Trata\u00bb.<\/p>\n<p>\u00bfPero qui\u00e9n es Rosi Orozco?<\/p>\n<p>Considerada como una de las principales activistas en defensa de los derechos de las v\u00edctimas de trata de personas, Rosi Orozco ha sido distinguida por la influyente revista Forbes como una de las 50 mujeres m\u00e1s poderosas \u2013ubicada en la posici\u00f3n n\u00famero once- en el 2014. En el a\u00f1o 2005, Rosi Orozco fue invitada a Washington, D.C. por el Departamento de Justicia de Estados Unidos, a un acto en The Concerned Women for America, organizaci\u00f3n de defensa de las mujeres que durante cinco d\u00edas desarroll\u00f3 un ciclo de conferencias para hacer conciencia y tomar acciones de prevenci\u00f3n, fortalecimiento de leyes, presunci\u00f3n del delito, v\u00edctimas y reintegraci\u00f3n a la sociedad. Desde entonces se convirti\u00f3 en una de las principales activistas en defensa de los derechos de las v\u00edctimas de trata de personas; no exclusivamente en M\u00e9xico, tambi\u00e9n en otros pa\u00edses.<\/p>\n<p>Rosi Orozco revel\u00f3 en C\u00f3rdoba datos preocupantes: que la Comisi\u00f3n Nacional de Derechos Humanos, CNDH, realiz\u00f3 un diagn\u00f3stico en el que se\u00f1al\u00f3 como focos rojos para la trata de personas en la entidad veracruzana, a los municipios de: C\u00f3rdoba, Huatusco, Orizaba, Veracruz puerto, Acayucan, Poza Rica, Tuxpan, Misantla, Minatitl\u00e1n, Cosamaloapan, Ixhuatlancillo, Emiliano Zapata, Perote, Tlapacoyan, San Andr\u00e9s Tuxtla y Coatzacoalcos.<\/p>\n<p>La activista, presidenta de la Comisi\u00f3n Unidos Contra la Trata, lament\u00f3 que 22 estados de la Rep\u00fablica han aplazado la armonizaci\u00f3n de la Ley General para Prevenir, Sancionar y Erradicar los Delitos en Materia de Trata de Personas. Aunque reconoci\u00f3 que Veracruz ya lo hizo, la ex legisladora federal, Rosi Orozco, advirti\u00f3 que de continuar permitiendo que prevalezca la trata de personas, se corre el riesgo que invada un mayor n\u00famero de hogares en Veracruz.<\/p>\n<p>Por lo que ocurre, no deben tomarse a la ligera las declaraciones que acaba de hacer el delegado en Veracruz, de la Secretar\u00eda de Gobernaci\u00f3n, SEGOB, Alberto Amador Leal, al enfatizar que es necesario revisar a fondo la estrategia de combate a la inseguridad, ante las situaciones de violencia que involucra a polic\u00edas municipales de Lerdo de Tejada, Medell\u00edn y Acuilzingo. Advirti\u00f3 que una vez concluida la revisi\u00f3n y se conozca el resultado, de ser necesario, podr\u00edan asumir las fuerzas federales la seguridad p\u00fablica en los lugares donde sea necesario.<\/p>\n<p>Para quienes se transportan en veh\u00edculos blindados con aparatosas escoltas \u2013incluyendo toda su familia-, resulta irrelevante lo se\u00f1alado por Amador Leal, mas no para la gran mayor\u00eda de la poblaci\u00f3n que est\u00e1 expuesta a sufrir los estragos de la inseguridad.<\/p>\n<p>rvazquez002@yahoo.com.mx<\/p>\n","protected":false},"excerpt":{"rendered":"<p>Ricardo V\u00e1zquez Salazar Esfera Pol\u00edtica &nbsp; Es innegable que la violencia e inseguridad contin\u00faa haciendo estragos no \u00fanicamente en Michoac\u00e1n y Guerrero, tambi\u00e9n en Tamaulipas y Veracruz. Ejecuciones, secuestros, desapariciones, siguen siendo noticia diaria. La confirmaci\u00f3n por la PGR del asesinato del periodista Mois\u00e9s S\u00e1nchez Cerezo, es muy lamentable. El descubrimiento de fosas clandestinas no [&hellip;]<\/p>\n","protected":false},"author":2,"featured_media":0,"comment_status":"open","ping_status":"open","sticky":false,"template":"","format":"standard","meta":{"tdm_status":"","tdm_grid_status":"","footnotes":""},"categories":[70],"tags":[371,1699,1381,1700,1702],"class_list":{"0":"post-14793","1":"post","2":"type-post","3":"status-publish","4":"format-standard","6":"category-de-opinion","7":"tag-coatzacoalcos","8":"tag-fosas-clandestinas","9":"tag-moises-sanchez-cerezo","10":"tag-rosi-orozco","11":"tag-the-concerned-women-for-america"},"yoast_head":"<!-- This site is optimized with the Yoast SEO plugin v27.4 - https:\/\/yoast.com\/product\/yoast-seo-wordpress\/ -->\n<title>Preocupante flagelo - Los pol\u00edticos Veracruz<\/title>\n<meta name=\"robots\" content=\"index, follow, max-snippet:-1, max-image-preview:large, max-video-preview:-1\" \/>\n<link rel=\"canonical\" href=\"https:\/\/lospoliticosveracruz.com\/?p=14793\" \/>\n<meta property=\"og:locale\" content=\"es_ES\" \/>\n<meta property=\"og:type\" content=\"article\" \/>\n<meta property=\"og:title\" content=\"Preocupante flagelo - Los pol\u00edticos Veracruz\" \/>\n<meta property=\"og:description\" content=\"Ricardo V\u00e1zquez Salazar Esfera Pol\u00edtica &nbsp; Es innegable que la violencia e inseguridad contin\u00faa haciendo estragos no \u00fanicamente en Michoac\u00e1n y Guerrero, tambi\u00e9n en Tamaulipas y Veracruz. Ejecuciones, secuestros, desapariciones, siguen siendo noticia diaria. La confirmaci\u00f3n por la PGR del asesinato del periodista Mois\u00e9s S\u00e1nchez Cerezo, es muy lamentable. El descubrimiento de fosas clandestinas no [&hellip;]\" \/>\n<meta property=\"og:url\" content=\"https:\/\/lospoliticosveracruz.com\/?p=14793\" \/>\n<meta property=\"og:site_name\" content=\"Los pol\u00edticos Veracruz\" \/>\n<meta property=\"article:publisher\" content=\"https:\/\/www.facebook.com\/people\/Notimemes-de-los-Polticos\/61565672886568\/\" \/>\n<meta property=\"article:published_time\" content=\"2015-02-06T05:11:34+00:00\" \/>\n<meta property=\"og:image\" content=\"http:\/\/www.lospoliticosveracruz.com.mx\/wp-content\/uploads\/2015\/02\/Trata-de-personas-300x143.jpg\" \/>\n<meta name=\"author\" content=\"Lo viste en Los Pol\u00edticos\" \/>\n<meta name=\"twitter:card\" content=\"summary_large_image\" \/>\n<meta name=\"twitter:creator\" content=\"@LosPoliticosVer\" \/>\n<meta name=\"twitter:site\" content=\"@LosPoliticosVer\" \/>\n<meta name=\"twitter:label1\" content=\"Escrito por\" \/>\n\t<meta name=\"twitter:data1\" content=\"Lo viste en Los Pol\u00edticos\" \/>\n\t<meta name=\"twitter:label2\" content=\"Tiempo de lectura\" \/>\n\t<meta name=\"twitter:data2\" content=\"4 minutos\" \/>\n<script type=\"application\/ld+json\" class=\"yoast-schema-graph\">{\"@context\":\"https:\\\/\\\/schema.org\",\"@graph\":[{\"@type\":\"Article\",\"@id\":\"https:\\\/\\\/lospoliticosveracruz.com\\\/?p=14793#article\",\"isPartOf\":{\"@id\":\"https:\\\/\\\/lospoliticosveracruz.com\\\/?p=14793\"},\"author\":{\"name\":\"Lo viste en Los Pol\u00edticos\",\"@id\":\"https:\\\/\\\/lospoliticosveracruz.com\\\/#\\\/schema\\\/person\\\/b8702bb0e538456e6efd07080bf2a4a2\"},\"headline\":\"Preocupante flagelo\",\"datePublished\":\"2015-02-06T05:11:34+00:00\",\"mainEntityOfPage\":{\"@id\":\"https:\\\/\\\/lospoliticosveracruz.com\\\/?p=14793\"},\"wordCount\":766,\"commentCount\":0,\"publisher\":{\"@id\":\"https:\\\/\\\/lospoliticosveracruz.com\\\/#organization\"},\"image\":{\"@id\":\"https:\\\/\\\/lospoliticosveracruz.com\\\/?p=14793#primaryimage\"},\"thumbnailUrl\":\"http:\\\/\\\/www.lospoliticosveracruz.com.mx\\\/wp-content\\\/uploads\\\/2015\\\/02\\\/Trata-de-personas-300x143.jpg\",\"keywords\":[\"Coatzacoalcos\",\"fosas clandestinas\",\"Mois\u00e9s S\u00e1nchez Cerezo\",\"Rosi Orozco\",\"The Concerned Women for America\"],\"articleSection\":[\"De Opini\u00f3n\"],\"inLanguage\":\"es\",\"potentialAction\":[{\"@type\":\"CommentAction\",\"name\":\"Comment\",\"target\":[\"https:\\\/\\\/lospoliticosveracruz.com\\\/?p=14793#respond\"]}]},{\"@type\":\"WebPage\",\"@id\":\"https:\\\/\\\/lospoliticosveracruz.com\\\/?p=14793\",\"url\":\"https:\\\/\\\/lospoliticosveracruz.com\\\/?p=14793\",\"name\":\"Preocupante flagelo - Los pol\u00edticos Veracruz\",\"isPartOf\":{\"@id\":\"https:\\\/\\\/lospoliticosveracruz.com\\\/#website\"},\"primaryImageOfPage\":{\"@id\":\"https:\\\/\\\/lospoliticosveracruz.com\\\/?p=14793#primaryimage\"},\"image\":{\"@id\":\"https:\\\/\\\/lospoliticosveracruz.com\\\/?p=14793#primaryimage\"},\"thumbnailUrl\":\"http:\\\/\\\/www.lospoliticosveracruz.com.mx\\\/wp-content\\\/uploads\\\/2015\\\/02\\\/Trata-de-personas-300x143.jpg\",\"datePublished\":\"2015-02-06T05:11:34+00:00\",\"breadcrumb\":{\"@id\":\"https:\\\/\\\/lospoliticosveracruz.com\\\/?p=14793#breadcrumb\"},\"inLanguage\":\"es\",\"potentialAction\":[{\"@type\":\"ReadAction\",\"target\":[\"https:\\\/\\\/lospoliticosveracruz.com\\\/?p=14793\"]}]},{\"@type\":\"ImageObject\",\"inLanguage\":\"es\",\"@id\":\"https:\\\/\\\/lospoliticosveracruz.com\\\/?p=14793#primaryimage\",\"url\":\"http:\\\/\\\/www.lospoliticosveracruz.com.mx\\\/wp-content\\\/uploads\\\/2015\\\/02\\\/Trata-de-personas-300x143.jpg\",\"contentUrl\":\"http:\\\/\\\/www.lospoliticosveracruz.com.mx\\\/wp-content\\\/uploads\\\/2015\\\/02\\\/Trata-de-personas-300x143.jpg\"},{\"@type\":\"BreadcrumbList\",\"@id\":\"https:\\\/\\\/lospoliticosveracruz.com\\\/?p=14793#breadcrumb\",\"itemListElement\":[{\"@type\":\"ListItem\",\"position\":1,\"name\":\"Portada\",\"item\":\"https:\\\/\\\/lospoliticosveracruz.com\\\/\"},{\"@type\":\"ListItem\",\"position\":2,\"name\":\"Preocupante flagelo\"}]},{\"@type\":\"WebSite\",\"@id\":\"https:\\\/\\\/lospoliticosveracruz.com\\\/#website\",\"url\":\"https:\\\/\\\/lospoliticosveracruz.com\\\/\",\"name\":\"Los pol\u00edticos Veracruz\",\"description\":\"\",\"publisher\":{\"@id\":\"https:\\\/\\\/lospoliticosveracruz.com\\\/#organization\"},\"potentialAction\":[{\"@type\":\"SearchAction\",\"target\":{\"@type\":\"EntryPoint\",\"urlTemplate\":\"https:\\\/\\\/lospoliticosveracruz.com\\\/?s={search_term_string}\"},\"query-input\":{\"@type\":\"PropertyValueSpecification\",\"valueRequired\":true,\"valueName\":\"search_term_string\"}}],\"inLanguage\":\"es\"},{\"@type\":\"Organization\",\"@id\":\"https:\\\/\\\/lospoliticosveracruz.com\\\/#organization\",\"name\":\"Los pol\u00edticos Veracruz\",\"url\":\"https:\\\/\\\/lospoliticosveracruz.com\\\/\",\"logo\":{\"@type\":\"ImageObject\",\"inLanguage\":\"es\",\"@id\":\"https:\\\/\\\/lospoliticosveracruz.com\\\/#\\\/schema\\\/logo\\\/image\\\/\",\"url\":\"https:\\\/\\\/lospoliticosveracruz.com\\\/wp-content\\\/uploads\\\/2025\\\/12\\\/Logo-Nuevo-LOS-POLITICOS-1.jpg\",\"contentUrl\":\"https:\\\/\\\/lospoliticosveracruz.com\\\/wp-content\\\/uploads\\\/2025\\\/12\\\/Logo-Nuevo-LOS-POLITICOS-1.jpg\",\"width\":260,\"height\":70,\"caption\":\"Los pol\u00edticos Veracruz\"},\"image\":{\"@id\":\"https:\\\/\\\/lospoliticosveracruz.com\\\/#\\\/schema\\\/logo\\\/image\\\/\"},\"sameAs\":[\"https:\\\/\\\/www.facebook.com\\\/people\\\/Notimemes-de-los-Polticos\\\/61565672886568\\\/\",\"https:\\\/\\\/x.com\\\/LosPoliticosVer\"]},{\"@type\":\"Person\",\"@id\":\"https:\\\/\\\/lospoliticosveracruz.com\\\/#\\\/schema\\\/person\\\/b8702bb0e538456e6efd07080bf2a4a2\",\"name\":\"Lo viste en Los Pol\u00edticos\",\"image\":{\"@type\":\"ImageObject\",\"inLanguage\":\"es\",\"@id\":\"https:\\\/\\\/secure.gravatar.com\\\/avatar\\\/3a8de04a2656d44082be478bd6c086daa447c4651605818287b9532d3d0bd435?s=96&d=mm&r=g\",\"url\":\"https:\\\/\\\/secure.gravatar.com\\\/avatar\\\/3a8de04a2656d44082be478bd6c086daa447c4651605818287b9532d3d0bd435?s=96&d=mm&r=g\",\"contentUrl\":\"https:\\\/\\\/secure.gravatar.com\\\/avatar\\\/3a8de04a2656d44082be478bd6c086daa447c4651605818287b9532d3d0bd435?s=96&d=mm&r=g\",\"caption\":\"Lo viste en Los Pol\u00edticos\"},\"url\":\"https:\\\/\\\/lospoliticosveracruz.com\\\/?author=2\"}]}<\/script>\n<!-- \/ Yoast SEO plugin. -->","yoast_head_json":{"title":"Preocupante flagelo - Los pol\u00edticos Veracruz","robots":{"index":"index","follow":"follow","max-snippet":"max-snippet:-1","max-image-preview":"max-image-preview:large","max-video-preview":"max-video-preview:-1"},"canonical":"https:\/\/lospoliticosveracruz.com\/?p=14793","og_locale":"es_ES","og_type":"article","og_title":"Preocupante flagelo - Los pol\u00edticos Veracruz","og_description":"Ricardo V\u00e1zquez Salazar Esfera Pol\u00edtica &nbsp; Es innegable que la violencia e inseguridad contin\u00faa haciendo estragos no \u00fanicamente en Michoac\u00e1n y Guerrero, tambi\u00e9n en Tamaulipas y Veracruz. Ejecuciones, secuestros, desapariciones, siguen siendo noticia diaria. La confirmaci\u00f3n por la PGR del asesinato del periodista Mois\u00e9s S\u00e1nchez Cerezo, es muy lamentable. El descubrimiento de fosas clandestinas no [&hellip;]","og_url":"https:\/\/lospoliticosveracruz.com\/?p=14793","og_site_name":"Los pol\u00edticos Veracruz","article_publisher":"https:\/\/www.facebook.com\/people\/Notimemes-de-los-Polticos\/61565672886568\/","article_published_time":"2015-02-06T05:11:34+00:00","og_image":[{"url":"http:\/\/www.lospoliticosveracruz.com.mx\/wp-content\/uploads\/2015\/02\/Trata-de-personas-300x143.jpg","type":"","width":"","height":""}],"author":"Lo viste en Los Pol\u00edticos","twitter_card":"summary_large_image","twitter_creator":"@LosPoliticosVer","twitter_site":"@LosPoliticosVer","twitter_misc":{"Escrito por":"Lo viste en Los Pol\u00edticos","Tiempo de lectura":"4 minutos"},"schema":{"@context":"https:\/\/schema.org","@graph":[{"@type":"Article","@id":"https:\/\/lospoliticosveracruz.com\/?p=14793#article","isPartOf":{"@id":"https:\/\/lospoliticosveracruz.com\/?p=14793"},"author":{"name":"Lo viste en Los Pol\u00edticos","@id":"https:\/\/lospoliticosveracruz.com\/#\/schema\/person\/b8702bb0e538456e6efd07080bf2a4a2"},"headline":"Preocupante flagelo","datePublished":"2015-02-06T05:11:34+00:00","mainEntityOfPage":{"@id":"https:\/\/lospoliticosveracruz.com\/?p=14793"},"wordCount":766,"commentCount":0,"publisher":{"@id":"https:\/\/lospoliticosveracruz.com\/#organization"},"image":{"@id":"https:\/\/lospoliticosveracruz.com\/?p=14793#primaryimage"},"thumbnailUrl":"http:\/\/www.lospoliticosveracruz.com.mx\/wp-content\/uploads\/2015\/02\/Trata-de-personas-300x143.jpg","keywords":["Coatzacoalcos","fosas clandestinas","Mois\u00e9s S\u00e1nchez Cerezo","Rosi Orozco","The Concerned Women for America"],"articleSection":["De Opini\u00f3n"],"inLanguage":"es","potentialAction":[{"@type":"CommentAction","name":"Comment","target":["https:\/\/lospoliticosveracruz.com\/?p=14793#respond"]}]},{"@type":"WebPage","@id":"https:\/\/lospoliticosveracruz.com\/?p=14793","url":"https:\/\/lospoliticosveracruz.com\/?p=14793","name":"Preocupante flagelo - Los pol\u00edticos Veracruz","isPartOf":{"@id":"https:\/\/lospoliticosveracruz.com\/#website"},"primaryImageOfPage":{"@id":"https:\/\/lospoliticosveracruz.com\/?p=14793#primaryimage"},"image":{"@id":"https:\/\/lospoliticosveracruz.com\/?p=14793#primaryimage"},"thumbnailUrl":"http:\/\/www.lospoliticosveracruz.com.mx\/wp-content\/uploads\/2015\/02\/Trata-de-personas-300x143.jpg","datePublished":"2015-02-06T05:11:34+00:00","breadcrumb":{"@id":"https:\/\/lospoliticosveracruz.com\/?p=14793#breadcrumb"},"inLanguage":"es","potentialAction":[{"@type":"ReadAction","target":["https:\/\/lospoliticosveracruz.com\/?p=14793"]}]},{"@type":"ImageObject","inLanguage":"es","@id":"https:\/\/lospoliticosveracruz.com\/?p=14793#primaryimage","url":"http:\/\/www.lospoliticosveracruz.com.mx\/wp-content\/uploads\/2015\/02\/Trata-de-personas-300x143.jpg","contentUrl":"http:\/\/www.lospoliticosveracruz.com.mx\/wp-content\/uploads\/2015\/02\/Trata-de-personas-300x143.jpg"},{"@type":"BreadcrumbList","@id":"https:\/\/lospoliticosveracruz.com\/?p=14793#breadcrumb","itemListElement":[{"@type":"ListItem","position":1,"name":"Portada","item":"https:\/\/lospoliticosveracruz.com\/"},{"@type":"ListItem","position":2,"name":"Preocupante flagelo"}]},{"@type":"WebSite","@id":"https:\/\/lospoliticosveracruz.com\/#website","url":"https:\/\/lospoliticosveracruz.com\/","name":"Los pol\u00edticos Veracruz","description":"","publisher":{"@id":"https:\/\/lospoliticosveracruz.com\/#organization"},"potentialAction":[{"@type":"SearchAction","target":{"@type":"EntryPoint","urlTemplate":"https:\/\/lospoliticosveracruz.com\/?s={search_term_string}"},"query-input":{"@type":"PropertyValueSpecification","valueRequired":true,"valueName":"search_term_string"}}],"inLanguage":"es"},{"@type":"Organization","@id":"https:\/\/lospoliticosveracruz.com\/#organization","name":"Los pol\u00edticos Veracruz","url":"https:\/\/lospoliticosveracruz.com\/","logo":{"@type":"ImageObject","inLanguage":"es","@id":"https:\/\/lospoliticosveracruz.com\/#\/schema\/logo\/image\/","url":"https:\/\/lospoliticosveracruz.com\/wp-content\/uploads\/2025\/12\/Logo-Nuevo-LOS-POLITICOS-1.jpg","contentUrl":"https:\/\/lospoliticosveracruz.com\/wp-content\/uploads\/2025\/12\/Logo-Nuevo-LOS-POLITICOS-1.jpg","width":260,"height":70,"caption":"Los pol\u00edticos Veracruz"},"image":{"@id":"https:\/\/lospoliticosveracruz.com\/#\/schema\/logo\/image\/"},"sameAs":["https:\/\/www.facebook.com\/people\/Notimemes-de-los-Polticos\/61565672886568\/","https:\/\/x.com\/LosPoliticosVer"]},{"@type":"Person","@id":"https:\/\/lospoliticosveracruz.com\/#\/schema\/person\/b8702bb0e538456e6efd07080bf2a4a2","name":"Lo viste en Los Pol\u00edticos","image":{"@type":"ImageObject","inLanguage":"es","@id":"https:\/\/secure.gravatar.com\/avatar\/3a8de04a2656d44082be478bd6c086daa447c4651605818287b9532d3d0bd435?s=96&d=mm&r=g","url":"https:\/\/secure.gravatar.com\/avatar\/3a8de04a2656d44082be478bd6c086daa447c4651605818287b9532d3d0bd435?s=96&d=mm&r=g","contentUrl":"https:\/\/secure.gravatar.com\/avatar\/3a8de04a2656d44082be478bd6c086daa447c4651605818287b9532d3d0bd435?s=96&d=mm&r=g","caption":"Lo viste en Los Pol\u00edticos"},"url":"https:\/\/lospoliticosveracruz.com\/?author=2"}]}},"_links":{"self":[{"href":"https:\/\/lospoliticosveracruz.com\/index.php?rest_route=\/wp\/v2\/posts\/14793","targetHints":{"allow":["GET"]}}],"collection":[{"href":"https:\/\/lospoliticosveracruz.com\/index.php?rest_route=\/wp\/v2\/posts"}],"about":[{"href":"https:\/\/lospoliticosveracruz.com\/index.php?rest_route=\/wp\/v2\/types\/post"}],"author":[{"embeddable":true,"href":"https:\/\/lospoliticosveracruz.com\/index.php?rest_route=\/wp\/v2\/users\/2"}],"replies":[{"embeddable":true,"href":"https:\/\/lospoliticosveracruz.com\/index.php?rest_route=%2Fwp%2Fv2%2Fcomments&post=14793"}],"version-history":[{"count":2,"href":"https:\/\/lospoliticosveracruz.com\/index.php?rest_route=\/wp\/v2\/posts\/14793\/revisions"}],"predecessor-version":[{"id":14796,"href":"https:\/\/lospoliticosveracruz.com\/index.php?rest_route=\/wp\/v2\/posts\/14793\/revisions\/14796"}],"wp:attachment":[{"href":"https:\/\/lospoliticosveracruz.com\/index.php?rest_route=%2Fwp%2Fv2%2Fmedia&parent=14793"}],"wp:term":[{"taxonomy":"category","embeddable":true,"href":"https:\/\/lospoliticosveracruz.com\/index.php?rest_route=%2Fwp%2Fv2%2Fcategories&post=14793"},{"taxonomy":"post_tag","embeddable":true,"href":"https:\/\/lospoliticosveracruz.com\/index.php?rest_route=%2Fwp%2Fv2%2Ftags&post=14793"}],"curies":[{"name":"wp","href":"https:\/\/api.w.org\/{rel}","templated":true}]}}