{"id":148007,"date":"2025-06-30T07:20:12","date_gmt":"2025-06-30T12:20:12","guid":{"rendered":"https:\/\/lospoliticosveracruz.com.mx\/?p=148007"},"modified":"2025-06-30T07:20:29","modified_gmt":"2025-06-30T12:20:29","slug":"de-que-habla-nahle","status":"publish","type":"post","link":"https:\/\/lospoliticosveracruz.com\/?p=148007","title":{"rendered":"DE QU\u00c9 HABLA NAHLE?"},"content":{"rendered":"\n\n\n<p><strong>Jos\u00e9 Luis Ortega Vidal<\/strong><\/p>\n\n\n\n<p><em>Claroscuros<\/em><\/p>\n\n\n\n<p>(1)<br>\u00bfC\u00f3mo se dirige Roc\u00edo Nahle a las audiencias colectivas y masivas veracruzanas?<\/p>\n\n\n\n<p>(2)<br>El desarrollo del discurso pol\u00edtico de la gobernadora merece atenci\u00f3n diaria de parte de la clase pol\u00edtica, analistas, periodistas, dado el v\u00ednculo de estos sectores con el quehacer oficial y la sociedad.<\/p>\n\n\n\n<p>(3)<br>En una posici\u00f3n de ejercicio gubernamental, los discursos expuestos durante la etapa proselitista son un referente obligado para todos; principalmente para quien obtuvo la mayor\u00eda de votos y hoy est\u00e1 al frente de un poder constitucional.<br>S\u00ed prometi\u00f3 carreteras, debe estar construyendo carreteras\u2026<br>Si se comprometi\u00f3 a disminuir los niveles de violencia, debe estar dando a conocer las capturas de delincuentes y lograr la coincidencia de sus anuncios con la percepci\u00f3n de la audiencia\u2026<br>Si asegur\u00f3 la creaci\u00f3n de empleos, debe anunciar las inversiones p\u00fablicas y privadas que est\u00e9n generando las nuevas plazas laborales\u2026<br>Basar un discurso pol\u00edtico en nuevos compromisos a futuro, m\u00e1s promesas, planes y planes, tal como ocurri\u00f3 cuando recorr\u00eda el territorio en calidad de candidato (a), el discurso se debilita; llega el momento en que la demagogia hace a\u00f1icos la ret\u00f3rica\u2026<br>Y el p\u00fablico inicia un cambio de percepci\u00f3n que puede conducir a desencantos de cara a pr\u00f3ximas elecciones.<\/p>\n\n\n\n<p>(4)<br>\u00bfDe qu\u00e9 habla Roc\u00edo Nahle Garc\u00eda todos los d\u00edas?<br>\u00bfCu\u00e1les son los temas que predominan en su discurso pol\u00edtico diario?<br>\u00bfEst\u00e1 cumpliendo lo que prometi\u00f3?<\/p>\n\n\n\n<p>(5)<br>A partir del primero de enero del 2026, estas variantes y variables se podr\u00e1n aplicar a Daniela Griego y Rosa Mar\u00eda Hern\u00e1ndez Espejo, mujeres que obtuvieron sendos triunfos en Xalapa y Veracruz, para su partido MORENA y su aliado, el PVEM.<br>El discurso de Roc\u00edo Nahle se ejerce desde siete meses atr\u00e1s y no se basa en resultados porque no los hay en materia de infraestructura, inversi\u00f3n p\u00fablica y privada, generaci\u00f3n de empleos y disminuci\u00f3n de la violencia\u2026<br>Veremos si, antes de su primer informe de gobierno \u2013en noviembre- la gobernadora logra avances concretos respecto a sus compromisos de campa\u00f1a.<br>De no darse estas acciones, el gabinete habr\u00eda continuado sumido en su gris\u00e1ceo desempe\u00f1o y el discurso de Nahle Garc\u00eda correr\u00eda el riesgo de su debilitamiento.<\/p>\n\n\n\n<p>(6)<br>Recientemente los organismos de seguridad federales catearon una mini refiner\u00eda clandestina en Coatzacoalcos y la declaraci\u00f3n de Roc\u00edo Nahle en el sentido de que se trata de una mezcladora que no refina, termin\u00f3 demostrando las consecuencias de un mal discurso pol\u00edtico con el que se intent\u00f3 cubrir los negativos de una noticia adversa.<br>A nivel medi\u00e1tico prevaleci\u00f3 la idea, el nombre, la existencia de una mini refiner\u00eda y la aparici\u00f3n del sustantivo mezcladora en muchos casos llam\u00f3 a la sorna.<br>\u00bfPor qu\u00e9?<br>Porque un pato quiz\u00e1 es pata o es ganso y de hallarse en su primera etapa de crecimiento puede llamarse gansito; pero, si dicho animal tiene pico, se mueve sobre dos patas y emite sonidos parecidos a cua, cua, cua, en la percepci\u00f3n general ser\u00e1 asumido como pato.<br>Punto.<br>Y si, adem\u00e1s, Omar Garc\u00eda Harfuch lo llam\u00f3 pato desde el d\u00eda de su aparici\u00f3n, lo m\u00e1s prudente ser\u00eda guardar silencio, aguardar a que las aguas medi\u00e1ticas se calmen y no entrar en el pantanoso terreno de conceptualizar al gansito, pata o ganso\u2026<\/p>\n\n\n\n<p>(7)<br>Otro ejemplo de discurso pol\u00edtico err\u00f3neo lo constituye aquella declaraci\u00f3n de la gobernadora Nahle Garc\u00eda respecto a Movimiento Ciudadano y sus candidatos \u2013varios de ellos triunfadores- a quienes la jefa del poder ejecutivo vincul\u00f3 al crimen organizado y anunci\u00f3 que no trabajar\u00e1 con ellos \u00bfY ellas?<\/p>\n\n\n\n<p>(8)<br>Quien acusa est\u00e1 obligado a probar\u2026<br>De acuerdo a la constituci\u00f3n, todos los ciudadanos somos inocentes hasta que se demuestre lo contrario\u2026<br>Vincular a un partido pol\u00edtico, en este caso el MC y a una parte de sus candidatos y alcaldes electos al crimen organizado, representa una afirmaci\u00f3n grave que obliga legalmente, a quien lo externe, a denunciar ante la fiscal\u00eda\u2026<br>Desde luego, el ejercicio pol\u00edtico elimina con facilidad y desde el poder las trabas de las obligaciones jur\u00eddicas\u2026<br>No obstante, estamos ante un craso error de discurso pol\u00edtico cuyas consecuencias abonan negativamente al di\u00e1logo entre las partes de un todo llamado Estado.<br>Hay m\u00e1s ejemplos de errores discursivos\u2026<\/p>\n\n\n\n<p>VARIA<\/p>\n\n\n\n<p>El pasado fin de semana el congreso estatal de MORENA gener\u00f3 hechos y noticias relevantes para el inmediato y mediato devenir guinda.<br>Le contaremos.<\/p>\n","protected":false},"excerpt":{"rendered":"<p>Jos\u00e9 Luis Ortega Vidal Claroscuros (1)\u00bfC\u00f3mo se dirige Roc\u00edo Nahle a las audiencias colectivas y masivas veracruzanas? (2)El desarrollo del discurso pol\u00edtico de la gobernadora merece atenci\u00f3n diaria de parte de la clase pol\u00edtica, analistas, periodistas, dado el v\u00ednculo de estos sectores con el quehacer oficial y la sociedad. (3)En una posici\u00f3n de ejercicio gubernamental, [&hellip;]<\/p>\n","protected":false},"author":2,"featured_media":141392,"comment_status":"closed","ping_status":"closed","sticky":false,"template":"","format":"standard","meta":{"tdm_status":"","tdm_grid_status":"","footnotes":""},"categories":[70],"tags":[21700,3578,195],"class_list":{"0":"post-148007","1":"post","2":"type-post","3":"status-publish","4":"format-standard","5":"has-post-thumbnail","7":"category-de-opinion","8":"tag-discurso","9":"tag-rocio-nahle","10":"tag-veracruz"},"yoast_head":"<!-- This site is optimized with the Yoast SEO plugin v27.4 - https:\/\/yoast.com\/product\/yoast-seo-wordpress\/ -->\n<title>DE QU\u00c9 HABLA NAHLE? - Los pol\u00edticos Veracruz<\/title>\n<meta name=\"robots\" content=\"index, follow, max-snippet:-1, max-image-preview:large, max-video-preview:-1\" \/>\n<link rel=\"canonical\" href=\"https:\/\/lospoliticosveracruz.com\/?p=148007\" \/>\n<meta property=\"og:locale\" content=\"es_ES\" \/>\n<meta property=\"og:type\" content=\"article\" \/>\n<meta property=\"og:title\" content=\"DE QU\u00c9 HABLA NAHLE? - Los pol\u00edticos Veracruz\" \/>\n<meta property=\"og:description\" content=\"Jos\u00e9 Luis Ortega Vidal Claroscuros (1)\u00bfC\u00f3mo se dirige Roc\u00edo Nahle a las audiencias colectivas y masivas veracruzanas? (2)El desarrollo del discurso pol\u00edtico de la gobernadora merece atenci\u00f3n diaria de parte de la clase pol\u00edtica, analistas, periodistas, dado el v\u00ednculo de estos sectores con el quehacer oficial y la sociedad. (3)En una posici\u00f3n de ejercicio gubernamental, [&hellip;]\" \/>\n<meta property=\"og:url\" content=\"https:\/\/lospoliticosveracruz.com\/?p=148007\" \/>\n<meta property=\"og:site_name\" content=\"Los pol\u00edticos Veracruz\" \/>\n<meta property=\"article:publisher\" content=\"https:\/\/www.facebook.com\/people\/Notimemes-de-los-Polticos\/61565672886568\/\" \/>\n<meta property=\"article:published_time\" content=\"2025-06-30T12:20:12+00:00\" \/>\n<meta property=\"article:modified_time\" content=\"2025-06-30T12:20:29+00:00\" \/>\n<meta property=\"og:image\" content=\"https:\/\/lospoliticosveracruz.com\/wp-content\/uploads\/2025\/04\/Jose-Luis-Ortega-Vidal.jpg\" \/>\n\t<meta property=\"og:image:width\" content=\"1250\" \/>\n\t<meta property=\"og:image:height\" content=\"667\" \/>\n\t<meta property=\"og:image:type\" content=\"image\/jpeg\" \/>\n<meta name=\"author\" content=\"Lo viste en Los Pol\u00edticos\" \/>\n<meta name=\"twitter:card\" content=\"summary_large_image\" \/>\n<meta name=\"twitter:creator\" content=\"@LosPoliticosVer\" \/>\n<meta name=\"twitter:site\" content=\"@LosPoliticosVer\" \/>\n<meta name=\"twitter:label1\" content=\"Escrito por\" \/>\n\t<meta name=\"twitter:data1\" content=\"Lo viste en Los Pol\u00edticos\" \/>\n\t<meta name=\"twitter:label2\" content=\"Tiempo de lectura\" \/>\n\t<meta name=\"twitter:data2\" content=\"4 minutos\" \/>\n<script type=\"application\/ld+json\" class=\"yoast-schema-graph\">{\"@context\":\"https:\\\/\\\/schema.org\",\"@graph\":[{\"@type\":\"Article\",\"@id\":\"https:\\\/\\\/lospoliticosveracruz.com\\\/?p=148007#article\",\"isPartOf\":{\"@id\":\"https:\\\/\\\/lospoliticosveracruz.com\\\/?p=148007\"},\"author\":{\"name\":\"Lo viste en Los Pol\u00edticos\",\"@id\":\"https:\\\/\\\/lospoliticosveracruz.com\\\/#\\\/schema\\\/person\\\/b8702bb0e538456e6efd07080bf2a4a2\"},\"headline\":\"DE QU\u00c9 HABLA NAHLE?\",\"datePublished\":\"2025-06-30T12:20:12+00:00\",\"dateModified\":\"2025-06-30T12:20:29+00:00\",\"mainEntityOfPage\":{\"@id\":\"https:\\\/\\\/lospoliticosveracruz.com\\\/?p=148007\"},\"wordCount\":778,\"publisher\":{\"@id\":\"https:\\\/\\\/lospoliticosveracruz.com\\\/#organization\"},\"image\":{\"@id\":\"https:\\\/\\\/lospoliticosveracruz.com\\\/?p=148007#primaryimage\"},\"thumbnailUrl\":\"https:\\\/\\\/lospoliticosveracruz.com\\\/wp-content\\\/uploads\\\/2025\\\/04\\\/Jose-Luis-Ortega-Vidal.jpg\",\"keywords\":[\"Discurso\",\"Roc\u00edo Nahle\",\"Veracruz\"],\"articleSection\":[\"De Opini\u00f3n\"],\"inLanguage\":\"es\"},{\"@type\":\"WebPage\",\"@id\":\"https:\\\/\\\/lospoliticosveracruz.com\\\/?p=148007\",\"url\":\"https:\\\/\\\/lospoliticosveracruz.com\\\/?p=148007\",\"name\":\"DE QU\u00c9 HABLA NAHLE? - Los pol\u00edticos Veracruz\",\"isPartOf\":{\"@id\":\"https:\\\/\\\/lospoliticosveracruz.com\\\/#website\"},\"primaryImageOfPage\":{\"@id\":\"https:\\\/\\\/lospoliticosveracruz.com\\\/?p=148007#primaryimage\"},\"image\":{\"@id\":\"https:\\\/\\\/lospoliticosveracruz.com\\\/?p=148007#primaryimage\"},\"thumbnailUrl\":\"https:\\\/\\\/lospoliticosveracruz.com\\\/wp-content\\\/uploads\\\/2025\\\/04\\\/Jose-Luis-Ortega-Vidal.jpg\",\"datePublished\":\"2025-06-30T12:20:12+00:00\",\"dateModified\":\"2025-06-30T12:20:29+00:00\",\"breadcrumb\":{\"@id\":\"https:\\\/\\\/lospoliticosveracruz.com\\\/?p=148007#breadcrumb\"},\"inLanguage\":\"es\",\"potentialAction\":[{\"@type\":\"ReadAction\",\"target\":[\"https:\\\/\\\/lospoliticosveracruz.com\\\/?p=148007\"]}]},{\"@type\":\"ImageObject\",\"inLanguage\":\"es\",\"@id\":\"https:\\\/\\\/lospoliticosveracruz.com\\\/?p=148007#primaryimage\",\"url\":\"https:\\\/\\\/lospoliticosveracruz.com\\\/wp-content\\\/uploads\\\/2025\\\/04\\\/Jose-Luis-Ortega-Vidal.jpg\",\"contentUrl\":\"https:\\\/\\\/lospoliticosveracruz.com\\\/wp-content\\\/uploads\\\/2025\\\/04\\\/Jose-Luis-Ortega-Vidal.jpg\",\"width\":1250,\"height\":667},{\"@type\":\"BreadcrumbList\",\"@id\":\"https:\\\/\\\/lospoliticosveracruz.com\\\/?p=148007#breadcrumb\",\"itemListElement\":[{\"@type\":\"ListItem\",\"position\":1,\"name\":\"Portada\",\"item\":\"https:\\\/\\\/lospoliticosveracruz.com\\\/\"},{\"@type\":\"ListItem\",\"position\":2,\"name\":\"DE QU\u00c9 HABLA NAHLE?\"}]},{\"@type\":\"WebSite\",\"@id\":\"https:\\\/\\\/lospoliticosveracruz.com\\\/#website\",\"url\":\"https:\\\/\\\/lospoliticosveracruz.com\\\/\",\"name\":\"Los pol\u00edticos Veracruz\",\"description\":\"\",\"publisher\":{\"@id\":\"https:\\\/\\\/lospoliticosveracruz.com\\\/#organization\"},\"potentialAction\":[{\"@type\":\"SearchAction\",\"target\":{\"@type\":\"EntryPoint\",\"urlTemplate\":\"https:\\\/\\\/lospoliticosveracruz.com\\\/?s={search_term_string}\"},\"query-input\":{\"@type\":\"PropertyValueSpecification\",\"valueRequired\":true,\"valueName\":\"search_term_string\"}}],\"inLanguage\":\"es\"},{\"@type\":\"Organization\",\"@id\":\"https:\\\/\\\/lospoliticosveracruz.com\\\/#organization\",\"name\":\"Los pol\u00edticos Veracruz\",\"url\":\"https:\\\/\\\/lospoliticosveracruz.com\\\/\",\"logo\":{\"@type\":\"ImageObject\",\"inLanguage\":\"es\",\"@id\":\"https:\\\/\\\/lospoliticosveracruz.com\\\/#\\\/schema\\\/logo\\\/image\\\/\",\"url\":\"https:\\\/\\\/lospoliticosveracruz.com\\\/wp-content\\\/uploads\\\/2025\\\/12\\\/Logo-Nuevo-LOS-POLITICOS-1.jpg\",\"contentUrl\":\"https:\\\/\\\/lospoliticosveracruz.com\\\/wp-content\\\/uploads\\\/2025\\\/12\\\/Logo-Nuevo-LOS-POLITICOS-1.jpg\",\"width\":260,\"height\":70,\"caption\":\"Los pol\u00edticos Veracruz\"},\"image\":{\"@id\":\"https:\\\/\\\/lospoliticosveracruz.com\\\/#\\\/schema\\\/logo\\\/image\\\/\"},\"sameAs\":[\"https:\\\/\\\/www.facebook.com\\\/people\\\/Notimemes-de-los-Polticos\\\/61565672886568\\\/\",\"https:\\\/\\\/x.com\\\/LosPoliticosVer\"]},{\"@type\":\"Person\",\"@id\":\"https:\\\/\\\/lospoliticosveracruz.com\\\/#\\\/schema\\\/person\\\/b8702bb0e538456e6efd07080bf2a4a2\",\"name\":\"Lo viste en Los Pol\u00edticos\",\"image\":{\"@type\":\"ImageObject\",\"inLanguage\":\"es\",\"@id\":\"https:\\\/\\\/secure.gravatar.com\\\/avatar\\\/3a8de04a2656d44082be478bd6c086daa447c4651605818287b9532d3d0bd435?s=96&d=mm&r=g\",\"url\":\"https:\\\/\\\/secure.gravatar.com\\\/avatar\\\/3a8de04a2656d44082be478bd6c086daa447c4651605818287b9532d3d0bd435?s=96&d=mm&r=g\",\"contentUrl\":\"https:\\\/\\\/secure.gravatar.com\\\/avatar\\\/3a8de04a2656d44082be478bd6c086daa447c4651605818287b9532d3d0bd435?s=96&d=mm&r=g\",\"caption\":\"Lo viste en Los Pol\u00edticos\"},\"url\":\"https:\\\/\\\/lospoliticosveracruz.com\\\/?author=2\"}]}<\/script>\n<!-- \/ Yoast SEO plugin. -->","yoast_head_json":{"title":"DE QU\u00c9 HABLA NAHLE? - Los pol\u00edticos Veracruz","robots":{"index":"index","follow":"follow","max-snippet":"max-snippet:-1","max-image-preview":"max-image-preview:large","max-video-preview":"max-video-preview:-1"},"canonical":"https:\/\/lospoliticosveracruz.com\/?p=148007","og_locale":"es_ES","og_type":"article","og_title":"DE QU\u00c9 HABLA NAHLE? - Los pol\u00edticos Veracruz","og_description":"Jos\u00e9 Luis Ortega Vidal Claroscuros (1)\u00bfC\u00f3mo se dirige Roc\u00edo Nahle a las audiencias colectivas y masivas veracruzanas? (2)El desarrollo del discurso pol\u00edtico de la gobernadora merece atenci\u00f3n diaria de parte de la clase pol\u00edtica, analistas, periodistas, dado el v\u00ednculo de estos sectores con el quehacer oficial y la sociedad. (3)En una posici\u00f3n de ejercicio gubernamental, [&hellip;]","og_url":"https:\/\/lospoliticosveracruz.com\/?p=148007","og_site_name":"Los pol\u00edticos Veracruz","article_publisher":"https:\/\/www.facebook.com\/people\/Notimemes-de-los-Polticos\/61565672886568\/","article_published_time":"2025-06-30T12:20:12+00:00","article_modified_time":"2025-06-30T12:20:29+00:00","og_image":[{"width":1250,"height":667,"url":"https:\/\/lospoliticosveracruz.com\/wp-content\/uploads\/2025\/04\/Jose-Luis-Ortega-Vidal.jpg","type":"image\/jpeg"}],"author":"Lo viste en Los Pol\u00edticos","twitter_card":"summary_large_image","twitter_creator":"@LosPoliticosVer","twitter_site":"@LosPoliticosVer","twitter_misc":{"Escrito por":"Lo viste en Los Pol\u00edticos","Tiempo de lectura":"4 minutos"},"schema":{"@context":"https:\/\/schema.org","@graph":[{"@type":"Article","@id":"https:\/\/lospoliticosveracruz.com\/?p=148007#article","isPartOf":{"@id":"https:\/\/lospoliticosveracruz.com\/?p=148007"},"author":{"name":"Lo viste en Los Pol\u00edticos","@id":"https:\/\/lospoliticosveracruz.com\/#\/schema\/person\/b8702bb0e538456e6efd07080bf2a4a2"},"headline":"DE QU\u00c9 HABLA NAHLE?","datePublished":"2025-06-30T12:20:12+00:00","dateModified":"2025-06-30T12:20:29+00:00","mainEntityOfPage":{"@id":"https:\/\/lospoliticosveracruz.com\/?p=148007"},"wordCount":778,"publisher":{"@id":"https:\/\/lospoliticosveracruz.com\/#organization"},"image":{"@id":"https:\/\/lospoliticosveracruz.com\/?p=148007#primaryimage"},"thumbnailUrl":"https:\/\/lospoliticosveracruz.com\/wp-content\/uploads\/2025\/04\/Jose-Luis-Ortega-Vidal.jpg","keywords":["Discurso","Roc\u00edo Nahle","Veracruz"],"articleSection":["De Opini\u00f3n"],"inLanguage":"es"},{"@type":"WebPage","@id":"https:\/\/lospoliticosveracruz.com\/?p=148007","url":"https:\/\/lospoliticosveracruz.com\/?p=148007","name":"DE QU\u00c9 HABLA NAHLE? - Los pol\u00edticos Veracruz","isPartOf":{"@id":"https:\/\/lospoliticosveracruz.com\/#website"},"primaryImageOfPage":{"@id":"https:\/\/lospoliticosveracruz.com\/?p=148007#primaryimage"},"image":{"@id":"https:\/\/lospoliticosveracruz.com\/?p=148007#primaryimage"},"thumbnailUrl":"https:\/\/lospoliticosveracruz.com\/wp-content\/uploads\/2025\/04\/Jose-Luis-Ortega-Vidal.jpg","datePublished":"2025-06-30T12:20:12+00:00","dateModified":"2025-06-30T12:20:29+00:00","breadcrumb":{"@id":"https:\/\/lospoliticosveracruz.com\/?p=148007#breadcrumb"},"inLanguage":"es","potentialAction":[{"@type":"ReadAction","target":["https:\/\/lospoliticosveracruz.com\/?p=148007"]}]},{"@type":"ImageObject","inLanguage":"es","@id":"https:\/\/lospoliticosveracruz.com\/?p=148007#primaryimage","url":"https:\/\/lospoliticosveracruz.com\/wp-content\/uploads\/2025\/04\/Jose-Luis-Ortega-Vidal.jpg","contentUrl":"https:\/\/lospoliticosveracruz.com\/wp-content\/uploads\/2025\/04\/Jose-Luis-Ortega-Vidal.jpg","width":1250,"height":667},{"@type":"BreadcrumbList","@id":"https:\/\/lospoliticosveracruz.com\/?p=148007#breadcrumb","itemListElement":[{"@type":"ListItem","position":1,"name":"Portada","item":"https:\/\/lospoliticosveracruz.com\/"},{"@type":"ListItem","position":2,"name":"DE QU\u00c9 HABLA NAHLE?"}]},{"@type":"WebSite","@id":"https:\/\/lospoliticosveracruz.com\/#website","url":"https:\/\/lospoliticosveracruz.com\/","name":"Los pol\u00edticos Veracruz","description":"","publisher":{"@id":"https:\/\/lospoliticosveracruz.com\/#organization"},"potentialAction":[{"@type":"SearchAction","target":{"@type":"EntryPoint","urlTemplate":"https:\/\/lospoliticosveracruz.com\/?s={search_term_string}"},"query-input":{"@type":"PropertyValueSpecification","valueRequired":true,"valueName":"search_term_string"}}],"inLanguage":"es"},{"@type":"Organization","@id":"https:\/\/lospoliticosveracruz.com\/#organization","name":"Los pol\u00edticos Veracruz","url":"https:\/\/lospoliticosveracruz.com\/","logo":{"@type":"ImageObject","inLanguage":"es","@id":"https:\/\/lospoliticosveracruz.com\/#\/schema\/logo\/image\/","url":"https:\/\/lospoliticosveracruz.com\/wp-content\/uploads\/2025\/12\/Logo-Nuevo-LOS-POLITICOS-1.jpg","contentUrl":"https:\/\/lospoliticosveracruz.com\/wp-content\/uploads\/2025\/12\/Logo-Nuevo-LOS-POLITICOS-1.jpg","width":260,"height":70,"caption":"Los pol\u00edticos Veracruz"},"image":{"@id":"https:\/\/lospoliticosveracruz.com\/#\/schema\/logo\/image\/"},"sameAs":["https:\/\/www.facebook.com\/people\/Notimemes-de-los-Polticos\/61565672886568\/","https:\/\/x.com\/LosPoliticosVer"]},{"@type":"Person","@id":"https:\/\/lospoliticosveracruz.com\/#\/schema\/person\/b8702bb0e538456e6efd07080bf2a4a2","name":"Lo viste en Los Pol\u00edticos","image":{"@type":"ImageObject","inLanguage":"es","@id":"https:\/\/secure.gravatar.com\/avatar\/3a8de04a2656d44082be478bd6c086daa447c4651605818287b9532d3d0bd435?s=96&d=mm&r=g","url":"https:\/\/secure.gravatar.com\/avatar\/3a8de04a2656d44082be478bd6c086daa447c4651605818287b9532d3d0bd435?s=96&d=mm&r=g","contentUrl":"https:\/\/secure.gravatar.com\/avatar\/3a8de04a2656d44082be478bd6c086daa447c4651605818287b9532d3d0bd435?s=96&d=mm&r=g","caption":"Lo viste en Los Pol\u00edticos"},"url":"https:\/\/lospoliticosveracruz.com\/?author=2"}]}},"_links":{"self":[{"href":"https:\/\/lospoliticosveracruz.com\/index.php?rest_route=\/wp\/v2\/posts\/148007","targetHints":{"allow":["GET"]}}],"collection":[{"href":"https:\/\/lospoliticosveracruz.com\/index.php?rest_route=\/wp\/v2\/posts"}],"about":[{"href":"https:\/\/lospoliticosveracruz.com\/index.php?rest_route=\/wp\/v2\/types\/post"}],"author":[{"embeddable":true,"href":"https:\/\/lospoliticosveracruz.com\/index.php?rest_route=\/wp\/v2\/users\/2"}],"replies":[{"embeddable":true,"href":"https:\/\/lospoliticosveracruz.com\/index.php?rest_route=%2Fwp%2Fv2%2Fcomments&post=148007"}],"version-history":[{"count":1,"href":"https:\/\/lospoliticosveracruz.com\/index.php?rest_route=\/wp\/v2\/posts\/148007\/revisions"}],"predecessor-version":[{"id":148008,"href":"https:\/\/lospoliticosveracruz.com\/index.php?rest_route=\/wp\/v2\/posts\/148007\/revisions\/148008"}],"wp:featuredmedia":[{"embeddable":true,"href":"https:\/\/lospoliticosveracruz.com\/index.php?rest_route=\/wp\/v2\/media\/141392"}],"wp:attachment":[{"href":"https:\/\/lospoliticosveracruz.com\/index.php?rest_route=%2Fwp%2Fv2%2Fmedia&parent=148007"}],"wp:term":[{"taxonomy":"category","embeddable":true,"href":"https:\/\/lospoliticosveracruz.com\/index.php?rest_route=%2Fwp%2Fv2%2Fcategories&post=148007"},{"taxonomy":"post_tag","embeddable":true,"href":"https:\/\/lospoliticosveracruz.com\/index.php?rest_route=%2Fwp%2Fv2%2Ftags&post=148007"}],"curies":[{"name":"wp","href":"https:\/\/api.w.org\/{rel}","templated":true}]}}