{"id":148038,"date":"2025-06-30T15:42:02","date_gmt":"2025-06-30T20:42:02","guid":{"rendered":"https:\/\/lospoliticosveracruz.com.mx\/?p=148038"},"modified":"2025-06-30T15:42:20","modified_gmt":"2025-06-30T20:42:20","slug":"huachicol-no-basto-el-panuelo-blanco","status":"publish","type":"post","link":"https:\/\/lospoliticosveracruz.com\/?p=148038","title":{"rendered":"HUACHICOL: NO BAST\u00d3 EL PA\u00d1UELO BLANCO"},"content":{"rendered":"\n\n\n<p><strong>Vicente Luna Hern\u00e1ndez<\/strong><\/p>\n\n\n\n<p>Para quienes a trav\u00e9s de sus mensajes placenteros me hacen m\u00e1s placentera la vida<\/p>\n\n\n\n<p>Lastimar las finanzas p\u00fablicas nacionales de cualquier manera, burlar de manera p\u00fablica y privada la esperanza del pueblo, negar, ocultar o minimizar un saqueo a la naci\u00f3n de esta naturaleza, sumar a la ambici\u00f3n de los grupos de la delincuencia organizada la organizaci\u00f3n de algunos integrantes de la clase gobernante, \u00bfqui\u00e9nes son hip\u00f3critas y simuladores? \u00bfLos delincuentes o los funcionarios p\u00fablicos que prometen cumplir y hacer cumplir la constituci\u00f3n y las leyes que de ella emanan? \u00bfQui\u00e9nes le fallan versadamente al Estado? \u00bfLa oposici\u00f3n al gobierno federal y en los Estados o la clase gobernante que habla a nombre de pueblo y traiciona al pueblo?<\/p>\n\n\n\n<p>El gobierno de la presienta Claudia Sheimbaun Pardo ha dejado en claro &#8211; y los golpes al crimen organizado as\u00ed lo demuestran -, que el huachicol est\u00e1 lejos de ser erradicado, est\u00e1 claro que la exhibici\u00f3n \u2013 con sonrisa burlona incluida \u2013 del pa\u00f1uelo blanco solo era puro show y simulaci\u00f3n vil, el robo a la naci\u00f3n ni disminuyo mucho menos se erradic\u00f3 como se presum\u00eda, hay mucho por hacer en este aspecto, sin embargo, est\u00e1 claro que por decisi\u00f3n propia o por presi\u00f3n externa, el gobierno federal est\u00e1 trabajando en este aspecto y eso es un respiro para las finanzas p\u00fablicas.<\/p>\n\n\n\n<p>Lo cierto es que las ganancias que se obtienen por este robo al tesoro natural que ocurre en el pa\u00eds es cuantioso como cuantioso es el ej\u00e9rcito de personas \u2013 que sin vestimenta color olivo \u2013 integran esta fuerza operativa, la coordinaci\u00f3n entre personas que de manera oficial y no oficial suman sus capacidades para burlar los controles de vigilancia es digno de aplicar a favor del Estado de Derecho, \u00bfacaso hay mayor y mejor coordinaci\u00f3n entre los malos que entre los buenos?<\/p>\n\n\n\n<p>M\u00e1s all\u00e1 de cifras de litros de combustible decomisados por las fuerzas del Estado, m\u00e1s all\u00e1 de exhibir los golpes a la delincuencia organizada, m\u00e1s all\u00e1 del riesgo \u2013 por alguna explosi\u00f3n &#8211; tanto para los delincuentes como para los trabajadores de PEMEX, lo cierto es que el pa\u00eds y sus finanzas p\u00fablicas no se pueden dar el \u201clujo\u201d de voltear hacia otro lado y solo maquillar cifras del combate al huachicol cuando la realidad abofetea la cara de las instituciones del Estado, \u00bfsobre qu\u00e9 se est\u00e1 construyendo el 2\u00aa piso de la transformaci\u00f3n?<\/p>\n\n\n\n<p>La realidad es que hace bien la presidenta en decir que M\u00e9xico no es pi\u00f1ata de nadie y que la defensa de la soberan\u00eda no es negociable, esa postura es parte de su 76% de aceptaci\u00f3n popular, esas palabras caen como miel sobre los o\u00eddos del pueblo, sin embargo, el bienestar social pasa por el combate eficaz contra los grupos de la delincuencia \u2013 oficial y no oficial \u2013 que lastima y se burla de los discursos ma\u00f1aneros, \u00bfestar\u00e1n en la misma sinton\u00eda \u2013 que la presidenta \u2013 los gobernadores y alcaldes del pa\u00eds?<\/p>\n\n\n\n<p>Es necesario que la Presidenta mande un mensaje contundente a la clase gobernante del pa\u00eds, en el combate al huachicol no habr\u00e1 distingos de clases, ni por su origen econ\u00f3mico, social o pol\u00edtico, en el momento que se detenga \u2013 con pruebas \u2013 a cualquier funcionario de nivel medo, medio superior y mayor, y as\u00ed, un sol iluminar\u00e1 M\u00e9xico y se ver\u00e1 en el horizonte el 2\u00aa piso dela 4T.<\/p>\n\n\n\n<p>Lo cierto es que no se debe olvidar que los cimientos del 2\u00aa piso de la transformaci\u00f3n que impulsa la presidenta se basan no solo en desmantelar a las principales redes criminales dedicadas al robo y comercializaci\u00f3n de hidrocarburos en el pa\u00eds, pasa tambi\u00e9n por desmantelar las principales redes criminales de funcionarios del gobierno federal, de los gobiernos estatales, municipales y de la clase trabajadora al interior de Pemex, \u00bfes necesario volver a sacar un pa\u00f1uelo blanco?<\/p>\n\n\n\n<p>P.D.- Con el \u00e1nimo que la m\u00e1xima morenista: \u201cNo robar, No mentir y No traicionar al pueblo\u201d est\u00e9 m\u00e1s vigente que nunca\u2026Escribir\u00e9 otro d\u00eda.<\/p>\n","protected":false},"excerpt":{"rendered":"<p>Vicente Luna Hern\u00e1ndez Para quienes a trav\u00e9s de sus mensajes placenteros me hacen m\u00e1s placentera la vida Lastimar las finanzas p\u00fablicas nacionales de cualquier manera, burlar de manera p\u00fablica y privada la esperanza del pueblo, negar, ocultar o minimizar un saqueo a la naci\u00f3n de esta naturaleza, sumar a la ambici\u00f3n de los grupos de [&hellip;]<\/p>\n","protected":false},"author":2,"featured_media":141415,"comment_status":"closed","ping_status":"closed","sticky":false,"template":"","format":"standard","meta":{"tdm_status":"","tdm_grid_status":"","footnotes":""},"categories":[70],"tags":[15667],"class_list":{"0":"post-148038","1":"post","2":"type-post","3":"status-publish","4":"format-standard","5":"has-post-thumbnail","7":"category-de-opinion","8":"tag-vicente-luna-hernandez"},"yoast_head":"<!-- This site is optimized with the Yoast SEO plugin v27.4 - https:\/\/yoast.com\/product\/yoast-seo-wordpress\/ -->\n<title>HUACHICOL: NO BAST\u00d3 EL PA\u00d1UELO BLANCO - Los pol\u00edticos Veracruz<\/title>\n<meta name=\"robots\" content=\"index, follow, max-snippet:-1, max-image-preview:large, max-video-preview:-1\" \/>\n<link rel=\"canonical\" href=\"https:\/\/lospoliticosveracruz.com\/?p=148038\" \/>\n<meta property=\"og:locale\" content=\"es_ES\" \/>\n<meta property=\"og:type\" content=\"article\" \/>\n<meta property=\"og:title\" content=\"HUACHICOL: NO BAST\u00d3 EL PA\u00d1UELO BLANCO - Los pol\u00edticos Veracruz\" \/>\n<meta property=\"og:description\" content=\"Vicente Luna Hern\u00e1ndez Para quienes a trav\u00e9s de sus mensajes placenteros me hacen m\u00e1s placentera la vida Lastimar las finanzas p\u00fablicas nacionales de cualquier manera, burlar de manera p\u00fablica y privada la esperanza del pueblo, negar, ocultar o minimizar un saqueo a la naci\u00f3n de esta naturaleza, sumar a la ambici\u00f3n de los grupos de [&hellip;]\" \/>\n<meta property=\"og:url\" content=\"https:\/\/lospoliticosveracruz.com\/?p=148038\" \/>\n<meta property=\"og:site_name\" content=\"Los pol\u00edticos Veracruz\" \/>\n<meta property=\"article:publisher\" content=\"https:\/\/www.facebook.com\/people\/Notimemes-de-los-Polticos\/61565672886568\/\" \/>\n<meta property=\"article:published_time\" content=\"2025-06-30T20:42:02+00:00\" \/>\n<meta property=\"article:modified_time\" content=\"2025-06-30T20:42:20+00:00\" \/>\n<meta property=\"og:image\" content=\"https:\/\/lospoliticosveracruz.com\/wp-content\/uploads\/2025\/04\/Vicente-Luna-Hernandez.jpg\" \/>\n\t<meta property=\"og:image:width\" content=\"1250\" \/>\n\t<meta property=\"og:image:height\" content=\"667\" \/>\n\t<meta property=\"og:image:type\" content=\"image\/jpeg\" \/>\n<meta name=\"author\" content=\"Lo viste en Los Pol\u00edticos\" \/>\n<meta name=\"twitter:card\" content=\"summary_large_image\" \/>\n<meta name=\"twitter:creator\" content=\"@LosPoliticosVer\" \/>\n<meta name=\"twitter:site\" content=\"@LosPoliticosVer\" \/>\n<meta name=\"twitter:label1\" content=\"Escrito por\" \/>\n\t<meta name=\"twitter:data1\" content=\"Lo viste en Los Pol\u00edticos\" \/>\n\t<meta name=\"twitter:label2\" content=\"Tiempo de lectura\" \/>\n\t<meta name=\"twitter:data2\" content=\"4 minutos\" \/>\n<script type=\"application\/ld+json\" class=\"yoast-schema-graph\">{\"@context\":\"https:\\\/\\\/schema.org\",\"@graph\":[{\"@type\":\"Article\",\"@id\":\"https:\\\/\\\/lospoliticosveracruz.com\\\/?p=148038#article\",\"isPartOf\":{\"@id\":\"https:\\\/\\\/lospoliticosveracruz.com\\\/?p=148038\"},\"author\":{\"name\":\"Lo viste en Los Pol\u00edticos\",\"@id\":\"https:\\\/\\\/lospoliticosveracruz.com\\\/#\\\/schema\\\/person\\\/b8702bb0e538456e6efd07080bf2a4a2\"},\"headline\":\"HUACHICOL: NO BAST\u00d3 EL PA\u00d1UELO BLANCO\",\"datePublished\":\"2025-06-30T20:42:02+00:00\",\"dateModified\":\"2025-06-30T20:42:20+00:00\",\"mainEntityOfPage\":{\"@id\":\"https:\\\/\\\/lospoliticosveracruz.com\\\/?p=148038\"},\"wordCount\":715,\"publisher\":{\"@id\":\"https:\\\/\\\/lospoliticosveracruz.com\\\/#organization\"},\"image\":{\"@id\":\"https:\\\/\\\/lospoliticosveracruz.com\\\/?p=148038#primaryimage\"},\"thumbnailUrl\":\"https:\\\/\\\/lospoliticosveracruz.com\\\/wp-content\\\/uploads\\\/2025\\\/04\\\/Vicente-Luna-Hernandez.jpg\",\"keywords\":[\"Vicente Luna Hern\u00e1ndez\"],\"articleSection\":[\"De Opini\u00f3n\"],\"inLanguage\":\"es\"},{\"@type\":\"WebPage\",\"@id\":\"https:\\\/\\\/lospoliticosveracruz.com\\\/?p=148038\",\"url\":\"https:\\\/\\\/lospoliticosveracruz.com\\\/?p=148038\",\"name\":\"HUACHICOL: NO BAST\u00d3 EL PA\u00d1UELO BLANCO - Los pol\u00edticos Veracruz\",\"isPartOf\":{\"@id\":\"https:\\\/\\\/lospoliticosveracruz.com\\\/#website\"},\"primaryImageOfPage\":{\"@id\":\"https:\\\/\\\/lospoliticosveracruz.com\\\/?p=148038#primaryimage\"},\"image\":{\"@id\":\"https:\\\/\\\/lospoliticosveracruz.com\\\/?p=148038#primaryimage\"},\"thumbnailUrl\":\"https:\\\/\\\/lospoliticosveracruz.com\\\/wp-content\\\/uploads\\\/2025\\\/04\\\/Vicente-Luna-Hernandez.jpg\",\"datePublished\":\"2025-06-30T20:42:02+00:00\",\"dateModified\":\"2025-06-30T20:42:20+00:00\",\"breadcrumb\":{\"@id\":\"https:\\\/\\\/lospoliticosveracruz.com\\\/?p=148038#breadcrumb\"},\"inLanguage\":\"es\",\"potentialAction\":[{\"@type\":\"ReadAction\",\"target\":[\"https:\\\/\\\/lospoliticosveracruz.com\\\/?p=148038\"]}]},{\"@type\":\"ImageObject\",\"inLanguage\":\"es\",\"@id\":\"https:\\\/\\\/lospoliticosveracruz.com\\\/?p=148038#primaryimage\",\"url\":\"https:\\\/\\\/lospoliticosveracruz.com\\\/wp-content\\\/uploads\\\/2025\\\/04\\\/Vicente-Luna-Hernandez.jpg\",\"contentUrl\":\"https:\\\/\\\/lospoliticosveracruz.com\\\/wp-content\\\/uploads\\\/2025\\\/04\\\/Vicente-Luna-Hernandez.jpg\",\"width\":1250,\"height\":667},{\"@type\":\"BreadcrumbList\",\"@id\":\"https:\\\/\\\/lospoliticosveracruz.com\\\/?p=148038#breadcrumb\",\"itemListElement\":[{\"@type\":\"ListItem\",\"position\":1,\"name\":\"Portada\",\"item\":\"https:\\\/\\\/lospoliticosveracruz.com\\\/\"},{\"@type\":\"ListItem\",\"position\":2,\"name\":\"HUACHICOL: NO BAST\u00d3 EL PA\u00d1UELO BLANCO\"}]},{\"@type\":\"WebSite\",\"@id\":\"https:\\\/\\\/lospoliticosveracruz.com\\\/#website\",\"url\":\"https:\\\/\\\/lospoliticosveracruz.com\\\/\",\"name\":\"Los pol\u00edticos Veracruz\",\"description\":\"\",\"publisher\":{\"@id\":\"https:\\\/\\\/lospoliticosveracruz.com\\\/#organization\"},\"potentialAction\":[{\"@type\":\"SearchAction\",\"target\":{\"@type\":\"EntryPoint\",\"urlTemplate\":\"https:\\\/\\\/lospoliticosveracruz.com\\\/?s={search_term_string}\"},\"query-input\":{\"@type\":\"PropertyValueSpecification\",\"valueRequired\":true,\"valueName\":\"search_term_string\"}}],\"inLanguage\":\"es\"},{\"@type\":\"Organization\",\"@id\":\"https:\\\/\\\/lospoliticosveracruz.com\\\/#organization\",\"name\":\"Los pol\u00edticos Veracruz\",\"url\":\"https:\\\/\\\/lospoliticosveracruz.com\\\/\",\"logo\":{\"@type\":\"ImageObject\",\"inLanguage\":\"es\",\"@id\":\"https:\\\/\\\/lospoliticosveracruz.com\\\/#\\\/schema\\\/logo\\\/image\\\/\",\"url\":\"https:\\\/\\\/lospoliticosveracruz.com\\\/wp-content\\\/uploads\\\/2025\\\/12\\\/Logo-Nuevo-LOS-POLITICOS-1.jpg\",\"contentUrl\":\"https:\\\/\\\/lospoliticosveracruz.com\\\/wp-content\\\/uploads\\\/2025\\\/12\\\/Logo-Nuevo-LOS-POLITICOS-1.jpg\",\"width\":260,\"height\":70,\"caption\":\"Los pol\u00edticos Veracruz\"},\"image\":{\"@id\":\"https:\\\/\\\/lospoliticosveracruz.com\\\/#\\\/schema\\\/logo\\\/image\\\/\"},\"sameAs\":[\"https:\\\/\\\/www.facebook.com\\\/people\\\/Notimemes-de-los-Polticos\\\/61565672886568\\\/\",\"https:\\\/\\\/x.com\\\/LosPoliticosVer\"]},{\"@type\":\"Person\",\"@id\":\"https:\\\/\\\/lospoliticosveracruz.com\\\/#\\\/schema\\\/person\\\/b8702bb0e538456e6efd07080bf2a4a2\",\"name\":\"Lo viste en Los Pol\u00edticos\",\"image\":{\"@type\":\"ImageObject\",\"inLanguage\":\"es\",\"@id\":\"https:\\\/\\\/secure.gravatar.com\\\/avatar\\\/3a8de04a2656d44082be478bd6c086daa447c4651605818287b9532d3d0bd435?s=96&d=mm&r=g\",\"url\":\"https:\\\/\\\/secure.gravatar.com\\\/avatar\\\/3a8de04a2656d44082be478bd6c086daa447c4651605818287b9532d3d0bd435?s=96&d=mm&r=g\",\"contentUrl\":\"https:\\\/\\\/secure.gravatar.com\\\/avatar\\\/3a8de04a2656d44082be478bd6c086daa447c4651605818287b9532d3d0bd435?s=96&d=mm&r=g\",\"caption\":\"Lo viste en Los Pol\u00edticos\"},\"url\":\"https:\\\/\\\/lospoliticosveracruz.com\\\/?author=2\"}]}<\/script>\n<!-- \/ Yoast SEO plugin. -->","yoast_head_json":{"title":"HUACHICOL: NO BAST\u00d3 EL PA\u00d1UELO BLANCO - Los pol\u00edticos Veracruz","robots":{"index":"index","follow":"follow","max-snippet":"max-snippet:-1","max-image-preview":"max-image-preview:large","max-video-preview":"max-video-preview:-1"},"canonical":"https:\/\/lospoliticosveracruz.com\/?p=148038","og_locale":"es_ES","og_type":"article","og_title":"HUACHICOL: NO BAST\u00d3 EL PA\u00d1UELO BLANCO - Los pol\u00edticos Veracruz","og_description":"Vicente Luna Hern\u00e1ndez Para quienes a trav\u00e9s de sus mensajes placenteros me hacen m\u00e1s placentera la vida Lastimar las finanzas p\u00fablicas nacionales de cualquier manera, burlar de manera p\u00fablica y privada la esperanza del pueblo, negar, ocultar o minimizar un saqueo a la naci\u00f3n de esta naturaleza, sumar a la ambici\u00f3n de los grupos de [&hellip;]","og_url":"https:\/\/lospoliticosveracruz.com\/?p=148038","og_site_name":"Los pol\u00edticos Veracruz","article_publisher":"https:\/\/www.facebook.com\/people\/Notimemes-de-los-Polticos\/61565672886568\/","article_published_time":"2025-06-30T20:42:02+00:00","article_modified_time":"2025-06-30T20:42:20+00:00","og_image":[{"width":1250,"height":667,"url":"https:\/\/lospoliticosveracruz.com\/wp-content\/uploads\/2025\/04\/Vicente-Luna-Hernandez.jpg","type":"image\/jpeg"}],"author":"Lo viste en Los Pol\u00edticos","twitter_card":"summary_large_image","twitter_creator":"@LosPoliticosVer","twitter_site":"@LosPoliticosVer","twitter_misc":{"Escrito por":"Lo viste en Los Pol\u00edticos","Tiempo de lectura":"4 minutos"},"schema":{"@context":"https:\/\/schema.org","@graph":[{"@type":"Article","@id":"https:\/\/lospoliticosveracruz.com\/?p=148038#article","isPartOf":{"@id":"https:\/\/lospoliticosveracruz.com\/?p=148038"},"author":{"name":"Lo viste en Los Pol\u00edticos","@id":"https:\/\/lospoliticosveracruz.com\/#\/schema\/person\/b8702bb0e538456e6efd07080bf2a4a2"},"headline":"HUACHICOL: NO BAST\u00d3 EL PA\u00d1UELO BLANCO","datePublished":"2025-06-30T20:42:02+00:00","dateModified":"2025-06-30T20:42:20+00:00","mainEntityOfPage":{"@id":"https:\/\/lospoliticosveracruz.com\/?p=148038"},"wordCount":715,"publisher":{"@id":"https:\/\/lospoliticosveracruz.com\/#organization"},"image":{"@id":"https:\/\/lospoliticosveracruz.com\/?p=148038#primaryimage"},"thumbnailUrl":"https:\/\/lospoliticosveracruz.com\/wp-content\/uploads\/2025\/04\/Vicente-Luna-Hernandez.jpg","keywords":["Vicente Luna Hern\u00e1ndez"],"articleSection":["De Opini\u00f3n"],"inLanguage":"es"},{"@type":"WebPage","@id":"https:\/\/lospoliticosveracruz.com\/?p=148038","url":"https:\/\/lospoliticosveracruz.com\/?p=148038","name":"HUACHICOL: NO BAST\u00d3 EL PA\u00d1UELO BLANCO - Los pol\u00edticos Veracruz","isPartOf":{"@id":"https:\/\/lospoliticosveracruz.com\/#website"},"primaryImageOfPage":{"@id":"https:\/\/lospoliticosveracruz.com\/?p=148038#primaryimage"},"image":{"@id":"https:\/\/lospoliticosveracruz.com\/?p=148038#primaryimage"},"thumbnailUrl":"https:\/\/lospoliticosveracruz.com\/wp-content\/uploads\/2025\/04\/Vicente-Luna-Hernandez.jpg","datePublished":"2025-06-30T20:42:02+00:00","dateModified":"2025-06-30T20:42:20+00:00","breadcrumb":{"@id":"https:\/\/lospoliticosveracruz.com\/?p=148038#breadcrumb"},"inLanguage":"es","potentialAction":[{"@type":"ReadAction","target":["https:\/\/lospoliticosveracruz.com\/?p=148038"]}]},{"@type":"ImageObject","inLanguage":"es","@id":"https:\/\/lospoliticosveracruz.com\/?p=148038#primaryimage","url":"https:\/\/lospoliticosveracruz.com\/wp-content\/uploads\/2025\/04\/Vicente-Luna-Hernandez.jpg","contentUrl":"https:\/\/lospoliticosveracruz.com\/wp-content\/uploads\/2025\/04\/Vicente-Luna-Hernandez.jpg","width":1250,"height":667},{"@type":"BreadcrumbList","@id":"https:\/\/lospoliticosveracruz.com\/?p=148038#breadcrumb","itemListElement":[{"@type":"ListItem","position":1,"name":"Portada","item":"https:\/\/lospoliticosveracruz.com\/"},{"@type":"ListItem","position":2,"name":"HUACHICOL: NO BAST\u00d3 EL PA\u00d1UELO BLANCO"}]},{"@type":"WebSite","@id":"https:\/\/lospoliticosveracruz.com\/#website","url":"https:\/\/lospoliticosveracruz.com\/","name":"Los pol\u00edticos Veracruz","description":"","publisher":{"@id":"https:\/\/lospoliticosveracruz.com\/#organization"},"potentialAction":[{"@type":"SearchAction","target":{"@type":"EntryPoint","urlTemplate":"https:\/\/lospoliticosveracruz.com\/?s={search_term_string}"},"query-input":{"@type":"PropertyValueSpecification","valueRequired":true,"valueName":"search_term_string"}}],"inLanguage":"es"},{"@type":"Organization","@id":"https:\/\/lospoliticosveracruz.com\/#organization","name":"Los pol\u00edticos Veracruz","url":"https:\/\/lospoliticosveracruz.com\/","logo":{"@type":"ImageObject","inLanguage":"es","@id":"https:\/\/lospoliticosveracruz.com\/#\/schema\/logo\/image\/","url":"https:\/\/lospoliticosveracruz.com\/wp-content\/uploads\/2025\/12\/Logo-Nuevo-LOS-POLITICOS-1.jpg","contentUrl":"https:\/\/lospoliticosveracruz.com\/wp-content\/uploads\/2025\/12\/Logo-Nuevo-LOS-POLITICOS-1.jpg","width":260,"height":70,"caption":"Los pol\u00edticos Veracruz"},"image":{"@id":"https:\/\/lospoliticosveracruz.com\/#\/schema\/logo\/image\/"},"sameAs":["https:\/\/www.facebook.com\/people\/Notimemes-de-los-Polticos\/61565672886568\/","https:\/\/x.com\/LosPoliticosVer"]},{"@type":"Person","@id":"https:\/\/lospoliticosveracruz.com\/#\/schema\/person\/b8702bb0e538456e6efd07080bf2a4a2","name":"Lo viste en Los Pol\u00edticos","image":{"@type":"ImageObject","inLanguage":"es","@id":"https:\/\/secure.gravatar.com\/avatar\/3a8de04a2656d44082be478bd6c086daa447c4651605818287b9532d3d0bd435?s=96&d=mm&r=g","url":"https:\/\/secure.gravatar.com\/avatar\/3a8de04a2656d44082be478bd6c086daa447c4651605818287b9532d3d0bd435?s=96&d=mm&r=g","contentUrl":"https:\/\/secure.gravatar.com\/avatar\/3a8de04a2656d44082be478bd6c086daa447c4651605818287b9532d3d0bd435?s=96&d=mm&r=g","caption":"Lo viste en Los Pol\u00edticos"},"url":"https:\/\/lospoliticosveracruz.com\/?author=2"}]}},"_links":{"self":[{"href":"https:\/\/lospoliticosveracruz.com\/index.php?rest_route=\/wp\/v2\/posts\/148038","targetHints":{"allow":["GET"]}}],"collection":[{"href":"https:\/\/lospoliticosveracruz.com\/index.php?rest_route=\/wp\/v2\/posts"}],"about":[{"href":"https:\/\/lospoliticosveracruz.com\/index.php?rest_route=\/wp\/v2\/types\/post"}],"author":[{"embeddable":true,"href":"https:\/\/lospoliticosveracruz.com\/index.php?rest_route=\/wp\/v2\/users\/2"}],"replies":[{"embeddable":true,"href":"https:\/\/lospoliticosveracruz.com\/index.php?rest_route=%2Fwp%2Fv2%2Fcomments&post=148038"}],"version-history":[{"count":1,"href":"https:\/\/lospoliticosveracruz.com\/index.php?rest_route=\/wp\/v2\/posts\/148038\/revisions"}],"predecessor-version":[{"id":148039,"href":"https:\/\/lospoliticosveracruz.com\/index.php?rest_route=\/wp\/v2\/posts\/148038\/revisions\/148039"}],"wp:featuredmedia":[{"embeddable":true,"href":"https:\/\/lospoliticosveracruz.com\/index.php?rest_route=\/wp\/v2\/media\/141415"}],"wp:attachment":[{"href":"https:\/\/lospoliticosveracruz.com\/index.php?rest_route=%2Fwp%2Fv2%2Fmedia&parent=148038"}],"wp:term":[{"taxonomy":"category","embeddable":true,"href":"https:\/\/lospoliticosveracruz.com\/index.php?rest_route=%2Fwp%2Fv2%2Fcategories&post=148038"},{"taxonomy":"post_tag","embeddable":true,"href":"https:\/\/lospoliticosveracruz.com\/index.php?rest_route=%2Fwp%2Fv2%2Ftags&post=148038"}],"curies":[{"name":"wp","href":"https:\/\/api.w.org\/{rel}","templated":true}]}}