{"id":148041,"date":"2025-06-30T16:47:38","date_gmt":"2025-06-30T21:47:38","guid":{"rendered":"https:\/\/lospoliticosveracruz.com.mx\/?p=148041"},"modified":"2025-06-30T16:48:54","modified_gmt":"2025-06-30T21:48:54","slug":"patear-el-pesebre","status":"publish","type":"post","link":"https:\/\/lospoliticosveracruz.com\/?p=148041","title":{"rendered":"PATEAR EL PESEBRE"},"content":{"rendered":"\n\n\n<p><strong>Juan Javier G\u00f3mez Cazar\u00edn<\/strong><\/p>\n\n\n\n<p>Lo que yo pienso<\/p>\n\n\n\n<p>Dice el diccionario: \u201cTraici\u00f3n.- Falta que se comete quebrantando la fidelidad o lealtad que se debe guardar o tener.\u201d Seco. Ni mandado a hacer.<\/p>\n\n\n\n<p>Y hay otra cosa, que no la dice el diccionario, pero la dice el dicho popular: la verdad no peca, pero incomoda.<\/p>\n\n\n\n<p>Por eso no es pecado llamar traidores a los traidores. Aunque se incomoden, ni modo.<\/p>\n\n\n\n<p>A los que con mala leche y sin la menor lealtad lanzan d\u00e1rdos envenenados contra el trabajo de m\u00e1s de una d\u00e9cada de miles y miles de personas -leales, ellas s\u00ed- que han caminado de casa en casa para construir y mantener con vida al m\u00e1s importante movimiento pol\u00edtico del \u00faltimo siglo en el pa\u00eds, se les tiene que decir traidores.<\/p>\n\n\n\n<p>Traidores, porque ellos est\u00e1n donde est\u00e1n gracias al trabajo que hoy critican maliciosamente.<\/p>\n\n\n\n<p>Traidores, porque deber\u00edan ser leales a lo que dijeron que iban a ser leales.<\/p>\n\n\n\n<p>Traidores, porque se abrazan con el enemigo que toda la vida nos denost\u00f3.<\/p>\n\n\n\n<p>Una cosa es decir lo que se piensa -yo siempre lo he hecho-, expresarse respetuosamente -siempre lo intento- y que nuestras convicciones encabecen nuestra lista de lealtades -as\u00ed me lo ense\u00f1aron en casa- y otra muy diferente es adoptar la narrativa falsa de nuestros adversarios y atacar al movimiento de manera insidiosa y mal\u00e9vola para\u2026 pues, la neta, no s\u00e9 para qu\u00e9, porque no ganaron nada.<\/p>\n\n\n\n<p>Si quer\u00edan popularidad, ganaron repudio; si quer\u00edan reconocimiento, ganaron desprecio; y si quer\u00edan quedar bien con alguien, fue con los enemigos de una causa justa y claramente mayoritaria a favor de la gente.<\/p>\n\n\n\n<p>Y digo narrativa falsa porque sus habladas, pateando el pesebre, son mentira.<\/p>\n\n\n\n<p>Otra cosa que tampoco la dice el diccionario, pero es una verdad sabida, es la siguiente: el que traiciona una vez, traiciona dos y traiciona siempre. El traidor nunca podr\u00e1 negar su naturaleza chueca, nunca podr\u00e1 ser de confianza y siempre vivir\u00e1 con ese estigma.<\/p>\n\n\n\n<p>Creo que tampoco hay que expulsar a nadie, porque, siguiendo con los dichos: \u201cla leche y los traidores se cortan solos.\u201d<\/p>\n\n\n\n<p>Pd.- A mis amigas y amigos del Norte del Estado: cu\u00eddense mucho, que ya pas\u00f3 lo peor de Barry, pero siguen las lluvias. No arriesguen la vida en los r\u00edos, en las carreteras. Sigan las indicaciones de Protecci\u00f3n Civil.<\/p>\n","protected":false},"excerpt":{"rendered":"<p>Juan Javier G\u00f3mez Cazar\u00edn Lo que yo pienso Dice el diccionario: \u201cTraici\u00f3n.- Falta que se comete quebrantando la fidelidad o lealtad que se debe guardar o tener.\u201d Seco. Ni mandado a hacer. Y hay otra cosa, que no la dice el diccionario, pero la dice el dicho popular: la verdad no peca, pero incomoda. Por [&hellip;]<\/p>\n","protected":false},"author":2,"featured_media":141393,"comment_status":"closed","ping_status":"closed","sticky":false,"template":"","format":"standard","meta":{"tdm_status":"","tdm_grid_status":"","footnotes":""},"categories":[70],"tags":[12695],"class_list":{"0":"post-148041","1":"post","2":"type-post","3":"status-publish","4":"format-standard","5":"has-post-thumbnail","7":"category-de-opinion","8":"tag-juan-javier-gomez-cazarin"},"yoast_head":"<!-- This site is optimized with the Yoast SEO plugin v27.4 - https:\/\/yoast.com\/product\/yoast-seo-wordpress\/ -->\n<title>PATEAR EL PESEBRE - Los pol\u00edticos Veracruz<\/title>\n<meta name=\"robots\" content=\"index, follow, max-snippet:-1, max-image-preview:large, max-video-preview:-1\" \/>\n<link rel=\"canonical\" href=\"https:\/\/lospoliticosveracruz.com\/?p=148041\" \/>\n<meta property=\"og:locale\" content=\"es_ES\" \/>\n<meta property=\"og:type\" content=\"article\" \/>\n<meta property=\"og:title\" content=\"PATEAR EL PESEBRE - Los pol\u00edticos Veracruz\" \/>\n<meta property=\"og:description\" content=\"Juan Javier G\u00f3mez Cazar\u00edn Lo que yo pienso Dice el diccionario: \u201cTraici\u00f3n.- Falta que se comete quebrantando la fidelidad o lealtad que se debe guardar o tener.\u201d Seco. Ni mandado a hacer. Y hay otra cosa, que no la dice el diccionario, pero la dice el dicho popular: la verdad no peca, pero incomoda. Por [&hellip;]\" \/>\n<meta property=\"og:url\" content=\"https:\/\/lospoliticosveracruz.com\/?p=148041\" \/>\n<meta property=\"og:site_name\" content=\"Los pol\u00edticos Veracruz\" \/>\n<meta property=\"article:publisher\" content=\"https:\/\/www.facebook.com\/people\/Notimemes-de-los-Polticos\/61565672886568\/\" \/>\n<meta property=\"article:published_time\" content=\"2025-06-30T21:47:38+00:00\" \/>\n<meta property=\"article:modified_time\" content=\"2025-06-30T21:48:54+00:00\" \/>\n<meta property=\"og:image\" content=\"https:\/\/lospoliticosveracruz.com\/wp-content\/uploads\/2025\/04\/Juan-Javier-Gomez-Cazarin.jpg\" \/>\n\t<meta property=\"og:image:width\" content=\"1250\" \/>\n\t<meta property=\"og:image:height\" content=\"667\" \/>\n\t<meta property=\"og:image:type\" content=\"image\/jpeg\" \/>\n<meta name=\"author\" content=\"Lo viste en Los Pol\u00edticos\" \/>\n<meta name=\"twitter:card\" content=\"summary_large_image\" \/>\n<meta name=\"twitter:creator\" content=\"@LosPoliticosVer\" \/>\n<meta name=\"twitter:site\" content=\"@LosPoliticosVer\" \/>\n<meta name=\"twitter:label1\" content=\"Escrito por\" \/>\n\t<meta name=\"twitter:data1\" content=\"Lo viste en Los Pol\u00edticos\" \/>\n\t<meta name=\"twitter:label2\" content=\"Tiempo de lectura\" \/>\n\t<meta name=\"twitter:data2\" content=\"2 minutos\" \/>\n<script type=\"application\/ld+json\" class=\"yoast-schema-graph\">{\"@context\":\"https:\\\/\\\/schema.org\",\"@graph\":[{\"@type\":\"Article\",\"@id\":\"https:\\\/\\\/lospoliticosveracruz.com\\\/?p=148041#article\",\"isPartOf\":{\"@id\":\"https:\\\/\\\/lospoliticosveracruz.com\\\/?p=148041\"},\"author\":{\"name\":\"Lo viste en Los Pol\u00edticos\",\"@id\":\"https:\\\/\\\/lospoliticosveracruz.com\\\/#\\\/schema\\\/person\\\/b8702bb0e538456e6efd07080bf2a4a2\"},\"headline\":\"PATEAR EL PESEBRE\",\"datePublished\":\"2025-06-30T21:47:38+00:00\",\"dateModified\":\"2025-06-30T21:48:54+00:00\",\"mainEntityOfPage\":{\"@id\":\"https:\\\/\\\/lospoliticosveracruz.com\\\/?p=148041\"},\"wordCount\":412,\"publisher\":{\"@id\":\"https:\\\/\\\/lospoliticosveracruz.com\\\/#organization\"},\"image\":{\"@id\":\"https:\\\/\\\/lospoliticosveracruz.com\\\/?p=148041#primaryimage\"},\"thumbnailUrl\":\"https:\\\/\\\/lospoliticosveracruz.com\\\/wp-content\\\/uploads\\\/2025\\\/04\\\/Juan-Javier-Gomez-Cazarin-e1774370039950.jpg\",\"keywords\":[\"Juan Javier G\u00f3mez Cazar\u00edn\"],\"articleSection\":[\"De Opini\u00f3n\"],\"inLanguage\":\"es\"},{\"@type\":\"WebPage\",\"@id\":\"https:\\\/\\\/lospoliticosveracruz.com\\\/?p=148041\",\"url\":\"https:\\\/\\\/lospoliticosveracruz.com\\\/?p=148041\",\"name\":\"PATEAR EL PESEBRE - Los pol\u00edticos Veracruz\",\"isPartOf\":{\"@id\":\"https:\\\/\\\/lospoliticosveracruz.com\\\/#website\"},\"primaryImageOfPage\":{\"@id\":\"https:\\\/\\\/lospoliticosveracruz.com\\\/?p=148041#primaryimage\"},\"image\":{\"@id\":\"https:\\\/\\\/lospoliticosveracruz.com\\\/?p=148041#primaryimage\"},\"thumbnailUrl\":\"https:\\\/\\\/lospoliticosveracruz.com\\\/wp-content\\\/uploads\\\/2025\\\/04\\\/Juan-Javier-Gomez-Cazarin-e1774370039950.jpg\",\"datePublished\":\"2025-06-30T21:47:38+00:00\",\"dateModified\":\"2025-06-30T21:48:54+00:00\",\"breadcrumb\":{\"@id\":\"https:\\\/\\\/lospoliticosveracruz.com\\\/?p=148041#breadcrumb\"},\"inLanguage\":\"es\",\"potentialAction\":[{\"@type\":\"ReadAction\",\"target\":[\"https:\\\/\\\/lospoliticosveracruz.com\\\/?p=148041\"]}]},{\"@type\":\"ImageObject\",\"inLanguage\":\"es\",\"@id\":\"https:\\\/\\\/lospoliticosveracruz.com\\\/?p=148041#primaryimage\",\"url\":\"https:\\\/\\\/lospoliticosveracruz.com\\\/wp-content\\\/uploads\\\/2025\\\/04\\\/Juan-Javier-Gomez-Cazarin-e1774370039950.jpg\",\"contentUrl\":\"https:\\\/\\\/lospoliticosveracruz.com\\\/wp-content\\\/uploads\\\/2025\\\/04\\\/Juan-Javier-Gomez-Cazarin-e1774370039950.jpg\",\"width\":600,\"height\":320},{\"@type\":\"BreadcrumbList\",\"@id\":\"https:\\\/\\\/lospoliticosveracruz.com\\\/?p=148041#breadcrumb\",\"itemListElement\":[{\"@type\":\"ListItem\",\"position\":1,\"name\":\"Portada\",\"item\":\"https:\\\/\\\/lospoliticosveracruz.com\\\/\"},{\"@type\":\"ListItem\",\"position\":2,\"name\":\"PATEAR EL PESEBRE\"}]},{\"@type\":\"WebSite\",\"@id\":\"https:\\\/\\\/lospoliticosveracruz.com\\\/#website\",\"url\":\"https:\\\/\\\/lospoliticosveracruz.com\\\/\",\"name\":\"Los pol\u00edticos Veracruz\",\"description\":\"\",\"publisher\":{\"@id\":\"https:\\\/\\\/lospoliticosveracruz.com\\\/#organization\"},\"potentialAction\":[{\"@type\":\"SearchAction\",\"target\":{\"@type\":\"EntryPoint\",\"urlTemplate\":\"https:\\\/\\\/lospoliticosveracruz.com\\\/?s={search_term_string}\"},\"query-input\":{\"@type\":\"PropertyValueSpecification\",\"valueRequired\":true,\"valueName\":\"search_term_string\"}}],\"inLanguage\":\"es\"},{\"@type\":\"Organization\",\"@id\":\"https:\\\/\\\/lospoliticosveracruz.com\\\/#organization\",\"name\":\"Los pol\u00edticos Veracruz\",\"url\":\"https:\\\/\\\/lospoliticosveracruz.com\\\/\",\"logo\":{\"@type\":\"ImageObject\",\"inLanguage\":\"es\",\"@id\":\"https:\\\/\\\/lospoliticosveracruz.com\\\/#\\\/schema\\\/logo\\\/image\\\/\",\"url\":\"https:\\\/\\\/lospoliticosveracruz.com\\\/wp-content\\\/uploads\\\/2025\\\/12\\\/Logo-Nuevo-LOS-POLITICOS-1.jpg\",\"contentUrl\":\"https:\\\/\\\/lospoliticosveracruz.com\\\/wp-content\\\/uploads\\\/2025\\\/12\\\/Logo-Nuevo-LOS-POLITICOS-1.jpg\",\"width\":260,\"height\":70,\"caption\":\"Los pol\u00edticos Veracruz\"},\"image\":{\"@id\":\"https:\\\/\\\/lospoliticosveracruz.com\\\/#\\\/schema\\\/logo\\\/image\\\/\"},\"sameAs\":[\"https:\\\/\\\/www.facebook.com\\\/people\\\/Notimemes-de-los-Polticos\\\/61565672886568\\\/\",\"https:\\\/\\\/x.com\\\/LosPoliticosVer\"]},{\"@type\":\"Person\",\"@id\":\"https:\\\/\\\/lospoliticosveracruz.com\\\/#\\\/schema\\\/person\\\/b8702bb0e538456e6efd07080bf2a4a2\",\"name\":\"Lo viste en Los Pol\u00edticos\",\"image\":{\"@type\":\"ImageObject\",\"inLanguage\":\"es\",\"@id\":\"https:\\\/\\\/secure.gravatar.com\\\/avatar\\\/3a8de04a2656d44082be478bd6c086daa447c4651605818287b9532d3d0bd435?s=96&d=mm&r=g\",\"url\":\"https:\\\/\\\/secure.gravatar.com\\\/avatar\\\/3a8de04a2656d44082be478bd6c086daa447c4651605818287b9532d3d0bd435?s=96&d=mm&r=g\",\"contentUrl\":\"https:\\\/\\\/secure.gravatar.com\\\/avatar\\\/3a8de04a2656d44082be478bd6c086daa447c4651605818287b9532d3d0bd435?s=96&d=mm&r=g\",\"caption\":\"Lo viste en Los Pol\u00edticos\"},\"url\":\"https:\\\/\\\/lospoliticosveracruz.com\\\/?author=2\"}]}<\/script>\n<!-- \/ Yoast SEO plugin. -->","yoast_head_json":{"title":"PATEAR EL PESEBRE - Los pol\u00edticos Veracruz","robots":{"index":"index","follow":"follow","max-snippet":"max-snippet:-1","max-image-preview":"max-image-preview:large","max-video-preview":"max-video-preview:-1"},"canonical":"https:\/\/lospoliticosveracruz.com\/?p=148041","og_locale":"es_ES","og_type":"article","og_title":"PATEAR EL PESEBRE - Los pol\u00edticos Veracruz","og_description":"Juan Javier G\u00f3mez Cazar\u00edn Lo que yo pienso Dice el diccionario: \u201cTraici\u00f3n.- Falta que se comete quebrantando la fidelidad o lealtad que se debe guardar o tener.\u201d Seco. Ni mandado a hacer. Y hay otra cosa, que no la dice el diccionario, pero la dice el dicho popular: la verdad no peca, pero incomoda. Por [&hellip;]","og_url":"https:\/\/lospoliticosveracruz.com\/?p=148041","og_site_name":"Los pol\u00edticos Veracruz","article_publisher":"https:\/\/www.facebook.com\/people\/Notimemes-de-los-Polticos\/61565672886568\/","article_published_time":"2025-06-30T21:47:38+00:00","article_modified_time":"2025-06-30T21:48:54+00:00","og_image":[{"width":1250,"height":667,"url":"https:\/\/lospoliticosveracruz.com\/wp-content\/uploads\/2025\/04\/Juan-Javier-Gomez-Cazarin.jpg","type":"image\/jpeg"}],"author":"Lo viste en Los Pol\u00edticos","twitter_card":"summary_large_image","twitter_creator":"@LosPoliticosVer","twitter_site":"@LosPoliticosVer","twitter_misc":{"Escrito por":"Lo viste en Los Pol\u00edticos","Tiempo de lectura":"2 minutos"},"schema":{"@context":"https:\/\/schema.org","@graph":[{"@type":"Article","@id":"https:\/\/lospoliticosveracruz.com\/?p=148041#article","isPartOf":{"@id":"https:\/\/lospoliticosveracruz.com\/?p=148041"},"author":{"name":"Lo viste en Los Pol\u00edticos","@id":"https:\/\/lospoliticosveracruz.com\/#\/schema\/person\/b8702bb0e538456e6efd07080bf2a4a2"},"headline":"PATEAR EL PESEBRE","datePublished":"2025-06-30T21:47:38+00:00","dateModified":"2025-06-30T21:48:54+00:00","mainEntityOfPage":{"@id":"https:\/\/lospoliticosveracruz.com\/?p=148041"},"wordCount":412,"publisher":{"@id":"https:\/\/lospoliticosveracruz.com\/#organization"},"image":{"@id":"https:\/\/lospoliticosveracruz.com\/?p=148041#primaryimage"},"thumbnailUrl":"https:\/\/lospoliticosveracruz.com\/wp-content\/uploads\/2025\/04\/Juan-Javier-Gomez-Cazarin-e1774370039950.jpg","keywords":["Juan Javier G\u00f3mez Cazar\u00edn"],"articleSection":["De Opini\u00f3n"],"inLanguage":"es"},{"@type":"WebPage","@id":"https:\/\/lospoliticosveracruz.com\/?p=148041","url":"https:\/\/lospoliticosveracruz.com\/?p=148041","name":"PATEAR EL PESEBRE - Los pol\u00edticos Veracruz","isPartOf":{"@id":"https:\/\/lospoliticosveracruz.com\/#website"},"primaryImageOfPage":{"@id":"https:\/\/lospoliticosveracruz.com\/?p=148041#primaryimage"},"image":{"@id":"https:\/\/lospoliticosveracruz.com\/?p=148041#primaryimage"},"thumbnailUrl":"https:\/\/lospoliticosveracruz.com\/wp-content\/uploads\/2025\/04\/Juan-Javier-Gomez-Cazarin-e1774370039950.jpg","datePublished":"2025-06-30T21:47:38+00:00","dateModified":"2025-06-30T21:48:54+00:00","breadcrumb":{"@id":"https:\/\/lospoliticosveracruz.com\/?p=148041#breadcrumb"},"inLanguage":"es","potentialAction":[{"@type":"ReadAction","target":["https:\/\/lospoliticosveracruz.com\/?p=148041"]}]},{"@type":"ImageObject","inLanguage":"es","@id":"https:\/\/lospoliticosveracruz.com\/?p=148041#primaryimage","url":"https:\/\/lospoliticosveracruz.com\/wp-content\/uploads\/2025\/04\/Juan-Javier-Gomez-Cazarin-e1774370039950.jpg","contentUrl":"https:\/\/lospoliticosveracruz.com\/wp-content\/uploads\/2025\/04\/Juan-Javier-Gomez-Cazarin-e1774370039950.jpg","width":600,"height":320},{"@type":"BreadcrumbList","@id":"https:\/\/lospoliticosveracruz.com\/?p=148041#breadcrumb","itemListElement":[{"@type":"ListItem","position":1,"name":"Portada","item":"https:\/\/lospoliticosveracruz.com\/"},{"@type":"ListItem","position":2,"name":"PATEAR EL PESEBRE"}]},{"@type":"WebSite","@id":"https:\/\/lospoliticosveracruz.com\/#website","url":"https:\/\/lospoliticosveracruz.com\/","name":"Los pol\u00edticos Veracruz","description":"","publisher":{"@id":"https:\/\/lospoliticosveracruz.com\/#organization"},"potentialAction":[{"@type":"SearchAction","target":{"@type":"EntryPoint","urlTemplate":"https:\/\/lospoliticosveracruz.com\/?s={search_term_string}"},"query-input":{"@type":"PropertyValueSpecification","valueRequired":true,"valueName":"search_term_string"}}],"inLanguage":"es"},{"@type":"Organization","@id":"https:\/\/lospoliticosveracruz.com\/#organization","name":"Los pol\u00edticos Veracruz","url":"https:\/\/lospoliticosveracruz.com\/","logo":{"@type":"ImageObject","inLanguage":"es","@id":"https:\/\/lospoliticosveracruz.com\/#\/schema\/logo\/image\/","url":"https:\/\/lospoliticosveracruz.com\/wp-content\/uploads\/2025\/12\/Logo-Nuevo-LOS-POLITICOS-1.jpg","contentUrl":"https:\/\/lospoliticosveracruz.com\/wp-content\/uploads\/2025\/12\/Logo-Nuevo-LOS-POLITICOS-1.jpg","width":260,"height":70,"caption":"Los pol\u00edticos Veracruz"},"image":{"@id":"https:\/\/lospoliticosveracruz.com\/#\/schema\/logo\/image\/"},"sameAs":["https:\/\/www.facebook.com\/people\/Notimemes-de-los-Polticos\/61565672886568\/","https:\/\/x.com\/LosPoliticosVer"]},{"@type":"Person","@id":"https:\/\/lospoliticosveracruz.com\/#\/schema\/person\/b8702bb0e538456e6efd07080bf2a4a2","name":"Lo viste en Los Pol\u00edticos","image":{"@type":"ImageObject","inLanguage":"es","@id":"https:\/\/secure.gravatar.com\/avatar\/3a8de04a2656d44082be478bd6c086daa447c4651605818287b9532d3d0bd435?s=96&d=mm&r=g","url":"https:\/\/secure.gravatar.com\/avatar\/3a8de04a2656d44082be478bd6c086daa447c4651605818287b9532d3d0bd435?s=96&d=mm&r=g","contentUrl":"https:\/\/secure.gravatar.com\/avatar\/3a8de04a2656d44082be478bd6c086daa447c4651605818287b9532d3d0bd435?s=96&d=mm&r=g","caption":"Lo viste en Los Pol\u00edticos"},"url":"https:\/\/lospoliticosveracruz.com\/?author=2"}]}},"_links":{"self":[{"href":"https:\/\/lospoliticosveracruz.com\/index.php?rest_route=\/wp\/v2\/posts\/148041","targetHints":{"allow":["GET"]}}],"collection":[{"href":"https:\/\/lospoliticosveracruz.com\/index.php?rest_route=\/wp\/v2\/posts"}],"about":[{"href":"https:\/\/lospoliticosveracruz.com\/index.php?rest_route=\/wp\/v2\/types\/post"}],"author":[{"embeddable":true,"href":"https:\/\/lospoliticosveracruz.com\/index.php?rest_route=\/wp\/v2\/users\/2"}],"replies":[{"embeddable":true,"href":"https:\/\/lospoliticosveracruz.com\/index.php?rest_route=%2Fwp%2Fv2%2Fcomments&post=148041"}],"version-history":[{"count":1,"href":"https:\/\/lospoliticosveracruz.com\/index.php?rest_route=\/wp\/v2\/posts\/148041\/revisions"}],"predecessor-version":[{"id":148042,"href":"https:\/\/lospoliticosveracruz.com\/index.php?rest_route=\/wp\/v2\/posts\/148041\/revisions\/148042"}],"wp:featuredmedia":[{"embeddable":true,"href":"https:\/\/lospoliticosveracruz.com\/index.php?rest_route=\/wp\/v2\/media\/141393"}],"wp:attachment":[{"href":"https:\/\/lospoliticosveracruz.com\/index.php?rest_route=%2Fwp%2Fv2%2Fmedia&parent=148041"}],"wp:term":[{"taxonomy":"category","embeddable":true,"href":"https:\/\/lospoliticosveracruz.com\/index.php?rest_route=%2Fwp%2Fv2%2Fcategories&post=148041"},{"taxonomy":"post_tag","embeddable":true,"href":"https:\/\/lospoliticosveracruz.com\/index.php?rest_route=%2Fwp%2Fv2%2Ftags&post=148041"}],"curies":[{"name":"wp","href":"https:\/\/api.w.org\/{rel}","templated":true}]}}