{"id":148065,"date":"2025-06-30T22:25:12","date_gmt":"2025-07-01T03:25:12","guid":{"rendered":"https:\/\/lospoliticosveracruz.com.mx\/?p=148065"},"modified":"2025-06-30T22:25:33","modified_gmt":"2025-07-01T03:25:33","slug":"david-agustin-cerca-de-la-fge","status":"publish","type":"post","link":"https:\/\/lospoliticosveracruz.com\/?p=148065","title":{"rendered":"DAVID AGUST\u00cdN, CERCA DE LA FGE"},"content":{"rendered":"\n<p><strong>Salvador Mu\u00f1oz<\/strong><\/p>\n\n\n\n<p><em>Los Pol\u00edticos<\/em><\/p>\n\n\n\n<p>David Agust\u00edn Jim\u00e9nez Rojas vive el S\u00edndrome del Profeta como muchos que pisan Veracruz, tierra generosa, tan generosa, que bastar\u00eda preguntarle a Roc\u00edo Nahle, Lupita Osorno, o Ram\u00f3n D\u00edaz \u00c1vila, si no.<\/p>\n\n\n\n<p>Alejado de su natal Ciudad de M\u00e9xico, David Agust\u00edn Jim\u00e9nez Rojas ha ido migrando por Veracruz como un comod\u00edn pol\u00edtico: del Registro P\u00fablico de la Propiedad a asesor jur\u00eddico del INE pasando por el OPLE hasta presidir el IVAI, y ahora subsecretario de Educaci\u00f3n Media Superior y Superior junto a Claudia Tello.<\/p>\n\n\n\n<p>Un curr\u00edculum que parece un \u201cMonopoly pol\u00edtico\u201d, donde las casillas son cargos, y la meta es\u2026 la Fiscal\u00eda General del Estado, de la que conforme pasan los d\u00edas, es evidente que se va acercando.<\/p>\n\n\n\n<p>Es un pol\u00edtico pol\u00e9mico\u2026 alrededor de David Agust\u00edn se tejen las leyendas que se antojen como cuando a su llegada al IVAI, en octubre de 2021, es electo contra los requisitos constitucionales: \u00a1la maldita residencia! Cosa que para Morena fue pecata minuta\u2026 nada que una dispensa no cure\u2026<\/p>\n\n\n\n<p>Su paso por diversos cargos no s\u00f3lo le da curriculum, sino tambi\u00e9n colmillo para enfrentar citatorios fiscales, acusaciones de corrupci\u00f3n, y hasta amenazas de violencia pol\u00edtica de g\u00e9nero.<\/p>\n\n\n\n<p>Mientras clamaba por transparencia en el IVAI, circulaban versiones no tan limpias: denuncias de un \u201ccursito\u201d de dos horas de algo as\u00ed de \u201cC\u00f3mo ser Fiscal en tres pasos\u201d, sin doctorado acreditable y con se\u00f1alamientos de encubrimiento y violencia de g\u00e9nero contra su equipo.&nbsp;<\/p>\n\n\n\n<p>Su estrecha cercan\u00eda con los poderosos tampoco es ninguna coincidencia: Lo relacionan con Bola 8 y Cuitl\u00e1huac Garc\u00eda; pero tambi\u00e9n con Nahle, all\u00e1 cuando fue coordinadora del Grupo Legislativo de Morena\u2026 en pocas palabras, parece que&nbsp;&nbsp;siempre ha sabido desplazarse entre las corrientes correctas. Lo que no est\u00e1 claro es si lo hace para servir a Veracruz o para ascender un pelda\u00f1o m\u00e1s. Conoci\u00e9ndolo, su ambici\u00f3n legal apunta directo al despacho de la Fiscal\u00eda.<\/p>\n\n\n\n<p>Ahora, en la SEV, donde deber\u00eda impulsar calidad educativa, su cargo suena m\u00e1s como \u201csubsecretario del ascenso\u201d: rodeado de acusaciones y apadrinamientos, su sue\u00f1o fiscal ser\u00e1 el term\u00f3metro de su paso. Lo curioso ser\u00e1 ver si sus riesgos pasados y se\u00f1alamientos p\u00fablicos se convierten en manchas indelebles o simples an\u00e9cdotas al servicio de su pr\u00f3xima campa\u00f1a. Porque si algo sabe hacer este abogado-ocupacargos, es cambiar de silla antes de que suene el timbre del esc\u00e1ndalo.<\/p>\n\n\n\n<p>As\u00ed que, estimada Claudia Tello, enhorabuena: ya tienen al nuevo hombre fuerte en Educaci\u00f3n, con visi\u00f3n\u2026 sobre la Fiscal\u00eda. Y a los veracruzanos, el reto est\u00e1 en averiguar si Jim\u00e9nez Rojas desea mejorar aulas o planear su pr\u00f3ximo bot\u00f3n de \u2018renuncio y aspiro\u2019. Porque en la pol\u00edtica local, a veces la transparencia se diluye en la cercan\u00eda al poder, y las curr\u00edculas de maestr\u00edas brillan m\u00e1s que los resultados acad\u00e9micos.<\/p>\n\n\n\n<p>Como sea, hoy m\u00e1s que nunca David Agust\u00edn, desde la SEV, est\u00e1 m\u00e1s cerca que nunca de la Fiscal\u00eda General del Estado\u2026 baste que cruce el puente peatonal y agarre camino a Arco Sur \u00a1y listo!<\/p>\n","protected":false},"excerpt":{"rendered":"<p>Salvador Mu\u00f1oz Los Pol\u00edticos David Agust\u00edn Jim\u00e9nez Rojas vive el S\u00edndrome del Profeta como muchos que pisan Veracruz, tierra generosa, tan generosa, que bastar\u00eda preguntarle a Roc\u00edo Nahle, Lupita Osorno, o Ram\u00f3n D\u00edaz \u00c1vila, si no. Alejado de su natal Ciudad de M\u00e9xico, David Agust\u00edn Jim\u00e9nez Rojas ha ido migrando por Veracruz como un comod\u00edn [&hellip;]<\/p>\n","protected":false},"author":2,"featured_media":141805,"comment_status":"closed","ping_status":"closed","sticky":false,"template":"","format":"standard","meta":{"tdm_status":"","tdm_grid_status":"","footnotes":""},"categories":[70],"tags":[1026,2646,195],"class_list":{"0":"post-148065","1":"post","2":"type-post","3":"status-publish","4":"format-standard","5":"has-post-thumbnail","7":"category-de-opinion","8":"tag-morena","9":"tag-salvador-munoz","10":"tag-veracruz"},"yoast_head":"<!-- This site is optimized with the Yoast SEO plugin v27.4 - https:\/\/yoast.com\/product\/yoast-seo-wordpress\/ -->\n<title>DAVID AGUST\u00cdN, CERCA DE LA FGE - Los pol\u00edticos Veracruz<\/title>\n<meta name=\"robots\" content=\"index, follow, max-snippet:-1, max-image-preview:large, max-video-preview:-1\" \/>\n<link rel=\"canonical\" href=\"https:\/\/lospoliticosveracruz.com\/?p=148065\" \/>\n<meta property=\"og:locale\" content=\"es_ES\" \/>\n<meta property=\"og:type\" content=\"article\" \/>\n<meta property=\"og:title\" content=\"DAVID AGUST\u00cdN, CERCA DE LA FGE - Los pol\u00edticos Veracruz\" \/>\n<meta property=\"og:description\" content=\"Salvador Mu\u00f1oz Los Pol\u00edticos David Agust\u00edn Jim\u00e9nez Rojas vive el S\u00edndrome del Profeta como muchos que pisan Veracruz, tierra generosa, tan generosa, que bastar\u00eda preguntarle a Roc\u00edo Nahle, Lupita Osorno, o Ram\u00f3n D\u00edaz \u00c1vila, si no. Alejado de su natal Ciudad de M\u00e9xico, David Agust\u00edn Jim\u00e9nez Rojas ha ido migrando por Veracruz como un comod\u00edn [&hellip;]\" \/>\n<meta property=\"og:url\" content=\"https:\/\/lospoliticosveracruz.com\/?p=148065\" \/>\n<meta property=\"og:site_name\" content=\"Los pol\u00edticos Veracruz\" \/>\n<meta property=\"article:publisher\" content=\"https:\/\/www.facebook.com\/people\/Notimemes-de-los-Polticos\/61565672886568\/\" \/>\n<meta property=\"article:published_time\" content=\"2025-07-01T03:25:12+00:00\" \/>\n<meta property=\"article:modified_time\" content=\"2025-07-01T03:25:33+00:00\" \/>\n<meta property=\"og:image\" content=\"https:\/\/lospoliticosveracruz.com\/wp-content\/uploads\/2025\/04\/Chava-Munoz-1.jpg\" \/>\n\t<meta property=\"og:image:width\" content=\"1250\" \/>\n\t<meta property=\"og:image:height\" content=\"667\" \/>\n\t<meta property=\"og:image:type\" content=\"image\/jpeg\" \/>\n<meta name=\"author\" content=\"Lo viste en Los Pol\u00edticos\" \/>\n<meta name=\"twitter:card\" content=\"summary_large_image\" \/>\n<meta name=\"twitter:creator\" content=\"@LosPoliticosVer\" \/>\n<meta name=\"twitter:site\" content=\"@LosPoliticosVer\" \/>\n<meta name=\"twitter:label1\" content=\"Escrito por\" \/>\n\t<meta name=\"twitter:data1\" content=\"Lo viste en Los Pol\u00edticos\" \/>\n\t<meta name=\"twitter:label2\" content=\"Tiempo de lectura\" \/>\n\t<meta name=\"twitter:data2\" content=\"3 minutos\" \/>\n<script type=\"application\/ld+json\" class=\"yoast-schema-graph\">{\"@context\":\"https:\\\/\\\/schema.org\",\"@graph\":[{\"@type\":\"Article\",\"@id\":\"https:\\\/\\\/lospoliticosveracruz.com\\\/?p=148065#article\",\"isPartOf\":{\"@id\":\"https:\\\/\\\/lospoliticosveracruz.com\\\/?p=148065\"},\"author\":{\"name\":\"Lo viste en Los Pol\u00edticos\",\"@id\":\"https:\\\/\\\/lospoliticosveracruz.com\\\/#\\\/schema\\\/person\\\/b8702bb0e538456e6efd07080bf2a4a2\"},\"headline\":\"DAVID AGUST\u00cdN, CERCA DE LA FGE\",\"datePublished\":\"2025-07-01T03:25:12+00:00\",\"dateModified\":\"2025-07-01T03:25:33+00:00\",\"mainEntityOfPage\":{\"@id\":\"https:\\\/\\\/lospoliticosveracruz.com\\\/?p=148065\"},\"wordCount\":572,\"publisher\":{\"@id\":\"https:\\\/\\\/lospoliticosveracruz.com\\\/#organization\"},\"image\":{\"@id\":\"https:\\\/\\\/lospoliticosveracruz.com\\\/?p=148065#primaryimage\"},\"thumbnailUrl\":\"https:\\\/\\\/lospoliticosveracruz.com\\\/wp-content\\\/uploads\\\/2025\\\/04\\\/Chava-Munoz-1.jpg\",\"keywords\":[\"Morena\",\"Salvador Mu\u00f1oz\",\"Veracruz\"],\"articleSection\":[\"De Opini\u00f3n\"],\"inLanguage\":\"es\"},{\"@type\":\"WebPage\",\"@id\":\"https:\\\/\\\/lospoliticosveracruz.com\\\/?p=148065\",\"url\":\"https:\\\/\\\/lospoliticosveracruz.com\\\/?p=148065\",\"name\":\"DAVID AGUST\u00cdN, CERCA DE LA FGE - Los pol\u00edticos Veracruz\",\"isPartOf\":{\"@id\":\"https:\\\/\\\/lospoliticosveracruz.com\\\/#website\"},\"primaryImageOfPage\":{\"@id\":\"https:\\\/\\\/lospoliticosveracruz.com\\\/?p=148065#primaryimage\"},\"image\":{\"@id\":\"https:\\\/\\\/lospoliticosveracruz.com\\\/?p=148065#primaryimage\"},\"thumbnailUrl\":\"https:\\\/\\\/lospoliticosveracruz.com\\\/wp-content\\\/uploads\\\/2025\\\/04\\\/Chava-Munoz-1.jpg\",\"datePublished\":\"2025-07-01T03:25:12+00:00\",\"dateModified\":\"2025-07-01T03:25:33+00:00\",\"breadcrumb\":{\"@id\":\"https:\\\/\\\/lospoliticosveracruz.com\\\/?p=148065#breadcrumb\"},\"inLanguage\":\"es\",\"potentialAction\":[{\"@type\":\"ReadAction\",\"target\":[\"https:\\\/\\\/lospoliticosveracruz.com\\\/?p=148065\"]}]},{\"@type\":\"ImageObject\",\"inLanguage\":\"es\",\"@id\":\"https:\\\/\\\/lospoliticosveracruz.com\\\/?p=148065#primaryimage\",\"url\":\"https:\\\/\\\/lospoliticosveracruz.com\\\/wp-content\\\/uploads\\\/2025\\\/04\\\/Chava-Munoz-1.jpg\",\"contentUrl\":\"https:\\\/\\\/lospoliticosveracruz.com\\\/wp-content\\\/uploads\\\/2025\\\/04\\\/Chava-Munoz-1.jpg\",\"width\":1250,\"height\":667},{\"@type\":\"BreadcrumbList\",\"@id\":\"https:\\\/\\\/lospoliticosveracruz.com\\\/?p=148065#breadcrumb\",\"itemListElement\":[{\"@type\":\"ListItem\",\"position\":1,\"name\":\"Portada\",\"item\":\"https:\\\/\\\/lospoliticosveracruz.com\\\/\"},{\"@type\":\"ListItem\",\"position\":2,\"name\":\"DAVID AGUST\u00cdN, CERCA DE LA FGE\"}]},{\"@type\":\"WebSite\",\"@id\":\"https:\\\/\\\/lospoliticosveracruz.com\\\/#website\",\"url\":\"https:\\\/\\\/lospoliticosveracruz.com\\\/\",\"name\":\"Los pol\u00edticos Veracruz\",\"description\":\"\",\"publisher\":{\"@id\":\"https:\\\/\\\/lospoliticosveracruz.com\\\/#organization\"},\"potentialAction\":[{\"@type\":\"SearchAction\",\"target\":{\"@type\":\"EntryPoint\",\"urlTemplate\":\"https:\\\/\\\/lospoliticosveracruz.com\\\/?s={search_term_string}\"},\"query-input\":{\"@type\":\"PropertyValueSpecification\",\"valueRequired\":true,\"valueName\":\"search_term_string\"}}],\"inLanguage\":\"es\"},{\"@type\":\"Organization\",\"@id\":\"https:\\\/\\\/lospoliticosveracruz.com\\\/#organization\",\"name\":\"Los pol\u00edticos Veracruz\",\"url\":\"https:\\\/\\\/lospoliticosveracruz.com\\\/\",\"logo\":{\"@type\":\"ImageObject\",\"inLanguage\":\"es\",\"@id\":\"https:\\\/\\\/lospoliticosveracruz.com\\\/#\\\/schema\\\/logo\\\/image\\\/\",\"url\":\"https:\\\/\\\/lospoliticosveracruz.com\\\/wp-content\\\/uploads\\\/2025\\\/12\\\/Logo-Nuevo-LOS-POLITICOS-1.jpg\",\"contentUrl\":\"https:\\\/\\\/lospoliticosveracruz.com\\\/wp-content\\\/uploads\\\/2025\\\/12\\\/Logo-Nuevo-LOS-POLITICOS-1.jpg\",\"width\":260,\"height\":70,\"caption\":\"Los pol\u00edticos Veracruz\"},\"image\":{\"@id\":\"https:\\\/\\\/lospoliticosveracruz.com\\\/#\\\/schema\\\/logo\\\/image\\\/\"},\"sameAs\":[\"https:\\\/\\\/www.facebook.com\\\/people\\\/Notimemes-de-los-Polticos\\\/61565672886568\\\/\",\"https:\\\/\\\/x.com\\\/LosPoliticosVer\"]},{\"@type\":\"Person\",\"@id\":\"https:\\\/\\\/lospoliticosveracruz.com\\\/#\\\/schema\\\/person\\\/b8702bb0e538456e6efd07080bf2a4a2\",\"name\":\"Lo viste en Los Pol\u00edticos\",\"image\":{\"@type\":\"ImageObject\",\"inLanguage\":\"es\",\"@id\":\"https:\\\/\\\/secure.gravatar.com\\\/avatar\\\/3a8de04a2656d44082be478bd6c086daa447c4651605818287b9532d3d0bd435?s=96&d=mm&r=g\",\"url\":\"https:\\\/\\\/secure.gravatar.com\\\/avatar\\\/3a8de04a2656d44082be478bd6c086daa447c4651605818287b9532d3d0bd435?s=96&d=mm&r=g\",\"contentUrl\":\"https:\\\/\\\/secure.gravatar.com\\\/avatar\\\/3a8de04a2656d44082be478bd6c086daa447c4651605818287b9532d3d0bd435?s=96&d=mm&r=g\",\"caption\":\"Lo viste en Los Pol\u00edticos\"},\"url\":\"https:\\\/\\\/lospoliticosveracruz.com\\\/?author=2\"}]}<\/script>\n<!-- \/ Yoast SEO plugin. -->","yoast_head_json":{"title":"DAVID AGUST\u00cdN, CERCA DE LA FGE - Los pol\u00edticos Veracruz","robots":{"index":"index","follow":"follow","max-snippet":"max-snippet:-1","max-image-preview":"max-image-preview:large","max-video-preview":"max-video-preview:-1"},"canonical":"https:\/\/lospoliticosveracruz.com\/?p=148065","og_locale":"es_ES","og_type":"article","og_title":"DAVID AGUST\u00cdN, CERCA DE LA FGE - Los pol\u00edticos Veracruz","og_description":"Salvador Mu\u00f1oz Los Pol\u00edticos David Agust\u00edn Jim\u00e9nez Rojas vive el S\u00edndrome del Profeta como muchos que pisan Veracruz, tierra generosa, tan generosa, que bastar\u00eda preguntarle a Roc\u00edo Nahle, Lupita Osorno, o Ram\u00f3n D\u00edaz \u00c1vila, si no. Alejado de su natal Ciudad de M\u00e9xico, David Agust\u00edn Jim\u00e9nez Rojas ha ido migrando por Veracruz como un comod\u00edn [&hellip;]","og_url":"https:\/\/lospoliticosveracruz.com\/?p=148065","og_site_name":"Los pol\u00edticos Veracruz","article_publisher":"https:\/\/www.facebook.com\/people\/Notimemes-de-los-Polticos\/61565672886568\/","article_published_time":"2025-07-01T03:25:12+00:00","article_modified_time":"2025-07-01T03:25:33+00:00","og_image":[{"width":1250,"height":667,"url":"https:\/\/lospoliticosveracruz.com\/wp-content\/uploads\/2025\/04\/Chava-Munoz-1.jpg","type":"image\/jpeg"}],"author":"Lo viste en Los Pol\u00edticos","twitter_card":"summary_large_image","twitter_creator":"@LosPoliticosVer","twitter_site":"@LosPoliticosVer","twitter_misc":{"Escrito por":"Lo viste en Los Pol\u00edticos","Tiempo de lectura":"3 minutos"},"schema":{"@context":"https:\/\/schema.org","@graph":[{"@type":"Article","@id":"https:\/\/lospoliticosveracruz.com\/?p=148065#article","isPartOf":{"@id":"https:\/\/lospoliticosveracruz.com\/?p=148065"},"author":{"name":"Lo viste en Los Pol\u00edticos","@id":"https:\/\/lospoliticosveracruz.com\/#\/schema\/person\/b8702bb0e538456e6efd07080bf2a4a2"},"headline":"DAVID AGUST\u00cdN, CERCA DE LA FGE","datePublished":"2025-07-01T03:25:12+00:00","dateModified":"2025-07-01T03:25:33+00:00","mainEntityOfPage":{"@id":"https:\/\/lospoliticosveracruz.com\/?p=148065"},"wordCount":572,"publisher":{"@id":"https:\/\/lospoliticosveracruz.com\/#organization"},"image":{"@id":"https:\/\/lospoliticosveracruz.com\/?p=148065#primaryimage"},"thumbnailUrl":"https:\/\/lospoliticosveracruz.com\/wp-content\/uploads\/2025\/04\/Chava-Munoz-1.jpg","keywords":["Morena","Salvador Mu\u00f1oz","Veracruz"],"articleSection":["De Opini\u00f3n"],"inLanguage":"es"},{"@type":"WebPage","@id":"https:\/\/lospoliticosveracruz.com\/?p=148065","url":"https:\/\/lospoliticosveracruz.com\/?p=148065","name":"DAVID AGUST\u00cdN, CERCA DE LA FGE - Los pol\u00edticos Veracruz","isPartOf":{"@id":"https:\/\/lospoliticosveracruz.com\/#website"},"primaryImageOfPage":{"@id":"https:\/\/lospoliticosveracruz.com\/?p=148065#primaryimage"},"image":{"@id":"https:\/\/lospoliticosveracruz.com\/?p=148065#primaryimage"},"thumbnailUrl":"https:\/\/lospoliticosveracruz.com\/wp-content\/uploads\/2025\/04\/Chava-Munoz-1.jpg","datePublished":"2025-07-01T03:25:12+00:00","dateModified":"2025-07-01T03:25:33+00:00","breadcrumb":{"@id":"https:\/\/lospoliticosveracruz.com\/?p=148065#breadcrumb"},"inLanguage":"es","potentialAction":[{"@type":"ReadAction","target":["https:\/\/lospoliticosveracruz.com\/?p=148065"]}]},{"@type":"ImageObject","inLanguage":"es","@id":"https:\/\/lospoliticosveracruz.com\/?p=148065#primaryimage","url":"https:\/\/lospoliticosveracruz.com\/wp-content\/uploads\/2025\/04\/Chava-Munoz-1.jpg","contentUrl":"https:\/\/lospoliticosveracruz.com\/wp-content\/uploads\/2025\/04\/Chava-Munoz-1.jpg","width":1250,"height":667},{"@type":"BreadcrumbList","@id":"https:\/\/lospoliticosveracruz.com\/?p=148065#breadcrumb","itemListElement":[{"@type":"ListItem","position":1,"name":"Portada","item":"https:\/\/lospoliticosveracruz.com\/"},{"@type":"ListItem","position":2,"name":"DAVID AGUST\u00cdN, CERCA DE LA FGE"}]},{"@type":"WebSite","@id":"https:\/\/lospoliticosveracruz.com\/#website","url":"https:\/\/lospoliticosveracruz.com\/","name":"Los pol\u00edticos Veracruz","description":"","publisher":{"@id":"https:\/\/lospoliticosveracruz.com\/#organization"},"potentialAction":[{"@type":"SearchAction","target":{"@type":"EntryPoint","urlTemplate":"https:\/\/lospoliticosveracruz.com\/?s={search_term_string}"},"query-input":{"@type":"PropertyValueSpecification","valueRequired":true,"valueName":"search_term_string"}}],"inLanguage":"es"},{"@type":"Organization","@id":"https:\/\/lospoliticosveracruz.com\/#organization","name":"Los pol\u00edticos Veracruz","url":"https:\/\/lospoliticosveracruz.com\/","logo":{"@type":"ImageObject","inLanguage":"es","@id":"https:\/\/lospoliticosveracruz.com\/#\/schema\/logo\/image\/","url":"https:\/\/lospoliticosveracruz.com\/wp-content\/uploads\/2025\/12\/Logo-Nuevo-LOS-POLITICOS-1.jpg","contentUrl":"https:\/\/lospoliticosveracruz.com\/wp-content\/uploads\/2025\/12\/Logo-Nuevo-LOS-POLITICOS-1.jpg","width":260,"height":70,"caption":"Los pol\u00edticos Veracruz"},"image":{"@id":"https:\/\/lospoliticosveracruz.com\/#\/schema\/logo\/image\/"},"sameAs":["https:\/\/www.facebook.com\/people\/Notimemes-de-los-Polticos\/61565672886568\/","https:\/\/x.com\/LosPoliticosVer"]},{"@type":"Person","@id":"https:\/\/lospoliticosveracruz.com\/#\/schema\/person\/b8702bb0e538456e6efd07080bf2a4a2","name":"Lo viste en Los Pol\u00edticos","image":{"@type":"ImageObject","inLanguage":"es","@id":"https:\/\/secure.gravatar.com\/avatar\/3a8de04a2656d44082be478bd6c086daa447c4651605818287b9532d3d0bd435?s=96&d=mm&r=g","url":"https:\/\/secure.gravatar.com\/avatar\/3a8de04a2656d44082be478bd6c086daa447c4651605818287b9532d3d0bd435?s=96&d=mm&r=g","contentUrl":"https:\/\/secure.gravatar.com\/avatar\/3a8de04a2656d44082be478bd6c086daa447c4651605818287b9532d3d0bd435?s=96&d=mm&r=g","caption":"Lo viste en Los Pol\u00edticos"},"url":"https:\/\/lospoliticosveracruz.com\/?author=2"}]}},"_links":{"self":[{"href":"https:\/\/lospoliticosveracruz.com\/index.php?rest_route=\/wp\/v2\/posts\/148065","targetHints":{"allow":["GET"]}}],"collection":[{"href":"https:\/\/lospoliticosveracruz.com\/index.php?rest_route=\/wp\/v2\/posts"}],"about":[{"href":"https:\/\/lospoliticosveracruz.com\/index.php?rest_route=\/wp\/v2\/types\/post"}],"author":[{"embeddable":true,"href":"https:\/\/lospoliticosveracruz.com\/index.php?rest_route=\/wp\/v2\/users\/2"}],"replies":[{"embeddable":true,"href":"https:\/\/lospoliticosveracruz.com\/index.php?rest_route=%2Fwp%2Fv2%2Fcomments&post=148065"}],"version-history":[{"count":1,"href":"https:\/\/lospoliticosveracruz.com\/index.php?rest_route=\/wp\/v2\/posts\/148065\/revisions"}],"predecessor-version":[{"id":148066,"href":"https:\/\/lospoliticosveracruz.com\/index.php?rest_route=\/wp\/v2\/posts\/148065\/revisions\/148066"}],"wp:featuredmedia":[{"embeddable":true,"href":"https:\/\/lospoliticosveracruz.com\/index.php?rest_route=\/wp\/v2\/media\/141805"}],"wp:attachment":[{"href":"https:\/\/lospoliticosveracruz.com\/index.php?rest_route=%2Fwp%2Fv2%2Fmedia&parent=148065"}],"wp:term":[{"taxonomy":"category","embeddable":true,"href":"https:\/\/lospoliticosveracruz.com\/index.php?rest_route=%2Fwp%2Fv2%2Fcategories&post=148065"},{"taxonomy":"post_tag","embeddable":true,"href":"https:\/\/lospoliticosveracruz.com\/index.php?rest_route=%2Fwp%2Fv2%2Ftags&post=148065"}],"curies":[{"name":"wp","href":"https:\/\/api.w.org\/{rel}","templated":true}]}}