{"id":148067,"date":"2025-06-30T23:45:29","date_gmt":"2025-07-01T04:45:29","guid":{"rendered":"https:\/\/lospoliticosveracruz.com.mx\/?p=148067"},"modified":"2025-06-30T23:49:44","modified_gmt":"2025-07-01T04:49:44","slug":"cuando-la-sumision-y-la-lambisconeria-se-juntan","status":"publish","type":"post","link":"https:\/\/lospoliticosveracruz.com\/?p=148067","title":{"rendered":"CUANDO LA SUMISI\u00d3N Y LA LAMBISCONER\u00cdA SE JUNTAN"},"content":{"rendered":"\n\n\n<p><br><strong>Bernardo Guti\u00e9rrez Parra<\/strong><\/p>\n\n\n\n<p><em>Desde el Caf\u00e9<\/em><br>Mal, muy mal la debe estar pasando la doctora Claudia Sheinbaum al afirmar que ella y nadie m\u00e1s, fue la que nombr\u00f3 a Hugo L\u00f3pez-Gatell como representante de nuestro pa\u00eds en la Organizaci\u00f3n Mundial de la Salud (OMS). \u201cEs de a de veras, s\u00ed se va. Yo lo propuse y lo hice con gusto\u201d, contest\u00f3 sonriendo a la reportera Karina Aguilar del diario 24 horas.<\/p>\n\n\n\n<p>Pero minti\u00f3 y lo sabe.<\/p>\n\n\n\n<p>Desde que comenz\u00f3 la pandemia, Claudia no puede ver a este indeseable y mentiroso lambisc\u00f3n por eso; por mentiroso y lambisc\u00f3n. Alguna vez lo increp\u00f3 en Palacio Nacional para decirle: \u201cHasta cu\u00e1ndo vas a seguir enga\u00f1ando al presidente\u201d.<\/p>\n\n\n\n<p>L\u00f3pez-Gatell salt\u00f3 a la fama d\u00edas antes de que llegara el Covid a nuestro pa\u00eds. El secretario de Salud, Jorge Alcocer, lo llev\u00f3 a una de las ma\u00f1aneras donde cautiv\u00f3 a L\u00f3pez Obrador y a millones de mexicanos con su lenguaje fluido y educado. A partir de ese momento se adue\u00f1\u00f3 del micr\u00f3fono y no lo solt\u00f3 hasta que a\u00f1o y medio despu\u00e9s el propio L\u00f3pez Obrador se lo arrebat\u00f3 y lo mand\u00f3 casi al ostracismo.<\/p>\n\n\n\n<p>Pero el da\u00f1o ya estaba hecho y era irreversible.<\/p>\n\n\n\n<p>L\u00f3pez-Gatell es el principal responsable del mal manejo de la pandemia que cost\u00f3 la vida a 800 mil personas; 600 mil de las cuales pudieron salvarse recibiendo una ayuda adecuada que evidentemente no recibieron.<\/p>\n\n\n\n<p>M\u00e9xico es el pa\u00eds donde murieron m\u00e1s m\u00e9dicos, enfermeras y camilleros porque L\u00f3pez-Gatell les neg\u00f3 las vacunas, principalmente a los de sanatorios particulares a pesar de que estuvieron en la primera l\u00ednea de fuego contra la pandemia.<\/p>\n\n\n\n<p>L\u00f3pez-Gatell minimiz\u00f3 los efectos del Covid al calificarlo como \u201cuna gripita\u201d; descalific\u00f3 el uso del cubrebocas a pesar de que la OMS casi lo exig\u00eda, tambi\u00e9n descalific\u00f3 las pruebas anti Covid diciendo que no eran necesarias y menos para el presidente porque \u201csu fuerza es moral y no una fuerza de contagio\u201d.<\/p>\n\n\n\n<p>Esta lambisconer\u00eda lo catapult\u00f3 a las alturas de un rock star. Se tomaba selfies, firmaba aut\u00f3grafos, le\u00eda poemas, conced\u00eda entrevistas, aparec\u00eda en revistas del coraz\u00f3n. Un rock star.<\/p>\n\n\n\n<p>En una ocasi\u00f3n y al salir de una reuni\u00f3n en Palacio Nacional una mujer acelerada (o desesperada, ve tu a saber, lector) le grit\u00f3 \u201cHugo hazme un hijo\u201d y Hugo nom\u00e1s sonri\u00f3.<\/p>\n\n\n\n<p>Sobradito de soberbia, el 4 de junio de 2020 dijo que era casi imposible que el Covid alcanzara cifras estratosf\u00e9ricas y pint\u00f3 varios escenarios. En el primero el m\u00ednimo de fallecidos estimados era de 6 mil, otro escenario era de 8 mil, otro era de 12 mil 500 \u201cy ten\u00edamos as\u00ed hasta 28 mil, que se redondea a los 30 mil. Incluso un escenario muy catastr\u00f3fico que pod\u00eda llegar a 60 mil fallecidos\u201d.<\/p>\n\n\n\n<p>Pero cuando dos meses despu\u00e9s el destino lo alcanz\u00f3 y el 24 de agosto M\u00e9xico amaneci\u00f3 con 60 mil 480 fallecidos, le ech\u00f3 la culpa de esas muertes a la diabetes, la obesidad y la hipertensi\u00f3n.<\/p>\n\n\n\n<p>Y ah\u00ed comenz\u00f3 su declive.<\/p>\n\n\n\n<p>La gota que derramo el vaso fue cuando acus\u00f3 a los padres de los ni\u00f1os con c\u00e1ncer (a los que dej\u00f3 sin medicamentos oncol\u00f3gicos) de formar parte de una conjura para darle golpe de Estado al se\u00f1or presidente.<\/p>\n\n\n\n<p>Esto ya no lo aguant\u00f3 L\u00f3pez Obrador que lo vapule\u00f3 verbalmente delante del gabinete de Seguridad, lo quito de las ma\u00f1aneras y lo mand\u00f3 a las tardeceras donde ya no era ni la sombra de lo que fue.<\/p>\n\n\n\n<p>Antes de dejar la presidencia, el tabasque\u00f1o que le ten\u00eda ley por lambisc\u00f3n, le dio permiso de que buscara la alcald\u00eda de la CDMX y lo batearon, busc\u00f3 una senadur\u00eda y una diputaci\u00f3n federal y corri\u00f3 con la misma suerte por lo que se fue a su casa.<\/p>\n\n\n\n<p>Todo mundo daba por hecho que Claudia Sheinbaum que reitero, nom\u00e1s no lo puede ver, lo mandar\u00eda a la c\u00e1rcel a fin de apaciguar la furia de la raza de bronce contra \u201cEl Doctor Muerte\u201d y\u2026 resulta que se nos va como representante de M\u00e9xico a la OMS en Suiza.<\/p>\n\n\n\n<p>Lo mismo pas\u00f3 con Juan Antonio Ferrer, responsable de desaparecer el Seguro Popular y de haber inventado el INSABI, un bodrio sin pies ni cabeza que fracas\u00f3 desde el primer d\u00eda de su existencia y cuando desapareci\u00f3, tres a\u00f1os despu\u00e9s, dej\u00f3 a 30 millones de mexicanos sin servicios de salud.<\/p>\n\n\n\n<p>Ferrer fue corresponsable del desabasto de medicamentos en todo el pa\u00eds que han provocado miles de muertes entre ellas las de m\u00e1s de 3 mil ni\u00f1os y ni\u00f1as que padec\u00edan c\u00e1ncer.<\/p>\n\n\n\n<p>Y tiene un plus: otorg\u00f3 contratos multimillonarios a los amiguitos de los hijos de L\u00f3pez Obrador.<\/p>\n\n\n\n<p>En premio a su doblez, fidelidad, docilidad y obediencia fue premiado como embajador de M\u00e9xico ante la UNESCO, embajada que est\u00e1 en Par\u00eds.<\/p>\n\n\n\n<p>Algunos enga\u00f1a-tarugos quieren hacernos creer que la presidenta los mand\u00f3 \u201cal exilio y bien lejos\u201d para desembarazarse de ellos.<\/p>\n\n\n\n<p>Futa\u2026<\/p>\n\n\n\n<p>Lejos y al exilio ser\u00eda que los enviara a las Islas Fiji, a \u00c1frica Central o a las Malvinas, \u00bfpero a Suiza y Francia con todos los gastos pagados?, por Dios.<\/p>\n\n\n\n<p>Reitero lector, los nombramientos no los hizo Claudia, se los ordenaron desde alg\u00fan lugar de Palenque y la se\u00f1ora simplemente obedeci\u00f3.<\/p>\n\n\n\n<p>Mal, muy mal debe de sentirse la doctora al tener que obedecer, estoy seguro que contra su voluntad, este tipo de \u00f3rdenes.<\/p>\n\n\n\n<p>Pero m\u00e1s mal deben sentirse 120 millones de mexicanos al tener que aceptar que una mujer con su inteligencia y car\u00e1cter a\u00fan pueda tomar las riendas del pa\u00eds.<\/p>\n\n\n\n<p>bernagup28@gmail.com<\/p>\n","protected":false},"excerpt":{"rendered":"<p>Bernardo Guti\u00e9rrez Parra Desde el Caf\u00e9Mal, muy mal la debe estar pasando la doctora Claudia Sheinbaum al afirmar que ella y nadie m\u00e1s, fue la que nombr\u00f3 a Hugo L\u00f3pez-Gatell como representante de nuestro pa\u00eds en la Organizaci\u00f3n Mundial de la Salud (OMS). \u201cEs de a de veras, s\u00ed se va. Yo lo propuse y [&hellip;]<\/p>\n","protected":false},"author":2,"featured_media":141479,"comment_status":"closed","ping_status":"closed","sticky":false,"template":"","format":"standard","meta":{"tdm_status":"","tdm_grid_status":"","footnotes":""},"categories":[70],"tags":[618,9627,16671,1026],"class_list":{"0":"post-148067","1":"post","2":"type-post","3":"status-publish","4":"format-standard","5":"has-post-thumbnail","7":"category-de-opinion","8":"tag-andres-manuel-lopez-obrador","9":"tag-claudia-sheinbaum","10":"tag-hugo-lopez-gatell","11":"tag-morena"},"yoast_head":"<!-- This site is optimized with the Yoast SEO plugin v27.4 - https:\/\/yoast.com\/product\/yoast-seo-wordpress\/ -->\n<title>CUANDO LA SUMISI\u00d3N Y LA LAMBISCONER\u00cdA SE JUNTAN - Los pol\u00edticos Veracruz<\/title>\n<meta name=\"robots\" content=\"index, follow, max-snippet:-1, max-image-preview:large, max-video-preview:-1\" \/>\n<link rel=\"canonical\" href=\"https:\/\/lospoliticosveracruz.com\/?p=148067\" \/>\n<meta property=\"og:locale\" content=\"es_ES\" \/>\n<meta property=\"og:type\" content=\"article\" \/>\n<meta property=\"og:title\" content=\"CUANDO LA SUMISI\u00d3N Y LA LAMBISCONER\u00cdA SE JUNTAN - Los pol\u00edticos Veracruz\" \/>\n<meta property=\"og:description\" content=\"Bernardo Guti\u00e9rrez Parra Desde el Caf\u00e9Mal, muy mal la debe estar pasando la doctora Claudia Sheinbaum al afirmar que ella y nadie m\u00e1s, fue la que nombr\u00f3 a Hugo L\u00f3pez-Gatell como representante de nuestro pa\u00eds en la Organizaci\u00f3n Mundial de la Salud (OMS). \u201cEs de a de veras, s\u00ed se va. Yo lo propuse y [&hellip;]\" \/>\n<meta property=\"og:url\" content=\"https:\/\/lospoliticosveracruz.com\/?p=148067\" \/>\n<meta property=\"og:site_name\" content=\"Los pol\u00edticos Veracruz\" \/>\n<meta property=\"article:publisher\" content=\"https:\/\/www.facebook.com\/people\/Notimemes-de-los-Polticos\/61565672886568\/\" \/>\n<meta property=\"article:published_time\" content=\"2025-07-01T04:45:29+00:00\" \/>\n<meta property=\"article:modified_time\" content=\"2025-07-01T04:49:44+00:00\" \/>\n<meta property=\"og:image\" content=\"https:\/\/lospoliticosveracruz.com\/wp-content\/uploads\/2025\/04\/Bernardo-Gutierrez-Parra.jpg\" \/>\n\t<meta property=\"og:image:width\" content=\"1250\" \/>\n\t<meta property=\"og:image:height\" content=\"667\" \/>\n\t<meta property=\"og:image:type\" content=\"image\/jpeg\" \/>\n<meta name=\"author\" content=\"Lo viste en Los Pol\u00edticos\" \/>\n<meta name=\"twitter:card\" content=\"summary_large_image\" \/>\n<meta name=\"twitter:creator\" content=\"@LosPoliticosVer\" \/>\n<meta name=\"twitter:site\" content=\"@LosPoliticosVer\" \/>\n<meta name=\"twitter:label1\" content=\"Escrito por\" \/>\n\t<meta name=\"twitter:data1\" content=\"Lo viste en Los Pol\u00edticos\" \/>\n\t<meta name=\"twitter:label2\" content=\"Tiempo de lectura\" \/>\n\t<meta name=\"twitter:data2\" content=\"5 minutos\" \/>\n<script type=\"application\/ld+json\" class=\"yoast-schema-graph\">{\"@context\":\"https:\\\/\\\/schema.org\",\"@graph\":[{\"@type\":\"Article\",\"@id\":\"https:\\\/\\\/lospoliticosveracruz.com\\\/?p=148067#article\",\"isPartOf\":{\"@id\":\"https:\\\/\\\/lospoliticosveracruz.com\\\/?p=148067\"},\"author\":{\"name\":\"Lo viste en Los Pol\u00edticos\",\"@id\":\"https:\\\/\\\/lospoliticosveracruz.com\\\/#\\\/schema\\\/person\\\/b8702bb0e538456e6efd07080bf2a4a2\"},\"headline\":\"CUANDO LA SUMISI\u00d3N Y LA LAMBISCONER\u00cdA SE JUNTAN\",\"datePublished\":\"2025-07-01T04:45:29+00:00\",\"dateModified\":\"2025-07-01T04:49:44+00:00\",\"mainEntityOfPage\":{\"@id\":\"https:\\\/\\\/lospoliticosveracruz.com\\\/?p=148067\"},\"wordCount\":989,\"publisher\":{\"@id\":\"https:\\\/\\\/lospoliticosveracruz.com\\\/#organization\"},\"image\":{\"@id\":\"https:\\\/\\\/lospoliticosveracruz.com\\\/?p=148067#primaryimage\"},\"thumbnailUrl\":\"https:\\\/\\\/lospoliticosveracruz.com\\\/wp-content\\\/uploads\\\/2025\\\/04\\\/Bernardo-Gutierrez-Parra.jpg\",\"keywords\":[\"Andr\u00e9s Manuel L\u00f3pez Obrador\",\"Claudia Sheinbaum\",\"Hugo L\u00f3pez Gatell\",\"Morena\"],\"articleSection\":[\"De Opini\u00f3n\"],\"inLanguage\":\"es\"},{\"@type\":\"WebPage\",\"@id\":\"https:\\\/\\\/lospoliticosveracruz.com\\\/?p=148067\",\"url\":\"https:\\\/\\\/lospoliticosveracruz.com\\\/?p=148067\",\"name\":\"CUANDO LA SUMISI\u00d3N Y LA LAMBISCONER\u00cdA SE JUNTAN - Los pol\u00edticos Veracruz\",\"isPartOf\":{\"@id\":\"https:\\\/\\\/lospoliticosveracruz.com\\\/#website\"},\"primaryImageOfPage\":{\"@id\":\"https:\\\/\\\/lospoliticosveracruz.com\\\/?p=148067#primaryimage\"},\"image\":{\"@id\":\"https:\\\/\\\/lospoliticosveracruz.com\\\/?p=148067#primaryimage\"},\"thumbnailUrl\":\"https:\\\/\\\/lospoliticosveracruz.com\\\/wp-content\\\/uploads\\\/2025\\\/04\\\/Bernardo-Gutierrez-Parra.jpg\",\"datePublished\":\"2025-07-01T04:45:29+00:00\",\"dateModified\":\"2025-07-01T04:49:44+00:00\",\"breadcrumb\":{\"@id\":\"https:\\\/\\\/lospoliticosveracruz.com\\\/?p=148067#breadcrumb\"},\"inLanguage\":\"es\",\"potentialAction\":[{\"@type\":\"ReadAction\",\"target\":[\"https:\\\/\\\/lospoliticosveracruz.com\\\/?p=148067\"]}]},{\"@type\":\"ImageObject\",\"inLanguage\":\"es\",\"@id\":\"https:\\\/\\\/lospoliticosveracruz.com\\\/?p=148067#primaryimage\",\"url\":\"https:\\\/\\\/lospoliticosveracruz.com\\\/wp-content\\\/uploads\\\/2025\\\/04\\\/Bernardo-Gutierrez-Parra.jpg\",\"contentUrl\":\"https:\\\/\\\/lospoliticosveracruz.com\\\/wp-content\\\/uploads\\\/2025\\\/04\\\/Bernardo-Gutierrez-Parra.jpg\",\"width\":1250,\"height\":667},{\"@type\":\"BreadcrumbList\",\"@id\":\"https:\\\/\\\/lospoliticosveracruz.com\\\/?p=148067#breadcrumb\",\"itemListElement\":[{\"@type\":\"ListItem\",\"position\":1,\"name\":\"Portada\",\"item\":\"https:\\\/\\\/lospoliticosveracruz.com\\\/\"},{\"@type\":\"ListItem\",\"position\":2,\"name\":\"CUANDO LA SUMISI\u00d3N Y LA LAMBISCONER\u00cdA SE JUNTAN\"}]},{\"@type\":\"WebSite\",\"@id\":\"https:\\\/\\\/lospoliticosveracruz.com\\\/#website\",\"url\":\"https:\\\/\\\/lospoliticosveracruz.com\\\/\",\"name\":\"Los pol\u00edticos Veracruz\",\"description\":\"\",\"publisher\":{\"@id\":\"https:\\\/\\\/lospoliticosveracruz.com\\\/#organization\"},\"potentialAction\":[{\"@type\":\"SearchAction\",\"target\":{\"@type\":\"EntryPoint\",\"urlTemplate\":\"https:\\\/\\\/lospoliticosveracruz.com\\\/?s={search_term_string}\"},\"query-input\":{\"@type\":\"PropertyValueSpecification\",\"valueRequired\":true,\"valueName\":\"search_term_string\"}}],\"inLanguage\":\"es\"},{\"@type\":\"Organization\",\"@id\":\"https:\\\/\\\/lospoliticosveracruz.com\\\/#organization\",\"name\":\"Los pol\u00edticos Veracruz\",\"url\":\"https:\\\/\\\/lospoliticosveracruz.com\\\/\",\"logo\":{\"@type\":\"ImageObject\",\"inLanguage\":\"es\",\"@id\":\"https:\\\/\\\/lospoliticosveracruz.com\\\/#\\\/schema\\\/logo\\\/image\\\/\",\"url\":\"https:\\\/\\\/lospoliticosveracruz.com\\\/wp-content\\\/uploads\\\/2025\\\/12\\\/Logo-Nuevo-LOS-POLITICOS-1.jpg\",\"contentUrl\":\"https:\\\/\\\/lospoliticosveracruz.com\\\/wp-content\\\/uploads\\\/2025\\\/12\\\/Logo-Nuevo-LOS-POLITICOS-1.jpg\",\"width\":260,\"height\":70,\"caption\":\"Los pol\u00edticos Veracruz\"},\"image\":{\"@id\":\"https:\\\/\\\/lospoliticosveracruz.com\\\/#\\\/schema\\\/logo\\\/image\\\/\"},\"sameAs\":[\"https:\\\/\\\/www.facebook.com\\\/people\\\/Notimemes-de-los-Polticos\\\/61565672886568\\\/\",\"https:\\\/\\\/x.com\\\/LosPoliticosVer\"]},{\"@type\":\"Person\",\"@id\":\"https:\\\/\\\/lospoliticosveracruz.com\\\/#\\\/schema\\\/person\\\/b8702bb0e538456e6efd07080bf2a4a2\",\"name\":\"Lo viste en Los Pol\u00edticos\",\"image\":{\"@type\":\"ImageObject\",\"inLanguage\":\"es\",\"@id\":\"https:\\\/\\\/secure.gravatar.com\\\/avatar\\\/3a8de04a2656d44082be478bd6c086daa447c4651605818287b9532d3d0bd435?s=96&d=mm&r=g\",\"url\":\"https:\\\/\\\/secure.gravatar.com\\\/avatar\\\/3a8de04a2656d44082be478bd6c086daa447c4651605818287b9532d3d0bd435?s=96&d=mm&r=g\",\"contentUrl\":\"https:\\\/\\\/secure.gravatar.com\\\/avatar\\\/3a8de04a2656d44082be478bd6c086daa447c4651605818287b9532d3d0bd435?s=96&d=mm&r=g\",\"caption\":\"Lo viste en Los Pol\u00edticos\"},\"url\":\"https:\\\/\\\/lospoliticosveracruz.com\\\/?author=2\"}]}<\/script>\n<!-- \/ Yoast SEO plugin. -->","yoast_head_json":{"title":"CUANDO LA SUMISI\u00d3N Y LA LAMBISCONER\u00cdA SE JUNTAN - Los pol\u00edticos Veracruz","robots":{"index":"index","follow":"follow","max-snippet":"max-snippet:-1","max-image-preview":"max-image-preview:large","max-video-preview":"max-video-preview:-1"},"canonical":"https:\/\/lospoliticosveracruz.com\/?p=148067","og_locale":"es_ES","og_type":"article","og_title":"CUANDO LA SUMISI\u00d3N Y LA LAMBISCONER\u00cdA SE JUNTAN - Los pol\u00edticos Veracruz","og_description":"Bernardo Guti\u00e9rrez Parra Desde el Caf\u00e9Mal, muy mal la debe estar pasando la doctora Claudia Sheinbaum al afirmar que ella y nadie m\u00e1s, fue la que nombr\u00f3 a Hugo L\u00f3pez-Gatell como representante de nuestro pa\u00eds en la Organizaci\u00f3n Mundial de la Salud (OMS). \u201cEs de a de veras, s\u00ed se va. Yo lo propuse y [&hellip;]","og_url":"https:\/\/lospoliticosveracruz.com\/?p=148067","og_site_name":"Los pol\u00edticos Veracruz","article_publisher":"https:\/\/www.facebook.com\/people\/Notimemes-de-los-Polticos\/61565672886568\/","article_published_time":"2025-07-01T04:45:29+00:00","article_modified_time":"2025-07-01T04:49:44+00:00","og_image":[{"width":1250,"height":667,"url":"https:\/\/lospoliticosveracruz.com\/wp-content\/uploads\/2025\/04\/Bernardo-Gutierrez-Parra.jpg","type":"image\/jpeg"}],"author":"Lo viste en Los Pol\u00edticos","twitter_card":"summary_large_image","twitter_creator":"@LosPoliticosVer","twitter_site":"@LosPoliticosVer","twitter_misc":{"Escrito por":"Lo viste en Los Pol\u00edticos","Tiempo de lectura":"5 minutos"},"schema":{"@context":"https:\/\/schema.org","@graph":[{"@type":"Article","@id":"https:\/\/lospoliticosveracruz.com\/?p=148067#article","isPartOf":{"@id":"https:\/\/lospoliticosveracruz.com\/?p=148067"},"author":{"name":"Lo viste en Los Pol\u00edticos","@id":"https:\/\/lospoliticosveracruz.com\/#\/schema\/person\/b8702bb0e538456e6efd07080bf2a4a2"},"headline":"CUANDO LA SUMISI\u00d3N Y LA LAMBISCONER\u00cdA SE JUNTAN","datePublished":"2025-07-01T04:45:29+00:00","dateModified":"2025-07-01T04:49:44+00:00","mainEntityOfPage":{"@id":"https:\/\/lospoliticosveracruz.com\/?p=148067"},"wordCount":989,"publisher":{"@id":"https:\/\/lospoliticosveracruz.com\/#organization"},"image":{"@id":"https:\/\/lospoliticosveracruz.com\/?p=148067#primaryimage"},"thumbnailUrl":"https:\/\/lospoliticosveracruz.com\/wp-content\/uploads\/2025\/04\/Bernardo-Gutierrez-Parra.jpg","keywords":["Andr\u00e9s Manuel L\u00f3pez Obrador","Claudia Sheinbaum","Hugo L\u00f3pez Gatell","Morena"],"articleSection":["De Opini\u00f3n"],"inLanguage":"es"},{"@type":"WebPage","@id":"https:\/\/lospoliticosveracruz.com\/?p=148067","url":"https:\/\/lospoliticosveracruz.com\/?p=148067","name":"CUANDO LA SUMISI\u00d3N Y LA LAMBISCONER\u00cdA SE JUNTAN - Los pol\u00edticos Veracruz","isPartOf":{"@id":"https:\/\/lospoliticosveracruz.com\/#website"},"primaryImageOfPage":{"@id":"https:\/\/lospoliticosveracruz.com\/?p=148067#primaryimage"},"image":{"@id":"https:\/\/lospoliticosveracruz.com\/?p=148067#primaryimage"},"thumbnailUrl":"https:\/\/lospoliticosveracruz.com\/wp-content\/uploads\/2025\/04\/Bernardo-Gutierrez-Parra.jpg","datePublished":"2025-07-01T04:45:29+00:00","dateModified":"2025-07-01T04:49:44+00:00","breadcrumb":{"@id":"https:\/\/lospoliticosveracruz.com\/?p=148067#breadcrumb"},"inLanguage":"es","potentialAction":[{"@type":"ReadAction","target":["https:\/\/lospoliticosveracruz.com\/?p=148067"]}]},{"@type":"ImageObject","inLanguage":"es","@id":"https:\/\/lospoliticosveracruz.com\/?p=148067#primaryimage","url":"https:\/\/lospoliticosveracruz.com\/wp-content\/uploads\/2025\/04\/Bernardo-Gutierrez-Parra.jpg","contentUrl":"https:\/\/lospoliticosveracruz.com\/wp-content\/uploads\/2025\/04\/Bernardo-Gutierrez-Parra.jpg","width":1250,"height":667},{"@type":"BreadcrumbList","@id":"https:\/\/lospoliticosveracruz.com\/?p=148067#breadcrumb","itemListElement":[{"@type":"ListItem","position":1,"name":"Portada","item":"https:\/\/lospoliticosveracruz.com\/"},{"@type":"ListItem","position":2,"name":"CUANDO LA SUMISI\u00d3N Y LA LAMBISCONER\u00cdA SE JUNTAN"}]},{"@type":"WebSite","@id":"https:\/\/lospoliticosveracruz.com\/#website","url":"https:\/\/lospoliticosveracruz.com\/","name":"Los pol\u00edticos Veracruz","description":"","publisher":{"@id":"https:\/\/lospoliticosveracruz.com\/#organization"},"potentialAction":[{"@type":"SearchAction","target":{"@type":"EntryPoint","urlTemplate":"https:\/\/lospoliticosveracruz.com\/?s={search_term_string}"},"query-input":{"@type":"PropertyValueSpecification","valueRequired":true,"valueName":"search_term_string"}}],"inLanguage":"es"},{"@type":"Organization","@id":"https:\/\/lospoliticosveracruz.com\/#organization","name":"Los pol\u00edticos Veracruz","url":"https:\/\/lospoliticosveracruz.com\/","logo":{"@type":"ImageObject","inLanguage":"es","@id":"https:\/\/lospoliticosveracruz.com\/#\/schema\/logo\/image\/","url":"https:\/\/lospoliticosveracruz.com\/wp-content\/uploads\/2025\/12\/Logo-Nuevo-LOS-POLITICOS-1.jpg","contentUrl":"https:\/\/lospoliticosveracruz.com\/wp-content\/uploads\/2025\/12\/Logo-Nuevo-LOS-POLITICOS-1.jpg","width":260,"height":70,"caption":"Los pol\u00edticos Veracruz"},"image":{"@id":"https:\/\/lospoliticosveracruz.com\/#\/schema\/logo\/image\/"},"sameAs":["https:\/\/www.facebook.com\/people\/Notimemes-de-los-Polticos\/61565672886568\/","https:\/\/x.com\/LosPoliticosVer"]},{"@type":"Person","@id":"https:\/\/lospoliticosveracruz.com\/#\/schema\/person\/b8702bb0e538456e6efd07080bf2a4a2","name":"Lo viste en Los Pol\u00edticos","image":{"@type":"ImageObject","inLanguage":"es","@id":"https:\/\/secure.gravatar.com\/avatar\/3a8de04a2656d44082be478bd6c086daa447c4651605818287b9532d3d0bd435?s=96&d=mm&r=g","url":"https:\/\/secure.gravatar.com\/avatar\/3a8de04a2656d44082be478bd6c086daa447c4651605818287b9532d3d0bd435?s=96&d=mm&r=g","contentUrl":"https:\/\/secure.gravatar.com\/avatar\/3a8de04a2656d44082be478bd6c086daa447c4651605818287b9532d3d0bd435?s=96&d=mm&r=g","caption":"Lo viste en Los Pol\u00edticos"},"url":"https:\/\/lospoliticosveracruz.com\/?author=2"}]}},"_links":{"self":[{"href":"https:\/\/lospoliticosveracruz.com\/index.php?rest_route=\/wp\/v2\/posts\/148067","targetHints":{"allow":["GET"]}}],"collection":[{"href":"https:\/\/lospoliticosveracruz.com\/index.php?rest_route=\/wp\/v2\/posts"}],"about":[{"href":"https:\/\/lospoliticosveracruz.com\/index.php?rest_route=\/wp\/v2\/types\/post"}],"author":[{"embeddable":true,"href":"https:\/\/lospoliticosveracruz.com\/index.php?rest_route=\/wp\/v2\/users\/2"}],"replies":[{"embeddable":true,"href":"https:\/\/lospoliticosveracruz.com\/index.php?rest_route=%2Fwp%2Fv2%2Fcomments&post=148067"}],"version-history":[{"count":2,"href":"https:\/\/lospoliticosveracruz.com\/index.php?rest_route=\/wp\/v2\/posts\/148067\/revisions"}],"predecessor-version":[{"id":148069,"href":"https:\/\/lospoliticosveracruz.com\/index.php?rest_route=\/wp\/v2\/posts\/148067\/revisions\/148069"}],"wp:featuredmedia":[{"embeddable":true,"href":"https:\/\/lospoliticosveracruz.com\/index.php?rest_route=\/wp\/v2\/media\/141479"}],"wp:attachment":[{"href":"https:\/\/lospoliticosveracruz.com\/index.php?rest_route=%2Fwp%2Fv2%2Fmedia&parent=148067"}],"wp:term":[{"taxonomy":"category","embeddable":true,"href":"https:\/\/lospoliticosveracruz.com\/index.php?rest_route=%2Fwp%2Fv2%2Fcategories&post=148067"},{"taxonomy":"post_tag","embeddable":true,"href":"https:\/\/lospoliticosveracruz.com\/index.php?rest_route=%2Fwp%2Fv2%2Ftags&post=148067"}],"curies":[{"name":"wp","href":"https:\/\/api.w.org\/{rel}","templated":true}]}}