{"id":148073,"date":"2025-07-01T00:12:17","date_gmt":"2025-07-01T05:12:17","guid":{"rendered":"https:\/\/lospoliticosveracruz.com.mx\/?p=148073"},"modified":"2025-07-01T00:12:43","modified_gmt":"2025-07-01T05:12:43","slug":"david-jimenez-el-secretario-de-la-sev","status":"publish","type":"post","link":"https:\/\/lospoliticosveracruz.com\/?p=148073","title":{"rendered":"DAVID JIM\u00c9NEZ, \u00bfEL SECRETARIO DE LA SEV?"},"content":{"rendered":"\n\n\n<p><strong>Ricardo Chua<\/strong><\/p>\n\n\n\n<p><em>Sale y Vale<\/em><\/p>\n\n\n\n<p>Ayer en este espacio se public\u00f3 la historia narrada por \u00abGarganta Profunda\u00bb, sobre lo sucedido en la Secretar\u00eda de Educaci\u00f3n de Veracruz.. Donde el a\u00fan subsecretario, El\u00edas Calixto Armas, hab\u00eda \u00abmaniobrado\u00bb a espaldas de la gobernadora Roc\u00edo Nahle.. Para imponer, sin consultarla, al nuevo titular del Colegio de Bachilleres de Veracruz (COBAEV), al enterarse, la mandataria retir\u00f3 ese nombramiento, puso a otra persona de su confianza.. Quedando muy molesta con este funcionario porque seg\u00fan se pas\u00f3 de listo.. Horas despu\u00e9s de lo publicado en la columna.. Roc\u00edo Nahle tom\u00f3 la decisi\u00f3n de renunciar a Calixto Armas.. Le dijo BYE..<\/p>\n\n\n\n<p>Obvio fue que despu\u00e9s de hacerse p\u00fablica la dimisi\u00f3n de Calixto.. Varios personajes llamaron por tel\u00e9fono.. Se\u00f1alando que se le hab\u00eda puesto \u00abel clavo final\u00bb.. Lo que no sab\u00edan los que hablaron por tel\u00e9fono.. Era que Calixto Armas, ya ten\u00eda varias acciones que ten\u00edan molesta a la Se\u00f1ora de Palacio de Gobierno en Xalapa.. Quiz\u00e1s lo del COBAEV fue la \u00abgota que derram\u00f3 el vaso\u00bb, pero anteriormente a este ex subsecretario de la SEV, la gobernadora lo hab\u00eda acusado de haber colocado a un director en unos de los Tecnol\u00f3gicos del Estado, que presuntamente, era cercano a los senadores: Miguel \u00c1ngel Yunes M\u00e1rquez y Miguel \u00c1ngel Yunes Linares.. Y obvio, ella molesta, al enterarse, lo acus\u00f3 hasta de \u00abtraici\u00f3n\u00bb..<\/p>\n\n\n\n<p>Pero Calixto Armas, que es un personaje inteligente, consigui\u00f3 ver a la gobernadora y le se\u00f1al\u00f3 que nombramiento de ese director del Tecnol\u00f3gico, lo realiz\u00f3 porque ella les orden\u00f3 ah\u00ed en la SEV, que esos cargos lo hicieran con ACUERDOS directos con los alcaldes de la zona.. De esa manera, tanto el Estado y municipio pudieran tener injerencia en el \u00e1rea educativa de los j\u00f3venes estudiantes de cada zona del Estado.. Y que la mayor\u00eda de los presidentes municipales hab\u00edan decidido por \u00e9l.. Por lo cual, no habr\u00eda objeci\u00f3n del gobierno del Estado.. Dado que Roc\u00edo Nahle as\u00ed les hab\u00eda instruido.. A pesar de esa explicaci\u00f3n, la gobernadora no qued\u00f3 contenta y ya lo tra\u00eda entre \u00abceja y ceja\u00bb..<\/p>\n\n\n\n<p>As\u00ed que despu\u00e9s del asunto del COBAEV y la controversia que se arm\u00f3.. Calixto baj\u00f3 el perfil y se qued\u00f3 en su oficina en la SEV.. Pero pareciera, como coment\u00f3 \u00abGarganta Profunda\u00bb que apenas pasara el tema de los lluvias y el Carnaval, el asunto se iba a retomar.. Y Nahle no esper\u00f3 que acabaran las fiestas de la carne en Veracruz puerto.. Y PUM tom\u00f3 la decisi\u00f3n de darlo de baja.. As\u00ed se quit\u00f3 ella una \u00abpiedra en el zapato\u00bb que ya la ven\u00eda molestando desde hace tiempo.. Pero tambi\u00e9n con esa acci\u00f3n, le quit\u00f3 a su amiga y confidente, la secretar\u00eda de Educaci\u00f3n, Claudia Tello, a su principal \u00abbrazo\u00bb ejecutor y operador en la dependencia estatal.. La dejan \u00abincompleta\u00bb desde Palacio de Gobierno..<\/p>\n\n\n\n<p>Por ello, es que la sorpresiva noticia de ayer por la tarde, de que en lugar de Calixto.. Llegaba como nuevo subsecretario de la SEV, David Jim\u00e9nez Rojas, ex comisionado Presidente del desaparecido Instituto Veracruzano de Acceso a la Informaci\u00f3n (IVAI) y operador pol\u00edtico personal de la gobernadora en la campa\u00f1a a la alcald\u00eda de Boca del R\u00edo, que por cierto perdi\u00f3.. Pues todo hace pensar que este personaje.. Llega a la Secretar\u00eda de Educaci\u00f3n para empezar a tomar en forma discreta, los \u00abhilos\u00bb de esta dependencia y tratar de resolver los problemas que tiene actualmente la SEV.. Para que en un tiempo muy lejano.. \u00c9l sea quien sustituya a Claudia Tello Espinoza como secretario.. AS\u00cd SIN \u00abFILTROS\u00bb..<\/p>\n\n\n\n<p>\u00abGarganta Profunda\u00bb hizo hincapi\u00e9 al se\u00f1alar: \u00abPor qu\u00e9 crees que a David lo mand\u00f3 ah\u00ed Roc\u00edo Nahle, no es para llevarle flores a Claudia (Tello), va a conocer todo lo referente al manejo de la SEV para que \u00e9l se quede en esa dependencia. Ya Nahle le quit\u00f3 a quien era su principal respaldo de Tello que era Calixto. Sin \u00e9l ya con ella, esto es cuesti\u00f3n de semanas si quieres verlo as\u00ed, para que se de un nuevo nombramiento en la SEV y ahora sea el del secretario, cargo que quedar\u00e1 en manos de Jim\u00e9nez Rojas. A la gobernadora la SEV le estaba dando muchos problemas y ten\u00eda que tomar una decisi\u00f3n sino su gobierno no iba a poder soportar\u00bb..<\/p>\n\n\n\n<p>De esa manera, el \u00abc\u00edrculo rojo\u00bb de la 4T en Veracruz.. Ya ve a David Jim\u00e9nez Rojas encumbrado en una de las 3 principales dependencias del gobierno estatal.. Con lo cual, se podr\u00eda convertir en uno de los principales asesores pol\u00edticos (aunque haya perdido Boca del R\u00edo) de la gobernadora Roc\u00edo Nahle y \u00abganarle el brinco\u00bb a Ricardo Ahued y al propio subsecretario de Gobierno, Jos\u00e9 Manuel Pozos Castro, del cual se dice aspiraba a quedarse en el cargo que ahora ostenta Claudia Tello.. Pero con este \u00abenroque\u00bb de Roc\u00edo Nahle esa idea queda completamente desechada.. Pero a lo mejor a Pozos le espera una sorpresa mejor y deja de ser el 3.. EL QUE ENTENDI\u00d3, LO ENTENDI\u00d3..<\/p>\n\n\n\n<p>LA FGE EN VERACRUZ, EN MANOS DE GERTZ O HARFUCH.. Luego de la asunci\u00f3n de David Jim\u00e9nez Rojas como subsecretario de la SEV en Veracruz.. Muchas especulaciones se vinieron ayer por la tarde en los c\u00edrculos pol\u00edticos del Estado.. Ya que ante los fuertes rumores de que hab\u00eda cambios en la Fiscal\u00eda General del Estado y que el Congreso del Estado s\u00f3lo espera el VISTO BUENO de Palacio de Gobierno.. Para nombrar a un nuevo fiscal estatal en lugar de Ver\u00f3nica Hern\u00e1ndez Giadans.. Muchos se andan preguntando qui\u00e9n podr\u00eda quedar como nuevo titular de la FGE porque se supon\u00eda que el \u00abbueno\u00bb era David Jim\u00e9nez.. Pero ahora ya no es as\u00ed porque est\u00e1 en Educaci\u00f3n..<\/p>\n\n\n\n<p>La versi\u00f3n m\u00e1s fuerte que corre en Palacio Nacional sobre el tema del Fiscal en Veracruz.. Es que se va a esperar un tiempo muy corto para tomar una decisi\u00f3n final.. Ya que por todos los temas que hay sobre el asunto de la procuraci\u00f3n de justicia y los temas \u00abcandentes\u00bb que se manejan en Veracruz.. Van a esperar que desde CDMX pongan a un titular de la FGE a modo.. As\u00ed el entendimiento ser\u00e1 directo con las fuerzas federales y con la Fiscal\u00eda General de la Rep\u00fablica (FGR) y con \u00abcopia\u00bb a Roc\u00edo Nahle.. La duda es qui\u00e9n tomar\u00eda esta decisi\u00f3n.. Si Palacio Nacional v\u00eda Omar Garc\u00eda Harfuch o la FGR de Alejandro Gertz Manero.. La moneda est\u00e1 en el aire\u2026 NO VA UNO LOCAL.. CONSUMATUM EST..<\/p>\n","protected":false},"excerpt":{"rendered":"<p>Ricardo Chua Sale y Vale Ayer en este espacio se public\u00f3 la historia narrada por \u00abGarganta Profunda\u00bb, sobre lo sucedido en la Secretar\u00eda de Educaci\u00f3n de Veracruz.. Donde el a\u00fan subsecretario, El\u00edas Calixto Armas, hab\u00eda \u00abmaniobrado\u00bb a espaldas de la gobernadora Roc\u00edo Nahle.. Para imponer, sin consultarla, al nuevo titular del Colegio de Bachilleres de [&hellip;]<\/p>\n","protected":false},"author":2,"featured_media":141434,"comment_status":"closed","ping_status":"closed","sticky":false,"template":"","format":"standard","meta":{"tdm_status":"","tdm_grid_status":"","footnotes":""},"categories":[70],"tags":[19961,16170,44088,1026,3578,195],"class_list":{"0":"post-148073","1":"post","2":"type-post","3":"status-publish","4":"format-standard","5":"has-post-thumbnail","7":"category-de-opinion","8":"tag-claudia-tello","9":"tag-david-agustin-jimenez-rojas","10":"tag-elias-calixto-armas","11":"tag-morena","12":"tag-rocio-nahle","13":"tag-veracruz"},"yoast_head":"<!-- This site is optimized with the Yoast SEO plugin v27.4 - https:\/\/yoast.com\/product\/yoast-seo-wordpress\/ -->\n<title>DAVID JIM\u00c9NEZ, \u00bfEL SECRETARIO DE LA SEV? - Los pol\u00edticos Veracruz<\/title>\n<meta name=\"robots\" content=\"index, follow, max-snippet:-1, max-image-preview:large, max-video-preview:-1\" \/>\n<link rel=\"canonical\" href=\"https:\/\/lospoliticosveracruz.com\/?p=148073\" \/>\n<meta property=\"og:locale\" content=\"es_ES\" \/>\n<meta property=\"og:type\" content=\"article\" \/>\n<meta property=\"og:title\" content=\"DAVID JIM\u00c9NEZ, \u00bfEL SECRETARIO DE LA SEV? - Los pol\u00edticos Veracruz\" \/>\n<meta property=\"og:description\" content=\"Ricardo Chua Sale y Vale Ayer en este espacio se public\u00f3 la historia narrada por \u00abGarganta Profunda\u00bb, sobre lo sucedido en la Secretar\u00eda de Educaci\u00f3n de Veracruz.. Donde el a\u00fan subsecretario, El\u00edas Calixto Armas, hab\u00eda \u00abmaniobrado\u00bb a espaldas de la gobernadora Roc\u00edo Nahle.. Para imponer, sin consultarla, al nuevo titular del Colegio de Bachilleres de [&hellip;]\" \/>\n<meta property=\"og:url\" content=\"https:\/\/lospoliticosveracruz.com\/?p=148073\" \/>\n<meta property=\"og:site_name\" content=\"Los pol\u00edticos Veracruz\" \/>\n<meta property=\"article:publisher\" content=\"https:\/\/www.facebook.com\/people\/Notimemes-de-los-Polticos\/61565672886568\/\" \/>\n<meta property=\"article:published_time\" content=\"2025-07-01T05:12:17+00:00\" \/>\n<meta property=\"article:modified_time\" content=\"2025-07-01T05:12:43+00:00\" \/>\n<meta property=\"og:image\" content=\"https:\/\/lospoliticosveracruz.com\/wp-content\/uploads\/2025\/04\/Chua-e1761364658706.jpg\" \/>\n\t<meta property=\"og:image:width\" content=\"600\" \/>\n\t<meta property=\"og:image:height\" content=\"320\" \/>\n\t<meta property=\"og:image:type\" content=\"image\/jpeg\" \/>\n<meta name=\"author\" content=\"Lo viste en Los Pol\u00edticos\" \/>\n<meta name=\"twitter:card\" content=\"summary_large_image\" \/>\n<meta name=\"twitter:creator\" content=\"@LosPoliticosVer\" \/>\n<meta name=\"twitter:site\" content=\"@LosPoliticosVer\" \/>\n<meta name=\"twitter:label1\" content=\"Escrito por\" \/>\n\t<meta name=\"twitter:data1\" content=\"Lo viste en Los Pol\u00edticos\" \/>\n\t<meta name=\"twitter:label2\" content=\"Tiempo de lectura\" \/>\n\t<meta name=\"twitter:data2\" content=\"6 minutos\" \/>\n<script type=\"application\/ld+json\" class=\"yoast-schema-graph\">{\"@context\":\"https:\\\/\\\/schema.org\",\"@graph\":[{\"@type\":\"Article\",\"@id\":\"https:\\\/\\\/lospoliticosveracruz.com\\\/?p=148073#article\",\"isPartOf\":{\"@id\":\"https:\\\/\\\/lospoliticosveracruz.com\\\/?p=148073\"},\"author\":{\"name\":\"Lo viste en Los Pol\u00edticos\",\"@id\":\"https:\\\/\\\/lospoliticosveracruz.com\\\/#\\\/schema\\\/person\\\/b8702bb0e538456e6efd07080bf2a4a2\"},\"headline\":\"DAVID JIM\u00c9NEZ, \u00bfEL SECRETARIO DE LA SEV?\",\"datePublished\":\"2025-07-01T05:12:17+00:00\",\"dateModified\":\"2025-07-01T05:12:43+00:00\",\"mainEntityOfPage\":{\"@id\":\"https:\\\/\\\/lospoliticosveracruz.com\\\/?p=148073\"},\"wordCount\":1164,\"publisher\":{\"@id\":\"https:\\\/\\\/lospoliticosveracruz.com\\\/#organization\"},\"image\":{\"@id\":\"https:\\\/\\\/lospoliticosveracruz.com\\\/?p=148073#primaryimage\"},\"thumbnailUrl\":\"https:\\\/\\\/lospoliticosveracruz.com\\\/wp-content\\\/uploads\\\/2025\\\/04\\\/Chua-e1761364658706.jpg\",\"keywords\":[\"Claudia Tello\",\"David Agust\u00edn Jim\u00e9nez Rojas\",\"El\u00edas Calixto Armas\",\"Morena\",\"Roc\u00edo Nahle\",\"Veracruz\"],\"articleSection\":[\"De Opini\u00f3n\"],\"inLanguage\":\"es\"},{\"@type\":\"WebPage\",\"@id\":\"https:\\\/\\\/lospoliticosveracruz.com\\\/?p=148073\",\"url\":\"https:\\\/\\\/lospoliticosveracruz.com\\\/?p=148073\",\"name\":\"DAVID JIM\u00c9NEZ, \u00bfEL SECRETARIO DE LA SEV? - Los pol\u00edticos Veracruz\",\"isPartOf\":{\"@id\":\"https:\\\/\\\/lospoliticosveracruz.com\\\/#website\"},\"primaryImageOfPage\":{\"@id\":\"https:\\\/\\\/lospoliticosveracruz.com\\\/?p=148073#primaryimage\"},\"image\":{\"@id\":\"https:\\\/\\\/lospoliticosveracruz.com\\\/?p=148073#primaryimage\"},\"thumbnailUrl\":\"https:\\\/\\\/lospoliticosveracruz.com\\\/wp-content\\\/uploads\\\/2025\\\/04\\\/Chua-e1761364658706.jpg\",\"datePublished\":\"2025-07-01T05:12:17+00:00\",\"dateModified\":\"2025-07-01T05:12:43+00:00\",\"breadcrumb\":{\"@id\":\"https:\\\/\\\/lospoliticosveracruz.com\\\/?p=148073#breadcrumb\"},\"inLanguage\":\"es\",\"potentialAction\":[{\"@type\":\"ReadAction\",\"target\":[\"https:\\\/\\\/lospoliticosveracruz.com\\\/?p=148073\"]}]},{\"@type\":\"ImageObject\",\"inLanguage\":\"es\",\"@id\":\"https:\\\/\\\/lospoliticosveracruz.com\\\/?p=148073#primaryimage\",\"url\":\"https:\\\/\\\/lospoliticosveracruz.com\\\/wp-content\\\/uploads\\\/2025\\\/04\\\/Chua-e1761364658706.jpg\",\"contentUrl\":\"https:\\\/\\\/lospoliticosveracruz.com\\\/wp-content\\\/uploads\\\/2025\\\/04\\\/Chua-e1761364658706.jpg\",\"width\":600,\"height\":320},{\"@type\":\"BreadcrumbList\",\"@id\":\"https:\\\/\\\/lospoliticosveracruz.com\\\/?p=148073#breadcrumb\",\"itemListElement\":[{\"@type\":\"ListItem\",\"position\":1,\"name\":\"Portada\",\"item\":\"https:\\\/\\\/lospoliticosveracruz.com\\\/\"},{\"@type\":\"ListItem\",\"position\":2,\"name\":\"DAVID JIM\u00c9NEZ, \u00bfEL SECRETARIO DE LA SEV?\"}]},{\"@type\":\"WebSite\",\"@id\":\"https:\\\/\\\/lospoliticosveracruz.com\\\/#website\",\"url\":\"https:\\\/\\\/lospoliticosveracruz.com\\\/\",\"name\":\"Los pol\u00edticos Veracruz\",\"description\":\"\",\"publisher\":{\"@id\":\"https:\\\/\\\/lospoliticosveracruz.com\\\/#organization\"},\"potentialAction\":[{\"@type\":\"SearchAction\",\"target\":{\"@type\":\"EntryPoint\",\"urlTemplate\":\"https:\\\/\\\/lospoliticosveracruz.com\\\/?s={search_term_string}\"},\"query-input\":{\"@type\":\"PropertyValueSpecification\",\"valueRequired\":true,\"valueName\":\"search_term_string\"}}],\"inLanguage\":\"es\"},{\"@type\":\"Organization\",\"@id\":\"https:\\\/\\\/lospoliticosveracruz.com\\\/#organization\",\"name\":\"Los pol\u00edticos Veracruz\",\"url\":\"https:\\\/\\\/lospoliticosveracruz.com\\\/\",\"logo\":{\"@type\":\"ImageObject\",\"inLanguage\":\"es\",\"@id\":\"https:\\\/\\\/lospoliticosveracruz.com\\\/#\\\/schema\\\/logo\\\/image\\\/\",\"url\":\"https:\\\/\\\/lospoliticosveracruz.com\\\/wp-content\\\/uploads\\\/2025\\\/12\\\/Logo-Nuevo-LOS-POLITICOS-1.jpg\",\"contentUrl\":\"https:\\\/\\\/lospoliticosveracruz.com\\\/wp-content\\\/uploads\\\/2025\\\/12\\\/Logo-Nuevo-LOS-POLITICOS-1.jpg\",\"width\":260,\"height\":70,\"caption\":\"Los pol\u00edticos Veracruz\"},\"image\":{\"@id\":\"https:\\\/\\\/lospoliticosveracruz.com\\\/#\\\/schema\\\/logo\\\/image\\\/\"},\"sameAs\":[\"https:\\\/\\\/www.facebook.com\\\/people\\\/Notimemes-de-los-Polticos\\\/61565672886568\\\/\",\"https:\\\/\\\/x.com\\\/LosPoliticosVer\"]},{\"@type\":\"Person\",\"@id\":\"https:\\\/\\\/lospoliticosveracruz.com\\\/#\\\/schema\\\/person\\\/b8702bb0e538456e6efd07080bf2a4a2\",\"name\":\"Lo viste en Los Pol\u00edticos\",\"image\":{\"@type\":\"ImageObject\",\"inLanguage\":\"es\",\"@id\":\"https:\\\/\\\/secure.gravatar.com\\\/avatar\\\/3a8de04a2656d44082be478bd6c086daa447c4651605818287b9532d3d0bd435?s=96&d=mm&r=g\",\"url\":\"https:\\\/\\\/secure.gravatar.com\\\/avatar\\\/3a8de04a2656d44082be478bd6c086daa447c4651605818287b9532d3d0bd435?s=96&d=mm&r=g\",\"contentUrl\":\"https:\\\/\\\/secure.gravatar.com\\\/avatar\\\/3a8de04a2656d44082be478bd6c086daa447c4651605818287b9532d3d0bd435?s=96&d=mm&r=g\",\"caption\":\"Lo viste en Los Pol\u00edticos\"},\"url\":\"https:\\\/\\\/lospoliticosveracruz.com\\\/?author=2\"}]}<\/script>\n<!-- \/ Yoast SEO plugin. -->","yoast_head_json":{"title":"DAVID JIM\u00c9NEZ, \u00bfEL SECRETARIO DE LA SEV? - Los pol\u00edticos Veracruz","robots":{"index":"index","follow":"follow","max-snippet":"max-snippet:-1","max-image-preview":"max-image-preview:large","max-video-preview":"max-video-preview:-1"},"canonical":"https:\/\/lospoliticosveracruz.com\/?p=148073","og_locale":"es_ES","og_type":"article","og_title":"DAVID JIM\u00c9NEZ, \u00bfEL SECRETARIO DE LA SEV? - Los pol\u00edticos Veracruz","og_description":"Ricardo Chua Sale y Vale Ayer en este espacio se public\u00f3 la historia narrada por \u00abGarganta Profunda\u00bb, sobre lo sucedido en la Secretar\u00eda de Educaci\u00f3n de Veracruz.. Donde el a\u00fan subsecretario, El\u00edas Calixto Armas, hab\u00eda \u00abmaniobrado\u00bb a espaldas de la gobernadora Roc\u00edo Nahle.. Para imponer, sin consultarla, al nuevo titular del Colegio de Bachilleres de [&hellip;]","og_url":"https:\/\/lospoliticosveracruz.com\/?p=148073","og_site_name":"Los pol\u00edticos Veracruz","article_publisher":"https:\/\/www.facebook.com\/people\/Notimemes-de-los-Polticos\/61565672886568\/","article_published_time":"2025-07-01T05:12:17+00:00","article_modified_time":"2025-07-01T05:12:43+00:00","og_image":[{"width":600,"height":320,"url":"https:\/\/lospoliticosveracruz.com\/wp-content\/uploads\/2025\/04\/Chua-e1761364658706.jpg","type":"image\/jpeg"}],"author":"Lo viste en Los Pol\u00edticos","twitter_card":"summary_large_image","twitter_creator":"@LosPoliticosVer","twitter_site":"@LosPoliticosVer","twitter_misc":{"Escrito por":"Lo viste en Los Pol\u00edticos","Tiempo de lectura":"6 minutos"},"schema":{"@context":"https:\/\/schema.org","@graph":[{"@type":"Article","@id":"https:\/\/lospoliticosveracruz.com\/?p=148073#article","isPartOf":{"@id":"https:\/\/lospoliticosveracruz.com\/?p=148073"},"author":{"name":"Lo viste en Los Pol\u00edticos","@id":"https:\/\/lospoliticosveracruz.com\/#\/schema\/person\/b8702bb0e538456e6efd07080bf2a4a2"},"headline":"DAVID JIM\u00c9NEZ, \u00bfEL SECRETARIO DE LA SEV?","datePublished":"2025-07-01T05:12:17+00:00","dateModified":"2025-07-01T05:12:43+00:00","mainEntityOfPage":{"@id":"https:\/\/lospoliticosveracruz.com\/?p=148073"},"wordCount":1164,"publisher":{"@id":"https:\/\/lospoliticosveracruz.com\/#organization"},"image":{"@id":"https:\/\/lospoliticosveracruz.com\/?p=148073#primaryimage"},"thumbnailUrl":"https:\/\/lospoliticosveracruz.com\/wp-content\/uploads\/2025\/04\/Chua-e1761364658706.jpg","keywords":["Claudia Tello","David Agust\u00edn Jim\u00e9nez Rojas","El\u00edas Calixto Armas","Morena","Roc\u00edo Nahle","Veracruz"],"articleSection":["De Opini\u00f3n"],"inLanguage":"es"},{"@type":"WebPage","@id":"https:\/\/lospoliticosveracruz.com\/?p=148073","url":"https:\/\/lospoliticosveracruz.com\/?p=148073","name":"DAVID JIM\u00c9NEZ, \u00bfEL SECRETARIO DE LA SEV? - Los pol\u00edticos Veracruz","isPartOf":{"@id":"https:\/\/lospoliticosveracruz.com\/#website"},"primaryImageOfPage":{"@id":"https:\/\/lospoliticosveracruz.com\/?p=148073#primaryimage"},"image":{"@id":"https:\/\/lospoliticosveracruz.com\/?p=148073#primaryimage"},"thumbnailUrl":"https:\/\/lospoliticosveracruz.com\/wp-content\/uploads\/2025\/04\/Chua-e1761364658706.jpg","datePublished":"2025-07-01T05:12:17+00:00","dateModified":"2025-07-01T05:12:43+00:00","breadcrumb":{"@id":"https:\/\/lospoliticosveracruz.com\/?p=148073#breadcrumb"},"inLanguage":"es","potentialAction":[{"@type":"ReadAction","target":["https:\/\/lospoliticosveracruz.com\/?p=148073"]}]},{"@type":"ImageObject","inLanguage":"es","@id":"https:\/\/lospoliticosveracruz.com\/?p=148073#primaryimage","url":"https:\/\/lospoliticosveracruz.com\/wp-content\/uploads\/2025\/04\/Chua-e1761364658706.jpg","contentUrl":"https:\/\/lospoliticosveracruz.com\/wp-content\/uploads\/2025\/04\/Chua-e1761364658706.jpg","width":600,"height":320},{"@type":"BreadcrumbList","@id":"https:\/\/lospoliticosveracruz.com\/?p=148073#breadcrumb","itemListElement":[{"@type":"ListItem","position":1,"name":"Portada","item":"https:\/\/lospoliticosveracruz.com\/"},{"@type":"ListItem","position":2,"name":"DAVID JIM\u00c9NEZ, \u00bfEL SECRETARIO DE LA SEV?"}]},{"@type":"WebSite","@id":"https:\/\/lospoliticosveracruz.com\/#website","url":"https:\/\/lospoliticosveracruz.com\/","name":"Los pol\u00edticos Veracruz","description":"","publisher":{"@id":"https:\/\/lospoliticosveracruz.com\/#organization"},"potentialAction":[{"@type":"SearchAction","target":{"@type":"EntryPoint","urlTemplate":"https:\/\/lospoliticosveracruz.com\/?s={search_term_string}"},"query-input":{"@type":"PropertyValueSpecification","valueRequired":true,"valueName":"search_term_string"}}],"inLanguage":"es"},{"@type":"Organization","@id":"https:\/\/lospoliticosveracruz.com\/#organization","name":"Los pol\u00edticos Veracruz","url":"https:\/\/lospoliticosveracruz.com\/","logo":{"@type":"ImageObject","inLanguage":"es","@id":"https:\/\/lospoliticosveracruz.com\/#\/schema\/logo\/image\/","url":"https:\/\/lospoliticosveracruz.com\/wp-content\/uploads\/2025\/12\/Logo-Nuevo-LOS-POLITICOS-1.jpg","contentUrl":"https:\/\/lospoliticosveracruz.com\/wp-content\/uploads\/2025\/12\/Logo-Nuevo-LOS-POLITICOS-1.jpg","width":260,"height":70,"caption":"Los pol\u00edticos Veracruz"},"image":{"@id":"https:\/\/lospoliticosveracruz.com\/#\/schema\/logo\/image\/"},"sameAs":["https:\/\/www.facebook.com\/people\/Notimemes-de-los-Polticos\/61565672886568\/","https:\/\/x.com\/LosPoliticosVer"]},{"@type":"Person","@id":"https:\/\/lospoliticosveracruz.com\/#\/schema\/person\/b8702bb0e538456e6efd07080bf2a4a2","name":"Lo viste en Los Pol\u00edticos","image":{"@type":"ImageObject","inLanguage":"es","@id":"https:\/\/secure.gravatar.com\/avatar\/3a8de04a2656d44082be478bd6c086daa447c4651605818287b9532d3d0bd435?s=96&d=mm&r=g","url":"https:\/\/secure.gravatar.com\/avatar\/3a8de04a2656d44082be478bd6c086daa447c4651605818287b9532d3d0bd435?s=96&d=mm&r=g","contentUrl":"https:\/\/secure.gravatar.com\/avatar\/3a8de04a2656d44082be478bd6c086daa447c4651605818287b9532d3d0bd435?s=96&d=mm&r=g","caption":"Lo viste en Los Pol\u00edticos"},"url":"https:\/\/lospoliticosveracruz.com\/?author=2"}]}},"_links":{"self":[{"href":"https:\/\/lospoliticosveracruz.com\/index.php?rest_route=\/wp\/v2\/posts\/148073","targetHints":{"allow":["GET"]}}],"collection":[{"href":"https:\/\/lospoliticosveracruz.com\/index.php?rest_route=\/wp\/v2\/posts"}],"about":[{"href":"https:\/\/lospoliticosveracruz.com\/index.php?rest_route=\/wp\/v2\/types\/post"}],"author":[{"embeddable":true,"href":"https:\/\/lospoliticosveracruz.com\/index.php?rest_route=\/wp\/v2\/users\/2"}],"replies":[{"embeddable":true,"href":"https:\/\/lospoliticosveracruz.com\/index.php?rest_route=%2Fwp%2Fv2%2Fcomments&post=148073"}],"version-history":[{"count":1,"href":"https:\/\/lospoliticosveracruz.com\/index.php?rest_route=\/wp\/v2\/posts\/148073\/revisions"}],"predecessor-version":[{"id":148074,"href":"https:\/\/lospoliticosveracruz.com\/index.php?rest_route=\/wp\/v2\/posts\/148073\/revisions\/148074"}],"wp:featuredmedia":[{"embeddable":true,"href":"https:\/\/lospoliticosveracruz.com\/index.php?rest_route=\/wp\/v2\/media\/141434"}],"wp:attachment":[{"href":"https:\/\/lospoliticosveracruz.com\/index.php?rest_route=%2Fwp%2Fv2%2Fmedia&parent=148073"}],"wp:term":[{"taxonomy":"category","embeddable":true,"href":"https:\/\/lospoliticosveracruz.com\/index.php?rest_route=%2Fwp%2Fv2%2Fcategories&post=148073"},{"taxonomy":"post_tag","embeddable":true,"href":"https:\/\/lospoliticosveracruz.com\/index.php?rest_route=%2Fwp%2Fv2%2Ftags&post=148073"}],"curies":[{"name":"wp","href":"https:\/\/api.w.org\/{rel}","templated":true}]}}