{"id":148084,"date":"2025-07-01T08:44:15","date_gmt":"2025-07-01T13:44:15","guid":{"rendered":"https:\/\/lospoliticosveracruz.com.mx\/?p=148084"},"modified":"2025-07-01T08:44:42","modified_gmt":"2025-07-01T13:44:42","slug":"co-madrazo-en-la-sev","status":"publish","type":"post","link":"https:\/\/lospoliticosveracruz.com\/?p=148084","title":{"rendered":"CO-MADRAZO EN LA SEV\u2026"},"content":{"rendered":"\n\n\n<p><strong>Oved Contreras<br><\/strong><em>Secas Mecas<\/em><\/p>\n\n\n\n<p>Le llueve sobre mojado a la comadrita Claudia Tello en la Secretar\u00eda de Educaci\u00f3n de Veracruz\u2026en seis meses ya le cambiaron tres veces al Oficial Mayor y tambi\u00e9n tres veces removieron al director de Cobaev\u2026el \u00faltimo apenas dur\u00f3 unas horas\u2026y ayer la t\u00eda Ch\u00edo peg\u00f3 otro manotazo para tumbar al subsecretario de Educaci\u00f3n Media y Superior, El\u00edas Calixto Armas, y en su lugar colocaron al ex IVAI, David Jim\u00e9nez Rojas, que as\u00ed se despide de sus sue\u00f1os guajiros de ser fiscal del estado.<\/p>\n\n\n\n<p>Y como dice la canci\u00f3n \u201cviejos rencores surgieron\u201d, los bi\u00f3grafos del r\u00e9gimen le atizaron bonito al Calixto, otrora poderoso subsecretario de la comadrita Tello, que los enterados ubicaban como el poder tras el trono en la SEV, y le endilgaron cualquier cantidad de virtudes al David Jim\u00e9nez, que donde lo ponga la t\u00eda Ch\u00edo como fiscal o subsecretario, donde sea hace maravillas, y que ese traer\u00e1 orden a la SEV\u2026al Calixto lo mandan a inflar burros por la corneta y lo ven sin futuro pol\u00edtico\u2026pero nos dice un enterado que no lo perdamos de vista, que ser\u00eda uno de los tiradores para dirigir Morena en lugar de \u201cLarra\u201d Zepeta. Dicen.<\/p>\n\n\n\n<p>Algunos chismosos le achacan a El\u00edas Calixto el descarriarte que la comadre trae en Cobaev, donde ya pasaron tres directores en menos de seis meses, y el \u00faltimo, Fidel Ronz\u00f3n, apenas dur\u00f3 unas horas en el cargo y ese mismo d\u00eda regresaron a la anterior directora\u2026que todo el relajo hart\u00f3 a la t\u00eda Ch\u00edo que orden\u00f3 el cese de Calixto.<\/p>\n\n\n\n<p>Pero fue raro leer el mensaje de Calixto en sus redes sociales, donde confirma su salida de la SEV y la llegada del David Jim\u00e9nez a quien le desea \u00e9xito con la encomienda, y de paso le agradece a la gobernadora Roc\u00edo Nahle que le haya dado la confianza para trabajar como subsecretario.<\/p>\n\n\n\n<p>Todav\u00eda la semana pasada, cuando present\u00f3 su renuncia como comisionado del IVAI, los escribientes del r\u00e9gimen \u201ccandidateaban\u201d a David Jim\u00e9nez para tomar un supuesto relevo en la Fiscal\u00eda General del Estado, en lugar de Ver\u00f3nica Hern\u00e1ndez Giad\u00e1ns\u2026ahora apenas se anunci\u00f3 su nombramiento, esos mismos amanuenses comenzaron a elogiar su \u201cexperiencia pol\u00edtica y administrativa\u201d y a se\u00f1alar que \u201clleva la instrucci\u00f3n de erradicar todos los vicios de Claudia Tello, y que en poco tiempo ser\u00e1 su relevo\u201d.<\/p>\n\n\n\n<p><strong>MENOS CARTAS PARA FISCAL\u2026<\/strong>con el nombramiento de David Jim\u00e9nez como subsecretario de Educaci\u00f3n Media y Superior, quedan menos cartas para sustituir a la fiscal Ver\u00f3nica Hern\u00e1ndez, y aunque entre los aspirantes todav\u00eda sigue el diputado Diego Casta\u00f1eda, al parecer llegar\u00eda la Magistrada Lizbeth Jim\u00e9nez, actual Presidenta del Tribunal.<\/p>\n\n\n\n<p>Al no alcanzar los votos para seguir en el Tribunal como Presidenta, donde Rosalba Hern\u00e1ndez result\u00f3 ganadora de la elecci\u00f3n judicial, la magistrada Lizbeth Aurelia Jim\u00e9nez se perfila para la fiscal\u00eda que, si no hay instrucci\u00f3n contraria, se retomar\u00eda el tema en el Congreso durante el mes de julio. La magistrada Ailett Garc\u00eda Cayetano, hermana de Dorheny Garc\u00eda, ni en sue\u00f1os llegar\u00eda\u2026su pasado cuitlahuista le cierra cualquier puerta para ser fiscal.<\/p>\n\n\n\n<p>Como se ha informado, en el Congreso Local hay dos iniciativas para acortar el per\u00edodo del titular de la Fiscal\u00eda. Sobre este tema, la gobernadora Nahle respondi\u00f3 que eso ser\u00e1 decisi\u00f3n de los diputados locales, de si aprueban o no esas propuestas de los legisladores. La t\u00eda Ch\u00edo consider\u00f3 que se tendr\u00e1 que esperar la aprobaci\u00f3n del Congreso de la reforma de ley que posibilitar\u00eda destituci\u00f3n de la fiscal Ver\u00f3nica Hern\u00e1ndez, o su ratificaci\u00f3n.<\/p>\n\n\n\n<p><strong>ENCABRONADOS POR SU AUSENCIA\u2026<\/strong>como no pudieron expulsarlo en el consejo estatal de Morena del pasado s\u00e1bado, Esteban \u201cLarra\u201d Zepeta y sus secuaces andan enojad\u00edsimos porque Manuel Huerta tampoco se dign\u00f3 a acudir al consejo, para que el morenismo al servicio de la gobernadora Roc\u00edo Nahle, le dijera sus cosas\u2026solo basta leer a dos que tres escribientes del r\u00e9gimen para confirmar que les enoj\u00f3 mucho la ausencia del senador.<\/p>\n\n\n\n<p>Pero que eso no lo salva de que \u201cLarra\u201d Zepeta y sus \u201cmiler\u00f3ticos\u201d lo llamen traidor por apoyar a Movimiento Ciudadano y al PT en las pasadas elecciones\u2026esos mismos escribientes dicen que ni falta hace que expulsen a Manuel Huerta, que el senador ya sabe que no tiene cabida en el movimiento alineado con la t\u00eda Ch\u00edo, que ac\u00e1 solo sus chicharrones truenan, y que los traidores como la leche, se cortan solos\u2026ah y que ya se vaya buscando acomodo con Sergio \u201cHulk\u201d Gil o con la gente del Partido del Trabajo porque en Morena no hay nada para el Manolete regordete.<\/p>\n\n\n\n<p>Morena es un partido tan o m\u00e1s vertical que el PRI. En Veracruz ha tenido dos dirigentes: Manuel Huerta, puesto por Andr\u00e9s Manuel L\u00f3pez Obrador, y Esteban Ram\u00edrez Zepeta, impuesto por Cuitl\u00e1huac Garc\u00eda y ahora sostenido por Roc\u00edo Nahle. \u00bfCu\u00e1ndo se ir\u00e1 Zepeta de la dirigencia?, pues cuando lo decida Nahle o cuando las circunstancias pol\u00edticas lo dicten, o sea, si la dirigencia nacional -Andr\u00e9s L\u00f3pez Beltr\u00e1n- le gana esa partida a la Gobernadora.<\/p>\n\n\n\n<p>\u00bfY expulsar\u00e1n de Morena al senador Manuel Huerta, el principal cr\u00edtico de Cuitl\u00e1huac, Zepeta y Nahle? Eso tampoco suceder\u00e1. La dirigencia estatal lo puede plantear -ahora de traidor no lo bajan- pero la decisi\u00f3n final est\u00e1 en los organismos del comit\u00e9 nacional de Morena y ah\u00ed no ven nada bien a Nahle.<\/p>\n\n\n\n<p><strong>SIGUEN LAS DENUNCIAS\u2026<\/strong>el \u00d3rgano Interno de Control (OIC) de la Secretar\u00eda de Salud promovi\u00f3 una denuncia formal por presuntas irregularidades detectadas en el ejercicio fiscal 2023, particularmente en el \u00e1rea de los Servicios de Salud de Veracruz (Sesver), as\u00ed que la ex titular de la dependencia, Guadalupe D\u00edaz, y el ex titular de la Unidad Administrativa, Jorge Eduardo Sisniega, deber\u00edan ocuparse en buscar un buen abogado.<\/p>\n\n\n\n<p>Durante su conferencia de prensa de este lunes, la gobernadora Roc\u00edo Nahle fue cuestionada sobre el amparo promovido por la extitular de la Secretar\u00eda de Salud estatal, Guadalupe D\u00edaz del Castillo Flores, quien solicit\u00f3 a un juez federal la protecci\u00f3n de la justicia para evitar cualquier orden de aprehensi\u00f3n, presentaci\u00f3n o intervenci\u00f3n en sus comunicaciones. En respuesta, Nahle Garc\u00eda aclar\u00f3 que hasta el momento no existen \u00f3rdenes de presentaci\u00f3n o captura en contra de exfuncionarios de la pasada administraci\u00f3n.<\/p>\n\n\n\n<p>Se\u00f1al\u00f3 que hay observaciones se\u00f1aladas por el \u00d3rgano Interno de Control y se present\u00f3 una denuncia, pero no se ha emitido ninguna orden judicial hasta ahora. El proceso sigue en la etapa administrativa y de revisi\u00f3n, y la t\u00eda Ch\u00edo descart\u00f3 que el tema de las presuntas irregularidades involucre, hasta el momento, a otras dependencias del gobierno estatal.<\/p>\n\n\n\n<p>La Cuenta P\u00fablica 2023 a\u00fan se encuentra bajo an\u00e1lisis por parte del \u00d3rgano de Fiscalizaci\u00f3n Superior (Orfis), en coordinaci\u00f3n con las instancias internas de control de las dependencias. El caso de Sesver ha llamado la atenci\u00f3n por el volumen de recursos que maneja y por los antecedentes de se\u00f1alamientos en a\u00f1os anteriores.<\/p>\n\n\n\n<p>&#8212;<\/p>\n\n\n\n<p>@ovedcontreras<\/p>\n","protected":false},"excerpt":{"rendered":"<p>Oved ContrerasSecas Mecas Le llueve sobre mojado a la comadrita Claudia Tello en la Secretar\u00eda de Educaci\u00f3n de Veracruz\u2026en seis meses ya le cambiaron tres veces al Oficial Mayor y tambi\u00e9n tres veces removieron al director de Cobaev\u2026el \u00faltimo apenas dur\u00f3 unas horas\u2026y ayer la t\u00eda Ch\u00edo peg\u00f3 otro manotazo para tumbar al subsecretario de [&hellip;]<\/p>\n","protected":false},"author":2,"featured_media":141426,"comment_status":"closed","ping_status":"closed","sticky":false,"template":"","format":"standard","meta":{"tdm_status":"","tdm_grid_status":"","footnotes":""},"categories":[70],"tags":[19961,39715],"class_list":{"0":"post-148084","1":"post","2":"type-post","3":"status-publish","4":"format-standard","5":"has-post-thumbnail","7":"category-de-opinion","8":"tag-claudia-tello","9":"tag-oved-contreras"},"yoast_head":"<!-- This site is optimized with the Yoast SEO plugin v27.4 - https:\/\/yoast.com\/product\/yoast-seo-wordpress\/ -->\n<title>CO-MADRAZO EN LA SEV\u2026 - Los pol\u00edticos Veracruz<\/title>\n<meta name=\"robots\" content=\"index, follow, max-snippet:-1, max-image-preview:large, max-video-preview:-1\" \/>\n<link rel=\"canonical\" href=\"https:\/\/lospoliticosveracruz.com\/?p=148084\" \/>\n<meta property=\"og:locale\" content=\"es_ES\" \/>\n<meta property=\"og:type\" content=\"article\" \/>\n<meta property=\"og:title\" content=\"CO-MADRAZO EN LA SEV\u2026 - Los pol\u00edticos Veracruz\" \/>\n<meta property=\"og:description\" content=\"Oved ContrerasSecas Mecas Le llueve sobre mojado a la comadrita Claudia Tello en la Secretar\u00eda de Educaci\u00f3n de Veracruz\u2026en seis meses ya le cambiaron tres veces al Oficial Mayor y tambi\u00e9n tres veces removieron al director de Cobaev\u2026el \u00faltimo apenas dur\u00f3 unas horas\u2026y ayer la t\u00eda Ch\u00edo peg\u00f3 otro manotazo para tumbar al subsecretario de [&hellip;]\" \/>\n<meta property=\"og:url\" content=\"https:\/\/lospoliticosveracruz.com\/?p=148084\" \/>\n<meta property=\"og:site_name\" content=\"Los pol\u00edticos Veracruz\" \/>\n<meta property=\"article:publisher\" content=\"https:\/\/www.facebook.com\/people\/Notimemes-de-los-Polticos\/61565672886568\/\" \/>\n<meta property=\"article:published_time\" content=\"2025-07-01T13:44:15+00:00\" \/>\n<meta property=\"article:modified_time\" content=\"2025-07-01T13:44:42+00:00\" \/>\n<meta property=\"og:image\" content=\"https:\/\/lospoliticosveracruz.com\/wp-content\/uploads\/2025\/04\/Oved-Contreras-e1768066319253.jpg\" \/>\n\t<meta property=\"og:image:width\" content=\"600\" \/>\n\t<meta property=\"og:image:height\" content=\"320\" \/>\n\t<meta property=\"og:image:type\" content=\"image\/jpeg\" \/>\n<meta name=\"author\" content=\"Lo viste en Los Pol\u00edticos\" \/>\n<meta name=\"twitter:card\" content=\"summary_large_image\" \/>\n<meta name=\"twitter:creator\" content=\"@LosPoliticosVer\" \/>\n<meta name=\"twitter:site\" content=\"@LosPoliticosVer\" \/>\n<meta name=\"twitter:label1\" content=\"Escrito por\" \/>\n\t<meta name=\"twitter:data1\" content=\"Lo viste en Los Pol\u00edticos\" \/>\n\t<meta name=\"twitter:label2\" content=\"Tiempo de lectura\" \/>\n\t<meta name=\"twitter:data2\" content=\"6 minutos\" \/>\n<script type=\"application\/ld+json\" class=\"yoast-schema-graph\">{\"@context\":\"https:\\\/\\\/schema.org\",\"@graph\":[{\"@type\":\"Article\",\"@id\":\"https:\\\/\\\/lospoliticosveracruz.com\\\/?p=148084#article\",\"isPartOf\":{\"@id\":\"https:\\\/\\\/lospoliticosveracruz.com\\\/?p=148084\"},\"author\":{\"name\":\"Lo viste en Los Pol\u00edticos\",\"@id\":\"https:\\\/\\\/lospoliticosveracruz.com\\\/#\\\/schema\\\/person\\\/b8702bb0e538456e6efd07080bf2a4a2\"},\"headline\":\"CO-MADRAZO EN LA SEV\u2026\",\"datePublished\":\"2025-07-01T13:44:15+00:00\",\"dateModified\":\"2025-07-01T13:44:42+00:00\",\"mainEntityOfPage\":{\"@id\":\"https:\\\/\\\/lospoliticosveracruz.com\\\/?p=148084\"},\"wordCount\":1260,\"publisher\":{\"@id\":\"https:\\\/\\\/lospoliticosveracruz.com\\\/#organization\"},\"image\":{\"@id\":\"https:\\\/\\\/lospoliticosveracruz.com\\\/?p=148084#primaryimage\"},\"thumbnailUrl\":\"https:\\\/\\\/lospoliticosveracruz.com\\\/wp-content\\\/uploads\\\/2025\\\/04\\\/Oved-Contreras-e1768066319253.jpg\",\"keywords\":[\"Claudia Tello\",\"Oved Contreras\"],\"articleSection\":[\"De Opini\u00f3n\"],\"inLanguage\":\"es\"},{\"@type\":\"WebPage\",\"@id\":\"https:\\\/\\\/lospoliticosveracruz.com\\\/?p=148084\",\"url\":\"https:\\\/\\\/lospoliticosveracruz.com\\\/?p=148084\",\"name\":\"CO-MADRAZO EN LA SEV\u2026 - Los pol\u00edticos Veracruz\",\"isPartOf\":{\"@id\":\"https:\\\/\\\/lospoliticosveracruz.com\\\/#website\"},\"primaryImageOfPage\":{\"@id\":\"https:\\\/\\\/lospoliticosveracruz.com\\\/?p=148084#primaryimage\"},\"image\":{\"@id\":\"https:\\\/\\\/lospoliticosveracruz.com\\\/?p=148084#primaryimage\"},\"thumbnailUrl\":\"https:\\\/\\\/lospoliticosveracruz.com\\\/wp-content\\\/uploads\\\/2025\\\/04\\\/Oved-Contreras-e1768066319253.jpg\",\"datePublished\":\"2025-07-01T13:44:15+00:00\",\"dateModified\":\"2025-07-01T13:44:42+00:00\",\"breadcrumb\":{\"@id\":\"https:\\\/\\\/lospoliticosveracruz.com\\\/?p=148084#breadcrumb\"},\"inLanguage\":\"es\",\"potentialAction\":[{\"@type\":\"ReadAction\",\"target\":[\"https:\\\/\\\/lospoliticosveracruz.com\\\/?p=148084\"]}]},{\"@type\":\"ImageObject\",\"inLanguage\":\"es\",\"@id\":\"https:\\\/\\\/lospoliticosveracruz.com\\\/?p=148084#primaryimage\",\"url\":\"https:\\\/\\\/lospoliticosveracruz.com\\\/wp-content\\\/uploads\\\/2025\\\/04\\\/Oved-Contreras-e1768066319253.jpg\",\"contentUrl\":\"https:\\\/\\\/lospoliticosveracruz.com\\\/wp-content\\\/uploads\\\/2025\\\/04\\\/Oved-Contreras-e1768066319253.jpg\",\"width\":600,\"height\":320},{\"@type\":\"BreadcrumbList\",\"@id\":\"https:\\\/\\\/lospoliticosveracruz.com\\\/?p=148084#breadcrumb\",\"itemListElement\":[{\"@type\":\"ListItem\",\"position\":1,\"name\":\"Portada\",\"item\":\"https:\\\/\\\/lospoliticosveracruz.com\\\/\"},{\"@type\":\"ListItem\",\"position\":2,\"name\":\"CO-MADRAZO EN LA SEV\u2026\"}]},{\"@type\":\"WebSite\",\"@id\":\"https:\\\/\\\/lospoliticosveracruz.com\\\/#website\",\"url\":\"https:\\\/\\\/lospoliticosveracruz.com\\\/\",\"name\":\"Los pol\u00edticos Veracruz\",\"description\":\"\",\"publisher\":{\"@id\":\"https:\\\/\\\/lospoliticosveracruz.com\\\/#organization\"},\"potentialAction\":[{\"@type\":\"SearchAction\",\"target\":{\"@type\":\"EntryPoint\",\"urlTemplate\":\"https:\\\/\\\/lospoliticosveracruz.com\\\/?s={search_term_string}\"},\"query-input\":{\"@type\":\"PropertyValueSpecification\",\"valueRequired\":true,\"valueName\":\"search_term_string\"}}],\"inLanguage\":\"es\"},{\"@type\":\"Organization\",\"@id\":\"https:\\\/\\\/lospoliticosveracruz.com\\\/#organization\",\"name\":\"Los pol\u00edticos Veracruz\",\"url\":\"https:\\\/\\\/lospoliticosveracruz.com\\\/\",\"logo\":{\"@type\":\"ImageObject\",\"inLanguage\":\"es\",\"@id\":\"https:\\\/\\\/lospoliticosveracruz.com\\\/#\\\/schema\\\/logo\\\/image\\\/\",\"url\":\"https:\\\/\\\/lospoliticosveracruz.com\\\/wp-content\\\/uploads\\\/2025\\\/12\\\/Logo-Nuevo-LOS-POLITICOS-1.jpg\",\"contentUrl\":\"https:\\\/\\\/lospoliticosveracruz.com\\\/wp-content\\\/uploads\\\/2025\\\/12\\\/Logo-Nuevo-LOS-POLITICOS-1.jpg\",\"width\":260,\"height\":70,\"caption\":\"Los pol\u00edticos Veracruz\"},\"image\":{\"@id\":\"https:\\\/\\\/lospoliticosveracruz.com\\\/#\\\/schema\\\/logo\\\/image\\\/\"},\"sameAs\":[\"https:\\\/\\\/www.facebook.com\\\/people\\\/Notimemes-de-los-Polticos\\\/61565672886568\\\/\",\"https:\\\/\\\/x.com\\\/LosPoliticosVer\"]},{\"@type\":\"Person\",\"@id\":\"https:\\\/\\\/lospoliticosveracruz.com\\\/#\\\/schema\\\/person\\\/b8702bb0e538456e6efd07080bf2a4a2\",\"name\":\"Lo viste en Los Pol\u00edticos\",\"image\":{\"@type\":\"ImageObject\",\"inLanguage\":\"es\",\"@id\":\"https:\\\/\\\/secure.gravatar.com\\\/avatar\\\/3a8de04a2656d44082be478bd6c086daa447c4651605818287b9532d3d0bd435?s=96&d=mm&r=g\",\"url\":\"https:\\\/\\\/secure.gravatar.com\\\/avatar\\\/3a8de04a2656d44082be478bd6c086daa447c4651605818287b9532d3d0bd435?s=96&d=mm&r=g\",\"contentUrl\":\"https:\\\/\\\/secure.gravatar.com\\\/avatar\\\/3a8de04a2656d44082be478bd6c086daa447c4651605818287b9532d3d0bd435?s=96&d=mm&r=g\",\"caption\":\"Lo viste en Los Pol\u00edticos\"},\"url\":\"https:\\\/\\\/lospoliticosveracruz.com\\\/?author=2\"}]}<\/script>\n<!-- \/ Yoast SEO plugin. -->","yoast_head_json":{"title":"CO-MADRAZO EN LA SEV\u2026 - Los pol\u00edticos Veracruz","robots":{"index":"index","follow":"follow","max-snippet":"max-snippet:-1","max-image-preview":"max-image-preview:large","max-video-preview":"max-video-preview:-1"},"canonical":"https:\/\/lospoliticosveracruz.com\/?p=148084","og_locale":"es_ES","og_type":"article","og_title":"CO-MADRAZO EN LA SEV\u2026 - Los pol\u00edticos Veracruz","og_description":"Oved ContrerasSecas Mecas Le llueve sobre mojado a la comadrita Claudia Tello en la Secretar\u00eda de Educaci\u00f3n de Veracruz\u2026en seis meses ya le cambiaron tres veces al Oficial Mayor y tambi\u00e9n tres veces removieron al director de Cobaev\u2026el \u00faltimo apenas dur\u00f3 unas horas\u2026y ayer la t\u00eda Ch\u00edo peg\u00f3 otro manotazo para tumbar al subsecretario de [&hellip;]","og_url":"https:\/\/lospoliticosveracruz.com\/?p=148084","og_site_name":"Los pol\u00edticos Veracruz","article_publisher":"https:\/\/www.facebook.com\/people\/Notimemes-de-los-Polticos\/61565672886568\/","article_published_time":"2025-07-01T13:44:15+00:00","article_modified_time":"2025-07-01T13:44:42+00:00","og_image":[{"width":600,"height":320,"url":"https:\/\/lospoliticosveracruz.com\/wp-content\/uploads\/2025\/04\/Oved-Contreras-e1768066319253.jpg","type":"image\/jpeg"}],"author":"Lo viste en Los Pol\u00edticos","twitter_card":"summary_large_image","twitter_creator":"@LosPoliticosVer","twitter_site":"@LosPoliticosVer","twitter_misc":{"Escrito por":"Lo viste en Los Pol\u00edticos","Tiempo de lectura":"6 minutos"},"schema":{"@context":"https:\/\/schema.org","@graph":[{"@type":"Article","@id":"https:\/\/lospoliticosveracruz.com\/?p=148084#article","isPartOf":{"@id":"https:\/\/lospoliticosveracruz.com\/?p=148084"},"author":{"name":"Lo viste en Los Pol\u00edticos","@id":"https:\/\/lospoliticosveracruz.com\/#\/schema\/person\/b8702bb0e538456e6efd07080bf2a4a2"},"headline":"CO-MADRAZO EN LA SEV\u2026","datePublished":"2025-07-01T13:44:15+00:00","dateModified":"2025-07-01T13:44:42+00:00","mainEntityOfPage":{"@id":"https:\/\/lospoliticosveracruz.com\/?p=148084"},"wordCount":1260,"publisher":{"@id":"https:\/\/lospoliticosveracruz.com\/#organization"},"image":{"@id":"https:\/\/lospoliticosveracruz.com\/?p=148084#primaryimage"},"thumbnailUrl":"https:\/\/lospoliticosveracruz.com\/wp-content\/uploads\/2025\/04\/Oved-Contreras-e1768066319253.jpg","keywords":["Claudia Tello","Oved Contreras"],"articleSection":["De Opini\u00f3n"],"inLanguage":"es"},{"@type":"WebPage","@id":"https:\/\/lospoliticosveracruz.com\/?p=148084","url":"https:\/\/lospoliticosveracruz.com\/?p=148084","name":"CO-MADRAZO EN LA SEV\u2026 - Los pol\u00edticos Veracruz","isPartOf":{"@id":"https:\/\/lospoliticosveracruz.com\/#website"},"primaryImageOfPage":{"@id":"https:\/\/lospoliticosveracruz.com\/?p=148084#primaryimage"},"image":{"@id":"https:\/\/lospoliticosveracruz.com\/?p=148084#primaryimage"},"thumbnailUrl":"https:\/\/lospoliticosveracruz.com\/wp-content\/uploads\/2025\/04\/Oved-Contreras-e1768066319253.jpg","datePublished":"2025-07-01T13:44:15+00:00","dateModified":"2025-07-01T13:44:42+00:00","breadcrumb":{"@id":"https:\/\/lospoliticosveracruz.com\/?p=148084#breadcrumb"},"inLanguage":"es","potentialAction":[{"@type":"ReadAction","target":["https:\/\/lospoliticosveracruz.com\/?p=148084"]}]},{"@type":"ImageObject","inLanguage":"es","@id":"https:\/\/lospoliticosveracruz.com\/?p=148084#primaryimage","url":"https:\/\/lospoliticosveracruz.com\/wp-content\/uploads\/2025\/04\/Oved-Contreras-e1768066319253.jpg","contentUrl":"https:\/\/lospoliticosveracruz.com\/wp-content\/uploads\/2025\/04\/Oved-Contreras-e1768066319253.jpg","width":600,"height":320},{"@type":"BreadcrumbList","@id":"https:\/\/lospoliticosveracruz.com\/?p=148084#breadcrumb","itemListElement":[{"@type":"ListItem","position":1,"name":"Portada","item":"https:\/\/lospoliticosveracruz.com\/"},{"@type":"ListItem","position":2,"name":"CO-MADRAZO EN LA SEV\u2026"}]},{"@type":"WebSite","@id":"https:\/\/lospoliticosveracruz.com\/#website","url":"https:\/\/lospoliticosveracruz.com\/","name":"Los pol\u00edticos Veracruz","description":"","publisher":{"@id":"https:\/\/lospoliticosveracruz.com\/#organization"},"potentialAction":[{"@type":"SearchAction","target":{"@type":"EntryPoint","urlTemplate":"https:\/\/lospoliticosveracruz.com\/?s={search_term_string}"},"query-input":{"@type":"PropertyValueSpecification","valueRequired":true,"valueName":"search_term_string"}}],"inLanguage":"es"},{"@type":"Organization","@id":"https:\/\/lospoliticosveracruz.com\/#organization","name":"Los pol\u00edticos Veracruz","url":"https:\/\/lospoliticosveracruz.com\/","logo":{"@type":"ImageObject","inLanguage":"es","@id":"https:\/\/lospoliticosveracruz.com\/#\/schema\/logo\/image\/","url":"https:\/\/lospoliticosveracruz.com\/wp-content\/uploads\/2025\/12\/Logo-Nuevo-LOS-POLITICOS-1.jpg","contentUrl":"https:\/\/lospoliticosveracruz.com\/wp-content\/uploads\/2025\/12\/Logo-Nuevo-LOS-POLITICOS-1.jpg","width":260,"height":70,"caption":"Los pol\u00edticos Veracruz"},"image":{"@id":"https:\/\/lospoliticosveracruz.com\/#\/schema\/logo\/image\/"},"sameAs":["https:\/\/www.facebook.com\/people\/Notimemes-de-los-Polticos\/61565672886568\/","https:\/\/x.com\/LosPoliticosVer"]},{"@type":"Person","@id":"https:\/\/lospoliticosveracruz.com\/#\/schema\/person\/b8702bb0e538456e6efd07080bf2a4a2","name":"Lo viste en Los Pol\u00edticos","image":{"@type":"ImageObject","inLanguage":"es","@id":"https:\/\/secure.gravatar.com\/avatar\/3a8de04a2656d44082be478bd6c086daa447c4651605818287b9532d3d0bd435?s=96&d=mm&r=g","url":"https:\/\/secure.gravatar.com\/avatar\/3a8de04a2656d44082be478bd6c086daa447c4651605818287b9532d3d0bd435?s=96&d=mm&r=g","contentUrl":"https:\/\/secure.gravatar.com\/avatar\/3a8de04a2656d44082be478bd6c086daa447c4651605818287b9532d3d0bd435?s=96&d=mm&r=g","caption":"Lo viste en Los Pol\u00edticos"},"url":"https:\/\/lospoliticosveracruz.com\/?author=2"}]}},"_links":{"self":[{"href":"https:\/\/lospoliticosveracruz.com\/index.php?rest_route=\/wp\/v2\/posts\/148084","targetHints":{"allow":["GET"]}}],"collection":[{"href":"https:\/\/lospoliticosveracruz.com\/index.php?rest_route=\/wp\/v2\/posts"}],"about":[{"href":"https:\/\/lospoliticosveracruz.com\/index.php?rest_route=\/wp\/v2\/types\/post"}],"author":[{"embeddable":true,"href":"https:\/\/lospoliticosveracruz.com\/index.php?rest_route=\/wp\/v2\/users\/2"}],"replies":[{"embeddable":true,"href":"https:\/\/lospoliticosveracruz.com\/index.php?rest_route=%2Fwp%2Fv2%2Fcomments&post=148084"}],"version-history":[{"count":2,"href":"https:\/\/lospoliticosveracruz.com\/index.php?rest_route=\/wp\/v2\/posts\/148084\/revisions"}],"predecessor-version":[{"id":148086,"href":"https:\/\/lospoliticosveracruz.com\/index.php?rest_route=\/wp\/v2\/posts\/148084\/revisions\/148086"}],"wp:featuredmedia":[{"embeddable":true,"href":"https:\/\/lospoliticosveracruz.com\/index.php?rest_route=\/wp\/v2\/media\/141426"}],"wp:attachment":[{"href":"https:\/\/lospoliticosveracruz.com\/index.php?rest_route=%2Fwp%2Fv2%2Fmedia&parent=148084"}],"wp:term":[{"taxonomy":"category","embeddable":true,"href":"https:\/\/lospoliticosveracruz.com\/index.php?rest_route=%2Fwp%2Fv2%2Fcategories&post=148084"},{"taxonomy":"post_tag","embeddable":true,"href":"https:\/\/lospoliticosveracruz.com\/index.php?rest_route=%2Fwp%2Fv2%2Ftags&post=148084"}],"curies":[{"name":"wp","href":"https:\/\/api.w.org\/{rel}","templated":true}]}}