{"id":148133,"date":"2025-07-02T06:56:11","date_gmt":"2025-07-02T11:56:11","guid":{"rendered":"https:\/\/lospoliticosveracruz.com.mx\/?p=148133"},"modified":"2025-07-02T06:56:20","modified_gmt":"2025-07-02T11:56:20","slug":"una-foto-y-un-editorial-de-53-palabras","status":"publish","type":"post","link":"https:\/\/lospoliticosveracruz.com\/?p=148133","title":{"rendered":"UNA FOTO Y UN EDITORIAL DE 53 PALABRAS"},"content":{"rendered":"\n\n\n<p><br><strong>Bernardo Guti\u00e9rrez Parra<\/strong><br><em>Desde el Caf\u00e9<\/em><br>Ayer circul\u00f3 en las redes una estampa que podr\u00eda parecer intrascendente, porque aparentemente habla s\u00f3lo de una visita de cortes\u00eda y de una amistad entre dos personas, las \u00fanicas que aparecen en la fotograf\u00eda.<\/p>\n\n\n\n<p>Se trata de una gr\u00e1fica donde est\u00e1n la Secretaria de Educaci\u00f3n de Veracruz, Claudia Tello y el Subsecretario de Gobierno, Jos\u00e9 Manuel Pozos Castro quien public\u00f3 la foto y a la que le agreg\u00f3 unas l\u00edneas, a manera de pie de foto.<\/p>\n\n\n\n<p>\u201cMe dio mucho gusto saludar a mi estimada amiga Claudia Tello, Secretaria de Educaci\u00f3n y poder platicar sobre la gran labor que est\u00e1 llevando a cabo en beneficio de la educaci\u00f3n de Veracruz.<\/p>\n\n\n\n<p>\u201cReconozco su extraordinario trabajo y compromiso, seguiremos sumando esfuerzos para lograr las metas que nuestra Gobernadora Roc\u00edo Nahle ha trazado\u201d, dice el Subsecretario.<\/p>\n\n\n\n<p>El mensaje es un editorial breve, pero da lo suficiente para una lectura pol\u00edtica a la que hay que entenderle si consideramos que es precisamente en el \u00e1rea educativa, donde se han sentido las trepidaciones m\u00e1s fuertes que ha tenido que resistir el gobierno de Roc\u00edo Nahle.<\/p>\n\n\n\n<p>El \u00faltimo impacto que se sinti\u00f3 en la SEV es el reciente cambio del Subsecretario de Educaci\u00f3n Media Superior y Superior, El\u00edas Calixto Armas, por David Jim\u00e9nez Rojas; movimiento que se antojaba impensable.<\/p>\n\n\n\n<p>Ahora se sabe por la fotograf\u00eda publicada, que la presencia de Pozos Castro obedece, m\u00e1s que a una visita amistosa, a un claro mensaje de parte de quien manda en el gobierno de Veracruz.<\/p>\n\n\n\n<p>Hace pensar tambi\u00e9n que esa visita pudiera ser el anuncio que esperan los veracruzanos: el inicio de una serie de decisiones que pueden cimbrar a todo el equipo que pareciera aletargado y hasta alejado del compromiso con la gobernadora, que es quien les brind\u00f3 la oportunidad de servir al Estado y que muchos parecen no haberlo entendido a\u00fan.<\/p>\n\n\n\n<p>Tanto la Secretaria Tello, como el Subsecretario Pozos Castro est\u00e1n en la misma sinton\u00eda; ella refrend\u00f3 su compromiso con la educaci\u00f3n en la entidad y \u00e9l su compromiso de seguir trabajando por Veracruz. Porque al hacerlo, ambos le cumplen a la gobernadora Nahle.<\/p>\n\n\n\n<p>Guadalupe, \u00bfla pagana?<\/p>\n\n\n\n<p>Guadalupe D\u00edaz del Castillo Flores, la debes recordar lector, era una de las dos epidemi\u00f3logas que daban a conocer a diario el n\u00famero de veracruzanos infectados de Covid. El otro que aparec\u00eda en el panel era el titular de Salud, Roberto Ramos Alor, casi en calidad de mir\u00f3n de palo.<\/p>\n\n\n\n<p>Cuando Ramos Alor renunci\u00f3, su lugar como Secretario de Salud lo ocup\u00f3 el doctor Gerardo D\u00edaz Morales, que dur\u00f3 un a\u00f1o y tres meses en el cargo ya que falleci\u00f3 en agosto del 2023.<\/p>\n\n\n\n<p>El 29 de agosto Guadalupe fue nombrada responsable de esa dependencia, cubri\u00f3 el \u00faltimo tramo del sexenio de Cuitl\u00e1huac Garc\u00eda y no se volvi\u00f3 a saber de ella. Pero este lunes nos enteramos que tiene una denuncia por presuntas irregularidades en el manejo de recursos durante el ejercicio fiscal 2023, detectadas por la Auditor\u00eda Superior de la Federaci\u00f3n (ASF).<\/p>\n\n\n\n<p>La noticia la dio a conocer la gobernadora Roc\u00edo Nahle quien dijo que la denuncia se hizo porque as\u00ed lo marca el procedimiento del \u00d3rgano Interno de Control. \u201cSe le llamar\u00e1 a esta persona y tiene que solventar, justificar o comprobar lo que se tenga que hacer\u201d.<\/p>\n\n\n\n<p>\u00bfPor cu\u00e1nto es el monto de las irregularidades? No se sabe. \u00bfEsas irregularidades se cometieron de enero a agosto del 2023 cuando a\u00fan era titular Gerardo D\u00edaz, o de septiembre a diciembre cuando la titular ya era Guadalupe? Tampoco se sabe, pero la denuncia es contra ella.<\/p>\n\n\n\n<p>Si resulta culpable pues con la pena\u2026 pero si es inocente le est\u00e1n jorobando la existencia porque la obligaron a ampararse contra una posible detenci\u00f3n y tendr\u00e1 que contratar abogados para que lleven su defensa. Y los abogados cuestan.<\/p>\n\n\n\n<p>Esto obliga a preguntar \u00bfqu\u00e9 es Guadalupe D\u00edaz del Castillo? \u00bfUna sospechosa de haber malversado fondos p\u00fablicos, o la que pagar\u00e1 las vajillas que rompieron Cuitl\u00e1huac Garc\u00eda y sus compinches en la Secretar\u00eda de Salud?<\/p>\n\n\n\n<p>En abril del a\u00f1o anterior, el entonces diputado local Marlon Ram\u00edrez Mar\u00edn (que tiene la pel\u00edcula completa de los multimillonarios chanchuyos cometidos en la Secretar\u00eda de Salud el sexenio pasado), dijo que no se hab\u00eda solventado el da\u00f1o patrimonial a esa dependencia por 2 mil 475 millones de pesos durante la administraci\u00f3n de Roberto Ramos Alor, que despu\u00e9s de su renuncia fue candidato a la diputaci\u00f3n federal por el distrito de Coatzacoalcos.<\/p>\n\n\n\n<p>Marlon agreg\u00f3 que lo que buscaba Roberto con la diputaci\u00f3n federal (que gan\u00f3), no era representar a Coatzacoalcos sino el fuero protector.<\/p>\n\n\n\n<p>En mayo de este a\u00f1o y tras las observaciones realizadas por la ASF, la Contralor\u00eda General de Veracruz present\u00f3 una denuncia por posible da\u00f1o patrimonial en la Secretar\u00eda de Salud por m\u00e1s de mil 600 millones de pesos, cuando el titular era Roberto Ramos Alor.<\/p>\n\n\n\n<p>Un aut\u00e9ntico dineral sin aclarar.<\/p>\n\n\n\n<p>Si van a investigar a Guadalupe por cuatro meses de la Cuenta P\u00fablica del 2023, bueno ser\u00eda que hicieran lo mismo con el se\u00f1or Ramos Alor que estuvo en la Secretar\u00eda de Salud del 1 de diciembre del 2018 a mayo del 2022. Y mucho tendr\u00e1 que decir sobre su paso por esa dependencia.<\/p>\n\n\n\n<p>Ser\u00eda lo justo y lo correcto, \u00bfno?<\/p>\n\n\n\n<p>bernagup28@gmail.com<\/p>\n","protected":false},"excerpt":{"rendered":"<p>Bernardo Guti\u00e9rrez ParraDesde el Caf\u00e9Ayer circul\u00f3 en las redes una estampa que podr\u00eda parecer intrascendente, porque aparentemente habla s\u00f3lo de una visita de cortes\u00eda y de una amistad entre dos personas, las \u00fanicas que aparecen en la fotograf\u00eda. Se trata de una gr\u00e1fica donde est\u00e1n la Secretaria de Educaci\u00f3n de Veracruz, Claudia Tello y el [&hellip;]<\/p>\n","protected":false},"author":2,"featured_media":141479,"comment_status":"closed","ping_status":"closed","sticky":false,"template":"","format":"standard","meta":{"tdm_status":"","tdm_grid_status":"","footnotes":""},"categories":[70],"tags":[19961,11958,1026,3578,195],"class_list":{"0":"post-148133","1":"post","2":"type-post","3":"status-publish","4":"format-standard","5":"has-post-thumbnail","7":"category-de-opinion","8":"tag-claudia-tello","9":"tag-jose-manuel-pozos-castro","10":"tag-morena","11":"tag-rocio-nahle","12":"tag-veracruz"},"yoast_head":"<!-- This site is optimized with the Yoast SEO plugin v27.4 - https:\/\/yoast.com\/product\/yoast-seo-wordpress\/ -->\n<title>UNA FOTO Y UN EDITORIAL DE 53 PALABRAS - Los pol\u00edticos Veracruz<\/title>\n<meta name=\"robots\" content=\"index, follow, max-snippet:-1, max-image-preview:large, max-video-preview:-1\" \/>\n<link rel=\"canonical\" href=\"https:\/\/lospoliticosveracruz.com\/?p=148133\" \/>\n<meta property=\"og:locale\" content=\"es_ES\" \/>\n<meta property=\"og:type\" content=\"article\" \/>\n<meta property=\"og:title\" content=\"UNA FOTO Y UN EDITORIAL DE 53 PALABRAS - Los pol\u00edticos Veracruz\" \/>\n<meta property=\"og:description\" content=\"Bernardo Guti\u00e9rrez ParraDesde el Caf\u00e9Ayer circul\u00f3 en las redes una estampa que podr\u00eda parecer intrascendente, porque aparentemente habla s\u00f3lo de una visita de cortes\u00eda y de una amistad entre dos personas, las \u00fanicas que aparecen en la fotograf\u00eda. Se trata de una gr\u00e1fica donde est\u00e1n la Secretaria de Educaci\u00f3n de Veracruz, Claudia Tello y el [&hellip;]\" \/>\n<meta property=\"og:url\" content=\"https:\/\/lospoliticosveracruz.com\/?p=148133\" \/>\n<meta property=\"og:site_name\" content=\"Los pol\u00edticos Veracruz\" \/>\n<meta property=\"article:publisher\" content=\"https:\/\/www.facebook.com\/people\/Notimemes-de-los-Polticos\/61565672886568\/\" \/>\n<meta property=\"article:published_time\" content=\"2025-07-02T11:56:11+00:00\" \/>\n<meta property=\"article:modified_time\" content=\"2025-07-02T11:56:20+00:00\" \/>\n<meta property=\"og:image\" content=\"https:\/\/lospoliticosveracruz.com\/wp-content\/uploads\/2025\/04\/Bernardo-Gutierrez-Parra.jpg\" \/>\n\t<meta property=\"og:image:width\" content=\"1250\" \/>\n\t<meta property=\"og:image:height\" content=\"667\" \/>\n\t<meta property=\"og:image:type\" content=\"image\/jpeg\" \/>\n<meta name=\"author\" content=\"Lo viste en Los Pol\u00edticos\" \/>\n<meta name=\"twitter:card\" content=\"summary_large_image\" \/>\n<meta name=\"twitter:creator\" content=\"@LosPoliticosVer\" \/>\n<meta name=\"twitter:site\" content=\"@LosPoliticosVer\" \/>\n<meta name=\"twitter:label1\" content=\"Escrito por\" \/>\n\t<meta name=\"twitter:data1\" content=\"Lo viste en Los Pol\u00edticos\" \/>\n\t<meta name=\"twitter:label2\" content=\"Tiempo de lectura\" \/>\n\t<meta name=\"twitter:data2\" content=\"5 minutos\" \/>\n<script type=\"application\/ld+json\" class=\"yoast-schema-graph\">{\"@context\":\"https:\\\/\\\/schema.org\",\"@graph\":[{\"@type\":\"Article\",\"@id\":\"https:\\\/\\\/lospoliticosveracruz.com\\\/?p=148133#article\",\"isPartOf\":{\"@id\":\"https:\\\/\\\/lospoliticosveracruz.com\\\/?p=148133\"},\"author\":{\"name\":\"Lo viste en Los Pol\u00edticos\",\"@id\":\"https:\\\/\\\/lospoliticosveracruz.com\\\/#\\\/schema\\\/person\\\/b8702bb0e538456e6efd07080bf2a4a2\"},\"headline\":\"UNA FOTO Y UN EDITORIAL DE 53 PALABRAS\",\"datePublished\":\"2025-07-02T11:56:11+00:00\",\"dateModified\":\"2025-07-02T11:56:20+00:00\",\"mainEntityOfPage\":{\"@id\":\"https:\\\/\\\/lospoliticosveracruz.com\\\/?p=148133\"},\"wordCount\":940,\"publisher\":{\"@id\":\"https:\\\/\\\/lospoliticosveracruz.com\\\/#organization\"},\"image\":{\"@id\":\"https:\\\/\\\/lospoliticosveracruz.com\\\/?p=148133#primaryimage\"},\"thumbnailUrl\":\"https:\\\/\\\/lospoliticosveracruz.com\\\/wp-content\\\/uploads\\\/2025\\\/04\\\/Bernardo-Gutierrez-Parra.jpg\",\"keywords\":[\"Claudia Tello\",\"Jos\u00e9 Manuel Pozos Castro\",\"Morena\",\"Roc\u00edo Nahle\",\"Veracruz\"],\"articleSection\":[\"De Opini\u00f3n\"],\"inLanguage\":\"es\"},{\"@type\":\"WebPage\",\"@id\":\"https:\\\/\\\/lospoliticosveracruz.com\\\/?p=148133\",\"url\":\"https:\\\/\\\/lospoliticosveracruz.com\\\/?p=148133\",\"name\":\"UNA FOTO Y UN EDITORIAL DE 53 PALABRAS - Los pol\u00edticos Veracruz\",\"isPartOf\":{\"@id\":\"https:\\\/\\\/lospoliticosveracruz.com\\\/#website\"},\"primaryImageOfPage\":{\"@id\":\"https:\\\/\\\/lospoliticosveracruz.com\\\/?p=148133#primaryimage\"},\"image\":{\"@id\":\"https:\\\/\\\/lospoliticosveracruz.com\\\/?p=148133#primaryimage\"},\"thumbnailUrl\":\"https:\\\/\\\/lospoliticosveracruz.com\\\/wp-content\\\/uploads\\\/2025\\\/04\\\/Bernardo-Gutierrez-Parra.jpg\",\"datePublished\":\"2025-07-02T11:56:11+00:00\",\"dateModified\":\"2025-07-02T11:56:20+00:00\",\"breadcrumb\":{\"@id\":\"https:\\\/\\\/lospoliticosveracruz.com\\\/?p=148133#breadcrumb\"},\"inLanguage\":\"es\",\"potentialAction\":[{\"@type\":\"ReadAction\",\"target\":[\"https:\\\/\\\/lospoliticosveracruz.com\\\/?p=148133\"]}]},{\"@type\":\"ImageObject\",\"inLanguage\":\"es\",\"@id\":\"https:\\\/\\\/lospoliticosveracruz.com\\\/?p=148133#primaryimage\",\"url\":\"https:\\\/\\\/lospoliticosveracruz.com\\\/wp-content\\\/uploads\\\/2025\\\/04\\\/Bernardo-Gutierrez-Parra.jpg\",\"contentUrl\":\"https:\\\/\\\/lospoliticosveracruz.com\\\/wp-content\\\/uploads\\\/2025\\\/04\\\/Bernardo-Gutierrez-Parra.jpg\",\"width\":1250,\"height\":667},{\"@type\":\"BreadcrumbList\",\"@id\":\"https:\\\/\\\/lospoliticosveracruz.com\\\/?p=148133#breadcrumb\",\"itemListElement\":[{\"@type\":\"ListItem\",\"position\":1,\"name\":\"Portada\",\"item\":\"https:\\\/\\\/lospoliticosveracruz.com\\\/\"},{\"@type\":\"ListItem\",\"position\":2,\"name\":\"UNA FOTO Y UN EDITORIAL DE 53 PALABRAS\"}]},{\"@type\":\"WebSite\",\"@id\":\"https:\\\/\\\/lospoliticosveracruz.com\\\/#website\",\"url\":\"https:\\\/\\\/lospoliticosveracruz.com\\\/\",\"name\":\"Los pol\u00edticos Veracruz\",\"description\":\"\",\"publisher\":{\"@id\":\"https:\\\/\\\/lospoliticosveracruz.com\\\/#organization\"},\"potentialAction\":[{\"@type\":\"SearchAction\",\"target\":{\"@type\":\"EntryPoint\",\"urlTemplate\":\"https:\\\/\\\/lospoliticosveracruz.com\\\/?s={search_term_string}\"},\"query-input\":{\"@type\":\"PropertyValueSpecification\",\"valueRequired\":true,\"valueName\":\"search_term_string\"}}],\"inLanguage\":\"es\"},{\"@type\":\"Organization\",\"@id\":\"https:\\\/\\\/lospoliticosveracruz.com\\\/#organization\",\"name\":\"Los pol\u00edticos Veracruz\",\"url\":\"https:\\\/\\\/lospoliticosveracruz.com\\\/\",\"logo\":{\"@type\":\"ImageObject\",\"inLanguage\":\"es\",\"@id\":\"https:\\\/\\\/lospoliticosveracruz.com\\\/#\\\/schema\\\/logo\\\/image\\\/\",\"url\":\"https:\\\/\\\/lospoliticosveracruz.com\\\/wp-content\\\/uploads\\\/2025\\\/12\\\/Logo-Nuevo-LOS-POLITICOS-1.jpg\",\"contentUrl\":\"https:\\\/\\\/lospoliticosveracruz.com\\\/wp-content\\\/uploads\\\/2025\\\/12\\\/Logo-Nuevo-LOS-POLITICOS-1.jpg\",\"width\":260,\"height\":70,\"caption\":\"Los pol\u00edticos Veracruz\"},\"image\":{\"@id\":\"https:\\\/\\\/lospoliticosveracruz.com\\\/#\\\/schema\\\/logo\\\/image\\\/\"},\"sameAs\":[\"https:\\\/\\\/www.facebook.com\\\/people\\\/Notimemes-de-los-Polticos\\\/61565672886568\\\/\",\"https:\\\/\\\/x.com\\\/LosPoliticosVer\"]},{\"@type\":\"Person\",\"@id\":\"https:\\\/\\\/lospoliticosveracruz.com\\\/#\\\/schema\\\/person\\\/b8702bb0e538456e6efd07080bf2a4a2\",\"name\":\"Lo viste en Los Pol\u00edticos\",\"image\":{\"@type\":\"ImageObject\",\"inLanguage\":\"es\",\"@id\":\"https:\\\/\\\/secure.gravatar.com\\\/avatar\\\/3a8de04a2656d44082be478bd6c086daa447c4651605818287b9532d3d0bd435?s=96&d=mm&r=g\",\"url\":\"https:\\\/\\\/secure.gravatar.com\\\/avatar\\\/3a8de04a2656d44082be478bd6c086daa447c4651605818287b9532d3d0bd435?s=96&d=mm&r=g\",\"contentUrl\":\"https:\\\/\\\/secure.gravatar.com\\\/avatar\\\/3a8de04a2656d44082be478bd6c086daa447c4651605818287b9532d3d0bd435?s=96&d=mm&r=g\",\"caption\":\"Lo viste en Los Pol\u00edticos\"},\"url\":\"https:\\\/\\\/lospoliticosveracruz.com\\\/?author=2\"}]}<\/script>\n<!-- \/ Yoast SEO plugin. -->","yoast_head_json":{"title":"UNA FOTO Y UN EDITORIAL DE 53 PALABRAS - Los pol\u00edticos Veracruz","robots":{"index":"index","follow":"follow","max-snippet":"max-snippet:-1","max-image-preview":"max-image-preview:large","max-video-preview":"max-video-preview:-1"},"canonical":"https:\/\/lospoliticosveracruz.com\/?p=148133","og_locale":"es_ES","og_type":"article","og_title":"UNA FOTO Y UN EDITORIAL DE 53 PALABRAS - Los pol\u00edticos Veracruz","og_description":"Bernardo Guti\u00e9rrez ParraDesde el Caf\u00e9Ayer circul\u00f3 en las redes una estampa que podr\u00eda parecer intrascendente, porque aparentemente habla s\u00f3lo de una visita de cortes\u00eda y de una amistad entre dos personas, las \u00fanicas que aparecen en la fotograf\u00eda. Se trata de una gr\u00e1fica donde est\u00e1n la Secretaria de Educaci\u00f3n de Veracruz, Claudia Tello y el [&hellip;]","og_url":"https:\/\/lospoliticosveracruz.com\/?p=148133","og_site_name":"Los pol\u00edticos Veracruz","article_publisher":"https:\/\/www.facebook.com\/people\/Notimemes-de-los-Polticos\/61565672886568\/","article_published_time":"2025-07-02T11:56:11+00:00","article_modified_time":"2025-07-02T11:56:20+00:00","og_image":[{"width":1250,"height":667,"url":"https:\/\/lospoliticosveracruz.com\/wp-content\/uploads\/2025\/04\/Bernardo-Gutierrez-Parra.jpg","type":"image\/jpeg"}],"author":"Lo viste en Los Pol\u00edticos","twitter_card":"summary_large_image","twitter_creator":"@LosPoliticosVer","twitter_site":"@LosPoliticosVer","twitter_misc":{"Escrito por":"Lo viste en Los Pol\u00edticos","Tiempo de lectura":"5 minutos"},"schema":{"@context":"https:\/\/schema.org","@graph":[{"@type":"Article","@id":"https:\/\/lospoliticosveracruz.com\/?p=148133#article","isPartOf":{"@id":"https:\/\/lospoliticosveracruz.com\/?p=148133"},"author":{"name":"Lo viste en Los Pol\u00edticos","@id":"https:\/\/lospoliticosveracruz.com\/#\/schema\/person\/b8702bb0e538456e6efd07080bf2a4a2"},"headline":"UNA FOTO Y UN EDITORIAL DE 53 PALABRAS","datePublished":"2025-07-02T11:56:11+00:00","dateModified":"2025-07-02T11:56:20+00:00","mainEntityOfPage":{"@id":"https:\/\/lospoliticosveracruz.com\/?p=148133"},"wordCount":940,"publisher":{"@id":"https:\/\/lospoliticosveracruz.com\/#organization"},"image":{"@id":"https:\/\/lospoliticosveracruz.com\/?p=148133#primaryimage"},"thumbnailUrl":"https:\/\/lospoliticosveracruz.com\/wp-content\/uploads\/2025\/04\/Bernardo-Gutierrez-Parra.jpg","keywords":["Claudia Tello","Jos\u00e9 Manuel Pozos Castro","Morena","Roc\u00edo Nahle","Veracruz"],"articleSection":["De Opini\u00f3n"],"inLanguage":"es"},{"@type":"WebPage","@id":"https:\/\/lospoliticosveracruz.com\/?p=148133","url":"https:\/\/lospoliticosveracruz.com\/?p=148133","name":"UNA FOTO Y UN EDITORIAL DE 53 PALABRAS - Los pol\u00edticos Veracruz","isPartOf":{"@id":"https:\/\/lospoliticosveracruz.com\/#website"},"primaryImageOfPage":{"@id":"https:\/\/lospoliticosveracruz.com\/?p=148133#primaryimage"},"image":{"@id":"https:\/\/lospoliticosveracruz.com\/?p=148133#primaryimage"},"thumbnailUrl":"https:\/\/lospoliticosveracruz.com\/wp-content\/uploads\/2025\/04\/Bernardo-Gutierrez-Parra.jpg","datePublished":"2025-07-02T11:56:11+00:00","dateModified":"2025-07-02T11:56:20+00:00","breadcrumb":{"@id":"https:\/\/lospoliticosveracruz.com\/?p=148133#breadcrumb"},"inLanguage":"es","potentialAction":[{"@type":"ReadAction","target":["https:\/\/lospoliticosveracruz.com\/?p=148133"]}]},{"@type":"ImageObject","inLanguage":"es","@id":"https:\/\/lospoliticosveracruz.com\/?p=148133#primaryimage","url":"https:\/\/lospoliticosveracruz.com\/wp-content\/uploads\/2025\/04\/Bernardo-Gutierrez-Parra.jpg","contentUrl":"https:\/\/lospoliticosveracruz.com\/wp-content\/uploads\/2025\/04\/Bernardo-Gutierrez-Parra.jpg","width":1250,"height":667},{"@type":"BreadcrumbList","@id":"https:\/\/lospoliticosveracruz.com\/?p=148133#breadcrumb","itemListElement":[{"@type":"ListItem","position":1,"name":"Portada","item":"https:\/\/lospoliticosveracruz.com\/"},{"@type":"ListItem","position":2,"name":"UNA FOTO Y UN EDITORIAL DE 53 PALABRAS"}]},{"@type":"WebSite","@id":"https:\/\/lospoliticosveracruz.com\/#website","url":"https:\/\/lospoliticosveracruz.com\/","name":"Los pol\u00edticos Veracruz","description":"","publisher":{"@id":"https:\/\/lospoliticosveracruz.com\/#organization"},"potentialAction":[{"@type":"SearchAction","target":{"@type":"EntryPoint","urlTemplate":"https:\/\/lospoliticosveracruz.com\/?s={search_term_string}"},"query-input":{"@type":"PropertyValueSpecification","valueRequired":true,"valueName":"search_term_string"}}],"inLanguage":"es"},{"@type":"Organization","@id":"https:\/\/lospoliticosveracruz.com\/#organization","name":"Los pol\u00edticos Veracruz","url":"https:\/\/lospoliticosveracruz.com\/","logo":{"@type":"ImageObject","inLanguage":"es","@id":"https:\/\/lospoliticosveracruz.com\/#\/schema\/logo\/image\/","url":"https:\/\/lospoliticosveracruz.com\/wp-content\/uploads\/2025\/12\/Logo-Nuevo-LOS-POLITICOS-1.jpg","contentUrl":"https:\/\/lospoliticosveracruz.com\/wp-content\/uploads\/2025\/12\/Logo-Nuevo-LOS-POLITICOS-1.jpg","width":260,"height":70,"caption":"Los pol\u00edticos Veracruz"},"image":{"@id":"https:\/\/lospoliticosveracruz.com\/#\/schema\/logo\/image\/"},"sameAs":["https:\/\/www.facebook.com\/people\/Notimemes-de-los-Polticos\/61565672886568\/","https:\/\/x.com\/LosPoliticosVer"]},{"@type":"Person","@id":"https:\/\/lospoliticosveracruz.com\/#\/schema\/person\/b8702bb0e538456e6efd07080bf2a4a2","name":"Lo viste en Los Pol\u00edticos","image":{"@type":"ImageObject","inLanguage":"es","@id":"https:\/\/secure.gravatar.com\/avatar\/3a8de04a2656d44082be478bd6c086daa447c4651605818287b9532d3d0bd435?s=96&d=mm&r=g","url":"https:\/\/secure.gravatar.com\/avatar\/3a8de04a2656d44082be478bd6c086daa447c4651605818287b9532d3d0bd435?s=96&d=mm&r=g","contentUrl":"https:\/\/secure.gravatar.com\/avatar\/3a8de04a2656d44082be478bd6c086daa447c4651605818287b9532d3d0bd435?s=96&d=mm&r=g","caption":"Lo viste en Los Pol\u00edticos"},"url":"https:\/\/lospoliticosveracruz.com\/?author=2"}]}},"_links":{"self":[{"href":"https:\/\/lospoliticosveracruz.com\/index.php?rest_route=\/wp\/v2\/posts\/148133","targetHints":{"allow":["GET"]}}],"collection":[{"href":"https:\/\/lospoliticosveracruz.com\/index.php?rest_route=\/wp\/v2\/posts"}],"about":[{"href":"https:\/\/lospoliticosveracruz.com\/index.php?rest_route=\/wp\/v2\/types\/post"}],"author":[{"embeddable":true,"href":"https:\/\/lospoliticosveracruz.com\/index.php?rest_route=\/wp\/v2\/users\/2"}],"replies":[{"embeddable":true,"href":"https:\/\/lospoliticosveracruz.com\/index.php?rest_route=%2Fwp%2Fv2%2Fcomments&post=148133"}],"version-history":[{"count":2,"href":"https:\/\/lospoliticosveracruz.com\/index.php?rest_route=\/wp\/v2\/posts\/148133\/revisions"}],"predecessor-version":[{"id":148135,"href":"https:\/\/lospoliticosveracruz.com\/index.php?rest_route=\/wp\/v2\/posts\/148133\/revisions\/148135"}],"wp:featuredmedia":[{"embeddable":true,"href":"https:\/\/lospoliticosveracruz.com\/index.php?rest_route=\/wp\/v2\/media\/141479"}],"wp:attachment":[{"href":"https:\/\/lospoliticosveracruz.com\/index.php?rest_route=%2Fwp%2Fv2%2Fmedia&parent=148133"}],"wp:term":[{"taxonomy":"category","embeddable":true,"href":"https:\/\/lospoliticosveracruz.com\/index.php?rest_route=%2Fwp%2Fv2%2Fcategories&post=148133"},{"taxonomy":"post_tag","embeddable":true,"href":"https:\/\/lospoliticosveracruz.com\/index.php?rest_route=%2Fwp%2Fv2%2Ftags&post=148133"}],"curies":[{"name":"wp","href":"https:\/\/api.w.org\/{rel}","templated":true}]}}