{"id":148136,"date":"2025-07-02T07:03:43","date_gmt":"2025-07-02T12:03:43","guid":{"rendered":"https:\/\/lospoliticosveracruz.com.mx\/?p=148136"},"modified":"2025-07-02T07:03:55","modified_gmt":"2025-07-02T12:03:55","slug":"crimen-de-lesa-humanidad-desvio-de-recursos-en-salud","status":"publish","type":"post","link":"https:\/\/lospoliticosveracruz.com\/?p=148136","title":{"rendered":"CRIMEN DE LESA HUMANIDAD, DESV\u00cdO DE RECURSOS EN SALUD"},"content":{"rendered":"\n\n\n<div class=\"wp-block-group is-nowrap is-layout-flex wp-container-core-group-is-layout-ad2f72ca wp-block-group-is-layout-flex\">\n<p><br><strong>Fanny Y\u00e9pez<\/strong><br><em>La Columna<\/em><\/p>\n\n\n\n<p><\/p>\n<\/div>\n\n\n\n<p><\/p>\n\n\n\n<p>La salud es reconocida como un derecho humano fundamental, esencial para el bienestar integral de las personas y para el disfrute de otros derechos como la educaci\u00f3n, el trabajo y la participaci\u00f3n social. Este derecho implica que todos tienen acceso a servicios de salud de calidad, oportunos y equitativos; y que el Estado tiene la obligaci\u00f3n de garantizar las condiciones necesarias para alcanzar el m\u00e1ximo nivel de salud posible.<br>En M\u00e9xico, la salud es reconocida constitucionalmente como un derecho humano fundamental. El art\u00edculo 4\u00b0 de la Constituci\u00f3n Pol\u00edtica de los Estados Unidos Mexicanos establece que toda persona tiene derecho a la protecci\u00f3n de la salud, y que la ley definir\u00e1 las bases y modalidades para el acceso a este tipo de servicios.<br>Por ello considero que es un crimen de lesa humanidad, cuando un funcionario desv\u00eda recursos destinados a la procuraci\u00f3n de la salud para beneficio propio. Estos cr\u00edmenes son especialmente graves y atentan contra los derechos humanos fundamentales, causando un da\u00f1o no solo a las v\u00edctimas directas sino a la humanidad en su conjunto.<br>Cuando en cl\u00ednicas y hospitales del estado de Veracruz, registraban un alarmante desbasto de medicamentos, sobre todo los dedicados para la atenci\u00f3n del c\u00e1ncer, es reprochable y condenable que algunos ambiciosos funcionarios hayan desviado recursos para su beneficio personal. Quiz\u00e1s si tuvieran acceso a los medicamentos muchas vidas se hubieran salvado.<br>Por todo ello y m\u00e1s, aplaudimos que la Contralor\u00eda General del Estado haya interpuesto una denuncia, derivada de distintas observaciones, en contra de quien o quienes resulten responsables del presunto desv\u00edo de recursos de la Secretar\u00eda de Salud que la Auditor\u00eda Federal de la Federaci\u00f3n notific\u00f3.<br>El Contralor General del estado, realiz\u00f3 la denuncia pertinente, por lo que ahora se dar\u00e1 seguimiento al caso, y si existiera alg\u00fan da\u00f1o patrimonial se debe llamar a quien fue secretario de salud a rendir cuentas porque as\u00ed lo marca la propia Auditoria.<br>Las observaciones detectadas por la Auditoria Superior de la Federaci\u00f3n corresponden a la cuenta p\u00fablica 2023, y el \u00f3rgano fiscalizador detect\u00f3 posibles irregularidades por m\u00e1s de mil, 600 millones de pesos que se destinaron en contratos de empresas de reciente creaci\u00f3n.<br>La ASF orden\u00f3, luego de una auditor\u00eda forense, iniciar 24 investigaciones contra funcionarios de la dependencia, por irregularidades en contratos sin justificaci\u00f3n comprobable, los cuales tienen que ver con subrogaci\u00f3n de equipo m\u00e9dico, contrataci\u00f3n de servicio de limpieza, de fletes y de comida.<br>Detr\u00e1s de las operaciones financieras en los servicios de salud de Veracruz estuvo Jorge Eduardo Sisniega Fern\u00e1ndez, director administrativo de la dependencia.<br>Los 128 senadores mexicanos, de los mejor pagados en Latinoam\u00e9rica<br>Cuando millones de personas est\u00e1n desempleadas y la mayor\u00eda que tiene un trabajo perciben salarios raqu\u00edticos, nos indigna enterarnos de los sueldos mensuales que reciben los senadores aqu\u00ed en M\u00e9xico.<br>Un senador en M\u00e9xico percibe mensualmente un salario neto de $131,874 pesos mexicanos, seg\u00fan informaci\u00f3n del Senado. Este monto corresponde a la dieta mensual, que es la retribuci\u00f3n por el desempe\u00f1o de sus funciones como legislador. Adem\u00e1s de la dieta, los senadores reciben otras prestaciones y beneficios econ\u00f3micos, como seguros y gratificaciones. Estas son algunas prestaciones que reciben los 128 senadores.<br>Con ingresos mensuales brutos de nueve mil 666 d\u00f3lares, los senadores mexicanos se ubican entre los legisladores que mejor cobran en Am\u00e9rica Latina, solo por debajo de los congresistas colombianos que devengan 11 mil 884 d\u00f3lares al mes.<br>De acuerdo con un estudio comparativo de la organizaci\u00f3n Directorio Legislativo, que este lunes public\u00f3 el peri\u00f3dico Reforma, establece que los integrantes de la C\u00e1mara alta mexicana est\u00e1n por encima de sus pares de Uruguay, Brasil y Per\u00fa, que son los pa\u00edses que m\u00e1s pagan a su legisladora.<br>En el primer puesto se ubican los parlamentarios colombianos, que cobran 11 mil 884 d\u00f3lares mensuales tanto en la C\u00e1mara de Representantes como en el Senado. M\u00e9xico los sigue con los 9 mil 666 USD que perciben sus senadores, aunque sus diputados federales reciben una suma bastante menor: 5 mil 760 d\u00f3lares al mes. En tercer lugar, est\u00e1 Uruguay, donde tanto senadores como diputados ganan 9 mil 489 d\u00f3lares\u201d, precis\u00f3.<br>La regi\u00f3n, se\u00f1al\u00f3 la ONG, presenta grandes diferencias salariales, pues mientras los senadores mexicanos y los congresistas colombianos cobran m\u00e1s de 9 mil 500 d\u00f3lares mensuales, en otros pa\u00edses los sueldos no alcanzan los 3 mil 500.<br>Tras Colombia y M\u00e9xico, indic\u00f3, entre los pa\u00edses que tienen a los legisladores mejores pagados le sigue Brasil, con sueldos de 8 mil 431 d\u00f3lares; Per\u00fa, con ingresos de 8 mil 239; y Guatemala, donde los congresistas perciben 7 mil 986 al mes.<br>\u00bfEn verdad los 128 senadores devengan el salario que perciben? Usted tiene la respuesta.<\/p>\n","protected":false},"excerpt":{"rendered":"<p>Fanny Y\u00e9pezLa Columna La salud es reconocida como un derecho humano fundamental, esencial para el bienestar integral de las personas y para el disfrute de otros derechos como la educaci\u00f3n, el trabajo y la participaci\u00f3n social. Este derecho implica que todos tienen acceso a servicios de salud de calidad, oportunos y equitativos; y que el [&hellip;]<\/p>\n","protected":false},"author":2,"featured_media":141383,"comment_status":"closed","ping_status":"closed","sticky":false,"template":"","format":"standard","meta":{"tdm_status":"","tdm_grid_status":"","footnotes":""},"categories":[70],"tags":[6274,90,800,195],"class_list":{"0":"post-148136","1":"post","2":"type-post","3":"status-publish","4":"format-standard","5":"has-post-thumbnail","7":"category-de-opinion","8":"tag-desvio-de-recursos","9":"tag-salud","10":"tag-senador","11":"tag-veracruz"},"yoast_head":"<!-- This site is optimized with the Yoast SEO plugin v27.4 - https:\/\/yoast.com\/product\/yoast-seo-wordpress\/ -->\n<title>CRIMEN DE LESA HUMANIDAD, DESV\u00cdO DE RECURSOS EN SALUD - Los pol\u00edticos Veracruz<\/title>\n<meta name=\"robots\" content=\"index, follow, max-snippet:-1, max-image-preview:large, max-video-preview:-1\" \/>\n<link rel=\"canonical\" href=\"https:\/\/lospoliticosveracruz.com\/?p=148136\" \/>\n<meta property=\"og:locale\" content=\"es_ES\" \/>\n<meta property=\"og:type\" content=\"article\" \/>\n<meta property=\"og:title\" content=\"CRIMEN DE LESA HUMANIDAD, DESV\u00cdO DE RECURSOS EN SALUD - Los pol\u00edticos Veracruz\" \/>\n<meta property=\"og:description\" content=\"Fanny Y\u00e9pezLa Columna La salud es reconocida como un derecho humano fundamental, esencial para el bienestar integral de las personas y para el disfrute de otros derechos como la educaci\u00f3n, el trabajo y la participaci\u00f3n social. Este derecho implica que todos tienen acceso a servicios de salud de calidad, oportunos y equitativos; y que el [&hellip;]\" \/>\n<meta property=\"og:url\" content=\"https:\/\/lospoliticosveracruz.com\/?p=148136\" \/>\n<meta property=\"og:site_name\" content=\"Los pol\u00edticos Veracruz\" \/>\n<meta property=\"article:publisher\" content=\"https:\/\/www.facebook.com\/people\/Notimemes-de-los-Polticos\/61565672886568\/\" \/>\n<meta property=\"article:published_time\" content=\"2025-07-02T12:03:43+00:00\" \/>\n<meta property=\"article:modified_time\" content=\"2025-07-02T12:03:55+00:00\" \/>\n<meta property=\"og:image\" content=\"https:\/\/lospoliticosveracruz.com\/wp-content\/uploads\/2025\/04\/Fanny-Yepez-Luna-e1768657334923.jpg\" \/>\n\t<meta property=\"og:image:width\" content=\"600\" \/>\n\t<meta property=\"og:image:height\" content=\"320\" \/>\n\t<meta property=\"og:image:type\" content=\"image\/jpeg\" \/>\n<meta name=\"author\" content=\"Lo viste en Los Pol\u00edticos\" \/>\n<meta name=\"twitter:card\" content=\"summary_large_image\" \/>\n<meta name=\"twitter:creator\" content=\"@LosPoliticosVer\" \/>\n<meta name=\"twitter:site\" content=\"@LosPoliticosVer\" \/>\n<meta name=\"twitter:label1\" content=\"Escrito por\" \/>\n\t<meta name=\"twitter:data1\" content=\"Lo viste en Los Pol\u00edticos\" \/>\n\t<meta name=\"twitter:label2\" content=\"Tiempo de lectura\" \/>\n\t<meta name=\"twitter:data2\" content=\"4 minutos\" \/>\n<script type=\"application\/ld+json\" class=\"yoast-schema-graph\">{\"@context\":\"https:\\\/\\\/schema.org\",\"@graph\":[{\"@type\":\"Article\",\"@id\":\"https:\\\/\\\/lospoliticosveracruz.com\\\/?p=148136#article\",\"isPartOf\":{\"@id\":\"https:\\\/\\\/lospoliticosveracruz.com\\\/?p=148136\"},\"author\":{\"name\":\"Lo viste en Los Pol\u00edticos\",\"@id\":\"https:\\\/\\\/lospoliticosveracruz.com\\\/#\\\/schema\\\/person\\\/b8702bb0e538456e6efd07080bf2a4a2\"},\"headline\":\"CRIMEN DE LESA HUMANIDAD, DESV\u00cdO DE RECURSOS EN SALUD\",\"datePublished\":\"2025-07-02T12:03:43+00:00\",\"dateModified\":\"2025-07-02T12:03:55+00:00\",\"mainEntityOfPage\":{\"@id\":\"https:\\\/\\\/lospoliticosveracruz.com\\\/?p=148136\"},\"wordCount\":828,\"publisher\":{\"@id\":\"https:\\\/\\\/lospoliticosveracruz.com\\\/#organization\"},\"image\":{\"@id\":\"https:\\\/\\\/lospoliticosveracruz.com\\\/?p=148136#primaryimage\"},\"thumbnailUrl\":\"https:\\\/\\\/lospoliticosveracruz.com\\\/wp-content\\\/uploads\\\/2025\\\/04\\\/Fanny-Yepez-Luna-e1768657334923.jpg\",\"keywords\":[\"Desv\u00edo de recursos\",\"Salud\",\"senador\",\"Veracruz\"],\"articleSection\":[\"De Opini\u00f3n\"],\"inLanguage\":\"es\"},{\"@type\":\"WebPage\",\"@id\":\"https:\\\/\\\/lospoliticosveracruz.com\\\/?p=148136\",\"url\":\"https:\\\/\\\/lospoliticosveracruz.com\\\/?p=148136\",\"name\":\"CRIMEN DE LESA HUMANIDAD, DESV\u00cdO DE RECURSOS EN SALUD - Los pol\u00edticos Veracruz\",\"isPartOf\":{\"@id\":\"https:\\\/\\\/lospoliticosveracruz.com\\\/#website\"},\"primaryImageOfPage\":{\"@id\":\"https:\\\/\\\/lospoliticosveracruz.com\\\/?p=148136#primaryimage\"},\"image\":{\"@id\":\"https:\\\/\\\/lospoliticosveracruz.com\\\/?p=148136#primaryimage\"},\"thumbnailUrl\":\"https:\\\/\\\/lospoliticosveracruz.com\\\/wp-content\\\/uploads\\\/2025\\\/04\\\/Fanny-Yepez-Luna-e1768657334923.jpg\",\"datePublished\":\"2025-07-02T12:03:43+00:00\",\"dateModified\":\"2025-07-02T12:03:55+00:00\",\"breadcrumb\":{\"@id\":\"https:\\\/\\\/lospoliticosveracruz.com\\\/?p=148136#breadcrumb\"},\"inLanguage\":\"es\",\"potentialAction\":[{\"@type\":\"ReadAction\",\"target\":[\"https:\\\/\\\/lospoliticosveracruz.com\\\/?p=148136\"]}]},{\"@type\":\"ImageObject\",\"inLanguage\":\"es\",\"@id\":\"https:\\\/\\\/lospoliticosveracruz.com\\\/?p=148136#primaryimage\",\"url\":\"https:\\\/\\\/lospoliticosveracruz.com\\\/wp-content\\\/uploads\\\/2025\\\/04\\\/Fanny-Yepez-Luna-e1768657334923.jpg\",\"contentUrl\":\"https:\\\/\\\/lospoliticosveracruz.com\\\/wp-content\\\/uploads\\\/2025\\\/04\\\/Fanny-Yepez-Luna-e1768657334923.jpg\",\"width\":600,\"height\":320},{\"@type\":\"BreadcrumbList\",\"@id\":\"https:\\\/\\\/lospoliticosveracruz.com\\\/?p=148136#breadcrumb\",\"itemListElement\":[{\"@type\":\"ListItem\",\"position\":1,\"name\":\"Portada\",\"item\":\"https:\\\/\\\/lospoliticosveracruz.com\\\/\"},{\"@type\":\"ListItem\",\"position\":2,\"name\":\"CRIMEN DE LESA HUMANIDAD, DESV\u00cdO DE RECURSOS EN SALUD\"}]},{\"@type\":\"WebSite\",\"@id\":\"https:\\\/\\\/lospoliticosveracruz.com\\\/#website\",\"url\":\"https:\\\/\\\/lospoliticosveracruz.com\\\/\",\"name\":\"Los pol\u00edticos Veracruz\",\"description\":\"\",\"publisher\":{\"@id\":\"https:\\\/\\\/lospoliticosveracruz.com\\\/#organization\"},\"potentialAction\":[{\"@type\":\"SearchAction\",\"target\":{\"@type\":\"EntryPoint\",\"urlTemplate\":\"https:\\\/\\\/lospoliticosveracruz.com\\\/?s={search_term_string}\"},\"query-input\":{\"@type\":\"PropertyValueSpecification\",\"valueRequired\":true,\"valueName\":\"search_term_string\"}}],\"inLanguage\":\"es\"},{\"@type\":\"Organization\",\"@id\":\"https:\\\/\\\/lospoliticosveracruz.com\\\/#organization\",\"name\":\"Los pol\u00edticos Veracruz\",\"url\":\"https:\\\/\\\/lospoliticosveracruz.com\\\/\",\"logo\":{\"@type\":\"ImageObject\",\"inLanguage\":\"es\",\"@id\":\"https:\\\/\\\/lospoliticosveracruz.com\\\/#\\\/schema\\\/logo\\\/image\\\/\",\"url\":\"https:\\\/\\\/lospoliticosveracruz.com\\\/wp-content\\\/uploads\\\/2025\\\/12\\\/Logo-Nuevo-LOS-POLITICOS-1.jpg\",\"contentUrl\":\"https:\\\/\\\/lospoliticosveracruz.com\\\/wp-content\\\/uploads\\\/2025\\\/12\\\/Logo-Nuevo-LOS-POLITICOS-1.jpg\",\"width\":260,\"height\":70,\"caption\":\"Los pol\u00edticos Veracruz\"},\"image\":{\"@id\":\"https:\\\/\\\/lospoliticosveracruz.com\\\/#\\\/schema\\\/logo\\\/image\\\/\"},\"sameAs\":[\"https:\\\/\\\/www.facebook.com\\\/people\\\/Notimemes-de-los-Polticos\\\/61565672886568\\\/\",\"https:\\\/\\\/x.com\\\/LosPoliticosVer\"]},{\"@type\":\"Person\",\"@id\":\"https:\\\/\\\/lospoliticosveracruz.com\\\/#\\\/schema\\\/person\\\/b8702bb0e538456e6efd07080bf2a4a2\",\"name\":\"Lo viste en Los Pol\u00edticos\",\"image\":{\"@type\":\"ImageObject\",\"inLanguage\":\"es\",\"@id\":\"https:\\\/\\\/secure.gravatar.com\\\/avatar\\\/3a8de04a2656d44082be478bd6c086daa447c4651605818287b9532d3d0bd435?s=96&d=mm&r=g\",\"url\":\"https:\\\/\\\/secure.gravatar.com\\\/avatar\\\/3a8de04a2656d44082be478bd6c086daa447c4651605818287b9532d3d0bd435?s=96&d=mm&r=g\",\"contentUrl\":\"https:\\\/\\\/secure.gravatar.com\\\/avatar\\\/3a8de04a2656d44082be478bd6c086daa447c4651605818287b9532d3d0bd435?s=96&d=mm&r=g\",\"caption\":\"Lo viste en Los Pol\u00edticos\"},\"url\":\"https:\\\/\\\/lospoliticosveracruz.com\\\/?author=2\"}]}<\/script>\n<!-- \/ Yoast SEO plugin. -->","yoast_head_json":{"title":"CRIMEN DE LESA HUMANIDAD, DESV\u00cdO DE RECURSOS EN SALUD - Los pol\u00edticos Veracruz","robots":{"index":"index","follow":"follow","max-snippet":"max-snippet:-1","max-image-preview":"max-image-preview:large","max-video-preview":"max-video-preview:-1"},"canonical":"https:\/\/lospoliticosveracruz.com\/?p=148136","og_locale":"es_ES","og_type":"article","og_title":"CRIMEN DE LESA HUMANIDAD, DESV\u00cdO DE RECURSOS EN SALUD - Los pol\u00edticos Veracruz","og_description":"Fanny Y\u00e9pezLa Columna La salud es reconocida como un derecho humano fundamental, esencial para el bienestar integral de las personas y para el disfrute de otros derechos como la educaci\u00f3n, el trabajo y la participaci\u00f3n social. Este derecho implica que todos tienen acceso a servicios de salud de calidad, oportunos y equitativos; y que el [&hellip;]","og_url":"https:\/\/lospoliticosveracruz.com\/?p=148136","og_site_name":"Los pol\u00edticos Veracruz","article_publisher":"https:\/\/www.facebook.com\/people\/Notimemes-de-los-Polticos\/61565672886568\/","article_published_time":"2025-07-02T12:03:43+00:00","article_modified_time":"2025-07-02T12:03:55+00:00","og_image":[{"width":600,"height":320,"url":"https:\/\/lospoliticosveracruz.com\/wp-content\/uploads\/2025\/04\/Fanny-Yepez-Luna-e1768657334923.jpg","type":"image\/jpeg"}],"author":"Lo viste en Los Pol\u00edticos","twitter_card":"summary_large_image","twitter_creator":"@LosPoliticosVer","twitter_site":"@LosPoliticosVer","twitter_misc":{"Escrito por":"Lo viste en Los Pol\u00edticos","Tiempo de lectura":"4 minutos"},"schema":{"@context":"https:\/\/schema.org","@graph":[{"@type":"Article","@id":"https:\/\/lospoliticosveracruz.com\/?p=148136#article","isPartOf":{"@id":"https:\/\/lospoliticosveracruz.com\/?p=148136"},"author":{"name":"Lo viste en Los Pol\u00edticos","@id":"https:\/\/lospoliticosveracruz.com\/#\/schema\/person\/b8702bb0e538456e6efd07080bf2a4a2"},"headline":"CRIMEN DE LESA HUMANIDAD, DESV\u00cdO DE RECURSOS EN SALUD","datePublished":"2025-07-02T12:03:43+00:00","dateModified":"2025-07-02T12:03:55+00:00","mainEntityOfPage":{"@id":"https:\/\/lospoliticosveracruz.com\/?p=148136"},"wordCount":828,"publisher":{"@id":"https:\/\/lospoliticosveracruz.com\/#organization"},"image":{"@id":"https:\/\/lospoliticosveracruz.com\/?p=148136#primaryimage"},"thumbnailUrl":"https:\/\/lospoliticosveracruz.com\/wp-content\/uploads\/2025\/04\/Fanny-Yepez-Luna-e1768657334923.jpg","keywords":["Desv\u00edo de recursos","Salud","senador","Veracruz"],"articleSection":["De Opini\u00f3n"],"inLanguage":"es"},{"@type":"WebPage","@id":"https:\/\/lospoliticosveracruz.com\/?p=148136","url":"https:\/\/lospoliticosveracruz.com\/?p=148136","name":"CRIMEN DE LESA HUMANIDAD, DESV\u00cdO DE RECURSOS EN SALUD - Los pol\u00edticos Veracruz","isPartOf":{"@id":"https:\/\/lospoliticosveracruz.com\/#website"},"primaryImageOfPage":{"@id":"https:\/\/lospoliticosveracruz.com\/?p=148136#primaryimage"},"image":{"@id":"https:\/\/lospoliticosveracruz.com\/?p=148136#primaryimage"},"thumbnailUrl":"https:\/\/lospoliticosveracruz.com\/wp-content\/uploads\/2025\/04\/Fanny-Yepez-Luna-e1768657334923.jpg","datePublished":"2025-07-02T12:03:43+00:00","dateModified":"2025-07-02T12:03:55+00:00","breadcrumb":{"@id":"https:\/\/lospoliticosveracruz.com\/?p=148136#breadcrumb"},"inLanguage":"es","potentialAction":[{"@type":"ReadAction","target":["https:\/\/lospoliticosveracruz.com\/?p=148136"]}]},{"@type":"ImageObject","inLanguage":"es","@id":"https:\/\/lospoliticosveracruz.com\/?p=148136#primaryimage","url":"https:\/\/lospoliticosveracruz.com\/wp-content\/uploads\/2025\/04\/Fanny-Yepez-Luna-e1768657334923.jpg","contentUrl":"https:\/\/lospoliticosveracruz.com\/wp-content\/uploads\/2025\/04\/Fanny-Yepez-Luna-e1768657334923.jpg","width":600,"height":320},{"@type":"BreadcrumbList","@id":"https:\/\/lospoliticosveracruz.com\/?p=148136#breadcrumb","itemListElement":[{"@type":"ListItem","position":1,"name":"Portada","item":"https:\/\/lospoliticosveracruz.com\/"},{"@type":"ListItem","position":2,"name":"CRIMEN DE LESA HUMANIDAD, DESV\u00cdO DE RECURSOS EN SALUD"}]},{"@type":"WebSite","@id":"https:\/\/lospoliticosveracruz.com\/#website","url":"https:\/\/lospoliticosveracruz.com\/","name":"Los pol\u00edticos Veracruz","description":"","publisher":{"@id":"https:\/\/lospoliticosveracruz.com\/#organization"},"potentialAction":[{"@type":"SearchAction","target":{"@type":"EntryPoint","urlTemplate":"https:\/\/lospoliticosveracruz.com\/?s={search_term_string}"},"query-input":{"@type":"PropertyValueSpecification","valueRequired":true,"valueName":"search_term_string"}}],"inLanguage":"es"},{"@type":"Organization","@id":"https:\/\/lospoliticosveracruz.com\/#organization","name":"Los pol\u00edticos Veracruz","url":"https:\/\/lospoliticosveracruz.com\/","logo":{"@type":"ImageObject","inLanguage":"es","@id":"https:\/\/lospoliticosveracruz.com\/#\/schema\/logo\/image\/","url":"https:\/\/lospoliticosveracruz.com\/wp-content\/uploads\/2025\/12\/Logo-Nuevo-LOS-POLITICOS-1.jpg","contentUrl":"https:\/\/lospoliticosveracruz.com\/wp-content\/uploads\/2025\/12\/Logo-Nuevo-LOS-POLITICOS-1.jpg","width":260,"height":70,"caption":"Los pol\u00edticos Veracruz"},"image":{"@id":"https:\/\/lospoliticosveracruz.com\/#\/schema\/logo\/image\/"},"sameAs":["https:\/\/www.facebook.com\/people\/Notimemes-de-los-Polticos\/61565672886568\/","https:\/\/x.com\/LosPoliticosVer"]},{"@type":"Person","@id":"https:\/\/lospoliticosveracruz.com\/#\/schema\/person\/b8702bb0e538456e6efd07080bf2a4a2","name":"Lo viste en Los Pol\u00edticos","image":{"@type":"ImageObject","inLanguage":"es","@id":"https:\/\/secure.gravatar.com\/avatar\/3a8de04a2656d44082be478bd6c086daa447c4651605818287b9532d3d0bd435?s=96&d=mm&r=g","url":"https:\/\/secure.gravatar.com\/avatar\/3a8de04a2656d44082be478bd6c086daa447c4651605818287b9532d3d0bd435?s=96&d=mm&r=g","contentUrl":"https:\/\/secure.gravatar.com\/avatar\/3a8de04a2656d44082be478bd6c086daa447c4651605818287b9532d3d0bd435?s=96&d=mm&r=g","caption":"Lo viste en Los Pol\u00edticos"},"url":"https:\/\/lospoliticosveracruz.com\/?author=2"}]}},"_links":{"self":[{"href":"https:\/\/lospoliticosveracruz.com\/index.php?rest_route=\/wp\/v2\/posts\/148136","targetHints":{"allow":["GET"]}}],"collection":[{"href":"https:\/\/lospoliticosveracruz.com\/index.php?rest_route=\/wp\/v2\/posts"}],"about":[{"href":"https:\/\/lospoliticosveracruz.com\/index.php?rest_route=\/wp\/v2\/types\/post"}],"author":[{"embeddable":true,"href":"https:\/\/lospoliticosveracruz.com\/index.php?rest_route=\/wp\/v2\/users\/2"}],"replies":[{"embeddable":true,"href":"https:\/\/lospoliticosveracruz.com\/index.php?rest_route=%2Fwp%2Fv2%2Fcomments&post=148136"}],"version-history":[{"count":1,"href":"https:\/\/lospoliticosveracruz.com\/index.php?rest_route=\/wp\/v2\/posts\/148136\/revisions"}],"predecessor-version":[{"id":148137,"href":"https:\/\/lospoliticosveracruz.com\/index.php?rest_route=\/wp\/v2\/posts\/148136\/revisions\/148137"}],"wp:featuredmedia":[{"embeddable":true,"href":"https:\/\/lospoliticosveracruz.com\/index.php?rest_route=\/wp\/v2\/media\/141383"}],"wp:attachment":[{"href":"https:\/\/lospoliticosveracruz.com\/index.php?rest_route=%2Fwp%2Fv2%2Fmedia&parent=148136"}],"wp:term":[{"taxonomy":"category","embeddable":true,"href":"https:\/\/lospoliticosveracruz.com\/index.php?rest_route=%2Fwp%2Fv2%2Fcategories&post=148136"},{"taxonomy":"post_tag","embeddable":true,"href":"https:\/\/lospoliticosveracruz.com\/index.php?rest_route=%2Fwp%2Fv2%2Ftags&post=148136"}],"curies":[{"name":"wp","href":"https:\/\/api.w.org\/{rel}","templated":true}]}}