{"id":14816,"date":"2015-02-08T17:28:28","date_gmt":"2015-02-08T23:28:28","guid":{"rendered":"http:\/\/www.lospoliticosveracruz.com.mx\/?p=14816"},"modified":"2015-02-08T17:28:28","modified_gmt":"2015-02-08T23:28:28","slug":"americo-reta-al-amor","status":"publish","type":"post","link":"https:\/\/lospoliticosveracruz.com\/?p=14816","title":{"rendered":"\u00a1Am\u00e9rico reta al amor!"},"content":{"rendered":"<blockquote><p><a href=\"http:\/\/www.lospoliticosveracruz.com.mx\/wp-content\/uploads\/2015\/02\/14-Febrero.jpg\"><img loading=\"lazy\" decoding=\"async\" class=\"alignnone size-medium wp-image-14817\" src=\"http:\/\/www.lospoliticosveracruz.com.mx\/wp-content\/uploads\/2015\/02\/14-Febrero-216x300.jpg\" alt=\"14 Febrero\" width=\"216\" height=\"300\" \/><\/a><\/p>\n<p>\u00a1Enam\u00f3rate en Xalapa! Invitan al Festival del Amor y la Amistad 2015<\/p>\n<p>Participa en concursos, juegos y actividades entre\u00a0parejas y amigos este 14 de febrero<\/p><\/blockquote>\n<p>&nbsp;<\/p>\n<p>Xalapa, Ver., 08 de febrero de 2015.- El Ayuntamiento de Xalapa a trav\u00e9s de la Direcci\u00f3n de Cultura, Educaci\u00f3n y Deporte, invita al p\u00fablico en general al Festival del D\u00eda del Amor y la Amistad, en el cual se ha preparado un gran evento con m\u00fasica en vivo a cargo de Madera Sepia, Rondalla Magistral de Xalapa, Rondalla Luna de Plata, Banda de rock \u201cMikels\u201d, Ensamble Pauta Nueva y la Orquesta Municipal de Xalapa.<\/p>\n<p>Este evento dar\u00e1 inicio en punto de las 13:00 horas del d\u00eda s\u00e1bado 14 de febrero, teniendo como sede la explanada del Parque Ju\u00e1rez. Adem\u00e1s de los conciertos que se tienen preparados habr\u00e1 actividades recreativas y grandes sorpresas.<\/p>\n<p>Abrir\u00e1 este evento del Amor y la Amistad el grupo Madera Sepia, proyecto mexicano de Indie Pop que surge en la ciudad de Xalapa en octubre de 2012, buscando formar parte de la escena independiente del pa\u00eds.<\/p>\n<p>Con influencias como Natalia Lafourcade, Leonel Garc\u00eda, Gian Marco, Vicente Garc\u00eda, Jack Johnson, entre otros, Madera Sepia experimenta con g\u00e9neros que van desde el Pop, pasando por la Bossa Nova, el Bolero, Blues, Funk y Country.<\/p>\n<p>Por otra parte, se presentar\u00e1n en el escenario otras agrupaciones como la Rondalla Magistral de Xalapa y Rondalla Luna de Plata, quienes con sus\u00a0entonadas voces y guitarras tocar\u00e1n el coraz\u00f3n y la sensibilidad de los asistentes con un repertorio de canciones rom\u00e1nticas.<\/p>\n<p>Despu\u00e9s de la participaci\u00f3n de las rondallas, el Ensamble Pauta Nueva ofrecer\u00e1 un concierto. El Ensamble fue fundado el 5 de septiembre de 2001 con 6 m\u00fasicos integrantes de la Orquesta Municipal de Xalapa, con la finalidad de llevar la cultura musical a las escuelas en todos los niveles educativos a trav\u00e9s de sus conciertos did\u00e1cticos, desde sus inicios la agrupaci\u00f3n se ha caracterizado por tocar m\u00fasica popular.<\/p>\n<p>Este festival tambi\u00e9n es una puerta que se abre a los nuevos exponentes de la m\u00fasica, es as\u00ed como TheMikels ofrecer\u00e1 un programa musical rom\u00e1ntico con toques de rock y blues. La agrupaci\u00f3n se form\u00f3 a finales del 2012, originalmente bajo el nombre de \u201cTheBlackbirds\u201d, integrado finalmente por Ulises Ram\u00edrez (Guitarra L\u00edder) Miguel Vallejo (Bater\u00eda) Alexis Rosales (Bajo) y Aldair Mart\u00ednez (Guitarra R\u00edtmica\/voz).<\/p>\n<p>Para cerrar el concierto, la Orquesta Municipal de Xalapa deleitar\u00e1 a los asistentes con un concierto dedicado al Amor y la Amistad, con canciones como \u201cEl guardaespaldas\u201d, \u201cCien a\u00f1os\u201d, \u201cLoveStory\u201d, entre otras. La Orquesta Municipal de Xalapa se conform\u00f3 como Banda de M\u00fasica en 1991, con la finalidad de difundir diversos g\u00e9neros musicales dentro y fuera de nuestro estado. Al incorporarse las secciones arm\u00f3nica y vocal, se convirti\u00f3 en una orquesta con la versatilidad que ahora la caracteriza. Desde sus inicios, esta agrupaci\u00f3n ha participado en varios foros culturales y educativos.<\/p>\n","protected":false},"excerpt":{"rendered":"<p>\u00a1Enam\u00f3rate en Xalapa! Invitan al Festival del Amor y la Amistad 2015 Participa en concursos, juegos y actividades entre\u00a0parejas y amigos este 14 de febrero &nbsp; Xalapa, Ver., 08 de febrero de 2015.- El Ayuntamiento de Xalapa a trav\u00e9s de la Direcci\u00f3n de Cultura, Educaci\u00f3n y Deporte, invita al p\u00fablico en general al Festival del [&hellip;]<\/p>\n","protected":false},"author":2,"featured_media":0,"comment_status":"open","ping_status":"open","sticky":false,"template":"","format":"standard","meta":{"tdm_status":"","tdm_grid_status":"","footnotes":""},"categories":[73],"tags":[1534,1721,1723,1725,1724],"class_list":{"0":"post-14816","1":"post","2":"type-post","3":"status-publish","4":"format-standard","6":"category-de-boleto","7":"tag-ayuntamiento-de-xalapa","8":"tag-dia-del-amor-y-la-amistad","9":"tag-parque-juarez","10":"tag-rondalla-luna-de-plata","11":"tag-rondalla-magistral-de-xalapa"},"yoast_head":"<!-- This site is optimized with the Yoast SEO plugin v27.4 - https:\/\/yoast.com\/product\/yoast-seo-wordpress\/ -->\n<title>\u00a1Am\u00e9rico reta al amor! - Los pol\u00edticos Veracruz<\/title>\n<meta name=\"robots\" content=\"index, follow, max-snippet:-1, max-image-preview:large, max-video-preview:-1\" \/>\n<link rel=\"canonical\" href=\"https:\/\/lospoliticosveracruz.com\/?p=14816\" \/>\n<meta property=\"og:locale\" content=\"es_ES\" \/>\n<meta property=\"og:type\" content=\"article\" \/>\n<meta property=\"og:title\" content=\"\u00a1Am\u00e9rico reta al amor! - Los pol\u00edticos Veracruz\" \/>\n<meta property=\"og:description\" content=\"\u00a1Enam\u00f3rate en Xalapa! Invitan al Festival del Amor y la Amistad 2015 Participa en concursos, juegos y actividades entre\u00a0parejas y amigos este 14 de febrero &nbsp; Xalapa, Ver., 08 de febrero de 2015.- El Ayuntamiento de Xalapa a trav\u00e9s de la Direcci\u00f3n de Cultura, Educaci\u00f3n y Deporte, invita al p\u00fablico en general al Festival del [&hellip;]\" \/>\n<meta property=\"og:url\" content=\"https:\/\/lospoliticosveracruz.com\/?p=14816\" \/>\n<meta property=\"og:site_name\" content=\"Los pol\u00edticos Veracruz\" \/>\n<meta property=\"article:publisher\" content=\"https:\/\/www.facebook.com\/people\/Notimemes-de-los-Polticos\/61565672886568\/\" \/>\n<meta property=\"article:published_time\" content=\"2015-02-08T23:28:28+00:00\" \/>\n<meta property=\"og:image\" content=\"http:\/\/www.lospoliticosveracruz.com.mx\/wp-content\/uploads\/2015\/02\/14-Febrero-216x300.jpg\" \/>\n<meta name=\"author\" content=\"Lo viste en Los Pol\u00edticos\" \/>\n<meta name=\"twitter:card\" content=\"summary_large_image\" \/>\n<meta name=\"twitter:creator\" content=\"@LosPoliticosVer\" \/>\n<meta name=\"twitter:site\" content=\"@LosPoliticosVer\" \/>\n<meta name=\"twitter:label1\" content=\"Escrito por\" \/>\n\t<meta name=\"twitter:data1\" content=\"Lo viste en Los Pol\u00edticos\" \/>\n\t<meta name=\"twitter:label2\" content=\"Tiempo de lectura\" \/>\n\t<meta name=\"twitter:data2\" content=\"3 minutos\" \/>\n<script type=\"application\/ld+json\" class=\"yoast-schema-graph\">{\"@context\":\"https:\\\/\\\/schema.org\",\"@graph\":[{\"@type\":\"Article\",\"@id\":\"https:\\\/\\\/lospoliticosveracruz.com\\\/?p=14816#article\",\"isPartOf\":{\"@id\":\"https:\\\/\\\/lospoliticosveracruz.com\\\/?p=14816\"},\"author\":{\"name\":\"Lo viste en Los Pol\u00edticos\",\"@id\":\"https:\\\/\\\/lospoliticosveracruz.com\\\/#\\\/schema\\\/person\\\/b8702bb0e538456e6efd07080bf2a4a2\"},\"headline\":\"\u00a1Am\u00e9rico reta al amor!\",\"datePublished\":\"2015-02-08T23:28:28+00:00\",\"mainEntityOfPage\":{\"@id\":\"https:\\\/\\\/lospoliticosveracruz.com\\\/?p=14816\"},\"wordCount\":512,\"commentCount\":0,\"publisher\":{\"@id\":\"https:\\\/\\\/lospoliticosveracruz.com\\\/#organization\"},\"image\":{\"@id\":\"https:\\\/\\\/lospoliticosveracruz.com\\\/?p=14816#primaryimage\"},\"thumbnailUrl\":\"http:\\\/\\\/www.lospoliticosveracruz.com.mx\\\/wp-content\\\/uploads\\\/2015\\\/02\\\/14-Febrero-216x300.jpg\",\"keywords\":[\"ayuntamiento de Xalapa\",\"D\u00eda del Amor y la Amistad\",\"Parque Ju\u00e1rez\",\"Rondalla Luna de Plata\",\"Rondalla Magistral de Xalapa\"],\"articleSection\":[\"De Boleto\"],\"inLanguage\":\"es\",\"potentialAction\":[{\"@type\":\"CommentAction\",\"name\":\"Comment\",\"target\":[\"https:\\\/\\\/lospoliticosveracruz.com\\\/?p=14816#respond\"]}]},{\"@type\":\"WebPage\",\"@id\":\"https:\\\/\\\/lospoliticosveracruz.com\\\/?p=14816\",\"url\":\"https:\\\/\\\/lospoliticosveracruz.com\\\/?p=14816\",\"name\":\"\u00a1Am\u00e9rico reta al amor! - Los pol\u00edticos Veracruz\",\"isPartOf\":{\"@id\":\"https:\\\/\\\/lospoliticosveracruz.com\\\/#website\"},\"primaryImageOfPage\":{\"@id\":\"https:\\\/\\\/lospoliticosveracruz.com\\\/?p=14816#primaryimage\"},\"image\":{\"@id\":\"https:\\\/\\\/lospoliticosveracruz.com\\\/?p=14816#primaryimage\"},\"thumbnailUrl\":\"http:\\\/\\\/www.lospoliticosveracruz.com.mx\\\/wp-content\\\/uploads\\\/2015\\\/02\\\/14-Febrero-216x300.jpg\",\"datePublished\":\"2015-02-08T23:28:28+00:00\",\"breadcrumb\":{\"@id\":\"https:\\\/\\\/lospoliticosveracruz.com\\\/?p=14816#breadcrumb\"},\"inLanguage\":\"es\",\"potentialAction\":[{\"@type\":\"ReadAction\",\"target\":[\"https:\\\/\\\/lospoliticosveracruz.com\\\/?p=14816\"]}]},{\"@type\":\"ImageObject\",\"inLanguage\":\"es\",\"@id\":\"https:\\\/\\\/lospoliticosveracruz.com\\\/?p=14816#primaryimage\",\"url\":\"http:\\\/\\\/www.lospoliticosveracruz.com.mx\\\/wp-content\\\/uploads\\\/2015\\\/02\\\/14-Febrero-216x300.jpg\",\"contentUrl\":\"http:\\\/\\\/www.lospoliticosveracruz.com.mx\\\/wp-content\\\/uploads\\\/2015\\\/02\\\/14-Febrero-216x300.jpg\"},{\"@type\":\"BreadcrumbList\",\"@id\":\"https:\\\/\\\/lospoliticosveracruz.com\\\/?p=14816#breadcrumb\",\"itemListElement\":[{\"@type\":\"ListItem\",\"position\":1,\"name\":\"Portada\",\"item\":\"https:\\\/\\\/lospoliticosveracruz.com\\\/\"},{\"@type\":\"ListItem\",\"position\":2,\"name\":\"\u00a1Am\u00e9rico reta al amor!\"}]},{\"@type\":\"WebSite\",\"@id\":\"https:\\\/\\\/lospoliticosveracruz.com\\\/#website\",\"url\":\"https:\\\/\\\/lospoliticosveracruz.com\\\/\",\"name\":\"Los pol\u00edticos Veracruz\",\"description\":\"\",\"publisher\":{\"@id\":\"https:\\\/\\\/lospoliticosveracruz.com\\\/#organization\"},\"potentialAction\":[{\"@type\":\"SearchAction\",\"target\":{\"@type\":\"EntryPoint\",\"urlTemplate\":\"https:\\\/\\\/lospoliticosveracruz.com\\\/?s={search_term_string}\"},\"query-input\":{\"@type\":\"PropertyValueSpecification\",\"valueRequired\":true,\"valueName\":\"search_term_string\"}}],\"inLanguage\":\"es\"},{\"@type\":\"Organization\",\"@id\":\"https:\\\/\\\/lospoliticosveracruz.com\\\/#organization\",\"name\":\"Los pol\u00edticos Veracruz\",\"url\":\"https:\\\/\\\/lospoliticosveracruz.com\\\/\",\"logo\":{\"@type\":\"ImageObject\",\"inLanguage\":\"es\",\"@id\":\"https:\\\/\\\/lospoliticosveracruz.com\\\/#\\\/schema\\\/logo\\\/image\\\/\",\"url\":\"https:\\\/\\\/lospoliticosveracruz.com\\\/wp-content\\\/uploads\\\/2025\\\/12\\\/Logo-Nuevo-LOS-POLITICOS-1.jpg\",\"contentUrl\":\"https:\\\/\\\/lospoliticosveracruz.com\\\/wp-content\\\/uploads\\\/2025\\\/12\\\/Logo-Nuevo-LOS-POLITICOS-1.jpg\",\"width\":260,\"height\":70,\"caption\":\"Los pol\u00edticos Veracruz\"},\"image\":{\"@id\":\"https:\\\/\\\/lospoliticosveracruz.com\\\/#\\\/schema\\\/logo\\\/image\\\/\"},\"sameAs\":[\"https:\\\/\\\/www.facebook.com\\\/people\\\/Notimemes-de-los-Polticos\\\/61565672886568\\\/\",\"https:\\\/\\\/x.com\\\/LosPoliticosVer\"]},{\"@type\":\"Person\",\"@id\":\"https:\\\/\\\/lospoliticosveracruz.com\\\/#\\\/schema\\\/person\\\/b8702bb0e538456e6efd07080bf2a4a2\",\"name\":\"Lo viste en Los Pol\u00edticos\",\"image\":{\"@type\":\"ImageObject\",\"inLanguage\":\"es\",\"@id\":\"https:\\\/\\\/secure.gravatar.com\\\/avatar\\\/3a8de04a2656d44082be478bd6c086daa447c4651605818287b9532d3d0bd435?s=96&d=mm&r=g\",\"url\":\"https:\\\/\\\/secure.gravatar.com\\\/avatar\\\/3a8de04a2656d44082be478bd6c086daa447c4651605818287b9532d3d0bd435?s=96&d=mm&r=g\",\"contentUrl\":\"https:\\\/\\\/secure.gravatar.com\\\/avatar\\\/3a8de04a2656d44082be478bd6c086daa447c4651605818287b9532d3d0bd435?s=96&d=mm&r=g\",\"caption\":\"Lo viste en Los Pol\u00edticos\"},\"url\":\"https:\\\/\\\/lospoliticosveracruz.com\\\/?author=2\"}]}<\/script>\n<!-- \/ Yoast SEO plugin. -->","yoast_head_json":{"title":"\u00a1Am\u00e9rico reta al amor! - Los pol\u00edticos Veracruz","robots":{"index":"index","follow":"follow","max-snippet":"max-snippet:-1","max-image-preview":"max-image-preview:large","max-video-preview":"max-video-preview:-1"},"canonical":"https:\/\/lospoliticosveracruz.com\/?p=14816","og_locale":"es_ES","og_type":"article","og_title":"\u00a1Am\u00e9rico reta al amor! - Los pol\u00edticos Veracruz","og_description":"\u00a1Enam\u00f3rate en Xalapa! Invitan al Festival del Amor y la Amistad 2015 Participa en concursos, juegos y actividades entre\u00a0parejas y amigos este 14 de febrero &nbsp; Xalapa, Ver., 08 de febrero de 2015.- El Ayuntamiento de Xalapa a trav\u00e9s de la Direcci\u00f3n de Cultura, Educaci\u00f3n y Deporte, invita al p\u00fablico en general al Festival del [&hellip;]","og_url":"https:\/\/lospoliticosveracruz.com\/?p=14816","og_site_name":"Los pol\u00edticos Veracruz","article_publisher":"https:\/\/www.facebook.com\/people\/Notimemes-de-los-Polticos\/61565672886568\/","article_published_time":"2015-02-08T23:28:28+00:00","og_image":[{"url":"http:\/\/www.lospoliticosveracruz.com.mx\/wp-content\/uploads\/2015\/02\/14-Febrero-216x300.jpg","type":"","width":"","height":""}],"author":"Lo viste en Los Pol\u00edticos","twitter_card":"summary_large_image","twitter_creator":"@LosPoliticosVer","twitter_site":"@LosPoliticosVer","twitter_misc":{"Escrito por":"Lo viste en Los Pol\u00edticos","Tiempo de lectura":"3 minutos"},"schema":{"@context":"https:\/\/schema.org","@graph":[{"@type":"Article","@id":"https:\/\/lospoliticosveracruz.com\/?p=14816#article","isPartOf":{"@id":"https:\/\/lospoliticosveracruz.com\/?p=14816"},"author":{"name":"Lo viste en Los Pol\u00edticos","@id":"https:\/\/lospoliticosveracruz.com\/#\/schema\/person\/b8702bb0e538456e6efd07080bf2a4a2"},"headline":"\u00a1Am\u00e9rico reta al amor!","datePublished":"2015-02-08T23:28:28+00:00","mainEntityOfPage":{"@id":"https:\/\/lospoliticosveracruz.com\/?p=14816"},"wordCount":512,"commentCount":0,"publisher":{"@id":"https:\/\/lospoliticosveracruz.com\/#organization"},"image":{"@id":"https:\/\/lospoliticosveracruz.com\/?p=14816#primaryimage"},"thumbnailUrl":"http:\/\/www.lospoliticosveracruz.com.mx\/wp-content\/uploads\/2015\/02\/14-Febrero-216x300.jpg","keywords":["ayuntamiento de Xalapa","D\u00eda del Amor y la Amistad","Parque Ju\u00e1rez","Rondalla Luna de Plata","Rondalla Magistral de Xalapa"],"articleSection":["De Boleto"],"inLanguage":"es","potentialAction":[{"@type":"CommentAction","name":"Comment","target":["https:\/\/lospoliticosveracruz.com\/?p=14816#respond"]}]},{"@type":"WebPage","@id":"https:\/\/lospoliticosveracruz.com\/?p=14816","url":"https:\/\/lospoliticosveracruz.com\/?p=14816","name":"\u00a1Am\u00e9rico reta al amor! - Los pol\u00edticos Veracruz","isPartOf":{"@id":"https:\/\/lospoliticosveracruz.com\/#website"},"primaryImageOfPage":{"@id":"https:\/\/lospoliticosveracruz.com\/?p=14816#primaryimage"},"image":{"@id":"https:\/\/lospoliticosveracruz.com\/?p=14816#primaryimage"},"thumbnailUrl":"http:\/\/www.lospoliticosveracruz.com.mx\/wp-content\/uploads\/2015\/02\/14-Febrero-216x300.jpg","datePublished":"2015-02-08T23:28:28+00:00","breadcrumb":{"@id":"https:\/\/lospoliticosveracruz.com\/?p=14816#breadcrumb"},"inLanguage":"es","potentialAction":[{"@type":"ReadAction","target":["https:\/\/lospoliticosveracruz.com\/?p=14816"]}]},{"@type":"ImageObject","inLanguage":"es","@id":"https:\/\/lospoliticosveracruz.com\/?p=14816#primaryimage","url":"http:\/\/www.lospoliticosveracruz.com.mx\/wp-content\/uploads\/2015\/02\/14-Febrero-216x300.jpg","contentUrl":"http:\/\/www.lospoliticosveracruz.com.mx\/wp-content\/uploads\/2015\/02\/14-Febrero-216x300.jpg"},{"@type":"BreadcrumbList","@id":"https:\/\/lospoliticosveracruz.com\/?p=14816#breadcrumb","itemListElement":[{"@type":"ListItem","position":1,"name":"Portada","item":"https:\/\/lospoliticosveracruz.com\/"},{"@type":"ListItem","position":2,"name":"\u00a1Am\u00e9rico reta al amor!"}]},{"@type":"WebSite","@id":"https:\/\/lospoliticosveracruz.com\/#website","url":"https:\/\/lospoliticosveracruz.com\/","name":"Los pol\u00edticos Veracruz","description":"","publisher":{"@id":"https:\/\/lospoliticosveracruz.com\/#organization"},"potentialAction":[{"@type":"SearchAction","target":{"@type":"EntryPoint","urlTemplate":"https:\/\/lospoliticosveracruz.com\/?s={search_term_string}"},"query-input":{"@type":"PropertyValueSpecification","valueRequired":true,"valueName":"search_term_string"}}],"inLanguage":"es"},{"@type":"Organization","@id":"https:\/\/lospoliticosveracruz.com\/#organization","name":"Los pol\u00edticos Veracruz","url":"https:\/\/lospoliticosveracruz.com\/","logo":{"@type":"ImageObject","inLanguage":"es","@id":"https:\/\/lospoliticosveracruz.com\/#\/schema\/logo\/image\/","url":"https:\/\/lospoliticosveracruz.com\/wp-content\/uploads\/2025\/12\/Logo-Nuevo-LOS-POLITICOS-1.jpg","contentUrl":"https:\/\/lospoliticosveracruz.com\/wp-content\/uploads\/2025\/12\/Logo-Nuevo-LOS-POLITICOS-1.jpg","width":260,"height":70,"caption":"Los pol\u00edticos Veracruz"},"image":{"@id":"https:\/\/lospoliticosveracruz.com\/#\/schema\/logo\/image\/"},"sameAs":["https:\/\/www.facebook.com\/people\/Notimemes-de-los-Polticos\/61565672886568\/","https:\/\/x.com\/LosPoliticosVer"]},{"@type":"Person","@id":"https:\/\/lospoliticosveracruz.com\/#\/schema\/person\/b8702bb0e538456e6efd07080bf2a4a2","name":"Lo viste en Los Pol\u00edticos","image":{"@type":"ImageObject","inLanguage":"es","@id":"https:\/\/secure.gravatar.com\/avatar\/3a8de04a2656d44082be478bd6c086daa447c4651605818287b9532d3d0bd435?s=96&d=mm&r=g","url":"https:\/\/secure.gravatar.com\/avatar\/3a8de04a2656d44082be478bd6c086daa447c4651605818287b9532d3d0bd435?s=96&d=mm&r=g","contentUrl":"https:\/\/secure.gravatar.com\/avatar\/3a8de04a2656d44082be478bd6c086daa447c4651605818287b9532d3d0bd435?s=96&d=mm&r=g","caption":"Lo viste en Los Pol\u00edticos"},"url":"https:\/\/lospoliticosveracruz.com\/?author=2"}]}},"_links":{"self":[{"href":"https:\/\/lospoliticosveracruz.com\/index.php?rest_route=\/wp\/v2\/posts\/14816","targetHints":{"allow":["GET"]}}],"collection":[{"href":"https:\/\/lospoliticosveracruz.com\/index.php?rest_route=\/wp\/v2\/posts"}],"about":[{"href":"https:\/\/lospoliticosveracruz.com\/index.php?rest_route=\/wp\/v2\/types\/post"}],"author":[{"embeddable":true,"href":"https:\/\/lospoliticosveracruz.com\/index.php?rest_route=\/wp\/v2\/users\/2"}],"replies":[{"embeddable":true,"href":"https:\/\/lospoliticosveracruz.com\/index.php?rest_route=%2Fwp%2Fv2%2Fcomments&post=14816"}],"version-history":[{"count":1,"href":"https:\/\/lospoliticosveracruz.com\/index.php?rest_route=\/wp\/v2\/posts\/14816\/revisions"}],"predecessor-version":[{"id":14818,"href":"https:\/\/lospoliticosveracruz.com\/index.php?rest_route=\/wp\/v2\/posts\/14816\/revisions\/14818"}],"wp:attachment":[{"href":"https:\/\/lospoliticosveracruz.com\/index.php?rest_route=%2Fwp%2Fv2%2Fmedia&parent=14816"}],"wp:term":[{"taxonomy":"category","embeddable":true,"href":"https:\/\/lospoliticosveracruz.com\/index.php?rest_route=%2Fwp%2Fv2%2Fcategories&post=14816"},{"taxonomy":"post_tag","embeddable":true,"href":"https:\/\/lospoliticosveracruz.com\/index.php?rest_route=%2Fwp%2Fv2%2Ftags&post=14816"}],"curies":[{"name":"wp","href":"https:\/\/api.w.org\/{rel}","templated":true}]}}