{"id":148361,"date":"2025-07-04T16:04:17","date_gmt":"2025-07-04T21:04:17","guid":{"rendered":"https:\/\/lospoliticosveracruz.com.mx\/?p=148361"},"modified":"2025-07-04T16:04:39","modified_gmt":"2025-07-04T21:04:39","slug":"la-nueva-reforma-de-telecomunicaciones","status":"publish","type":"post","link":"https:\/\/lospoliticosveracruz.com\/?p=148361","title":{"rendered":"LA NUEVA REFORMA DE TELECOMUNICACIONES"},"content":{"rendered":"\n\n\n<p><strong>Mara Iliana Cruz Pastrana<\/strong><\/p>\n\n\n\n<p>Este 1 de julio de 2025, en sesi\u00f3n extraordinaria, la C\u00e1mara de Diputados aprob\u00f3 en lo general y en lo particular la nueva Ley en Materia de Telecomunicaciones y Radiodifusi\u00f3n.<\/p>\n\n\n\n<p>La reciente aprobaci\u00f3n de la reforma ha generado gran expectativa y debate en todo el pa\u00eds, ya que plantea una reestructura profunda en el marco institucional, regulatorio y operativo del sector de telecomunicaciones en M\u00e9xico, con el objetivo de ampliar la cobertura de internet, fortalecer a los medios comunitarios y mejorar la regulaci\u00f3n del sector.<br>En los \u00faltimos a\u00f1os, M\u00e9xico ha enfrentado significativos desaf\u00edos en el sector de telecomunicaciones. A pesar de los avances en la cobertura de telefon\u00eda m\u00f3vil, el acceso a internet sigue siendo limitado en muchas zonas del pa\u00eds, especialmente en \u00e1reas rurales y marginadas. Seg\u00fan datos del INEGI, m\u00e1s de 15 millones de personas en M\u00e9xico carecen de acceso a internet, lo que representa un obst\u00e1culo significativo para el desarrollo econ\u00f3mico y social del pa\u00eds.<br>Objetivos clave de la Reforma<br>1.\u2060 \u2060La reforma busca ampliar la cobertura de internet en zonas marginadas y rurales, donde el acceso a internet es limitado o inexistente. Esto se lograr\u00e1 a trav\u00e9s de la implementaci\u00f3n de programas de conectividad y la inversi\u00f3n en infraestructura de telecomunicaciones.<br>2.\u2060 \u2060La reforma incluye disposiciones para fortalecer a los medios comunitarios, particularmente aquellos gestionados por pueblos originarios y afromexicanos. Esto, de acuerdo con la reforma, se lograr\u00e1 a trav\u00e9s de la asignaci\u00f3n de frecuencias y recursos para estos medios, lo que les permitir\u00e1 tener una mayor presencia y alcance en la sociedad.<br>3.\u2060 \u2060La reforma plantea una reestructura profunda en el marco institucional y regulatorio del sector de telecomunicaciones en M\u00e9xico. Esto incluye la creaci\u00f3n de una nueva agencia reguladora y la implementaci\u00f3n de nuevas pol\u00edticas y normas para el sector.<br>La reforma de telecomunicaciones introduce varios cambios clave en el sector:<br>\u2022\u2060 \u2060Desaparici\u00f3n Instituto Federal de Telecomunicaciones (IFT) que ser\u00e1 reemplazado por la Agencia de Transformaci\u00f3n Digital y Telecomunicaciones (ATDT), que asumir\u00e1 funciones regulatorias, de supervisi\u00f3n y formulaci\u00f3n de pol\u00edticas p\u00fablicas.<br>\u2022\u2060 \u2060Se crea la Comisi\u00f3n Reguladora de Telecomunicaciones (CRT) como un \u00f3rgano desconcentrado de la ATDT, con independencia t\u00e9cnica y operativa.<br>\u2022\u2060 \u2060La reforma busca ampliar la cobertura de internet en zonas marginadas, donde m\u00e1s de 15 millones de personas carecen de acceso a internet.<br>\u2022\u2060 \u2060La nueva legislaci\u00f3n incluye disposiciones para fortalecer a los medios comunitarios, particularmente aquellos gestionados por pueblos originarios y afromexicanos.<br>La reforma de telecomunicaciones ha generado debate y controversia en varios aspectos:<br>\u2022\u2060 \u2060La reforma permite el acceso a geolocalizaci\u00f3n en tiempo real sin orden judicial, lo que ha generado preocupaci\u00f3n entre la oposici\u00f3n y organizaciones civiles.<br>\u2022\u2060 \u2060Algunos cr\u00edticos argumentan que la ley podr\u00eda utilizarse para silenciar voces cr\u00edticas y censurar contenidos.<br>La implementaci\u00f3n de la reforma de telecomunicaciones enfrentar\u00e1 varios desaf\u00edos y oportunidades, como son:<br>\u2022\u2060 \u2060La ampliaci\u00f3n de la cobertura de internet requerir\u00e1 una inversi\u00f3n significativa en infraestructura de telecomunicaciones, lo que podr\u00eda ser un desaf\u00edo para el gobierno y las empresas del sector.<br>\u2022\u2060 \u2060La creaci\u00f3n de una nueva agencia reguladora y la implementaci\u00f3n de nuevas pol\u00edticas y normas para el sector ser\u00e1n fundamentales para garantizar una regulaci\u00f3n efectiva y justa.<br>\u2022\u2060 \u2060La nueva reforma ofrece una oportunidad para promover la inclusi\u00f3n digital y reducir la brecha digital en M\u00e9xico, lo que podr\u00eda tener un impacto positivo en el desarrollo econ\u00f3mico y social del pa\u00eds.<br>La reforma de telecomunicaciones en M\u00e9xico es un paso importante hacia la modernizaci\u00f3n y la inclusi\u00f3n real de todas y todos en el sector de telecomunicaciones. A pesar de los desaf\u00edos y controversias que ha generado, la reforma ofrece una oportunidad para ampliar a todo el pa\u00eds la cobertura de internet, fortalecer a los medios comunitarios y mejorar la regulaci\u00f3n del sector. La implementaci\u00f3n efectiva de la reforma ser\u00e1 fundamental para garantizar que los beneficios del sector de telecomunicaciones sean accesibles para todos los mexicanos.<br>Al tiempo\u2026<\/p>\n","protected":false},"excerpt":{"rendered":"<p>Mara Iliana Cruz Pastrana Este 1 de julio de 2025, en sesi\u00f3n extraordinaria, la C\u00e1mara de Diputados aprob\u00f3 en lo general y en lo particular la nueva Ley en Materia de Telecomunicaciones y Radiodifusi\u00f3n. La reciente aprobaci\u00f3n de la reforma ha generado gran expectativa y debate en todo el pa\u00eds, ya que plantea una reestructura [&hellip;]<\/p>\n","protected":false},"author":2,"featured_media":141401,"comment_status":"closed","ping_status":"closed","sticky":false,"template":"","format":"standard","meta":{"tdm_status":"","tdm_grid_status":"","footnotes":""},"categories":[70],"tags":[42836],"class_list":{"0":"post-148361","1":"post","2":"type-post","3":"status-publish","4":"format-standard","5":"has-post-thumbnail","7":"category-de-opinion","8":"tag-mara-iliana-cruz-pastrana"},"yoast_head":"<!-- This site is optimized with the Yoast SEO plugin v27.4 - https:\/\/yoast.com\/product\/yoast-seo-wordpress\/ -->\n<title>LA NUEVA REFORMA DE TELECOMUNICACIONES - Los pol\u00edticos Veracruz<\/title>\n<meta name=\"robots\" content=\"index, follow, max-snippet:-1, max-image-preview:large, max-video-preview:-1\" \/>\n<link rel=\"canonical\" href=\"https:\/\/lospoliticosveracruz.com\/?p=148361\" \/>\n<meta property=\"og:locale\" content=\"es_ES\" \/>\n<meta property=\"og:type\" content=\"article\" \/>\n<meta property=\"og:title\" content=\"LA NUEVA REFORMA DE TELECOMUNICACIONES - Los pol\u00edticos Veracruz\" \/>\n<meta property=\"og:description\" content=\"Mara Iliana Cruz Pastrana Este 1 de julio de 2025, en sesi\u00f3n extraordinaria, la C\u00e1mara de Diputados aprob\u00f3 en lo general y en lo particular la nueva Ley en Materia de Telecomunicaciones y Radiodifusi\u00f3n. La reciente aprobaci\u00f3n de la reforma ha generado gran expectativa y debate en todo el pa\u00eds, ya que plantea una reestructura [&hellip;]\" \/>\n<meta property=\"og:url\" content=\"https:\/\/lospoliticosveracruz.com\/?p=148361\" \/>\n<meta property=\"og:site_name\" content=\"Los pol\u00edticos Veracruz\" \/>\n<meta property=\"article:publisher\" content=\"https:\/\/www.facebook.com\/people\/Notimemes-de-los-Polticos\/61565672886568\/\" \/>\n<meta property=\"article:published_time\" content=\"2025-07-04T21:04:17+00:00\" \/>\n<meta property=\"article:modified_time\" content=\"2025-07-04T21:04:39+00:00\" \/>\n<meta property=\"og:image\" content=\"https:\/\/lospoliticosveracruz.com\/wp-content\/uploads\/2025\/04\/Mara-Cruz-Pastrana.jpg\" \/>\n\t<meta property=\"og:image:width\" content=\"1250\" \/>\n\t<meta property=\"og:image:height\" content=\"667\" \/>\n\t<meta property=\"og:image:type\" content=\"image\/jpeg\" \/>\n<meta name=\"author\" content=\"Lo viste en Los Pol\u00edticos\" \/>\n<meta name=\"twitter:card\" content=\"summary_large_image\" \/>\n<meta name=\"twitter:creator\" content=\"@LosPoliticosVer\" \/>\n<meta name=\"twitter:site\" content=\"@LosPoliticosVer\" \/>\n<meta name=\"twitter:label1\" content=\"Escrito por\" \/>\n\t<meta name=\"twitter:data1\" content=\"Lo viste en Los Pol\u00edticos\" \/>\n\t<meta name=\"twitter:label2\" content=\"Tiempo de lectura\" \/>\n\t<meta name=\"twitter:data2\" content=\"4 minutos\" \/>\n<script type=\"application\/ld+json\" class=\"yoast-schema-graph\">{\"@context\":\"https:\\\/\\\/schema.org\",\"@graph\":[{\"@type\":\"Article\",\"@id\":\"https:\\\/\\\/lospoliticosveracruz.com\\\/?p=148361#article\",\"isPartOf\":{\"@id\":\"https:\\\/\\\/lospoliticosveracruz.com\\\/?p=148361\"},\"author\":{\"name\":\"Lo viste en Los Pol\u00edticos\",\"@id\":\"https:\\\/\\\/lospoliticosveracruz.com\\\/#\\\/schema\\\/person\\\/b8702bb0e538456e6efd07080bf2a4a2\"},\"headline\":\"LA NUEVA REFORMA DE TELECOMUNICACIONES\",\"datePublished\":\"2025-07-04T21:04:17+00:00\",\"dateModified\":\"2025-07-04T21:04:39+00:00\",\"mainEntityOfPage\":{\"@id\":\"https:\\\/\\\/lospoliticosveracruz.com\\\/?p=148361\"},\"wordCount\":709,\"publisher\":{\"@id\":\"https:\\\/\\\/lospoliticosveracruz.com\\\/#organization\"},\"image\":{\"@id\":\"https:\\\/\\\/lospoliticosveracruz.com\\\/?p=148361#primaryimage\"},\"thumbnailUrl\":\"https:\\\/\\\/lospoliticosveracruz.com\\\/wp-content\\\/uploads\\\/2025\\\/04\\\/Mara-Cruz-Pastrana.jpg\",\"keywords\":[\"Mara Iliana Cruz Pastrana\"],\"articleSection\":[\"De Opini\u00f3n\"],\"inLanguage\":\"es\"},{\"@type\":\"WebPage\",\"@id\":\"https:\\\/\\\/lospoliticosveracruz.com\\\/?p=148361\",\"url\":\"https:\\\/\\\/lospoliticosveracruz.com\\\/?p=148361\",\"name\":\"LA NUEVA REFORMA DE TELECOMUNICACIONES - Los pol\u00edticos Veracruz\",\"isPartOf\":{\"@id\":\"https:\\\/\\\/lospoliticosveracruz.com\\\/#website\"},\"primaryImageOfPage\":{\"@id\":\"https:\\\/\\\/lospoliticosveracruz.com\\\/?p=148361#primaryimage\"},\"image\":{\"@id\":\"https:\\\/\\\/lospoliticosveracruz.com\\\/?p=148361#primaryimage\"},\"thumbnailUrl\":\"https:\\\/\\\/lospoliticosveracruz.com\\\/wp-content\\\/uploads\\\/2025\\\/04\\\/Mara-Cruz-Pastrana.jpg\",\"datePublished\":\"2025-07-04T21:04:17+00:00\",\"dateModified\":\"2025-07-04T21:04:39+00:00\",\"breadcrumb\":{\"@id\":\"https:\\\/\\\/lospoliticosveracruz.com\\\/?p=148361#breadcrumb\"},\"inLanguage\":\"es\",\"potentialAction\":[{\"@type\":\"ReadAction\",\"target\":[\"https:\\\/\\\/lospoliticosveracruz.com\\\/?p=148361\"]}]},{\"@type\":\"ImageObject\",\"inLanguage\":\"es\",\"@id\":\"https:\\\/\\\/lospoliticosveracruz.com\\\/?p=148361#primaryimage\",\"url\":\"https:\\\/\\\/lospoliticosveracruz.com\\\/wp-content\\\/uploads\\\/2025\\\/04\\\/Mara-Cruz-Pastrana.jpg\",\"contentUrl\":\"https:\\\/\\\/lospoliticosveracruz.com\\\/wp-content\\\/uploads\\\/2025\\\/04\\\/Mara-Cruz-Pastrana.jpg\",\"width\":1250,\"height\":667},{\"@type\":\"BreadcrumbList\",\"@id\":\"https:\\\/\\\/lospoliticosveracruz.com\\\/?p=148361#breadcrumb\",\"itemListElement\":[{\"@type\":\"ListItem\",\"position\":1,\"name\":\"Portada\",\"item\":\"https:\\\/\\\/lospoliticosveracruz.com\\\/\"},{\"@type\":\"ListItem\",\"position\":2,\"name\":\"LA NUEVA REFORMA DE TELECOMUNICACIONES\"}]},{\"@type\":\"WebSite\",\"@id\":\"https:\\\/\\\/lospoliticosveracruz.com\\\/#website\",\"url\":\"https:\\\/\\\/lospoliticosveracruz.com\\\/\",\"name\":\"Los pol\u00edticos Veracruz\",\"description\":\"\",\"publisher\":{\"@id\":\"https:\\\/\\\/lospoliticosveracruz.com\\\/#organization\"},\"potentialAction\":[{\"@type\":\"SearchAction\",\"target\":{\"@type\":\"EntryPoint\",\"urlTemplate\":\"https:\\\/\\\/lospoliticosveracruz.com\\\/?s={search_term_string}\"},\"query-input\":{\"@type\":\"PropertyValueSpecification\",\"valueRequired\":true,\"valueName\":\"search_term_string\"}}],\"inLanguage\":\"es\"},{\"@type\":\"Organization\",\"@id\":\"https:\\\/\\\/lospoliticosveracruz.com\\\/#organization\",\"name\":\"Los pol\u00edticos Veracruz\",\"url\":\"https:\\\/\\\/lospoliticosveracruz.com\\\/\",\"logo\":{\"@type\":\"ImageObject\",\"inLanguage\":\"es\",\"@id\":\"https:\\\/\\\/lospoliticosveracruz.com\\\/#\\\/schema\\\/logo\\\/image\\\/\",\"url\":\"https:\\\/\\\/lospoliticosveracruz.com\\\/wp-content\\\/uploads\\\/2025\\\/12\\\/Logo-Nuevo-LOS-POLITICOS-1.jpg\",\"contentUrl\":\"https:\\\/\\\/lospoliticosveracruz.com\\\/wp-content\\\/uploads\\\/2025\\\/12\\\/Logo-Nuevo-LOS-POLITICOS-1.jpg\",\"width\":260,\"height\":70,\"caption\":\"Los pol\u00edticos Veracruz\"},\"image\":{\"@id\":\"https:\\\/\\\/lospoliticosveracruz.com\\\/#\\\/schema\\\/logo\\\/image\\\/\"},\"sameAs\":[\"https:\\\/\\\/www.facebook.com\\\/people\\\/Notimemes-de-los-Polticos\\\/61565672886568\\\/\",\"https:\\\/\\\/x.com\\\/LosPoliticosVer\"]},{\"@type\":\"Person\",\"@id\":\"https:\\\/\\\/lospoliticosveracruz.com\\\/#\\\/schema\\\/person\\\/b8702bb0e538456e6efd07080bf2a4a2\",\"name\":\"Lo viste en Los Pol\u00edticos\",\"image\":{\"@type\":\"ImageObject\",\"inLanguage\":\"es\",\"@id\":\"https:\\\/\\\/secure.gravatar.com\\\/avatar\\\/3a8de04a2656d44082be478bd6c086daa447c4651605818287b9532d3d0bd435?s=96&d=mm&r=g\",\"url\":\"https:\\\/\\\/secure.gravatar.com\\\/avatar\\\/3a8de04a2656d44082be478bd6c086daa447c4651605818287b9532d3d0bd435?s=96&d=mm&r=g\",\"contentUrl\":\"https:\\\/\\\/secure.gravatar.com\\\/avatar\\\/3a8de04a2656d44082be478bd6c086daa447c4651605818287b9532d3d0bd435?s=96&d=mm&r=g\",\"caption\":\"Lo viste en Los Pol\u00edticos\"},\"url\":\"https:\\\/\\\/lospoliticosveracruz.com\\\/?author=2\"}]}<\/script>\n<!-- \/ Yoast SEO plugin. -->","yoast_head_json":{"title":"LA NUEVA REFORMA DE TELECOMUNICACIONES - Los pol\u00edticos Veracruz","robots":{"index":"index","follow":"follow","max-snippet":"max-snippet:-1","max-image-preview":"max-image-preview:large","max-video-preview":"max-video-preview:-1"},"canonical":"https:\/\/lospoliticosveracruz.com\/?p=148361","og_locale":"es_ES","og_type":"article","og_title":"LA NUEVA REFORMA DE TELECOMUNICACIONES - Los pol\u00edticos Veracruz","og_description":"Mara Iliana Cruz Pastrana Este 1 de julio de 2025, en sesi\u00f3n extraordinaria, la C\u00e1mara de Diputados aprob\u00f3 en lo general y en lo particular la nueva Ley en Materia de Telecomunicaciones y Radiodifusi\u00f3n. La reciente aprobaci\u00f3n de la reforma ha generado gran expectativa y debate en todo el pa\u00eds, ya que plantea una reestructura [&hellip;]","og_url":"https:\/\/lospoliticosveracruz.com\/?p=148361","og_site_name":"Los pol\u00edticos Veracruz","article_publisher":"https:\/\/www.facebook.com\/people\/Notimemes-de-los-Polticos\/61565672886568\/","article_published_time":"2025-07-04T21:04:17+00:00","article_modified_time":"2025-07-04T21:04:39+00:00","og_image":[{"width":1250,"height":667,"url":"https:\/\/lospoliticosveracruz.com\/wp-content\/uploads\/2025\/04\/Mara-Cruz-Pastrana.jpg","type":"image\/jpeg"}],"author":"Lo viste en Los Pol\u00edticos","twitter_card":"summary_large_image","twitter_creator":"@LosPoliticosVer","twitter_site":"@LosPoliticosVer","twitter_misc":{"Escrito por":"Lo viste en Los Pol\u00edticos","Tiempo de lectura":"4 minutos"},"schema":{"@context":"https:\/\/schema.org","@graph":[{"@type":"Article","@id":"https:\/\/lospoliticosveracruz.com\/?p=148361#article","isPartOf":{"@id":"https:\/\/lospoliticosveracruz.com\/?p=148361"},"author":{"name":"Lo viste en Los Pol\u00edticos","@id":"https:\/\/lospoliticosveracruz.com\/#\/schema\/person\/b8702bb0e538456e6efd07080bf2a4a2"},"headline":"LA NUEVA REFORMA DE TELECOMUNICACIONES","datePublished":"2025-07-04T21:04:17+00:00","dateModified":"2025-07-04T21:04:39+00:00","mainEntityOfPage":{"@id":"https:\/\/lospoliticosveracruz.com\/?p=148361"},"wordCount":709,"publisher":{"@id":"https:\/\/lospoliticosveracruz.com\/#organization"},"image":{"@id":"https:\/\/lospoliticosveracruz.com\/?p=148361#primaryimage"},"thumbnailUrl":"https:\/\/lospoliticosveracruz.com\/wp-content\/uploads\/2025\/04\/Mara-Cruz-Pastrana.jpg","keywords":["Mara Iliana Cruz Pastrana"],"articleSection":["De Opini\u00f3n"],"inLanguage":"es"},{"@type":"WebPage","@id":"https:\/\/lospoliticosveracruz.com\/?p=148361","url":"https:\/\/lospoliticosveracruz.com\/?p=148361","name":"LA NUEVA REFORMA DE TELECOMUNICACIONES - Los pol\u00edticos Veracruz","isPartOf":{"@id":"https:\/\/lospoliticosveracruz.com\/#website"},"primaryImageOfPage":{"@id":"https:\/\/lospoliticosveracruz.com\/?p=148361#primaryimage"},"image":{"@id":"https:\/\/lospoliticosveracruz.com\/?p=148361#primaryimage"},"thumbnailUrl":"https:\/\/lospoliticosveracruz.com\/wp-content\/uploads\/2025\/04\/Mara-Cruz-Pastrana.jpg","datePublished":"2025-07-04T21:04:17+00:00","dateModified":"2025-07-04T21:04:39+00:00","breadcrumb":{"@id":"https:\/\/lospoliticosveracruz.com\/?p=148361#breadcrumb"},"inLanguage":"es","potentialAction":[{"@type":"ReadAction","target":["https:\/\/lospoliticosveracruz.com\/?p=148361"]}]},{"@type":"ImageObject","inLanguage":"es","@id":"https:\/\/lospoliticosveracruz.com\/?p=148361#primaryimage","url":"https:\/\/lospoliticosveracruz.com\/wp-content\/uploads\/2025\/04\/Mara-Cruz-Pastrana.jpg","contentUrl":"https:\/\/lospoliticosveracruz.com\/wp-content\/uploads\/2025\/04\/Mara-Cruz-Pastrana.jpg","width":1250,"height":667},{"@type":"BreadcrumbList","@id":"https:\/\/lospoliticosveracruz.com\/?p=148361#breadcrumb","itemListElement":[{"@type":"ListItem","position":1,"name":"Portada","item":"https:\/\/lospoliticosveracruz.com\/"},{"@type":"ListItem","position":2,"name":"LA NUEVA REFORMA DE TELECOMUNICACIONES"}]},{"@type":"WebSite","@id":"https:\/\/lospoliticosveracruz.com\/#website","url":"https:\/\/lospoliticosveracruz.com\/","name":"Los pol\u00edticos Veracruz","description":"","publisher":{"@id":"https:\/\/lospoliticosveracruz.com\/#organization"},"potentialAction":[{"@type":"SearchAction","target":{"@type":"EntryPoint","urlTemplate":"https:\/\/lospoliticosveracruz.com\/?s={search_term_string}"},"query-input":{"@type":"PropertyValueSpecification","valueRequired":true,"valueName":"search_term_string"}}],"inLanguage":"es"},{"@type":"Organization","@id":"https:\/\/lospoliticosveracruz.com\/#organization","name":"Los pol\u00edticos Veracruz","url":"https:\/\/lospoliticosveracruz.com\/","logo":{"@type":"ImageObject","inLanguage":"es","@id":"https:\/\/lospoliticosveracruz.com\/#\/schema\/logo\/image\/","url":"https:\/\/lospoliticosveracruz.com\/wp-content\/uploads\/2025\/12\/Logo-Nuevo-LOS-POLITICOS-1.jpg","contentUrl":"https:\/\/lospoliticosveracruz.com\/wp-content\/uploads\/2025\/12\/Logo-Nuevo-LOS-POLITICOS-1.jpg","width":260,"height":70,"caption":"Los pol\u00edticos Veracruz"},"image":{"@id":"https:\/\/lospoliticosveracruz.com\/#\/schema\/logo\/image\/"},"sameAs":["https:\/\/www.facebook.com\/people\/Notimemes-de-los-Polticos\/61565672886568\/","https:\/\/x.com\/LosPoliticosVer"]},{"@type":"Person","@id":"https:\/\/lospoliticosveracruz.com\/#\/schema\/person\/b8702bb0e538456e6efd07080bf2a4a2","name":"Lo viste en Los Pol\u00edticos","image":{"@type":"ImageObject","inLanguage":"es","@id":"https:\/\/secure.gravatar.com\/avatar\/3a8de04a2656d44082be478bd6c086daa447c4651605818287b9532d3d0bd435?s=96&d=mm&r=g","url":"https:\/\/secure.gravatar.com\/avatar\/3a8de04a2656d44082be478bd6c086daa447c4651605818287b9532d3d0bd435?s=96&d=mm&r=g","contentUrl":"https:\/\/secure.gravatar.com\/avatar\/3a8de04a2656d44082be478bd6c086daa447c4651605818287b9532d3d0bd435?s=96&d=mm&r=g","caption":"Lo viste en Los Pol\u00edticos"},"url":"https:\/\/lospoliticosveracruz.com\/?author=2"}]}},"_links":{"self":[{"href":"https:\/\/lospoliticosveracruz.com\/index.php?rest_route=\/wp\/v2\/posts\/148361","targetHints":{"allow":["GET"]}}],"collection":[{"href":"https:\/\/lospoliticosveracruz.com\/index.php?rest_route=\/wp\/v2\/posts"}],"about":[{"href":"https:\/\/lospoliticosveracruz.com\/index.php?rest_route=\/wp\/v2\/types\/post"}],"author":[{"embeddable":true,"href":"https:\/\/lospoliticosveracruz.com\/index.php?rest_route=\/wp\/v2\/users\/2"}],"replies":[{"embeddable":true,"href":"https:\/\/lospoliticosveracruz.com\/index.php?rest_route=%2Fwp%2Fv2%2Fcomments&post=148361"}],"version-history":[{"count":1,"href":"https:\/\/lospoliticosveracruz.com\/index.php?rest_route=\/wp\/v2\/posts\/148361\/revisions"}],"predecessor-version":[{"id":148362,"href":"https:\/\/lospoliticosveracruz.com\/index.php?rest_route=\/wp\/v2\/posts\/148361\/revisions\/148362"}],"wp:featuredmedia":[{"embeddable":true,"href":"https:\/\/lospoliticosveracruz.com\/index.php?rest_route=\/wp\/v2\/media\/141401"}],"wp:attachment":[{"href":"https:\/\/lospoliticosveracruz.com\/index.php?rest_route=%2Fwp%2Fv2%2Fmedia&parent=148361"}],"wp:term":[{"taxonomy":"category","embeddable":true,"href":"https:\/\/lospoliticosveracruz.com\/index.php?rest_route=%2Fwp%2Fv2%2Fcategories&post=148361"},{"taxonomy":"post_tag","embeddable":true,"href":"https:\/\/lospoliticosveracruz.com\/index.php?rest_route=%2Fwp%2Fv2%2Ftags&post=148361"}],"curies":[{"name":"wp","href":"https:\/\/api.w.org\/{rel}","templated":true}]}}