{"id":148411,"date":"2025-07-06T23:31:28","date_gmt":"2025-07-07T04:31:28","guid":{"rendered":"https:\/\/lospoliticosveracruz.com.mx\/?p=148411"},"modified":"2025-07-06T23:31:56","modified_gmt":"2025-07-07T04:31:56","slug":"donde-se-perdio","status":"publish","type":"post","link":"https:\/\/lospoliticosveracruz.com\/?p=148411","title":{"rendered":"DONDE SE PERDI\u00d3"},"content":{"rendered":"\n\n\n<p><strong>Jos\u00e9 Luis Ortega Vidal<\/strong><\/p>\n\n\n\n<p>(1)<br>Durante los comicios del 2021 Miguel \u00c1ngel Grajales Mart\u00ednez se hizo alcalde del municipio n\u00e1huatl de Zaragoza, al sur de Veracruz, bajo la bandera del partido Fuerza por M\u00e9xico; una vez en la silla, se visti\u00f3 de guinda tono MORENA.<br>Su hijo, Miguel \u00c1ngel Grajales Mateo, particip\u00f3 como candidato independiente y triunf\u00f3 durante la elecci\u00f3n de junio pasado.<br>No obstante, Miguel \u00c1ngel Jr. \u2013lo mismo que su padre- decidi\u00f3 sumarse a MORENA y ayer particip\u00f3 durante la recepci\u00f3n a la presidenta Claudia Sheinbaum y a la gobernadora Roc\u00edo Nahle.<\/p>\n\n\n\n<p>(2)<br>Este domingo, Zaragoza fue sede de la puesta en marcha del Fondo de Aportaciones para la Infraestructura Social para Pueblos y Comunidades Ind\u00edgenas y Afromexicanas, con 13 mil millones de pesos destinados a este sector de la poblaci\u00f3n.<\/p>\n\n\n\n<p>(3)<br>Zaragoza colinda con los municipios de Cosoleacaque, J\u00e1ltipan y Oteapan; durante los comicios recientes, en el primero gan\u00f3 el Partido Revolucionario Institucional (PRI); mientras que en el segundo y tercero triunf\u00f3 Movimiento Ciudadano (MC).<\/p>\n\n\n\n<p>(4)<br>En direcci\u00f3n a la sierra de Santa Marta se ubican los municipios de Chinameca, San Pedro Soteapan, Mecayapan, Tatahuicapan y Pajapan; ah\u00ed los triunfos electorales se compartieron entre el PRI, MC, MC, Partido del Trabajo (PT) y una vez m\u00e1s el PT; en ese orden.<br>Se trata de una de las regiones con mayor poblaci\u00f3n originaria en el sur veracruzano &#8211; poblada mayoritariamente por nahuas y popolucas-, y en los ocho municipios que rodean a Zaragoza perdi\u00f3 MORENA.<br>M\u00e1s adelante, en los pueblos: de origen nahua, de Soconusco; as\u00ed como nativos popolucas de Oluta, Texistepec y Sayula de Alem\u00e1n, tambi\u00e9n perdi\u00f3 MORENA y ganaron los candidatos del MC, en el primer caso; del PAN en el segundo; mientras que el PT se alz\u00f3 con sendas victorias en los dos siguientes.<br>Hasta aqu\u00ed, MORENA perdi\u00f3 trece municipios con poblaci\u00f3n ind\u00edgena y s\u00f3lo sum\u00f3 uno, el de Zaragoza, luego de una negociaci\u00f3n en la que los dos Migueles son expertos.<\/p>\n\n\n\n<p>(5)<br>Durante su discurso en el evento de Zaragoza, la gobernadora Roc\u00edo Nahle afirm\u00f3:<\/p>\n\n\n\n<p>\u201cLa zona Olmeca, (en) el Istmo donde estamos, tenemos una gran riqueza cultural, con una profunda identidad de nuestros pueblos; hoy, estar aqu\u00ed en Zaragoza, agradecer y dar arranque a este gran programa que usted (presidenta Claudia Sheinbaum) indic\u00f3 para darles tambi\u00e9n la autonom\u00eda, el poder de decisi\u00f3n que siempre deben tener nuestros pueblos originarios y comunidades ind\u00edgenas para la decisi\u00f3n de poder administrar un recurso para las necesidades b\u00e1sicas. Soy la primera en aplaudir esto, porque un gobierno trabaja en forma coordinada; por supuesto la presidencia de la Rep\u00fablica, el gobierno del estado, la municipalidad, pero lo m\u00e1s importante el n\u00facleo que es nuestra sociedad; y aqu\u00ed en esta zona de popolucas, de n\u00e1huatl (sic), es para nosotros muy importante que arranque este programa ac\u00e1 en la zona sur, en esta zona que se le quiere tanto; me gusta el letrero \u201cAmor con amor se paga\u201d, c\u00f3mo no; si esta es una zona que nos ha querido much\u00edsimo a la cuarta transformaci\u00f3n\u201d.<\/p>\n\n\n\n<p>(6)<br>Tambi\u00e9n en la zona del Istmo de Tehuantepec, en el municipio de Uxpanapa -poblado mayoritariamente por pueblos chinantecos, zoques, totonacos- triunf\u00f3 el MC; en este lugar una camioneta de la caravana de Esteban Ram\u00edrez Zepeta, dirigente estatal de MORENA, atropell\u00f3 y provoc\u00f3 el fallecimiento del motociclista Jos\u00e9 Luis Chipahua, el pasado cinco de mayo.<br>Junto a Uxpanapa se encuentra Jes\u00fas Carranza -con pasado y presente ind\u00edgena- paso del tren interoce\u00e1nico y colindante con municipios istme\u00f1os de Oaxaca; aqu\u00ed el PAN se hizo del Ayuntamiento; por lo cual la oposici\u00f3n sum\u00f3 quince triunfos en pueblos con poblaci\u00f3n originaria.<\/p>\n\n\n\n<p>(7)<br>Acayucan es un municipio de liderazgo regional hist\u00f3rico, econ\u00f3mico y pol\u00edtico; cuenta con poblaci\u00f3n ind\u00edgena en su zona rural, adem\u00e1s de colindar con Hueyapan de Ocampo cuya poblaci\u00f3n rural es mayoritariamente originaria; MORENA obtuvo la mayor\u00eda de votos en ambos lugares.<br>En San Juan Evangelista y Playa Vicente los candidatos del Partido Verde Ecologista de M\u00e9xico, aliado de la causa guinda, tambi\u00e9n ganaron; en estos municipios se encuentran comunidades chinantecas y mazatecas reacomodadas; adem\u00e1s de poblaci\u00f3n afrodescendiente, lo mismo que en Chacalapa, municipio de Chinameca.<br>Finalmente, en Santiago Sochiapa, con poblaci\u00f3n zapoteca, mazateca y chinanteca, el PAN obtuvo el primer lugar de votaci\u00f3n.<br>Saldo: diecis\u00e9is pueblos con mancha poblacional originaria, para la oposici\u00f3n, y cuatro para MORENA.<\/p>\n\n\n\n<p>(8)<br>En Coatzacoalcos y Minatitl\u00e1n triunf\u00f3 MORENA y en ambos municipios petroleros se cuenta con poblaci\u00f3n migrante desde la regi\u00f3n zapoteca de Juchit\u00e1n, Chivela, Ixtepec, Tehuantepec, entre otros municipios de Oaxaca; atra\u00eddos por el desarrollo industrial del sur veracruzano durante la segunda mitad del siglo XX.<br>MORENA sube a seis triunfos; aunque el caso de Coatzacoalcos y Minatitl\u00e1n, as\u00ed como Nanchital y Agua Dulce, merece an\u00e1lisis aparte; muy detallado.<br>La presencia ind\u00edgena en dichos municipios, as\u00ed como los elementos de identidad de este sector poblacional, son particularmente porosos debido al fen\u00f3meno de industrializaci\u00f3n en general, y de su variante petrolera en particular.<\/p>\n\n\n\n<p>(9)<br>Resulta evidente el contraste entre la frase \u201cAmor con amor se paga\u201d frente al resultado electoral del primero de junio, adverso para MORENA en municipios donde el concepto ind\u00edgena o de pueblos originarios resulta tan complejo como difuso: hay pueblos realmente con mayor\u00eda de poblaci\u00f3n ind\u00edgena, donde los hablantes de la lengua nativa permanecen en n\u00famero notable.<br>Tambi\u00e9n hay municipios o comunidades de origen prehisp\u00e1nico con poblaci\u00f3n mayoritariamente mestiza; o mestizos, con hablantes de lenguas y elementos de identidad originarios que tienden a desaparecer.<br>A\u00f1adamos, los municipios mestizos con poblaci\u00f3n ind\u00edgena reacomodada desde el propio estado de Veracruz o de entidades vecinas como Oaxaca y Chiapas.<br>En el sur profundo MORENA gan\u00f3 las principales ciudades y municipios mestizos e industrializados; adem\u00e1s de ser lugares cosmopolitas, situaci\u00f3n presente en Coatzacoalcos y Minatitl\u00e1n.<br>MORENA perdi\u00f3 la inmensa mayor\u00eda de demarcaciones de poblaci\u00f3n originaria, ind\u00edgena, cuyas demandas profundas: de car\u00e1cter \u00e9tnico; de respeto, cuidado y rescate de su identidad; culturales; ecol\u00f3gicas; alimentarias; educativas; de salud; no se resuelven con un programa de asignaci\u00f3n econ\u00f3mica directa. Sin que este argumento busque desde\u00f1ar, o sea contrario a esa decisi\u00f3n oficial ciertamente ben\u00e9fica.<br>Un caso semejante es el de los pueblos o pobladores afrodescendientes\u2026<br>CONTINUAR\u00c1<\/p>\n","protected":false},"excerpt":{"rendered":"<p>Jos\u00e9 Luis Ortega Vidal (1)Durante los comicios del 2021 Miguel \u00c1ngel Grajales Mart\u00ednez se hizo alcalde del municipio n\u00e1huatl de Zaragoza, al sur de Veracruz, bajo la bandera del partido Fuerza por M\u00e9xico; una vez en la silla, se visti\u00f3 de guinda tono MORENA.Su hijo, Miguel \u00c1ngel Grajales Mateo, particip\u00f3 como candidato independiente y triunf\u00f3 [&hellip;]<\/p>\n","protected":false},"author":2,"featured_media":141392,"comment_status":"closed","ping_status":"closed","sticky":false,"template":"","format":"standard","meta":{"tdm_status":"","tdm_grid_status":"","footnotes":""},"categories":[70],"tags":[],"class_list":{"0":"post-148411","1":"post","2":"type-post","3":"status-publish","4":"format-standard","5":"has-post-thumbnail","7":"category-de-opinion"},"yoast_head":"<!-- This site is optimized with the Yoast SEO plugin v27.4 - https:\/\/yoast.com\/product\/yoast-seo-wordpress\/ -->\n<title>DONDE SE PERDI\u00d3 - Los pol\u00edticos Veracruz<\/title>\n<meta name=\"robots\" content=\"index, follow, max-snippet:-1, max-image-preview:large, max-video-preview:-1\" \/>\n<link rel=\"canonical\" href=\"https:\/\/lospoliticosveracruz.com\/?p=148411\" \/>\n<meta property=\"og:locale\" content=\"es_ES\" \/>\n<meta property=\"og:type\" content=\"article\" \/>\n<meta property=\"og:title\" content=\"DONDE SE PERDI\u00d3 - Los pol\u00edticos Veracruz\" \/>\n<meta property=\"og:description\" content=\"Jos\u00e9 Luis Ortega Vidal (1)Durante los comicios del 2021 Miguel \u00c1ngel Grajales Mart\u00ednez se hizo alcalde del municipio n\u00e1huatl de Zaragoza, al sur de Veracruz, bajo la bandera del partido Fuerza por M\u00e9xico; una vez en la silla, se visti\u00f3 de guinda tono MORENA.Su hijo, Miguel \u00c1ngel Grajales Mateo, particip\u00f3 como candidato independiente y triunf\u00f3 [&hellip;]\" \/>\n<meta property=\"og:url\" content=\"https:\/\/lospoliticosveracruz.com\/?p=148411\" \/>\n<meta property=\"og:site_name\" content=\"Los pol\u00edticos Veracruz\" \/>\n<meta property=\"article:publisher\" content=\"https:\/\/www.facebook.com\/people\/Notimemes-de-los-Polticos\/61565672886568\/\" \/>\n<meta property=\"article:published_time\" content=\"2025-07-07T04:31:28+00:00\" \/>\n<meta property=\"article:modified_time\" content=\"2025-07-07T04:31:56+00:00\" \/>\n<meta property=\"og:image\" content=\"https:\/\/lospoliticosveracruz.com\/wp-content\/uploads\/2025\/04\/Jose-Luis-Ortega-Vidal.jpg\" \/>\n\t<meta property=\"og:image:width\" content=\"1250\" \/>\n\t<meta property=\"og:image:height\" content=\"667\" \/>\n\t<meta property=\"og:image:type\" content=\"image\/jpeg\" \/>\n<meta name=\"author\" content=\"Lo viste en Los Pol\u00edticos\" \/>\n<meta name=\"twitter:card\" content=\"summary_large_image\" \/>\n<meta name=\"twitter:creator\" content=\"@LosPoliticosVer\" \/>\n<meta name=\"twitter:site\" content=\"@LosPoliticosVer\" \/>\n<meta name=\"twitter:label1\" content=\"Escrito por\" \/>\n\t<meta name=\"twitter:data1\" content=\"Lo viste en Los Pol\u00edticos\" \/>\n\t<meta name=\"twitter:label2\" content=\"Tiempo de lectura\" \/>\n\t<meta name=\"twitter:data2\" content=\"6 minutos\" \/>\n<script type=\"application\/ld+json\" class=\"yoast-schema-graph\">{\"@context\":\"https:\\\/\\\/schema.org\",\"@graph\":[{\"@type\":\"Article\",\"@id\":\"https:\\\/\\\/lospoliticosveracruz.com\\\/?p=148411#article\",\"isPartOf\":{\"@id\":\"https:\\\/\\\/lospoliticosveracruz.com\\\/?p=148411\"},\"author\":{\"name\":\"Lo viste en Los Pol\u00edticos\",\"@id\":\"https:\\\/\\\/lospoliticosveracruz.com\\\/#\\\/schema\\\/person\\\/b8702bb0e538456e6efd07080bf2a4a2\"},\"headline\":\"DONDE SE PERDI\u00d3\",\"datePublished\":\"2025-07-07T04:31:28+00:00\",\"dateModified\":\"2025-07-07T04:31:56+00:00\",\"mainEntityOfPage\":{\"@id\":\"https:\\\/\\\/lospoliticosveracruz.com\\\/?p=148411\"},\"wordCount\":1105,\"publisher\":{\"@id\":\"https:\\\/\\\/lospoliticosveracruz.com\\\/#organization\"},\"image\":{\"@id\":\"https:\\\/\\\/lospoliticosveracruz.com\\\/?p=148411#primaryimage\"},\"thumbnailUrl\":\"https:\\\/\\\/lospoliticosveracruz.com\\\/wp-content\\\/uploads\\\/2025\\\/04\\\/Jose-Luis-Ortega-Vidal.jpg\",\"articleSection\":[\"De Opini\u00f3n\"],\"inLanguage\":\"es\"},{\"@type\":\"WebPage\",\"@id\":\"https:\\\/\\\/lospoliticosveracruz.com\\\/?p=148411\",\"url\":\"https:\\\/\\\/lospoliticosveracruz.com\\\/?p=148411\",\"name\":\"DONDE SE PERDI\u00d3 - Los pol\u00edticos Veracruz\",\"isPartOf\":{\"@id\":\"https:\\\/\\\/lospoliticosveracruz.com\\\/#website\"},\"primaryImageOfPage\":{\"@id\":\"https:\\\/\\\/lospoliticosveracruz.com\\\/?p=148411#primaryimage\"},\"image\":{\"@id\":\"https:\\\/\\\/lospoliticosveracruz.com\\\/?p=148411#primaryimage\"},\"thumbnailUrl\":\"https:\\\/\\\/lospoliticosveracruz.com\\\/wp-content\\\/uploads\\\/2025\\\/04\\\/Jose-Luis-Ortega-Vidal.jpg\",\"datePublished\":\"2025-07-07T04:31:28+00:00\",\"dateModified\":\"2025-07-07T04:31:56+00:00\",\"breadcrumb\":{\"@id\":\"https:\\\/\\\/lospoliticosveracruz.com\\\/?p=148411#breadcrumb\"},\"inLanguage\":\"es\",\"potentialAction\":[{\"@type\":\"ReadAction\",\"target\":[\"https:\\\/\\\/lospoliticosveracruz.com\\\/?p=148411\"]}]},{\"@type\":\"ImageObject\",\"inLanguage\":\"es\",\"@id\":\"https:\\\/\\\/lospoliticosveracruz.com\\\/?p=148411#primaryimage\",\"url\":\"https:\\\/\\\/lospoliticosveracruz.com\\\/wp-content\\\/uploads\\\/2025\\\/04\\\/Jose-Luis-Ortega-Vidal.jpg\",\"contentUrl\":\"https:\\\/\\\/lospoliticosveracruz.com\\\/wp-content\\\/uploads\\\/2025\\\/04\\\/Jose-Luis-Ortega-Vidal.jpg\",\"width\":1250,\"height\":667},{\"@type\":\"BreadcrumbList\",\"@id\":\"https:\\\/\\\/lospoliticosveracruz.com\\\/?p=148411#breadcrumb\",\"itemListElement\":[{\"@type\":\"ListItem\",\"position\":1,\"name\":\"Portada\",\"item\":\"https:\\\/\\\/lospoliticosveracruz.com\\\/\"},{\"@type\":\"ListItem\",\"position\":2,\"name\":\"DONDE SE PERDI\u00d3\"}]},{\"@type\":\"WebSite\",\"@id\":\"https:\\\/\\\/lospoliticosveracruz.com\\\/#website\",\"url\":\"https:\\\/\\\/lospoliticosveracruz.com\\\/\",\"name\":\"Los pol\u00edticos Veracruz\",\"description\":\"\",\"publisher\":{\"@id\":\"https:\\\/\\\/lospoliticosveracruz.com\\\/#organization\"},\"potentialAction\":[{\"@type\":\"SearchAction\",\"target\":{\"@type\":\"EntryPoint\",\"urlTemplate\":\"https:\\\/\\\/lospoliticosveracruz.com\\\/?s={search_term_string}\"},\"query-input\":{\"@type\":\"PropertyValueSpecification\",\"valueRequired\":true,\"valueName\":\"search_term_string\"}}],\"inLanguage\":\"es\"},{\"@type\":\"Organization\",\"@id\":\"https:\\\/\\\/lospoliticosveracruz.com\\\/#organization\",\"name\":\"Los pol\u00edticos Veracruz\",\"url\":\"https:\\\/\\\/lospoliticosveracruz.com\\\/\",\"logo\":{\"@type\":\"ImageObject\",\"inLanguage\":\"es\",\"@id\":\"https:\\\/\\\/lospoliticosveracruz.com\\\/#\\\/schema\\\/logo\\\/image\\\/\",\"url\":\"https:\\\/\\\/lospoliticosveracruz.com\\\/wp-content\\\/uploads\\\/2025\\\/12\\\/Logo-Nuevo-LOS-POLITICOS-1.jpg\",\"contentUrl\":\"https:\\\/\\\/lospoliticosveracruz.com\\\/wp-content\\\/uploads\\\/2025\\\/12\\\/Logo-Nuevo-LOS-POLITICOS-1.jpg\",\"width\":260,\"height\":70,\"caption\":\"Los pol\u00edticos Veracruz\"},\"image\":{\"@id\":\"https:\\\/\\\/lospoliticosveracruz.com\\\/#\\\/schema\\\/logo\\\/image\\\/\"},\"sameAs\":[\"https:\\\/\\\/www.facebook.com\\\/people\\\/Notimemes-de-los-Polticos\\\/61565672886568\\\/\",\"https:\\\/\\\/x.com\\\/LosPoliticosVer\"]},{\"@type\":\"Person\",\"@id\":\"https:\\\/\\\/lospoliticosveracruz.com\\\/#\\\/schema\\\/person\\\/b8702bb0e538456e6efd07080bf2a4a2\",\"name\":\"Lo viste en Los Pol\u00edticos\",\"image\":{\"@type\":\"ImageObject\",\"inLanguage\":\"es\",\"@id\":\"https:\\\/\\\/secure.gravatar.com\\\/avatar\\\/3a8de04a2656d44082be478bd6c086daa447c4651605818287b9532d3d0bd435?s=96&d=mm&r=g\",\"url\":\"https:\\\/\\\/secure.gravatar.com\\\/avatar\\\/3a8de04a2656d44082be478bd6c086daa447c4651605818287b9532d3d0bd435?s=96&d=mm&r=g\",\"contentUrl\":\"https:\\\/\\\/secure.gravatar.com\\\/avatar\\\/3a8de04a2656d44082be478bd6c086daa447c4651605818287b9532d3d0bd435?s=96&d=mm&r=g\",\"caption\":\"Lo viste en Los Pol\u00edticos\"},\"url\":\"https:\\\/\\\/lospoliticosveracruz.com\\\/?author=2\"}]}<\/script>\n<!-- \/ Yoast SEO plugin. -->","yoast_head_json":{"title":"DONDE SE PERDI\u00d3 - Los pol\u00edticos Veracruz","robots":{"index":"index","follow":"follow","max-snippet":"max-snippet:-1","max-image-preview":"max-image-preview:large","max-video-preview":"max-video-preview:-1"},"canonical":"https:\/\/lospoliticosveracruz.com\/?p=148411","og_locale":"es_ES","og_type":"article","og_title":"DONDE SE PERDI\u00d3 - Los pol\u00edticos Veracruz","og_description":"Jos\u00e9 Luis Ortega Vidal (1)Durante los comicios del 2021 Miguel \u00c1ngel Grajales Mart\u00ednez se hizo alcalde del municipio n\u00e1huatl de Zaragoza, al sur de Veracruz, bajo la bandera del partido Fuerza por M\u00e9xico; una vez en la silla, se visti\u00f3 de guinda tono MORENA.Su hijo, Miguel \u00c1ngel Grajales Mateo, particip\u00f3 como candidato independiente y triunf\u00f3 [&hellip;]","og_url":"https:\/\/lospoliticosveracruz.com\/?p=148411","og_site_name":"Los pol\u00edticos Veracruz","article_publisher":"https:\/\/www.facebook.com\/people\/Notimemes-de-los-Polticos\/61565672886568\/","article_published_time":"2025-07-07T04:31:28+00:00","article_modified_time":"2025-07-07T04:31:56+00:00","og_image":[{"width":1250,"height":667,"url":"https:\/\/lospoliticosveracruz.com\/wp-content\/uploads\/2025\/04\/Jose-Luis-Ortega-Vidal.jpg","type":"image\/jpeg"}],"author":"Lo viste en Los Pol\u00edticos","twitter_card":"summary_large_image","twitter_creator":"@LosPoliticosVer","twitter_site":"@LosPoliticosVer","twitter_misc":{"Escrito por":"Lo viste en Los Pol\u00edticos","Tiempo de lectura":"6 minutos"},"schema":{"@context":"https:\/\/schema.org","@graph":[{"@type":"Article","@id":"https:\/\/lospoliticosveracruz.com\/?p=148411#article","isPartOf":{"@id":"https:\/\/lospoliticosveracruz.com\/?p=148411"},"author":{"name":"Lo viste en Los Pol\u00edticos","@id":"https:\/\/lospoliticosveracruz.com\/#\/schema\/person\/b8702bb0e538456e6efd07080bf2a4a2"},"headline":"DONDE SE PERDI\u00d3","datePublished":"2025-07-07T04:31:28+00:00","dateModified":"2025-07-07T04:31:56+00:00","mainEntityOfPage":{"@id":"https:\/\/lospoliticosveracruz.com\/?p=148411"},"wordCount":1105,"publisher":{"@id":"https:\/\/lospoliticosveracruz.com\/#organization"},"image":{"@id":"https:\/\/lospoliticosveracruz.com\/?p=148411#primaryimage"},"thumbnailUrl":"https:\/\/lospoliticosveracruz.com\/wp-content\/uploads\/2025\/04\/Jose-Luis-Ortega-Vidal.jpg","articleSection":["De Opini\u00f3n"],"inLanguage":"es"},{"@type":"WebPage","@id":"https:\/\/lospoliticosveracruz.com\/?p=148411","url":"https:\/\/lospoliticosveracruz.com\/?p=148411","name":"DONDE SE PERDI\u00d3 - Los pol\u00edticos Veracruz","isPartOf":{"@id":"https:\/\/lospoliticosveracruz.com\/#website"},"primaryImageOfPage":{"@id":"https:\/\/lospoliticosveracruz.com\/?p=148411#primaryimage"},"image":{"@id":"https:\/\/lospoliticosveracruz.com\/?p=148411#primaryimage"},"thumbnailUrl":"https:\/\/lospoliticosveracruz.com\/wp-content\/uploads\/2025\/04\/Jose-Luis-Ortega-Vidal.jpg","datePublished":"2025-07-07T04:31:28+00:00","dateModified":"2025-07-07T04:31:56+00:00","breadcrumb":{"@id":"https:\/\/lospoliticosveracruz.com\/?p=148411#breadcrumb"},"inLanguage":"es","potentialAction":[{"@type":"ReadAction","target":["https:\/\/lospoliticosveracruz.com\/?p=148411"]}]},{"@type":"ImageObject","inLanguage":"es","@id":"https:\/\/lospoliticosveracruz.com\/?p=148411#primaryimage","url":"https:\/\/lospoliticosveracruz.com\/wp-content\/uploads\/2025\/04\/Jose-Luis-Ortega-Vidal.jpg","contentUrl":"https:\/\/lospoliticosveracruz.com\/wp-content\/uploads\/2025\/04\/Jose-Luis-Ortega-Vidal.jpg","width":1250,"height":667},{"@type":"BreadcrumbList","@id":"https:\/\/lospoliticosveracruz.com\/?p=148411#breadcrumb","itemListElement":[{"@type":"ListItem","position":1,"name":"Portada","item":"https:\/\/lospoliticosveracruz.com\/"},{"@type":"ListItem","position":2,"name":"DONDE SE PERDI\u00d3"}]},{"@type":"WebSite","@id":"https:\/\/lospoliticosveracruz.com\/#website","url":"https:\/\/lospoliticosveracruz.com\/","name":"Los pol\u00edticos Veracruz","description":"","publisher":{"@id":"https:\/\/lospoliticosveracruz.com\/#organization"},"potentialAction":[{"@type":"SearchAction","target":{"@type":"EntryPoint","urlTemplate":"https:\/\/lospoliticosveracruz.com\/?s={search_term_string}"},"query-input":{"@type":"PropertyValueSpecification","valueRequired":true,"valueName":"search_term_string"}}],"inLanguage":"es"},{"@type":"Organization","@id":"https:\/\/lospoliticosveracruz.com\/#organization","name":"Los pol\u00edticos Veracruz","url":"https:\/\/lospoliticosveracruz.com\/","logo":{"@type":"ImageObject","inLanguage":"es","@id":"https:\/\/lospoliticosveracruz.com\/#\/schema\/logo\/image\/","url":"https:\/\/lospoliticosveracruz.com\/wp-content\/uploads\/2025\/12\/Logo-Nuevo-LOS-POLITICOS-1.jpg","contentUrl":"https:\/\/lospoliticosveracruz.com\/wp-content\/uploads\/2025\/12\/Logo-Nuevo-LOS-POLITICOS-1.jpg","width":260,"height":70,"caption":"Los pol\u00edticos Veracruz"},"image":{"@id":"https:\/\/lospoliticosveracruz.com\/#\/schema\/logo\/image\/"},"sameAs":["https:\/\/www.facebook.com\/people\/Notimemes-de-los-Polticos\/61565672886568\/","https:\/\/x.com\/LosPoliticosVer"]},{"@type":"Person","@id":"https:\/\/lospoliticosveracruz.com\/#\/schema\/person\/b8702bb0e538456e6efd07080bf2a4a2","name":"Lo viste en Los Pol\u00edticos","image":{"@type":"ImageObject","inLanguage":"es","@id":"https:\/\/secure.gravatar.com\/avatar\/3a8de04a2656d44082be478bd6c086daa447c4651605818287b9532d3d0bd435?s=96&d=mm&r=g","url":"https:\/\/secure.gravatar.com\/avatar\/3a8de04a2656d44082be478bd6c086daa447c4651605818287b9532d3d0bd435?s=96&d=mm&r=g","contentUrl":"https:\/\/secure.gravatar.com\/avatar\/3a8de04a2656d44082be478bd6c086daa447c4651605818287b9532d3d0bd435?s=96&d=mm&r=g","caption":"Lo viste en Los Pol\u00edticos"},"url":"https:\/\/lospoliticosveracruz.com\/?author=2"}]}},"_links":{"self":[{"href":"https:\/\/lospoliticosveracruz.com\/index.php?rest_route=\/wp\/v2\/posts\/148411","targetHints":{"allow":["GET"]}}],"collection":[{"href":"https:\/\/lospoliticosveracruz.com\/index.php?rest_route=\/wp\/v2\/posts"}],"about":[{"href":"https:\/\/lospoliticosveracruz.com\/index.php?rest_route=\/wp\/v2\/types\/post"}],"author":[{"embeddable":true,"href":"https:\/\/lospoliticosveracruz.com\/index.php?rest_route=\/wp\/v2\/users\/2"}],"replies":[{"embeddable":true,"href":"https:\/\/lospoliticosveracruz.com\/index.php?rest_route=%2Fwp%2Fv2%2Fcomments&post=148411"}],"version-history":[{"count":1,"href":"https:\/\/lospoliticosveracruz.com\/index.php?rest_route=\/wp\/v2\/posts\/148411\/revisions"}],"predecessor-version":[{"id":148412,"href":"https:\/\/lospoliticosveracruz.com\/index.php?rest_route=\/wp\/v2\/posts\/148411\/revisions\/148412"}],"wp:featuredmedia":[{"embeddable":true,"href":"https:\/\/lospoliticosveracruz.com\/index.php?rest_route=\/wp\/v2\/media\/141392"}],"wp:attachment":[{"href":"https:\/\/lospoliticosveracruz.com\/index.php?rest_route=%2Fwp%2Fv2%2Fmedia&parent=148411"}],"wp:term":[{"taxonomy":"category","embeddable":true,"href":"https:\/\/lospoliticosveracruz.com\/index.php?rest_route=%2Fwp%2Fv2%2Fcategories&post=148411"},{"taxonomy":"post_tag","embeddable":true,"href":"https:\/\/lospoliticosveracruz.com\/index.php?rest_route=%2Fwp%2Fv2%2Ftags&post=148411"}],"curies":[{"name":"wp","href":"https:\/\/api.w.org\/{rel}","templated":true}]}}